{"id":8384,"date":"2021-05-30T15:47:09","date_gmt":"2021-05-30T15:47:09","guid":{"rendered":"https:\/\/www.africa-press.net\/cotedivoire\/?p=8384"},"modified":"2021-05-30T17:17:17","modified_gmt":"2021-05-30T17:17:17","slug":"en-cote-divoire-les-polemiques-autour-du-format-de-laccueil-de-gbagbo-enflent-papier-dangle","status":"publish","type":"post","link":"https:\/\/www.africa-press.net\/cotedivoire\/politique\/en-cote-divoire-les-polemiques-autour-du-format-de-laccueil-de-gbagbo-enflent-papier-dangle","title":{"rendered":"les pol\u00e9miques autour du format de l\u2019accueil de Gbagbo enflent (PAPIER D\u2019ANGLE)"},"content":{"rendered":"<p><span style=\"color: #ff6600\"><strong><a href=\"https:\/\/www.africa-press.net\/\">Africa-Press<\/a> &#8211; <a href=\"https:\/\/www.africa-press.net\/cotedivoire\">C\u00f4te d&rsquo;Ivoire<\/a>.\u00a0 <\/strong><\/span>Le format de l\u2019accueil du retour en C\u00f4te d\u2019Ivoire de l\u2019ancien pr\u00e9sident ivoirien Laurent Gbagbo divise son parti le Front populaire ivoirien (FPI, opposition) qui lui pr\u00e9pare un accueil triomphal et le pouvoir, le Rassemblement des houphou\u00ebtistes pour la d\u00e9mocratie et la paix (RHDP), plut\u00f4t favorable \u00e0 une arriv\u00e9e discr\u00e8te.<\/p>\n<p>Face \u00e0 la presse, le directeur ex\u00e9cutif du RHDP, Adama Bictogo a estim\u00e9 que ce n\u2019est \u00ab pas le moment d\u2019organiser des c\u00e9r\u00e9monies d\u2019accueil \u00bb de l\u2019ex-Pr\u00e9sident Laurent Gbagbo.<\/p>\n<p>\u00ab Je voudrais que tous ceux qui s\u2019agitent comprennent que ce n\u2019est pas le moment de vouloir organiser des c\u00e9r\u00e9monies d\u2019accueil sinon vous aurez aussi en face des gens qui vont organiser des c\u00e9r\u00e9monies de deuil \u00bb, a d\u00e9clar\u00e9 M. Bictogo, apr\u00e8s une r\u00e9union de son parti.<\/p>\n<p>Pour Adama Bictogo, le RHDP \u00e9tant contre un accueil populaire du retour de Laurent Gbagbo, n\u2019en fait pas \u00ab un \u00e9v\u00e9nement \u00bb.<\/p>\n<p>\u00ab Nous consid\u00e9rons que le pr\u00e9sident Laurent Gbagbo rentre chez lui, comme chaque Ivoirien rentre chez lui, comme le pr\u00e9sident Alassane est rentr\u00e9 chez lui en 2003, dans le respect de tous les Ivoiriens, et dans le respect des \u00e9v\u00e8nements que nous avons v\u00e9cus \u00bb, a-t-il ajout\u00e9.<\/p>\n<p>R\u00e9agissant \u00e0 un article du site Africa Intelligence, affirmant que l\u2019ancien pr\u00e9sident rentrerait fin juin en C\u00f4te d\u2019Ivoire en \u00ab catimini \u00bb, la frange du FPI dirig\u00e9e par Assoa Adou a indiqu\u00e9 dans un communiqu\u00e9 jeudi sign\u00e9 de Justin Katinan Kon\u00e9, pr\u00e9sident de la Commission Communication \u00ab qu\u2019il n\u2019en est absolument rien \u00bb.<\/p>\n<p>\u00ab Le comit\u00e9 d\u2019organisation informe que les autorit\u00e9s gouvernementales et les personnalit\u00e9s en charge de cette question continuent de discuter des conditions du retour, sans qu\u2019il ait \u00e9t\u00e9 \u00e9voqu\u00e9, \u00e0 aucun moment, le format de l\u2019accueil du pr\u00e9sident Gbagbo \u00bb, a-t-il fait savoir.<\/p>\n<p>Et d\u2019ajouter que \u00ab le comit\u00e9 d\u2019organisation assure quant \u00e0 l\u2019engagement des parties en discussion sur un retour apais\u00e9, s\u00e9curis\u00e9 et joyeux \u00ab .<\/p>\n<p>Vendredi, le gendre de l\u2019ancien pr\u00e9sident, St\u00e9phane Kipr\u00e9, pr\u00e9sident de l\u2019Union des nouvelles g\u00e9n\u00e9rations (UNG, opposition), rentr\u00e9 en C\u00f4te d\u2019Ivoire apr\u00e8s dix ans pass\u00e9s en exil, a souhait\u00e9 \u00ab que personne n\u2019ait peur du retour \u00bb en C\u00f4te d\u2019Ivoire de Laurent Gbagbo qui ne vient pas \u00ab dans un esprit revanchard \u00bb.<\/p>\n<p>\u00ab Que personne n\u2019ait peur du retour du pr\u00e9sident Laurent Gbagbo en C\u00f4te d\u2019Ivoire, que personne ne pense qu\u2019il vient dans un esprit revanchard, il vient juste apporter sa contribution \u00bb, a affirm\u00e9 M. Kipr\u00e9, \u00e0 une c\u00e9r\u00e9monie d\u2019accueil organis\u00e9e par son parti dans un H\u00f4tel \u00e0 Cocody (quartier chic \u00e0 l\u2019est d\u2019Abidjan).<\/p>\n<p>Laurent Gbagbo et son ancien ministre de la Jeunesse Bl\u00e9 Goud\u00e9, transf\u00e9r\u00e9s \u00e0 la Cour p\u00e9nale internationale (CPI) suite \u00e0 la crise post\u00e9lectorale de 2010 ayant fait plus de 3.000 morts, ont \u00e9t\u00e9 acquitt\u00e9s le 31 mars 2021 par la Chambre d\u2019appel de ladite cour s\u2019alignant sur la d\u00e9cision de justice rendue en premi\u00e8re instance, en janvier 2019.<\/p>\n<p>Le pr\u00e9sident ivoirien Alassane Ouattara, a annonc\u00e9 que Laurent Gbagbo et Charles Bl\u00e9 Goud\u00e9, sont \u00ab libres de rentrer dans leur pays, quand ils le souhaitent \u00bb, pr\u00e9cisant que \u00bb les frais de transport \u00bb de l\u2019ancien pr\u00e9sident \u00ab ainsi que ceux des membres de sa famille seront pris en charge par l\u2019Etat. \u00bb<\/p>\n<p>Pour le pr\u00e9sident du collectif des victimes en C\u00f4te d\u2019Ivoire (CVCI), Issiaka Diaby, la place de l\u2019ancien chef de l\u2019Etat est \u00e0 \u00ab la Maison d\u2019arr\u00eat et de correction d\u2019Abidjan (MACA) \u00bb, la plus grande prison d\u2019Abidjan.<\/p>\n<p>\u00ab Il n\u2019est pas question que Laurent Gbagbo b\u00e9n\u00e9ficie des traitements li\u00e9s \u00e0 sa qualit\u00e9 d\u2019ancien chef d\u2019Etat. Pour nous c\u2019est un criminel, il doit \u00eatre trait\u00e9 en tant que tel, donc sa place est \u00e0 la MACA \u00bb, a ajout\u00e9 M. Diaby avant de poursuivre: \u00ab Gbagbo n\u2019est pas une solution \u00e0 la r\u00e9conciliation mais un probl\u00e8me \u00e0 la r\u00e9conciliation \u00bb.<\/p>\n<p>\u00ab Laurent Gbagbo d\u00e8s lors qu\u2019il va mettre son pied en C\u00f4te d\u2019Ivoire, on le consid\u00e8re comme un criminel qui a braqu\u00e9 une banque et la condamnation doit \u00eatre ex\u00e9cut\u00e9e y compris Charles bl\u00e9 Goud\u00e9 \u00bb, a affirm\u00e9 Issiaka Diaby devant une cinquantaine de manifestants en face du palais de justice de Plateau.<\/p>\n<p>Et d\u2019ajouter que \u00ab le comit\u00e9 d\u2019organisation assure quant \u00e0 l\u2019engagement des parties en discussion sur un retour apais\u00e9, s\u00e9curis\u00e9 et joyeux \u00ab .<\/p>\n<p>Vendredi, le gendre de l\u2019ancien pr\u00e9sident, St\u00e9phane Kipr\u00e9, pr\u00e9sident de l\u2019Union des nouvelles g\u00e9n\u00e9rations (UNG, opposition), rentr\u00e9 en C\u00f4te d\u2019Ivoire apr\u00e8s dix ans pass\u00e9s en exil, a souhait\u00e9 \u00ab que personne n\u2019ait peur du retour \u00bb en C\u00f4te d\u2019Ivoire de Laurent Gbagbo qui ne vient pas \u00ab dans un esprit revanchard \u00bb.<\/p>\n<p>\u00ab Que personne n\u2019ait peur du retour du pr\u00e9sident Laurent Gbagbo en C\u00f4te d\u2019Ivoire, que personne ne pense qu\u2019il vient dans un esprit revanchard, il vient juste apporter sa contribution \u00bb, a affirm\u00e9 M. Kipr\u00e9, \u00e0 une c\u00e9r\u00e9monie d\u2019accueil organis\u00e9e par son parti dans un H\u00f4tel \u00e0 Cocody (quartier chic \u00e0 l\u2019est d\u2019Abidjan).<\/p>\n<p>Laurent Gbagbo et son ancien ministre de la Jeunesse Bl\u00e9 Goud\u00e9, transf\u00e9r\u00e9s \u00e0 la Cour p\u00e9nale international (CPI) suite \u00e0 la crise post\u00e9lectorale de 2010 ayant fait plus de 3.000 morts, ont \u00e9t\u00e9 acquitt\u00e9s le 31 mars 2021 par la Chambre d\u2019appel de ladite cour s\u2019alignant sur la d\u00e9cision de justice rendue en premi\u00e8re instance, en janvier 2019.<\/p>\n<p>Le pr\u00e9sident ivoirien Alassane Ouattara, a annonc\u00e9 que Laurent Gbagbo et Charles Bl\u00e9 Goud\u00e9, sont \u00ab libres de rentrer dans leur pays, quand ils le souhaitent \u00bb, pr\u00e9cisant que \u00bb les frais de transport \u00bb de l\u2019ancien pr\u00e9sident \u00ab ainsi que ceux des membres de sa famille seront pris en charge par l\u2019Etat. \u00bb<\/p>\n<p>Pour le pr\u00e9sident du collectif des victimes en C\u00f4te d\u2019Ivoire (CVCI), Issiaka Diaby, la place de l\u2019ancien chef de l\u2019Etat est \u00e0 \u00ab la Maison d\u2019arr\u00eat et de correction d\u2019Abidjan (MACA) \u00bb, la plus grande prison d\u2019Abidjan.<\/p>\n<p>\u00ab Il n\u2019est pas question que Laurent Gbagbo b\u00e9n\u00e9ficie des traitements li\u00e9s \u00e0 sa qualit\u00e9 d\u2019ancien chef d\u2019Etat. Pour nous, c\u2019est un criminel, il doit \u00eatre trait\u00e9 en tant que tel, donc sa place est \u00e0 la MACA \u00bb, a ajout\u00e9 M. Diaby avant de poursuivre: \u00ab Gbagbo n\u2019est pas une solution \u00e0 la r\u00e9conciliation, mais un probl\u00e8me \u00e0 la r\u00e9conciliation \u00bb.<\/p>\n<p>\u00ab Laurent Gbagbo d\u00e8s lors qu\u2019il va mettre son pied en C\u00f4te d\u2019Ivoire, on le consid\u00e8re comme un criminel qui a braqu\u00e9 une banque et la condamnation doit \u00eatre ex\u00e9cut\u00e9e y compris Charles bl\u00e9 Goud\u00e9 \u00bb, a affirm\u00e9 Issiaka Diaby devant une cinquantaine de manifestants en face du palais de justice de Plateau.<\/p>\n<p>&nbsp;<\/p>\n","protected":false},"excerpt":{"rendered":"<p>Africa-Press &#8211; C\u00f4te d&rsquo;Ivoire.\u00a0 Le format de l\u2019accueil du retour en C\u00f4te d\u2019Ivoire de l\u2019ancien pr\u00e9sident ivoirien Laurent Gbagbo divise son parti le Front populaire ivoirien (FPI, opposition) qui lui pr\u00e9pare un accueil triomphal et le pouvoir, le Rassemblement des houphou\u00ebtistes pour la d\u00e9mocratie et la paix (RHDP), plut\u00f4t favorable \u00e0 une arriv\u00e9e discr\u00e8te. Face [&hellip;]<\/p>\n","protected":false},"author":82,"featured_media":8383,"comment_status":"open","ping_status":"closed","sticky":false,"template":"","format":"standard","meta":{"footnotes":""},"categories":[11,2,20,10],"tags":[56,63,29],"class_list":["post-8384","post","type-post","status-publish","format-standard","has-post-thumbnail","hentry","category-homepage-french","category-politique","category-top-nouvelles","category-toutes-les-actualites","tag-africa-press","tag-africa-press-cote-divoire","tag-cote-divoire"],"yoast_head":"<!-- This site is optimized with the Yoast SEO Premium plugin v26.1 (Yoast SEO v27.0) - https:\/\/yoast.com\/product\/yoast-seo-premium-wordpress\/ -->\n<title>les pol\u00e9miques autour du format de l\u2019accueil de Gbagbo enflent (PAPIER D\u2019ANGLE) - C\u00f4te d&#039;Ivoire<\/title>\n<meta name=\"description\" content=\"Djamal AKINBOLALe format de l\u2019accueil du retour en C\u00f4te d\u2019Ivoire de l\u2019ancien pr\u00e9sident ivoirien Laurent Gbagbo divise s ...\" \/>\n<meta name=\"robots\" content=\"index, follow, max-snippet:-1, max-image-preview:large, max-video-preview:-1\" \/>\n<link rel=\"canonical\" href=\"https:\/\/www.africa-press.net\/cotedivoire\/politique\/en-cote-divoire-les-polemiques-autour-du-format-de-laccueil-de-gbagbo-enflent-papier-dangle\" \/>\n<meta property=\"og:locale\" content=\"fr_FR\" \/>\n<meta property=\"og:type\" content=\"article\" \/>\n<meta property=\"og:title\" content=\"les pol\u00e9miques autour du format de l\u2019accueil de Gbagbo enflent (PAPIER D\u2019ANGLE)\" \/>\n<meta property=\"og:description\" content=\"Djamal AKINBOLALe format de l\u2019accueil du retour en C\u00f4te d\u2019Ivoire de l\u2019ancien pr\u00e9sident ivoirien Laurent Gbagbo divise s ...\" \/>\n<meta property=\"og:url\" content=\"https:\/\/www.africa-press.net\/cotedivoire\/politique\/en-cote-divoire-les-polemiques-autour-du-format-de-laccueil-de-gbagbo-enflent-papier-dangle\" \/>\n<meta property=\"og:site_name\" content=\"C\u00f4te d&#039;Ivoire\" \/>\n<meta property=\"article:published_time\" content=\"2021-05-30T15:47:09+00:00\" \/>\n<meta property=\"article:modified_time\" content=\"2021-05-30T17:17:17+00:00\" \/>\n<meta property=\"og:image\" content=\"https:\/\/static.africa-press.net\/cote\/sites\/43\/2021\/05\/img-60b3a77c661f3.jpg\" \/>\n\t<meta property=\"og:image:width\" content=\"720\" \/>\n\t<meta property=\"og:image:height\" content=\"498\" \/>\n\t<meta property=\"og:image:type\" content=\"image\/jpeg\" \/>\n<meta name=\"author\" content=\"cfeditorfr\" \/>\n<meta name=\"twitter:card\" content=\"summary_large_image\" \/>\n<meta name=\"twitter:label1\" content=\"\u00c9crit par\" \/>\n\t<meta name=\"twitter:data1\" content=\"cfeditorfr\" \/>\n\t<meta name=\"twitter:label2\" content=\"Dur\u00e9e de lecture estim\u00e9e\" \/>\n\t<meta name=\"twitter:data2\" content=\"5 minutes\" \/>\n<script type=\"application\/ld+json\" class=\"yoast-schema-graph\">{\"@context\":\"https:\/\/schema.org\",\"@graph\":[{\"@type\":\"Article\",\"@id\":\"https:\/\/www.africa-press.net\/cotedivoire\/politique\/en-cote-divoire-les-polemiques-autour-du-format-de-laccueil-de-gbagbo-enflent-papier-dangle#article\",\"isPartOf\":{\"@id\":\"https:\/\/www.africa-press.net\/cotedivoire\/politique\/en-cote-divoire-les-polemiques-autour-du-format-de-laccueil-de-gbagbo-enflent-papier-dangle\"},\"author\":{\"name\":\"cfeditorfr\",\"@id\":\"https:\/\/www.africa-press.net\/cotedivoire\/#\/schema\/person\/2b1cf3cd81a31e3cd26889ca66d677f1\"},\"headline\":\"les pol\u00e9miques autour du format de l\u2019accueil de Gbagbo enflent (PAPIER D\u2019ANGLE)\",\"datePublished\":\"2021-05-30T15:47:09+00:00\",\"dateModified\":\"2021-05-30T17:17:17+00:00\",\"mainEntityOfPage\":{\"@id\":\"https:\/\/www.africa-press.net\/cotedivoire\/politique\/en-cote-divoire-les-polemiques-autour-du-format-de-laccueil-de-gbagbo-enflent-papier-dangle\"},\"wordCount\":1195,\"commentCount\":0,\"image\":{\"@id\":\"https:\/\/www.africa-press.net\/cotedivoire\/politique\/en-cote-divoire-les-polemiques-autour-du-format-de-laccueil-de-gbagbo-enflent-papier-dangle#primaryimage\"},\"thumbnailUrl\":\"https:\/\/static.africa-press.net\/cote\/sites\/43\/2021\/05\/img-60b3a77c661f3.jpg\",\"keywords\":[\"Africa Press\",\"Africa Press-C\u00f4te d'Ivoire\",\"C\u00d4TE D'IVOIRE\"],\"articleSection\":[\"homepage-french\",\"Politique\",\"Top Nouvelles\",\"Toutes les actualit\u00e9s\"],\"inLanguage\":\"fr-FR\",\"potentialAction\":[{\"@type\":\"CommentAction\",\"name\":\"Comment\",\"target\":[\"https:\/\/www.africa-press.net\/cotedivoire\/politique\/en-cote-divoire-les-polemiques-autour-du-format-de-laccueil-de-gbagbo-enflent-papier-dangle#respond\"]}]},{\"@type\":\"WebPage\",\"@id\":\"https:\/\/www.africa-press.net\/cotedivoire\/politique\/en-cote-divoire-les-polemiques-autour-du-format-de-laccueil-de-gbagbo-enflent-papier-dangle\",\"url\":\"https:\/\/www.africa-press.net\/cotedivoire\/politique\/en-cote-divoire-les-polemiques-autour-du-format-de-laccueil-de-gbagbo-enflent-papier-dangle\",\"name\":\"les pol\u00e9miques autour du format de l\u2019accueil de Gbagbo enflent (PAPIER D\u2019ANGLE) - C\u00f4te d&#039;Ivoire\",\"isPartOf\":{\"@id\":\"https:\/\/www.africa-press.net\/cotedivoire\/#website\"},\"primaryImageOfPage\":{\"@id\":\"https:\/\/www.africa-press.net\/cotedivoire\/politique\/en-cote-divoire-les-polemiques-autour-du-format-de-laccueil-de-gbagbo-enflent-papier-dangle#primaryimage\"},\"image\":{\"@id\":\"https:\/\/www.africa-press.net\/cotedivoire\/politique\/en-cote-divoire-les-polemiques-autour-du-format-de-laccueil-de-gbagbo-enflent-papier-dangle#primaryimage\"},\"thumbnailUrl\":\"https:\/\/static.africa-press.net\/cote\/sites\/43\/2021\/05\/img-60b3a77c661f3.jpg\",\"datePublished\":\"2021-05-30T15:47:09+00:00\",\"dateModified\":\"2021-05-30T17:17:17+00:00\",\"author\":{\"@id\":\"https:\/\/www.africa-press.net\/cotedivoire\/#\/schema\/person\/2b1cf3cd81a31e3cd26889ca66d677f1\"},\"description\":\"Djamal AKINBOLALe format de l\u2019accueil du retour en C\u00f4te d\u2019Ivoire de l\u2019ancien pr\u00e9sident ivoirien Laurent Gbagbo divise s ...\",\"breadcrumb\":{\"@id\":\"https:\/\/www.africa-press.net\/cotedivoire\/politique\/en-cote-divoire-les-polemiques-autour-du-format-de-laccueil-de-gbagbo-enflent-papier-dangle#breadcrumb\"},\"inLanguage\":\"fr-FR\",\"potentialAction\":[{\"@type\":\"ReadAction\",\"target\":[\"https:\/\/www.africa-press.net\/cotedivoire\/politique\/en-cote-divoire-les-polemiques-autour-du-format-de-laccueil-de-gbagbo-enflent-papier-dangle\"]}]},{\"@type\":\"ImageObject\",\"inLanguage\":\"fr-FR\",\"@id\":\"https:\/\/www.africa-press.net\/cotedivoire\/politique\/en-cote-divoire-les-polemiques-autour-du-format-de-laccueil-de-gbagbo-enflent-papier-dangle#primaryimage\",\"url\":\"https:\/\/static.africa-press.net\/cote\/sites\/43\/2021\/05\/img-60b3a77c661f3.jpg\",\"contentUrl\":\"https:\/\/static.africa-press.net\/cote\/sites\/43\/2021\/05\/img-60b3a77c661f3.jpg\",\"width\":720,\"height\":498,\"caption\":\"En C\u00f4te-d\u2019Ivoire, les pol\u00e9miques autour du format de l\u2019accueil de Gbagbo enflent (PAPIER D\u2019ANGLE)\"},{\"@type\":\"BreadcrumbList\",\"@id\":\"https:\/\/www.africa-press.net\/cotedivoire\/politique\/en-cote-divoire-les-polemiques-autour-du-format-de-laccueil-de-gbagbo-enflent-papier-dangle#breadcrumb\",\"itemListElement\":[{\"@type\":\"ListItem\",\"position\":1,\"name\":\"Accueil\",\"item\":\"https:\/\/www.africa-press.net\/cotedivoire\/\"},{\"@type\":\"ListItem\",\"position\":2,\"name\":\"les pol\u00e9miques autour du format de l\u2019accueil de Gbagbo enflent (PAPIER D\u2019ANGLE)\"}]},{\"@type\":\"WebSite\",\"@id\":\"https:\/\/www.africa-press.net\/cotedivoire\/#website\",\"url\":\"https:\/\/www.africa-press.net\/cotedivoire\/\",\"name\":\"C\u00f4te d&#039;Ivoire\",\"description\":\"Just another Africa News Agency Sites site\",\"potentialAction\":[{\"@type\":\"SearchAction\",\"target\":{\"@type\":\"EntryPoint\",\"urlTemplate\":\"https:\/\/www.africa-press.net\/cotedivoire\/?s={search_term_string}\"},\"query-input\":{\"@type\":\"PropertyValueSpecification\",\"valueRequired\":true,\"valueName\":\"search_term_string\"}}],\"inLanguage\":\"fr-FR\"},{\"@type\":\"Person\",\"@id\":\"https:\/\/www.africa-press.net\/cotedivoire\/#\/schema\/person\/2b1cf3cd81a31e3cd26889ca66d677f1\",\"name\":\"cfeditorfr\"}]}<\/script>\n<!-- \/ Yoast SEO Premium plugin. -->","yoast_head_json":{"title":"les pol\u00e9miques autour du format de l\u2019accueil de Gbagbo enflent (PAPIER D\u2019ANGLE) - C\u00f4te d&#039;Ivoire","description":"Djamal AKINBOLALe format de l\u2019accueil du retour en C\u00f4te d\u2019Ivoire de l\u2019ancien pr\u00e9sident ivoirien Laurent Gbagbo divise s ...","robots":{"index":"index","follow":"follow","max-snippet":"max-snippet:-1","max-image-preview":"max-image-preview:large","max-video-preview":"max-video-preview:-1"},"canonical":"https:\/\/www.africa-press.net\/cotedivoire\/politique\/en-cote-divoire-les-polemiques-autour-du-format-de-laccueil-de-gbagbo-enflent-papier-dangle","og_locale":"fr_FR","og_type":"article","og_title":"les pol\u00e9miques autour du format de l\u2019accueil de Gbagbo enflent (PAPIER D\u2019ANGLE)","og_description":"Djamal AKINBOLALe format de l\u2019accueil du retour en C\u00f4te d\u2019Ivoire de l\u2019ancien pr\u00e9sident ivoirien Laurent Gbagbo divise s ...","og_url":"https:\/\/www.africa-press.net\/cotedivoire\/politique\/en-cote-divoire-les-polemiques-autour-du-format-de-laccueil-de-gbagbo-enflent-papier-dangle","og_site_name":"C\u00f4te d&#039;Ivoire","article_published_time":"2021-05-30T15:47:09+00:00","article_modified_time":"2021-05-30T17:17:17+00:00","og_image":[{"width":720,"height":498,"url":"https:\/\/static.africa-press.net\/cote\/sites\/43\/2021\/05\/img-60b3a77c661f3.jpg","type":"image\/jpeg"}],"author":"cfeditorfr","twitter_card":"summary_large_image","twitter_misc":{"\u00c9crit par":"cfeditorfr","Dur\u00e9e de lecture estim\u00e9e":"5 minutes"},"schema":{"@context":"https:\/\/schema.org","@graph":[{"@type":"Article","@id":"https:\/\/www.africa-press.net\/cotedivoire\/politique\/en-cote-divoire-les-polemiques-autour-du-format-de-laccueil-de-gbagbo-enflent-papier-dangle#article","isPartOf":{"@id":"https:\/\/www.africa-press.net\/cotedivoire\/politique\/en-cote-divoire-les-polemiques-autour-du-format-de-laccueil-de-gbagbo-enflent-papier-dangle"},"author":{"name":"cfeditorfr","@id":"https:\/\/www.africa-press.net\/cotedivoire\/#\/schema\/person\/2b1cf3cd81a31e3cd26889ca66d677f1"},"headline":"les pol\u00e9miques autour du format de l\u2019accueil de Gbagbo enflent (PAPIER D\u2019ANGLE)","datePublished":"2021-05-30T15:47:09+00:00","dateModified":"2021-05-30T17:17:17+00:00","mainEntityOfPage":{"@id":"https:\/\/www.africa-press.net\/cotedivoire\/politique\/en-cote-divoire-les-polemiques-autour-du-format-de-laccueil-de-gbagbo-enflent-papier-dangle"},"wordCount":1195,"commentCount":0,"image":{"@id":"https:\/\/www.africa-press.net\/cotedivoire\/politique\/en-cote-divoire-les-polemiques-autour-du-format-de-laccueil-de-gbagbo-enflent-papier-dangle#primaryimage"},"thumbnailUrl":"https:\/\/static.africa-press.net\/cote\/sites\/43\/2021\/05\/img-60b3a77c661f3.jpg","keywords":["Africa Press","Africa Press-C\u00f4te d'Ivoire","C\u00d4TE D'IVOIRE"],"articleSection":["homepage-french","Politique","Top Nouvelles","Toutes les actualit\u00e9s"],"inLanguage":"fr-FR","potentialAction":[{"@type":"CommentAction","name":"Comment","target":["https:\/\/www.africa-press.net\/cotedivoire\/politique\/en-cote-divoire-les-polemiques-autour-du-format-de-laccueil-de-gbagbo-enflent-papier-dangle#respond"]}]},{"@type":"WebPage","@id":"https:\/\/www.africa-press.net\/cotedivoire\/politique\/en-cote-divoire-les-polemiques-autour-du-format-de-laccueil-de-gbagbo-enflent-papier-dangle","url":"https:\/\/www.africa-press.net\/cotedivoire\/politique\/en-cote-divoire-les-polemiques-autour-du-format-de-laccueil-de-gbagbo-enflent-papier-dangle","name":"les pol\u00e9miques autour du format de l\u2019accueil de Gbagbo enflent (PAPIER D\u2019ANGLE) - C\u00f4te d&#039;Ivoire","isPartOf":{"@id":"https:\/\/www.africa-press.net\/cotedivoire\/#website"},"primaryImageOfPage":{"@id":"https:\/\/www.africa-press.net\/cotedivoire\/politique\/en-cote-divoire-les-polemiques-autour-du-format-de-laccueil-de-gbagbo-enflent-papier-dangle#primaryimage"},"image":{"@id":"https:\/\/www.africa-press.net\/cotedivoire\/politique\/en-cote-divoire-les-polemiques-autour-du-format-de-laccueil-de-gbagbo-enflent-papier-dangle#primaryimage"},"thumbnailUrl":"https:\/\/static.africa-press.net\/cote\/sites\/43\/2021\/05\/img-60b3a77c661f3.jpg","datePublished":"2021-05-30T15:47:09+00:00","dateModified":"2021-05-30T17:17:17+00:00","author":{"@id":"https:\/\/www.africa-press.net\/cotedivoire\/#\/schema\/person\/2b1cf3cd81a31e3cd26889ca66d677f1"},"description":"Djamal AKINBOLALe format de l\u2019accueil du retour en C\u00f4te d\u2019Ivoire de l\u2019ancien pr\u00e9sident ivoirien Laurent Gbagbo divise s ...","breadcrumb":{"@id":"https:\/\/www.africa-press.net\/cotedivoire\/politique\/en-cote-divoire-les-polemiques-autour-du-format-de-laccueil-de-gbagbo-enflent-papier-dangle#breadcrumb"},"inLanguage":"fr-FR","potentialAction":[{"@type":"ReadAction","target":["https:\/\/www.africa-press.net\/cotedivoire\/politique\/en-cote-divoire-les-polemiques-autour-du-format-de-laccueil-de-gbagbo-enflent-papier-dangle"]}]},{"@type":"ImageObject","inLanguage":"fr-FR","@id":"https:\/\/www.africa-press.net\/cotedivoire\/politique\/en-cote-divoire-les-polemiques-autour-du-format-de-laccueil-de-gbagbo-enflent-papier-dangle#primaryimage","url":"https:\/\/static.africa-press.net\/cote\/sites\/43\/2021\/05\/img-60b3a77c661f3.jpg","contentUrl":"https:\/\/static.africa-press.net\/cote\/sites\/43\/2021\/05\/img-60b3a77c661f3.jpg","width":720,"height":498,"caption":"En C\u00f4te-d\u2019Ivoire, les pol\u00e9miques autour du format de l\u2019accueil de Gbagbo enflent (PAPIER D\u2019ANGLE)"},{"@type":"BreadcrumbList","@id":"https:\/\/www.africa-press.net\/cotedivoire\/politique\/en-cote-divoire-les-polemiques-autour-du-format-de-laccueil-de-gbagbo-enflent-papier-dangle#breadcrumb","itemListElement":[{"@type":"ListItem","position":1,"name":"Accueil","item":"https:\/\/www.africa-press.net\/cotedivoire\/"},{"@type":"ListItem","position":2,"name":"les pol\u00e9miques autour du format de l\u2019accueil de Gbagbo enflent (PAPIER D\u2019ANGLE)"}]},{"@type":"WebSite","@id":"https:\/\/www.africa-press.net\/cotedivoire\/#website","url":"https:\/\/www.africa-press.net\/cotedivoire\/","name":"C\u00f4te d&#039;Ivoire","description":"Just another Africa News Agency Sites site","potentialAction":[{"@type":"SearchAction","target":{"@type":"EntryPoint","urlTemplate":"https:\/\/www.africa-press.net\/cotedivoire\/?s={search_term_string}"},"query-input":{"@type":"PropertyValueSpecification","valueRequired":true,"valueName":"search_term_string"}}],"inLanguage":"fr-FR"},{"@type":"Person","@id":"https:\/\/www.africa-press.net\/cotedivoire\/#\/schema\/person\/2b1cf3cd81a31e3cd26889ca66d677f1","name":"cfeditorfr"}]}},"_links":{"self":[{"href":"https:\/\/www.africa-press.net\/cotedivoire\/wp-json\/wp\/v2\/posts\/8384","targetHints":{"allow":["GET"]}}],"collection":[{"href":"https:\/\/www.africa-press.net\/cotedivoire\/wp-json\/wp\/v2\/posts"}],"about":[{"href":"https:\/\/www.africa-press.net\/cotedivoire\/wp-json\/wp\/v2\/types\/post"}],"author":[{"embeddable":true,"href":"https:\/\/www.africa-press.net\/cotedivoire\/wp-json\/wp\/v2\/users\/82"}],"replies":[{"embeddable":true,"href":"https:\/\/www.africa-press.net\/cotedivoire\/wp-json\/wp\/v2\/comments?post=8384"}],"version-history":[{"count":0,"href":"https:\/\/www.africa-press.net\/cotedivoire\/wp-json\/wp\/v2\/posts\/8384\/revisions"}],"wp:featuredmedia":[{"embeddable":true,"href":"https:\/\/www.africa-press.net\/cotedivoire\/wp-json\/wp\/v2\/media\/8383"}],"wp:attachment":[{"href":"https:\/\/www.africa-press.net\/cotedivoire\/wp-json\/wp\/v2\/media?parent=8384"}],"wp:term":[{"taxonomy":"category","embeddable":true,"href":"https:\/\/www.africa-press.net\/cotedivoire\/wp-json\/wp\/v2\/categories?post=8384"},{"taxonomy":"post_tag","embeddable":true,"href":"https:\/\/www.africa-press.net\/cotedivoire\/wp-json\/wp\/v2\/tags?post=8384"}],"curies":[{"name":"wp","href":"https:\/\/api.w.org\/{rel}","templated":true}]}}