{"id":83848,"date":"2024-07-16T17:29:24","date_gmt":"2024-07-16T17:29:24","guid":{"rendered":"https:\/\/www.africa-press.net\/cotedivoire\/politique\/le-football-ivoirien-en-deuil-deces-de-sharaf-aboubacar-ancien-arbitre-international"},"modified":"2024-07-16T17:56:24","modified_gmt":"2024-07-16T17:56:24","slug":"le-football-ivoirien-en-deuil-deces-de-sharaf-aboubacar-ancien-arbitre-international","status":"publish","type":"post","link":"https:\/\/www.africa-press.net\/cotedivoire\/sports\/le-football-ivoirien-en-deuil-deces-de-sharaf-aboubacar-ancien-arbitre-international","title":{"rendered":"Le football ivoirien en deuil, d\u00e9c\u00e8s de Sharaf Aboubacar, ancien arbitre international"},"content":{"rendered":"<p><span style=\"color: #ff6600\"><strong>Africa-Press &#8211; C\u00f4te d&rsquo;Ivoire. <\/strong><\/span>Le monde du football ivoirien est plonge\u0301 dans une profonde tristesse suite a\u0300 l&rsquo;annonce du de\u0301ce\u0300s de Sharaf Aboubacar, ancien arbitre international et membre respecte\u0301 de la Commission Centrale des Arbitres (CCA) de la Fe\u0301de\u0301ration Ivoirienne de Football (FIF).<\/p>\n<p>Cette figure emble\u0301matique du sport roi en Co\u0302te d&rsquo;Ivoire s&rsquo;est e\u0301teinte, a-t-on appris de ses proches le dimanche 14 juillet 2024.<\/p>\n<p>Sharaf Aboubacar, connu pour son inte\u0301grite\u0301 et sa passion pour le football, s&rsquo;est distingue\u0301 par sa rigueur et son sens de l&rsquo;e\u0301quite\u0301, ce qui lui a valu d&rsquo;e\u0302tre promu au niveau international.<\/p>\n<p>En tant qu&rsquo;arbitre FIFA, il a officie\u0301 de nombreux matchs de haut niveau, tant sur le plan continental qu&rsquo;international, repre\u0301sentant fie\u0300rement la Co\u0302te d&rsquo;Ivoire sur les terrains du monde entier.<\/p>\n<p>Au-dela\u0300 de sa carrie\u0300re sur le terrain, Sharaf Aboubacar a joue\u0301 un ro\u0302le crucial au sein de la Commission Centrale des Arbitres de la FIF. Son expertise et son expe\u0301rience ont e\u0301te\u0301 essentielles dans la formation et la supervision des jeunes arbitres, contribuant ainsi a\u0300 l&rsquo;ame\u0301lioration constante de l&rsquo;arbitrage en Co\u0302te d&rsquo;Ivoire. Son engagement envers le de\u0301veloppement du football local e\u0301tait ine\u0301branlable, et il e\u0301tait respecte\u0301 tant par ses pairs que par les joueurs et les supporters.<\/p>\n<p><strong>Pour plus d&rsquo;informations et d&rsquo;analyses sur la C\u00f4te d&rsquo;Ivoire, suivez Africa-Press<\/strong><\/p>\n","protected":false},"excerpt":{"rendered":"<p>Africa-Press &#8211; C\u00f4te d&rsquo;Ivoire. Le monde du football ivoirien est plonge\u0301 dans une profonde tristesse suite a\u0300 l&rsquo;annonce du de\u0301ce\u0300s de Sharaf Aboubacar, ancien arbitre international et membre respecte\u0301 de la Commission Centrale des Arbitres (CCA) de la Fe\u0301de\u0301ration Ivoirienne de Football (FIF). Cette figure emble\u0301matique du sport roi en Co\u0302te d&rsquo;Ivoire s&rsquo;est e\u0301teinte, a-t-on [&hellip;]<\/p>\n","protected":false},"author":82,"featured_media":83847,"comment_status":"open","ping_status":"closed","sticky":false,"template":"","format":"standard","meta":{"footnotes":""},"categories":[6,10],"tags":[14170,14169,29,859,65,14168,6877],"class_list":["post-83848","post","type-post","status-publish","format-standard","has-post-thumbnail","hentry","category-sports","category-toutes-les-actualites","tag-aboubacar","tag-arbitre","tag-cote-divoire","tag-fif","tag-football","tag-sharaf","tag-supporter"],"yoast_head":"<!-- This site is optimized with the Yoast SEO Premium plugin v26.1 (Yoast SEO v27.0) - https:\/\/yoast.com\/product\/yoast-seo-premium-wordpress\/ -->\n<title>Le football ivoirien en deuil, d\u00e9c\u00e8s de Sharaf Aboubacar, ancien arbitre international - C\u00f4te d&#039;Ivoire<\/title>\n<meta name=\"description\" content=\"Le monde du football ivoirien est plonge\u0301 dans une profonde tristesse suite a\u0300 l&#039;annonce du de\u0301ce\u0300s de Sharaf Aboubacar, ...\" \/>\n<meta name=\"robots\" content=\"index, follow, max-snippet:-1, max-image-preview:large, max-video-preview:-1\" \/>\n<link rel=\"canonical\" href=\"https:\/\/www.africa-press.net\/cotedivoire\/sports\/le-football-ivoirien-en-deuil-deces-de-sharaf-aboubacar-ancien-arbitre-international\" \/>\n<meta property=\"og:locale\" content=\"fr_FR\" \/>\n<meta property=\"og:type\" content=\"article\" \/>\n<meta property=\"og:title\" content=\"Le football ivoirien en deuil, d\u00e9c\u00e8s de Sharaf Aboubacar, ancien arbitre international\" \/>\n<meta property=\"og:description\" content=\"Le monde du football ivoirien est plonge\u0301 dans une profonde tristesse suite a\u0300 l&#039;annonce du de\u0301ce\u0300s de Sharaf Aboubacar, ...\" \/>\n<meta property=\"og:url\" content=\"https:\/\/www.africa-press.net\/cotedivoire\/sports\/le-football-ivoirien-en-deuil-deces-de-sharaf-aboubacar-ancien-arbitre-international\" \/>\n<meta property=\"og:site_name\" content=\"C\u00f4te d&#039;Ivoire\" \/>\n<meta property=\"article:published_time\" content=\"2024-07-16T17:29:24+00:00\" \/>\n<meta property=\"article:modified_time\" content=\"2024-07-16T17:56:24+00:00\" \/>\n<meta property=\"og:image\" content=\"https:\/\/static.africa-press.net\/cote\/sites\/43\/2024\/07\/sm_1721139963.116977.jpg\" \/>\n\t<meta property=\"og:image:width\" content=\"720\" \/>\n\t<meta property=\"og:image:height\" content=\"520\" \/>\n\t<meta property=\"og:image:type\" content=\"image\/jpeg\" \/>\n<meta name=\"author\" content=\"cfeditorfr\" \/>\n<meta name=\"twitter:card\" content=\"summary_large_image\" \/>\n<meta name=\"twitter:label1\" content=\"\u00c9crit par\" \/>\n\t<meta name=\"twitter:data1\" content=\"cfeditorfr\" \/>\n\t<meta name=\"twitter:label2\" content=\"Dur\u00e9e de lecture estim\u00e9e\" \/>\n\t<meta name=\"twitter:data2\" content=\"1 minute\" \/>\n<script type=\"application\/ld+json\" class=\"yoast-schema-graph\">{\"@context\":\"https:\/\/schema.org\",\"@graph\":[{\"@type\":\"Article\",\"@id\":\"https:\/\/www.africa-press.net\/cotedivoire\/sports\/le-football-ivoirien-en-deuil-deces-de-sharaf-aboubacar-ancien-arbitre-international#article\",\"isPartOf\":{\"@id\":\"https:\/\/www.africa-press.net\/cotedivoire\/sports\/le-football-ivoirien-en-deuil-deces-de-sharaf-aboubacar-ancien-arbitre-international\"},\"author\":{\"name\":\"cfeditorfr\",\"@id\":\"https:\/\/www.africa-press.net\/cotedivoire\/#\/schema\/person\/2b1cf3cd81a31e3cd26889ca66d677f1\"},\"headline\":\"Le football ivoirien en deuil, d\u00e9c\u00e8s de Sharaf Aboubacar, ancien arbitre international\",\"datePublished\":\"2024-07-16T17:29:24+00:00\",\"dateModified\":\"2024-07-16T17:56:24+00:00\",\"mainEntityOfPage\":{\"@id\":\"https:\/\/www.africa-press.net\/cotedivoire\/sports\/le-football-ivoirien-en-deuil-deces-de-sharaf-aboubacar-ancien-arbitre-international\"},\"wordCount\":267,\"commentCount\":0,\"image\":{\"@id\":\"https:\/\/www.africa-press.net\/cotedivoire\/sports\/le-football-ivoirien-en-deuil-deces-de-sharaf-aboubacar-ancien-arbitre-international#primaryimage\"},\"thumbnailUrl\":\"https:\/\/static.africa-press.net\/cote\/sites\/43\/2024\/07\/sm_1721139963.116977.jpg\",\"keywords\":[\"Aboubacar\",\"arbitre\",\"C\u00d4TE D'IVOIRE\",\"FIF\",\"Football\",\"Sharaf\",\"supporter\"],\"articleSection\":[\"Sports\",\"Toutes les actualit\u00e9s\"],\"inLanguage\":\"fr-FR\",\"potentialAction\":[{\"@type\":\"CommentAction\",\"name\":\"Comment\",\"target\":[\"https:\/\/www.africa-press.net\/cotedivoire\/sports\/le-football-ivoirien-en-deuil-deces-de-sharaf-aboubacar-ancien-arbitre-international#respond\"]}]},{\"@type\":\"WebPage\",\"@id\":\"https:\/\/www.africa-press.net\/cotedivoire\/sports\/le-football-ivoirien-en-deuil-deces-de-sharaf-aboubacar-ancien-arbitre-international\",\"url\":\"https:\/\/www.africa-press.net\/cotedivoire\/sports\/le-football-ivoirien-en-deuil-deces-de-sharaf-aboubacar-ancien-arbitre-international\",\"name\":\"Le football ivoirien en deuil, d\u00e9c\u00e8s de Sharaf Aboubacar, ancien arbitre international - C\u00f4te d&#039;Ivoire\",\"isPartOf\":{\"@id\":\"https:\/\/www.africa-press.net\/cotedivoire\/#website\"},\"primaryImageOfPage\":{\"@id\":\"https:\/\/www.africa-press.net\/cotedivoire\/sports\/le-football-ivoirien-en-deuil-deces-de-sharaf-aboubacar-ancien-arbitre-international#primaryimage\"},\"image\":{\"@id\":\"https:\/\/www.africa-press.net\/cotedivoire\/sports\/le-football-ivoirien-en-deuil-deces-de-sharaf-aboubacar-ancien-arbitre-international#primaryimage\"},\"thumbnailUrl\":\"https:\/\/static.africa-press.net\/cote\/sites\/43\/2024\/07\/sm_1721139963.116977.jpg\",\"datePublished\":\"2024-07-16T17:29:24+00:00\",\"dateModified\":\"2024-07-16T17:56:24+00:00\",\"author\":{\"@id\":\"https:\/\/www.africa-press.net\/cotedivoire\/#\/schema\/person\/2b1cf3cd81a31e3cd26889ca66d677f1\"},\"description\":\"Le monde du football ivoirien est plonge\u0301 dans une profonde tristesse suite a\u0300 l'annonce du de\u0301ce\u0300s de Sharaf Aboubacar, ...\",\"breadcrumb\":{\"@id\":\"https:\/\/www.africa-press.net\/cotedivoire\/sports\/le-football-ivoirien-en-deuil-deces-de-sharaf-aboubacar-ancien-arbitre-international#breadcrumb\"},\"inLanguage\":\"fr-FR\",\"potentialAction\":[{\"@type\":\"ReadAction\",\"target\":[\"https:\/\/www.africa-press.net\/cotedivoire\/sports\/le-football-ivoirien-en-deuil-deces-de-sharaf-aboubacar-ancien-arbitre-international\"]}]},{\"@type\":\"ImageObject\",\"inLanguage\":\"fr-FR\",\"@id\":\"https:\/\/www.africa-press.net\/cotedivoire\/sports\/le-football-ivoirien-en-deuil-deces-de-sharaf-aboubacar-ancien-arbitre-international#primaryimage\",\"url\":\"https:\/\/static.africa-press.net\/cote\/sites\/43\/2024\/07\/sm_1721139963.116977.jpg\",\"contentUrl\":\"https:\/\/static.africa-press.net\/cote\/sites\/43\/2024\/07\/sm_1721139963.116977.jpg\",\"width\":720,\"height\":520,\"caption\":\"Le football ivoirien en deuil, d\u00e9c\u00e8s de Sharaf Aboubacar, ancien arbitre international\"},{\"@type\":\"BreadcrumbList\",\"@id\":\"https:\/\/www.africa-press.net\/cotedivoire\/sports\/le-football-ivoirien-en-deuil-deces-de-sharaf-aboubacar-ancien-arbitre-international#breadcrumb\",\"itemListElement\":[{\"@type\":\"ListItem\",\"position\":1,\"name\":\"Accueil\",\"item\":\"https:\/\/www.africa-press.net\/cotedivoire\/\"},{\"@type\":\"ListItem\",\"position\":2,\"name\":\"Le football ivoirien en deuil, d\u00e9c\u00e8s de Sharaf Aboubacar, ancien arbitre international\"}]},{\"@type\":\"WebSite\",\"@id\":\"https:\/\/www.africa-press.net\/cotedivoire\/#website\",\"url\":\"https:\/\/www.africa-press.net\/cotedivoire\/\",\"name\":\"C\u00f4te d&#039;Ivoire\",\"description\":\"Just another Africa News Agency Sites site\",\"potentialAction\":[{\"@type\":\"SearchAction\",\"target\":{\"@type\":\"EntryPoint\",\"urlTemplate\":\"https:\/\/www.africa-press.net\/cotedivoire\/?s={search_term_string}\"},\"query-input\":{\"@type\":\"PropertyValueSpecification\",\"valueRequired\":true,\"valueName\":\"search_term_string\"}}],\"inLanguage\":\"fr-FR\"},{\"@type\":\"Person\",\"@id\":\"https:\/\/www.africa-press.net\/cotedivoire\/#\/schema\/person\/2b1cf3cd81a31e3cd26889ca66d677f1\",\"name\":\"cfeditorfr\"}]}<\/script>\n<!-- \/ Yoast SEO Premium plugin. -->","yoast_head_json":{"title":"Le football ivoirien en deuil, d\u00e9c\u00e8s de Sharaf Aboubacar, ancien arbitre international - C\u00f4te d&#039;Ivoire","description":"Le monde du football ivoirien est plonge\u0301 dans une profonde tristesse suite a\u0300 l'annonce du de\u0301ce\u0300s de Sharaf Aboubacar, ...","robots":{"index":"index","follow":"follow","max-snippet":"max-snippet:-1","max-image-preview":"max-image-preview:large","max-video-preview":"max-video-preview:-1"},"canonical":"https:\/\/www.africa-press.net\/cotedivoire\/sports\/le-football-ivoirien-en-deuil-deces-de-sharaf-aboubacar-ancien-arbitre-international","og_locale":"fr_FR","og_type":"article","og_title":"Le football ivoirien en deuil, d\u00e9c\u00e8s de Sharaf Aboubacar, ancien arbitre international","og_description":"Le monde du football ivoirien est plonge\u0301 dans une profonde tristesse suite a\u0300 l'annonce du de\u0301ce\u0300s de Sharaf Aboubacar, ...","og_url":"https:\/\/www.africa-press.net\/cotedivoire\/sports\/le-football-ivoirien-en-deuil-deces-de-sharaf-aboubacar-ancien-arbitre-international","og_site_name":"C\u00f4te d&#039;Ivoire","article_published_time":"2024-07-16T17:29:24+00:00","article_modified_time":"2024-07-16T17:56:24+00:00","og_image":[{"width":720,"height":520,"url":"https:\/\/static.africa-press.net\/cote\/sites\/43\/2024\/07\/sm_1721139963.116977.jpg","type":"image\/jpeg"}],"author":"cfeditorfr","twitter_card":"summary_large_image","twitter_misc":{"\u00c9crit par":"cfeditorfr","Dur\u00e9e de lecture estim\u00e9e":"1 minute"},"schema":{"@context":"https:\/\/schema.org","@graph":[{"@type":"Article","@id":"https:\/\/www.africa-press.net\/cotedivoire\/sports\/le-football-ivoirien-en-deuil-deces-de-sharaf-aboubacar-ancien-arbitre-international#article","isPartOf":{"@id":"https:\/\/www.africa-press.net\/cotedivoire\/sports\/le-football-ivoirien-en-deuil-deces-de-sharaf-aboubacar-ancien-arbitre-international"},"author":{"name":"cfeditorfr","@id":"https:\/\/www.africa-press.net\/cotedivoire\/#\/schema\/person\/2b1cf3cd81a31e3cd26889ca66d677f1"},"headline":"Le football ivoirien en deuil, d\u00e9c\u00e8s de Sharaf Aboubacar, ancien arbitre international","datePublished":"2024-07-16T17:29:24+00:00","dateModified":"2024-07-16T17:56:24+00:00","mainEntityOfPage":{"@id":"https:\/\/www.africa-press.net\/cotedivoire\/sports\/le-football-ivoirien-en-deuil-deces-de-sharaf-aboubacar-ancien-arbitre-international"},"wordCount":267,"commentCount":0,"image":{"@id":"https:\/\/www.africa-press.net\/cotedivoire\/sports\/le-football-ivoirien-en-deuil-deces-de-sharaf-aboubacar-ancien-arbitre-international#primaryimage"},"thumbnailUrl":"https:\/\/static.africa-press.net\/cote\/sites\/43\/2024\/07\/sm_1721139963.116977.jpg","keywords":["Aboubacar","arbitre","C\u00d4TE D'IVOIRE","FIF","Football","Sharaf","supporter"],"articleSection":["Sports","Toutes les actualit\u00e9s"],"inLanguage":"fr-FR","potentialAction":[{"@type":"CommentAction","name":"Comment","target":["https:\/\/www.africa-press.net\/cotedivoire\/sports\/le-football-ivoirien-en-deuil-deces-de-sharaf-aboubacar-ancien-arbitre-international#respond"]}]},{"@type":"WebPage","@id":"https:\/\/www.africa-press.net\/cotedivoire\/sports\/le-football-ivoirien-en-deuil-deces-de-sharaf-aboubacar-ancien-arbitre-international","url":"https:\/\/www.africa-press.net\/cotedivoire\/sports\/le-football-ivoirien-en-deuil-deces-de-sharaf-aboubacar-ancien-arbitre-international","name":"Le football ivoirien en deuil, d\u00e9c\u00e8s de Sharaf Aboubacar, ancien arbitre international - C\u00f4te d&#039;Ivoire","isPartOf":{"@id":"https:\/\/www.africa-press.net\/cotedivoire\/#website"},"primaryImageOfPage":{"@id":"https:\/\/www.africa-press.net\/cotedivoire\/sports\/le-football-ivoirien-en-deuil-deces-de-sharaf-aboubacar-ancien-arbitre-international#primaryimage"},"image":{"@id":"https:\/\/www.africa-press.net\/cotedivoire\/sports\/le-football-ivoirien-en-deuil-deces-de-sharaf-aboubacar-ancien-arbitre-international#primaryimage"},"thumbnailUrl":"https:\/\/static.africa-press.net\/cote\/sites\/43\/2024\/07\/sm_1721139963.116977.jpg","datePublished":"2024-07-16T17:29:24+00:00","dateModified":"2024-07-16T17:56:24+00:00","author":{"@id":"https:\/\/www.africa-press.net\/cotedivoire\/#\/schema\/person\/2b1cf3cd81a31e3cd26889ca66d677f1"},"description":"Le monde du football ivoirien est plonge\u0301 dans une profonde tristesse suite a\u0300 l'annonce du de\u0301ce\u0300s de Sharaf Aboubacar, ...","breadcrumb":{"@id":"https:\/\/www.africa-press.net\/cotedivoire\/sports\/le-football-ivoirien-en-deuil-deces-de-sharaf-aboubacar-ancien-arbitre-international#breadcrumb"},"inLanguage":"fr-FR","potentialAction":[{"@type":"ReadAction","target":["https:\/\/www.africa-press.net\/cotedivoire\/sports\/le-football-ivoirien-en-deuil-deces-de-sharaf-aboubacar-ancien-arbitre-international"]}]},{"@type":"ImageObject","inLanguage":"fr-FR","@id":"https:\/\/www.africa-press.net\/cotedivoire\/sports\/le-football-ivoirien-en-deuil-deces-de-sharaf-aboubacar-ancien-arbitre-international#primaryimage","url":"https:\/\/static.africa-press.net\/cote\/sites\/43\/2024\/07\/sm_1721139963.116977.jpg","contentUrl":"https:\/\/static.africa-press.net\/cote\/sites\/43\/2024\/07\/sm_1721139963.116977.jpg","width":720,"height":520,"caption":"Le football ivoirien en deuil, d\u00e9c\u00e8s de Sharaf Aboubacar, ancien arbitre international"},{"@type":"BreadcrumbList","@id":"https:\/\/www.africa-press.net\/cotedivoire\/sports\/le-football-ivoirien-en-deuil-deces-de-sharaf-aboubacar-ancien-arbitre-international#breadcrumb","itemListElement":[{"@type":"ListItem","position":1,"name":"Accueil","item":"https:\/\/www.africa-press.net\/cotedivoire\/"},{"@type":"ListItem","position":2,"name":"Le football ivoirien en deuil, d\u00e9c\u00e8s de Sharaf Aboubacar, ancien arbitre international"}]},{"@type":"WebSite","@id":"https:\/\/www.africa-press.net\/cotedivoire\/#website","url":"https:\/\/www.africa-press.net\/cotedivoire\/","name":"C\u00f4te d&#039;Ivoire","description":"Just another Africa News Agency Sites site","potentialAction":[{"@type":"SearchAction","target":{"@type":"EntryPoint","urlTemplate":"https:\/\/www.africa-press.net\/cotedivoire\/?s={search_term_string}"},"query-input":{"@type":"PropertyValueSpecification","valueRequired":true,"valueName":"search_term_string"}}],"inLanguage":"fr-FR"},{"@type":"Person","@id":"https:\/\/www.africa-press.net\/cotedivoire\/#\/schema\/person\/2b1cf3cd81a31e3cd26889ca66d677f1","name":"cfeditorfr"}]}},"_links":{"self":[{"href":"https:\/\/www.africa-press.net\/cotedivoire\/wp-json\/wp\/v2\/posts\/83848","targetHints":{"allow":["GET"]}}],"collection":[{"href":"https:\/\/www.africa-press.net\/cotedivoire\/wp-json\/wp\/v2\/posts"}],"about":[{"href":"https:\/\/www.africa-press.net\/cotedivoire\/wp-json\/wp\/v2\/types\/post"}],"author":[{"embeddable":true,"href":"https:\/\/www.africa-press.net\/cotedivoire\/wp-json\/wp\/v2\/users\/82"}],"replies":[{"embeddable":true,"href":"https:\/\/www.africa-press.net\/cotedivoire\/wp-json\/wp\/v2\/comments?post=83848"}],"version-history":[{"count":0,"href":"https:\/\/www.africa-press.net\/cotedivoire\/wp-json\/wp\/v2\/posts\/83848\/revisions"}],"wp:featuredmedia":[{"embeddable":true,"href":"https:\/\/www.africa-press.net\/cotedivoire\/wp-json\/wp\/v2\/media\/83847"}],"wp:attachment":[{"href":"https:\/\/www.africa-press.net\/cotedivoire\/wp-json\/wp\/v2\/media?parent=83848"}],"wp:term":[{"taxonomy":"category","embeddable":true,"href":"https:\/\/www.africa-press.net\/cotedivoire\/wp-json\/wp\/v2\/categories?post=83848"},{"taxonomy":"post_tag","embeddable":true,"href":"https:\/\/www.africa-press.net\/cotedivoire\/wp-json\/wp\/v2\/tags?post=83848"}],"curies":[{"name":"wp","href":"https:\/\/api.w.org\/{rel}","templated":true}]}}