{"id":8387,"date":"2021-05-30T15:57:52","date_gmt":"2021-05-30T15:57:52","guid":{"rendered":"https:\/\/www.africa-press.net\/cotedivoire\/?p=8387"},"modified":"2021-05-30T17:17:27","modified_gmt":"2021-05-30T17:17:27","slug":"cote-divoire-depart-de-ouattara-pour-accra-ou-se-tient-un-sommet-de-la-cedeao-sur-le-mali","status":"publish","type":"post","link":"https:\/\/www.africa-press.net\/cotedivoire\/politique\/cote-divoire-depart-de-ouattara-pour-accra-ou-se-tient-un-sommet-de-la-cedeao-sur-le-mali","title":{"rendered":"D\u00e9part de Ouattara pour Accra o\u00f9 se tient un sommet de la Cedeao sur le Mali"},"content":{"rendered":"<p><span style=\"color: #ff6600\"><strong><a href=\"https:\/\/www.africa-press.net\/\">Africa-Press<\/a> &#8211; <a href=\"https:\/\/www.africa-press.net\/cotedivoire\">C\u00f4te d&rsquo;Ivoire<\/a>. <\/strong><\/span>A l\u2019invitation de Son Excellence Nana Addo Dankwa AKUFO-ADDO, Pr\u00e9sident de la R\u00e9publique du Ghana et Pr\u00e9sident en exercice de la Conf\u00e9rence des Chefs d\u2019Etat et de Gouvernement de la CEDEAO, le Pr\u00e9sident de la R\u00e9publique, Son Excellence Monsieur Alassane OUATTARA, a quitt\u00e9 Abidjan, ce dimanche 30 mai 2021, pour Accra (Ghana) o\u00f9 il prendra part \u00e0 un Sommet extraordinaire des Chefs d\u2019Etat et de Gouvernementde la CEDEAO sur la situation socio-politique au Mali.<\/p>\n<p>Le Chef de l\u2019Etat est accompagn\u00e9 de la Ministre d\u2019Etat, Ministre des Affaires \u00c9trang\u00e8res, de l\u2019Int\u00e9gration Africaine et de la Diaspora, Mme Kandia CAMARA, du Ministre, Directeur de Cabinet, M. Fid\u00e8le SARASSORO, du Ministre d\u00e9l\u00e9gu\u00e9 aupr\u00e8s du Ministre des Affaires \u00c9trang\u00e8res charg\u00e9 de l\u2019Int\u00e9gration Africaine, M. Alcide DJEDJE ainsi que des membres du Cabinet pr\u00e9sidentiel.<br \/>\nLe Pr\u00e9sident de la R\u00e9publique regagnera Abidjan dans l\u2019apr\u00e8s-midi.<\/p>\n<p>&nbsp;<\/p>\n","protected":false},"excerpt":{"rendered":"<p>Africa-Press &#8211; C\u00f4te d&rsquo;Ivoire. A l\u2019invitation de Son Excellence Nana Addo Dankwa AKUFO-ADDO, Pr\u00e9sident de la R\u00e9publique du Ghana et Pr\u00e9sident en exercice de la Conf\u00e9rence des Chefs d\u2019Etat et de Gouvernement de la CEDEAO, le Pr\u00e9sident de la R\u00e9publique, Son Excellence Monsieur Alassane OUATTARA, a quitt\u00e9 Abidjan, ce dimanche 30 mai 2021, pour Accra [&hellip;]<\/p>\n","protected":false},"author":82,"featured_media":8386,"comment_status":"open","ping_status":"closed","sticky":false,"template":"","format":"standard","meta":{"footnotes":""},"categories":[11,2,20,10],"tags":[56,63,29],"class_list":["post-8387","post","type-post","status-publish","format-standard","has-post-thumbnail","hentry","category-homepage-french","category-politique","category-top-nouvelles","category-toutes-les-actualites","tag-africa-press","tag-africa-press-cote-divoire","tag-cote-divoire"],"yoast_head":"<!-- This site is optimized with the Yoast SEO Premium plugin v26.1 (Yoast SEO v27.0) - https:\/\/yoast.com\/product\/yoast-seo-premium-wordpress\/ -->\n<title>D\u00e9part de Ouattara pour Accra o\u00f9 se tient un sommet de la Cedeao sur le Mali - C\u00f4te d&#039;Ivoire<\/title>\n<meta name=\"description\" content=\"A l\u2019invitation de Son Excellence Nana Addo Dankwa AKUFO-ADDO, Pr\u00e9sident de la R\u00e9publique du Ghana et Pr\u00e9sident en exerci ...\" \/>\n<meta name=\"robots\" content=\"index, follow, max-snippet:-1, max-image-preview:large, max-video-preview:-1\" \/>\n<link rel=\"canonical\" href=\"https:\/\/www.africa-press.net\/cotedivoire\/politique\/cote-divoire-depart-de-ouattara-pour-accra-ou-se-tient-un-sommet-de-la-cedeao-sur-le-mali\" \/>\n<meta property=\"og:locale\" content=\"fr_FR\" \/>\n<meta property=\"og:type\" content=\"article\" \/>\n<meta property=\"og:title\" content=\"D\u00e9part de Ouattara pour Accra o\u00f9 se tient un sommet de la Cedeao sur le Mali\" \/>\n<meta property=\"og:description\" content=\"A l\u2019invitation de Son Excellence Nana Addo Dankwa AKUFO-ADDO, Pr\u00e9sident de la R\u00e9publique du Ghana et Pr\u00e9sident en exerci ...\" \/>\n<meta property=\"og:url\" content=\"https:\/\/www.africa-press.net\/cotedivoire\/politique\/cote-divoire-depart-de-ouattara-pour-accra-ou-se-tient-un-sommet-de-la-cedeao-sur-le-mali\" \/>\n<meta property=\"og:site_name\" content=\"C\u00f4te d&#039;Ivoire\" \/>\n<meta property=\"article:published_time\" content=\"2021-05-30T15:57:52+00:00\" \/>\n<meta property=\"article:modified_time\" content=\"2021-05-30T17:17:27+00:00\" \/>\n<meta property=\"og:image\" content=\"https:\/\/static.africa-press.net\/cote\/sites\/43\/2021\/05\/img-60b3a7a7bcd7b.jpg\" \/>\n\t<meta property=\"og:image:width\" content=\"750\" \/>\n\t<meta property=\"og:image:height\" content=\"500\" \/>\n\t<meta property=\"og:image:type\" content=\"image\/jpeg\" \/>\n<meta name=\"author\" content=\"cfeditorfr\" \/>\n<meta name=\"twitter:card\" content=\"summary_large_image\" \/>\n<meta name=\"twitter:label1\" content=\"\u00c9crit par\" \/>\n\t<meta name=\"twitter:data1\" content=\"cfeditorfr\" \/>\n\t<meta name=\"twitter:label2\" content=\"Dur\u00e9e de lecture estim\u00e9e\" \/>\n\t<meta name=\"twitter:data2\" content=\"1 minute\" \/>\n<script type=\"application\/ld+json\" class=\"yoast-schema-graph\">{\"@context\":\"https:\/\/schema.org\",\"@graph\":[{\"@type\":\"Article\",\"@id\":\"https:\/\/www.africa-press.net\/cotedivoire\/politique\/cote-divoire-depart-de-ouattara-pour-accra-ou-se-tient-un-sommet-de-la-cedeao-sur-le-mali#article\",\"isPartOf\":{\"@id\":\"https:\/\/www.africa-press.net\/cotedivoire\/politique\/cote-divoire-depart-de-ouattara-pour-accra-ou-se-tient-un-sommet-de-la-cedeao-sur-le-mali\"},\"author\":{\"name\":\"cfeditorfr\",\"@id\":\"https:\/\/www.africa-press.net\/cotedivoire\/#\/schema\/person\/2b1cf3cd81a31e3cd26889ca66d677f1\"},\"headline\":\"D\u00e9part de Ouattara pour Accra o\u00f9 se tient un sommet de la Cedeao sur le Mali\",\"datePublished\":\"2021-05-30T15:57:52+00:00\",\"dateModified\":\"2021-05-30T17:17:27+00:00\",\"mainEntityOfPage\":{\"@id\":\"https:\/\/www.africa-press.net\/cotedivoire\/politique\/cote-divoire-depart-de-ouattara-pour-accra-ou-se-tient-un-sommet-de-la-cedeao-sur-le-mali\"},\"wordCount\":185,\"commentCount\":0,\"image\":{\"@id\":\"https:\/\/www.africa-press.net\/cotedivoire\/politique\/cote-divoire-depart-de-ouattara-pour-accra-ou-se-tient-un-sommet-de-la-cedeao-sur-le-mali#primaryimage\"},\"thumbnailUrl\":\"https:\/\/static.africa-press.net\/cote\/sites\/43\/2021\/05\/img-60b3a7a7bcd7b.jpg\",\"keywords\":[\"Africa Press\",\"Africa Press-C\u00f4te d'Ivoire\",\"C\u00d4TE D'IVOIRE\"],\"articleSection\":[\"homepage-french\",\"Politique\",\"Top Nouvelles\",\"Toutes les actualit\u00e9s\"],\"inLanguage\":\"fr-FR\",\"potentialAction\":[{\"@type\":\"CommentAction\",\"name\":\"Comment\",\"target\":[\"https:\/\/www.africa-press.net\/cotedivoire\/politique\/cote-divoire-depart-de-ouattara-pour-accra-ou-se-tient-un-sommet-de-la-cedeao-sur-le-mali#respond\"]}]},{\"@type\":\"WebPage\",\"@id\":\"https:\/\/www.africa-press.net\/cotedivoire\/politique\/cote-divoire-depart-de-ouattara-pour-accra-ou-se-tient-un-sommet-de-la-cedeao-sur-le-mali\",\"url\":\"https:\/\/www.africa-press.net\/cotedivoire\/politique\/cote-divoire-depart-de-ouattara-pour-accra-ou-se-tient-un-sommet-de-la-cedeao-sur-le-mali\",\"name\":\"D\u00e9part de Ouattara pour Accra o\u00f9 se tient un sommet de la Cedeao sur le Mali - C\u00f4te d&#039;Ivoire\",\"isPartOf\":{\"@id\":\"https:\/\/www.africa-press.net\/cotedivoire\/#website\"},\"primaryImageOfPage\":{\"@id\":\"https:\/\/www.africa-press.net\/cotedivoire\/politique\/cote-divoire-depart-de-ouattara-pour-accra-ou-se-tient-un-sommet-de-la-cedeao-sur-le-mali#primaryimage\"},\"image\":{\"@id\":\"https:\/\/www.africa-press.net\/cotedivoire\/politique\/cote-divoire-depart-de-ouattara-pour-accra-ou-se-tient-un-sommet-de-la-cedeao-sur-le-mali#primaryimage\"},\"thumbnailUrl\":\"https:\/\/static.africa-press.net\/cote\/sites\/43\/2021\/05\/img-60b3a7a7bcd7b.jpg\",\"datePublished\":\"2021-05-30T15:57:52+00:00\",\"dateModified\":\"2021-05-30T17:17:27+00:00\",\"author\":{\"@id\":\"https:\/\/www.africa-press.net\/cotedivoire\/#\/schema\/person\/2b1cf3cd81a31e3cd26889ca66d677f1\"},\"description\":\"A l\u2019invitation de Son Excellence Nana Addo Dankwa AKUFO-ADDO, Pr\u00e9sident de la R\u00e9publique du Ghana et Pr\u00e9sident en exerci ...\",\"breadcrumb\":{\"@id\":\"https:\/\/www.africa-press.net\/cotedivoire\/politique\/cote-divoire-depart-de-ouattara-pour-accra-ou-se-tient-un-sommet-de-la-cedeao-sur-le-mali#breadcrumb\"},\"inLanguage\":\"fr-FR\",\"potentialAction\":[{\"@type\":\"ReadAction\",\"target\":[\"https:\/\/www.africa-press.net\/cotedivoire\/politique\/cote-divoire-depart-de-ouattara-pour-accra-ou-se-tient-un-sommet-de-la-cedeao-sur-le-mali\"]}]},{\"@type\":\"ImageObject\",\"inLanguage\":\"fr-FR\",\"@id\":\"https:\/\/www.africa-press.net\/cotedivoire\/politique\/cote-divoire-depart-de-ouattara-pour-accra-ou-se-tient-un-sommet-de-la-cedeao-sur-le-mali#primaryimage\",\"url\":\"https:\/\/static.africa-press.net\/cote\/sites\/43\/2021\/05\/img-60b3a7a7bcd7b.jpg\",\"contentUrl\":\"https:\/\/static.africa-press.net\/cote\/sites\/43\/2021\/05\/img-60b3a7a7bcd7b.jpg\",\"width\":750,\"height\":500,\"caption\":\"C\u00f4te-d\u2019Ivoire: D\u00e9part de Ouattara pour Accra o\u00f9 se tient un sommet de la Cedeao sur le Mali\"},{\"@type\":\"BreadcrumbList\",\"@id\":\"https:\/\/www.africa-press.net\/cotedivoire\/politique\/cote-divoire-depart-de-ouattara-pour-accra-ou-se-tient-un-sommet-de-la-cedeao-sur-le-mali#breadcrumb\",\"itemListElement\":[{\"@type\":\"ListItem\",\"position\":1,\"name\":\"Accueil\",\"item\":\"https:\/\/www.africa-press.net\/cotedivoire\/\"},{\"@type\":\"ListItem\",\"position\":2,\"name\":\"D\u00e9part de Ouattara pour Accra o\u00f9 se tient un sommet de la Cedeao sur le Mali\"}]},{\"@type\":\"WebSite\",\"@id\":\"https:\/\/www.africa-press.net\/cotedivoire\/#website\",\"url\":\"https:\/\/www.africa-press.net\/cotedivoire\/\",\"name\":\"C\u00f4te d&#039;Ivoire\",\"description\":\"Just another Africa News Agency Sites site\",\"potentialAction\":[{\"@type\":\"SearchAction\",\"target\":{\"@type\":\"EntryPoint\",\"urlTemplate\":\"https:\/\/www.africa-press.net\/cotedivoire\/?s={search_term_string}\"},\"query-input\":{\"@type\":\"PropertyValueSpecification\",\"valueRequired\":true,\"valueName\":\"search_term_string\"}}],\"inLanguage\":\"fr-FR\"},{\"@type\":\"Person\",\"@id\":\"https:\/\/www.africa-press.net\/cotedivoire\/#\/schema\/person\/2b1cf3cd81a31e3cd26889ca66d677f1\",\"name\":\"cfeditorfr\"}]}<\/script>\n<!-- \/ Yoast SEO Premium plugin. -->","yoast_head_json":{"title":"D\u00e9part de Ouattara pour Accra o\u00f9 se tient un sommet de la Cedeao sur le Mali - C\u00f4te d&#039;Ivoire","description":"A l\u2019invitation de Son Excellence Nana Addo Dankwa AKUFO-ADDO, Pr\u00e9sident de la R\u00e9publique du Ghana et Pr\u00e9sident en exerci ...","robots":{"index":"index","follow":"follow","max-snippet":"max-snippet:-1","max-image-preview":"max-image-preview:large","max-video-preview":"max-video-preview:-1"},"canonical":"https:\/\/www.africa-press.net\/cotedivoire\/politique\/cote-divoire-depart-de-ouattara-pour-accra-ou-se-tient-un-sommet-de-la-cedeao-sur-le-mali","og_locale":"fr_FR","og_type":"article","og_title":"D\u00e9part de Ouattara pour Accra o\u00f9 se tient un sommet de la Cedeao sur le Mali","og_description":"A l\u2019invitation de Son Excellence Nana Addo Dankwa AKUFO-ADDO, Pr\u00e9sident de la R\u00e9publique du Ghana et Pr\u00e9sident en exerci ...","og_url":"https:\/\/www.africa-press.net\/cotedivoire\/politique\/cote-divoire-depart-de-ouattara-pour-accra-ou-se-tient-un-sommet-de-la-cedeao-sur-le-mali","og_site_name":"C\u00f4te d&#039;Ivoire","article_published_time":"2021-05-30T15:57:52+00:00","article_modified_time":"2021-05-30T17:17:27+00:00","og_image":[{"width":750,"height":500,"url":"https:\/\/static.africa-press.net\/cote\/sites\/43\/2021\/05\/img-60b3a7a7bcd7b.jpg","type":"image\/jpeg"}],"author":"cfeditorfr","twitter_card":"summary_large_image","twitter_misc":{"\u00c9crit par":"cfeditorfr","Dur\u00e9e de lecture estim\u00e9e":"1 minute"},"schema":{"@context":"https:\/\/schema.org","@graph":[{"@type":"Article","@id":"https:\/\/www.africa-press.net\/cotedivoire\/politique\/cote-divoire-depart-de-ouattara-pour-accra-ou-se-tient-un-sommet-de-la-cedeao-sur-le-mali#article","isPartOf":{"@id":"https:\/\/www.africa-press.net\/cotedivoire\/politique\/cote-divoire-depart-de-ouattara-pour-accra-ou-se-tient-un-sommet-de-la-cedeao-sur-le-mali"},"author":{"name":"cfeditorfr","@id":"https:\/\/www.africa-press.net\/cotedivoire\/#\/schema\/person\/2b1cf3cd81a31e3cd26889ca66d677f1"},"headline":"D\u00e9part de Ouattara pour Accra o\u00f9 se tient un sommet de la Cedeao sur le Mali","datePublished":"2021-05-30T15:57:52+00:00","dateModified":"2021-05-30T17:17:27+00:00","mainEntityOfPage":{"@id":"https:\/\/www.africa-press.net\/cotedivoire\/politique\/cote-divoire-depart-de-ouattara-pour-accra-ou-se-tient-un-sommet-de-la-cedeao-sur-le-mali"},"wordCount":185,"commentCount":0,"image":{"@id":"https:\/\/www.africa-press.net\/cotedivoire\/politique\/cote-divoire-depart-de-ouattara-pour-accra-ou-se-tient-un-sommet-de-la-cedeao-sur-le-mali#primaryimage"},"thumbnailUrl":"https:\/\/static.africa-press.net\/cote\/sites\/43\/2021\/05\/img-60b3a7a7bcd7b.jpg","keywords":["Africa Press","Africa Press-C\u00f4te d'Ivoire","C\u00d4TE D'IVOIRE"],"articleSection":["homepage-french","Politique","Top Nouvelles","Toutes les actualit\u00e9s"],"inLanguage":"fr-FR","potentialAction":[{"@type":"CommentAction","name":"Comment","target":["https:\/\/www.africa-press.net\/cotedivoire\/politique\/cote-divoire-depart-de-ouattara-pour-accra-ou-se-tient-un-sommet-de-la-cedeao-sur-le-mali#respond"]}]},{"@type":"WebPage","@id":"https:\/\/www.africa-press.net\/cotedivoire\/politique\/cote-divoire-depart-de-ouattara-pour-accra-ou-se-tient-un-sommet-de-la-cedeao-sur-le-mali","url":"https:\/\/www.africa-press.net\/cotedivoire\/politique\/cote-divoire-depart-de-ouattara-pour-accra-ou-se-tient-un-sommet-de-la-cedeao-sur-le-mali","name":"D\u00e9part de Ouattara pour Accra o\u00f9 se tient un sommet de la Cedeao sur le Mali - C\u00f4te d&#039;Ivoire","isPartOf":{"@id":"https:\/\/www.africa-press.net\/cotedivoire\/#website"},"primaryImageOfPage":{"@id":"https:\/\/www.africa-press.net\/cotedivoire\/politique\/cote-divoire-depart-de-ouattara-pour-accra-ou-se-tient-un-sommet-de-la-cedeao-sur-le-mali#primaryimage"},"image":{"@id":"https:\/\/www.africa-press.net\/cotedivoire\/politique\/cote-divoire-depart-de-ouattara-pour-accra-ou-se-tient-un-sommet-de-la-cedeao-sur-le-mali#primaryimage"},"thumbnailUrl":"https:\/\/static.africa-press.net\/cote\/sites\/43\/2021\/05\/img-60b3a7a7bcd7b.jpg","datePublished":"2021-05-30T15:57:52+00:00","dateModified":"2021-05-30T17:17:27+00:00","author":{"@id":"https:\/\/www.africa-press.net\/cotedivoire\/#\/schema\/person\/2b1cf3cd81a31e3cd26889ca66d677f1"},"description":"A l\u2019invitation de Son Excellence Nana Addo Dankwa AKUFO-ADDO, Pr\u00e9sident de la R\u00e9publique du Ghana et Pr\u00e9sident en exerci ...","breadcrumb":{"@id":"https:\/\/www.africa-press.net\/cotedivoire\/politique\/cote-divoire-depart-de-ouattara-pour-accra-ou-se-tient-un-sommet-de-la-cedeao-sur-le-mali#breadcrumb"},"inLanguage":"fr-FR","potentialAction":[{"@type":"ReadAction","target":["https:\/\/www.africa-press.net\/cotedivoire\/politique\/cote-divoire-depart-de-ouattara-pour-accra-ou-se-tient-un-sommet-de-la-cedeao-sur-le-mali"]}]},{"@type":"ImageObject","inLanguage":"fr-FR","@id":"https:\/\/www.africa-press.net\/cotedivoire\/politique\/cote-divoire-depart-de-ouattara-pour-accra-ou-se-tient-un-sommet-de-la-cedeao-sur-le-mali#primaryimage","url":"https:\/\/static.africa-press.net\/cote\/sites\/43\/2021\/05\/img-60b3a7a7bcd7b.jpg","contentUrl":"https:\/\/static.africa-press.net\/cote\/sites\/43\/2021\/05\/img-60b3a7a7bcd7b.jpg","width":750,"height":500,"caption":"C\u00f4te-d\u2019Ivoire: D\u00e9part de Ouattara pour Accra o\u00f9 se tient un sommet de la Cedeao sur le Mali"},{"@type":"BreadcrumbList","@id":"https:\/\/www.africa-press.net\/cotedivoire\/politique\/cote-divoire-depart-de-ouattara-pour-accra-ou-se-tient-un-sommet-de-la-cedeao-sur-le-mali#breadcrumb","itemListElement":[{"@type":"ListItem","position":1,"name":"Accueil","item":"https:\/\/www.africa-press.net\/cotedivoire\/"},{"@type":"ListItem","position":2,"name":"D\u00e9part de Ouattara pour Accra o\u00f9 se tient un sommet de la Cedeao sur le Mali"}]},{"@type":"WebSite","@id":"https:\/\/www.africa-press.net\/cotedivoire\/#website","url":"https:\/\/www.africa-press.net\/cotedivoire\/","name":"C\u00f4te d&#039;Ivoire","description":"Just another Africa News Agency Sites site","potentialAction":[{"@type":"SearchAction","target":{"@type":"EntryPoint","urlTemplate":"https:\/\/www.africa-press.net\/cotedivoire\/?s={search_term_string}"},"query-input":{"@type":"PropertyValueSpecification","valueRequired":true,"valueName":"search_term_string"}}],"inLanguage":"fr-FR"},{"@type":"Person","@id":"https:\/\/www.africa-press.net\/cotedivoire\/#\/schema\/person\/2b1cf3cd81a31e3cd26889ca66d677f1","name":"cfeditorfr"}]}},"_links":{"self":[{"href":"https:\/\/www.africa-press.net\/cotedivoire\/wp-json\/wp\/v2\/posts\/8387","targetHints":{"allow":["GET"]}}],"collection":[{"href":"https:\/\/www.africa-press.net\/cotedivoire\/wp-json\/wp\/v2\/posts"}],"about":[{"href":"https:\/\/www.africa-press.net\/cotedivoire\/wp-json\/wp\/v2\/types\/post"}],"author":[{"embeddable":true,"href":"https:\/\/www.africa-press.net\/cotedivoire\/wp-json\/wp\/v2\/users\/82"}],"replies":[{"embeddable":true,"href":"https:\/\/www.africa-press.net\/cotedivoire\/wp-json\/wp\/v2\/comments?post=8387"}],"version-history":[{"count":0,"href":"https:\/\/www.africa-press.net\/cotedivoire\/wp-json\/wp\/v2\/posts\/8387\/revisions"}],"wp:featuredmedia":[{"embeddable":true,"href":"https:\/\/www.africa-press.net\/cotedivoire\/wp-json\/wp\/v2\/media\/8386"}],"wp:attachment":[{"href":"https:\/\/www.africa-press.net\/cotedivoire\/wp-json\/wp\/v2\/media?parent=8387"}],"wp:term":[{"taxonomy":"category","embeddable":true,"href":"https:\/\/www.africa-press.net\/cotedivoire\/wp-json\/wp\/v2\/categories?post=8387"},{"taxonomy":"post_tag","embeddable":true,"href":"https:\/\/www.africa-press.net\/cotedivoire\/wp-json\/wp\/v2\/tags?post=8387"}],"curies":[{"name":"wp","href":"https:\/\/api.w.org\/{rel}","templated":true}]}}