{"id":8390,"date":"2021-05-30T16:01:34","date_gmt":"2021-05-30T16:01:34","guid":{"rendered":"https:\/\/www.africa-press.net\/cotedivoire\/?p=8390"},"modified":"2021-05-30T17:17:38","modified_gmt":"2021-05-30T17:17:38","slug":"assinie-cote-divoire-des-soldats-de-la-garde-rapprochee-de-soro-reconnaissent-avoir-jete-des-armes-dans-la-lagune","status":"publish","type":"post","link":"https:\/\/www.africa-press.net\/cotedivoire\/politique\/assinie-cote-divoire-des-soldats-de-la-garde-rapprochee-de-soro-reconnaissent-avoir-jete-des-armes-dans-la-lagune","title":{"rendered":"Des soldats de la garde rapproch\u00e9e de Soro reconnaissent avoir \u00ab\u00a0jet\u00e9\u00a0\u00bb des armes dans la lagune"},"content":{"rendered":"<p><span style=\"color: #ff6600\"><strong><a href=\"https:\/\/www.africa-press.net\/\">Africa-Press<\/a> &#8211; <a href=\"https:\/\/www.africa-press.net\/cotedivoire\">C\u00f4te d&rsquo;Ivoire<\/a>.\u00a0 <\/strong><\/span>R\u00e9sumons. En d\u00e9cembre 2019, la t\u00e9l\u00e9vision ivoirienne avait d\u00e9voil\u00e9 une vid\u00e9o et des images d\u2019une d\u00e9couverte d\u2019armes dans la lagune \u00e0 Assinie, en marge du retour rat\u00e9 de Guillaume Soro, \u00e0 Abidjan. Je vous ram\u00e8ne aux d\u00e9clarations des partisans de l\u2019ancien pr\u00e9sident de l\u2019Assembl\u00e9e nationale, \u00e0 cette \u00e9poque. Tous ou presque (en tout cas pour ceux qui se pronon\u00e7aient sur le sujet), unanimement, disaient que c\u2019\u00e9tait un montage. Soit ils \u00e9taient de bonne foi, parce que ne pouvant pas s\u2019imaginer un tel sc\u00e9nario, soit ils \u00e9taient dans la confidence et \u00e9taient donc de mauvaise foi.<\/p>\n<p>Aujourd\u2019hui, des soldats de sa garde rapproch\u00e9e, inculp\u00e9s, reconnaissent qu\u2019ils ont d\u00e9pos\u00e9 ces armes qu\u2019ils pr\u00e9sentent comme vieilles (elles auraient \u00e9t\u00e9 remises au camp Soro depuis 2010, lors de la crise post\u00e9lectorale). Attendez, pincez-moi si je r\u00eave : or donc ces armes proviennent bel et bien du si\u00e8ge de GPS, qui avait \u00e9t\u00e9 visit\u00e9 par des militaires encagoul\u00e9s ? En tout cas, ce n\u2019est pas ce que pr\u00e9tendait la Sorosph\u00e8re en 2019. Je r\u00e9p\u00e8te : de bonne ou mauvaise foi.<\/p>\n<p>J\u2019avais d\u00e9clar\u00e9 ici que je n\u2019\u00e9tais pas parmi ceux qui disaient que Guillaume Soro n\u2019avait rien fait. En effet, je n\u2019ai jamais adh\u00e9r\u00e9, par principe, \u00e0 la n\u00e9gation syst\u00e9matique des responsabilit\u00e9s. En tout cas, je peux attester que les juges qui ont cuisin\u00e9 Felicien Sekongo n\u2019ont pas pu, \u00e0 mon avis, \u00e9tablir sa responsabilit\u00e9 directe dans ce complot pr\u00e9sum\u00e9. Se retrouver \u00e0 un accueil d\u2019un proche ou \u00e0 une conf\u00e9rence de presse dans un QG o\u00f9 \u00e9taient entrepos\u00e9es dans un endroit secret, des armes, ne signifie pas qu\u2019on \u00e9tait forc\u00e9ment inform\u00e9 de la pr\u00e9paration d\u2019un coup. Ce n\u2019est pas parce qu\u2019on vous arr\u00eate, en compagnie d\u2019un ami qui avait en sa possession de la drogue qu\u2019il cachait dans sa voiture, que vous \u00eates automatiquement un complice \u00e0 ce dernier.<\/p>\n<p>Lire \u00e9galement: Proc\u00e8s Soro et proches : \u00ab Voici pourquoi le commandant Jean-Baptiste Kass\u00e9 a fait jeter des armes dans la lagune \u00bb<\/p>\n<p>Quant aux militaires qui savaient que ces armes \u00e9taient l\u00e0 et qui ont voulu les faire dispara\u00eetre, la justice d\u00e9cidera. J\u2019attends maintenant ce que la justice reproche pr\u00e9cis\u00e9ment aux fr\u00e8re Soro et surtout \u00e0 Alain Lobognon. Dieu nous donne la bonne compr\u00e9hension !<\/p>\n<p>&nbsp;<\/p>\n","protected":false},"excerpt":{"rendered":"<p>Africa-Press &#8211; C\u00f4te d&rsquo;Ivoire.\u00a0 R\u00e9sumons. En d\u00e9cembre 2019, la t\u00e9l\u00e9vision ivoirienne avait d\u00e9voil\u00e9 une vid\u00e9o et des images d\u2019une d\u00e9couverte d\u2019armes dans la lagune \u00e0 Assinie, en marge du retour rat\u00e9 de Guillaume Soro, \u00e0 Abidjan. Je vous ram\u00e8ne aux d\u00e9clarations des partisans de l\u2019ancien pr\u00e9sident de l\u2019Assembl\u00e9e nationale, \u00e0 cette \u00e9poque. Tous ou presque [&hellip;]<\/p>\n","protected":false},"author":82,"featured_media":8389,"comment_status":"open","ping_status":"closed","sticky":false,"template":"","format":"standard","meta":{"footnotes":""},"categories":[11,2,10],"tags":[56,63,29],"class_list":["post-8390","post","type-post","status-publish","format-standard","has-post-thumbnail","hentry","category-homepage-french","category-politique","category-toutes-les-actualites","tag-africa-press","tag-africa-press-cote-divoire","tag-cote-divoire"],"yoast_head":"<!-- This site is optimized with the Yoast SEO Premium plugin v26.1 (Yoast SEO v27.0) - https:\/\/yoast.com\/product\/yoast-seo-premium-wordpress\/ -->\n<title>Des soldats de la garde rapproch\u00e9e de Soro reconnaissent avoir \u00ab\u00a0jet\u00e9\u00a0\u00bb des armes dans la lagune - C\u00f4te d&#039;Ivoire<\/title>\n<meta name=\"description\" content=\"Lu pour vous R\u00e9sumons. En d\u00e9cembre 2019, la t\u00e9l\u00e9vision ivoirienne avait d\u00e9voil\u00e9 une vid\u00e9o et des images d\u2019une d\u00e9couvert ...\" \/>\n<meta name=\"robots\" content=\"index, follow, max-snippet:-1, max-image-preview:large, max-video-preview:-1\" \/>\n<link rel=\"canonical\" href=\"https:\/\/www.africa-press.net\/cotedivoire\/politique\/assinie-cote-divoire-des-soldats-de-la-garde-rapprochee-de-soro-reconnaissent-avoir-jete-des-armes-dans-la-lagune\" \/>\n<meta property=\"og:locale\" content=\"fr_FR\" \/>\n<meta property=\"og:type\" content=\"article\" \/>\n<meta property=\"og:title\" content=\"Des soldats de la garde rapproch\u00e9e de Soro reconnaissent avoir \u00ab\u00a0jet\u00e9\u00a0\u00bb des armes dans la lagune\" \/>\n<meta property=\"og:description\" content=\"Lu pour vous R\u00e9sumons. En d\u00e9cembre 2019, la t\u00e9l\u00e9vision ivoirienne avait d\u00e9voil\u00e9 une vid\u00e9o et des images d\u2019une d\u00e9couvert ...\" \/>\n<meta property=\"og:url\" content=\"https:\/\/www.africa-press.net\/cotedivoire\/politique\/assinie-cote-divoire-des-soldats-de-la-garde-rapprochee-de-soro-reconnaissent-avoir-jete-des-armes-dans-la-lagune\" \/>\n<meta property=\"og:site_name\" content=\"C\u00f4te d&#039;Ivoire\" \/>\n<meta property=\"article:published_time\" content=\"2021-05-30T16:01:34+00:00\" \/>\n<meta property=\"article:modified_time\" content=\"2021-05-30T17:17:38+00:00\" \/>\n<meta property=\"og:image\" content=\"https:\/\/static.africa-press.net\/cote\/sites\/43\/2021\/05\/img-60b3a7d0c771f.jpg\" \/>\n\t<meta property=\"og:image:width\" content=\"720\" \/>\n\t<meta property=\"og:image:height\" content=\"405\" \/>\n\t<meta property=\"og:image:type\" content=\"image\/jpeg\" \/>\n<meta name=\"author\" content=\"cfeditorfr\" \/>\n<meta name=\"twitter:card\" content=\"summary_large_image\" \/>\n<meta name=\"twitter:label1\" content=\"\u00c9crit par\" \/>\n\t<meta name=\"twitter:data1\" content=\"cfeditorfr\" \/>\n\t<meta name=\"twitter:label2\" content=\"Dur\u00e9e de lecture estim\u00e9e\" \/>\n\t<meta name=\"twitter:data2\" content=\"2 minutes\" \/>\n<script type=\"application\/ld+json\" class=\"yoast-schema-graph\">{\"@context\":\"https:\/\/schema.org\",\"@graph\":[{\"@type\":\"Article\",\"@id\":\"https:\/\/www.africa-press.net\/cotedivoire\/politique\/assinie-cote-divoire-des-soldats-de-la-garde-rapprochee-de-soro-reconnaissent-avoir-jete-des-armes-dans-la-lagune#article\",\"isPartOf\":{\"@id\":\"https:\/\/www.africa-press.net\/cotedivoire\/politique\/assinie-cote-divoire-des-soldats-de-la-garde-rapprochee-de-soro-reconnaissent-avoir-jete-des-armes-dans-la-lagune\"},\"author\":{\"name\":\"cfeditorfr\",\"@id\":\"https:\/\/www.africa-press.net\/cotedivoire\/#\/schema\/person\/2b1cf3cd81a31e3cd26889ca66d677f1\"},\"headline\":\"Des soldats de la garde rapproch\u00e9e de Soro reconnaissent avoir \u00ab\u00a0jet\u00e9\u00a0\u00bb des armes dans la lagune\",\"datePublished\":\"2021-05-30T16:01:34+00:00\",\"dateModified\":\"2021-05-30T17:17:38+00:00\",\"mainEntityOfPage\":{\"@id\":\"https:\/\/www.africa-press.net\/cotedivoire\/politique\/assinie-cote-divoire-des-soldats-de-la-garde-rapprochee-de-soro-reconnaissent-avoir-jete-des-armes-dans-la-lagune\"},\"wordCount\":441,\"commentCount\":0,\"image\":{\"@id\":\"https:\/\/www.africa-press.net\/cotedivoire\/politique\/assinie-cote-divoire-des-soldats-de-la-garde-rapprochee-de-soro-reconnaissent-avoir-jete-des-armes-dans-la-lagune#primaryimage\"},\"thumbnailUrl\":\"https:\/\/static.africa-press.net\/cote\/sites\/43\/2021\/05\/img-60b3a7d0c771f.jpg\",\"keywords\":[\"Africa Press\",\"Africa Press-C\u00f4te d'Ivoire\",\"C\u00d4TE D'IVOIRE\"],\"articleSection\":[\"homepage-french\",\"Politique\",\"Toutes les actualit\u00e9s\"],\"inLanguage\":\"fr-FR\",\"potentialAction\":[{\"@type\":\"CommentAction\",\"name\":\"Comment\",\"target\":[\"https:\/\/www.africa-press.net\/cotedivoire\/politique\/assinie-cote-divoire-des-soldats-de-la-garde-rapprochee-de-soro-reconnaissent-avoir-jete-des-armes-dans-la-lagune#respond\"]}]},{\"@type\":\"WebPage\",\"@id\":\"https:\/\/www.africa-press.net\/cotedivoire\/politique\/assinie-cote-divoire-des-soldats-de-la-garde-rapprochee-de-soro-reconnaissent-avoir-jete-des-armes-dans-la-lagune\",\"url\":\"https:\/\/www.africa-press.net\/cotedivoire\/politique\/assinie-cote-divoire-des-soldats-de-la-garde-rapprochee-de-soro-reconnaissent-avoir-jete-des-armes-dans-la-lagune\",\"name\":\"Des soldats de la garde rapproch\u00e9e de Soro reconnaissent avoir \u00ab\u00a0jet\u00e9\u00a0\u00bb des armes dans la lagune - C\u00f4te d&#039;Ivoire\",\"isPartOf\":{\"@id\":\"https:\/\/www.africa-press.net\/cotedivoire\/#website\"},\"primaryImageOfPage\":{\"@id\":\"https:\/\/www.africa-press.net\/cotedivoire\/politique\/assinie-cote-divoire-des-soldats-de-la-garde-rapprochee-de-soro-reconnaissent-avoir-jete-des-armes-dans-la-lagune#primaryimage\"},\"image\":{\"@id\":\"https:\/\/www.africa-press.net\/cotedivoire\/politique\/assinie-cote-divoire-des-soldats-de-la-garde-rapprochee-de-soro-reconnaissent-avoir-jete-des-armes-dans-la-lagune#primaryimage\"},\"thumbnailUrl\":\"https:\/\/static.africa-press.net\/cote\/sites\/43\/2021\/05\/img-60b3a7d0c771f.jpg\",\"datePublished\":\"2021-05-30T16:01:34+00:00\",\"dateModified\":\"2021-05-30T17:17:38+00:00\",\"author\":{\"@id\":\"https:\/\/www.africa-press.net\/cotedivoire\/#\/schema\/person\/2b1cf3cd81a31e3cd26889ca66d677f1\"},\"description\":\"Lu pour vous R\u00e9sumons. En d\u00e9cembre 2019, la t\u00e9l\u00e9vision ivoirienne avait d\u00e9voil\u00e9 une vid\u00e9o et des images d\u2019une d\u00e9couvert ...\",\"breadcrumb\":{\"@id\":\"https:\/\/www.africa-press.net\/cotedivoire\/politique\/assinie-cote-divoire-des-soldats-de-la-garde-rapprochee-de-soro-reconnaissent-avoir-jete-des-armes-dans-la-lagune#breadcrumb\"},\"inLanguage\":\"fr-FR\",\"potentialAction\":[{\"@type\":\"ReadAction\",\"target\":[\"https:\/\/www.africa-press.net\/cotedivoire\/politique\/assinie-cote-divoire-des-soldats-de-la-garde-rapprochee-de-soro-reconnaissent-avoir-jete-des-armes-dans-la-lagune\"]}]},{\"@type\":\"ImageObject\",\"inLanguage\":\"fr-FR\",\"@id\":\"https:\/\/www.africa-press.net\/cotedivoire\/politique\/assinie-cote-divoire-des-soldats-de-la-garde-rapprochee-de-soro-reconnaissent-avoir-jete-des-armes-dans-la-lagune#primaryimage\",\"url\":\"https:\/\/static.africa-press.net\/cote\/sites\/43\/2021\/05\/img-60b3a7d0c771f.jpg\",\"contentUrl\":\"https:\/\/static.africa-press.net\/cote\/sites\/43\/2021\/05\/img-60b3a7d0c771f.jpg\",\"width\":720,\"height\":405,\"caption\":\"Assinie\/C\u00f4te-d\u2019Ivoire: Des soldats de la garde rapproch\u00e9e de Soro reconnaissent avoir \u00ab\u00a0jet\u00e9\u00a0\u00bb des armes dans la lagune\"},{\"@type\":\"BreadcrumbList\",\"@id\":\"https:\/\/www.africa-press.net\/cotedivoire\/politique\/assinie-cote-divoire-des-soldats-de-la-garde-rapprochee-de-soro-reconnaissent-avoir-jete-des-armes-dans-la-lagune#breadcrumb\",\"itemListElement\":[{\"@type\":\"ListItem\",\"position\":1,\"name\":\"Accueil\",\"item\":\"https:\/\/www.africa-press.net\/cotedivoire\/\"},{\"@type\":\"ListItem\",\"position\":2,\"name\":\"Des soldats de la garde rapproch\u00e9e de Soro reconnaissent avoir \u00ab\u00a0jet\u00e9\u00a0\u00bb des armes dans la lagune\"}]},{\"@type\":\"WebSite\",\"@id\":\"https:\/\/www.africa-press.net\/cotedivoire\/#website\",\"url\":\"https:\/\/www.africa-press.net\/cotedivoire\/\",\"name\":\"C\u00f4te d&#039;Ivoire\",\"description\":\"Just another Africa News Agency Sites site\",\"potentialAction\":[{\"@type\":\"SearchAction\",\"target\":{\"@type\":\"EntryPoint\",\"urlTemplate\":\"https:\/\/www.africa-press.net\/cotedivoire\/?s={search_term_string}\"},\"query-input\":{\"@type\":\"PropertyValueSpecification\",\"valueRequired\":true,\"valueName\":\"search_term_string\"}}],\"inLanguage\":\"fr-FR\"},{\"@type\":\"Person\",\"@id\":\"https:\/\/www.africa-press.net\/cotedivoire\/#\/schema\/person\/2b1cf3cd81a31e3cd26889ca66d677f1\",\"name\":\"cfeditorfr\"}]}<\/script>\n<!-- \/ Yoast SEO Premium plugin. -->","yoast_head_json":{"title":"Des soldats de la garde rapproch\u00e9e de Soro reconnaissent avoir \u00ab\u00a0jet\u00e9\u00a0\u00bb des armes dans la lagune - C\u00f4te d&#039;Ivoire","description":"Lu pour vous R\u00e9sumons. En d\u00e9cembre 2019, la t\u00e9l\u00e9vision ivoirienne avait d\u00e9voil\u00e9 une vid\u00e9o et des images d\u2019une d\u00e9couvert ...","robots":{"index":"index","follow":"follow","max-snippet":"max-snippet:-1","max-image-preview":"max-image-preview:large","max-video-preview":"max-video-preview:-1"},"canonical":"https:\/\/www.africa-press.net\/cotedivoire\/politique\/assinie-cote-divoire-des-soldats-de-la-garde-rapprochee-de-soro-reconnaissent-avoir-jete-des-armes-dans-la-lagune","og_locale":"fr_FR","og_type":"article","og_title":"Des soldats de la garde rapproch\u00e9e de Soro reconnaissent avoir \u00ab\u00a0jet\u00e9\u00a0\u00bb des armes dans la lagune","og_description":"Lu pour vous R\u00e9sumons. En d\u00e9cembre 2019, la t\u00e9l\u00e9vision ivoirienne avait d\u00e9voil\u00e9 une vid\u00e9o et des images d\u2019une d\u00e9couvert ...","og_url":"https:\/\/www.africa-press.net\/cotedivoire\/politique\/assinie-cote-divoire-des-soldats-de-la-garde-rapprochee-de-soro-reconnaissent-avoir-jete-des-armes-dans-la-lagune","og_site_name":"C\u00f4te d&#039;Ivoire","article_published_time":"2021-05-30T16:01:34+00:00","article_modified_time":"2021-05-30T17:17:38+00:00","og_image":[{"width":720,"height":405,"url":"https:\/\/static.africa-press.net\/cote\/sites\/43\/2021\/05\/img-60b3a7d0c771f.jpg","type":"image\/jpeg"}],"author":"cfeditorfr","twitter_card":"summary_large_image","twitter_misc":{"\u00c9crit par":"cfeditorfr","Dur\u00e9e de lecture estim\u00e9e":"2 minutes"},"schema":{"@context":"https:\/\/schema.org","@graph":[{"@type":"Article","@id":"https:\/\/www.africa-press.net\/cotedivoire\/politique\/assinie-cote-divoire-des-soldats-de-la-garde-rapprochee-de-soro-reconnaissent-avoir-jete-des-armes-dans-la-lagune#article","isPartOf":{"@id":"https:\/\/www.africa-press.net\/cotedivoire\/politique\/assinie-cote-divoire-des-soldats-de-la-garde-rapprochee-de-soro-reconnaissent-avoir-jete-des-armes-dans-la-lagune"},"author":{"name":"cfeditorfr","@id":"https:\/\/www.africa-press.net\/cotedivoire\/#\/schema\/person\/2b1cf3cd81a31e3cd26889ca66d677f1"},"headline":"Des soldats de la garde rapproch\u00e9e de Soro reconnaissent avoir \u00ab\u00a0jet\u00e9\u00a0\u00bb des armes dans la lagune","datePublished":"2021-05-30T16:01:34+00:00","dateModified":"2021-05-30T17:17:38+00:00","mainEntityOfPage":{"@id":"https:\/\/www.africa-press.net\/cotedivoire\/politique\/assinie-cote-divoire-des-soldats-de-la-garde-rapprochee-de-soro-reconnaissent-avoir-jete-des-armes-dans-la-lagune"},"wordCount":441,"commentCount":0,"image":{"@id":"https:\/\/www.africa-press.net\/cotedivoire\/politique\/assinie-cote-divoire-des-soldats-de-la-garde-rapprochee-de-soro-reconnaissent-avoir-jete-des-armes-dans-la-lagune#primaryimage"},"thumbnailUrl":"https:\/\/static.africa-press.net\/cote\/sites\/43\/2021\/05\/img-60b3a7d0c771f.jpg","keywords":["Africa Press","Africa Press-C\u00f4te d'Ivoire","C\u00d4TE D'IVOIRE"],"articleSection":["homepage-french","Politique","Toutes les actualit\u00e9s"],"inLanguage":"fr-FR","potentialAction":[{"@type":"CommentAction","name":"Comment","target":["https:\/\/www.africa-press.net\/cotedivoire\/politique\/assinie-cote-divoire-des-soldats-de-la-garde-rapprochee-de-soro-reconnaissent-avoir-jete-des-armes-dans-la-lagune#respond"]}]},{"@type":"WebPage","@id":"https:\/\/www.africa-press.net\/cotedivoire\/politique\/assinie-cote-divoire-des-soldats-de-la-garde-rapprochee-de-soro-reconnaissent-avoir-jete-des-armes-dans-la-lagune","url":"https:\/\/www.africa-press.net\/cotedivoire\/politique\/assinie-cote-divoire-des-soldats-de-la-garde-rapprochee-de-soro-reconnaissent-avoir-jete-des-armes-dans-la-lagune","name":"Des soldats de la garde rapproch\u00e9e de Soro reconnaissent avoir \u00ab\u00a0jet\u00e9\u00a0\u00bb des armes dans la lagune - C\u00f4te d&#039;Ivoire","isPartOf":{"@id":"https:\/\/www.africa-press.net\/cotedivoire\/#website"},"primaryImageOfPage":{"@id":"https:\/\/www.africa-press.net\/cotedivoire\/politique\/assinie-cote-divoire-des-soldats-de-la-garde-rapprochee-de-soro-reconnaissent-avoir-jete-des-armes-dans-la-lagune#primaryimage"},"image":{"@id":"https:\/\/www.africa-press.net\/cotedivoire\/politique\/assinie-cote-divoire-des-soldats-de-la-garde-rapprochee-de-soro-reconnaissent-avoir-jete-des-armes-dans-la-lagune#primaryimage"},"thumbnailUrl":"https:\/\/static.africa-press.net\/cote\/sites\/43\/2021\/05\/img-60b3a7d0c771f.jpg","datePublished":"2021-05-30T16:01:34+00:00","dateModified":"2021-05-30T17:17:38+00:00","author":{"@id":"https:\/\/www.africa-press.net\/cotedivoire\/#\/schema\/person\/2b1cf3cd81a31e3cd26889ca66d677f1"},"description":"Lu pour vous R\u00e9sumons. En d\u00e9cembre 2019, la t\u00e9l\u00e9vision ivoirienne avait d\u00e9voil\u00e9 une vid\u00e9o et des images d\u2019une d\u00e9couvert ...","breadcrumb":{"@id":"https:\/\/www.africa-press.net\/cotedivoire\/politique\/assinie-cote-divoire-des-soldats-de-la-garde-rapprochee-de-soro-reconnaissent-avoir-jete-des-armes-dans-la-lagune#breadcrumb"},"inLanguage":"fr-FR","potentialAction":[{"@type":"ReadAction","target":["https:\/\/www.africa-press.net\/cotedivoire\/politique\/assinie-cote-divoire-des-soldats-de-la-garde-rapprochee-de-soro-reconnaissent-avoir-jete-des-armes-dans-la-lagune"]}]},{"@type":"ImageObject","inLanguage":"fr-FR","@id":"https:\/\/www.africa-press.net\/cotedivoire\/politique\/assinie-cote-divoire-des-soldats-de-la-garde-rapprochee-de-soro-reconnaissent-avoir-jete-des-armes-dans-la-lagune#primaryimage","url":"https:\/\/static.africa-press.net\/cote\/sites\/43\/2021\/05\/img-60b3a7d0c771f.jpg","contentUrl":"https:\/\/static.africa-press.net\/cote\/sites\/43\/2021\/05\/img-60b3a7d0c771f.jpg","width":720,"height":405,"caption":"Assinie\/C\u00f4te-d\u2019Ivoire: Des soldats de la garde rapproch\u00e9e de Soro reconnaissent avoir \u00ab\u00a0jet\u00e9\u00a0\u00bb des armes dans la lagune"},{"@type":"BreadcrumbList","@id":"https:\/\/www.africa-press.net\/cotedivoire\/politique\/assinie-cote-divoire-des-soldats-de-la-garde-rapprochee-de-soro-reconnaissent-avoir-jete-des-armes-dans-la-lagune#breadcrumb","itemListElement":[{"@type":"ListItem","position":1,"name":"Accueil","item":"https:\/\/www.africa-press.net\/cotedivoire\/"},{"@type":"ListItem","position":2,"name":"Des soldats de la garde rapproch\u00e9e de Soro reconnaissent avoir \u00ab\u00a0jet\u00e9\u00a0\u00bb des armes dans la lagune"}]},{"@type":"WebSite","@id":"https:\/\/www.africa-press.net\/cotedivoire\/#website","url":"https:\/\/www.africa-press.net\/cotedivoire\/","name":"C\u00f4te d&#039;Ivoire","description":"Just another Africa News Agency Sites site","potentialAction":[{"@type":"SearchAction","target":{"@type":"EntryPoint","urlTemplate":"https:\/\/www.africa-press.net\/cotedivoire\/?s={search_term_string}"},"query-input":{"@type":"PropertyValueSpecification","valueRequired":true,"valueName":"search_term_string"}}],"inLanguage":"fr-FR"},{"@type":"Person","@id":"https:\/\/www.africa-press.net\/cotedivoire\/#\/schema\/person\/2b1cf3cd81a31e3cd26889ca66d677f1","name":"cfeditorfr"}]}},"_links":{"self":[{"href":"https:\/\/www.africa-press.net\/cotedivoire\/wp-json\/wp\/v2\/posts\/8390","targetHints":{"allow":["GET"]}}],"collection":[{"href":"https:\/\/www.africa-press.net\/cotedivoire\/wp-json\/wp\/v2\/posts"}],"about":[{"href":"https:\/\/www.africa-press.net\/cotedivoire\/wp-json\/wp\/v2\/types\/post"}],"author":[{"embeddable":true,"href":"https:\/\/www.africa-press.net\/cotedivoire\/wp-json\/wp\/v2\/users\/82"}],"replies":[{"embeddable":true,"href":"https:\/\/www.africa-press.net\/cotedivoire\/wp-json\/wp\/v2\/comments?post=8390"}],"version-history":[{"count":0,"href":"https:\/\/www.africa-press.net\/cotedivoire\/wp-json\/wp\/v2\/posts\/8390\/revisions"}],"wp:featuredmedia":[{"embeddable":true,"href":"https:\/\/www.africa-press.net\/cotedivoire\/wp-json\/wp\/v2\/media\/8389"}],"wp:attachment":[{"href":"https:\/\/www.africa-press.net\/cotedivoire\/wp-json\/wp\/v2\/media?parent=8390"}],"wp:term":[{"taxonomy":"category","embeddable":true,"href":"https:\/\/www.africa-press.net\/cotedivoire\/wp-json\/wp\/v2\/categories?post=8390"},{"taxonomy":"post_tag","embeddable":true,"href":"https:\/\/www.africa-press.net\/cotedivoire\/wp-json\/wp\/v2\/tags?post=8390"}],"curies":[{"name":"wp","href":"https:\/\/api.w.org\/{rel}","templated":true}]}}