{"id":83909,"date":"2024-07-17T17:40:38","date_gmt":"2024-07-17T17:40:38","guid":{"rendered":"https:\/\/www.africa-press.net\/cotedivoire\/politique\/appel-a-lunion-de-lopposition-gbagbo-designe-danon-djedje-comme-interlocuteur-unique-pour-federer-les-differentes-tendances"},"modified":"2024-07-17T21:29:58","modified_gmt":"2024-07-17T21:29:58","slug":"appel-a-lunion-de-lopposition-gbagbo-designe-danon-djedje-comme-interlocuteur-unique-pour-federer-les-differentes-tendances","status":"publish","type":"post","link":"https:\/\/www.africa-press.net\/cotedivoire\/politique\/appel-a-lunion-de-lopposition-gbagbo-designe-danon-djedje-comme-interlocuteur-unique-pour-federer-les-differentes-tendances","title":{"rendered":"Appel \u00e0 l&rsquo;union de l&rsquo;opposition, Gbagbo d\u00e9signe Danon Dj\u00e9dj\u00e9 comme interlocuteur unique pour f\u00e9d\u00e9rer les diff\u00e9rentes tendances"},"content":{"rendered":"<p><span style=\"color: #ff6600\"><strong>Africa-Press &#8211; C\u00f4te d&rsquo;Ivoire. <\/strong><\/span>Le dimanche 14 juillet 2024, lors d&rsquo;un meeting a\u0300 la place Amangoua, Laurent Gbagbo, pre\u0301sident du Parti des Peuples Africains-Co\u0302te d&rsquo;Ivoire (PPA-CI) a lance\u0301 un appel a\u0300 l&rsquo;unite\u0301 de l&rsquo;opposition.<\/p>\n<p>Devant une foule enthousiaste et attentive, l&rsquo;ancien pre\u0301sident a exprime\u0301 son de\u0301sir de voir les forces oppose\u0301es au gouvernement actuel se rassembler pour construire une alternative forte et cre\u0301dible en vue des e\u0301lections de 2025.<\/p>\n<p>Dans son discours Laurent Gbagbo, a de\u0301clare\u0301: \u00ab J&rsquo;ouvre mes bras a\u0300 tous ceux qui veulent un rassemblement clair, politique, sain pour battre ce gouvernement. J&rsquo;ouvre les bras, et je les attends. \u00bb<\/p>\n<p>Ces mots, lourds de sens, traduisent la volonte\u0301 de l&rsquo;ex-pre\u0301sident de tourner la page d&rsquo;une Co\u0302te d&rsquo;Ivoire marque\u0301e par des anne\u0301es de division et de souffrance pour les populations. Le natif de Mama aspire a\u0300 ouvrir un nouveau chapitre de l&rsquo;histoire nationale, un chapitre caracte\u0301rise\u0301 par l&rsquo;unite\u0301, la prospe\u0301rite\u0301 et le progre\u0300s pour tous.<\/p>\n<p>Pour mate\u0301rialiser cette ambition, l&rsquo;ancien code\u0301tenu de Ble\u0301 Goude\u0301 a\u0300 la cour pe\u0301nale internationale (CPI) a de\u0301signe\u0301 le Ministre Se\u0301bastien Danon Dje\u0301dje\u0301 comme l&rsquo;interlocuteur unique pour toutes les personnes de\u0301sireuses de le rejoindre dans ce combat.<\/p>\n<p>Ce choix n&rsquo;est pas anodin. Se\u0301bastien Danon Dje\u0301dje\u0301, ancien ministre de la re\u0301conciliation de Gbagbo devra donc fe\u0301de\u0301rer les diffe\u0301rentes tendances de l&rsquo;opposition. En tant que Pre\u0301sident-Exe\u0301cutif du PPA-CI, il aura la lourde ta\u0302che de coordonner les efforts de toutes les forces oppose\u0301es au gouvernement en place.<\/p>\n<p>L&rsquo;appel a\u0300 l&rsquo;unite\u0301 lance\u0301 par Gbagbo depuis Bonoua, a e\u0301te\u0301 perc\u0327u par certains observateurs comme le signe d&rsquo;une nouvelle dynamique au sein de l&rsquo;opposition, une dynamique ne\u0301cessaire pour espe\u0301rer un changement significatif lors des prochaines e\u0301che\u0301ances e\u0301lectorales.<\/p>\n<p>La de\u0301signation de Se\u0301bastien Danon Dje\u0301dje\u0301 comme interlocuteur unique marque e\u0301galement un tournant dans la strate\u0301gie politique de Laurent Gbagbo. Conscient des divisions qui ont souvent affaibli l&rsquo;opposition par le passe\u0301, l&rsquo;ancien pre\u0301sident mise sur une approche plus unitaire et concerte\u0301e. En confiant cette responsabilite\u0301 a\u0300 une seule personne, Gbagbo cherche a\u0300 e\u0301viter les querelles intestines et a\u0300 pre\u0301senter un front uni face a\u0300 l&rsquo;adversite\u0301.<\/p>\n<p>Se\u0301bastien Dano Dje\u0301dje\u0301, de son co\u0302te\u0301, a accueilli cette mission avec un me\u0301lange de gravite\u0301 et de de\u0301termination.<\/p>\n<p>Le meeting de Bonoua a e\u0301galement e\u0301te\u0301 l&rsquo;occasion pour l&rsquo;ex-pre\u0301sident ivoirien de rappeler les enjeux cruciaux des e\u0301lections de 2025. Selon lui, il ne s&rsquo;agit pas seulement de changer de gouvernement, mais de redonner espoir a\u0300 des populations e\u0301prouve\u0301es par des anne\u0301es de crise. \u00ab Ensemble, faisons de 2025 l&rsquo;anne\u0301e du renouveau et du triomphe pour une Co\u0302te d&rsquo;Ivoire unie et prospe\u0300re \u00bb, a-t-il lance\u0301 a\u0300 la foule. Ce message, porteur d&rsquo;espoir et de mobilisation, a re\u0301sonne\u0301 comme un appel a\u0300 l&rsquo;action pour tous les opposants au re\u0301gime actuel.<\/p>\n<p>Les prochains mois s&rsquo;annoncent donc de\u0301terminants pour l&rsquo;opposition ivoirienne. La de\u0301signation de Se\u0301bastien Danon Dje\u0301dje\u0301 comme interlocuteur unique ouvre une nouvelle page de concertation et de pre\u0301paration strate\u0301gique. Il s&rsquo;agira de mobiliser toutes les e\u0301nergies, de fe\u0301de\u0301rer les diffe\u0301rentes composantes de l&rsquo;opposition et de pre\u0301senter un projet commun capable de convaincre les e\u0301lecteurs. Le de\u0301fi est de taille, mais l&rsquo;espoir est permis.<\/p>\n<p>En conclusion, le meeting de Bonoua marque un tournant important pour Laurent Gbagbo et l&rsquo;opposition ivoirienne. L&rsquo;appel a\u0300 l&rsquo;unite\u0301 et la de\u0301signation de Se\u0301bastien Danon Dje\u0301dje\u0301 comme interlocuteur unique sont des gestes forts qui te\u0301moignent de la volonte\u0301 de construire une alternative cre\u0301dible au gouvernement en place.<\/p>\n<p>L&rsquo;avenir dira si cette strate\u0301gie portera ses fruits, mais pour l&rsquo;heure, c&rsquo;est un souffle d&rsquo;espoir et de mobilisation qui traverse les rangs de l&rsquo;opposition ivoirienne.<\/p>\n<p><strong>Pour plus d&rsquo;informations et d&rsquo;analyses sur la C\u00f4te d&rsquo;Ivoire, suivez Africa-Press<\/strong><\/p>\n","protected":false},"excerpt":{"rendered":"<p>Africa-Press &#8211; C\u00f4te d&rsquo;Ivoire. Le dimanche 14 juillet 2024, lors d&rsquo;un meeting a\u0300 la place Amangoua, Laurent Gbagbo, pre\u0301sident du Parti des Peuples Africains-Co\u0302te d&rsquo;Ivoire (PPA-CI) a lance\u0301 un appel a\u0300 l&rsquo;unite\u0301 de l&rsquo;opposition. Devant une foule enthousiaste et attentive, l&rsquo;ancien pre\u0301sident a exprime\u0301 son de\u0301sir de voir les forces oppose\u0301es au gouvernement actuel se [&hellip;]<\/p>\n","protected":false},"author":82,"featured_media":83908,"comment_status":"open","ping_status":"closed","sticky":false,"template":"","format":"standard","meta":{"footnotes":""},"categories":[2,10],"tags":[495,1004,29,693,2098,320,762,912,4804,3500,1952],"class_list":["post-83909","post","type-post","status-publish","format-standard","has-post-thumbnail","hentry","category-politique","category-toutes-les-actualites","tag-ble-goude","tag-bonoua","tag-cote-divoire","tag-cpi","tag-danon-djedje","tag-gbagbo","tag-gouvernement","tag-mama","tag-meeting","tag-opposition","tag-ppa-ci"],"yoast_head":"<!-- This site is optimized with the Yoast SEO Premium plugin v26.1 (Yoast SEO v27.0) - https:\/\/yoast.com\/product\/yoast-seo-premium-wordpress\/ -->\n<title>Appel \u00e0 l&#039;union de l&#039;opposition, Gbagbo d\u00e9signe Danon Dj\u00e9dj\u00e9 comme interlocuteur unique pour f\u00e9d\u00e9rer les diff\u00e9rentes tendances - C\u00f4te d&#039;Ivoire<\/title>\n<meta name=\"description\" content=\"Le dimanche 14 juillet 2024, lors d&#039;un meeting a\u0300 la place Amangoua, Laurent Gbagbo, pre\u0301sident du Parti des Peuples Afr ...\" \/>\n<meta name=\"robots\" content=\"index, follow, max-snippet:-1, max-image-preview:large, max-video-preview:-1\" \/>\n<link rel=\"canonical\" href=\"https:\/\/www.africa-press.net\/cotedivoire\/politique\/appel-a-lunion-de-lopposition-gbagbo-designe-danon-djedje-comme-interlocuteur-unique-pour-federer-les-differentes-tendances\" \/>\n<meta property=\"og:locale\" content=\"fr_FR\" \/>\n<meta property=\"og:type\" content=\"article\" \/>\n<meta property=\"og:title\" content=\"Appel \u00e0 l&#039;union de l&#039;opposition, Gbagbo d\u00e9signe Danon Dj\u00e9dj\u00e9 comme interlocuteur unique pour f\u00e9d\u00e9rer les diff\u00e9rentes tendances\" \/>\n<meta property=\"og:description\" content=\"Le dimanche 14 juillet 2024, lors d&#039;un meeting a\u0300 la place Amangoua, Laurent Gbagbo, pre\u0301sident du Parti des Peuples Afr ...\" \/>\n<meta property=\"og:url\" content=\"https:\/\/www.africa-press.net\/cotedivoire\/politique\/appel-a-lunion-de-lopposition-gbagbo-designe-danon-djedje-comme-interlocuteur-unique-pour-federer-les-differentes-tendances\" \/>\n<meta property=\"og:site_name\" content=\"C\u00f4te d&#039;Ivoire\" \/>\n<meta property=\"article:published_time\" content=\"2024-07-17T17:40:38+00:00\" \/>\n<meta property=\"article:modified_time\" content=\"2024-07-17T21:29:58+00:00\" \/>\n<meta property=\"og:image\" content=\"https:\/\/static.africa-press.net\/cote\/sites\/43\/2024\/07\/sm_1721227068.124141.jpg\" \/>\n\t<meta property=\"og:image:width\" content=\"720\" \/>\n\t<meta property=\"og:image:height\" content=\"380\" \/>\n\t<meta property=\"og:image:type\" content=\"image\/jpeg\" \/>\n<meta name=\"author\" content=\"cfeditorfr\" \/>\n<meta name=\"twitter:card\" content=\"summary_large_image\" \/>\n<meta name=\"twitter:label1\" content=\"\u00c9crit par\" \/>\n\t<meta name=\"twitter:data1\" content=\"cfeditorfr\" \/>\n\t<meta name=\"twitter:label2\" content=\"Dur\u00e9e de lecture estim\u00e9e\" \/>\n\t<meta name=\"twitter:data2\" content=\"4 minutes\" \/>\n<script type=\"application\/ld+json\" class=\"yoast-schema-graph\">{\"@context\":\"https:\/\/schema.org\",\"@graph\":[{\"@type\":\"Article\",\"@id\":\"https:\/\/www.africa-press.net\/cotedivoire\/politique\/appel-a-lunion-de-lopposition-gbagbo-designe-danon-djedje-comme-interlocuteur-unique-pour-federer-les-differentes-tendances#article\",\"isPartOf\":{\"@id\":\"https:\/\/www.africa-press.net\/cotedivoire\/politique\/appel-a-lunion-de-lopposition-gbagbo-designe-danon-djedje-comme-interlocuteur-unique-pour-federer-les-differentes-tendances\"},\"author\":{\"name\":\"cfeditorfr\",\"@id\":\"https:\/\/www.africa-press.net\/cotedivoire\/#\/schema\/person\/2b1cf3cd81a31e3cd26889ca66d677f1\"},\"headline\":\"Appel \u00e0 l&rsquo;union de l&rsquo;opposition, Gbagbo d\u00e9signe Danon Dj\u00e9dj\u00e9 comme interlocuteur unique pour f\u00e9d\u00e9rer les diff\u00e9rentes tendances\",\"datePublished\":\"2024-07-17T17:40:38+00:00\",\"dateModified\":\"2024-07-17T21:29:58+00:00\",\"mainEntityOfPage\":{\"@id\":\"https:\/\/www.africa-press.net\/cotedivoire\/politique\/appel-a-lunion-de-lopposition-gbagbo-designe-danon-djedje-comme-interlocuteur-unique-pour-federer-les-differentes-tendances\"},\"wordCount\":740,\"commentCount\":0,\"image\":{\"@id\":\"https:\/\/www.africa-press.net\/cotedivoire\/politique\/appel-a-lunion-de-lopposition-gbagbo-designe-danon-djedje-comme-interlocuteur-unique-pour-federer-les-differentes-tendances#primaryimage\"},\"thumbnailUrl\":\"https:\/\/static.africa-press.net\/cote\/sites\/43\/2024\/07\/sm_1721227068.124141.jpg\",\"keywords\":[\"Bl\u00e9 Goud\u00e9\",\"Bonoua\",\"C\u00d4TE D'IVOIRE\",\"Cpi\",\"Danon Dj\u00e9dj\u00e9\",\"Gbagbo\",\"Gouvernement\",\"Mama\",\"meeting\",\"opposition\",\"PPA-CI\"],\"articleSection\":[\"Politique\",\"Toutes les actualit\u00e9s\"],\"inLanguage\":\"fr-FR\",\"potentialAction\":[{\"@type\":\"CommentAction\",\"name\":\"Comment\",\"target\":[\"https:\/\/www.africa-press.net\/cotedivoire\/politique\/appel-a-lunion-de-lopposition-gbagbo-designe-danon-djedje-comme-interlocuteur-unique-pour-federer-les-differentes-tendances#respond\"]}]},{\"@type\":\"WebPage\",\"@id\":\"https:\/\/www.africa-press.net\/cotedivoire\/politique\/appel-a-lunion-de-lopposition-gbagbo-designe-danon-djedje-comme-interlocuteur-unique-pour-federer-les-differentes-tendances\",\"url\":\"https:\/\/www.africa-press.net\/cotedivoire\/politique\/appel-a-lunion-de-lopposition-gbagbo-designe-danon-djedje-comme-interlocuteur-unique-pour-federer-les-differentes-tendances\",\"name\":\"Appel \u00e0 l'union de l'opposition, Gbagbo d\u00e9signe Danon Dj\u00e9dj\u00e9 comme interlocuteur unique pour f\u00e9d\u00e9rer les diff\u00e9rentes tendances - C\u00f4te d&#039;Ivoire\",\"isPartOf\":{\"@id\":\"https:\/\/www.africa-press.net\/cotedivoire\/#website\"},\"primaryImageOfPage\":{\"@id\":\"https:\/\/www.africa-press.net\/cotedivoire\/politique\/appel-a-lunion-de-lopposition-gbagbo-designe-danon-djedje-comme-interlocuteur-unique-pour-federer-les-differentes-tendances#primaryimage\"},\"image\":{\"@id\":\"https:\/\/www.africa-press.net\/cotedivoire\/politique\/appel-a-lunion-de-lopposition-gbagbo-designe-danon-djedje-comme-interlocuteur-unique-pour-federer-les-differentes-tendances#primaryimage\"},\"thumbnailUrl\":\"https:\/\/static.africa-press.net\/cote\/sites\/43\/2024\/07\/sm_1721227068.124141.jpg\",\"datePublished\":\"2024-07-17T17:40:38+00:00\",\"dateModified\":\"2024-07-17T21:29:58+00:00\",\"author\":{\"@id\":\"https:\/\/www.africa-press.net\/cotedivoire\/#\/schema\/person\/2b1cf3cd81a31e3cd26889ca66d677f1\"},\"description\":\"Le dimanche 14 juillet 2024, lors d'un meeting a\u0300 la place Amangoua, Laurent Gbagbo, pre\u0301sident du Parti des Peuples Afr ...\",\"breadcrumb\":{\"@id\":\"https:\/\/www.africa-press.net\/cotedivoire\/politique\/appel-a-lunion-de-lopposition-gbagbo-designe-danon-djedje-comme-interlocuteur-unique-pour-federer-les-differentes-tendances#breadcrumb\"},\"inLanguage\":\"fr-FR\",\"potentialAction\":[{\"@type\":\"ReadAction\",\"target\":[\"https:\/\/www.africa-press.net\/cotedivoire\/politique\/appel-a-lunion-de-lopposition-gbagbo-designe-danon-djedje-comme-interlocuteur-unique-pour-federer-les-differentes-tendances\"]}]},{\"@type\":\"ImageObject\",\"inLanguage\":\"fr-FR\",\"@id\":\"https:\/\/www.africa-press.net\/cotedivoire\/politique\/appel-a-lunion-de-lopposition-gbagbo-designe-danon-djedje-comme-interlocuteur-unique-pour-federer-les-differentes-tendances#primaryimage\",\"url\":\"https:\/\/static.africa-press.net\/cote\/sites\/43\/2024\/07\/sm_1721227068.124141.jpg\",\"contentUrl\":\"https:\/\/static.africa-press.net\/cote\/sites\/43\/2024\/07\/sm_1721227068.124141.jpg\",\"width\":720,\"height\":380,\"caption\":\"Appel \u00e0 l'union de l'opposition, Gbagbo d\u00e9signe Danon Dj\u00e9dj\u00e9 comme interlocuteur unique pour f\u00e9d\u00e9rer les diff\u00e9rentes tendances\"},{\"@type\":\"BreadcrumbList\",\"@id\":\"https:\/\/www.africa-press.net\/cotedivoire\/politique\/appel-a-lunion-de-lopposition-gbagbo-designe-danon-djedje-comme-interlocuteur-unique-pour-federer-les-differentes-tendances#breadcrumb\",\"itemListElement\":[{\"@type\":\"ListItem\",\"position\":1,\"name\":\"Accueil\",\"item\":\"https:\/\/www.africa-press.net\/cotedivoire\/\"},{\"@type\":\"ListItem\",\"position\":2,\"name\":\"Appel \u00e0 l&#8217;union de l&#8217;opposition, Gbagbo d\u00e9signe Danon Dj\u00e9dj\u00e9 comme interlocuteur unique pour f\u00e9d\u00e9rer les diff\u00e9rentes tendances\"}]},{\"@type\":\"WebSite\",\"@id\":\"https:\/\/www.africa-press.net\/cotedivoire\/#website\",\"url\":\"https:\/\/www.africa-press.net\/cotedivoire\/\",\"name\":\"C\u00f4te d&#039;Ivoire\",\"description\":\"Just another Africa News Agency Sites site\",\"potentialAction\":[{\"@type\":\"SearchAction\",\"target\":{\"@type\":\"EntryPoint\",\"urlTemplate\":\"https:\/\/www.africa-press.net\/cotedivoire\/?s={search_term_string}\"},\"query-input\":{\"@type\":\"PropertyValueSpecification\",\"valueRequired\":true,\"valueName\":\"search_term_string\"}}],\"inLanguage\":\"fr-FR\"},{\"@type\":\"Person\",\"@id\":\"https:\/\/www.africa-press.net\/cotedivoire\/#\/schema\/person\/2b1cf3cd81a31e3cd26889ca66d677f1\",\"name\":\"cfeditorfr\"}]}<\/script>\n<!-- \/ Yoast SEO Premium plugin. -->","yoast_head_json":{"title":"Appel \u00e0 l'union de l'opposition, Gbagbo d\u00e9signe Danon Dj\u00e9dj\u00e9 comme interlocuteur unique pour f\u00e9d\u00e9rer les diff\u00e9rentes tendances - C\u00f4te d&#039;Ivoire","description":"Le dimanche 14 juillet 2024, lors d'un meeting a\u0300 la place Amangoua, Laurent Gbagbo, pre\u0301sident du Parti des Peuples Afr ...","robots":{"index":"index","follow":"follow","max-snippet":"max-snippet:-1","max-image-preview":"max-image-preview:large","max-video-preview":"max-video-preview:-1"},"canonical":"https:\/\/www.africa-press.net\/cotedivoire\/politique\/appel-a-lunion-de-lopposition-gbagbo-designe-danon-djedje-comme-interlocuteur-unique-pour-federer-les-differentes-tendances","og_locale":"fr_FR","og_type":"article","og_title":"Appel \u00e0 l'union de l'opposition, Gbagbo d\u00e9signe Danon Dj\u00e9dj\u00e9 comme interlocuteur unique pour f\u00e9d\u00e9rer les diff\u00e9rentes tendances","og_description":"Le dimanche 14 juillet 2024, lors d'un meeting a\u0300 la place Amangoua, Laurent Gbagbo, pre\u0301sident du Parti des Peuples Afr ...","og_url":"https:\/\/www.africa-press.net\/cotedivoire\/politique\/appel-a-lunion-de-lopposition-gbagbo-designe-danon-djedje-comme-interlocuteur-unique-pour-federer-les-differentes-tendances","og_site_name":"C\u00f4te d&#039;Ivoire","article_published_time":"2024-07-17T17:40:38+00:00","article_modified_time":"2024-07-17T21:29:58+00:00","og_image":[{"width":720,"height":380,"url":"https:\/\/static.africa-press.net\/cote\/sites\/43\/2024\/07\/sm_1721227068.124141.jpg","type":"image\/jpeg"}],"author":"cfeditorfr","twitter_card":"summary_large_image","twitter_misc":{"\u00c9crit par":"cfeditorfr","Dur\u00e9e de lecture estim\u00e9e":"4 minutes"},"schema":{"@context":"https:\/\/schema.org","@graph":[{"@type":"Article","@id":"https:\/\/www.africa-press.net\/cotedivoire\/politique\/appel-a-lunion-de-lopposition-gbagbo-designe-danon-djedje-comme-interlocuteur-unique-pour-federer-les-differentes-tendances#article","isPartOf":{"@id":"https:\/\/www.africa-press.net\/cotedivoire\/politique\/appel-a-lunion-de-lopposition-gbagbo-designe-danon-djedje-comme-interlocuteur-unique-pour-federer-les-differentes-tendances"},"author":{"name":"cfeditorfr","@id":"https:\/\/www.africa-press.net\/cotedivoire\/#\/schema\/person\/2b1cf3cd81a31e3cd26889ca66d677f1"},"headline":"Appel \u00e0 l&rsquo;union de l&rsquo;opposition, Gbagbo d\u00e9signe Danon Dj\u00e9dj\u00e9 comme interlocuteur unique pour f\u00e9d\u00e9rer les diff\u00e9rentes tendances","datePublished":"2024-07-17T17:40:38+00:00","dateModified":"2024-07-17T21:29:58+00:00","mainEntityOfPage":{"@id":"https:\/\/www.africa-press.net\/cotedivoire\/politique\/appel-a-lunion-de-lopposition-gbagbo-designe-danon-djedje-comme-interlocuteur-unique-pour-federer-les-differentes-tendances"},"wordCount":740,"commentCount":0,"image":{"@id":"https:\/\/www.africa-press.net\/cotedivoire\/politique\/appel-a-lunion-de-lopposition-gbagbo-designe-danon-djedje-comme-interlocuteur-unique-pour-federer-les-differentes-tendances#primaryimage"},"thumbnailUrl":"https:\/\/static.africa-press.net\/cote\/sites\/43\/2024\/07\/sm_1721227068.124141.jpg","keywords":["Bl\u00e9 Goud\u00e9","Bonoua","C\u00d4TE D'IVOIRE","Cpi","Danon Dj\u00e9dj\u00e9","Gbagbo","Gouvernement","Mama","meeting","opposition","PPA-CI"],"articleSection":["Politique","Toutes les actualit\u00e9s"],"inLanguage":"fr-FR","potentialAction":[{"@type":"CommentAction","name":"Comment","target":["https:\/\/www.africa-press.net\/cotedivoire\/politique\/appel-a-lunion-de-lopposition-gbagbo-designe-danon-djedje-comme-interlocuteur-unique-pour-federer-les-differentes-tendances#respond"]}]},{"@type":"WebPage","@id":"https:\/\/www.africa-press.net\/cotedivoire\/politique\/appel-a-lunion-de-lopposition-gbagbo-designe-danon-djedje-comme-interlocuteur-unique-pour-federer-les-differentes-tendances","url":"https:\/\/www.africa-press.net\/cotedivoire\/politique\/appel-a-lunion-de-lopposition-gbagbo-designe-danon-djedje-comme-interlocuteur-unique-pour-federer-les-differentes-tendances","name":"Appel \u00e0 l'union de l'opposition, Gbagbo d\u00e9signe Danon Dj\u00e9dj\u00e9 comme interlocuteur unique pour f\u00e9d\u00e9rer les diff\u00e9rentes tendances - C\u00f4te d&#039;Ivoire","isPartOf":{"@id":"https:\/\/www.africa-press.net\/cotedivoire\/#website"},"primaryImageOfPage":{"@id":"https:\/\/www.africa-press.net\/cotedivoire\/politique\/appel-a-lunion-de-lopposition-gbagbo-designe-danon-djedje-comme-interlocuteur-unique-pour-federer-les-differentes-tendances#primaryimage"},"image":{"@id":"https:\/\/www.africa-press.net\/cotedivoire\/politique\/appel-a-lunion-de-lopposition-gbagbo-designe-danon-djedje-comme-interlocuteur-unique-pour-federer-les-differentes-tendances#primaryimage"},"thumbnailUrl":"https:\/\/static.africa-press.net\/cote\/sites\/43\/2024\/07\/sm_1721227068.124141.jpg","datePublished":"2024-07-17T17:40:38+00:00","dateModified":"2024-07-17T21:29:58+00:00","author":{"@id":"https:\/\/www.africa-press.net\/cotedivoire\/#\/schema\/person\/2b1cf3cd81a31e3cd26889ca66d677f1"},"description":"Le dimanche 14 juillet 2024, lors d'un meeting a\u0300 la place Amangoua, Laurent Gbagbo, pre\u0301sident du Parti des Peuples Afr ...","breadcrumb":{"@id":"https:\/\/www.africa-press.net\/cotedivoire\/politique\/appel-a-lunion-de-lopposition-gbagbo-designe-danon-djedje-comme-interlocuteur-unique-pour-federer-les-differentes-tendances#breadcrumb"},"inLanguage":"fr-FR","potentialAction":[{"@type":"ReadAction","target":["https:\/\/www.africa-press.net\/cotedivoire\/politique\/appel-a-lunion-de-lopposition-gbagbo-designe-danon-djedje-comme-interlocuteur-unique-pour-federer-les-differentes-tendances"]}]},{"@type":"ImageObject","inLanguage":"fr-FR","@id":"https:\/\/www.africa-press.net\/cotedivoire\/politique\/appel-a-lunion-de-lopposition-gbagbo-designe-danon-djedje-comme-interlocuteur-unique-pour-federer-les-differentes-tendances#primaryimage","url":"https:\/\/static.africa-press.net\/cote\/sites\/43\/2024\/07\/sm_1721227068.124141.jpg","contentUrl":"https:\/\/static.africa-press.net\/cote\/sites\/43\/2024\/07\/sm_1721227068.124141.jpg","width":720,"height":380,"caption":"Appel \u00e0 l'union de l'opposition, Gbagbo d\u00e9signe Danon Dj\u00e9dj\u00e9 comme interlocuteur unique pour f\u00e9d\u00e9rer les diff\u00e9rentes tendances"},{"@type":"BreadcrumbList","@id":"https:\/\/www.africa-press.net\/cotedivoire\/politique\/appel-a-lunion-de-lopposition-gbagbo-designe-danon-djedje-comme-interlocuteur-unique-pour-federer-les-differentes-tendances#breadcrumb","itemListElement":[{"@type":"ListItem","position":1,"name":"Accueil","item":"https:\/\/www.africa-press.net\/cotedivoire\/"},{"@type":"ListItem","position":2,"name":"Appel \u00e0 l&#8217;union de l&#8217;opposition, Gbagbo d\u00e9signe Danon Dj\u00e9dj\u00e9 comme interlocuteur unique pour f\u00e9d\u00e9rer les diff\u00e9rentes tendances"}]},{"@type":"WebSite","@id":"https:\/\/www.africa-press.net\/cotedivoire\/#website","url":"https:\/\/www.africa-press.net\/cotedivoire\/","name":"C\u00f4te d&#039;Ivoire","description":"Just another Africa News Agency Sites site","potentialAction":[{"@type":"SearchAction","target":{"@type":"EntryPoint","urlTemplate":"https:\/\/www.africa-press.net\/cotedivoire\/?s={search_term_string}"},"query-input":{"@type":"PropertyValueSpecification","valueRequired":true,"valueName":"search_term_string"}}],"inLanguage":"fr-FR"},{"@type":"Person","@id":"https:\/\/www.africa-press.net\/cotedivoire\/#\/schema\/person\/2b1cf3cd81a31e3cd26889ca66d677f1","name":"cfeditorfr"}]}},"_links":{"self":[{"href":"https:\/\/www.africa-press.net\/cotedivoire\/wp-json\/wp\/v2\/posts\/83909","targetHints":{"allow":["GET"]}}],"collection":[{"href":"https:\/\/www.africa-press.net\/cotedivoire\/wp-json\/wp\/v2\/posts"}],"about":[{"href":"https:\/\/www.africa-press.net\/cotedivoire\/wp-json\/wp\/v2\/types\/post"}],"author":[{"embeddable":true,"href":"https:\/\/www.africa-press.net\/cotedivoire\/wp-json\/wp\/v2\/users\/82"}],"replies":[{"embeddable":true,"href":"https:\/\/www.africa-press.net\/cotedivoire\/wp-json\/wp\/v2\/comments?post=83909"}],"version-history":[{"count":0,"href":"https:\/\/www.africa-press.net\/cotedivoire\/wp-json\/wp\/v2\/posts\/83909\/revisions"}],"wp:featuredmedia":[{"embeddable":true,"href":"https:\/\/www.africa-press.net\/cotedivoire\/wp-json\/wp\/v2\/media\/83908"}],"wp:attachment":[{"href":"https:\/\/www.africa-press.net\/cotedivoire\/wp-json\/wp\/v2\/media?parent=83909"}],"wp:term":[{"taxonomy":"category","embeddable":true,"href":"https:\/\/www.africa-press.net\/cotedivoire\/wp-json\/wp\/v2\/categories?post=83909"},{"taxonomy":"post_tag","embeddable":true,"href":"https:\/\/www.africa-press.net\/cotedivoire\/wp-json\/wp\/v2\/tags?post=83909"}],"curies":[{"name":"wp","href":"https:\/\/api.w.org\/{rel}","templated":true}]}}