{"id":84071,"date":"2024-07-19T13:40:57","date_gmt":"2024-07-19T13:40:57","guid":{"rendered":"https:\/\/www.africa-press.net\/cotedivoire\/politique\/adversite-des-clans-politiques-un-sociologue-crie-son-amertume-certains-de-nos-compatriotes-deviennent-agressifs-des-que-vous-ne-partagez-pas-leur-point-de-vue"},"modified":"2024-07-19T14:23:15","modified_gmt":"2024-07-19T14:23:15","slug":"adversite-des-clans-politiques-un-sociologue-crie-son-amertume-certains-de-nos-compatriotes-deviennent-agressifs-des-que-vous-ne-partagez-pas-leur-point-de-vue","status":"publish","type":"post","link":"https:\/\/www.africa-press.net\/cotedivoire\/politique\/adversite-des-clans-politiques-un-sociologue-crie-son-amertume-certains-de-nos-compatriotes-deviennent-agressifs-des-que-vous-ne-partagez-pas-leur-point-de-vue","title":{"rendered":"Adversit\u00e9 des clans politiques, un sociologue, crie son amertume : \u00ab Certains de nos compatriotes deviennent agressifs d\u00e8s que vous ne partagez pas leur point de vue \u00bb"},"content":{"rendered":"<p><span style=\"color: #ff6600\"><strong>Africa-Press &#8211; C\u00f4te d&rsquo;Ivoire. <\/strong><\/span>Les invectives et autres de\u0301rives langagie\u0300res constate\u0301es dans les discours politiques inquie\u0300tent. Il y a quelques mois en arrie\u0300re, la ministre de la Cohe\u0301sion sociale et de la lutte contre la pauvrete\u0301, Myss Belmonde Dogo, dans une de\u0301claration, invitait les acteurs politiques a\u0300 de\u0301sarmer leur propos, de sorte a\u0300 e\u0301viter une atmosphe\u0300re de crispation et de me\u0301fiance a\u0300 la veille de la pre\u0301sidentielle d\u2019octobre 2025.<\/p>\n<p>L\u2019appel de la ministre en charge de la cohe\u0301sion nationale et de la lutte contre la pauvrete\u0301, est manifestement tombe\u0301 dans des oreilles de sourds, puisque les discours de haine continuent d\u2019e\u0302tre ve\u0301hicule\u0301s par ces acteurs politiques. De quoi craindre donc pour cette future e\u0301lection pre\u0301sidentielle aux enjeux inde\u0301niables.<\/p>\n<p>Cette situation n\u2019a pas laisse\u0301 indiffe\u0301rent Satigui Kone\u0301, sociologue, e\u0301crivain et journaliste. Dans une contribution adresse\u0301e a\u0300 KOACI, il exprime son amertume et sa tristesse devant ce spectacle qui n\u2019augure rien de bon en cette veille de joutes e\u0301lectorales.<\/p>\n<p>\u201c L\u2019adversite\u0301 des clans politiques a de\u0301passe\u0301 la norme classique de divergence d\u2019ide\u0301es. Certains de nos compatriotes deviennent agressifs de\u0300s que vous ne partagez pas leur point de vue sur certaines questions. Le pays a mal a\u0300 sa cohe\u0301sion sociale. Le pays est gagne\u0301 par les incertitudes, et cela, depuis des de\u0301cennies\u201d, regrette Satigui Kone\u0301.<\/p>\n<p>Sa de\u0301solation est d\u2019autant plus grande que la classe politique ivoirienne, notamment les trois principaux partis politiques qui se livrent bataille depuis toujours, se re\u0301clament tous de l\u2019Houphoue\u0301tisme. \u201c Toute la classe politique ivoirienne se re\u0301clame pourtant d\u2019Houphoue\u0308t-Boigny. Le dialogue entre les leaders Ivoiriens est devenu un e\u0301ve\u0300nement quand il est amorce\u0301. Dans un pays ou\u0300 l\u2019hymne national est conclu par \u00ab la patrie de la vraie fraternite\u0301 \u00bb, chaque e\u0301lection est attendue par les populations avec anxie\u0301te\u0301 et la peur de voir des violences occasionnant des pertes en vies humaines\u201d, poursuit-il.<\/p>\n<p>La conse\u0301quence de l\u2019hypocrisie des politiques selon lui, saute aux yeux. \u201c La me\u0301fiance et la de\u0301fiance ont plombe\u0301 les relations humaines. La Co\u0302te d\u2019Ivoire a perdu de sa verve depuis des lustres. La caracte\u0301ristique premie\u0300re d\u2019un pays n\u2019est peut-e\u0302tre pas de faire peur. Mais, la Co\u0302te d\u2019Ivoire e\u0301tait crainte, respecte\u0301e ou admire\u0301e. La profonde division entre les Ivoiriens est l\u2019une des premie\u0300res causes de l\u2019effritement de la notorie\u0301te\u0301 du pays. Des Ivoiriens expriment a\u0300 profusion leur joie de voir la Co\u0302te d\u2019Ivoire e\u0302tre surpasse\u0301e par d\u2019autres pays africains. La Co\u0302te d\u2019Ivoire de la solidarite\u0301 est confondue, sinon, a disparu au profit des actions de se\u0301duction des e\u0301lecteurs a\u0300 la veille des e\u0301lections. Certains d\u2019entre nous, Ivoiriens, incitent a\u0300 la cre\u0301ation de groupes sur des bases politiques, qui se parlent avec haine, comme des ennemis. Trois camps herme\u0301tiquement oppose\u0301s ou\u0300 chacun souhaite presque la disparition des deux autres !\u201d, fait-il le constat amer.<\/p>\n<p>Face a\u0300 cette atmosphe\u0300re aux odeurs de souffre, le sociologue-e\u0301crivain et journaliste, Satigui Kone\u0301, se veut nostalgique de l\u2019e\u0301poque de feu le pre\u0301sident Fe\u0301lix Houphoue\u0308t-Boigny, ou\u0300 les valeurs de respect, de solidarite\u0301, de fraternite\u0301, et du vivre ensemble ont e\u0301te\u0301 le ciment qui ont servi a\u0300 ba\u0302tir la cohe\u0301sion sociale gage de paix durable.<\/p>\n<p>Pour le contemporain de feu le pe\u0300re fondateur de la Co\u0302te d\u2019Ivoire moderne, qui lui a d\u2019ailleurs pre\u0301dit une destine\u0301e glorieuse un jour de la fe\u0302te de Tabaski a\u0300 l\u2019ae\u0301roport de Yamoussoukro en ces termes: \u00ab Mon fils, tu iras loin, tre\u0300s loin ! \u00bb, il est certain que \u201cHouphoue\u0308t-Boigny n\u2019aurait pas aime\u0301 c\u0327a\u201d. Et pourtant, ces he\u0301ritiers suppose\u0301s, le font. Malheureusement !<\/p>\n<p><strong>Pour plus d&rsquo;informations et d&rsquo;analyses sur la C\u00f4te d&rsquo;Ivoire, suivez Africa-Press<\/strong><\/p>\n","protected":false},"excerpt":{"rendered":"<p>Africa-Press &#8211; C\u00f4te d&rsquo;Ivoire. Les invectives et autres de\u0301rives langagie\u0300res constate\u0301es dans les discours politiques inquie\u0300tent. Il y a quelques mois en arrie\u0300re, la ministre de la Cohe\u0301sion sociale et de la lutte contre la pauvrete\u0301, Myss Belmonde Dogo, dans une de\u0301claration, invitait les acteurs politiques a\u0300 de\u0301sarmer leur propos, de sorte a\u0300 e\u0301viter une [&hellip;]<\/p>\n","protected":false},"author":82,"featured_media":84070,"comment_status":"open","ping_status":"closed","sticky":false,"template":"","format":"standard","meta":{"footnotes":""},"categories":[2,10],"tags":[14229,7332,29,2816,1465,14231,14230],"class_list":["post-84071","post","type-post","status-publish","format-standard","has-post-thumbnail","hentry","category-politique","category-toutes-les-actualites","tag-adversite","tag-compatriotes","tag-cote-divoire","tag-ecrivain","tag-houphouet-boigny","tag-satigui-kone","tag-sociologue"],"yoast_head":"<!-- This site is optimized with the Yoast SEO Premium plugin v26.1 (Yoast SEO v27.0) - https:\/\/yoast.com\/product\/yoast-seo-premium-wordpress\/ -->\n<title>Adversit\u00e9 des clans politiques, un sociologue, crie son amertume : \u00ab Certains de nos compatriotes deviennent agressifs d\u00e8s que vous ne partagez pas leur point de vue \u00bb - C\u00f4te d&#039;Ivoire<\/title>\n<meta name=\"description\" content=\"Les invectives et autres de\u0301rives langagie\u0300res constate\u0301es dans les discours politiques inquie\u0300tent. Il y a quelques moi ...\" \/>\n<meta name=\"robots\" content=\"index, follow, max-snippet:-1, max-image-preview:large, max-video-preview:-1\" \/>\n<link rel=\"canonical\" href=\"https:\/\/www.africa-press.net\/cotedivoire\/politique\/adversite-des-clans-politiques-un-sociologue-crie-son-amertume-certains-de-nos-compatriotes-deviennent-agressifs-des-que-vous-ne-partagez-pas-leur-point-de-vue\" \/>\n<meta property=\"og:locale\" content=\"fr_FR\" \/>\n<meta property=\"og:type\" content=\"article\" \/>\n<meta property=\"og:title\" content=\"Adversit\u00e9 des clans politiques, un sociologue, crie son amertume : \u00ab Certains de nos compatriotes deviennent agressifs d\u00e8s que vous ne partagez pas leur point de vue \u00bb\" \/>\n<meta property=\"og:description\" content=\"Les invectives et autres de\u0301rives langagie\u0300res constate\u0301es dans les discours politiques inquie\u0300tent. Il y a quelques moi ...\" \/>\n<meta property=\"og:url\" content=\"https:\/\/www.africa-press.net\/cotedivoire\/politique\/adversite-des-clans-politiques-un-sociologue-crie-son-amertume-certains-de-nos-compatriotes-deviennent-agressifs-des-que-vous-ne-partagez-pas-leur-point-de-vue\" \/>\n<meta property=\"og:site_name\" content=\"C\u00f4te d&#039;Ivoire\" \/>\n<meta property=\"article:published_time\" content=\"2024-07-19T13:40:57+00:00\" \/>\n<meta property=\"article:modified_time\" content=\"2024-07-19T14:23:15+00:00\" \/>\n<meta property=\"og:image\" content=\"https:\/\/static.africa-press.net\/cote\/sites\/43\/2024\/07\/sm_1721386347.181286.jpg\" \/>\n\t<meta property=\"og:image:width\" content=\"720\" \/>\n\t<meta property=\"og:image:height\" content=\"456\" \/>\n\t<meta property=\"og:image:type\" content=\"image\/jpeg\" \/>\n<meta name=\"author\" content=\"cfeditorfr\" \/>\n<meta name=\"twitter:card\" content=\"summary_large_image\" \/>\n<meta name=\"twitter:label1\" content=\"\u00c9crit par\" \/>\n\t<meta name=\"twitter:data1\" content=\"cfeditorfr\" \/>\n\t<meta name=\"twitter:label2\" content=\"Dur\u00e9e de lecture estim\u00e9e\" \/>\n\t<meta name=\"twitter:data2\" content=\"3 minutes\" \/>\n<script type=\"application\/ld+json\" class=\"yoast-schema-graph\">{\"@context\":\"https:\/\/schema.org\",\"@graph\":[{\"@type\":\"Article\",\"@id\":\"https:\/\/www.africa-press.net\/cotedivoire\/politique\/adversite-des-clans-politiques-un-sociologue-crie-son-amertume-certains-de-nos-compatriotes-deviennent-agressifs-des-que-vous-ne-partagez-pas-leur-point-de-vue#article\",\"isPartOf\":{\"@id\":\"https:\/\/www.africa-press.net\/cotedivoire\/politique\/adversite-des-clans-politiques-un-sociologue-crie-son-amertume-certains-de-nos-compatriotes-deviennent-agressifs-des-que-vous-ne-partagez-pas-leur-point-de-vue\"},\"author\":{\"name\":\"cfeditorfr\",\"@id\":\"https:\/\/www.africa-press.net\/cotedivoire\/#\/schema\/person\/2b1cf3cd81a31e3cd26889ca66d677f1\"},\"headline\":\"Adversit\u00e9 des clans politiques, un sociologue, crie son amertume : \u00ab Certains de nos compatriotes deviennent agressifs d\u00e8s que vous ne partagez pas leur point de vue \u00bb\",\"datePublished\":\"2024-07-19T13:40:57+00:00\",\"dateModified\":\"2024-07-19T14:23:15+00:00\",\"mainEntityOfPage\":{\"@id\":\"https:\/\/www.africa-press.net\/cotedivoire\/politique\/adversite-des-clans-politiques-un-sociologue-crie-son-amertume-certains-de-nos-compatriotes-deviennent-agressifs-des-que-vous-ne-partagez-pas-leur-point-de-vue\"},\"wordCount\":713,\"commentCount\":0,\"image\":{\"@id\":\"https:\/\/www.africa-press.net\/cotedivoire\/politique\/adversite-des-clans-politiques-un-sociologue-crie-son-amertume-certains-de-nos-compatriotes-deviennent-agressifs-des-que-vous-ne-partagez-pas-leur-point-de-vue#primaryimage\"},\"thumbnailUrl\":\"https:\/\/static.africa-press.net\/cote\/sites\/43\/2024\/07\/sm_1721386347.181286.jpg\",\"keywords\":[\"Adversit\u00e9\",\"compatriotes\",\"C\u00d4TE D'IVOIRE\",\"\u00e9crivain\",\"Houphou\u00ebt-Boigny\",\"Satigui Kon\u00e9\",\"sociologue\"],\"articleSection\":[\"Politique\",\"Toutes les actualit\u00e9s\"],\"inLanguage\":\"fr-FR\",\"potentialAction\":[{\"@type\":\"CommentAction\",\"name\":\"Comment\",\"target\":[\"https:\/\/www.africa-press.net\/cotedivoire\/politique\/adversite-des-clans-politiques-un-sociologue-crie-son-amertume-certains-de-nos-compatriotes-deviennent-agressifs-des-que-vous-ne-partagez-pas-leur-point-de-vue#respond\"]}]},{\"@type\":\"WebPage\",\"@id\":\"https:\/\/www.africa-press.net\/cotedivoire\/politique\/adversite-des-clans-politiques-un-sociologue-crie-son-amertume-certains-de-nos-compatriotes-deviennent-agressifs-des-que-vous-ne-partagez-pas-leur-point-de-vue\",\"url\":\"https:\/\/www.africa-press.net\/cotedivoire\/politique\/adversite-des-clans-politiques-un-sociologue-crie-son-amertume-certains-de-nos-compatriotes-deviennent-agressifs-des-que-vous-ne-partagez-pas-leur-point-de-vue\",\"name\":\"Adversit\u00e9 des clans politiques, un sociologue, crie son amertume : \u00ab Certains de nos compatriotes deviennent agressifs d\u00e8s que vous ne partagez pas leur point de vue \u00bb - C\u00f4te d&#039;Ivoire\",\"isPartOf\":{\"@id\":\"https:\/\/www.africa-press.net\/cotedivoire\/#website\"},\"primaryImageOfPage\":{\"@id\":\"https:\/\/www.africa-press.net\/cotedivoire\/politique\/adversite-des-clans-politiques-un-sociologue-crie-son-amertume-certains-de-nos-compatriotes-deviennent-agressifs-des-que-vous-ne-partagez-pas-leur-point-de-vue#primaryimage\"},\"image\":{\"@id\":\"https:\/\/www.africa-press.net\/cotedivoire\/politique\/adversite-des-clans-politiques-un-sociologue-crie-son-amertume-certains-de-nos-compatriotes-deviennent-agressifs-des-que-vous-ne-partagez-pas-leur-point-de-vue#primaryimage\"},\"thumbnailUrl\":\"https:\/\/static.africa-press.net\/cote\/sites\/43\/2024\/07\/sm_1721386347.181286.jpg\",\"datePublished\":\"2024-07-19T13:40:57+00:00\",\"dateModified\":\"2024-07-19T14:23:15+00:00\",\"author\":{\"@id\":\"https:\/\/www.africa-press.net\/cotedivoire\/#\/schema\/person\/2b1cf3cd81a31e3cd26889ca66d677f1\"},\"description\":\"Les invectives et autres de\u0301rives langagie\u0300res constate\u0301es dans les discours politiques inquie\u0300tent. Il y a quelques moi ...\",\"breadcrumb\":{\"@id\":\"https:\/\/www.africa-press.net\/cotedivoire\/politique\/adversite-des-clans-politiques-un-sociologue-crie-son-amertume-certains-de-nos-compatriotes-deviennent-agressifs-des-que-vous-ne-partagez-pas-leur-point-de-vue#breadcrumb\"},\"inLanguage\":\"fr-FR\",\"potentialAction\":[{\"@type\":\"ReadAction\",\"target\":[\"https:\/\/www.africa-press.net\/cotedivoire\/politique\/adversite-des-clans-politiques-un-sociologue-crie-son-amertume-certains-de-nos-compatriotes-deviennent-agressifs-des-que-vous-ne-partagez-pas-leur-point-de-vue\"]}]},{\"@type\":\"ImageObject\",\"inLanguage\":\"fr-FR\",\"@id\":\"https:\/\/www.africa-press.net\/cotedivoire\/politique\/adversite-des-clans-politiques-un-sociologue-crie-son-amertume-certains-de-nos-compatriotes-deviennent-agressifs-des-que-vous-ne-partagez-pas-leur-point-de-vue#primaryimage\",\"url\":\"https:\/\/static.africa-press.net\/cote\/sites\/43\/2024\/07\/sm_1721386347.181286.jpg\",\"contentUrl\":\"https:\/\/static.africa-press.net\/cote\/sites\/43\/2024\/07\/sm_1721386347.181286.jpg\",\"width\":720,\"height\":456,\"caption\":\"Adversit\u00e9 des clans politiques, un sociologue, crie son amertume : \u00ab Certains de nos compatriotes deviennent agressifs d\u00e8s que vous ne partagez pas leur point de vue \u00bb\"},{\"@type\":\"BreadcrumbList\",\"@id\":\"https:\/\/www.africa-press.net\/cotedivoire\/politique\/adversite-des-clans-politiques-un-sociologue-crie-son-amertume-certains-de-nos-compatriotes-deviennent-agressifs-des-que-vous-ne-partagez-pas-leur-point-de-vue#breadcrumb\",\"itemListElement\":[{\"@type\":\"ListItem\",\"position\":1,\"name\":\"Accueil\",\"item\":\"https:\/\/www.africa-press.net\/cotedivoire\/\"},{\"@type\":\"ListItem\",\"position\":2,\"name\":\"Adversit\u00e9 des clans politiques, un sociologue, crie son amertume : \u00ab Certains de nos compatriotes deviennent agressifs d\u00e8s que vous ne partagez pas leur point de vue \u00bb\"}]},{\"@type\":\"WebSite\",\"@id\":\"https:\/\/www.africa-press.net\/cotedivoire\/#website\",\"url\":\"https:\/\/www.africa-press.net\/cotedivoire\/\",\"name\":\"C\u00f4te d&#039;Ivoire\",\"description\":\"Just another Africa News Agency Sites site\",\"potentialAction\":[{\"@type\":\"SearchAction\",\"target\":{\"@type\":\"EntryPoint\",\"urlTemplate\":\"https:\/\/www.africa-press.net\/cotedivoire\/?s={search_term_string}\"},\"query-input\":{\"@type\":\"PropertyValueSpecification\",\"valueRequired\":true,\"valueName\":\"search_term_string\"}}],\"inLanguage\":\"fr-FR\"},{\"@type\":\"Person\",\"@id\":\"https:\/\/www.africa-press.net\/cotedivoire\/#\/schema\/person\/2b1cf3cd81a31e3cd26889ca66d677f1\",\"name\":\"cfeditorfr\"}]}<\/script>\n<!-- \/ Yoast SEO Premium plugin. -->","yoast_head_json":{"title":"Adversit\u00e9 des clans politiques, un sociologue, crie son amertume : \u00ab Certains de nos compatriotes deviennent agressifs d\u00e8s que vous ne partagez pas leur point de vue \u00bb - C\u00f4te d&#039;Ivoire","description":"Les invectives et autres de\u0301rives langagie\u0300res constate\u0301es dans les discours politiques inquie\u0300tent. Il y a quelques moi ...","robots":{"index":"index","follow":"follow","max-snippet":"max-snippet:-1","max-image-preview":"max-image-preview:large","max-video-preview":"max-video-preview:-1"},"canonical":"https:\/\/www.africa-press.net\/cotedivoire\/politique\/adversite-des-clans-politiques-un-sociologue-crie-son-amertume-certains-de-nos-compatriotes-deviennent-agressifs-des-que-vous-ne-partagez-pas-leur-point-de-vue","og_locale":"fr_FR","og_type":"article","og_title":"Adversit\u00e9 des clans politiques, un sociologue, crie son amertume : \u00ab Certains de nos compatriotes deviennent agressifs d\u00e8s que vous ne partagez pas leur point de vue \u00bb","og_description":"Les invectives et autres de\u0301rives langagie\u0300res constate\u0301es dans les discours politiques inquie\u0300tent. Il y a quelques moi ...","og_url":"https:\/\/www.africa-press.net\/cotedivoire\/politique\/adversite-des-clans-politiques-un-sociologue-crie-son-amertume-certains-de-nos-compatriotes-deviennent-agressifs-des-que-vous-ne-partagez-pas-leur-point-de-vue","og_site_name":"C\u00f4te d&#039;Ivoire","article_published_time":"2024-07-19T13:40:57+00:00","article_modified_time":"2024-07-19T14:23:15+00:00","og_image":[{"width":720,"height":456,"url":"https:\/\/static.africa-press.net\/cote\/sites\/43\/2024\/07\/sm_1721386347.181286.jpg","type":"image\/jpeg"}],"author":"cfeditorfr","twitter_card":"summary_large_image","twitter_misc":{"\u00c9crit par":"cfeditorfr","Dur\u00e9e de lecture estim\u00e9e":"3 minutes"},"schema":{"@context":"https:\/\/schema.org","@graph":[{"@type":"Article","@id":"https:\/\/www.africa-press.net\/cotedivoire\/politique\/adversite-des-clans-politiques-un-sociologue-crie-son-amertume-certains-de-nos-compatriotes-deviennent-agressifs-des-que-vous-ne-partagez-pas-leur-point-de-vue#article","isPartOf":{"@id":"https:\/\/www.africa-press.net\/cotedivoire\/politique\/adversite-des-clans-politiques-un-sociologue-crie-son-amertume-certains-de-nos-compatriotes-deviennent-agressifs-des-que-vous-ne-partagez-pas-leur-point-de-vue"},"author":{"name":"cfeditorfr","@id":"https:\/\/www.africa-press.net\/cotedivoire\/#\/schema\/person\/2b1cf3cd81a31e3cd26889ca66d677f1"},"headline":"Adversit\u00e9 des clans politiques, un sociologue, crie son amertume : \u00ab Certains de nos compatriotes deviennent agressifs d\u00e8s que vous ne partagez pas leur point de vue \u00bb","datePublished":"2024-07-19T13:40:57+00:00","dateModified":"2024-07-19T14:23:15+00:00","mainEntityOfPage":{"@id":"https:\/\/www.africa-press.net\/cotedivoire\/politique\/adversite-des-clans-politiques-un-sociologue-crie-son-amertume-certains-de-nos-compatriotes-deviennent-agressifs-des-que-vous-ne-partagez-pas-leur-point-de-vue"},"wordCount":713,"commentCount":0,"image":{"@id":"https:\/\/www.africa-press.net\/cotedivoire\/politique\/adversite-des-clans-politiques-un-sociologue-crie-son-amertume-certains-de-nos-compatriotes-deviennent-agressifs-des-que-vous-ne-partagez-pas-leur-point-de-vue#primaryimage"},"thumbnailUrl":"https:\/\/static.africa-press.net\/cote\/sites\/43\/2024\/07\/sm_1721386347.181286.jpg","keywords":["Adversit\u00e9","compatriotes","C\u00d4TE D'IVOIRE","\u00e9crivain","Houphou\u00ebt-Boigny","Satigui Kon\u00e9","sociologue"],"articleSection":["Politique","Toutes les actualit\u00e9s"],"inLanguage":"fr-FR","potentialAction":[{"@type":"CommentAction","name":"Comment","target":["https:\/\/www.africa-press.net\/cotedivoire\/politique\/adversite-des-clans-politiques-un-sociologue-crie-son-amertume-certains-de-nos-compatriotes-deviennent-agressifs-des-que-vous-ne-partagez-pas-leur-point-de-vue#respond"]}]},{"@type":"WebPage","@id":"https:\/\/www.africa-press.net\/cotedivoire\/politique\/adversite-des-clans-politiques-un-sociologue-crie-son-amertume-certains-de-nos-compatriotes-deviennent-agressifs-des-que-vous-ne-partagez-pas-leur-point-de-vue","url":"https:\/\/www.africa-press.net\/cotedivoire\/politique\/adversite-des-clans-politiques-un-sociologue-crie-son-amertume-certains-de-nos-compatriotes-deviennent-agressifs-des-que-vous-ne-partagez-pas-leur-point-de-vue","name":"Adversit\u00e9 des clans politiques, un sociologue, crie son amertume : \u00ab Certains de nos compatriotes deviennent agressifs d\u00e8s que vous ne partagez pas leur point de vue \u00bb - C\u00f4te d&#039;Ivoire","isPartOf":{"@id":"https:\/\/www.africa-press.net\/cotedivoire\/#website"},"primaryImageOfPage":{"@id":"https:\/\/www.africa-press.net\/cotedivoire\/politique\/adversite-des-clans-politiques-un-sociologue-crie-son-amertume-certains-de-nos-compatriotes-deviennent-agressifs-des-que-vous-ne-partagez-pas-leur-point-de-vue#primaryimage"},"image":{"@id":"https:\/\/www.africa-press.net\/cotedivoire\/politique\/adversite-des-clans-politiques-un-sociologue-crie-son-amertume-certains-de-nos-compatriotes-deviennent-agressifs-des-que-vous-ne-partagez-pas-leur-point-de-vue#primaryimage"},"thumbnailUrl":"https:\/\/static.africa-press.net\/cote\/sites\/43\/2024\/07\/sm_1721386347.181286.jpg","datePublished":"2024-07-19T13:40:57+00:00","dateModified":"2024-07-19T14:23:15+00:00","author":{"@id":"https:\/\/www.africa-press.net\/cotedivoire\/#\/schema\/person\/2b1cf3cd81a31e3cd26889ca66d677f1"},"description":"Les invectives et autres de\u0301rives langagie\u0300res constate\u0301es dans les discours politiques inquie\u0300tent. Il y a quelques moi ...","breadcrumb":{"@id":"https:\/\/www.africa-press.net\/cotedivoire\/politique\/adversite-des-clans-politiques-un-sociologue-crie-son-amertume-certains-de-nos-compatriotes-deviennent-agressifs-des-que-vous-ne-partagez-pas-leur-point-de-vue#breadcrumb"},"inLanguage":"fr-FR","potentialAction":[{"@type":"ReadAction","target":["https:\/\/www.africa-press.net\/cotedivoire\/politique\/adversite-des-clans-politiques-un-sociologue-crie-son-amertume-certains-de-nos-compatriotes-deviennent-agressifs-des-que-vous-ne-partagez-pas-leur-point-de-vue"]}]},{"@type":"ImageObject","inLanguage":"fr-FR","@id":"https:\/\/www.africa-press.net\/cotedivoire\/politique\/adversite-des-clans-politiques-un-sociologue-crie-son-amertume-certains-de-nos-compatriotes-deviennent-agressifs-des-que-vous-ne-partagez-pas-leur-point-de-vue#primaryimage","url":"https:\/\/static.africa-press.net\/cote\/sites\/43\/2024\/07\/sm_1721386347.181286.jpg","contentUrl":"https:\/\/static.africa-press.net\/cote\/sites\/43\/2024\/07\/sm_1721386347.181286.jpg","width":720,"height":456,"caption":"Adversit\u00e9 des clans politiques, un sociologue, crie son amertume : \u00ab Certains de nos compatriotes deviennent agressifs d\u00e8s que vous ne partagez pas leur point de vue \u00bb"},{"@type":"BreadcrumbList","@id":"https:\/\/www.africa-press.net\/cotedivoire\/politique\/adversite-des-clans-politiques-un-sociologue-crie-son-amertume-certains-de-nos-compatriotes-deviennent-agressifs-des-que-vous-ne-partagez-pas-leur-point-de-vue#breadcrumb","itemListElement":[{"@type":"ListItem","position":1,"name":"Accueil","item":"https:\/\/www.africa-press.net\/cotedivoire\/"},{"@type":"ListItem","position":2,"name":"Adversit\u00e9 des clans politiques, un sociologue, crie son amertume : \u00ab Certains de nos compatriotes deviennent agressifs d\u00e8s que vous ne partagez pas leur point de vue \u00bb"}]},{"@type":"WebSite","@id":"https:\/\/www.africa-press.net\/cotedivoire\/#website","url":"https:\/\/www.africa-press.net\/cotedivoire\/","name":"C\u00f4te d&#039;Ivoire","description":"Just another Africa News Agency Sites site","potentialAction":[{"@type":"SearchAction","target":{"@type":"EntryPoint","urlTemplate":"https:\/\/www.africa-press.net\/cotedivoire\/?s={search_term_string}"},"query-input":{"@type":"PropertyValueSpecification","valueRequired":true,"valueName":"search_term_string"}}],"inLanguage":"fr-FR"},{"@type":"Person","@id":"https:\/\/www.africa-press.net\/cotedivoire\/#\/schema\/person\/2b1cf3cd81a31e3cd26889ca66d677f1","name":"cfeditorfr"}]}},"_links":{"self":[{"href":"https:\/\/www.africa-press.net\/cotedivoire\/wp-json\/wp\/v2\/posts\/84071","targetHints":{"allow":["GET"]}}],"collection":[{"href":"https:\/\/www.africa-press.net\/cotedivoire\/wp-json\/wp\/v2\/posts"}],"about":[{"href":"https:\/\/www.africa-press.net\/cotedivoire\/wp-json\/wp\/v2\/types\/post"}],"author":[{"embeddable":true,"href":"https:\/\/www.africa-press.net\/cotedivoire\/wp-json\/wp\/v2\/users\/82"}],"replies":[{"embeddable":true,"href":"https:\/\/www.africa-press.net\/cotedivoire\/wp-json\/wp\/v2\/comments?post=84071"}],"version-history":[{"count":0,"href":"https:\/\/www.africa-press.net\/cotedivoire\/wp-json\/wp\/v2\/posts\/84071\/revisions"}],"wp:featuredmedia":[{"embeddable":true,"href":"https:\/\/www.africa-press.net\/cotedivoire\/wp-json\/wp\/v2\/media\/84070"}],"wp:attachment":[{"href":"https:\/\/www.africa-press.net\/cotedivoire\/wp-json\/wp\/v2\/media?parent=84071"}],"wp:term":[{"taxonomy":"category","embeddable":true,"href":"https:\/\/www.africa-press.net\/cotedivoire\/wp-json\/wp\/v2\/categories?post=84071"},{"taxonomy":"post_tag","embeddable":true,"href":"https:\/\/www.africa-press.net\/cotedivoire\/wp-json\/wp\/v2\/tags?post=84071"}],"curies":[{"name":"wp","href":"https:\/\/api.w.org\/{rel}","templated":true}]}}