{"id":8410,"date":"2021-05-31T16:40:18","date_gmt":"2021-05-31T16:40:18","guid":{"rendered":"https:\/\/www.africa-press.net\/cotedivoire\/?p=8410"},"modified":"2021-05-31T18:30:34","modified_gmt":"2021-05-31T18:30:34","slug":"mali-la-cedeao-enterine-la-nomination-dassimi-goita-a-la-presidence","status":"publish","type":"post","link":"https:\/\/www.africa-press.net\/cotedivoire\/politique\/mali-la-cedeao-enterine-la-nomination-dassimi-goita-a-la-presidence","title":{"rendered":"Mali : la Cedeao ent\u00e9rine la nomination d\u2019Assimi Go\u00efta \u00e0 la pr\u00e9sidence"},"content":{"rendered":"<p><span style=\"color: #ff6600\"><strong><a href=\"https:\/\/www.africa-press.net\/\">Africa-Press<\/a> &#8211; <a href=\"https:\/\/www.africa-press.net\/cotedivoire\">C\u00f4te d&rsquo;Ivoire<\/a>. <\/strong><\/span>Si le Mali est suspendu des instances de la Cedeao, et que les chefs d\u2019\u00c9tat ouest africains ont condamn\u00e9 le second coup d\u2019\u00c9tat men\u00e9 en moins d\u2019un an par Assimi Go\u00efta, ils sont rest\u00e9s silencieux sur la d\u00e9signation de ce dernier au poste de pr\u00e9sident.<\/p>\n<p>Contrairement \u00e0 ce que les chefs d\u2019\u00c9tat avaient d\u00e9cid\u00e9 apr\u00e8s le coup d\u2019\u00c9tat du 18 ao\u00fbt 2020 contre Ibrahim Boubacar Ke\u00efta, les chefs d\u2019\u00c9tat de la Cedeao n\u2019ont, cette fois, pas voulu recourir aux sanctions \u00e9conomiques \u00e0 l\u2019encontre du Mali. En tout cas, pas dans l\u2019imm\u00e9diat.<\/p>\n<p>La r\u00e9union d\u2019Accra s\u2019est tenue dimanche 30 mai 2021 alors que, vendredi, la Cour constitutionnelle malienne a d\u00e9clar\u00e9 le colonel Assimi Go\u00efta pr\u00e9sident de la transition, prenant donc acte de la nouvelle donne \u00e0 Bamako, et parachevant le putsch men\u00e9 le 24 mai dernier par le chef de la junte qui avait d\u00e9j\u00e0 pouss\u00e9 IBK \u00e0 la d\u00e9mission.<\/p>\n<p>Alassane Ouattara, le pr\u00e9sident de la C\u00f4te d\u2019Ivoire, Muhammadu Buhari, le pr\u00e9sident nig\u00e9rian, ou encore Roch Marc Christian Kabor\u00e9 du Burkina Faso, ont particip\u00e9 \u00e0 ce sommet extraordinaire, auquel le colonel Go\u00efta avait \u00e9galement \u00e9t\u00e9 convi\u00e9, mais n\u2019a pas particip\u00e9 aux discussions \u00e0 huis clos.<\/p>\n<p>Dans leur communiqu\u00e9 final, les chefs d\u2019\u00c9tat \u00ab exigent la lib\u00e9ration imm\u00e9diate de l\u2019ancien pr\u00e9sident et du Premier ministre de la Transition qui sont assign\u00e9s \u00e0 r\u00e9sidence \u00bb depuis leur arrestation le 24 mai par les hommes d\u2019Assimi Go\u00efta. Ils \u00ab condamnent ce r\u00e9cent coup d\u2019\u00c9tat \u00bb, qui constitue une \u00ab violation \u00bb de la charte de la transition ainsi que des engagements pris par les autorit\u00e9s maliennes lors du sommet qui s\u2019\u00e9tait tenu le 15 septembre 2020, au Ghana.<\/p>\n<p><b>La Cedeao prend acte<\/b><\/p>\n<p>Condamnant \u00ab toutes les actions qui ont conduit \u00e0 l\u2019instabilit\u00e9 persistante au Mali et ses cons\u00e9quences dans la r\u00e9gion \u00bb, la Cedeao a donc d\u00e9cid\u00e9 de \u00ab suspendre le Mali de toutes les institutions rattach\u00e9es \u00e0 la Cedeao \u00bb.<\/p>\n<p>L\u2019organisation r\u00e9gionale appelle en outre \u00e0 la nomination imm\u00e9diate d\u2019un \u00ab nouveau Premier ministre civil \u00bb et \u00e0 la formation d\u2019un \u00ab nouveau gouvernement inclusif \u00bb afin de poursuivre le programme de transition. Elle r\u00e9clame \u00e9galement le respect de la p\u00e9riode de transition fix\u00e9e \u00e0 dix-huit mois et, donc l\u2019organisation d\u2019\u00e9lections au plus tard le 27 f\u00e9vrier 2022 pour que le pouvoir soit transmis aux civils.<\/p>\n<p>Rappelant l\u2019engagement pris lors du sommet d\u2019Accra sur l\u2019impossibilit\u00e9 pour les personnalit\u00e9s ayant exerc\u00e9 les fonctions de vice-pr\u00e9sident et de Premier ministre de la transition de \u00ab quelles que soient les circonstances, \u00eatre candidates \u00e0 l\u2019\u00e9lection pr\u00e9sidentielle \u00e0 venir \u00bb.<\/p>\n<p>La Cedeao enjoint par ailleurs aux organisations internationales (Union africaine, Nations unies et Union europ\u00e9enne), de \u00ab continuer de soutenir le Mali \u00bb dans la mise en \u0153uvre de la transition.<\/p>\n<p>Si les termes peuvent para\u00eetre fermes, l\u2019option choisie par la Cedeao est clairement celle de la reconnaissance de l\u2019\u00e9tat de fait. Les chefs d\u2019\u00c9tat ouest-africains n\u2019ont ainsi, \u00e0 aucun moment, nomm\u00e9ment cit\u00e9 Assimi Go\u00efta dans leur communiqu\u00e9 final. En r\u00e9clamant la nomination d\u2019un nouveau Premier ministre et d\u2019un nouveau gouvernement, ils prennent acte de la d\u00e9signation du militaire en tant que pr\u00e9sident de la transition.<\/p>\n<p><b>Mise en garde de Macron<\/b><\/p>\n<p>Les d\u00e9bats ont \u00e9t\u00e9 intenses au sein de la Cedeao. Le pr\u00e9sident ivoirien Alassane Ouattara, particuli\u00e8rement impliqu\u00e9 dans le dossier, \u00e9tait partisan d\u2019une ligne \u00ab dure \u00bb \u00e0 l\u2019encontre d\u2019Assimi Go\u00efta. Mais l\u2019attitude de Bah N\u2019Daw aurait d\u00e9plu \u00e0 plusieurs des chefs d\u2019\u00c9tat ouest-africains, qui lui reprochent d\u2019avoir tenu \u00e0 \u00e9carter deux membres de l\u2019ancienne junte du gouvernement \u2013 les colonels Sadio Camara (D\u00e9fense) et Modibo Kon\u00e9 (S\u00e9curit\u00e9) \u2013 malgr\u00e9 l\u2019opposition d\u2019Assimi Go\u00efta et les tentatives de m\u00e9diations men\u00e9es, notamment, par le pr\u00e9sident togolais Faure Gnassingb\u00e9.<\/p>\n<p>De son c\u00f4t\u00e9, le pr\u00e9sident fran\u00e7ais Emmanuel Macron a, dans un entretien accord\u00e9 au Journal du Dimanche ce 30 mai, mis en garde sur un possible retrait des forces militaires fran\u00e7aises engag\u00e9es dans la lutte contre les jihadistes. \u00ab Au pr\u00e9sident malien Bah N\u2019daw, qui \u00e9tait tr\u00e8s rigoureux sur l\u2019\u00e9tanch\u00e9it\u00e9 entre le pouvoir et les jihadistes, j\u2019avais dit : \u201cL\u2019islamisme radical au Mali avec nos soldats sur place ? Jamais de la vie !\u201d Il y a aujourd\u2019hui cette tentation au Mali. Mais si cela va dans ce sens, je me retirerais \u00bb, a-t-il assur\u00e9. Emmanuel Macron a \u00e9galement affirm\u00e9 avoir \u00ab pass\u00e9 le message \u00bb \u00e0 ses homologues ouest-africains que la France \u00ab ne resterait pas aux c\u00f4t\u00e9s d\u2019un pays o\u00f9 il n\u2019y a plus de l\u00e9gitimit\u00e9 d\u00e9mocratique ni de transition \u00bb.<\/p>\n","protected":false},"excerpt":{"rendered":"<p>Africa-Press &#8211; C\u00f4te d&rsquo;Ivoire. Si le Mali est suspendu des instances de la Cedeao, et que les chefs d\u2019\u00c9tat ouest africains ont condamn\u00e9 le second coup d\u2019\u00c9tat men\u00e9 en moins d\u2019un an par Assimi Go\u00efta, ils sont rest\u00e9s silencieux sur la d\u00e9signation de ce dernier au poste de pr\u00e9sident. Contrairement \u00e0 ce que les chefs [&hellip;]<\/p>\n","protected":false},"author":82,"featured_media":8409,"comment_status":"open","ping_status":"closed","sticky":false,"template":"","format":"standard","meta":{"footnotes":""},"categories":[11,2,10],"tags":[56,63,29],"class_list":["post-8410","post","type-post","status-publish","format-standard","has-post-thumbnail","hentry","category-homepage-french","category-politique","category-toutes-les-actualites","tag-africa-press","tag-africa-press-cote-divoire","tag-cote-divoire"],"yoast_head":"<!-- This site is optimized with the Yoast SEO Premium plugin v26.1 (Yoast SEO v27.0) - https:\/\/yoast.com\/product\/yoast-seo-premium-wordpress\/ -->\n<title>Mali : la Cedeao ent\u00e9rine la nomination d\u2019Assimi Go\u00efta \u00e0 la pr\u00e9sidence - C\u00f4te d&#039;Ivoire<\/title>\n<meta name=\"description\" content=\"Si le Mali est suspendu des instances de la Cedeao, et que les chefs d\u2019\u00c9tat ouest africains ont condamn\u00e9 le second coup ...\" \/>\n<meta name=\"robots\" content=\"index, follow, max-snippet:-1, max-image-preview:large, max-video-preview:-1\" \/>\n<link rel=\"canonical\" href=\"https:\/\/www.africa-press.net\/cotedivoire\/politique\/mali-la-cedeao-enterine-la-nomination-dassimi-goita-a-la-presidence\" \/>\n<meta property=\"og:locale\" content=\"fr_FR\" \/>\n<meta property=\"og:type\" content=\"article\" \/>\n<meta property=\"og:title\" content=\"Mali : la Cedeao ent\u00e9rine la nomination d\u2019Assimi Go\u00efta \u00e0 la pr\u00e9sidence\" \/>\n<meta property=\"og:description\" content=\"Si le Mali est suspendu des instances de la Cedeao, et que les chefs d\u2019\u00c9tat ouest africains ont condamn\u00e9 le second coup ...\" \/>\n<meta property=\"og:url\" content=\"https:\/\/www.africa-press.net\/cotedivoire\/politique\/mali-la-cedeao-enterine-la-nomination-dassimi-goita-a-la-presidence\" \/>\n<meta property=\"og:site_name\" content=\"C\u00f4te d&#039;Ivoire\" \/>\n<meta property=\"article:published_time\" content=\"2021-05-31T16:40:18+00:00\" \/>\n<meta property=\"article:modified_time\" content=\"2021-05-31T18:30:34+00:00\" \/>\n<meta property=\"og:image\" content=\"https:\/\/static.africa-press.net\/cote\/sites\/43\/2021\/05\/img-60b5107616618.jpg\" \/>\n\t<meta property=\"og:image:width\" content=\"720\" \/>\n\t<meta property=\"og:image:height\" content=\"360\" \/>\n\t<meta property=\"og:image:type\" content=\"image\/jpeg\" \/>\n<meta name=\"author\" content=\"cfeditorfr\" \/>\n<meta name=\"twitter:card\" content=\"summary_large_image\" \/>\n<meta name=\"twitter:label1\" content=\"\u00c9crit par\" \/>\n\t<meta name=\"twitter:data1\" content=\"cfeditorfr\" \/>\n\t<meta name=\"twitter:label2\" content=\"Dur\u00e9e de lecture estim\u00e9e\" \/>\n\t<meta name=\"twitter:data2\" content=\"4 minutes\" \/>\n<script type=\"application\/ld+json\" class=\"yoast-schema-graph\">{\"@context\":\"https:\/\/schema.org\",\"@graph\":[{\"@type\":\"Article\",\"@id\":\"https:\/\/www.africa-press.net\/cotedivoire\/politique\/mali-la-cedeao-enterine-la-nomination-dassimi-goita-a-la-presidence#article\",\"isPartOf\":{\"@id\":\"https:\/\/www.africa-press.net\/cotedivoire\/politique\/mali-la-cedeao-enterine-la-nomination-dassimi-goita-a-la-presidence\"},\"author\":{\"name\":\"cfeditorfr\",\"@id\":\"https:\/\/www.africa-press.net\/cotedivoire\/#\/schema\/person\/2b1cf3cd81a31e3cd26889ca66d677f1\"},\"headline\":\"Mali : la Cedeao ent\u00e9rine la nomination d\u2019Assimi Go\u00efta \u00e0 la pr\u00e9sidence\",\"datePublished\":\"2021-05-31T16:40:18+00:00\",\"dateModified\":\"2021-05-31T18:30:34+00:00\",\"mainEntityOfPage\":{\"@id\":\"https:\/\/www.africa-press.net\/cotedivoire\/politique\/mali-la-cedeao-enterine-la-nomination-dassimi-goita-a-la-presidence\"},\"wordCount\":824,\"commentCount\":0,\"image\":{\"@id\":\"https:\/\/www.africa-press.net\/cotedivoire\/politique\/mali-la-cedeao-enterine-la-nomination-dassimi-goita-a-la-presidence#primaryimage\"},\"thumbnailUrl\":\"https:\/\/static.africa-press.net\/cote\/sites\/43\/2021\/05\/img-60b5107616618.jpg\",\"keywords\":[\"Africa Press\",\"Africa Press-C\u00f4te d'Ivoire\",\"C\u00d4TE D'IVOIRE\"],\"articleSection\":[\"homepage-french\",\"Politique\",\"Toutes les actualit\u00e9s\"],\"inLanguage\":\"fr-FR\",\"potentialAction\":[{\"@type\":\"CommentAction\",\"name\":\"Comment\",\"target\":[\"https:\/\/www.africa-press.net\/cotedivoire\/politique\/mali-la-cedeao-enterine-la-nomination-dassimi-goita-a-la-presidence#respond\"]}]},{\"@type\":\"WebPage\",\"@id\":\"https:\/\/www.africa-press.net\/cotedivoire\/politique\/mali-la-cedeao-enterine-la-nomination-dassimi-goita-a-la-presidence\",\"url\":\"https:\/\/www.africa-press.net\/cotedivoire\/politique\/mali-la-cedeao-enterine-la-nomination-dassimi-goita-a-la-presidence\",\"name\":\"Mali : la Cedeao ent\u00e9rine la nomination d\u2019Assimi Go\u00efta \u00e0 la pr\u00e9sidence - C\u00f4te d&#039;Ivoire\",\"isPartOf\":{\"@id\":\"https:\/\/www.africa-press.net\/cotedivoire\/#website\"},\"primaryImageOfPage\":{\"@id\":\"https:\/\/www.africa-press.net\/cotedivoire\/politique\/mali-la-cedeao-enterine-la-nomination-dassimi-goita-a-la-presidence#primaryimage\"},\"image\":{\"@id\":\"https:\/\/www.africa-press.net\/cotedivoire\/politique\/mali-la-cedeao-enterine-la-nomination-dassimi-goita-a-la-presidence#primaryimage\"},\"thumbnailUrl\":\"https:\/\/static.africa-press.net\/cote\/sites\/43\/2021\/05\/img-60b5107616618.jpg\",\"datePublished\":\"2021-05-31T16:40:18+00:00\",\"dateModified\":\"2021-05-31T18:30:34+00:00\",\"author\":{\"@id\":\"https:\/\/www.africa-press.net\/cotedivoire\/#\/schema\/person\/2b1cf3cd81a31e3cd26889ca66d677f1\"},\"description\":\"Si le Mali est suspendu des instances de la Cedeao, et que les chefs d\u2019\u00c9tat ouest africains ont condamn\u00e9 le second coup ...\",\"breadcrumb\":{\"@id\":\"https:\/\/www.africa-press.net\/cotedivoire\/politique\/mali-la-cedeao-enterine-la-nomination-dassimi-goita-a-la-presidence#breadcrumb\"},\"inLanguage\":\"fr-FR\",\"potentialAction\":[{\"@type\":\"ReadAction\",\"target\":[\"https:\/\/www.africa-press.net\/cotedivoire\/politique\/mali-la-cedeao-enterine-la-nomination-dassimi-goita-a-la-presidence\"]}]},{\"@type\":\"ImageObject\",\"inLanguage\":\"fr-FR\",\"@id\":\"https:\/\/www.africa-press.net\/cotedivoire\/politique\/mali-la-cedeao-enterine-la-nomination-dassimi-goita-a-la-presidence#primaryimage\",\"url\":\"https:\/\/static.africa-press.net\/cote\/sites\/43\/2021\/05\/img-60b5107616618.jpg\",\"contentUrl\":\"https:\/\/static.africa-press.net\/cote\/sites\/43\/2021\/05\/img-60b5107616618.jpg\",\"width\":720,\"height\":360,\"caption\":\"Mali : la Cedeao ent\u00e9rine la nomination d\u2019Assimi Go\u00efta \u00e0 la pr\u00e9sidence\"},{\"@type\":\"BreadcrumbList\",\"@id\":\"https:\/\/www.africa-press.net\/cotedivoire\/politique\/mali-la-cedeao-enterine-la-nomination-dassimi-goita-a-la-presidence#breadcrumb\",\"itemListElement\":[{\"@type\":\"ListItem\",\"position\":1,\"name\":\"Accueil\",\"item\":\"https:\/\/www.africa-press.net\/cotedivoire\/\"},{\"@type\":\"ListItem\",\"position\":2,\"name\":\"Mali : la Cedeao ent\u00e9rine la nomination d\u2019Assimi Go\u00efta \u00e0 la pr\u00e9sidence\"}]},{\"@type\":\"WebSite\",\"@id\":\"https:\/\/www.africa-press.net\/cotedivoire\/#website\",\"url\":\"https:\/\/www.africa-press.net\/cotedivoire\/\",\"name\":\"C\u00f4te d&#039;Ivoire\",\"description\":\"Just another Africa News Agency Sites site\",\"potentialAction\":[{\"@type\":\"SearchAction\",\"target\":{\"@type\":\"EntryPoint\",\"urlTemplate\":\"https:\/\/www.africa-press.net\/cotedivoire\/?s={search_term_string}\"},\"query-input\":{\"@type\":\"PropertyValueSpecification\",\"valueRequired\":true,\"valueName\":\"search_term_string\"}}],\"inLanguage\":\"fr-FR\"},{\"@type\":\"Person\",\"@id\":\"https:\/\/www.africa-press.net\/cotedivoire\/#\/schema\/person\/2b1cf3cd81a31e3cd26889ca66d677f1\",\"name\":\"cfeditorfr\"}]}<\/script>\n<!-- \/ Yoast SEO Premium plugin. -->","yoast_head_json":{"title":"Mali : la Cedeao ent\u00e9rine la nomination d\u2019Assimi Go\u00efta \u00e0 la pr\u00e9sidence - C\u00f4te d&#039;Ivoire","description":"Si le Mali est suspendu des instances de la Cedeao, et que les chefs d\u2019\u00c9tat ouest africains ont condamn\u00e9 le second coup ...","robots":{"index":"index","follow":"follow","max-snippet":"max-snippet:-1","max-image-preview":"max-image-preview:large","max-video-preview":"max-video-preview:-1"},"canonical":"https:\/\/www.africa-press.net\/cotedivoire\/politique\/mali-la-cedeao-enterine-la-nomination-dassimi-goita-a-la-presidence","og_locale":"fr_FR","og_type":"article","og_title":"Mali : la Cedeao ent\u00e9rine la nomination d\u2019Assimi Go\u00efta \u00e0 la pr\u00e9sidence","og_description":"Si le Mali est suspendu des instances de la Cedeao, et que les chefs d\u2019\u00c9tat ouest africains ont condamn\u00e9 le second coup ...","og_url":"https:\/\/www.africa-press.net\/cotedivoire\/politique\/mali-la-cedeao-enterine-la-nomination-dassimi-goita-a-la-presidence","og_site_name":"C\u00f4te d&#039;Ivoire","article_published_time":"2021-05-31T16:40:18+00:00","article_modified_time":"2021-05-31T18:30:34+00:00","og_image":[{"width":720,"height":360,"url":"https:\/\/static.africa-press.net\/cote\/sites\/43\/2021\/05\/img-60b5107616618.jpg","type":"image\/jpeg"}],"author":"cfeditorfr","twitter_card":"summary_large_image","twitter_misc":{"\u00c9crit par":"cfeditorfr","Dur\u00e9e de lecture estim\u00e9e":"4 minutes"},"schema":{"@context":"https:\/\/schema.org","@graph":[{"@type":"Article","@id":"https:\/\/www.africa-press.net\/cotedivoire\/politique\/mali-la-cedeao-enterine-la-nomination-dassimi-goita-a-la-presidence#article","isPartOf":{"@id":"https:\/\/www.africa-press.net\/cotedivoire\/politique\/mali-la-cedeao-enterine-la-nomination-dassimi-goita-a-la-presidence"},"author":{"name":"cfeditorfr","@id":"https:\/\/www.africa-press.net\/cotedivoire\/#\/schema\/person\/2b1cf3cd81a31e3cd26889ca66d677f1"},"headline":"Mali : la Cedeao ent\u00e9rine la nomination d\u2019Assimi Go\u00efta \u00e0 la pr\u00e9sidence","datePublished":"2021-05-31T16:40:18+00:00","dateModified":"2021-05-31T18:30:34+00:00","mainEntityOfPage":{"@id":"https:\/\/www.africa-press.net\/cotedivoire\/politique\/mali-la-cedeao-enterine-la-nomination-dassimi-goita-a-la-presidence"},"wordCount":824,"commentCount":0,"image":{"@id":"https:\/\/www.africa-press.net\/cotedivoire\/politique\/mali-la-cedeao-enterine-la-nomination-dassimi-goita-a-la-presidence#primaryimage"},"thumbnailUrl":"https:\/\/static.africa-press.net\/cote\/sites\/43\/2021\/05\/img-60b5107616618.jpg","keywords":["Africa Press","Africa Press-C\u00f4te d'Ivoire","C\u00d4TE D'IVOIRE"],"articleSection":["homepage-french","Politique","Toutes les actualit\u00e9s"],"inLanguage":"fr-FR","potentialAction":[{"@type":"CommentAction","name":"Comment","target":["https:\/\/www.africa-press.net\/cotedivoire\/politique\/mali-la-cedeao-enterine-la-nomination-dassimi-goita-a-la-presidence#respond"]}]},{"@type":"WebPage","@id":"https:\/\/www.africa-press.net\/cotedivoire\/politique\/mali-la-cedeao-enterine-la-nomination-dassimi-goita-a-la-presidence","url":"https:\/\/www.africa-press.net\/cotedivoire\/politique\/mali-la-cedeao-enterine-la-nomination-dassimi-goita-a-la-presidence","name":"Mali : la Cedeao ent\u00e9rine la nomination d\u2019Assimi Go\u00efta \u00e0 la pr\u00e9sidence - C\u00f4te d&#039;Ivoire","isPartOf":{"@id":"https:\/\/www.africa-press.net\/cotedivoire\/#website"},"primaryImageOfPage":{"@id":"https:\/\/www.africa-press.net\/cotedivoire\/politique\/mali-la-cedeao-enterine-la-nomination-dassimi-goita-a-la-presidence#primaryimage"},"image":{"@id":"https:\/\/www.africa-press.net\/cotedivoire\/politique\/mali-la-cedeao-enterine-la-nomination-dassimi-goita-a-la-presidence#primaryimage"},"thumbnailUrl":"https:\/\/static.africa-press.net\/cote\/sites\/43\/2021\/05\/img-60b5107616618.jpg","datePublished":"2021-05-31T16:40:18+00:00","dateModified":"2021-05-31T18:30:34+00:00","author":{"@id":"https:\/\/www.africa-press.net\/cotedivoire\/#\/schema\/person\/2b1cf3cd81a31e3cd26889ca66d677f1"},"description":"Si le Mali est suspendu des instances de la Cedeao, et que les chefs d\u2019\u00c9tat ouest africains ont condamn\u00e9 le second coup ...","breadcrumb":{"@id":"https:\/\/www.africa-press.net\/cotedivoire\/politique\/mali-la-cedeao-enterine-la-nomination-dassimi-goita-a-la-presidence#breadcrumb"},"inLanguage":"fr-FR","potentialAction":[{"@type":"ReadAction","target":["https:\/\/www.africa-press.net\/cotedivoire\/politique\/mali-la-cedeao-enterine-la-nomination-dassimi-goita-a-la-presidence"]}]},{"@type":"ImageObject","inLanguage":"fr-FR","@id":"https:\/\/www.africa-press.net\/cotedivoire\/politique\/mali-la-cedeao-enterine-la-nomination-dassimi-goita-a-la-presidence#primaryimage","url":"https:\/\/static.africa-press.net\/cote\/sites\/43\/2021\/05\/img-60b5107616618.jpg","contentUrl":"https:\/\/static.africa-press.net\/cote\/sites\/43\/2021\/05\/img-60b5107616618.jpg","width":720,"height":360,"caption":"Mali : la Cedeao ent\u00e9rine la nomination d\u2019Assimi Go\u00efta \u00e0 la pr\u00e9sidence"},{"@type":"BreadcrumbList","@id":"https:\/\/www.africa-press.net\/cotedivoire\/politique\/mali-la-cedeao-enterine-la-nomination-dassimi-goita-a-la-presidence#breadcrumb","itemListElement":[{"@type":"ListItem","position":1,"name":"Accueil","item":"https:\/\/www.africa-press.net\/cotedivoire\/"},{"@type":"ListItem","position":2,"name":"Mali : la Cedeao ent\u00e9rine la nomination d\u2019Assimi Go\u00efta \u00e0 la pr\u00e9sidence"}]},{"@type":"WebSite","@id":"https:\/\/www.africa-press.net\/cotedivoire\/#website","url":"https:\/\/www.africa-press.net\/cotedivoire\/","name":"C\u00f4te d&#039;Ivoire","description":"Just another Africa News Agency Sites site","potentialAction":[{"@type":"SearchAction","target":{"@type":"EntryPoint","urlTemplate":"https:\/\/www.africa-press.net\/cotedivoire\/?s={search_term_string}"},"query-input":{"@type":"PropertyValueSpecification","valueRequired":true,"valueName":"search_term_string"}}],"inLanguage":"fr-FR"},{"@type":"Person","@id":"https:\/\/www.africa-press.net\/cotedivoire\/#\/schema\/person\/2b1cf3cd81a31e3cd26889ca66d677f1","name":"cfeditorfr"}]}},"_links":{"self":[{"href":"https:\/\/www.africa-press.net\/cotedivoire\/wp-json\/wp\/v2\/posts\/8410","targetHints":{"allow":["GET"]}}],"collection":[{"href":"https:\/\/www.africa-press.net\/cotedivoire\/wp-json\/wp\/v2\/posts"}],"about":[{"href":"https:\/\/www.africa-press.net\/cotedivoire\/wp-json\/wp\/v2\/types\/post"}],"author":[{"embeddable":true,"href":"https:\/\/www.africa-press.net\/cotedivoire\/wp-json\/wp\/v2\/users\/82"}],"replies":[{"embeddable":true,"href":"https:\/\/www.africa-press.net\/cotedivoire\/wp-json\/wp\/v2\/comments?post=8410"}],"version-history":[{"count":0,"href":"https:\/\/www.africa-press.net\/cotedivoire\/wp-json\/wp\/v2\/posts\/8410\/revisions"}],"wp:featuredmedia":[{"embeddable":true,"href":"https:\/\/www.africa-press.net\/cotedivoire\/wp-json\/wp\/v2\/media\/8409"}],"wp:attachment":[{"href":"https:\/\/www.africa-press.net\/cotedivoire\/wp-json\/wp\/v2\/media?parent=8410"}],"wp:term":[{"taxonomy":"category","embeddable":true,"href":"https:\/\/www.africa-press.net\/cotedivoire\/wp-json\/wp\/v2\/categories?post=8410"},{"taxonomy":"post_tag","embeddable":true,"href":"https:\/\/www.africa-press.net\/cotedivoire\/wp-json\/wp\/v2\/tags?post=8410"}],"curies":[{"name":"wp","href":"https:\/\/api.w.org\/{rel}","templated":true}]}}