{"id":84216,"date":"2024-07-22T18:06:18","date_gmt":"2024-07-22T18:06:18","guid":{"rendered":"https:\/\/www.africa-press.net\/cotedivoire\/politique\/yopougon-le-centre-de-sante-communautaire-pole-de-reference-pour-le-depistage-et-la-prise-en-charge-de-la-drepanocytose-precoce-ouvert-ce-lundi"},"modified":"2024-07-22T18:47:37","modified_gmt":"2024-07-22T18:47:37","slug":"yopougon-le-centre-de-sante-communautaire-pole-de-reference-pour-le-depistage-et-la-prise-en-charge-de-la-drepanocytose-precoce-ouvert-ce-lundi","status":"publish","type":"post","link":"https:\/\/www.africa-press.net\/cotedivoire\/toutes-les-actualites\/yopougon-le-centre-de-sante-communautaire-pole-de-reference-pour-le-depistage-et-la-prise-en-charge-de-la-drepanocytose-precoce-ouvert-ce-lundi","title":{"rendered":"Yopougon, le centre de sant\u00e9 communautaire p\u00f4le de r\u00e9f\u00e9rence pour le d\u00e9pistage et la prise en charge de la dr\u00e9panocytose pr\u00e9coce ouvert ce lundi"},"content":{"rendered":"<p><span style=\"color: #ff6600\"><strong>Africa-Press &#8211; C\u00f4te d&rsquo;Ivoire. <\/strong><\/span>Le centre de sante\u0301 communautaire du quartier Millionnaire-extension dans la commune de Yopougon ouvre ses portes ce lundi 22 juillet 2024.<\/p>\n<p>Ce centre de sante\u0301 inaugure\u0301 vendredi dernier sera un po\u0302le de re\u0301fe\u0301rence pour le de\u0301pistage et la prise en charge de la dre\u0301panocytose pre\u0301coce en Co\u0302te d&rsquo;Ivoire.<\/p>\n<p>Fruit du jumelage entre la commune de Yopougon et le canton de Ba\u0302le en Suisse. Le directeur de cabinet du ministre de la Sante\u0301, Koffi Aka Charles, a fe\u0301licite\u0301 le Centre suisse de recherches scientifiques en collaboration avec Novartis pour l\u2019appui. Il a soutenu que les re\u0301sultats des e\u0301tudes dans ce centre me\u0301dical permettront de mieux affiner les strate\u0301gies de prise en charge de la dre\u0301panocytose et ame\u0301liorer notablement l\u2019espe\u0301rance de vie des enfants porteurs de dre\u0301panocytose de formes graves.<\/p>\n<p>Notons que, le centre, ba\u0302ti sur 2 000 m2, comprend 16 chambres dont quatre pour la maternite\u0301, et quatre pour le dispensaire, en plus des services de me\u0301decine ge\u0301ne\u0301rale, du laboratoire, de la pe\u0301diatrie, de l\u2019e\u0301chographie, l\u2019unite\u0301 recherche clinique, etc.<\/p>\n<p><strong>Pour plus d&rsquo;informations et d&rsquo;analyses sur la C\u00f4te d&rsquo;Ivoire, suivez Africa-Press<\/strong><\/p>\n","protected":false},"excerpt":{"rendered":"<p>Africa-Press &#8211; C\u00f4te d&rsquo;Ivoire. Le centre de sante\u0301 communautaire du quartier Millionnaire-extension dans la commune de Yopougon ouvre ses portes ce lundi 22 juillet 2024. Ce centre de sante\u0301 inaugure\u0301 vendredi dernier sera un po\u0302le de re\u0301fe\u0301rence pour le de\u0301pistage et la prise en charge de la dre\u0301panocytose pre\u0301coce en Co\u0302te d&rsquo;Ivoire. Fruit du jumelage [&hellip;]<\/p>\n","protected":false},"author":82,"featured_media":84214,"comment_status":"open","ping_status":"closed","sticky":false,"template":"","format":"standard","meta":{"footnotes":""},"categories":[21,10],"tags":[14258,711,4287,29,12945,14259,14257,142,540],"class_list":["post-84216","post","type-post","status-publish","format-standard","has-post-thumbnail","hentry","category-communaute","category-toutes-les-actualites","tag-bale","tag-centre","tag-communautaire","tag-cote-divoire","tag-depistage","tag-drepanocytose","tag-koffi-aka-charles","tag-sante","tag-yopougon"],"yoast_head":"<!-- This site is optimized with the Yoast SEO Premium plugin v26.1 (Yoast SEO v27.0) - https:\/\/yoast.com\/product\/yoast-seo-premium-wordpress\/ -->\n<title>Yopougon, le centre de sant\u00e9 communautaire p\u00f4le de r\u00e9f\u00e9rence pour le d\u00e9pistage et la prise en charge de la dr\u00e9panocytose pr\u00e9coce ouvert ce lundi - C\u00f4te d&#039;Ivoire<\/title>\n<meta name=\"description\" content=\"Le centre de sante\u0301 communautaire du quartier Millionnaire-extension dans la commune de Yopougon ouvre ses portes ce lun ...\" \/>\n<meta name=\"robots\" content=\"index, follow, max-snippet:-1, max-image-preview:large, max-video-preview:-1\" \/>\n<link rel=\"canonical\" href=\"https:\/\/www.africa-press.net\/cotedivoire\/toutes-les-actualites\/yopougon-le-centre-de-sante-communautaire-pole-de-reference-pour-le-depistage-et-la-prise-en-charge-de-la-drepanocytose-precoce-ouvert-ce-lundi\" \/>\n<meta property=\"og:locale\" content=\"fr_FR\" \/>\n<meta property=\"og:type\" content=\"article\" \/>\n<meta property=\"og:title\" content=\"Yopougon, le centre de sant\u00e9 communautaire p\u00f4le de r\u00e9f\u00e9rence pour le d\u00e9pistage et la prise en charge de la dr\u00e9panocytose pr\u00e9coce ouvert ce lundi\" \/>\n<meta property=\"og:description\" content=\"Le centre de sante\u0301 communautaire du quartier Millionnaire-extension dans la commune de Yopougon ouvre ses portes ce lun ...\" \/>\n<meta property=\"og:url\" content=\"https:\/\/www.africa-press.net\/cotedivoire\/toutes-les-actualites\/yopougon-le-centre-de-sante-communautaire-pole-de-reference-pour-le-depistage-et-la-prise-en-charge-de-la-drepanocytose-precoce-ouvert-ce-lundi\" \/>\n<meta property=\"og:site_name\" content=\"C\u00f4te d&#039;Ivoire\" \/>\n<meta property=\"article:published_time\" content=\"2024-07-22T18:06:18+00:00\" \/>\n<meta property=\"article:modified_time\" content=\"2024-07-22T18:47:37+00:00\" \/>\n<meta property=\"og:image\" content=\"https:\/\/static.africa-press.net\/cote\/sites\/43\/2024\/07\/sm_1721661433.854953.jpg\" \/>\n\t<meta property=\"og:image:width\" content=\"720\" \/>\n\t<meta property=\"og:image:height\" content=\"481\" \/>\n\t<meta property=\"og:image:type\" content=\"image\/jpeg\" \/>\n<meta name=\"author\" content=\"cfeditorfr\" \/>\n<meta name=\"twitter:card\" content=\"summary_large_image\" \/>\n<meta name=\"twitter:label1\" content=\"\u00c9crit par\" \/>\n\t<meta name=\"twitter:data1\" content=\"cfeditorfr\" \/>\n\t<meta name=\"twitter:label2\" content=\"Dur\u00e9e de lecture estim\u00e9e\" \/>\n\t<meta name=\"twitter:data2\" content=\"1 minute\" \/>\n<script type=\"application\/ld+json\" class=\"yoast-schema-graph\">{\"@context\":\"https:\/\/schema.org\",\"@graph\":[{\"@type\":\"Article\",\"@id\":\"https:\/\/www.africa-press.net\/cotedivoire\/toutes-les-actualites\/yopougon-le-centre-de-sante-communautaire-pole-de-reference-pour-le-depistage-et-la-prise-en-charge-de-la-drepanocytose-precoce-ouvert-ce-lundi#article\",\"isPartOf\":{\"@id\":\"https:\/\/www.africa-press.net\/cotedivoire\/toutes-les-actualites\/yopougon-le-centre-de-sante-communautaire-pole-de-reference-pour-le-depistage-et-la-prise-en-charge-de-la-drepanocytose-precoce-ouvert-ce-lundi\"},\"author\":{\"name\":\"cfeditorfr\",\"@id\":\"https:\/\/www.africa-press.net\/cotedivoire\/#\/schema\/person\/2b1cf3cd81a31e3cd26889ca66d677f1\"},\"headline\":\"Yopougon, le centre de sant\u00e9 communautaire p\u00f4le de r\u00e9f\u00e9rence pour le d\u00e9pistage et la prise en charge de la dr\u00e9panocytose pr\u00e9coce ouvert ce lundi\",\"datePublished\":\"2024-07-22T18:06:18+00:00\",\"dateModified\":\"2024-07-22T18:47:37+00:00\",\"mainEntityOfPage\":{\"@id\":\"https:\/\/www.africa-press.net\/cotedivoire\/toutes-les-actualites\/yopougon-le-centre-de-sante-communautaire-pole-de-reference-pour-le-depistage-et-la-prise-en-charge-de-la-drepanocytose-precoce-ouvert-ce-lundi\"},\"wordCount\":242,\"commentCount\":0,\"image\":{\"@id\":\"https:\/\/www.africa-press.net\/cotedivoire\/toutes-les-actualites\/yopougon-le-centre-de-sante-communautaire-pole-de-reference-pour-le-depistage-et-la-prise-en-charge-de-la-drepanocytose-precoce-ouvert-ce-lundi#primaryimage\"},\"thumbnailUrl\":\"https:\/\/static.africa-press.net\/cote\/sites\/43\/2024\/07\/sm_1721661433.854953.jpg\",\"keywords\":[\"Bale\",\"centre\",\"communautaire\",\"C\u00d4TE D'IVOIRE\",\"d\u00e9pistage\",\"dr\u00e9panocytose\",\"Koffi Aka Charles\",\"sant\u00e9\",\"Yopougon\"],\"articleSection\":[\"Communaut\u00e9\",\"Toutes les actualit\u00e9s\"],\"inLanguage\":\"fr-FR\",\"potentialAction\":[{\"@type\":\"CommentAction\",\"name\":\"Comment\",\"target\":[\"https:\/\/www.africa-press.net\/cotedivoire\/toutes-les-actualites\/yopougon-le-centre-de-sante-communautaire-pole-de-reference-pour-le-depistage-et-la-prise-en-charge-de-la-drepanocytose-precoce-ouvert-ce-lundi#respond\"]}]},{\"@type\":\"WebPage\",\"@id\":\"https:\/\/www.africa-press.net\/cotedivoire\/toutes-les-actualites\/yopougon-le-centre-de-sante-communautaire-pole-de-reference-pour-le-depistage-et-la-prise-en-charge-de-la-drepanocytose-precoce-ouvert-ce-lundi\",\"url\":\"https:\/\/www.africa-press.net\/cotedivoire\/toutes-les-actualites\/yopougon-le-centre-de-sante-communautaire-pole-de-reference-pour-le-depistage-et-la-prise-en-charge-de-la-drepanocytose-precoce-ouvert-ce-lundi\",\"name\":\"Yopougon, le centre de sant\u00e9 communautaire p\u00f4le de r\u00e9f\u00e9rence pour le d\u00e9pistage et la prise en charge de la dr\u00e9panocytose pr\u00e9coce ouvert ce lundi - C\u00f4te d&#039;Ivoire\",\"isPartOf\":{\"@id\":\"https:\/\/www.africa-press.net\/cotedivoire\/#website\"},\"primaryImageOfPage\":{\"@id\":\"https:\/\/www.africa-press.net\/cotedivoire\/toutes-les-actualites\/yopougon-le-centre-de-sante-communautaire-pole-de-reference-pour-le-depistage-et-la-prise-en-charge-de-la-drepanocytose-precoce-ouvert-ce-lundi#primaryimage\"},\"image\":{\"@id\":\"https:\/\/www.africa-press.net\/cotedivoire\/toutes-les-actualites\/yopougon-le-centre-de-sante-communautaire-pole-de-reference-pour-le-depistage-et-la-prise-en-charge-de-la-drepanocytose-precoce-ouvert-ce-lundi#primaryimage\"},\"thumbnailUrl\":\"https:\/\/static.africa-press.net\/cote\/sites\/43\/2024\/07\/sm_1721661433.854953.jpg\",\"datePublished\":\"2024-07-22T18:06:18+00:00\",\"dateModified\":\"2024-07-22T18:47:37+00:00\",\"author\":{\"@id\":\"https:\/\/www.africa-press.net\/cotedivoire\/#\/schema\/person\/2b1cf3cd81a31e3cd26889ca66d677f1\"},\"description\":\"Le centre de sante\u0301 communautaire du quartier Millionnaire-extension dans la commune de Yopougon ouvre ses portes ce lun ...\",\"breadcrumb\":{\"@id\":\"https:\/\/www.africa-press.net\/cotedivoire\/toutes-les-actualites\/yopougon-le-centre-de-sante-communautaire-pole-de-reference-pour-le-depistage-et-la-prise-en-charge-de-la-drepanocytose-precoce-ouvert-ce-lundi#breadcrumb\"},\"inLanguage\":\"fr-FR\",\"potentialAction\":[{\"@type\":\"ReadAction\",\"target\":[\"https:\/\/www.africa-press.net\/cotedivoire\/toutes-les-actualites\/yopougon-le-centre-de-sante-communautaire-pole-de-reference-pour-le-depistage-et-la-prise-en-charge-de-la-drepanocytose-precoce-ouvert-ce-lundi\"]}]},{\"@type\":\"ImageObject\",\"inLanguage\":\"fr-FR\",\"@id\":\"https:\/\/www.africa-press.net\/cotedivoire\/toutes-les-actualites\/yopougon-le-centre-de-sante-communautaire-pole-de-reference-pour-le-depistage-et-la-prise-en-charge-de-la-drepanocytose-precoce-ouvert-ce-lundi#primaryimage\",\"url\":\"https:\/\/static.africa-press.net\/cote\/sites\/43\/2024\/07\/sm_1721661433.854953.jpg\",\"contentUrl\":\"https:\/\/static.africa-press.net\/cote\/sites\/43\/2024\/07\/sm_1721661433.854953.jpg\",\"width\":720,\"height\":481,\"caption\":\"Yopougon, le centre de sant\u00e9 communautaire p\u00f4le de r\u00e9f\u00e9rence pour le d\u00e9pistage et la prise en charge de la dr\u00e9panocytose pr\u00e9coce ouvert ce lundi\"},{\"@type\":\"BreadcrumbList\",\"@id\":\"https:\/\/www.africa-press.net\/cotedivoire\/toutes-les-actualites\/yopougon-le-centre-de-sante-communautaire-pole-de-reference-pour-le-depistage-et-la-prise-en-charge-de-la-drepanocytose-precoce-ouvert-ce-lundi#breadcrumb\",\"itemListElement\":[{\"@type\":\"ListItem\",\"position\":1,\"name\":\"Accueil\",\"item\":\"https:\/\/www.africa-press.net\/cotedivoire\/\"},{\"@type\":\"ListItem\",\"position\":2,\"name\":\"Yopougon, le centre de sant\u00e9 communautaire p\u00f4le de r\u00e9f\u00e9rence pour le d\u00e9pistage et la prise en charge de la dr\u00e9panocytose pr\u00e9coce ouvert ce lundi\"}]},{\"@type\":\"WebSite\",\"@id\":\"https:\/\/www.africa-press.net\/cotedivoire\/#website\",\"url\":\"https:\/\/www.africa-press.net\/cotedivoire\/\",\"name\":\"C\u00f4te d&#039;Ivoire\",\"description\":\"Just another Africa News Agency Sites site\",\"potentialAction\":[{\"@type\":\"SearchAction\",\"target\":{\"@type\":\"EntryPoint\",\"urlTemplate\":\"https:\/\/www.africa-press.net\/cotedivoire\/?s={search_term_string}\"},\"query-input\":{\"@type\":\"PropertyValueSpecification\",\"valueRequired\":true,\"valueName\":\"search_term_string\"}}],\"inLanguage\":\"fr-FR\"},{\"@type\":\"Person\",\"@id\":\"https:\/\/www.africa-press.net\/cotedivoire\/#\/schema\/person\/2b1cf3cd81a31e3cd26889ca66d677f1\",\"name\":\"cfeditorfr\"}]}<\/script>\n<!-- \/ Yoast SEO Premium plugin. -->","yoast_head_json":{"title":"Yopougon, le centre de sant\u00e9 communautaire p\u00f4le de r\u00e9f\u00e9rence pour le d\u00e9pistage et la prise en charge de la dr\u00e9panocytose pr\u00e9coce ouvert ce lundi - C\u00f4te d&#039;Ivoire","description":"Le centre de sante\u0301 communautaire du quartier Millionnaire-extension dans la commune de Yopougon ouvre ses portes ce lun ...","robots":{"index":"index","follow":"follow","max-snippet":"max-snippet:-1","max-image-preview":"max-image-preview:large","max-video-preview":"max-video-preview:-1"},"canonical":"https:\/\/www.africa-press.net\/cotedivoire\/toutes-les-actualites\/yopougon-le-centre-de-sante-communautaire-pole-de-reference-pour-le-depistage-et-la-prise-en-charge-de-la-drepanocytose-precoce-ouvert-ce-lundi","og_locale":"fr_FR","og_type":"article","og_title":"Yopougon, le centre de sant\u00e9 communautaire p\u00f4le de r\u00e9f\u00e9rence pour le d\u00e9pistage et la prise en charge de la dr\u00e9panocytose pr\u00e9coce ouvert ce lundi","og_description":"Le centre de sante\u0301 communautaire du quartier Millionnaire-extension dans la commune de Yopougon ouvre ses portes ce lun ...","og_url":"https:\/\/www.africa-press.net\/cotedivoire\/toutes-les-actualites\/yopougon-le-centre-de-sante-communautaire-pole-de-reference-pour-le-depistage-et-la-prise-en-charge-de-la-drepanocytose-precoce-ouvert-ce-lundi","og_site_name":"C\u00f4te d&#039;Ivoire","article_published_time":"2024-07-22T18:06:18+00:00","article_modified_time":"2024-07-22T18:47:37+00:00","og_image":[{"width":720,"height":481,"url":"https:\/\/static.africa-press.net\/cote\/sites\/43\/2024\/07\/sm_1721661433.854953.jpg","type":"image\/jpeg"}],"author":"cfeditorfr","twitter_card":"summary_large_image","twitter_misc":{"\u00c9crit par":"cfeditorfr","Dur\u00e9e de lecture estim\u00e9e":"1 minute"},"schema":{"@context":"https:\/\/schema.org","@graph":[{"@type":"Article","@id":"https:\/\/www.africa-press.net\/cotedivoire\/toutes-les-actualites\/yopougon-le-centre-de-sante-communautaire-pole-de-reference-pour-le-depistage-et-la-prise-en-charge-de-la-drepanocytose-precoce-ouvert-ce-lundi#article","isPartOf":{"@id":"https:\/\/www.africa-press.net\/cotedivoire\/toutes-les-actualites\/yopougon-le-centre-de-sante-communautaire-pole-de-reference-pour-le-depistage-et-la-prise-en-charge-de-la-drepanocytose-precoce-ouvert-ce-lundi"},"author":{"name":"cfeditorfr","@id":"https:\/\/www.africa-press.net\/cotedivoire\/#\/schema\/person\/2b1cf3cd81a31e3cd26889ca66d677f1"},"headline":"Yopougon, le centre de sant\u00e9 communautaire p\u00f4le de r\u00e9f\u00e9rence pour le d\u00e9pistage et la prise en charge de la dr\u00e9panocytose pr\u00e9coce ouvert ce lundi","datePublished":"2024-07-22T18:06:18+00:00","dateModified":"2024-07-22T18:47:37+00:00","mainEntityOfPage":{"@id":"https:\/\/www.africa-press.net\/cotedivoire\/toutes-les-actualites\/yopougon-le-centre-de-sante-communautaire-pole-de-reference-pour-le-depistage-et-la-prise-en-charge-de-la-drepanocytose-precoce-ouvert-ce-lundi"},"wordCount":242,"commentCount":0,"image":{"@id":"https:\/\/www.africa-press.net\/cotedivoire\/toutes-les-actualites\/yopougon-le-centre-de-sante-communautaire-pole-de-reference-pour-le-depistage-et-la-prise-en-charge-de-la-drepanocytose-precoce-ouvert-ce-lundi#primaryimage"},"thumbnailUrl":"https:\/\/static.africa-press.net\/cote\/sites\/43\/2024\/07\/sm_1721661433.854953.jpg","keywords":["Bale","centre","communautaire","C\u00d4TE D'IVOIRE","d\u00e9pistage","dr\u00e9panocytose","Koffi Aka Charles","sant\u00e9","Yopougon"],"articleSection":["Communaut\u00e9","Toutes les actualit\u00e9s"],"inLanguage":"fr-FR","potentialAction":[{"@type":"CommentAction","name":"Comment","target":["https:\/\/www.africa-press.net\/cotedivoire\/toutes-les-actualites\/yopougon-le-centre-de-sante-communautaire-pole-de-reference-pour-le-depistage-et-la-prise-en-charge-de-la-drepanocytose-precoce-ouvert-ce-lundi#respond"]}]},{"@type":"WebPage","@id":"https:\/\/www.africa-press.net\/cotedivoire\/toutes-les-actualites\/yopougon-le-centre-de-sante-communautaire-pole-de-reference-pour-le-depistage-et-la-prise-en-charge-de-la-drepanocytose-precoce-ouvert-ce-lundi","url":"https:\/\/www.africa-press.net\/cotedivoire\/toutes-les-actualites\/yopougon-le-centre-de-sante-communautaire-pole-de-reference-pour-le-depistage-et-la-prise-en-charge-de-la-drepanocytose-precoce-ouvert-ce-lundi","name":"Yopougon, le centre de sant\u00e9 communautaire p\u00f4le de r\u00e9f\u00e9rence pour le d\u00e9pistage et la prise en charge de la dr\u00e9panocytose pr\u00e9coce ouvert ce lundi - C\u00f4te d&#039;Ivoire","isPartOf":{"@id":"https:\/\/www.africa-press.net\/cotedivoire\/#website"},"primaryImageOfPage":{"@id":"https:\/\/www.africa-press.net\/cotedivoire\/toutes-les-actualites\/yopougon-le-centre-de-sante-communautaire-pole-de-reference-pour-le-depistage-et-la-prise-en-charge-de-la-drepanocytose-precoce-ouvert-ce-lundi#primaryimage"},"image":{"@id":"https:\/\/www.africa-press.net\/cotedivoire\/toutes-les-actualites\/yopougon-le-centre-de-sante-communautaire-pole-de-reference-pour-le-depistage-et-la-prise-en-charge-de-la-drepanocytose-precoce-ouvert-ce-lundi#primaryimage"},"thumbnailUrl":"https:\/\/static.africa-press.net\/cote\/sites\/43\/2024\/07\/sm_1721661433.854953.jpg","datePublished":"2024-07-22T18:06:18+00:00","dateModified":"2024-07-22T18:47:37+00:00","author":{"@id":"https:\/\/www.africa-press.net\/cotedivoire\/#\/schema\/person\/2b1cf3cd81a31e3cd26889ca66d677f1"},"description":"Le centre de sante\u0301 communautaire du quartier Millionnaire-extension dans la commune de Yopougon ouvre ses portes ce lun ...","breadcrumb":{"@id":"https:\/\/www.africa-press.net\/cotedivoire\/toutes-les-actualites\/yopougon-le-centre-de-sante-communautaire-pole-de-reference-pour-le-depistage-et-la-prise-en-charge-de-la-drepanocytose-precoce-ouvert-ce-lundi#breadcrumb"},"inLanguage":"fr-FR","potentialAction":[{"@type":"ReadAction","target":["https:\/\/www.africa-press.net\/cotedivoire\/toutes-les-actualites\/yopougon-le-centre-de-sante-communautaire-pole-de-reference-pour-le-depistage-et-la-prise-en-charge-de-la-drepanocytose-precoce-ouvert-ce-lundi"]}]},{"@type":"ImageObject","inLanguage":"fr-FR","@id":"https:\/\/www.africa-press.net\/cotedivoire\/toutes-les-actualites\/yopougon-le-centre-de-sante-communautaire-pole-de-reference-pour-le-depistage-et-la-prise-en-charge-de-la-drepanocytose-precoce-ouvert-ce-lundi#primaryimage","url":"https:\/\/static.africa-press.net\/cote\/sites\/43\/2024\/07\/sm_1721661433.854953.jpg","contentUrl":"https:\/\/static.africa-press.net\/cote\/sites\/43\/2024\/07\/sm_1721661433.854953.jpg","width":720,"height":481,"caption":"Yopougon, le centre de sant\u00e9 communautaire p\u00f4le de r\u00e9f\u00e9rence pour le d\u00e9pistage et la prise en charge de la dr\u00e9panocytose pr\u00e9coce ouvert ce lundi"},{"@type":"BreadcrumbList","@id":"https:\/\/www.africa-press.net\/cotedivoire\/toutes-les-actualites\/yopougon-le-centre-de-sante-communautaire-pole-de-reference-pour-le-depistage-et-la-prise-en-charge-de-la-drepanocytose-precoce-ouvert-ce-lundi#breadcrumb","itemListElement":[{"@type":"ListItem","position":1,"name":"Accueil","item":"https:\/\/www.africa-press.net\/cotedivoire\/"},{"@type":"ListItem","position":2,"name":"Yopougon, le centre de sant\u00e9 communautaire p\u00f4le de r\u00e9f\u00e9rence pour le d\u00e9pistage et la prise en charge de la dr\u00e9panocytose pr\u00e9coce ouvert ce lundi"}]},{"@type":"WebSite","@id":"https:\/\/www.africa-press.net\/cotedivoire\/#website","url":"https:\/\/www.africa-press.net\/cotedivoire\/","name":"C\u00f4te d&#039;Ivoire","description":"Just another Africa News Agency Sites site","potentialAction":[{"@type":"SearchAction","target":{"@type":"EntryPoint","urlTemplate":"https:\/\/www.africa-press.net\/cotedivoire\/?s={search_term_string}"},"query-input":{"@type":"PropertyValueSpecification","valueRequired":true,"valueName":"search_term_string"}}],"inLanguage":"fr-FR"},{"@type":"Person","@id":"https:\/\/www.africa-press.net\/cotedivoire\/#\/schema\/person\/2b1cf3cd81a31e3cd26889ca66d677f1","name":"cfeditorfr"}]}},"_links":{"self":[{"href":"https:\/\/www.africa-press.net\/cotedivoire\/wp-json\/wp\/v2\/posts\/84216","targetHints":{"allow":["GET"]}}],"collection":[{"href":"https:\/\/www.africa-press.net\/cotedivoire\/wp-json\/wp\/v2\/posts"}],"about":[{"href":"https:\/\/www.africa-press.net\/cotedivoire\/wp-json\/wp\/v2\/types\/post"}],"author":[{"embeddable":true,"href":"https:\/\/www.africa-press.net\/cotedivoire\/wp-json\/wp\/v2\/users\/82"}],"replies":[{"embeddable":true,"href":"https:\/\/www.africa-press.net\/cotedivoire\/wp-json\/wp\/v2\/comments?post=84216"}],"version-history":[{"count":0,"href":"https:\/\/www.africa-press.net\/cotedivoire\/wp-json\/wp\/v2\/posts\/84216\/revisions"}],"wp:featuredmedia":[{"embeddable":true,"href":"https:\/\/www.africa-press.net\/cotedivoire\/wp-json\/wp\/v2\/media\/84214"}],"wp:attachment":[{"href":"https:\/\/www.africa-press.net\/cotedivoire\/wp-json\/wp\/v2\/media?parent=84216"}],"wp:term":[{"taxonomy":"category","embeddable":true,"href":"https:\/\/www.africa-press.net\/cotedivoire\/wp-json\/wp\/v2\/categories?post=84216"},{"taxonomy":"post_tag","embeddable":true,"href":"https:\/\/www.africa-press.net\/cotedivoire\/wp-json\/wp\/v2\/tags?post=84216"}],"curies":[{"name":"wp","href":"https:\/\/api.w.org\/{rel}","templated":true}]}}