{"id":84224,"date":"2024-07-22T18:21:11","date_gmt":"2024-07-22T18:21:11","guid":{"rendered":"https:\/\/www.africa-press.net\/cotedivoire\/politique\/lons-en-collaboration-avec-la-fif-a-engage-une-offensive-commerciale-aupres-des-pays-amis-en-vue-de-mettre-a-disposition-les-infrastructures-de-la-can"},"modified":"2024-07-22T18:48:23","modified_gmt":"2024-07-22T18:48:23","slug":"lons-en-collaboration-avec-la-fif-a-engage-une-offensive-commerciale-aupres-des-pays-amis-en-vue-de-mettre-a-disposition-les-infrastructures-de-la-can","status":"publish","type":"post","link":"https:\/\/www.africa-press.net\/cotedivoire\/sports\/lons-en-collaboration-avec-la-fif-a-engage-une-offensive-commerciale-aupres-des-pays-amis-en-vue-de-mettre-a-disposition-les-infrastructures-de-la-can","title":{"rendered":"L&rsquo;ONS en collaboration avec la FIF a engag\u00e9 une offensive commerciale aupr\u00e8s des pays amis en vue de mettre \u00e0 disposition les infrastructures de la CAN"},"content":{"rendered":"<p><span style=\"color: #ff6600\"><strong>Africa-Press &#8211; C\u00f4te d&rsquo;Ivoire. <\/strong><\/span>L&rsquo;Office National des Sports (ONS), en collaboration avec la FIF, a engage\u0301 une offensive commerciale aupre\u0300s des pays amis en vue de mettre a\u0300 disposition les infrastructures de la CAN 2023.<\/p>\n<p>Le mouvement sportif sera tenu informe\u0301, des re\u0301sultats de ces actions de promotion qui contribuent a\u0300 l&rsquo;exercice de l&rsquo;influence de la Co\u0302te-d&rsquo;Ivoire au niveau international et du renforcement de son image, vision che\u0300re a\u0300 son excellence le Pre\u0301sident de la Re\u0301publique Alassane Ouattara, rele\u0300ve-t-on d\u2019un communique\u0301 de l\u2019ONS.<\/p>\n<p>Par ailleurs et sans surprise, les six (6) stades ont e\u0301te\u0301 homologue\u0301s par la CAF dans le cadre des e\u0301liminatoires de la CAN 2025 au Maroc. Ce sont:<\/p>\n<p>1) Stade Olympique Alassane Ouattara D&rsquo;Ebimpe\u0301 (60 000 places);<\/p>\n<p>2) Stade Amadou Gon Coulibaly de Korhogo (20.000 places);<\/p>\n<p>3) Stade Charles Konan Banny de Yamoussoukro (20.000 places);<\/p>\n<p>4) Stade de la Paix de Bouake\u0301 (40.000 places);<\/p>\n<p>5) Stade Laurent Pokou de San-Pedro (20.000 places);<\/p>\n<p>6) Stade Fe\u0301lix Houphoue\u0308t-Boigny (27.000 places).<\/p>\n<p>Ces diffe\u0301rentes infrastructures sportives sont totalement fonctionnelles et rec\u0327oivent re\u0301gulie\u0300rement des activite\u0301s et des compe\u0301titions. Les infrastructures d&rsquo;he\u0301bergement sont e\u0301galement fonctionnelles et offrent toutes les commodite\u0301s.<\/p>\n<p>La Co\u0302te-d&rsquo;Ivoire est donc pre\u0302te a\u0300 accueillir les six (6) prochains matchs des E\u0301le\u0301phants en E\u0301liminatoires du Mondial 2026.<\/p>\n<p>Elle a, en outre, la capacite\u0301 de recevoir toutes les rencontres des autres pays ne disposant pas de stades homologue\u0301s.<\/p>\n<p><strong>Pour plus d&rsquo;informations et d&rsquo;analyses sur la C\u00f4te d&rsquo;Ivoire, suivez Africa-Press<\/strong><\/p>\n","protected":false},"excerpt":{"rendered":"<p>Africa-Press &#8211; C\u00f4te d&rsquo;Ivoire. L&rsquo;Office National des Sports (ONS), en collaboration avec la FIF, a engage\u0301 une offensive commerciale aupre\u0300s des pays amis en vue de mettre a\u0300 disposition les infrastructures de la CAN 2023. Le mouvement sportif sera tenu informe\u0301, des re\u0301sultats de ces actions de promotion qui contribuent a\u0300 l&rsquo;exercice de l&rsquo;influence de [&hellip;]<\/p>\n","protected":false},"author":82,"featured_media":84223,"comment_status":"open","ping_status":"closed","sticky":false,"template":"","format":"standard","meta":{"footnotes":""},"categories":[6,10],"tags":[2874,29,859,2781],"class_list":["post-84224","post","type-post","status-publish","format-standard","has-post-thumbnail","hentry","category-sports","category-toutes-les-actualites","tag-can","tag-cote-divoire","tag-fif","tag-ons"],"yoast_head":"<!-- This site is optimized with the Yoast SEO Premium plugin v26.1 (Yoast SEO v27.0) - https:\/\/yoast.com\/product\/yoast-seo-premium-wordpress\/ -->\n<title>L&#039;ONS en collaboration avec la FIF a engag\u00e9 une offensive commerciale aupr\u00e8s des pays amis en vue de mettre \u00e0 disposition les infrastructures de la CAN - C\u00f4te d&#039;Ivoire<\/title>\n<meta name=\"description\" content=\"L&#039;Office National des Sports (ONS), en collaboration avec la FIF, a engage\u0301 une offensive commerciale aupre\u0300s des pays a ...\" \/>\n<meta name=\"robots\" content=\"index, follow, max-snippet:-1, max-image-preview:large, max-video-preview:-1\" \/>\n<link rel=\"canonical\" href=\"https:\/\/www.africa-press.net\/cotedivoire\/sports\/lons-en-collaboration-avec-la-fif-a-engage-une-offensive-commerciale-aupres-des-pays-amis-en-vue-de-mettre-a-disposition-les-infrastructures-de-la-can\" \/>\n<meta property=\"og:locale\" content=\"fr_FR\" \/>\n<meta property=\"og:type\" content=\"article\" \/>\n<meta property=\"og:title\" content=\"L&#039;ONS en collaboration avec la FIF a engag\u00e9 une offensive commerciale aupr\u00e8s des pays amis en vue de mettre \u00e0 disposition les infrastructures de la CAN\" \/>\n<meta property=\"og:description\" content=\"L&#039;Office National des Sports (ONS), en collaboration avec la FIF, a engage\u0301 une offensive commerciale aupre\u0300s des pays a ...\" \/>\n<meta property=\"og:url\" content=\"https:\/\/www.africa-press.net\/cotedivoire\/sports\/lons-en-collaboration-avec-la-fif-a-engage-une-offensive-commerciale-aupres-des-pays-amis-en-vue-de-mettre-a-disposition-les-infrastructures-de-la-can\" \/>\n<meta property=\"og:site_name\" content=\"C\u00f4te d&#039;Ivoire\" \/>\n<meta property=\"article:published_time\" content=\"2024-07-22T18:21:11+00:00\" \/>\n<meta property=\"article:modified_time\" content=\"2024-07-22T18:48:23+00:00\" \/>\n<meta property=\"og:image\" content=\"https:\/\/static.africa-press.net\/cote\/sites\/43\/2024\/07\/sm_1721661484.607061.jpg\" \/>\n\t<meta property=\"og:image:width\" content=\"720\" \/>\n\t<meta property=\"og:image:height\" content=\"466\" \/>\n\t<meta property=\"og:image:type\" content=\"image\/jpeg\" \/>\n<meta name=\"author\" content=\"cfeditorfr\" \/>\n<meta name=\"twitter:card\" content=\"summary_large_image\" \/>\n<meta name=\"twitter:label1\" content=\"\u00c9crit par\" \/>\n\t<meta name=\"twitter:data1\" content=\"cfeditorfr\" \/>\n\t<meta name=\"twitter:label2\" content=\"Dur\u00e9e de lecture estim\u00e9e\" \/>\n\t<meta name=\"twitter:data2\" content=\"2 minutes\" \/>\n<script type=\"application\/ld+json\" class=\"yoast-schema-graph\">{\"@context\":\"https:\/\/schema.org\",\"@graph\":[{\"@type\":\"Article\",\"@id\":\"https:\/\/www.africa-press.net\/cotedivoire\/sports\/lons-en-collaboration-avec-la-fif-a-engage-une-offensive-commerciale-aupres-des-pays-amis-en-vue-de-mettre-a-disposition-les-infrastructures-de-la-can#article\",\"isPartOf\":{\"@id\":\"https:\/\/www.africa-press.net\/cotedivoire\/sports\/lons-en-collaboration-avec-la-fif-a-engage-une-offensive-commerciale-aupres-des-pays-amis-en-vue-de-mettre-a-disposition-les-infrastructures-de-la-can\"},\"author\":{\"name\":\"cfeditorfr\",\"@id\":\"https:\/\/www.africa-press.net\/cotedivoire\/#\/schema\/person\/2b1cf3cd81a31e3cd26889ca66d677f1\"},\"headline\":\"L&rsquo;ONS en collaboration avec la FIF a engag\u00e9 une offensive commerciale aupr\u00e8s des pays amis en vue de mettre \u00e0 disposition les infrastructures de la CAN\",\"datePublished\":\"2024-07-22T18:21:11+00:00\",\"dateModified\":\"2024-07-22T18:48:23+00:00\",\"mainEntityOfPage\":{\"@id\":\"https:\/\/www.africa-press.net\/cotedivoire\/sports\/lons-en-collaboration-avec-la-fif-a-engage-une-offensive-commerciale-aupres-des-pays-amis-en-vue-de-mettre-a-disposition-les-infrastructures-de-la-can\"},\"wordCount\":288,\"commentCount\":0,\"image\":{\"@id\":\"https:\/\/www.africa-press.net\/cotedivoire\/sports\/lons-en-collaboration-avec-la-fif-a-engage-une-offensive-commerciale-aupres-des-pays-amis-en-vue-de-mettre-a-disposition-les-infrastructures-de-la-can#primaryimage\"},\"thumbnailUrl\":\"https:\/\/static.africa-press.net\/cote\/sites\/43\/2024\/07\/sm_1721661484.607061.jpg\",\"keywords\":[\"CAN\",\"C\u00d4TE D'IVOIRE\",\"FIF\",\"ONS\"],\"articleSection\":[\"Sports\",\"Toutes les actualit\u00e9s\"],\"inLanguage\":\"fr-FR\",\"potentialAction\":[{\"@type\":\"CommentAction\",\"name\":\"Comment\",\"target\":[\"https:\/\/www.africa-press.net\/cotedivoire\/sports\/lons-en-collaboration-avec-la-fif-a-engage-une-offensive-commerciale-aupres-des-pays-amis-en-vue-de-mettre-a-disposition-les-infrastructures-de-la-can#respond\"]}]},{\"@type\":\"WebPage\",\"@id\":\"https:\/\/www.africa-press.net\/cotedivoire\/sports\/lons-en-collaboration-avec-la-fif-a-engage-une-offensive-commerciale-aupres-des-pays-amis-en-vue-de-mettre-a-disposition-les-infrastructures-de-la-can\",\"url\":\"https:\/\/www.africa-press.net\/cotedivoire\/sports\/lons-en-collaboration-avec-la-fif-a-engage-une-offensive-commerciale-aupres-des-pays-amis-en-vue-de-mettre-a-disposition-les-infrastructures-de-la-can\",\"name\":\"L'ONS en collaboration avec la FIF a engag\u00e9 une offensive commerciale aupr\u00e8s des pays amis en vue de mettre \u00e0 disposition les infrastructures de la CAN - C\u00f4te d&#039;Ivoire\",\"isPartOf\":{\"@id\":\"https:\/\/www.africa-press.net\/cotedivoire\/#website\"},\"primaryImageOfPage\":{\"@id\":\"https:\/\/www.africa-press.net\/cotedivoire\/sports\/lons-en-collaboration-avec-la-fif-a-engage-une-offensive-commerciale-aupres-des-pays-amis-en-vue-de-mettre-a-disposition-les-infrastructures-de-la-can#primaryimage\"},\"image\":{\"@id\":\"https:\/\/www.africa-press.net\/cotedivoire\/sports\/lons-en-collaboration-avec-la-fif-a-engage-une-offensive-commerciale-aupres-des-pays-amis-en-vue-de-mettre-a-disposition-les-infrastructures-de-la-can#primaryimage\"},\"thumbnailUrl\":\"https:\/\/static.africa-press.net\/cote\/sites\/43\/2024\/07\/sm_1721661484.607061.jpg\",\"datePublished\":\"2024-07-22T18:21:11+00:00\",\"dateModified\":\"2024-07-22T18:48:23+00:00\",\"author\":{\"@id\":\"https:\/\/www.africa-press.net\/cotedivoire\/#\/schema\/person\/2b1cf3cd81a31e3cd26889ca66d677f1\"},\"description\":\"L'Office National des Sports (ONS), en collaboration avec la FIF, a engage\u0301 une offensive commerciale aupre\u0300s des pays a ...\",\"breadcrumb\":{\"@id\":\"https:\/\/www.africa-press.net\/cotedivoire\/sports\/lons-en-collaboration-avec-la-fif-a-engage-une-offensive-commerciale-aupres-des-pays-amis-en-vue-de-mettre-a-disposition-les-infrastructures-de-la-can#breadcrumb\"},\"inLanguage\":\"fr-FR\",\"potentialAction\":[{\"@type\":\"ReadAction\",\"target\":[\"https:\/\/www.africa-press.net\/cotedivoire\/sports\/lons-en-collaboration-avec-la-fif-a-engage-une-offensive-commerciale-aupres-des-pays-amis-en-vue-de-mettre-a-disposition-les-infrastructures-de-la-can\"]}]},{\"@type\":\"ImageObject\",\"inLanguage\":\"fr-FR\",\"@id\":\"https:\/\/www.africa-press.net\/cotedivoire\/sports\/lons-en-collaboration-avec-la-fif-a-engage-une-offensive-commerciale-aupres-des-pays-amis-en-vue-de-mettre-a-disposition-les-infrastructures-de-la-can#primaryimage\",\"url\":\"https:\/\/static.africa-press.net\/cote\/sites\/43\/2024\/07\/sm_1721661484.607061.jpg\",\"contentUrl\":\"https:\/\/static.africa-press.net\/cote\/sites\/43\/2024\/07\/sm_1721661484.607061.jpg\",\"width\":720,\"height\":466,\"caption\":\"L'ONS en collaboration avec la FIF a engag\u00e9 une offensive commerciale aupr\u00e8s des pays amis en vue de mettre \u00e0 disposition les infrastructures de la CAN\"},{\"@type\":\"BreadcrumbList\",\"@id\":\"https:\/\/www.africa-press.net\/cotedivoire\/sports\/lons-en-collaboration-avec-la-fif-a-engage-une-offensive-commerciale-aupres-des-pays-amis-en-vue-de-mettre-a-disposition-les-infrastructures-de-la-can#breadcrumb\",\"itemListElement\":[{\"@type\":\"ListItem\",\"position\":1,\"name\":\"Accueil\",\"item\":\"https:\/\/www.africa-press.net\/cotedivoire\/\"},{\"@type\":\"ListItem\",\"position\":2,\"name\":\"L&#8217;ONS en collaboration avec la FIF a engag\u00e9 une offensive commerciale aupr\u00e8s des pays amis en vue de mettre \u00e0 disposition les infrastructures de la CAN\"}]},{\"@type\":\"WebSite\",\"@id\":\"https:\/\/www.africa-press.net\/cotedivoire\/#website\",\"url\":\"https:\/\/www.africa-press.net\/cotedivoire\/\",\"name\":\"C\u00f4te d&#039;Ivoire\",\"description\":\"Just another Africa News Agency Sites site\",\"potentialAction\":[{\"@type\":\"SearchAction\",\"target\":{\"@type\":\"EntryPoint\",\"urlTemplate\":\"https:\/\/www.africa-press.net\/cotedivoire\/?s={search_term_string}\"},\"query-input\":{\"@type\":\"PropertyValueSpecification\",\"valueRequired\":true,\"valueName\":\"search_term_string\"}}],\"inLanguage\":\"fr-FR\"},{\"@type\":\"Person\",\"@id\":\"https:\/\/www.africa-press.net\/cotedivoire\/#\/schema\/person\/2b1cf3cd81a31e3cd26889ca66d677f1\",\"name\":\"cfeditorfr\"}]}<\/script>\n<!-- \/ Yoast SEO Premium plugin. -->","yoast_head_json":{"title":"L'ONS en collaboration avec la FIF a engag\u00e9 une offensive commerciale aupr\u00e8s des pays amis en vue de mettre \u00e0 disposition les infrastructures de la CAN - C\u00f4te d&#039;Ivoire","description":"L'Office National des Sports (ONS), en collaboration avec la FIF, a engage\u0301 une offensive commerciale aupre\u0300s des pays a ...","robots":{"index":"index","follow":"follow","max-snippet":"max-snippet:-1","max-image-preview":"max-image-preview:large","max-video-preview":"max-video-preview:-1"},"canonical":"https:\/\/www.africa-press.net\/cotedivoire\/sports\/lons-en-collaboration-avec-la-fif-a-engage-une-offensive-commerciale-aupres-des-pays-amis-en-vue-de-mettre-a-disposition-les-infrastructures-de-la-can","og_locale":"fr_FR","og_type":"article","og_title":"L'ONS en collaboration avec la FIF a engag\u00e9 une offensive commerciale aupr\u00e8s des pays amis en vue de mettre \u00e0 disposition les infrastructures de la CAN","og_description":"L'Office National des Sports (ONS), en collaboration avec la FIF, a engage\u0301 une offensive commerciale aupre\u0300s des pays a ...","og_url":"https:\/\/www.africa-press.net\/cotedivoire\/sports\/lons-en-collaboration-avec-la-fif-a-engage-une-offensive-commerciale-aupres-des-pays-amis-en-vue-de-mettre-a-disposition-les-infrastructures-de-la-can","og_site_name":"C\u00f4te d&#039;Ivoire","article_published_time":"2024-07-22T18:21:11+00:00","article_modified_time":"2024-07-22T18:48:23+00:00","og_image":[{"width":720,"height":466,"url":"https:\/\/static.africa-press.net\/cote\/sites\/43\/2024\/07\/sm_1721661484.607061.jpg","type":"image\/jpeg"}],"author":"cfeditorfr","twitter_card":"summary_large_image","twitter_misc":{"\u00c9crit par":"cfeditorfr","Dur\u00e9e de lecture estim\u00e9e":"2 minutes"},"schema":{"@context":"https:\/\/schema.org","@graph":[{"@type":"Article","@id":"https:\/\/www.africa-press.net\/cotedivoire\/sports\/lons-en-collaboration-avec-la-fif-a-engage-une-offensive-commerciale-aupres-des-pays-amis-en-vue-de-mettre-a-disposition-les-infrastructures-de-la-can#article","isPartOf":{"@id":"https:\/\/www.africa-press.net\/cotedivoire\/sports\/lons-en-collaboration-avec-la-fif-a-engage-une-offensive-commerciale-aupres-des-pays-amis-en-vue-de-mettre-a-disposition-les-infrastructures-de-la-can"},"author":{"name":"cfeditorfr","@id":"https:\/\/www.africa-press.net\/cotedivoire\/#\/schema\/person\/2b1cf3cd81a31e3cd26889ca66d677f1"},"headline":"L&rsquo;ONS en collaboration avec la FIF a engag\u00e9 une offensive commerciale aupr\u00e8s des pays amis en vue de mettre \u00e0 disposition les infrastructures de la CAN","datePublished":"2024-07-22T18:21:11+00:00","dateModified":"2024-07-22T18:48:23+00:00","mainEntityOfPage":{"@id":"https:\/\/www.africa-press.net\/cotedivoire\/sports\/lons-en-collaboration-avec-la-fif-a-engage-une-offensive-commerciale-aupres-des-pays-amis-en-vue-de-mettre-a-disposition-les-infrastructures-de-la-can"},"wordCount":288,"commentCount":0,"image":{"@id":"https:\/\/www.africa-press.net\/cotedivoire\/sports\/lons-en-collaboration-avec-la-fif-a-engage-une-offensive-commerciale-aupres-des-pays-amis-en-vue-de-mettre-a-disposition-les-infrastructures-de-la-can#primaryimage"},"thumbnailUrl":"https:\/\/static.africa-press.net\/cote\/sites\/43\/2024\/07\/sm_1721661484.607061.jpg","keywords":["CAN","C\u00d4TE D'IVOIRE","FIF","ONS"],"articleSection":["Sports","Toutes les actualit\u00e9s"],"inLanguage":"fr-FR","potentialAction":[{"@type":"CommentAction","name":"Comment","target":["https:\/\/www.africa-press.net\/cotedivoire\/sports\/lons-en-collaboration-avec-la-fif-a-engage-une-offensive-commerciale-aupres-des-pays-amis-en-vue-de-mettre-a-disposition-les-infrastructures-de-la-can#respond"]}]},{"@type":"WebPage","@id":"https:\/\/www.africa-press.net\/cotedivoire\/sports\/lons-en-collaboration-avec-la-fif-a-engage-une-offensive-commerciale-aupres-des-pays-amis-en-vue-de-mettre-a-disposition-les-infrastructures-de-la-can","url":"https:\/\/www.africa-press.net\/cotedivoire\/sports\/lons-en-collaboration-avec-la-fif-a-engage-une-offensive-commerciale-aupres-des-pays-amis-en-vue-de-mettre-a-disposition-les-infrastructures-de-la-can","name":"L'ONS en collaboration avec la FIF a engag\u00e9 une offensive commerciale aupr\u00e8s des pays amis en vue de mettre \u00e0 disposition les infrastructures de la CAN - C\u00f4te d&#039;Ivoire","isPartOf":{"@id":"https:\/\/www.africa-press.net\/cotedivoire\/#website"},"primaryImageOfPage":{"@id":"https:\/\/www.africa-press.net\/cotedivoire\/sports\/lons-en-collaboration-avec-la-fif-a-engage-une-offensive-commerciale-aupres-des-pays-amis-en-vue-de-mettre-a-disposition-les-infrastructures-de-la-can#primaryimage"},"image":{"@id":"https:\/\/www.africa-press.net\/cotedivoire\/sports\/lons-en-collaboration-avec-la-fif-a-engage-une-offensive-commerciale-aupres-des-pays-amis-en-vue-de-mettre-a-disposition-les-infrastructures-de-la-can#primaryimage"},"thumbnailUrl":"https:\/\/static.africa-press.net\/cote\/sites\/43\/2024\/07\/sm_1721661484.607061.jpg","datePublished":"2024-07-22T18:21:11+00:00","dateModified":"2024-07-22T18:48:23+00:00","author":{"@id":"https:\/\/www.africa-press.net\/cotedivoire\/#\/schema\/person\/2b1cf3cd81a31e3cd26889ca66d677f1"},"description":"L'Office National des Sports (ONS), en collaboration avec la FIF, a engage\u0301 une offensive commerciale aupre\u0300s des pays a ...","breadcrumb":{"@id":"https:\/\/www.africa-press.net\/cotedivoire\/sports\/lons-en-collaboration-avec-la-fif-a-engage-une-offensive-commerciale-aupres-des-pays-amis-en-vue-de-mettre-a-disposition-les-infrastructures-de-la-can#breadcrumb"},"inLanguage":"fr-FR","potentialAction":[{"@type":"ReadAction","target":["https:\/\/www.africa-press.net\/cotedivoire\/sports\/lons-en-collaboration-avec-la-fif-a-engage-une-offensive-commerciale-aupres-des-pays-amis-en-vue-de-mettre-a-disposition-les-infrastructures-de-la-can"]}]},{"@type":"ImageObject","inLanguage":"fr-FR","@id":"https:\/\/www.africa-press.net\/cotedivoire\/sports\/lons-en-collaboration-avec-la-fif-a-engage-une-offensive-commerciale-aupres-des-pays-amis-en-vue-de-mettre-a-disposition-les-infrastructures-de-la-can#primaryimage","url":"https:\/\/static.africa-press.net\/cote\/sites\/43\/2024\/07\/sm_1721661484.607061.jpg","contentUrl":"https:\/\/static.africa-press.net\/cote\/sites\/43\/2024\/07\/sm_1721661484.607061.jpg","width":720,"height":466,"caption":"L'ONS en collaboration avec la FIF a engag\u00e9 une offensive commerciale aupr\u00e8s des pays amis en vue de mettre \u00e0 disposition les infrastructures de la CAN"},{"@type":"BreadcrumbList","@id":"https:\/\/www.africa-press.net\/cotedivoire\/sports\/lons-en-collaboration-avec-la-fif-a-engage-une-offensive-commerciale-aupres-des-pays-amis-en-vue-de-mettre-a-disposition-les-infrastructures-de-la-can#breadcrumb","itemListElement":[{"@type":"ListItem","position":1,"name":"Accueil","item":"https:\/\/www.africa-press.net\/cotedivoire\/"},{"@type":"ListItem","position":2,"name":"L&#8217;ONS en collaboration avec la FIF a engag\u00e9 une offensive commerciale aupr\u00e8s des pays amis en vue de mettre \u00e0 disposition les infrastructures de la CAN"}]},{"@type":"WebSite","@id":"https:\/\/www.africa-press.net\/cotedivoire\/#website","url":"https:\/\/www.africa-press.net\/cotedivoire\/","name":"C\u00f4te d&#039;Ivoire","description":"Just another Africa News Agency Sites site","potentialAction":[{"@type":"SearchAction","target":{"@type":"EntryPoint","urlTemplate":"https:\/\/www.africa-press.net\/cotedivoire\/?s={search_term_string}"},"query-input":{"@type":"PropertyValueSpecification","valueRequired":true,"valueName":"search_term_string"}}],"inLanguage":"fr-FR"},{"@type":"Person","@id":"https:\/\/www.africa-press.net\/cotedivoire\/#\/schema\/person\/2b1cf3cd81a31e3cd26889ca66d677f1","name":"cfeditorfr"}]}},"_links":{"self":[{"href":"https:\/\/www.africa-press.net\/cotedivoire\/wp-json\/wp\/v2\/posts\/84224","targetHints":{"allow":["GET"]}}],"collection":[{"href":"https:\/\/www.africa-press.net\/cotedivoire\/wp-json\/wp\/v2\/posts"}],"about":[{"href":"https:\/\/www.africa-press.net\/cotedivoire\/wp-json\/wp\/v2\/types\/post"}],"author":[{"embeddable":true,"href":"https:\/\/www.africa-press.net\/cotedivoire\/wp-json\/wp\/v2\/users\/82"}],"replies":[{"embeddable":true,"href":"https:\/\/www.africa-press.net\/cotedivoire\/wp-json\/wp\/v2\/comments?post=84224"}],"version-history":[{"count":0,"href":"https:\/\/www.africa-press.net\/cotedivoire\/wp-json\/wp\/v2\/posts\/84224\/revisions"}],"wp:featuredmedia":[{"embeddable":true,"href":"https:\/\/www.africa-press.net\/cotedivoire\/wp-json\/wp\/v2\/media\/84223"}],"wp:attachment":[{"href":"https:\/\/www.africa-press.net\/cotedivoire\/wp-json\/wp\/v2\/media?parent=84224"}],"wp:term":[{"taxonomy":"category","embeddable":true,"href":"https:\/\/www.africa-press.net\/cotedivoire\/wp-json\/wp\/v2\/categories?post=84224"},{"taxonomy":"post_tag","embeddable":true,"href":"https:\/\/www.africa-press.net\/cotedivoire\/wp-json\/wp\/v2\/tags?post=84224"}],"curies":[{"name":"wp","href":"https:\/\/api.w.org\/{rel}","templated":true}]}}