{"id":84247,"date":"2024-07-22T18:24:38","date_gmt":"2024-07-22T18:24:38","guid":{"rendered":"https:\/\/www.africa-press.net\/cotedivoire\/politique\/presidentielle-2025-tene-birahima-ouattara-je-ne-suis-ni-demandeur-ni-preneur"},"modified":"2024-07-22T18:50:22","modified_gmt":"2024-07-22T18:50:22","slug":"presidentielle-2025-tene-birahima-ouattara-je-ne-suis-ni-demandeur-ni-preneur","status":"publish","type":"post","link":"https:\/\/www.africa-press.net\/cotedivoire\/politique\/presidentielle-2025-tene-birahima-ouattara-je-ne-suis-ni-demandeur-ni-preneur","title":{"rendered":"Pr\u00e9sidentielle 2025, T\u00e9n\u00e9 Birahima Ouattara : \u00ab Je ne suis ni demandeur ni preneur \u00bb"},"content":{"rendered":"<p><span style=\"color: #ff6600\"><strong>Africa-Press &#8211; C\u00f4te d&rsquo;Ivoire. <\/strong><\/span>Le Ministre d\u2019Etat, Ministre de la De\u0301fense, Te\u0301ne\u0301 Birahima Ouattara, a rompu le silence dans un entretien accorde\u0301 a\u0300 \u00ab Jeune Afrique \u00bb.<\/p>\n<p>A quinze mois de l&rsquo;e\u0301lection pre\u0301sidentielle, le fre\u0300re du chef de l\u2019Etat, Alassane Ouattara, a\u0300 propos d\u2019une e\u0301ventuelle candidature, dit qu\u2019il n\u2019est ni demandeur ni preneur.<\/p>\n<p>\u00ab Je ne suis ni preneur ni demandeur \u00bb, assure-t-il, indiquant qu&rsquo;il a une \u00ab mission, celle d&rsquo;accompagner mon fre\u0300re. S&rsquo;il souhaite continuer, je l&rsquo;accompagnerai. S&rsquo;il souhaite arre\u0302ter, peut-e\u0302tre que je n&rsquo;arre\u0302terai pas et qu&rsquo;a\u0300 sa demande, j&rsquo;accompagnerai, e\u0301ventuellement, celui qui lui succe\u0301dera car je suis un homme de missions \u00bb, a clarifie\u0301 Te\u0301ne\u0301 Birahima Ouattara.<\/p>\n<p><strong>Pour plus d&rsquo;informations et d&rsquo;analyses sur la C\u00f4te d&rsquo;Ivoire, suivez Africa-Press<\/strong><\/p>\n","protected":false},"excerpt":{"rendered":"<p>Africa-Press &#8211; C\u00f4te d&rsquo;Ivoire. Le Ministre d\u2019Etat, Ministre de la De\u0301fense, Te\u0301ne\u0301 Birahima Ouattara, a rompu le silence dans un entretien accorde\u0301 a\u0300 \u00ab Jeune Afrique \u00bb. A quinze mois de l&rsquo;e\u0301lection pre\u0301sidentielle, le fre\u0300re du chef de l\u2019Etat, Alassane Ouattara, a\u0300 propos d\u2019une e\u0301ventuelle candidature, dit qu\u2019il n\u2019est ni demandeur ni preneur. \u00ab Je [&hellip;]<\/p>\n","protected":false},"author":82,"featured_media":84245,"comment_status":"open","ping_status":"closed","sticky":false,"template":"","format":"standard","meta":{"footnotes":""},"categories":[2,10],"tags":[38,29,742,650],"class_list":["post-84247","post","type-post","status-publish","format-standard","has-post-thumbnail","hentry","category-politique","category-toutes-les-actualites","tag-alassane-ouattara","tag-cote-divoire","tag-presidentielle-2025","tag-tene-birahima"],"yoast_head":"<!-- This site is optimized with the Yoast SEO Premium plugin v26.1 (Yoast SEO v27.0) - https:\/\/yoast.com\/product\/yoast-seo-premium-wordpress\/ -->\n<title>Pr\u00e9sidentielle 2025, T\u00e9n\u00e9 Birahima Ouattara : \u00ab Je ne suis ni demandeur ni preneur \u00bb - C\u00f4te d&#039;Ivoire<\/title>\n<meta name=\"description\" content=\"Le Ministre d\u2019Etat, Ministre de la De\u0301fense, Te\u0301ne\u0301 Birahima Ouattara, a rompu le silence dans un entretien accorde\u0301 a\u0300 ...\" \/>\n<meta name=\"robots\" content=\"index, follow, max-snippet:-1, max-image-preview:large, max-video-preview:-1\" \/>\n<link rel=\"canonical\" href=\"https:\/\/www.africa-press.net\/cotedivoire\/politique\/presidentielle-2025-tene-birahima-ouattara-je-ne-suis-ni-demandeur-ni-preneur\" \/>\n<meta property=\"og:locale\" content=\"fr_FR\" \/>\n<meta property=\"og:type\" content=\"article\" \/>\n<meta property=\"og:title\" content=\"Pr\u00e9sidentielle 2025, T\u00e9n\u00e9 Birahima Ouattara : \u00ab Je ne suis ni demandeur ni preneur \u00bb\" \/>\n<meta property=\"og:description\" content=\"Le Ministre d\u2019Etat, Ministre de la De\u0301fense, Te\u0301ne\u0301 Birahima Ouattara, a rompu le silence dans un entretien accorde\u0301 a\u0300 ...\" \/>\n<meta property=\"og:url\" content=\"https:\/\/www.africa-press.net\/cotedivoire\/politique\/presidentielle-2025-tene-birahima-ouattara-je-ne-suis-ni-demandeur-ni-preneur\" \/>\n<meta property=\"og:site_name\" content=\"C\u00f4te d&#039;Ivoire\" \/>\n<meta property=\"article:published_time\" content=\"2024-07-22T18:24:38+00:00\" \/>\n<meta property=\"article:modified_time\" content=\"2024-07-22T18:50:22+00:00\" \/>\n<meta property=\"og:image\" content=\"https:\/\/static.africa-press.net\/cote\/sites\/43\/2024\/07\/sm_1721661603.364859.jpg\" \/>\n\t<meta property=\"og:image:width\" content=\"720\" \/>\n\t<meta property=\"og:image:height\" content=\"421\" \/>\n\t<meta property=\"og:image:type\" content=\"image\/jpeg\" \/>\n<meta name=\"author\" content=\"cfeditorfr\" \/>\n<meta name=\"twitter:card\" content=\"summary_large_image\" \/>\n<meta name=\"twitter:label1\" content=\"\u00c9crit par\" \/>\n\t<meta name=\"twitter:data1\" content=\"cfeditorfr\" \/>\n\t<meta name=\"twitter:label2\" content=\"Dur\u00e9e de lecture estim\u00e9e\" \/>\n\t<meta name=\"twitter:data2\" content=\"1 minute\" \/>\n<script type=\"application\/ld+json\" class=\"yoast-schema-graph\">{\"@context\":\"https:\/\/schema.org\",\"@graph\":[{\"@type\":\"Article\",\"@id\":\"https:\/\/www.africa-press.net\/cotedivoire\/politique\/presidentielle-2025-tene-birahima-ouattara-je-ne-suis-ni-demandeur-ni-preneur#article\",\"isPartOf\":{\"@id\":\"https:\/\/www.africa-press.net\/cotedivoire\/politique\/presidentielle-2025-tene-birahima-ouattara-je-ne-suis-ni-demandeur-ni-preneur\"},\"author\":{\"name\":\"cfeditorfr\",\"@id\":\"https:\/\/www.africa-press.net\/cotedivoire\/#\/schema\/person\/2b1cf3cd81a31e3cd26889ca66d677f1\"},\"headline\":\"Pr\u00e9sidentielle 2025, T\u00e9n\u00e9 Birahima Ouattara : \u00ab Je ne suis ni demandeur ni preneur \u00bb\",\"datePublished\":\"2024-07-22T18:24:38+00:00\",\"dateModified\":\"2024-07-22T18:50:22+00:00\",\"mainEntityOfPage\":{\"@id\":\"https:\/\/www.africa-press.net\/cotedivoire\/politique\/presidentielle-2025-tene-birahima-ouattara-je-ne-suis-ni-demandeur-ni-preneur\"},\"wordCount\":160,\"commentCount\":0,\"image\":{\"@id\":\"https:\/\/www.africa-press.net\/cotedivoire\/politique\/presidentielle-2025-tene-birahima-ouattara-je-ne-suis-ni-demandeur-ni-preneur#primaryimage\"},\"thumbnailUrl\":\"https:\/\/static.africa-press.net\/cote\/sites\/43\/2024\/07\/sm_1721661603.364859.jpg\",\"keywords\":[\"Alassane Ouattara\",\"C\u00d4TE D'IVOIRE\",\"pr\u00e9sidentielle 2025\",\"T\u00e9n\u00e9 Birahima\"],\"articleSection\":[\"Politique\",\"Toutes les actualit\u00e9s\"],\"inLanguage\":\"fr-FR\",\"potentialAction\":[{\"@type\":\"CommentAction\",\"name\":\"Comment\",\"target\":[\"https:\/\/www.africa-press.net\/cotedivoire\/politique\/presidentielle-2025-tene-birahima-ouattara-je-ne-suis-ni-demandeur-ni-preneur#respond\"]}]},{\"@type\":\"WebPage\",\"@id\":\"https:\/\/www.africa-press.net\/cotedivoire\/politique\/presidentielle-2025-tene-birahima-ouattara-je-ne-suis-ni-demandeur-ni-preneur\",\"url\":\"https:\/\/www.africa-press.net\/cotedivoire\/politique\/presidentielle-2025-tene-birahima-ouattara-je-ne-suis-ni-demandeur-ni-preneur\",\"name\":\"Pr\u00e9sidentielle 2025, T\u00e9n\u00e9 Birahima Ouattara : \u00ab Je ne suis ni demandeur ni preneur \u00bb - C\u00f4te d&#039;Ivoire\",\"isPartOf\":{\"@id\":\"https:\/\/www.africa-press.net\/cotedivoire\/#website\"},\"primaryImageOfPage\":{\"@id\":\"https:\/\/www.africa-press.net\/cotedivoire\/politique\/presidentielle-2025-tene-birahima-ouattara-je-ne-suis-ni-demandeur-ni-preneur#primaryimage\"},\"image\":{\"@id\":\"https:\/\/www.africa-press.net\/cotedivoire\/politique\/presidentielle-2025-tene-birahima-ouattara-je-ne-suis-ni-demandeur-ni-preneur#primaryimage\"},\"thumbnailUrl\":\"https:\/\/static.africa-press.net\/cote\/sites\/43\/2024\/07\/sm_1721661603.364859.jpg\",\"datePublished\":\"2024-07-22T18:24:38+00:00\",\"dateModified\":\"2024-07-22T18:50:22+00:00\",\"author\":{\"@id\":\"https:\/\/www.africa-press.net\/cotedivoire\/#\/schema\/person\/2b1cf3cd81a31e3cd26889ca66d677f1\"},\"description\":\"Le Ministre d\u2019Etat, Ministre de la De\u0301fense, Te\u0301ne\u0301 Birahima Ouattara, a rompu le silence dans un entretien accorde\u0301 a\u0300 ...\",\"breadcrumb\":{\"@id\":\"https:\/\/www.africa-press.net\/cotedivoire\/politique\/presidentielle-2025-tene-birahima-ouattara-je-ne-suis-ni-demandeur-ni-preneur#breadcrumb\"},\"inLanguage\":\"fr-FR\",\"potentialAction\":[{\"@type\":\"ReadAction\",\"target\":[\"https:\/\/www.africa-press.net\/cotedivoire\/politique\/presidentielle-2025-tene-birahima-ouattara-je-ne-suis-ni-demandeur-ni-preneur\"]}]},{\"@type\":\"ImageObject\",\"inLanguage\":\"fr-FR\",\"@id\":\"https:\/\/www.africa-press.net\/cotedivoire\/politique\/presidentielle-2025-tene-birahima-ouattara-je-ne-suis-ni-demandeur-ni-preneur#primaryimage\",\"url\":\"https:\/\/static.africa-press.net\/cote\/sites\/43\/2024\/07\/sm_1721661603.364859.jpg\",\"contentUrl\":\"https:\/\/static.africa-press.net\/cote\/sites\/43\/2024\/07\/sm_1721661603.364859.jpg\",\"width\":720,\"height\":421,\"caption\":\"Pr\u00e9sidentielle 2025, T\u00e9n\u00e9 Birahima Ouattara : \u00ab Je ne suis ni demandeur ni preneur \u00bb\"},{\"@type\":\"BreadcrumbList\",\"@id\":\"https:\/\/www.africa-press.net\/cotedivoire\/politique\/presidentielle-2025-tene-birahima-ouattara-je-ne-suis-ni-demandeur-ni-preneur#breadcrumb\",\"itemListElement\":[{\"@type\":\"ListItem\",\"position\":1,\"name\":\"Accueil\",\"item\":\"https:\/\/www.africa-press.net\/cotedivoire\/\"},{\"@type\":\"ListItem\",\"position\":2,\"name\":\"Pr\u00e9sidentielle 2025, T\u00e9n\u00e9 Birahima Ouattara : \u00ab Je ne suis ni demandeur ni preneur \u00bb\"}]},{\"@type\":\"WebSite\",\"@id\":\"https:\/\/www.africa-press.net\/cotedivoire\/#website\",\"url\":\"https:\/\/www.africa-press.net\/cotedivoire\/\",\"name\":\"C\u00f4te d&#039;Ivoire\",\"description\":\"Just another Africa News Agency Sites site\",\"potentialAction\":[{\"@type\":\"SearchAction\",\"target\":{\"@type\":\"EntryPoint\",\"urlTemplate\":\"https:\/\/www.africa-press.net\/cotedivoire\/?s={search_term_string}\"},\"query-input\":{\"@type\":\"PropertyValueSpecification\",\"valueRequired\":true,\"valueName\":\"search_term_string\"}}],\"inLanguage\":\"fr-FR\"},{\"@type\":\"Person\",\"@id\":\"https:\/\/www.africa-press.net\/cotedivoire\/#\/schema\/person\/2b1cf3cd81a31e3cd26889ca66d677f1\",\"name\":\"cfeditorfr\"}]}<\/script>\n<!-- \/ Yoast SEO Premium plugin. -->","yoast_head_json":{"title":"Pr\u00e9sidentielle 2025, T\u00e9n\u00e9 Birahima Ouattara : \u00ab Je ne suis ni demandeur ni preneur \u00bb - C\u00f4te d&#039;Ivoire","description":"Le Ministre d\u2019Etat, Ministre de la De\u0301fense, Te\u0301ne\u0301 Birahima Ouattara, a rompu le silence dans un entretien accorde\u0301 a\u0300 ...","robots":{"index":"index","follow":"follow","max-snippet":"max-snippet:-1","max-image-preview":"max-image-preview:large","max-video-preview":"max-video-preview:-1"},"canonical":"https:\/\/www.africa-press.net\/cotedivoire\/politique\/presidentielle-2025-tene-birahima-ouattara-je-ne-suis-ni-demandeur-ni-preneur","og_locale":"fr_FR","og_type":"article","og_title":"Pr\u00e9sidentielle 2025, T\u00e9n\u00e9 Birahima Ouattara : \u00ab Je ne suis ni demandeur ni preneur \u00bb","og_description":"Le Ministre d\u2019Etat, Ministre de la De\u0301fense, Te\u0301ne\u0301 Birahima Ouattara, a rompu le silence dans un entretien accorde\u0301 a\u0300 ...","og_url":"https:\/\/www.africa-press.net\/cotedivoire\/politique\/presidentielle-2025-tene-birahima-ouattara-je-ne-suis-ni-demandeur-ni-preneur","og_site_name":"C\u00f4te d&#039;Ivoire","article_published_time":"2024-07-22T18:24:38+00:00","article_modified_time":"2024-07-22T18:50:22+00:00","og_image":[{"width":720,"height":421,"url":"https:\/\/static.africa-press.net\/cote\/sites\/43\/2024\/07\/sm_1721661603.364859.jpg","type":"image\/jpeg"}],"author":"cfeditorfr","twitter_card":"summary_large_image","twitter_misc":{"\u00c9crit par":"cfeditorfr","Dur\u00e9e de lecture estim\u00e9e":"1 minute"},"schema":{"@context":"https:\/\/schema.org","@graph":[{"@type":"Article","@id":"https:\/\/www.africa-press.net\/cotedivoire\/politique\/presidentielle-2025-tene-birahima-ouattara-je-ne-suis-ni-demandeur-ni-preneur#article","isPartOf":{"@id":"https:\/\/www.africa-press.net\/cotedivoire\/politique\/presidentielle-2025-tene-birahima-ouattara-je-ne-suis-ni-demandeur-ni-preneur"},"author":{"name":"cfeditorfr","@id":"https:\/\/www.africa-press.net\/cotedivoire\/#\/schema\/person\/2b1cf3cd81a31e3cd26889ca66d677f1"},"headline":"Pr\u00e9sidentielle 2025, T\u00e9n\u00e9 Birahima Ouattara : \u00ab Je ne suis ni demandeur ni preneur \u00bb","datePublished":"2024-07-22T18:24:38+00:00","dateModified":"2024-07-22T18:50:22+00:00","mainEntityOfPage":{"@id":"https:\/\/www.africa-press.net\/cotedivoire\/politique\/presidentielle-2025-tene-birahima-ouattara-je-ne-suis-ni-demandeur-ni-preneur"},"wordCount":160,"commentCount":0,"image":{"@id":"https:\/\/www.africa-press.net\/cotedivoire\/politique\/presidentielle-2025-tene-birahima-ouattara-je-ne-suis-ni-demandeur-ni-preneur#primaryimage"},"thumbnailUrl":"https:\/\/static.africa-press.net\/cote\/sites\/43\/2024\/07\/sm_1721661603.364859.jpg","keywords":["Alassane Ouattara","C\u00d4TE D'IVOIRE","pr\u00e9sidentielle 2025","T\u00e9n\u00e9 Birahima"],"articleSection":["Politique","Toutes les actualit\u00e9s"],"inLanguage":"fr-FR","potentialAction":[{"@type":"CommentAction","name":"Comment","target":["https:\/\/www.africa-press.net\/cotedivoire\/politique\/presidentielle-2025-tene-birahima-ouattara-je-ne-suis-ni-demandeur-ni-preneur#respond"]}]},{"@type":"WebPage","@id":"https:\/\/www.africa-press.net\/cotedivoire\/politique\/presidentielle-2025-tene-birahima-ouattara-je-ne-suis-ni-demandeur-ni-preneur","url":"https:\/\/www.africa-press.net\/cotedivoire\/politique\/presidentielle-2025-tene-birahima-ouattara-je-ne-suis-ni-demandeur-ni-preneur","name":"Pr\u00e9sidentielle 2025, T\u00e9n\u00e9 Birahima Ouattara : \u00ab Je ne suis ni demandeur ni preneur \u00bb - C\u00f4te d&#039;Ivoire","isPartOf":{"@id":"https:\/\/www.africa-press.net\/cotedivoire\/#website"},"primaryImageOfPage":{"@id":"https:\/\/www.africa-press.net\/cotedivoire\/politique\/presidentielle-2025-tene-birahima-ouattara-je-ne-suis-ni-demandeur-ni-preneur#primaryimage"},"image":{"@id":"https:\/\/www.africa-press.net\/cotedivoire\/politique\/presidentielle-2025-tene-birahima-ouattara-je-ne-suis-ni-demandeur-ni-preneur#primaryimage"},"thumbnailUrl":"https:\/\/static.africa-press.net\/cote\/sites\/43\/2024\/07\/sm_1721661603.364859.jpg","datePublished":"2024-07-22T18:24:38+00:00","dateModified":"2024-07-22T18:50:22+00:00","author":{"@id":"https:\/\/www.africa-press.net\/cotedivoire\/#\/schema\/person\/2b1cf3cd81a31e3cd26889ca66d677f1"},"description":"Le Ministre d\u2019Etat, Ministre de la De\u0301fense, Te\u0301ne\u0301 Birahima Ouattara, a rompu le silence dans un entretien accorde\u0301 a\u0300 ...","breadcrumb":{"@id":"https:\/\/www.africa-press.net\/cotedivoire\/politique\/presidentielle-2025-tene-birahima-ouattara-je-ne-suis-ni-demandeur-ni-preneur#breadcrumb"},"inLanguage":"fr-FR","potentialAction":[{"@type":"ReadAction","target":["https:\/\/www.africa-press.net\/cotedivoire\/politique\/presidentielle-2025-tene-birahima-ouattara-je-ne-suis-ni-demandeur-ni-preneur"]}]},{"@type":"ImageObject","inLanguage":"fr-FR","@id":"https:\/\/www.africa-press.net\/cotedivoire\/politique\/presidentielle-2025-tene-birahima-ouattara-je-ne-suis-ni-demandeur-ni-preneur#primaryimage","url":"https:\/\/static.africa-press.net\/cote\/sites\/43\/2024\/07\/sm_1721661603.364859.jpg","contentUrl":"https:\/\/static.africa-press.net\/cote\/sites\/43\/2024\/07\/sm_1721661603.364859.jpg","width":720,"height":421,"caption":"Pr\u00e9sidentielle 2025, T\u00e9n\u00e9 Birahima Ouattara : \u00ab Je ne suis ni demandeur ni preneur \u00bb"},{"@type":"BreadcrumbList","@id":"https:\/\/www.africa-press.net\/cotedivoire\/politique\/presidentielle-2025-tene-birahima-ouattara-je-ne-suis-ni-demandeur-ni-preneur#breadcrumb","itemListElement":[{"@type":"ListItem","position":1,"name":"Accueil","item":"https:\/\/www.africa-press.net\/cotedivoire\/"},{"@type":"ListItem","position":2,"name":"Pr\u00e9sidentielle 2025, T\u00e9n\u00e9 Birahima Ouattara : \u00ab Je ne suis ni demandeur ni preneur \u00bb"}]},{"@type":"WebSite","@id":"https:\/\/www.africa-press.net\/cotedivoire\/#website","url":"https:\/\/www.africa-press.net\/cotedivoire\/","name":"C\u00f4te d&#039;Ivoire","description":"Just another Africa News Agency Sites site","potentialAction":[{"@type":"SearchAction","target":{"@type":"EntryPoint","urlTemplate":"https:\/\/www.africa-press.net\/cotedivoire\/?s={search_term_string}"},"query-input":{"@type":"PropertyValueSpecification","valueRequired":true,"valueName":"search_term_string"}}],"inLanguage":"fr-FR"},{"@type":"Person","@id":"https:\/\/www.africa-press.net\/cotedivoire\/#\/schema\/person\/2b1cf3cd81a31e3cd26889ca66d677f1","name":"cfeditorfr"}]}},"_links":{"self":[{"href":"https:\/\/www.africa-press.net\/cotedivoire\/wp-json\/wp\/v2\/posts\/84247","targetHints":{"allow":["GET"]}}],"collection":[{"href":"https:\/\/www.africa-press.net\/cotedivoire\/wp-json\/wp\/v2\/posts"}],"about":[{"href":"https:\/\/www.africa-press.net\/cotedivoire\/wp-json\/wp\/v2\/types\/post"}],"author":[{"embeddable":true,"href":"https:\/\/www.africa-press.net\/cotedivoire\/wp-json\/wp\/v2\/users\/82"}],"replies":[{"embeddable":true,"href":"https:\/\/www.africa-press.net\/cotedivoire\/wp-json\/wp\/v2\/comments?post=84247"}],"version-history":[{"count":0,"href":"https:\/\/www.africa-press.net\/cotedivoire\/wp-json\/wp\/v2\/posts\/84247\/revisions"}],"wp:featuredmedia":[{"embeddable":true,"href":"https:\/\/www.africa-press.net\/cotedivoire\/wp-json\/wp\/v2\/media\/84245"}],"wp:attachment":[{"href":"https:\/\/www.africa-press.net\/cotedivoire\/wp-json\/wp\/v2\/media?parent=84247"}],"wp:term":[{"taxonomy":"category","embeddable":true,"href":"https:\/\/www.africa-press.net\/cotedivoire\/wp-json\/wp\/v2\/categories?post=84247"},{"taxonomy":"post_tag","embeddable":true,"href":"https:\/\/www.africa-press.net\/cotedivoire\/wp-json\/wp\/v2\/tags?post=84247"}],"curies":[{"name":"wp","href":"https:\/\/api.w.org\/{rel}","templated":true}]}}