{"id":84268,"date":"2024-07-23T18:01:04","date_gmt":"2024-07-23T18:01:04","guid":{"rendered":"https:\/\/www.africa-press.net\/cotedivoire\/politique\/le-ppa-ci-se-dote-dun-siege-a-yopougon-lappel-darmand-ouegnin-aux-militants"},"modified":"2024-07-23T18:57:29","modified_gmt":"2024-07-23T18:57:29","slug":"le-ppa-ci-se-dote-dun-siege-a-yopougon-lappel-darmand-ouegnin-aux-militants","status":"publish","type":"post","link":"https:\/\/www.africa-press.net\/cotedivoire\/politique\/le-ppa-ci-se-dote-dun-siege-a-yopougon-lappel-darmand-ouegnin-aux-militants","title":{"rendered":"Le PPA-CI se dote d&rsquo;un si\u00e8ge \u00e0 Yopougon, l&rsquo;appel d&rsquo;Armand Ouegnin aux militants"},"content":{"rendered":"<p><span style=\"color: #ff6600\"><strong>Africa-Press &#8211; C\u00f4te d&rsquo;Ivoire. <\/strong><\/span>Ce lundi 22 juillet 2024, la fe\u0301de\u0301ration du Parti des Peuples Africains &#8211; Co\u0302te d&rsquo;Ivoire (PPA-CI) de Yopougon, la fe\u0301de\u0301ration de Yopougon du parti de Gbagbo a rec\u0327u les cle\u0301s de son nouveau sie\u0300ge social, un don du de\u0301pute\u0301 de Yopougon et vice-pre\u0301sident de l&rsquo;Assemble\u0301e nationale, Georges-Armand Ouegnin.<\/p>\n<p>Cet engagement de M. Ouegnin remonte au 20 janvier 2024, lors d&rsquo;une se\u0301ance de travail organise\u0301e par la vice-pre\u0301sidente exe\u0301cutive en charge du District d&rsquo;Abidjan. Lors de cette rencontre, le de\u0301pute\u0301 avait promis de doter la fe\u0301de\u0301ration d&rsquo;un sie\u0300ge social en re\u0301ponse aux demandes pressantes des responsables de sections. Le me\u0302me jour, a\u0300 l&rsquo;occasion d&rsquo;un repas offert aux secre\u0301taires ge\u0301ne\u0301raux de section de la fe\u0301de\u0301ration de Yopougon, M. Ouegnin avait re\u0301ite\u0301re\u0301 son engagement devant tous les militants, affirmant sa volonte\u0301 de rendre la fe\u0301de\u0301ration encore plus dynamique et efficace.<\/p>\n<p>Georges-Armand Ouegnin a transforme\u0301 ses paroles en actes concrets. De\u0300s avril 2024, un local a e\u0301te\u0301 trouve\u0301, puis re\u0301nove\u0301 et e\u0301quipe\u0301 en seulement deux mois, aboutissant a\u0300 la cre\u0301ation de ce nouveau sie\u0300ge social moderne. Ce ba\u0302timent de trois pie\u0300ces, agre\u0301mente\u0301 de deux grandes terrasses, offre toutes les commodite\u0301s ne\u0301cessaires pour une administration efficace.<\/p>\n<p>Kouassi Konan Bertin, le fe\u0301de\u0301ral de Yopougon, a exprime\u0301 sa grande satisfaction lors de la remise officielle des cle\u0301s. Il a souligne\u0301 que cette initiative e\u0301tait cruciale pour dynamiser le travail des membres de la fe\u0301de\u0301ration, en leur fournissant un espace de travail se\u0301curise\u0301 et centralise\u0301, e\u0301loigne\u0301 des regards indiscrets.<\/p>\n<p>Le secre\u0301taire ge\u0301ne\u0301ral adjoint en charge de l&rsquo;administration et du suivi de l&rsquo;implantation, Crizoa Anangaman, qui a remis les cle\u0301s au fe\u0301de\u0301ral, a salue\u0301 et encourage\u0301 cette initiative de Georges-Armand Ouegnin. Pour lui, il est essentiel que les fe\u0301de\u0301rations du PPA-CI posse\u0300dent leurs propres sie\u0300ges sociaux afin d&rsquo;e\u0301viter que les de\u0301cisions du parti ne soient prises dans des lieux inapproprie\u0301s tels que des restaurants ou des maquis. M. Anangaman a chaleureusement remercie\u0301 Georges-Armand Ouegnin pour ce pre\u0301cieux don et a invite\u0301 la fe\u0301de\u0301ration de Yopougon a\u0300 en faire bon usage, en coordination avec les services du secre\u0301tariat ge\u0301ne\u0301ral en charge de l&rsquo;administration et du suivi de l&rsquo;implantation.<\/p>\n<p>Cette journe\u0301e marque ainsi un tournant pour la fe\u0301de\u0301ration PPA-CI de Yopougon, qui dispose de\u0301sormais d&rsquo;un sie\u0300ge social flambant neuf pour mener a\u0300 bien ses activite\u0301s et renforcer son efficacite\u0301 administrative. Le geste de Georges-Armand Ouegnin est non seulement une re\u0301ponse aux besoins imme\u0301diats de la fe\u0301de\u0301ration, mais aussi un exemple inspirant de leadership et de de\u0301vouement envers les militants du parti.<\/p>\n<p><strong>Pour plus d&rsquo;informations et d&rsquo;analyses sur la C\u00f4te d&rsquo;Ivoire, suivez Africa-Press<\/strong><\/p>\n","protected":false},"excerpt":{"rendered":"<p>Africa-Press &#8211; C\u00f4te d&rsquo;Ivoire. Ce lundi 22 juillet 2024, la fe\u0301de\u0301ration du Parti des Peuples Africains &#8211; Co\u0302te d&rsquo;Ivoire (PPA-CI) de Yopougon, la fe\u0301de\u0301ration de Yopougon du parti de Gbagbo a rec\u0327u les cle\u0301s de son nouveau sie\u0300ge social, un don du de\u0301pute\u0301 de Yopougon et vice-pre\u0301sident de l&rsquo;Assemble\u0301e nationale, Georges-Armand Ouegnin. Cet engagement de [&hellip;]<\/p>\n","protected":false},"author":82,"featured_media":84267,"comment_status":"open","ping_status":"closed","sticky":false,"template":"","format":"standard","meta":{"footnotes":""},"categories":[2,10],"tags":[30,1651,29,1119,1952,540],"class_list":["post-84268","post","type-post","status-publish","format-standard","has-post-thumbnail","hentry","category-politique","category-toutes-les-actualites","tag-abidjan","tag-armand","tag-cote-divoire","tag-ouegnin","tag-ppa-ci","tag-yopougon"],"yoast_head":"<!-- This site is optimized with the Yoast SEO Premium plugin v26.1 (Yoast SEO v27.0) - https:\/\/yoast.com\/product\/yoast-seo-premium-wordpress\/ -->\n<title>Le PPA-CI se dote d&#039;un si\u00e8ge \u00e0 Yopougon, l&#039;appel d&#039;Armand Ouegnin aux militants - C\u00f4te d&#039;Ivoire<\/title>\n<meta name=\"description\" content=\"Ce lundi 22 juillet 2024, la fe\u0301de\u0301ration du Parti des Peuples Africains - Co\u0302te d&#039;Ivoire (PPA-CI) de Yopougon, la fe\u0301de ...\" \/>\n<meta name=\"robots\" content=\"index, follow, max-snippet:-1, max-image-preview:large, max-video-preview:-1\" \/>\n<link rel=\"canonical\" href=\"https:\/\/www.africa-press.net\/cotedivoire\/politique\/le-ppa-ci-se-dote-dun-siege-a-yopougon-lappel-darmand-ouegnin-aux-militants\" \/>\n<meta property=\"og:locale\" content=\"fr_FR\" \/>\n<meta property=\"og:type\" content=\"article\" \/>\n<meta property=\"og:title\" content=\"Le PPA-CI se dote d&#039;un si\u00e8ge \u00e0 Yopougon, l&#039;appel d&#039;Armand Ouegnin aux militants\" \/>\n<meta property=\"og:description\" content=\"Ce lundi 22 juillet 2024, la fe\u0301de\u0301ration du Parti des Peuples Africains - Co\u0302te d&#039;Ivoire (PPA-CI) de Yopougon, la fe\u0301de ...\" \/>\n<meta property=\"og:url\" content=\"https:\/\/www.africa-press.net\/cotedivoire\/politique\/le-ppa-ci-se-dote-dun-siege-a-yopougon-lappel-darmand-ouegnin-aux-militants\" \/>\n<meta property=\"og:site_name\" content=\"C\u00f4te d&#039;Ivoire\" \/>\n<meta property=\"article:published_time\" content=\"2024-07-23T18:01:04+00:00\" \/>\n<meta property=\"article:modified_time\" content=\"2024-07-23T18:57:29+00:00\" \/>\n<meta property=\"og:image\" content=\"https:\/\/static.africa-press.net\/cote\/sites\/43\/2024\/07\/sm_1721748395.210632.jpg\" \/>\n\t<meta property=\"og:image:width\" content=\"1000\" \/>\n\t<meta property=\"og:image:height\" content=\"563\" \/>\n\t<meta property=\"og:image:type\" content=\"image\/jpeg\" \/>\n<meta name=\"author\" content=\"cfeditorfr\" \/>\n<meta name=\"twitter:card\" content=\"summary_large_image\" \/>\n<meta name=\"twitter:label1\" content=\"\u00c9crit par\" \/>\n\t<meta name=\"twitter:data1\" content=\"cfeditorfr\" \/>\n\t<meta name=\"twitter:label2\" content=\"Dur\u00e9e de lecture estim\u00e9e\" \/>\n\t<meta name=\"twitter:data2\" content=\"3 minutes\" \/>\n<script type=\"application\/ld+json\" class=\"yoast-schema-graph\">{\"@context\":\"https:\/\/schema.org\",\"@graph\":[{\"@type\":\"Article\",\"@id\":\"https:\/\/www.africa-press.net\/cotedivoire\/politique\/le-ppa-ci-se-dote-dun-siege-a-yopougon-lappel-darmand-ouegnin-aux-militants#article\",\"isPartOf\":{\"@id\":\"https:\/\/www.africa-press.net\/cotedivoire\/politique\/le-ppa-ci-se-dote-dun-siege-a-yopougon-lappel-darmand-ouegnin-aux-militants\"},\"author\":{\"name\":\"cfeditorfr\",\"@id\":\"https:\/\/www.africa-press.net\/cotedivoire\/#\/schema\/person\/2b1cf3cd81a31e3cd26889ca66d677f1\"},\"headline\":\"Le PPA-CI se dote d&rsquo;un si\u00e8ge \u00e0 Yopougon, l&rsquo;appel d&rsquo;Armand Ouegnin aux militants\",\"datePublished\":\"2024-07-23T18:01:04+00:00\",\"dateModified\":\"2024-07-23T18:57:29+00:00\",\"mainEntityOfPage\":{\"@id\":\"https:\/\/www.africa-press.net\/cotedivoire\/politique\/le-ppa-ci-se-dote-dun-siege-a-yopougon-lappel-darmand-ouegnin-aux-militants\"},\"wordCount\":534,\"commentCount\":0,\"image\":{\"@id\":\"https:\/\/www.africa-press.net\/cotedivoire\/politique\/le-ppa-ci-se-dote-dun-siege-a-yopougon-lappel-darmand-ouegnin-aux-militants#primaryimage\"},\"thumbnailUrl\":\"https:\/\/static.africa-press.net\/cote\/sites\/43\/2024\/07\/sm_1721748395.210632.jpg\",\"keywords\":[\"Abidjan\",\"Armand\",\"C\u00d4TE D'IVOIRE\",\"Ou\u00e9gnin\",\"PPA-CI\",\"Yopougon\"],\"articleSection\":[\"Politique\",\"Toutes les actualit\u00e9s\"],\"inLanguage\":\"fr-FR\",\"potentialAction\":[{\"@type\":\"CommentAction\",\"name\":\"Comment\",\"target\":[\"https:\/\/www.africa-press.net\/cotedivoire\/politique\/le-ppa-ci-se-dote-dun-siege-a-yopougon-lappel-darmand-ouegnin-aux-militants#respond\"]}]},{\"@type\":\"WebPage\",\"@id\":\"https:\/\/www.africa-press.net\/cotedivoire\/politique\/le-ppa-ci-se-dote-dun-siege-a-yopougon-lappel-darmand-ouegnin-aux-militants\",\"url\":\"https:\/\/www.africa-press.net\/cotedivoire\/politique\/le-ppa-ci-se-dote-dun-siege-a-yopougon-lappel-darmand-ouegnin-aux-militants\",\"name\":\"Le PPA-CI se dote d'un si\u00e8ge \u00e0 Yopougon, l'appel d'Armand Ouegnin aux militants - C\u00f4te d&#039;Ivoire\",\"isPartOf\":{\"@id\":\"https:\/\/www.africa-press.net\/cotedivoire\/#website\"},\"primaryImageOfPage\":{\"@id\":\"https:\/\/www.africa-press.net\/cotedivoire\/politique\/le-ppa-ci-se-dote-dun-siege-a-yopougon-lappel-darmand-ouegnin-aux-militants#primaryimage\"},\"image\":{\"@id\":\"https:\/\/www.africa-press.net\/cotedivoire\/politique\/le-ppa-ci-se-dote-dun-siege-a-yopougon-lappel-darmand-ouegnin-aux-militants#primaryimage\"},\"thumbnailUrl\":\"https:\/\/static.africa-press.net\/cote\/sites\/43\/2024\/07\/sm_1721748395.210632.jpg\",\"datePublished\":\"2024-07-23T18:01:04+00:00\",\"dateModified\":\"2024-07-23T18:57:29+00:00\",\"author\":{\"@id\":\"https:\/\/www.africa-press.net\/cotedivoire\/#\/schema\/person\/2b1cf3cd81a31e3cd26889ca66d677f1\"},\"description\":\"Ce lundi 22 juillet 2024, la fe\u0301de\u0301ration du Parti des Peuples Africains - Co\u0302te d'Ivoire (PPA-CI) de Yopougon, la fe\u0301de ...\",\"breadcrumb\":{\"@id\":\"https:\/\/www.africa-press.net\/cotedivoire\/politique\/le-ppa-ci-se-dote-dun-siege-a-yopougon-lappel-darmand-ouegnin-aux-militants#breadcrumb\"},\"inLanguage\":\"fr-FR\",\"potentialAction\":[{\"@type\":\"ReadAction\",\"target\":[\"https:\/\/www.africa-press.net\/cotedivoire\/politique\/le-ppa-ci-se-dote-dun-siege-a-yopougon-lappel-darmand-ouegnin-aux-militants\"]}]},{\"@type\":\"ImageObject\",\"inLanguage\":\"fr-FR\",\"@id\":\"https:\/\/www.africa-press.net\/cotedivoire\/politique\/le-ppa-ci-se-dote-dun-siege-a-yopougon-lappel-darmand-ouegnin-aux-militants#primaryimage\",\"url\":\"https:\/\/static.africa-press.net\/cote\/sites\/43\/2024\/07\/sm_1721748395.210632.jpg\",\"contentUrl\":\"https:\/\/static.africa-press.net\/cote\/sites\/43\/2024\/07\/sm_1721748395.210632.jpg\",\"width\":1000,\"height\":563,\"caption\":\"Le PPA-CI se dote d'un si\u00e8ge \u00e0 Yopougon, l'appel d'Armand Ouegnin aux militants\"},{\"@type\":\"BreadcrumbList\",\"@id\":\"https:\/\/www.africa-press.net\/cotedivoire\/politique\/le-ppa-ci-se-dote-dun-siege-a-yopougon-lappel-darmand-ouegnin-aux-militants#breadcrumb\",\"itemListElement\":[{\"@type\":\"ListItem\",\"position\":1,\"name\":\"Accueil\",\"item\":\"https:\/\/www.africa-press.net\/cotedivoire\/\"},{\"@type\":\"ListItem\",\"position\":2,\"name\":\"Le PPA-CI se dote d&#8217;un si\u00e8ge \u00e0 Yopougon, l&#8217;appel d&#8217;Armand Ouegnin aux militants\"}]},{\"@type\":\"WebSite\",\"@id\":\"https:\/\/www.africa-press.net\/cotedivoire\/#website\",\"url\":\"https:\/\/www.africa-press.net\/cotedivoire\/\",\"name\":\"C\u00f4te d&#039;Ivoire\",\"description\":\"Just another Africa News Agency Sites site\",\"potentialAction\":[{\"@type\":\"SearchAction\",\"target\":{\"@type\":\"EntryPoint\",\"urlTemplate\":\"https:\/\/www.africa-press.net\/cotedivoire\/?s={search_term_string}\"},\"query-input\":{\"@type\":\"PropertyValueSpecification\",\"valueRequired\":true,\"valueName\":\"search_term_string\"}}],\"inLanguage\":\"fr-FR\"},{\"@type\":\"Person\",\"@id\":\"https:\/\/www.africa-press.net\/cotedivoire\/#\/schema\/person\/2b1cf3cd81a31e3cd26889ca66d677f1\",\"name\":\"cfeditorfr\"}]}<\/script>\n<!-- \/ Yoast SEO Premium plugin. -->","yoast_head_json":{"title":"Le PPA-CI se dote d'un si\u00e8ge \u00e0 Yopougon, l'appel d'Armand Ouegnin aux militants - C\u00f4te d&#039;Ivoire","description":"Ce lundi 22 juillet 2024, la fe\u0301de\u0301ration du Parti des Peuples Africains - Co\u0302te d'Ivoire (PPA-CI) de Yopougon, la fe\u0301de ...","robots":{"index":"index","follow":"follow","max-snippet":"max-snippet:-1","max-image-preview":"max-image-preview:large","max-video-preview":"max-video-preview:-1"},"canonical":"https:\/\/www.africa-press.net\/cotedivoire\/politique\/le-ppa-ci-se-dote-dun-siege-a-yopougon-lappel-darmand-ouegnin-aux-militants","og_locale":"fr_FR","og_type":"article","og_title":"Le PPA-CI se dote d'un si\u00e8ge \u00e0 Yopougon, l'appel d'Armand Ouegnin aux militants","og_description":"Ce lundi 22 juillet 2024, la fe\u0301de\u0301ration du Parti des Peuples Africains - Co\u0302te d'Ivoire (PPA-CI) de Yopougon, la fe\u0301de ...","og_url":"https:\/\/www.africa-press.net\/cotedivoire\/politique\/le-ppa-ci-se-dote-dun-siege-a-yopougon-lappel-darmand-ouegnin-aux-militants","og_site_name":"C\u00f4te d&#039;Ivoire","article_published_time":"2024-07-23T18:01:04+00:00","article_modified_time":"2024-07-23T18:57:29+00:00","og_image":[{"width":1000,"height":563,"url":"https:\/\/static.africa-press.net\/cote\/sites\/43\/2024\/07\/sm_1721748395.210632.jpg","type":"image\/jpeg"}],"author":"cfeditorfr","twitter_card":"summary_large_image","twitter_misc":{"\u00c9crit par":"cfeditorfr","Dur\u00e9e de lecture estim\u00e9e":"3 minutes"},"schema":{"@context":"https:\/\/schema.org","@graph":[{"@type":"Article","@id":"https:\/\/www.africa-press.net\/cotedivoire\/politique\/le-ppa-ci-se-dote-dun-siege-a-yopougon-lappel-darmand-ouegnin-aux-militants#article","isPartOf":{"@id":"https:\/\/www.africa-press.net\/cotedivoire\/politique\/le-ppa-ci-se-dote-dun-siege-a-yopougon-lappel-darmand-ouegnin-aux-militants"},"author":{"name":"cfeditorfr","@id":"https:\/\/www.africa-press.net\/cotedivoire\/#\/schema\/person\/2b1cf3cd81a31e3cd26889ca66d677f1"},"headline":"Le PPA-CI se dote d&rsquo;un si\u00e8ge \u00e0 Yopougon, l&rsquo;appel d&rsquo;Armand Ouegnin aux militants","datePublished":"2024-07-23T18:01:04+00:00","dateModified":"2024-07-23T18:57:29+00:00","mainEntityOfPage":{"@id":"https:\/\/www.africa-press.net\/cotedivoire\/politique\/le-ppa-ci-se-dote-dun-siege-a-yopougon-lappel-darmand-ouegnin-aux-militants"},"wordCount":534,"commentCount":0,"image":{"@id":"https:\/\/www.africa-press.net\/cotedivoire\/politique\/le-ppa-ci-se-dote-dun-siege-a-yopougon-lappel-darmand-ouegnin-aux-militants#primaryimage"},"thumbnailUrl":"https:\/\/static.africa-press.net\/cote\/sites\/43\/2024\/07\/sm_1721748395.210632.jpg","keywords":["Abidjan","Armand","C\u00d4TE D'IVOIRE","Ou\u00e9gnin","PPA-CI","Yopougon"],"articleSection":["Politique","Toutes les actualit\u00e9s"],"inLanguage":"fr-FR","potentialAction":[{"@type":"CommentAction","name":"Comment","target":["https:\/\/www.africa-press.net\/cotedivoire\/politique\/le-ppa-ci-se-dote-dun-siege-a-yopougon-lappel-darmand-ouegnin-aux-militants#respond"]}]},{"@type":"WebPage","@id":"https:\/\/www.africa-press.net\/cotedivoire\/politique\/le-ppa-ci-se-dote-dun-siege-a-yopougon-lappel-darmand-ouegnin-aux-militants","url":"https:\/\/www.africa-press.net\/cotedivoire\/politique\/le-ppa-ci-se-dote-dun-siege-a-yopougon-lappel-darmand-ouegnin-aux-militants","name":"Le PPA-CI se dote d'un si\u00e8ge \u00e0 Yopougon, l'appel d'Armand Ouegnin aux militants - C\u00f4te d&#039;Ivoire","isPartOf":{"@id":"https:\/\/www.africa-press.net\/cotedivoire\/#website"},"primaryImageOfPage":{"@id":"https:\/\/www.africa-press.net\/cotedivoire\/politique\/le-ppa-ci-se-dote-dun-siege-a-yopougon-lappel-darmand-ouegnin-aux-militants#primaryimage"},"image":{"@id":"https:\/\/www.africa-press.net\/cotedivoire\/politique\/le-ppa-ci-se-dote-dun-siege-a-yopougon-lappel-darmand-ouegnin-aux-militants#primaryimage"},"thumbnailUrl":"https:\/\/static.africa-press.net\/cote\/sites\/43\/2024\/07\/sm_1721748395.210632.jpg","datePublished":"2024-07-23T18:01:04+00:00","dateModified":"2024-07-23T18:57:29+00:00","author":{"@id":"https:\/\/www.africa-press.net\/cotedivoire\/#\/schema\/person\/2b1cf3cd81a31e3cd26889ca66d677f1"},"description":"Ce lundi 22 juillet 2024, la fe\u0301de\u0301ration du Parti des Peuples Africains - Co\u0302te d'Ivoire (PPA-CI) de Yopougon, la fe\u0301de ...","breadcrumb":{"@id":"https:\/\/www.africa-press.net\/cotedivoire\/politique\/le-ppa-ci-se-dote-dun-siege-a-yopougon-lappel-darmand-ouegnin-aux-militants#breadcrumb"},"inLanguage":"fr-FR","potentialAction":[{"@type":"ReadAction","target":["https:\/\/www.africa-press.net\/cotedivoire\/politique\/le-ppa-ci-se-dote-dun-siege-a-yopougon-lappel-darmand-ouegnin-aux-militants"]}]},{"@type":"ImageObject","inLanguage":"fr-FR","@id":"https:\/\/www.africa-press.net\/cotedivoire\/politique\/le-ppa-ci-se-dote-dun-siege-a-yopougon-lappel-darmand-ouegnin-aux-militants#primaryimage","url":"https:\/\/static.africa-press.net\/cote\/sites\/43\/2024\/07\/sm_1721748395.210632.jpg","contentUrl":"https:\/\/static.africa-press.net\/cote\/sites\/43\/2024\/07\/sm_1721748395.210632.jpg","width":1000,"height":563,"caption":"Le PPA-CI se dote d'un si\u00e8ge \u00e0 Yopougon, l'appel d'Armand Ouegnin aux militants"},{"@type":"BreadcrumbList","@id":"https:\/\/www.africa-press.net\/cotedivoire\/politique\/le-ppa-ci-se-dote-dun-siege-a-yopougon-lappel-darmand-ouegnin-aux-militants#breadcrumb","itemListElement":[{"@type":"ListItem","position":1,"name":"Accueil","item":"https:\/\/www.africa-press.net\/cotedivoire\/"},{"@type":"ListItem","position":2,"name":"Le PPA-CI se dote d&#8217;un si\u00e8ge \u00e0 Yopougon, l&#8217;appel d&#8217;Armand Ouegnin aux militants"}]},{"@type":"WebSite","@id":"https:\/\/www.africa-press.net\/cotedivoire\/#website","url":"https:\/\/www.africa-press.net\/cotedivoire\/","name":"C\u00f4te d&#039;Ivoire","description":"Just another Africa News Agency Sites site","potentialAction":[{"@type":"SearchAction","target":{"@type":"EntryPoint","urlTemplate":"https:\/\/www.africa-press.net\/cotedivoire\/?s={search_term_string}"},"query-input":{"@type":"PropertyValueSpecification","valueRequired":true,"valueName":"search_term_string"}}],"inLanguage":"fr-FR"},{"@type":"Person","@id":"https:\/\/www.africa-press.net\/cotedivoire\/#\/schema\/person\/2b1cf3cd81a31e3cd26889ca66d677f1","name":"cfeditorfr"}]}},"_links":{"self":[{"href":"https:\/\/www.africa-press.net\/cotedivoire\/wp-json\/wp\/v2\/posts\/84268","targetHints":{"allow":["GET"]}}],"collection":[{"href":"https:\/\/www.africa-press.net\/cotedivoire\/wp-json\/wp\/v2\/posts"}],"about":[{"href":"https:\/\/www.africa-press.net\/cotedivoire\/wp-json\/wp\/v2\/types\/post"}],"author":[{"embeddable":true,"href":"https:\/\/www.africa-press.net\/cotedivoire\/wp-json\/wp\/v2\/users\/82"}],"replies":[{"embeddable":true,"href":"https:\/\/www.africa-press.net\/cotedivoire\/wp-json\/wp\/v2\/comments?post=84268"}],"version-history":[{"count":0,"href":"https:\/\/www.africa-press.net\/cotedivoire\/wp-json\/wp\/v2\/posts\/84268\/revisions"}],"wp:featuredmedia":[{"embeddable":true,"href":"https:\/\/www.africa-press.net\/cotedivoire\/wp-json\/wp\/v2\/media\/84267"}],"wp:attachment":[{"href":"https:\/\/www.africa-press.net\/cotedivoire\/wp-json\/wp\/v2\/media?parent=84268"}],"wp:term":[{"taxonomy":"category","embeddable":true,"href":"https:\/\/www.africa-press.net\/cotedivoire\/wp-json\/wp\/v2\/categories?post=84268"},{"taxonomy":"post_tag","embeddable":true,"href":"https:\/\/www.africa-press.net\/cotedivoire\/wp-json\/wp\/v2\/tags?post=84268"}],"curies":[{"name":"wp","href":"https:\/\/api.w.org\/{rel}","templated":true}]}}