{"id":8431,"date":"2021-05-31T17:37:13","date_gmt":"2021-05-31T17:37:13","guid":{"rendered":"https:\/\/www.africa-press.net\/cotedivoire\/?p=8431"},"modified":"2021-05-31T18:28:59","modified_gmt":"2021-05-31T18:28:59","slug":"le-comite-des-experts-du-cames-reuni-a-abidjan-en-cote-divoire-du-31-mai-au-4-juin","status":"publish","type":"post","link":"https:\/\/www.africa-press.net\/cotedivoire\/culture-et-art\/le-comite-des-experts-du-cames-reuni-a-abidjan-en-cote-divoire-du-31-mai-au-4-juin","title":{"rendered":"Le Comit\u00e9 des Experts du Cames r\u00e9uni \u00e0 Abidjan en C\u00f4te-d\u2019Ivoire du 31 mai au 4 juin"},"content":{"rendered":"<p><span style=\"color: #ff6600\"><strong><a href=\"https:\/\/www.africa-press.net\/\">Africa-Press<\/a> &#8211; <a href=\"https:\/\/www.africa-press.net\/cotedivoire\">C\u00f4te d&rsquo;Ivoire<\/a>. <\/strong><\/span>Conseil des ministres du CAMES : Les experts des pays membres donnent le top d\u00e9part<\/p>\n<p>En pr\u00e9lude aux 37e et 38e sessions ordinaires jumel\u00e9es du Conseil des ministres du Conseil Africain et Malgache pour l\u2019Enseignement Sup\u00e9rieur (CAMES) pr\u00e9vues \u00e0 Abidjan du 31 mai au 04 juin 2021, \u00e0 l\u2019h\u00f4tel Radisson Blu, une r\u00e9union du Comit\u00e9 des Experts s\u2019est ouverte le lundi 31 mai 2021, en pr\u00e9sence du Directeur G\u00e9n\u00e9ral de l\u2019Enseignement Sup\u00e9rieur, le prof. Vafi Doumbia, pr\u00e9sident dudit Comit\u00e9.<\/p>\n<p>Dans son propos introductif, le prof. Vafi Doumbia a indiqu\u00e9 que la pr\u00e9sente r\u00e9union fait suite \u00e0 celle tenue du 18 au 22 mai 2021 par visioconf\u00e9rence, marquant le lancement bimodal des travaux dudit Comit\u00e9 du Conseil des ministres du CAMES.<br \/>\nLe Secr\u00e9taire G\u00e9n\u00e9ral du CAMES, Prof. Bertrand MBATCHI, a pour sa part, situ\u00e9 les enjeux de cette r\u00e9union en affirmant que \u00ab les travaux des experts consistent \u00e0 pr\u00e9parer le huis clos du conseil des ministres du CAMES \u00bb.<\/p>\n<p>\u00ab Le huis clos est pr\u00e9vu le jeudi 3 juin dans l\u2019apr\u00e8s-midi et toute la journ\u00e9e du vendredi. 04 juin 2021. Lors de ces travaux pr\u00e9liminaires, nous allons examiner le rapport 2019 et 2020 d\u2019activit\u00e9s du Secr\u00e9taire G\u00e9n\u00e9ral du CAMES. Nous examinerons \u00e9galement le bilan financier li\u00e9 \u00e0 ces deux activit\u00e9s et bien \u00e9videmment, nous allons projeter le budget pour l\u2019ann\u00e9e 2021 \u00bb, a ajout\u00e9 le Prof. Bertrand MBATCHI.<\/p>\n<p>&nbsp;<\/p>\n","protected":false},"excerpt":{"rendered":"<p>Africa-Press &#8211; C\u00f4te d&rsquo;Ivoire. Conseil des ministres du CAMES : Les experts des pays membres donnent le top d\u00e9part En pr\u00e9lude aux 37e et 38e sessions ordinaires jumel\u00e9es du Conseil des ministres du Conseil Africain et Malgache pour l\u2019Enseignement Sup\u00e9rieur (CAMES) pr\u00e9vues \u00e0 Abidjan du 31 mai au 04 juin 2021, \u00e0 l\u2019h\u00f4tel Radisson Blu, [&hellip;]<\/p>\n","protected":false},"author":82,"featured_media":8430,"comment_status":"open","ping_status":"closed","sticky":false,"template":"","format":"standard","meta":{"footnotes":""},"categories":[5,11,20,10],"tags":[56,63,29],"class_list":["post-8431","post","type-post","status-publish","format-standard","has-post-thumbnail","hentry","category-culture-et-art","category-homepage-french","category-top-nouvelles","category-toutes-les-actualites","tag-africa-press","tag-africa-press-cote-divoire","tag-cote-divoire"],"yoast_head":"<!-- This site is optimized with the Yoast SEO Premium plugin v26.1 (Yoast SEO v27.0) - https:\/\/yoast.com\/product\/yoast-seo-premium-wordpress\/ -->\n<title>Le Comit\u00e9 des Experts du Cames r\u00e9uni \u00e0 Abidjan en C\u00f4te-d\u2019Ivoire du 31 mai au 4 juin - C\u00f4te d&#039;Ivoire<\/title>\n<meta name=\"description\" content=\"Conseil des ministres du CAMES : Les experts des pays membres donnent le top d\u00e9part En pr\u00e9lude aux 37e et 38e sessions ...\" \/>\n<meta name=\"robots\" content=\"index, follow, max-snippet:-1, max-image-preview:large, max-video-preview:-1\" \/>\n<link rel=\"canonical\" href=\"https:\/\/www.africa-press.net\/cotedivoire\/culture-et-art\/le-comite-des-experts-du-cames-reuni-a-abidjan-en-cote-divoire-du-31-mai-au-4-juin\" \/>\n<meta property=\"og:locale\" content=\"fr_FR\" \/>\n<meta property=\"og:type\" content=\"article\" \/>\n<meta property=\"og:title\" content=\"Le Comit\u00e9 des Experts du Cames r\u00e9uni \u00e0 Abidjan en C\u00f4te-d\u2019Ivoire du 31 mai au 4 juin\" \/>\n<meta property=\"og:description\" content=\"Conseil des ministres du CAMES : Les experts des pays membres donnent le top d\u00e9part En pr\u00e9lude aux 37e et 38e sessions ...\" \/>\n<meta property=\"og:url\" content=\"https:\/\/www.africa-press.net\/cotedivoire\/culture-et-art\/le-comite-des-experts-du-cames-reuni-a-abidjan-en-cote-divoire-du-31-mai-au-4-juin\" \/>\n<meta property=\"og:site_name\" content=\"C\u00f4te d&#039;Ivoire\" \/>\n<meta property=\"article:published_time\" content=\"2021-05-31T17:37:13+00:00\" \/>\n<meta property=\"article:modified_time\" content=\"2021-05-31T18:28:59+00:00\" \/>\n<meta property=\"og:image\" content=\"https:\/\/static.africa-press.net\/cote\/sites\/43\/2021\/05\/img-60b51213297ce.jpg\" \/>\n\t<meta property=\"og:image:width\" content=\"1080\" \/>\n\t<meta property=\"og:image:height\" content=\"601\" \/>\n\t<meta property=\"og:image:type\" content=\"image\/jpeg\" \/>\n<meta name=\"author\" content=\"cfeditorfr\" \/>\n<meta name=\"twitter:card\" content=\"summary_large_image\" \/>\n<meta name=\"twitter:label1\" content=\"\u00c9crit par\" \/>\n\t<meta name=\"twitter:data1\" content=\"cfeditorfr\" \/>\n\t<meta name=\"twitter:label2\" content=\"Dur\u00e9e de lecture estim\u00e9e\" \/>\n\t<meta name=\"twitter:data2\" content=\"1 minute\" \/>\n<script type=\"application\/ld+json\" class=\"yoast-schema-graph\">{\"@context\":\"https:\/\/schema.org\",\"@graph\":[{\"@type\":\"Article\",\"@id\":\"https:\/\/www.africa-press.net\/cotedivoire\/culture-et-art\/le-comite-des-experts-du-cames-reuni-a-abidjan-en-cote-divoire-du-31-mai-au-4-juin#article\",\"isPartOf\":{\"@id\":\"https:\/\/www.africa-press.net\/cotedivoire\/culture-et-art\/le-comite-des-experts-du-cames-reuni-a-abidjan-en-cote-divoire-du-31-mai-au-4-juin\"},\"author\":{\"name\":\"cfeditorfr\",\"@id\":\"https:\/\/www.africa-press.net\/cotedivoire\/#\/schema\/person\/2b1cf3cd81a31e3cd26889ca66d677f1\"},\"headline\":\"Le Comit\u00e9 des Experts du Cames r\u00e9uni \u00e0 Abidjan en C\u00f4te-d\u2019Ivoire du 31 mai au 4 juin\",\"datePublished\":\"2021-05-31T17:37:13+00:00\",\"dateModified\":\"2021-05-31T18:28:59+00:00\",\"mainEntityOfPage\":{\"@id\":\"https:\/\/www.africa-press.net\/cotedivoire\/culture-et-art\/le-comite-des-experts-du-cames-reuni-a-abidjan-en-cote-divoire-du-31-mai-au-4-juin\"},\"wordCount\":265,\"commentCount\":0,\"image\":{\"@id\":\"https:\/\/www.africa-press.net\/cotedivoire\/culture-et-art\/le-comite-des-experts-du-cames-reuni-a-abidjan-en-cote-divoire-du-31-mai-au-4-juin#primaryimage\"},\"thumbnailUrl\":\"https:\/\/static.africa-press.net\/cote\/sites\/43\/2021\/05\/img-60b51213297ce.jpg\",\"keywords\":[\"Africa Press\",\"Africa Press-C\u00f4te d'Ivoire\",\"C\u00d4TE D'IVOIRE\"],\"articleSection\":[\"Culture et Art\",\"homepage-french\",\"Top Nouvelles\",\"Toutes les actualit\u00e9s\"],\"inLanguage\":\"fr-FR\",\"potentialAction\":[{\"@type\":\"CommentAction\",\"name\":\"Comment\",\"target\":[\"https:\/\/www.africa-press.net\/cotedivoire\/culture-et-art\/le-comite-des-experts-du-cames-reuni-a-abidjan-en-cote-divoire-du-31-mai-au-4-juin#respond\"]}]},{\"@type\":\"WebPage\",\"@id\":\"https:\/\/www.africa-press.net\/cotedivoire\/culture-et-art\/le-comite-des-experts-du-cames-reuni-a-abidjan-en-cote-divoire-du-31-mai-au-4-juin\",\"url\":\"https:\/\/www.africa-press.net\/cotedivoire\/culture-et-art\/le-comite-des-experts-du-cames-reuni-a-abidjan-en-cote-divoire-du-31-mai-au-4-juin\",\"name\":\"Le Comit\u00e9 des Experts du Cames r\u00e9uni \u00e0 Abidjan en C\u00f4te-d\u2019Ivoire du 31 mai au 4 juin - C\u00f4te d&#039;Ivoire\",\"isPartOf\":{\"@id\":\"https:\/\/www.africa-press.net\/cotedivoire\/#website\"},\"primaryImageOfPage\":{\"@id\":\"https:\/\/www.africa-press.net\/cotedivoire\/culture-et-art\/le-comite-des-experts-du-cames-reuni-a-abidjan-en-cote-divoire-du-31-mai-au-4-juin#primaryimage\"},\"image\":{\"@id\":\"https:\/\/www.africa-press.net\/cotedivoire\/culture-et-art\/le-comite-des-experts-du-cames-reuni-a-abidjan-en-cote-divoire-du-31-mai-au-4-juin#primaryimage\"},\"thumbnailUrl\":\"https:\/\/static.africa-press.net\/cote\/sites\/43\/2021\/05\/img-60b51213297ce.jpg\",\"datePublished\":\"2021-05-31T17:37:13+00:00\",\"dateModified\":\"2021-05-31T18:28:59+00:00\",\"author\":{\"@id\":\"https:\/\/www.africa-press.net\/cotedivoire\/#\/schema\/person\/2b1cf3cd81a31e3cd26889ca66d677f1\"},\"description\":\"Conseil des ministres du CAMES : Les experts des pays membres donnent le top d\u00e9part En pr\u00e9lude aux 37e et 38e sessions ...\",\"breadcrumb\":{\"@id\":\"https:\/\/www.africa-press.net\/cotedivoire\/culture-et-art\/le-comite-des-experts-du-cames-reuni-a-abidjan-en-cote-divoire-du-31-mai-au-4-juin#breadcrumb\"},\"inLanguage\":\"fr-FR\",\"potentialAction\":[{\"@type\":\"ReadAction\",\"target\":[\"https:\/\/www.africa-press.net\/cotedivoire\/culture-et-art\/le-comite-des-experts-du-cames-reuni-a-abidjan-en-cote-divoire-du-31-mai-au-4-juin\"]}]},{\"@type\":\"ImageObject\",\"inLanguage\":\"fr-FR\",\"@id\":\"https:\/\/www.africa-press.net\/cotedivoire\/culture-et-art\/le-comite-des-experts-du-cames-reuni-a-abidjan-en-cote-divoire-du-31-mai-au-4-juin#primaryimage\",\"url\":\"https:\/\/static.africa-press.net\/cote\/sites\/43\/2021\/05\/img-60b51213297ce.jpg\",\"contentUrl\":\"https:\/\/static.africa-press.net\/cote\/sites\/43\/2021\/05\/img-60b51213297ce.jpg\",\"width\":1080,\"height\":601,\"caption\":\"Le Comit\u00e9 des Experts du Cames r\u00e9uni \u00e0 Abidjan en C\u00f4te-d\u2019Ivoire du 31 mai au 4 juin\"},{\"@type\":\"BreadcrumbList\",\"@id\":\"https:\/\/www.africa-press.net\/cotedivoire\/culture-et-art\/le-comite-des-experts-du-cames-reuni-a-abidjan-en-cote-divoire-du-31-mai-au-4-juin#breadcrumb\",\"itemListElement\":[{\"@type\":\"ListItem\",\"position\":1,\"name\":\"Accueil\",\"item\":\"https:\/\/www.africa-press.net\/cotedivoire\/\"},{\"@type\":\"ListItem\",\"position\":2,\"name\":\"Le Comit\u00e9 des Experts du Cames r\u00e9uni \u00e0 Abidjan en C\u00f4te-d\u2019Ivoire du 31 mai au 4 juin\"}]},{\"@type\":\"WebSite\",\"@id\":\"https:\/\/www.africa-press.net\/cotedivoire\/#website\",\"url\":\"https:\/\/www.africa-press.net\/cotedivoire\/\",\"name\":\"C\u00f4te d&#039;Ivoire\",\"description\":\"Just another Africa News Agency Sites site\",\"potentialAction\":[{\"@type\":\"SearchAction\",\"target\":{\"@type\":\"EntryPoint\",\"urlTemplate\":\"https:\/\/www.africa-press.net\/cotedivoire\/?s={search_term_string}\"},\"query-input\":{\"@type\":\"PropertyValueSpecification\",\"valueRequired\":true,\"valueName\":\"search_term_string\"}}],\"inLanguage\":\"fr-FR\"},{\"@type\":\"Person\",\"@id\":\"https:\/\/www.africa-press.net\/cotedivoire\/#\/schema\/person\/2b1cf3cd81a31e3cd26889ca66d677f1\",\"name\":\"cfeditorfr\"}]}<\/script>\n<!-- \/ Yoast SEO Premium plugin. -->","yoast_head_json":{"title":"Le Comit\u00e9 des Experts du Cames r\u00e9uni \u00e0 Abidjan en C\u00f4te-d\u2019Ivoire du 31 mai au 4 juin - C\u00f4te d&#039;Ivoire","description":"Conseil des ministres du CAMES : Les experts des pays membres donnent le top d\u00e9part En pr\u00e9lude aux 37e et 38e sessions ...","robots":{"index":"index","follow":"follow","max-snippet":"max-snippet:-1","max-image-preview":"max-image-preview:large","max-video-preview":"max-video-preview:-1"},"canonical":"https:\/\/www.africa-press.net\/cotedivoire\/culture-et-art\/le-comite-des-experts-du-cames-reuni-a-abidjan-en-cote-divoire-du-31-mai-au-4-juin","og_locale":"fr_FR","og_type":"article","og_title":"Le Comit\u00e9 des Experts du Cames r\u00e9uni \u00e0 Abidjan en C\u00f4te-d\u2019Ivoire du 31 mai au 4 juin","og_description":"Conseil des ministres du CAMES : Les experts des pays membres donnent le top d\u00e9part En pr\u00e9lude aux 37e et 38e sessions ...","og_url":"https:\/\/www.africa-press.net\/cotedivoire\/culture-et-art\/le-comite-des-experts-du-cames-reuni-a-abidjan-en-cote-divoire-du-31-mai-au-4-juin","og_site_name":"C\u00f4te d&#039;Ivoire","article_published_time":"2021-05-31T17:37:13+00:00","article_modified_time":"2021-05-31T18:28:59+00:00","og_image":[{"width":1080,"height":601,"url":"https:\/\/static.africa-press.net\/cote\/sites\/43\/2021\/05\/img-60b51213297ce.jpg","type":"image\/jpeg"}],"author":"cfeditorfr","twitter_card":"summary_large_image","twitter_misc":{"\u00c9crit par":"cfeditorfr","Dur\u00e9e de lecture estim\u00e9e":"1 minute"},"schema":{"@context":"https:\/\/schema.org","@graph":[{"@type":"Article","@id":"https:\/\/www.africa-press.net\/cotedivoire\/culture-et-art\/le-comite-des-experts-du-cames-reuni-a-abidjan-en-cote-divoire-du-31-mai-au-4-juin#article","isPartOf":{"@id":"https:\/\/www.africa-press.net\/cotedivoire\/culture-et-art\/le-comite-des-experts-du-cames-reuni-a-abidjan-en-cote-divoire-du-31-mai-au-4-juin"},"author":{"name":"cfeditorfr","@id":"https:\/\/www.africa-press.net\/cotedivoire\/#\/schema\/person\/2b1cf3cd81a31e3cd26889ca66d677f1"},"headline":"Le Comit\u00e9 des Experts du Cames r\u00e9uni \u00e0 Abidjan en C\u00f4te-d\u2019Ivoire du 31 mai au 4 juin","datePublished":"2021-05-31T17:37:13+00:00","dateModified":"2021-05-31T18:28:59+00:00","mainEntityOfPage":{"@id":"https:\/\/www.africa-press.net\/cotedivoire\/culture-et-art\/le-comite-des-experts-du-cames-reuni-a-abidjan-en-cote-divoire-du-31-mai-au-4-juin"},"wordCount":265,"commentCount":0,"image":{"@id":"https:\/\/www.africa-press.net\/cotedivoire\/culture-et-art\/le-comite-des-experts-du-cames-reuni-a-abidjan-en-cote-divoire-du-31-mai-au-4-juin#primaryimage"},"thumbnailUrl":"https:\/\/static.africa-press.net\/cote\/sites\/43\/2021\/05\/img-60b51213297ce.jpg","keywords":["Africa Press","Africa Press-C\u00f4te d'Ivoire","C\u00d4TE D'IVOIRE"],"articleSection":["Culture et Art","homepage-french","Top Nouvelles","Toutes les actualit\u00e9s"],"inLanguage":"fr-FR","potentialAction":[{"@type":"CommentAction","name":"Comment","target":["https:\/\/www.africa-press.net\/cotedivoire\/culture-et-art\/le-comite-des-experts-du-cames-reuni-a-abidjan-en-cote-divoire-du-31-mai-au-4-juin#respond"]}]},{"@type":"WebPage","@id":"https:\/\/www.africa-press.net\/cotedivoire\/culture-et-art\/le-comite-des-experts-du-cames-reuni-a-abidjan-en-cote-divoire-du-31-mai-au-4-juin","url":"https:\/\/www.africa-press.net\/cotedivoire\/culture-et-art\/le-comite-des-experts-du-cames-reuni-a-abidjan-en-cote-divoire-du-31-mai-au-4-juin","name":"Le Comit\u00e9 des Experts du Cames r\u00e9uni \u00e0 Abidjan en C\u00f4te-d\u2019Ivoire du 31 mai au 4 juin - C\u00f4te d&#039;Ivoire","isPartOf":{"@id":"https:\/\/www.africa-press.net\/cotedivoire\/#website"},"primaryImageOfPage":{"@id":"https:\/\/www.africa-press.net\/cotedivoire\/culture-et-art\/le-comite-des-experts-du-cames-reuni-a-abidjan-en-cote-divoire-du-31-mai-au-4-juin#primaryimage"},"image":{"@id":"https:\/\/www.africa-press.net\/cotedivoire\/culture-et-art\/le-comite-des-experts-du-cames-reuni-a-abidjan-en-cote-divoire-du-31-mai-au-4-juin#primaryimage"},"thumbnailUrl":"https:\/\/static.africa-press.net\/cote\/sites\/43\/2021\/05\/img-60b51213297ce.jpg","datePublished":"2021-05-31T17:37:13+00:00","dateModified":"2021-05-31T18:28:59+00:00","author":{"@id":"https:\/\/www.africa-press.net\/cotedivoire\/#\/schema\/person\/2b1cf3cd81a31e3cd26889ca66d677f1"},"description":"Conseil des ministres du CAMES : Les experts des pays membres donnent le top d\u00e9part En pr\u00e9lude aux 37e et 38e sessions ...","breadcrumb":{"@id":"https:\/\/www.africa-press.net\/cotedivoire\/culture-et-art\/le-comite-des-experts-du-cames-reuni-a-abidjan-en-cote-divoire-du-31-mai-au-4-juin#breadcrumb"},"inLanguage":"fr-FR","potentialAction":[{"@type":"ReadAction","target":["https:\/\/www.africa-press.net\/cotedivoire\/culture-et-art\/le-comite-des-experts-du-cames-reuni-a-abidjan-en-cote-divoire-du-31-mai-au-4-juin"]}]},{"@type":"ImageObject","inLanguage":"fr-FR","@id":"https:\/\/www.africa-press.net\/cotedivoire\/culture-et-art\/le-comite-des-experts-du-cames-reuni-a-abidjan-en-cote-divoire-du-31-mai-au-4-juin#primaryimage","url":"https:\/\/static.africa-press.net\/cote\/sites\/43\/2021\/05\/img-60b51213297ce.jpg","contentUrl":"https:\/\/static.africa-press.net\/cote\/sites\/43\/2021\/05\/img-60b51213297ce.jpg","width":1080,"height":601,"caption":"Le Comit\u00e9 des Experts du Cames r\u00e9uni \u00e0 Abidjan en C\u00f4te-d\u2019Ivoire du 31 mai au 4 juin"},{"@type":"BreadcrumbList","@id":"https:\/\/www.africa-press.net\/cotedivoire\/culture-et-art\/le-comite-des-experts-du-cames-reuni-a-abidjan-en-cote-divoire-du-31-mai-au-4-juin#breadcrumb","itemListElement":[{"@type":"ListItem","position":1,"name":"Accueil","item":"https:\/\/www.africa-press.net\/cotedivoire\/"},{"@type":"ListItem","position":2,"name":"Le Comit\u00e9 des Experts du Cames r\u00e9uni \u00e0 Abidjan en C\u00f4te-d\u2019Ivoire du 31 mai au 4 juin"}]},{"@type":"WebSite","@id":"https:\/\/www.africa-press.net\/cotedivoire\/#website","url":"https:\/\/www.africa-press.net\/cotedivoire\/","name":"C\u00f4te d&#039;Ivoire","description":"Just another Africa News Agency Sites site","potentialAction":[{"@type":"SearchAction","target":{"@type":"EntryPoint","urlTemplate":"https:\/\/www.africa-press.net\/cotedivoire\/?s={search_term_string}"},"query-input":{"@type":"PropertyValueSpecification","valueRequired":true,"valueName":"search_term_string"}}],"inLanguage":"fr-FR"},{"@type":"Person","@id":"https:\/\/www.africa-press.net\/cotedivoire\/#\/schema\/person\/2b1cf3cd81a31e3cd26889ca66d677f1","name":"cfeditorfr"}]}},"_links":{"self":[{"href":"https:\/\/www.africa-press.net\/cotedivoire\/wp-json\/wp\/v2\/posts\/8431","targetHints":{"allow":["GET"]}}],"collection":[{"href":"https:\/\/www.africa-press.net\/cotedivoire\/wp-json\/wp\/v2\/posts"}],"about":[{"href":"https:\/\/www.africa-press.net\/cotedivoire\/wp-json\/wp\/v2\/types\/post"}],"author":[{"embeddable":true,"href":"https:\/\/www.africa-press.net\/cotedivoire\/wp-json\/wp\/v2\/users\/82"}],"replies":[{"embeddable":true,"href":"https:\/\/www.africa-press.net\/cotedivoire\/wp-json\/wp\/v2\/comments?post=8431"}],"version-history":[{"count":0,"href":"https:\/\/www.africa-press.net\/cotedivoire\/wp-json\/wp\/v2\/posts\/8431\/revisions"}],"wp:featuredmedia":[{"embeddable":true,"href":"https:\/\/www.africa-press.net\/cotedivoire\/wp-json\/wp\/v2\/media\/8430"}],"wp:attachment":[{"href":"https:\/\/www.africa-press.net\/cotedivoire\/wp-json\/wp\/v2\/media?parent=8431"}],"wp:term":[{"taxonomy":"category","embeddable":true,"href":"https:\/\/www.africa-press.net\/cotedivoire\/wp-json\/wp\/v2\/categories?post=8431"},{"taxonomy":"post_tag","embeddable":true,"href":"https:\/\/www.africa-press.net\/cotedivoire\/wp-json\/wp\/v2\/tags?post=8431"}],"curies":[{"name":"wp","href":"https:\/\/api.w.org\/{rel}","templated":true}]}}