{"id":8437,"date":"2021-05-31T17:49:22","date_gmt":"2021-05-31T17:49:22","guid":{"rendered":"https:\/\/www.africa-press.net\/cotedivoire\/?p=8437"},"modified":"2021-05-31T18:28:37","modified_gmt":"2021-05-31T18:28:37","slug":"fete-des-meres-cote-divoire-ma-sortie-de-prison-premices-dune-cote-divoire-reconciliee-dedicacee-par-simone-gbagbo-a-gonzagueville","status":"publish","type":"post","link":"https:\/\/www.africa-press.net\/cotedivoire\/culture-et-art\/fete-des-meres-cote-divoire-ma-sortie-de-prison-premices-dune-cote-divoire-reconciliee-dedicacee-par-simone-gbagbo-a-gonzagueville","title":{"rendered":"F\u00eate des m\u00e8res\/C\u00f4te-d\u2019Ivoire: \u00ab\u00a0Ma sortie de prison, pr\u00e9mices d\u2019une C\u00f4te-d\u2019Ivoire r\u00e9concili\u00e9e\u00a0\u00bb, d\u00e9dicac\u00e9e par Simone Gbagbo \u00e0 Gonzagueville"},"content":{"rendered":"<p><span style=\"color: #ff6600\"><strong><a href=\"https:\/\/www.africa-press.net\/\">Africa-Press<\/a> &#8211; <a href=\"https:\/\/www.africa-press.net\/cotedivoire\">C\u00f4te d&rsquo;Ivoire<\/a>.\u00a0 <\/strong><\/span>\u00a0La c\u00e9r\u00e9monie organis\u00e9e \u00e0 l\u2019honneur des \u00abfemmes cr\u00e9dibles\u00bb de Gonzagueville [sud d\u2019Abidjan] hier dimanche, a \u00e9t\u00e9 l\u2019occasion pour Simone Gbagbo, invit\u00e9e de marque, de d\u00e9dicacer son dernier ouvrage aux militants accourus nombreux \u00e0 la c\u00e9r\u00e9monie. Selon les organisateurs ce sont plusieurs centaines d\u2019exemplaires de \u00ab Ma sortie de prison, pr\u00e9mices d\u2019une C\u00f4te d\u2019Ivoire r\u00e9concili\u00e9e \u00bb qui ont \u00e9t\u00e9 \u00e9coul\u00e9s. Sortie il y a peine moins d\u2019un mois le dernier ouvrage de l\u2019ex Premi\u00e8re dame de C\u00f4te-d\u2019Ivoire s\u2019est d\u00e9j\u00e0 vendu \u00e0 plusieurs milliers d\u2019exemplaires.Avec Sercom<\/p>\n<p>\u00abCE LIVRE EST LE REFLET DE MON ENGAGEMENT POUR UN RASSEMBLEMENT DES ENFANTS DE NOTRE NATIONMadame Simone EHIVET GBAGBO \u00e9tait ce dimanche 30 Mai 2021 \u00e0 la c\u00e9l\u00e9bration de la f\u00eate de m\u00e8res organis\u00e9e par l\u2019association d\u00e9nomm\u00e9e \u00abFemmes cr\u00e9dibles\u00bb, \u00e0 Gonzagueville au Sud d\u2019Abidjan dans le cadre de la comm\u00e9moration de la f\u00eate des m\u00e8res.<\/p>\n<p>D\u00e8s l\u2019entame de la c\u00e9r\u00e9monie, la pr\u00e9sidente du comit\u00e9 d \u2018organisation Madame KOUE LOU Eveline et la Pr\u00e9sidente de ladite association Madame KONAN ont souhait\u00e9 la cordiale bienvenue \u00e0 la marraine de la c\u00e9r\u00e9monie Madame Simone EHIVET GBAGBO , ainsi qu\u2019\u00e0 toute sa d\u00e9l\u00e9gation. Elles ont exhort\u00e9 leurs cons\u0153urs \u00e0 s\u2019inspirer du dynamisme, de la d\u00e9termination et de l\u2019abn\u00e9gation de leur marraine. Elles ont termin\u00e9 en faisant de leur invit\u00e9e du jour, une membre et la marraine de l\u2019association \u00abFemmes Cr\u00e9dibles\u00bb. Elles disent l\u2019avoir choisie pour son Charisme, sa cr\u00e9dibilit\u00e9 et sa clairvoyance.<\/p>\n<p>Prenant \u00e0 son tour la parole, le parrain DIARRA Kassoum a salu\u00e9 la pr\u00e9sence effective de Madame Simone EHIVET GBAGBO, pr\u00e9sence qui selon lui a rehauss\u00e9 la qualit\u00e9 de la c\u00e9r\u00e9monie. Il a conclu en disant qu\u2019il prend la pleine mesure des attentes des \u00abFemmes Cr\u00e9dibles\u00bb \u00e0 son endroit, et t\u00e2chera d\u2019\u00eatre \u00e0 la hauteur.<\/p>\n<p>Dans son allocution, Madame Simone EHIVET GBAGBO a remerci\u00e9 l\u2019association pour l\u2019avoir associ\u00e9e \u00e0 cette c\u00e9l\u00e9bration, car selon elle, c\u00e9l\u00e9brer la m\u00e8re, celle qui transmet la vie, celle qui entretient la vie, c\u2019est c\u00e9l\u00e9brer la vie. \u00ab Je voudrais rendre gloire \u00e0 Dieu, pour cette gr\u00e2ce qu\u2019il a faite \u00e0 la femme de lui accorder la fonction de maternit\u00e9 et de procr\u00e9ation. Cette fonction est un don divin que personne ne peut ni d\u00e9nier \u00e0 la femme, ni lui enlever. Rien que pour cela, la femme m\u00e9rite respect, consid\u00e9ration, attention, tendresse et amour de la part de tous.\u00bb a d\u00e9clar\u00e9 la marraine de la c\u00e9r\u00e9monie.<\/p>\n<p>Elle a saisi l\u2019opportunit\u00e9 de cette c\u00e9l\u00e9bration pour f\u00e9liciter et encourager toutes ces femmes qui se battent quotidiennement avec abn\u00e9gation, et qui, par leur travail remarquable, contribuent au d\u00e9veloppement de notre pays dans les champs, dans les bureaux du secteur public ou priv\u00e9, dans les \u00e9coles, dans les structures sanitaires, dans les usines et ateliers, dans les march\u00e9s, etc.<\/p>\n<p>La deuxi\u00e8me vice pr\u00e9sidente du Front Populaire Ivoirien a saisi l\u2019occasion, pour revenir sur la situation socio-\u00e9conomique du pays en invitant le gouvernement \u00e0 se pencher sur le probl\u00e8me de la hausse du prix des denr\u00e9es alimentaires. Elle a poursuivi en \u00e9voquant les \u00e9v\u00e8nements tragiques qui ont secou\u00e9 le pays le mercredi 19 mai dernier. Elle a encourag\u00e9 les fils de cette nation \u00e0 \u00eatre des artisans de la grandeur de ce pays et \u00e0 \u00eatre des mod\u00e8les en tout. \u00abNotre pays, la C\u00f4te d\u2019ivoire doit, comme le dit notre hymne national, demeurer \u00ab le pays de l\u2019hospitalit\u00e9, une terre d\u2019esp\u00e9rance, la patrie de la vraie fraternit\u00e9 \u00bb, o\u00f9 nationaux et \u00e9trangers vivent en bonne intelligence dans le respect des vies, dans le respect des uns et des autres, dans le respect des biens d\u2019autrui, dans le strict respect des lois de la nation\u00bb, a t\u2019elle mart\u00e9l\u00e9.<\/p>\n<p>Madame Simone EHIVET GBAGBO a fait part de son r\u00eave, devant les 500 femmes pr\u00e9sentes. Elle a dit qu\u2019elle r\u00eave, et s\u2019engage pour une C\u00f4te d\u2019Ivoire solide et moderne, dont les piliers fondateurs sont :la D\u00e9mocratie et les Libert\u00e9s, la Souverainet\u00e9 qui ne s\u2019oppose pas \u00e0 l\u2019int\u00e9gration r\u00e9gionale ou sous-r\u00e9gionale, la R\u00e9publique, la Paix sociale et l\u2019\u00e9quit\u00e9. Et cet engagement pour un rassemblement des filles et des fils de cette Nation, est traduit dans sa nouvelle parution intitul\u00e9e \u00ab Ma sortie de prison, pr\u00e9mices d\u2019une C\u00f4te d\u2019Ivoire r\u00e9concili\u00e9e \u00bb a t\u2019elle affirm\u00e9. Avant la fin de la c\u00e9r\u00e9monie qui s\u2019est sold\u00e9e par une s\u00e9ance de d\u00e9dicace, l\u2019h\u00f4te du jour a invit\u00e9 l\u2019assembl\u00e9e \u00e0 prendre ses dispositions afin d\u2019accueillir le Pr\u00e9sident Laurent GBAGBO et le ministre Charles Bl\u00e9 GOUDE dont le retour est imminent.<\/p>\n<p>Pour rappel, Madame Simone EHIVET GBAGBO \u00e9tait accompagn\u00e9e des ministres KOFFI Koffi Lazare, KOUAME Secret Richard, des Secr\u00e9taires g\u00e9n\u00e9raux adjoints du FPI Maurice LOHOURIGNON , Cesar ETOU, MADY Bouabr\u00e9, Claudine EHIVET OUATTARA, l\u2019ambassadeur KOFFI Charles, L\u2019honorable YOUTE Innocent, l\u2019ex d\u00e9put\u00e9 AHOKE Patrice, SOUMAHORO, Secr\u00e9taire National FOFANA Youssouf et Monsieur Alain GOURI cadre de GAGNOA.<\/p>\n","protected":false},"excerpt":{"rendered":"<p>Africa-Press &#8211; C\u00f4te d&rsquo;Ivoire.\u00a0 \u00a0La c\u00e9r\u00e9monie organis\u00e9e \u00e0 l\u2019honneur des \u00abfemmes cr\u00e9dibles\u00bb de Gonzagueville [sud d\u2019Abidjan] hier dimanche, a \u00e9t\u00e9 l\u2019occasion pour Simone Gbagbo, invit\u00e9e de marque, de d\u00e9dicacer son dernier ouvrage aux militants accourus nombreux \u00e0 la c\u00e9r\u00e9monie. Selon les organisateurs ce sont plusieurs centaines d\u2019exemplaires de \u00ab Ma sortie de prison, pr\u00e9mices d\u2019une [&hellip;]<\/p>\n","protected":false},"author":82,"featured_media":8436,"comment_status":"open","ping_status":"closed","sticky":false,"template":"","format":"standard","meta":{"footnotes":""},"categories":[5,11,10],"tags":[56,63,29],"class_list":["post-8437","post","type-post","status-publish","format-standard","has-post-thumbnail","hentry","category-culture-et-art","category-homepage-french","category-toutes-les-actualites","tag-africa-press","tag-africa-press-cote-divoire","tag-cote-divoire"],"yoast_head":"<!-- This site is optimized with the Yoast SEO Premium plugin v26.1 (Yoast SEO v27.0) - https:\/\/yoast.com\/product\/yoast-seo-premium-wordpress\/ -->\n<title>F\u00eate des m\u00e8res\/C\u00f4te-d\u2019Ivoire: \u00ab\u00a0Ma sortie de prison, pr\u00e9mices d\u2019une C\u00f4te-d\u2019Ivoire r\u00e9concili\u00e9e\u00a0\u00bb, d\u00e9dicac\u00e9e par Simone Gbagbo \u00e0 Gonzagueville - C\u00f4te d&#039;Ivoire<\/title>\n<meta name=\"description\" content=\"F\u00eate des m\u00e8res \u2013 La c\u00e9r\u00e9monie organis\u00e9e \u00e0 l\u2019honneur des \u00abfemmes cr\u00e9dibles\u00bb de Gonzagueville [sud d\u2019Abidjan] hier dimanch ...\" \/>\n<meta name=\"robots\" content=\"index, follow, max-snippet:-1, max-image-preview:large, max-video-preview:-1\" \/>\n<link rel=\"canonical\" href=\"https:\/\/www.africa-press.net\/cotedivoire\/culture-et-art\/fete-des-meres-cote-divoire-ma-sortie-de-prison-premices-dune-cote-divoire-reconciliee-dedicacee-par-simone-gbagbo-a-gonzagueville\" \/>\n<meta property=\"og:locale\" content=\"fr_FR\" \/>\n<meta property=\"og:type\" content=\"article\" \/>\n<meta property=\"og:title\" content=\"F\u00eate des m\u00e8res\/C\u00f4te-d\u2019Ivoire: \u00ab\u00a0Ma sortie de prison, pr\u00e9mices d\u2019une C\u00f4te-d\u2019Ivoire r\u00e9concili\u00e9e\u00a0\u00bb, d\u00e9dicac\u00e9e par Simone Gbagbo \u00e0 Gonzagueville\" \/>\n<meta property=\"og:description\" content=\"F\u00eate des m\u00e8res \u2013 La c\u00e9r\u00e9monie organis\u00e9e \u00e0 l\u2019honneur des \u00abfemmes cr\u00e9dibles\u00bb de Gonzagueville [sud d\u2019Abidjan] hier dimanch ...\" \/>\n<meta property=\"og:url\" content=\"https:\/\/www.africa-press.net\/cotedivoire\/culture-et-art\/fete-des-meres-cote-divoire-ma-sortie-de-prison-premices-dune-cote-divoire-reconciliee-dedicacee-par-simone-gbagbo-a-gonzagueville\" \/>\n<meta property=\"og:site_name\" content=\"C\u00f4te d&#039;Ivoire\" \/>\n<meta property=\"article:published_time\" content=\"2021-05-31T17:49:22+00:00\" \/>\n<meta property=\"article:modified_time\" content=\"2021-05-31T18:28:37+00:00\" \/>\n<meta property=\"og:image\" content=\"https:\/\/static.africa-press.net\/cote\/sites\/43\/2021\/05\/img-60b5129151263.jpg\" \/>\n\t<meta property=\"og:image:width\" content=\"1592\" \/>\n\t<meta property=\"og:image:height\" content=\"1132\" \/>\n\t<meta property=\"og:image:type\" content=\"image\/jpeg\" \/>\n<meta name=\"author\" content=\"cfeditorfr\" \/>\n<meta name=\"twitter:card\" content=\"summary_large_image\" \/>\n<meta name=\"twitter:label1\" content=\"\u00c9crit par\" \/>\n\t<meta name=\"twitter:data1\" content=\"cfeditorfr\" \/>\n\t<meta name=\"twitter:label2\" content=\"Dur\u00e9e de lecture estim\u00e9e\" \/>\n\t<meta name=\"twitter:data2\" content=\"4 minutes\" \/>\n<script type=\"application\/ld+json\" class=\"yoast-schema-graph\">{\"@context\":\"https:\/\/schema.org\",\"@graph\":[{\"@type\":\"Article\",\"@id\":\"https:\/\/www.africa-press.net\/cotedivoire\/culture-et-art\/fete-des-meres-cote-divoire-ma-sortie-de-prison-premices-dune-cote-divoire-reconciliee-dedicacee-par-simone-gbagbo-a-gonzagueville#article\",\"isPartOf\":{\"@id\":\"https:\/\/www.africa-press.net\/cotedivoire\/culture-et-art\/fete-des-meres-cote-divoire-ma-sortie-de-prison-premices-dune-cote-divoire-reconciliee-dedicacee-par-simone-gbagbo-a-gonzagueville\"},\"author\":{\"name\":\"cfeditorfr\",\"@id\":\"https:\/\/www.africa-press.net\/cotedivoire\/#\/schema\/person\/2b1cf3cd81a31e3cd26889ca66d677f1\"},\"headline\":\"F\u00eate des m\u00e8res\/C\u00f4te-d\u2019Ivoire: \u00ab\u00a0Ma sortie de prison, pr\u00e9mices d\u2019une C\u00f4te-d\u2019Ivoire r\u00e9concili\u00e9e\u00a0\u00bb, d\u00e9dicac\u00e9e par Simone Gbagbo \u00e0 Gonzagueville\",\"datePublished\":\"2021-05-31T17:49:22+00:00\",\"dateModified\":\"2021-05-31T18:28:37+00:00\",\"mainEntityOfPage\":{\"@id\":\"https:\/\/www.africa-press.net\/cotedivoire\/culture-et-art\/fete-des-meres-cote-divoire-ma-sortie-de-prison-premices-dune-cote-divoire-reconciliee-dedicacee-par-simone-gbagbo-a-gonzagueville\"},\"wordCount\":945,\"commentCount\":0,\"image\":{\"@id\":\"https:\/\/www.africa-press.net\/cotedivoire\/culture-et-art\/fete-des-meres-cote-divoire-ma-sortie-de-prison-premices-dune-cote-divoire-reconciliee-dedicacee-par-simone-gbagbo-a-gonzagueville#primaryimage\"},\"thumbnailUrl\":\"https:\/\/static.africa-press.net\/cote\/sites\/43\/2021\/05\/img-60b5129151263.jpg\",\"keywords\":[\"Africa Press\",\"Africa Press-C\u00f4te d'Ivoire\",\"C\u00d4TE D'IVOIRE\"],\"articleSection\":[\"Culture et Art\",\"homepage-french\",\"Toutes les actualit\u00e9s\"],\"inLanguage\":\"fr-FR\",\"potentialAction\":[{\"@type\":\"CommentAction\",\"name\":\"Comment\",\"target\":[\"https:\/\/www.africa-press.net\/cotedivoire\/culture-et-art\/fete-des-meres-cote-divoire-ma-sortie-de-prison-premices-dune-cote-divoire-reconciliee-dedicacee-par-simone-gbagbo-a-gonzagueville#respond\"]}]},{\"@type\":\"WebPage\",\"@id\":\"https:\/\/www.africa-press.net\/cotedivoire\/culture-et-art\/fete-des-meres-cote-divoire-ma-sortie-de-prison-premices-dune-cote-divoire-reconciliee-dedicacee-par-simone-gbagbo-a-gonzagueville\",\"url\":\"https:\/\/www.africa-press.net\/cotedivoire\/culture-et-art\/fete-des-meres-cote-divoire-ma-sortie-de-prison-premices-dune-cote-divoire-reconciliee-dedicacee-par-simone-gbagbo-a-gonzagueville\",\"name\":\"F\u00eate des m\u00e8res\/C\u00f4te-d\u2019Ivoire: \u00ab\u00a0Ma sortie de prison, pr\u00e9mices d\u2019une C\u00f4te-d\u2019Ivoire r\u00e9concili\u00e9e\u00a0\u00bb, d\u00e9dicac\u00e9e par Simone Gbagbo \u00e0 Gonzagueville - C\u00f4te d&#039;Ivoire\",\"isPartOf\":{\"@id\":\"https:\/\/www.africa-press.net\/cotedivoire\/#website\"},\"primaryImageOfPage\":{\"@id\":\"https:\/\/www.africa-press.net\/cotedivoire\/culture-et-art\/fete-des-meres-cote-divoire-ma-sortie-de-prison-premices-dune-cote-divoire-reconciliee-dedicacee-par-simone-gbagbo-a-gonzagueville#primaryimage\"},\"image\":{\"@id\":\"https:\/\/www.africa-press.net\/cotedivoire\/culture-et-art\/fete-des-meres-cote-divoire-ma-sortie-de-prison-premices-dune-cote-divoire-reconciliee-dedicacee-par-simone-gbagbo-a-gonzagueville#primaryimage\"},\"thumbnailUrl\":\"https:\/\/static.africa-press.net\/cote\/sites\/43\/2021\/05\/img-60b5129151263.jpg\",\"datePublished\":\"2021-05-31T17:49:22+00:00\",\"dateModified\":\"2021-05-31T18:28:37+00:00\",\"author\":{\"@id\":\"https:\/\/www.africa-press.net\/cotedivoire\/#\/schema\/person\/2b1cf3cd81a31e3cd26889ca66d677f1\"},\"description\":\"F\u00eate des m\u00e8res \u2013 La c\u00e9r\u00e9monie organis\u00e9e \u00e0 l\u2019honneur des \u00abfemmes cr\u00e9dibles\u00bb de Gonzagueville [sud d\u2019Abidjan] hier dimanch ...\",\"breadcrumb\":{\"@id\":\"https:\/\/www.africa-press.net\/cotedivoire\/culture-et-art\/fete-des-meres-cote-divoire-ma-sortie-de-prison-premices-dune-cote-divoire-reconciliee-dedicacee-par-simone-gbagbo-a-gonzagueville#breadcrumb\"},\"inLanguage\":\"fr-FR\",\"potentialAction\":[{\"@type\":\"ReadAction\",\"target\":[\"https:\/\/www.africa-press.net\/cotedivoire\/culture-et-art\/fete-des-meres-cote-divoire-ma-sortie-de-prison-premices-dune-cote-divoire-reconciliee-dedicacee-par-simone-gbagbo-a-gonzagueville\"]}]},{\"@type\":\"ImageObject\",\"inLanguage\":\"fr-FR\",\"@id\":\"https:\/\/www.africa-press.net\/cotedivoire\/culture-et-art\/fete-des-meres-cote-divoire-ma-sortie-de-prison-premices-dune-cote-divoire-reconciliee-dedicacee-par-simone-gbagbo-a-gonzagueville#primaryimage\",\"url\":\"https:\/\/static.africa-press.net\/cote\/sites\/43\/2021\/05\/img-60b5129151263.jpg\",\"contentUrl\":\"https:\/\/static.africa-press.net\/cote\/sites\/43\/2021\/05\/img-60b5129151263.jpg\",\"width\":1592,\"height\":1132,\"caption\":\"F\u00eate des m\u00e8res\/C\u00f4te-d\u2019Ivoire: \u00ab\u00a0Ma sortie de prison, pr\u00e9mices d\u2019une C\u00f4te-d\u2019Ivoire r\u00e9concili\u00e9e\u00a0\u00bb, d\u00e9dicac\u00e9e par Simone Gbagbo \u00e0 Gonzagueville\"},{\"@type\":\"BreadcrumbList\",\"@id\":\"https:\/\/www.africa-press.net\/cotedivoire\/culture-et-art\/fete-des-meres-cote-divoire-ma-sortie-de-prison-premices-dune-cote-divoire-reconciliee-dedicacee-par-simone-gbagbo-a-gonzagueville#breadcrumb\",\"itemListElement\":[{\"@type\":\"ListItem\",\"position\":1,\"name\":\"Accueil\",\"item\":\"https:\/\/www.africa-press.net\/cotedivoire\/\"},{\"@type\":\"ListItem\",\"position\":2,\"name\":\"F\u00eate des m\u00e8res\/C\u00f4te-d\u2019Ivoire: \u00ab\u00a0Ma sortie de prison, pr\u00e9mices d\u2019une C\u00f4te-d\u2019Ivoire r\u00e9concili\u00e9e\u00a0\u00bb, d\u00e9dicac\u00e9e par Simone Gbagbo \u00e0 Gonzagueville\"}]},{\"@type\":\"WebSite\",\"@id\":\"https:\/\/www.africa-press.net\/cotedivoire\/#website\",\"url\":\"https:\/\/www.africa-press.net\/cotedivoire\/\",\"name\":\"C\u00f4te d&#039;Ivoire\",\"description\":\"Just another Africa News Agency Sites site\",\"potentialAction\":[{\"@type\":\"SearchAction\",\"target\":{\"@type\":\"EntryPoint\",\"urlTemplate\":\"https:\/\/www.africa-press.net\/cotedivoire\/?s={search_term_string}\"},\"query-input\":{\"@type\":\"PropertyValueSpecification\",\"valueRequired\":true,\"valueName\":\"search_term_string\"}}],\"inLanguage\":\"fr-FR\"},{\"@type\":\"Person\",\"@id\":\"https:\/\/www.africa-press.net\/cotedivoire\/#\/schema\/person\/2b1cf3cd81a31e3cd26889ca66d677f1\",\"name\":\"cfeditorfr\"}]}<\/script>\n<!-- \/ Yoast SEO Premium plugin. -->","yoast_head_json":{"title":"F\u00eate des m\u00e8res\/C\u00f4te-d\u2019Ivoire: \u00ab\u00a0Ma sortie de prison, pr\u00e9mices d\u2019une C\u00f4te-d\u2019Ivoire r\u00e9concili\u00e9e\u00a0\u00bb, d\u00e9dicac\u00e9e par Simone Gbagbo \u00e0 Gonzagueville - C\u00f4te d&#039;Ivoire","description":"F\u00eate des m\u00e8res \u2013 La c\u00e9r\u00e9monie organis\u00e9e \u00e0 l\u2019honneur des \u00abfemmes cr\u00e9dibles\u00bb de Gonzagueville [sud d\u2019Abidjan] hier dimanch ...","robots":{"index":"index","follow":"follow","max-snippet":"max-snippet:-1","max-image-preview":"max-image-preview:large","max-video-preview":"max-video-preview:-1"},"canonical":"https:\/\/www.africa-press.net\/cotedivoire\/culture-et-art\/fete-des-meres-cote-divoire-ma-sortie-de-prison-premices-dune-cote-divoire-reconciliee-dedicacee-par-simone-gbagbo-a-gonzagueville","og_locale":"fr_FR","og_type":"article","og_title":"F\u00eate des m\u00e8res\/C\u00f4te-d\u2019Ivoire: \u00ab\u00a0Ma sortie de prison, pr\u00e9mices d\u2019une C\u00f4te-d\u2019Ivoire r\u00e9concili\u00e9e\u00a0\u00bb, d\u00e9dicac\u00e9e par Simone Gbagbo \u00e0 Gonzagueville","og_description":"F\u00eate des m\u00e8res \u2013 La c\u00e9r\u00e9monie organis\u00e9e \u00e0 l\u2019honneur des \u00abfemmes cr\u00e9dibles\u00bb de Gonzagueville [sud d\u2019Abidjan] hier dimanch ...","og_url":"https:\/\/www.africa-press.net\/cotedivoire\/culture-et-art\/fete-des-meres-cote-divoire-ma-sortie-de-prison-premices-dune-cote-divoire-reconciliee-dedicacee-par-simone-gbagbo-a-gonzagueville","og_site_name":"C\u00f4te d&#039;Ivoire","article_published_time":"2021-05-31T17:49:22+00:00","article_modified_time":"2021-05-31T18:28:37+00:00","og_image":[{"width":1592,"height":1132,"url":"https:\/\/static.africa-press.net\/cote\/sites\/43\/2021\/05\/img-60b5129151263.jpg","type":"image\/jpeg"}],"author":"cfeditorfr","twitter_card":"summary_large_image","twitter_misc":{"\u00c9crit par":"cfeditorfr","Dur\u00e9e de lecture estim\u00e9e":"4 minutes"},"schema":{"@context":"https:\/\/schema.org","@graph":[{"@type":"Article","@id":"https:\/\/www.africa-press.net\/cotedivoire\/culture-et-art\/fete-des-meres-cote-divoire-ma-sortie-de-prison-premices-dune-cote-divoire-reconciliee-dedicacee-par-simone-gbagbo-a-gonzagueville#article","isPartOf":{"@id":"https:\/\/www.africa-press.net\/cotedivoire\/culture-et-art\/fete-des-meres-cote-divoire-ma-sortie-de-prison-premices-dune-cote-divoire-reconciliee-dedicacee-par-simone-gbagbo-a-gonzagueville"},"author":{"name":"cfeditorfr","@id":"https:\/\/www.africa-press.net\/cotedivoire\/#\/schema\/person\/2b1cf3cd81a31e3cd26889ca66d677f1"},"headline":"F\u00eate des m\u00e8res\/C\u00f4te-d\u2019Ivoire: \u00ab\u00a0Ma sortie de prison, pr\u00e9mices d\u2019une C\u00f4te-d\u2019Ivoire r\u00e9concili\u00e9e\u00a0\u00bb, d\u00e9dicac\u00e9e par Simone Gbagbo \u00e0 Gonzagueville","datePublished":"2021-05-31T17:49:22+00:00","dateModified":"2021-05-31T18:28:37+00:00","mainEntityOfPage":{"@id":"https:\/\/www.africa-press.net\/cotedivoire\/culture-et-art\/fete-des-meres-cote-divoire-ma-sortie-de-prison-premices-dune-cote-divoire-reconciliee-dedicacee-par-simone-gbagbo-a-gonzagueville"},"wordCount":945,"commentCount":0,"image":{"@id":"https:\/\/www.africa-press.net\/cotedivoire\/culture-et-art\/fete-des-meres-cote-divoire-ma-sortie-de-prison-premices-dune-cote-divoire-reconciliee-dedicacee-par-simone-gbagbo-a-gonzagueville#primaryimage"},"thumbnailUrl":"https:\/\/static.africa-press.net\/cote\/sites\/43\/2021\/05\/img-60b5129151263.jpg","keywords":["Africa Press","Africa Press-C\u00f4te d'Ivoire","C\u00d4TE D'IVOIRE"],"articleSection":["Culture et Art","homepage-french","Toutes les actualit\u00e9s"],"inLanguage":"fr-FR","potentialAction":[{"@type":"CommentAction","name":"Comment","target":["https:\/\/www.africa-press.net\/cotedivoire\/culture-et-art\/fete-des-meres-cote-divoire-ma-sortie-de-prison-premices-dune-cote-divoire-reconciliee-dedicacee-par-simone-gbagbo-a-gonzagueville#respond"]}]},{"@type":"WebPage","@id":"https:\/\/www.africa-press.net\/cotedivoire\/culture-et-art\/fete-des-meres-cote-divoire-ma-sortie-de-prison-premices-dune-cote-divoire-reconciliee-dedicacee-par-simone-gbagbo-a-gonzagueville","url":"https:\/\/www.africa-press.net\/cotedivoire\/culture-et-art\/fete-des-meres-cote-divoire-ma-sortie-de-prison-premices-dune-cote-divoire-reconciliee-dedicacee-par-simone-gbagbo-a-gonzagueville","name":"F\u00eate des m\u00e8res\/C\u00f4te-d\u2019Ivoire: \u00ab\u00a0Ma sortie de prison, pr\u00e9mices d\u2019une C\u00f4te-d\u2019Ivoire r\u00e9concili\u00e9e\u00a0\u00bb, d\u00e9dicac\u00e9e par Simone Gbagbo \u00e0 Gonzagueville - C\u00f4te d&#039;Ivoire","isPartOf":{"@id":"https:\/\/www.africa-press.net\/cotedivoire\/#website"},"primaryImageOfPage":{"@id":"https:\/\/www.africa-press.net\/cotedivoire\/culture-et-art\/fete-des-meres-cote-divoire-ma-sortie-de-prison-premices-dune-cote-divoire-reconciliee-dedicacee-par-simone-gbagbo-a-gonzagueville#primaryimage"},"image":{"@id":"https:\/\/www.africa-press.net\/cotedivoire\/culture-et-art\/fete-des-meres-cote-divoire-ma-sortie-de-prison-premices-dune-cote-divoire-reconciliee-dedicacee-par-simone-gbagbo-a-gonzagueville#primaryimage"},"thumbnailUrl":"https:\/\/static.africa-press.net\/cote\/sites\/43\/2021\/05\/img-60b5129151263.jpg","datePublished":"2021-05-31T17:49:22+00:00","dateModified":"2021-05-31T18:28:37+00:00","author":{"@id":"https:\/\/www.africa-press.net\/cotedivoire\/#\/schema\/person\/2b1cf3cd81a31e3cd26889ca66d677f1"},"description":"F\u00eate des m\u00e8res \u2013 La c\u00e9r\u00e9monie organis\u00e9e \u00e0 l\u2019honneur des \u00abfemmes cr\u00e9dibles\u00bb de Gonzagueville [sud d\u2019Abidjan] hier dimanch ...","breadcrumb":{"@id":"https:\/\/www.africa-press.net\/cotedivoire\/culture-et-art\/fete-des-meres-cote-divoire-ma-sortie-de-prison-premices-dune-cote-divoire-reconciliee-dedicacee-par-simone-gbagbo-a-gonzagueville#breadcrumb"},"inLanguage":"fr-FR","potentialAction":[{"@type":"ReadAction","target":["https:\/\/www.africa-press.net\/cotedivoire\/culture-et-art\/fete-des-meres-cote-divoire-ma-sortie-de-prison-premices-dune-cote-divoire-reconciliee-dedicacee-par-simone-gbagbo-a-gonzagueville"]}]},{"@type":"ImageObject","inLanguage":"fr-FR","@id":"https:\/\/www.africa-press.net\/cotedivoire\/culture-et-art\/fete-des-meres-cote-divoire-ma-sortie-de-prison-premices-dune-cote-divoire-reconciliee-dedicacee-par-simone-gbagbo-a-gonzagueville#primaryimage","url":"https:\/\/static.africa-press.net\/cote\/sites\/43\/2021\/05\/img-60b5129151263.jpg","contentUrl":"https:\/\/static.africa-press.net\/cote\/sites\/43\/2021\/05\/img-60b5129151263.jpg","width":1592,"height":1132,"caption":"F\u00eate des m\u00e8res\/C\u00f4te-d\u2019Ivoire: \u00ab\u00a0Ma sortie de prison, pr\u00e9mices d\u2019une C\u00f4te-d\u2019Ivoire r\u00e9concili\u00e9e\u00a0\u00bb, d\u00e9dicac\u00e9e par Simone Gbagbo \u00e0 Gonzagueville"},{"@type":"BreadcrumbList","@id":"https:\/\/www.africa-press.net\/cotedivoire\/culture-et-art\/fete-des-meres-cote-divoire-ma-sortie-de-prison-premices-dune-cote-divoire-reconciliee-dedicacee-par-simone-gbagbo-a-gonzagueville#breadcrumb","itemListElement":[{"@type":"ListItem","position":1,"name":"Accueil","item":"https:\/\/www.africa-press.net\/cotedivoire\/"},{"@type":"ListItem","position":2,"name":"F\u00eate des m\u00e8res\/C\u00f4te-d\u2019Ivoire: \u00ab\u00a0Ma sortie de prison, pr\u00e9mices d\u2019une C\u00f4te-d\u2019Ivoire r\u00e9concili\u00e9e\u00a0\u00bb, d\u00e9dicac\u00e9e par Simone Gbagbo \u00e0 Gonzagueville"}]},{"@type":"WebSite","@id":"https:\/\/www.africa-press.net\/cotedivoire\/#website","url":"https:\/\/www.africa-press.net\/cotedivoire\/","name":"C\u00f4te d&#039;Ivoire","description":"Just another Africa News Agency Sites site","potentialAction":[{"@type":"SearchAction","target":{"@type":"EntryPoint","urlTemplate":"https:\/\/www.africa-press.net\/cotedivoire\/?s={search_term_string}"},"query-input":{"@type":"PropertyValueSpecification","valueRequired":true,"valueName":"search_term_string"}}],"inLanguage":"fr-FR"},{"@type":"Person","@id":"https:\/\/www.africa-press.net\/cotedivoire\/#\/schema\/person\/2b1cf3cd81a31e3cd26889ca66d677f1","name":"cfeditorfr"}]}},"_links":{"self":[{"href":"https:\/\/www.africa-press.net\/cotedivoire\/wp-json\/wp\/v2\/posts\/8437","targetHints":{"allow":["GET"]}}],"collection":[{"href":"https:\/\/www.africa-press.net\/cotedivoire\/wp-json\/wp\/v2\/posts"}],"about":[{"href":"https:\/\/www.africa-press.net\/cotedivoire\/wp-json\/wp\/v2\/types\/post"}],"author":[{"embeddable":true,"href":"https:\/\/www.africa-press.net\/cotedivoire\/wp-json\/wp\/v2\/users\/82"}],"replies":[{"embeddable":true,"href":"https:\/\/www.africa-press.net\/cotedivoire\/wp-json\/wp\/v2\/comments?post=8437"}],"version-history":[{"count":0,"href":"https:\/\/www.africa-press.net\/cotedivoire\/wp-json\/wp\/v2\/posts\/8437\/revisions"}],"wp:featuredmedia":[{"embeddable":true,"href":"https:\/\/www.africa-press.net\/cotedivoire\/wp-json\/wp\/v2\/media\/8436"}],"wp:attachment":[{"href":"https:\/\/www.africa-press.net\/cotedivoire\/wp-json\/wp\/v2\/media?parent=8437"}],"wp:term":[{"taxonomy":"category","embeddable":true,"href":"https:\/\/www.africa-press.net\/cotedivoire\/wp-json\/wp\/v2\/categories?post=8437"},{"taxonomy":"post_tag","embeddable":true,"href":"https:\/\/www.africa-press.net\/cotedivoire\/wp-json\/wp\/v2\/tags?post=8437"}],"curies":[{"name":"wp","href":"https:\/\/api.w.org\/{rel}","templated":true}]}}