{"id":8458,"date":"2021-06-02T11:34:59","date_gmt":"2021-06-02T11:34:59","guid":{"rendered":"https:\/\/www.africa-press.net\/cotedivoire\/?p=8458"},"modified":"2021-06-02T12:57:11","modified_gmt":"2021-06-02T12:57:11","slug":"laurent-gbagbo-les-details-de-son-retour-en-cote-divoire","status":"publish","type":"post","link":"https:\/\/www.africa-press.net\/cotedivoire\/politique\/laurent-gbagbo-les-details-de-son-retour-en-cote-divoire","title":{"rendered":"Laurent Gbagbo : les d\u00e9tails de son retour en C\u00f4te d\u2019Ivoire"},"content":{"rendered":"<p><span style=\"color: #ff6600\"><strong><a href=\"https:\/\/www.africa-press.net\/\">Africa-Press<\/a> &#8211; <a href=\"https:\/\/www.africa-press.net\/cotedivoire\">C\u00f4te d&rsquo;Ivoire<\/a>. <\/strong><\/span>Si l\u2019ancien pr\u00e9sident doit rentrer \u00e0 Abidjan le 17 juin, les modalit\u00e9s de son retour ne sont pas encore fix\u00e9es. Accueil, logement, indemnit\u00e9s\u2026 Jeune Afrique fait le point sur les n\u00e9gociations.<\/p>\n<p>Cette fois, les choses se pr\u00e9cisent. Apr\u00e8s des semaines de sp\u00e9culations et de rumeurs, une date pour le retour de Laurent Gbagbo \u00e0 Abidjan est d\u00e9sormais fix\u00e9e : le 17 juin. Comme souvent, c\u2019est par la voix de son bras droit \u00e0 Abidjan et secr\u00e9taire g\u00e9n\u00e9ral du Front populaire ivoirien (FPI) pro-Gbagbo que l\u2019ancien pr\u00e9sident a fait passer le message. \u00ab Le 17 juin, Laurent Gbagbo foulera le sol de ses anc\u00eatres, la C\u00f4te d\u2019Ivoire \u00bb, a d\u00e9clar\u00e9 Assoa Adou lors d\u2019une c\u00e9r\u00e9monie le 31 mai, jour des 76 ans de son mentor.<\/p>\n<p>Selon nos informations, les tractations sur les modalit\u00e9s concr\u00e8tes du retour du \u00ab Woody de Mama \u00bb sont toujours en cours entre les deux camps. Une fois rentr\u00e9, \u00e0 priori \u00e0 bord d\u2019un vol commercial depuis Bruxelles, Laurent Gbagbo b\u00e9n\u00e9ficiera des diff\u00e9rents avantages li\u00e9s \u00e0 son statut d\u2019ancien chef d\u2019\u00c9tat.<\/p>\n<p><b>\u00ab Nous lui avons donn\u00e9 des garanties \u00bb<\/b><\/p>\n","protected":false},"excerpt":{"rendered":"<p>Africa-Press &#8211; C\u00f4te d&rsquo;Ivoire. Si l\u2019ancien pr\u00e9sident doit rentrer \u00e0 Abidjan le 17 juin, les modalit\u00e9s de son retour ne sont pas encore fix\u00e9es. Accueil, logement, indemnit\u00e9s\u2026 Jeune Afrique fait le point sur les n\u00e9gociations. Cette fois, les choses se pr\u00e9cisent. Apr\u00e8s des semaines de sp\u00e9culations et de rumeurs, une date pour le retour de [&hellip;]<\/p>\n","protected":false},"author":82,"featured_media":8457,"comment_status":"open","ping_status":"closed","sticky":false,"template":"","format":"standard","meta":{"footnotes":""},"categories":[11,2,20,10],"tags":[56,63,29],"class_list":["post-8458","post","type-post","status-publish","format-standard","has-post-thumbnail","hentry","category-homepage-french","category-politique","category-top-nouvelles","category-toutes-les-actualites","tag-africa-press","tag-africa-press-cote-divoire","tag-cote-divoire"],"yoast_head":"<!-- This site is optimized with the Yoast SEO Premium plugin v26.1 (Yoast SEO v27.0) - https:\/\/yoast.com\/product\/yoast-seo-premium-wordpress\/ -->\n<title>Laurent Gbagbo : les d\u00e9tails de son retour en C\u00f4te d\u2019Ivoire - C\u00f4te d&#039;Ivoire<\/title>\n<meta name=\"description\" content=\"Si l\u2019ancien pr\u00e9sident doit rentrer \u00e0 Abidjan le 17 juin, les modalit\u00e9s de son retour ne sont pas encore fix\u00e9es. Accueil, ...\" \/>\n<meta name=\"robots\" content=\"index, follow, max-snippet:-1, max-image-preview:large, max-video-preview:-1\" \/>\n<link rel=\"canonical\" href=\"https:\/\/www.africa-press.net\/cotedivoire\/politique\/laurent-gbagbo-les-details-de-son-retour-en-cote-divoire\" \/>\n<meta property=\"og:locale\" content=\"fr_FR\" \/>\n<meta property=\"og:type\" content=\"article\" \/>\n<meta property=\"og:title\" content=\"Laurent Gbagbo : les d\u00e9tails de son retour en C\u00f4te d\u2019Ivoire\" \/>\n<meta property=\"og:description\" content=\"Si l\u2019ancien pr\u00e9sident doit rentrer \u00e0 Abidjan le 17 juin, les modalit\u00e9s de son retour ne sont pas encore fix\u00e9es. Accueil, ...\" \/>\n<meta property=\"og:url\" content=\"https:\/\/www.africa-press.net\/cotedivoire\/politique\/laurent-gbagbo-les-details-de-son-retour-en-cote-divoire\" \/>\n<meta property=\"og:site_name\" content=\"C\u00f4te d&#039;Ivoire\" \/>\n<meta property=\"article:published_time\" content=\"2021-06-02T11:34:59+00:00\" \/>\n<meta property=\"article:modified_time\" content=\"2021-06-02T12:57:11+00:00\" \/>\n<meta property=\"og:image\" content=\"https:\/\/static.africa-press.net\/cote\/sites\/43\/2021\/06\/img.jpg\" \/>\n\t<meta property=\"og:image:width\" content=\"720\" \/>\n\t<meta property=\"og:image:height\" content=\"360\" \/>\n\t<meta property=\"og:image:type\" content=\"image\/jpeg\" \/>\n<meta name=\"author\" content=\"cfeditorfr\" \/>\n<meta name=\"twitter:card\" content=\"summary_large_image\" \/>\n<meta name=\"twitter:label1\" content=\"\u00c9crit par\" \/>\n\t<meta name=\"twitter:data1\" content=\"cfeditorfr\" \/>\n\t<meta name=\"twitter:label2\" content=\"Dur\u00e9e de lecture estim\u00e9e\" \/>\n\t<meta name=\"twitter:data2\" content=\"1 minute\" \/>\n<script type=\"application\/ld+json\" class=\"yoast-schema-graph\">{\"@context\":\"https:\/\/schema.org\",\"@graph\":[{\"@type\":\"Article\",\"@id\":\"https:\/\/www.africa-press.net\/cotedivoire\/politique\/laurent-gbagbo-les-details-de-son-retour-en-cote-divoire#article\",\"isPartOf\":{\"@id\":\"https:\/\/www.africa-press.net\/cotedivoire\/politique\/laurent-gbagbo-les-details-de-son-retour-en-cote-divoire\"},\"author\":{\"name\":\"cfeditorfr\",\"@id\":\"https:\/\/www.africa-press.net\/cotedivoire\/#\/schema\/person\/2b1cf3cd81a31e3cd26889ca66d677f1\"},\"headline\":\"Laurent Gbagbo : les d\u00e9tails de son retour en C\u00f4te d\u2019Ivoire\",\"datePublished\":\"2021-06-02T11:34:59+00:00\",\"dateModified\":\"2021-06-02T12:57:11+00:00\",\"mainEntityOfPage\":{\"@id\":\"https:\/\/www.africa-press.net\/cotedivoire\/politique\/laurent-gbagbo-les-details-de-son-retour-en-cote-divoire\"},\"wordCount\":216,\"commentCount\":0,\"image\":{\"@id\":\"https:\/\/www.africa-press.net\/cotedivoire\/politique\/laurent-gbagbo-les-details-de-son-retour-en-cote-divoire#primaryimage\"},\"thumbnailUrl\":\"https:\/\/static.africa-press.net\/cote\/sites\/43\/2021\/06\/img.jpg\",\"keywords\":[\"Africa Press\",\"Africa Press-C\u00f4te d'Ivoire\",\"C\u00d4TE D'IVOIRE\"],\"articleSection\":[\"homepage-french\",\"Politique\",\"Top Nouvelles\",\"Toutes les actualit\u00e9s\"],\"inLanguage\":\"fr-FR\",\"potentialAction\":[{\"@type\":\"CommentAction\",\"name\":\"Comment\",\"target\":[\"https:\/\/www.africa-press.net\/cotedivoire\/politique\/laurent-gbagbo-les-details-de-son-retour-en-cote-divoire#respond\"]}]},{\"@type\":\"WebPage\",\"@id\":\"https:\/\/www.africa-press.net\/cotedivoire\/politique\/laurent-gbagbo-les-details-de-son-retour-en-cote-divoire\",\"url\":\"https:\/\/www.africa-press.net\/cotedivoire\/politique\/laurent-gbagbo-les-details-de-son-retour-en-cote-divoire\",\"name\":\"Laurent Gbagbo : les d\u00e9tails de son retour en C\u00f4te d\u2019Ivoire - C\u00f4te d&#039;Ivoire\",\"isPartOf\":{\"@id\":\"https:\/\/www.africa-press.net\/cotedivoire\/#website\"},\"primaryImageOfPage\":{\"@id\":\"https:\/\/www.africa-press.net\/cotedivoire\/politique\/laurent-gbagbo-les-details-de-son-retour-en-cote-divoire#primaryimage\"},\"image\":{\"@id\":\"https:\/\/www.africa-press.net\/cotedivoire\/politique\/laurent-gbagbo-les-details-de-son-retour-en-cote-divoire#primaryimage\"},\"thumbnailUrl\":\"https:\/\/static.africa-press.net\/cote\/sites\/43\/2021\/06\/img.jpg\",\"datePublished\":\"2021-06-02T11:34:59+00:00\",\"dateModified\":\"2021-06-02T12:57:11+00:00\",\"author\":{\"@id\":\"https:\/\/www.africa-press.net\/cotedivoire\/#\/schema\/person\/2b1cf3cd81a31e3cd26889ca66d677f1\"},\"description\":\"Si l\u2019ancien pr\u00e9sident doit rentrer \u00e0 Abidjan le 17 juin, les modalit\u00e9s de son retour ne sont pas encore fix\u00e9es. Accueil, ...\",\"breadcrumb\":{\"@id\":\"https:\/\/www.africa-press.net\/cotedivoire\/politique\/laurent-gbagbo-les-details-de-son-retour-en-cote-divoire#breadcrumb\"},\"inLanguage\":\"fr-FR\",\"potentialAction\":[{\"@type\":\"ReadAction\",\"target\":[\"https:\/\/www.africa-press.net\/cotedivoire\/politique\/laurent-gbagbo-les-details-de-son-retour-en-cote-divoire\"]}]},{\"@type\":\"ImageObject\",\"inLanguage\":\"fr-FR\",\"@id\":\"https:\/\/www.africa-press.net\/cotedivoire\/politique\/laurent-gbagbo-les-details-de-son-retour-en-cote-divoire#primaryimage\",\"url\":\"https:\/\/static.africa-press.net\/cote\/sites\/43\/2021\/06\/img.jpg\",\"contentUrl\":\"https:\/\/static.africa-press.net\/cote\/sites\/43\/2021\/06\/img.jpg\",\"width\":720,\"height\":360,\"caption\":\"Laurent Gbagbo : les d\u00e9tails de son retour en C\u00f4te d\u2019Ivoire\"},{\"@type\":\"BreadcrumbList\",\"@id\":\"https:\/\/www.africa-press.net\/cotedivoire\/politique\/laurent-gbagbo-les-details-de-son-retour-en-cote-divoire#breadcrumb\",\"itemListElement\":[{\"@type\":\"ListItem\",\"position\":1,\"name\":\"Accueil\",\"item\":\"https:\/\/www.africa-press.net\/cotedivoire\/\"},{\"@type\":\"ListItem\",\"position\":2,\"name\":\"Laurent Gbagbo : les d\u00e9tails de son retour en C\u00f4te d\u2019Ivoire\"}]},{\"@type\":\"WebSite\",\"@id\":\"https:\/\/www.africa-press.net\/cotedivoire\/#website\",\"url\":\"https:\/\/www.africa-press.net\/cotedivoire\/\",\"name\":\"C\u00f4te d&#039;Ivoire\",\"description\":\"Just another Africa News Agency Sites site\",\"potentialAction\":[{\"@type\":\"SearchAction\",\"target\":{\"@type\":\"EntryPoint\",\"urlTemplate\":\"https:\/\/www.africa-press.net\/cotedivoire\/?s={search_term_string}\"},\"query-input\":{\"@type\":\"PropertyValueSpecification\",\"valueRequired\":true,\"valueName\":\"search_term_string\"}}],\"inLanguage\":\"fr-FR\"},{\"@type\":\"Person\",\"@id\":\"https:\/\/www.africa-press.net\/cotedivoire\/#\/schema\/person\/2b1cf3cd81a31e3cd26889ca66d677f1\",\"name\":\"cfeditorfr\"}]}<\/script>\n<!-- \/ Yoast SEO Premium plugin. -->","yoast_head_json":{"title":"Laurent Gbagbo : les d\u00e9tails de son retour en C\u00f4te d\u2019Ivoire - C\u00f4te d&#039;Ivoire","description":"Si l\u2019ancien pr\u00e9sident doit rentrer \u00e0 Abidjan le 17 juin, les modalit\u00e9s de son retour ne sont pas encore fix\u00e9es. Accueil, ...","robots":{"index":"index","follow":"follow","max-snippet":"max-snippet:-1","max-image-preview":"max-image-preview:large","max-video-preview":"max-video-preview:-1"},"canonical":"https:\/\/www.africa-press.net\/cotedivoire\/politique\/laurent-gbagbo-les-details-de-son-retour-en-cote-divoire","og_locale":"fr_FR","og_type":"article","og_title":"Laurent Gbagbo : les d\u00e9tails de son retour en C\u00f4te d\u2019Ivoire","og_description":"Si l\u2019ancien pr\u00e9sident doit rentrer \u00e0 Abidjan le 17 juin, les modalit\u00e9s de son retour ne sont pas encore fix\u00e9es. Accueil, ...","og_url":"https:\/\/www.africa-press.net\/cotedivoire\/politique\/laurent-gbagbo-les-details-de-son-retour-en-cote-divoire","og_site_name":"C\u00f4te d&#039;Ivoire","article_published_time":"2021-06-02T11:34:59+00:00","article_modified_time":"2021-06-02T12:57:11+00:00","og_image":[{"width":720,"height":360,"url":"https:\/\/static.africa-press.net\/cote\/sites\/43\/2021\/06\/img.jpg","type":"image\/jpeg"}],"author":"cfeditorfr","twitter_card":"summary_large_image","twitter_misc":{"\u00c9crit par":"cfeditorfr","Dur\u00e9e de lecture estim\u00e9e":"1 minute"},"schema":{"@context":"https:\/\/schema.org","@graph":[{"@type":"Article","@id":"https:\/\/www.africa-press.net\/cotedivoire\/politique\/laurent-gbagbo-les-details-de-son-retour-en-cote-divoire#article","isPartOf":{"@id":"https:\/\/www.africa-press.net\/cotedivoire\/politique\/laurent-gbagbo-les-details-de-son-retour-en-cote-divoire"},"author":{"name":"cfeditorfr","@id":"https:\/\/www.africa-press.net\/cotedivoire\/#\/schema\/person\/2b1cf3cd81a31e3cd26889ca66d677f1"},"headline":"Laurent Gbagbo : les d\u00e9tails de son retour en C\u00f4te d\u2019Ivoire","datePublished":"2021-06-02T11:34:59+00:00","dateModified":"2021-06-02T12:57:11+00:00","mainEntityOfPage":{"@id":"https:\/\/www.africa-press.net\/cotedivoire\/politique\/laurent-gbagbo-les-details-de-son-retour-en-cote-divoire"},"wordCount":216,"commentCount":0,"image":{"@id":"https:\/\/www.africa-press.net\/cotedivoire\/politique\/laurent-gbagbo-les-details-de-son-retour-en-cote-divoire#primaryimage"},"thumbnailUrl":"https:\/\/static.africa-press.net\/cote\/sites\/43\/2021\/06\/img.jpg","keywords":["Africa Press","Africa Press-C\u00f4te d'Ivoire","C\u00d4TE D'IVOIRE"],"articleSection":["homepage-french","Politique","Top Nouvelles","Toutes les actualit\u00e9s"],"inLanguage":"fr-FR","potentialAction":[{"@type":"CommentAction","name":"Comment","target":["https:\/\/www.africa-press.net\/cotedivoire\/politique\/laurent-gbagbo-les-details-de-son-retour-en-cote-divoire#respond"]}]},{"@type":"WebPage","@id":"https:\/\/www.africa-press.net\/cotedivoire\/politique\/laurent-gbagbo-les-details-de-son-retour-en-cote-divoire","url":"https:\/\/www.africa-press.net\/cotedivoire\/politique\/laurent-gbagbo-les-details-de-son-retour-en-cote-divoire","name":"Laurent Gbagbo : les d\u00e9tails de son retour en C\u00f4te d\u2019Ivoire - C\u00f4te d&#039;Ivoire","isPartOf":{"@id":"https:\/\/www.africa-press.net\/cotedivoire\/#website"},"primaryImageOfPage":{"@id":"https:\/\/www.africa-press.net\/cotedivoire\/politique\/laurent-gbagbo-les-details-de-son-retour-en-cote-divoire#primaryimage"},"image":{"@id":"https:\/\/www.africa-press.net\/cotedivoire\/politique\/laurent-gbagbo-les-details-de-son-retour-en-cote-divoire#primaryimage"},"thumbnailUrl":"https:\/\/static.africa-press.net\/cote\/sites\/43\/2021\/06\/img.jpg","datePublished":"2021-06-02T11:34:59+00:00","dateModified":"2021-06-02T12:57:11+00:00","author":{"@id":"https:\/\/www.africa-press.net\/cotedivoire\/#\/schema\/person\/2b1cf3cd81a31e3cd26889ca66d677f1"},"description":"Si l\u2019ancien pr\u00e9sident doit rentrer \u00e0 Abidjan le 17 juin, les modalit\u00e9s de son retour ne sont pas encore fix\u00e9es. Accueil, ...","breadcrumb":{"@id":"https:\/\/www.africa-press.net\/cotedivoire\/politique\/laurent-gbagbo-les-details-de-son-retour-en-cote-divoire#breadcrumb"},"inLanguage":"fr-FR","potentialAction":[{"@type":"ReadAction","target":["https:\/\/www.africa-press.net\/cotedivoire\/politique\/laurent-gbagbo-les-details-de-son-retour-en-cote-divoire"]}]},{"@type":"ImageObject","inLanguage":"fr-FR","@id":"https:\/\/www.africa-press.net\/cotedivoire\/politique\/laurent-gbagbo-les-details-de-son-retour-en-cote-divoire#primaryimage","url":"https:\/\/static.africa-press.net\/cote\/sites\/43\/2021\/06\/img.jpg","contentUrl":"https:\/\/static.africa-press.net\/cote\/sites\/43\/2021\/06\/img.jpg","width":720,"height":360,"caption":"Laurent Gbagbo : les d\u00e9tails de son retour en C\u00f4te d\u2019Ivoire"},{"@type":"BreadcrumbList","@id":"https:\/\/www.africa-press.net\/cotedivoire\/politique\/laurent-gbagbo-les-details-de-son-retour-en-cote-divoire#breadcrumb","itemListElement":[{"@type":"ListItem","position":1,"name":"Accueil","item":"https:\/\/www.africa-press.net\/cotedivoire\/"},{"@type":"ListItem","position":2,"name":"Laurent Gbagbo : les d\u00e9tails de son retour en C\u00f4te d\u2019Ivoire"}]},{"@type":"WebSite","@id":"https:\/\/www.africa-press.net\/cotedivoire\/#website","url":"https:\/\/www.africa-press.net\/cotedivoire\/","name":"C\u00f4te d&#039;Ivoire","description":"Just another Africa News Agency Sites site","potentialAction":[{"@type":"SearchAction","target":{"@type":"EntryPoint","urlTemplate":"https:\/\/www.africa-press.net\/cotedivoire\/?s={search_term_string}"},"query-input":{"@type":"PropertyValueSpecification","valueRequired":true,"valueName":"search_term_string"}}],"inLanguage":"fr-FR"},{"@type":"Person","@id":"https:\/\/www.africa-press.net\/cotedivoire\/#\/schema\/person\/2b1cf3cd81a31e3cd26889ca66d677f1","name":"cfeditorfr"}]}},"_links":{"self":[{"href":"https:\/\/www.africa-press.net\/cotedivoire\/wp-json\/wp\/v2\/posts\/8458","targetHints":{"allow":["GET"]}}],"collection":[{"href":"https:\/\/www.africa-press.net\/cotedivoire\/wp-json\/wp\/v2\/posts"}],"about":[{"href":"https:\/\/www.africa-press.net\/cotedivoire\/wp-json\/wp\/v2\/types\/post"}],"author":[{"embeddable":true,"href":"https:\/\/www.africa-press.net\/cotedivoire\/wp-json\/wp\/v2\/users\/82"}],"replies":[{"embeddable":true,"href":"https:\/\/www.africa-press.net\/cotedivoire\/wp-json\/wp\/v2\/comments?post=8458"}],"version-history":[{"count":0,"href":"https:\/\/www.africa-press.net\/cotedivoire\/wp-json\/wp\/v2\/posts\/8458\/revisions"}],"wp:featuredmedia":[{"embeddable":true,"href":"https:\/\/www.africa-press.net\/cotedivoire\/wp-json\/wp\/v2\/media\/8457"}],"wp:attachment":[{"href":"https:\/\/www.africa-press.net\/cotedivoire\/wp-json\/wp\/v2\/media?parent=8458"}],"wp:term":[{"taxonomy":"category","embeddable":true,"href":"https:\/\/www.africa-press.net\/cotedivoire\/wp-json\/wp\/v2\/categories?post=8458"},{"taxonomy":"post_tag","embeddable":true,"href":"https:\/\/www.africa-press.net\/cotedivoire\/wp-json\/wp\/v2\/tags?post=8458"}],"curies":[{"name":"wp","href":"https:\/\/api.w.org\/{rel}","templated":true}]}}