{"id":84633,"date":"2024-07-30T18:34:41","date_gmt":"2024-07-30T18:34:41","guid":{"rendered":"https:\/\/www.africa-press.net\/cotedivoire\/politique\/cote-divoire-senegal-massandje-toure-litse-sollicite-le-soutien-du-ministre-senegalais-de-leconomie-pour-la-prochaine-reunion-du-conseil-de-convergence-de-la-cedeao"},"modified":"2024-07-30T19:19:37","modified_gmt":"2024-07-30T19:19:37","slug":"cote-divoire-senegal-massandje-toure-litse-sollicite-le-soutien-du-ministre-senegalais-de-leconomie-pour-la-prochaine-reunion-du-conseil-de-convergence-de-la-cedeao","status":"publish","type":"post","link":"https:\/\/www.africa-press.net\/cotedivoire\/economie\/cote-divoire-senegal-massandje-toure-litse-sollicite-le-soutien-du-ministre-senegalais-de-leconomie-pour-la-prochaine-reunion-du-conseil-de-convergence-de-la-cedeao","title":{"rendered":"C\u00f4te d&rsquo;Ivoire-S\u00e9n\u00e9gal : Massandj\u00e9 Tour\u00e9-Litse sollicite le soutien du ministre S\u00e9n\u00e9galais de l&rsquo;Economie pour la prochaine r\u00e9union du Conseil de convergence de la CEDEAO"},"content":{"rendered":"<p><span style=\"color: #ff6600\"><strong>Africa-Press &#8211; C\u00f4te d&rsquo;Ivoire. <\/strong><\/span>En marge des re\u0301unions statutaires de l&rsquo;Agence Mone\u0301taire de l&rsquo;Afrique de l&rsquo;Ouest (WAMA) a\u0300 Dakar au Se\u0301ne\u0301gal, le Commissaire de la CEDEAO charge\u0301 des affaires e\u0301conomiques et de l&rsquo;agriculture, Mme Massandje\u0301 Toure\u0301 \u2013Litse a rendu une visite de courtoisie a\u0300 l&rsquo;honorable ministre de l&rsquo;E\u0301conomie, du Plan et de la Coope\u0301ration de la Re\u0301publique du Se\u0301ne\u0301gal, M. Abdourahmane Saar, rapporte une note de l\u2019institution sous-re\u0301gionale.<\/p>\n<p>Au cours de la visite, nous apprenons que, le Commissaire a informe\u0301 l&rsquo;honorable ministre des Pre\u0301paratifs en cours pour la prochaine re\u0301union du Conseil de convergence de la CEDEAO, qui re\u0301unira les ministres charge\u0301s des finances et les gouverneurs des banques centrales des E\u0301tats membres de la CEDEAO.<\/p>\n<p>\u00ab Elle a sollicite\u0301 le soutien de l&rsquo;honorable Ministre pour assurer la participation de ses colle\u0300gues des E\u0301tats membres de la CEDEAO, en vue de franchir un jalon dans le renforcement du me\u0301canisme de surveillance multilate\u0301ral. Elle a e\u0301galement re\u0301ite\u0301re\u0301 l&rsquo;impe\u0301ratif pour les E\u0301tats membres de la CEDEAO de s&rsquo;efforcer de satisfaire aux crite\u0300res de convergence, soulignant l&rsquo;importance de cet objectif dans le Programme de coope\u0301ration mone\u0301taire de la CEDEAO \u00bb, conclut le document.<\/p>\n<p><strong>Pour plus d&rsquo;informations et d&rsquo;analyses sur la C\u00f4te d&rsquo;Ivoire, suivez Africa-Press<\/strong><\/p>\n","protected":false},"excerpt":{"rendered":"<p>Africa-Press &#8211; C\u00f4te d&rsquo;Ivoire. En marge des re\u0301unions statutaires de l&rsquo;Agence Mone\u0301taire de l&rsquo;Afrique de l&rsquo;Ouest (WAMA) a\u0300 Dakar au Se\u0301ne\u0301gal, le Commissaire de la CEDEAO charge\u0301 des affaires e\u0301conomiques et de l&rsquo;agriculture, Mme Massandje\u0301 Toure\u0301 \u2013Litse a rendu une visite de courtoisie a\u0300 l&rsquo;honorable ministre de l&rsquo;E\u0301conomie, du Plan et de la Coope\u0301ration de [&hellip;]<\/p>\n","protected":false},"author":82,"featured_media":84632,"comment_status":"open","ping_status":"closed","sticky":false,"template":"","format":"standard","meta":{"footnotes":""},"categories":[3,20,10],"tags":[14328,1150,2600,1744,13354,29,14329],"class_list":["post-84633","post","type-post","status-publish","format-standard","has-post-thumbnail","hentry","category-economie","category-top-nouvelles","category-toutes-les-actualites","tag-abdourahmane-saar","tag-cedeao","tag-commissaire","tag-conseil","tag-convergence","tag-cote-divoire","tag-massandje-toure-litse-2"],"yoast_head":"<!-- This site is optimized with the Yoast SEO Premium plugin v26.1 (Yoast SEO v27.0) - https:\/\/yoast.com\/product\/yoast-seo-premium-wordpress\/ -->\n<title>C\u00f4te d&#039;Ivoire-S\u00e9n\u00e9gal : Massandj\u00e9 Tour\u00e9-Litse sollicite le soutien du ministre S\u00e9n\u00e9galais de l&#039;Economie pour la prochaine r\u00e9union du Conseil de convergence de la CEDEAO - C\u00f4te d&#039;Ivoire<\/title>\n<meta name=\"description\" content=\"En marge des re\u0301unions statutaires de l&#039;Agence Mone\u0301taire de l&#039;Afrique de l&#039;Ouest (WAMA) a\u0300 Dakar au Se\u0301ne\u0301gal, le Commi ...\" \/>\n<meta name=\"robots\" content=\"index, follow, max-snippet:-1, max-image-preview:large, max-video-preview:-1\" \/>\n<link rel=\"canonical\" href=\"https:\/\/www.africa-press.net\/cotedivoire\/economie\/cote-divoire-senegal-massandje-toure-litse-sollicite-le-soutien-du-ministre-senegalais-de-leconomie-pour-la-prochaine-reunion-du-conseil-de-convergence-de-la-cedeao\" \/>\n<meta property=\"og:locale\" content=\"fr_FR\" \/>\n<meta property=\"og:type\" content=\"article\" \/>\n<meta property=\"og:title\" content=\"C\u00f4te d&#039;Ivoire-S\u00e9n\u00e9gal : Massandj\u00e9 Tour\u00e9-Litse sollicite le soutien du ministre S\u00e9n\u00e9galais de l&#039;Economie pour la prochaine r\u00e9union du Conseil de convergence de la CEDEAO\" \/>\n<meta property=\"og:description\" content=\"En marge des re\u0301unions statutaires de l&#039;Agence Mone\u0301taire de l&#039;Afrique de l&#039;Ouest (WAMA) a\u0300 Dakar au Se\u0301ne\u0301gal, le Commi ...\" \/>\n<meta property=\"og:url\" content=\"https:\/\/www.africa-press.net\/cotedivoire\/economie\/cote-divoire-senegal-massandje-toure-litse-sollicite-le-soutien-du-ministre-senegalais-de-leconomie-pour-la-prochaine-reunion-du-conseil-de-convergence-de-la-cedeao\" \/>\n<meta property=\"og:site_name\" content=\"C\u00f4te d&#039;Ivoire\" \/>\n<meta property=\"article:published_time\" content=\"2024-07-30T18:34:41+00:00\" \/>\n<meta property=\"article:modified_time\" content=\"2024-07-30T19:19:37+00:00\" \/>\n<meta property=\"og:image\" content=\"https:\/\/static.africa-press.net\/cote\/sites\/43\/2024\/07\/sm_1722354525.620134.jpg\" \/>\n\t<meta property=\"og:image:width\" content=\"720\" \/>\n\t<meta property=\"og:image:height\" content=\"428\" \/>\n\t<meta property=\"og:image:type\" content=\"image\/jpeg\" \/>\n<meta name=\"author\" content=\"cfeditorfr\" \/>\n<meta name=\"twitter:card\" content=\"summary_large_image\" \/>\n<meta name=\"twitter:label1\" content=\"\u00c9crit par\" \/>\n\t<meta name=\"twitter:data1\" content=\"cfeditorfr\" \/>\n\t<meta name=\"twitter:label2\" content=\"Dur\u00e9e de lecture estim\u00e9e\" \/>\n\t<meta name=\"twitter:data2\" content=\"2 minutes\" \/>\n<script type=\"application\/ld+json\" class=\"yoast-schema-graph\">{\"@context\":\"https:\/\/schema.org\",\"@graph\":[{\"@type\":\"Article\",\"@id\":\"https:\/\/www.africa-press.net\/cotedivoire\/economie\/cote-divoire-senegal-massandje-toure-litse-sollicite-le-soutien-du-ministre-senegalais-de-leconomie-pour-la-prochaine-reunion-du-conseil-de-convergence-de-la-cedeao#article\",\"isPartOf\":{\"@id\":\"https:\/\/www.africa-press.net\/cotedivoire\/economie\/cote-divoire-senegal-massandje-toure-litse-sollicite-le-soutien-du-ministre-senegalais-de-leconomie-pour-la-prochaine-reunion-du-conseil-de-convergence-de-la-cedeao\"},\"author\":{\"name\":\"cfeditorfr\",\"@id\":\"https:\/\/www.africa-press.net\/cotedivoire\/#\/schema\/person\/2b1cf3cd81a31e3cd26889ca66d677f1\"},\"headline\":\"C\u00f4te d&rsquo;Ivoire-S\u00e9n\u00e9gal : Massandj\u00e9 Tour\u00e9-Litse sollicite le soutien du ministre S\u00e9n\u00e9galais de l&rsquo;Economie pour la prochaine r\u00e9union du Conseil de convergence de la CEDEAO\",\"datePublished\":\"2024-07-30T18:34:41+00:00\",\"dateModified\":\"2024-07-30T19:19:37+00:00\",\"mainEntityOfPage\":{\"@id\":\"https:\/\/www.africa-press.net\/cotedivoire\/economie\/cote-divoire-senegal-massandje-toure-litse-sollicite-le-soutien-du-ministre-senegalais-de-leconomie-pour-la-prochaine-reunion-du-conseil-de-convergence-de-la-cedeao\"},\"wordCount\":277,\"commentCount\":0,\"image\":{\"@id\":\"https:\/\/www.africa-press.net\/cotedivoire\/economie\/cote-divoire-senegal-massandje-toure-litse-sollicite-le-soutien-du-ministre-senegalais-de-leconomie-pour-la-prochaine-reunion-du-conseil-de-convergence-de-la-cedeao#primaryimage\"},\"thumbnailUrl\":\"https:\/\/static.africa-press.net\/cote\/sites\/43\/2024\/07\/sm_1722354525.620134.jpg\",\"keywords\":[\"Abdourahmane Saar\",\"CEDEAO\",\"commissaire\",\"Conseil\",\"convergence\",\"C\u00d4TE D'IVOIRE\",\"Massandj\u00e9 Tour\u00e9-Litse\"],\"articleSection\":[\"\u00c9conomie\",\"Top Nouvelles\",\"Toutes les actualit\u00e9s\"],\"inLanguage\":\"fr-FR\",\"potentialAction\":[{\"@type\":\"CommentAction\",\"name\":\"Comment\",\"target\":[\"https:\/\/www.africa-press.net\/cotedivoire\/economie\/cote-divoire-senegal-massandje-toure-litse-sollicite-le-soutien-du-ministre-senegalais-de-leconomie-pour-la-prochaine-reunion-du-conseil-de-convergence-de-la-cedeao#respond\"]}]},{\"@type\":\"WebPage\",\"@id\":\"https:\/\/www.africa-press.net\/cotedivoire\/economie\/cote-divoire-senegal-massandje-toure-litse-sollicite-le-soutien-du-ministre-senegalais-de-leconomie-pour-la-prochaine-reunion-du-conseil-de-convergence-de-la-cedeao\",\"url\":\"https:\/\/www.africa-press.net\/cotedivoire\/economie\/cote-divoire-senegal-massandje-toure-litse-sollicite-le-soutien-du-ministre-senegalais-de-leconomie-pour-la-prochaine-reunion-du-conseil-de-convergence-de-la-cedeao\",\"name\":\"C\u00f4te d'Ivoire-S\u00e9n\u00e9gal : Massandj\u00e9 Tour\u00e9-Litse sollicite le soutien du ministre S\u00e9n\u00e9galais de l'Economie pour la prochaine r\u00e9union du Conseil de convergence de la CEDEAO - C\u00f4te d&#039;Ivoire\",\"isPartOf\":{\"@id\":\"https:\/\/www.africa-press.net\/cotedivoire\/#website\"},\"primaryImageOfPage\":{\"@id\":\"https:\/\/www.africa-press.net\/cotedivoire\/economie\/cote-divoire-senegal-massandje-toure-litse-sollicite-le-soutien-du-ministre-senegalais-de-leconomie-pour-la-prochaine-reunion-du-conseil-de-convergence-de-la-cedeao#primaryimage\"},\"image\":{\"@id\":\"https:\/\/www.africa-press.net\/cotedivoire\/economie\/cote-divoire-senegal-massandje-toure-litse-sollicite-le-soutien-du-ministre-senegalais-de-leconomie-pour-la-prochaine-reunion-du-conseil-de-convergence-de-la-cedeao#primaryimage\"},\"thumbnailUrl\":\"https:\/\/static.africa-press.net\/cote\/sites\/43\/2024\/07\/sm_1722354525.620134.jpg\",\"datePublished\":\"2024-07-30T18:34:41+00:00\",\"dateModified\":\"2024-07-30T19:19:37+00:00\",\"author\":{\"@id\":\"https:\/\/www.africa-press.net\/cotedivoire\/#\/schema\/person\/2b1cf3cd81a31e3cd26889ca66d677f1\"},\"description\":\"En marge des re\u0301unions statutaires de l'Agence Mone\u0301taire de l'Afrique de l'Ouest (WAMA) a\u0300 Dakar au Se\u0301ne\u0301gal, le Commi ...\",\"breadcrumb\":{\"@id\":\"https:\/\/www.africa-press.net\/cotedivoire\/economie\/cote-divoire-senegal-massandje-toure-litse-sollicite-le-soutien-du-ministre-senegalais-de-leconomie-pour-la-prochaine-reunion-du-conseil-de-convergence-de-la-cedeao#breadcrumb\"},\"inLanguage\":\"fr-FR\",\"potentialAction\":[{\"@type\":\"ReadAction\",\"target\":[\"https:\/\/www.africa-press.net\/cotedivoire\/economie\/cote-divoire-senegal-massandje-toure-litse-sollicite-le-soutien-du-ministre-senegalais-de-leconomie-pour-la-prochaine-reunion-du-conseil-de-convergence-de-la-cedeao\"]}]},{\"@type\":\"ImageObject\",\"inLanguage\":\"fr-FR\",\"@id\":\"https:\/\/www.africa-press.net\/cotedivoire\/economie\/cote-divoire-senegal-massandje-toure-litse-sollicite-le-soutien-du-ministre-senegalais-de-leconomie-pour-la-prochaine-reunion-du-conseil-de-convergence-de-la-cedeao#primaryimage\",\"url\":\"https:\/\/static.africa-press.net\/cote\/sites\/43\/2024\/07\/sm_1722354525.620134.jpg\",\"contentUrl\":\"https:\/\/static.africa-press.net\/cote\/sites\/43\/2024\/07\/sm_1722354525.620134.jpg\",\"width\":720,\"height\":428,\"caption\":\"C\u00f4te d'Ivoire-S\u00e9n\u00e9gal : Massandj\u00e9 Tour\u00e9-Litse sollicite le soutien du ministre S\u00e9n\u00e9galais de l'Economie pour la prochaine r\u00e9union du Conseil de convergence de la CEDEAO\"},{\"@type\":\"BreadcrumbList\",\"@id\":\"https:\/\/www.africa-press.net\/cotedivoire\/economie\/cote-divoire-senegal-massandje-toure-litse-sollicite-le-soutien-du-ministre-senegalais-de-leconomie-pour-la-prochaine-reunion-du-conseil-de-convergence-de-la-cedeao#breadcrumb\",\"itemListElement\":[{\"@type\":\"ListItem\",\"position\":1,\"name\":\"Accueil\",\"item\":\"https:\/\/www.africa-press.net\/cotedivoire\/\"},{\"@type\":\"ListItem\",\"position\":2,\"name\":\"C\u00f4te d&#8217;Ivoire-S\u00e9n\u00e9gal : Massandj\u00e9 Tour\u00e9-Litse sollicite le soutien du ministre S\u00e9n\u00e9galais de l&#8217;Economie pour la prochaine r\u00e9union du Conseil de convergence de la CEDEAO\"}]},{\"@type\":\"WebSite\",\"@id\":\"https:\/\/www.africa-press.net\/cotedivoire\/#website\",\"url\":\"https:\/\/www.africa-press.net\/cotedivoire\/\",\"name\":\"C\u00f4te d&#039;Ivoire\",\"description\":\"Just another Africa News Agency Sites site\",\"potentialAction\":[{\"@type\":\"SearchAction\",\"target\":{\"@type\":\"EntryPoint\",\"urlTemplate\":\"https:\/\/www.africa-press.net\/cotedivoire\/?s={search_term_string}\"},\"query-input\":{\"@type\":\"PropertyValueSpecification\",\"valueRequired\":true,\"valueName\":\"search_term_string\"}}],\"inLanguage\":\"fr-FR\"},{\"@type\":\"Person\",\"@id\":\"https:\/\/www.africa-press.net\/cotedivoire\/#\/schema\/person\/2b1cf3cd81a31e3cd26889ca66d677f1\",\"name\":\"cfeditorfr\"}]}<\/script>\n<!-- \/ Yoast SEO Premium plugin. -->","yoast_head_json":{"title":"C\u00f4te d'Ivoire-S\u00e9n\u00e9gal : Massandj\u00e9 Tour\u00e9-Litse sollicite le soutien du ministre S\u00e9n\u00e9galais de l'Economie pour la prochaine r\u00e9union du Conseil de convergence de la CEDEAO - C\u00f4te d&#039;Ivoire","description":"En marge des re\u0301unions statutaires de l'Agence Mone\u0301taire de l'Afrique de l'Ouest (WAMA) a\u0300 Dakar au Se\u0301ne\u0301gal, le Commi ...","robots":{"index":"index","follow":"follow","max-snippet":"max-snippet:-1","max-image-preview":"max-image-preview:large","max-video-preview":"max-video-preview:-1"},"canonical":"https:\/\/www.africa-press.net\/cotedivoire\/economie\/cote-divoire-senegal-massandje-toure-litse-sollicite-le-soutien-du-ministre-senegalais-de-leconomie-pour-la-prochaine-reunion-du-conseil-de-convergence-de-la-cedeao","og_locale":"fr_FR","og_type":"article","og_title":"C\u00f4te d'Ivoire-S\u00e9n\u00e9gal : Massandj\u00e9 Tour\u00e9-Litse sollicite le soutien du ministre S\u00e9n\u00e9galais de l'Economie pour la prochaine r\u00e9union du Conseil de convergence de la CEDEAO","og_description":"En marge des re\u0301unions statutaires de l'Agence Mone\u0301taire de l'Afrique de l'Ouest (WAMA) a\u0300 Dakar au Se\u0301ne\u0301gal, le Commi ...","og_url":"https:\/\/www.africa-press.net\/cotedivoire\/economie\/cote-divoire-senegal-massandje-toure-litse-sollicite-le-soutien-du-ministre-senegalais-de-leconomie-pour-la-prochaine-reunion-du-conseil-de-convergence-de-la-cedeao","og_site_name":"C\u00f4te d&#039;Ivoire","article_published_time":"2024-07-30T18:34:41+00:00","article_modified_time":"2024-07-30T19:19:37+00:00","og_image":[{"width":720,"height":428,"url":"https:\/\/static.africa-press.net\/cote\/sites\/43\/2024\/07\/sm_1722354525.620134.jpg","type":"image\/jpeg"}],"author":"cfeditorfr","twitter_card":"summary_large_image","twitter_misc":{"\u00c9crit par":"cfeditorfr","Dur\u00e9e de lecture estim\u00e9e":"2 minutes"},"schema":{"@context":"https:\/\/schema.org","@graph":[{"@type":"Article","@id":"https:\/\/www.africa-press.net\/cotedivoire\/economie\/cote-divoire-senegal-massandje-toure-litse-sollicite-le-soutien-du-ministre-senegalais-de-leconomie-pour-la-prochaine-reunion-du-conseil-de-convergence-de-la-cedeao#article","isPartOf":{"@id":"https:\/\/www.africa-press.net\/cotedivoire\/economie\/cote-divoire-senegal-massandje-toure-litse-sollicite-le-soutien-du-ministre-senegalais-de-leconomie-pour-la-prochaine-reunion-du-conseil-de-convergence-de-la-cedeao"},"author":{"name":"cfeditorfr","@id":"https:\/\/www.africa-press.net\/cotedivoire\/#\/schema\/person\/2b1cf3cd81a31e3cd26889ca66d677f1"},"headline":"C\u00f4te d&rsquo;Ivoire-S\u00e9n\u00e9gal : Massandj\u00e9 Tour\u00e9-Litse sollicite le soutien du ministre S\u00e9n\u00e9galais de l&rsquo;Economie pour la prochaine r\u00e9union du Conseil de convergence de la CEDEAO","datePublished":"2024-07-30T18:34:41+00:00","dateModified":"2024-07-30T19:19:37+00:00","mainEntityOfPage":{"@id":"https:\/\/www.africa-press.net\/cotedivoire\/economie\/cote-divoire-senegal-massandje-toure-litse-sollicite-le-soutien-du-ministre-senegalais-de-leconomie-pour-la-prochaine-reunion-du-conseil-de-convergence-de-la-cedeao"},"wordCount":277,"commentCount":0,"image":{"@id":"https:\/\/www.africa-press.net\/cotedivoire\/economie\/cote-divoire-senegal-massandje-toure-litse-sollicite-le-soutien-du-ministre-senegalais-de-leconomie-pour-la-prochaine-reunion-du-conseil-de-convergence-de-la-cedeao#primaryimage"},"thumbnailUrl":"https:\/\/static.africa-press.net\/cote\/sites\/43\/2024\/07\/sm_1722354525.620134.jpg","keywords":["Abdourahmane Saar","CEDEAO","commissaire","Conseil","convergence","C\u00d4TE D'IVOIRE","Massandj\u00e9 Tour\u00e9-Litse"],"articleSection":["\u00c9conomie","Top Nouvelles","Toutes les actualit\u00e9s"],"inLanguage":"fr-FR","potentialAction":[{"@type":"CommentAction","name":"Comment","target":["https:\/\/www.africa-press.net\/cotedivoire\/economie\/cote-divoire-senegal-massandje-toure-litse-sollicite-le-soutien-du-ministre-senegalais-de-leconomie-pour-la-prochaine-reunion-du-conseil-de-convergence-de-la-cedeao#respond"]}]},{"@type":"WebPage","@id":"https:\/\/www.africa-press.net\/cotedivoire\/economie\/cote-divoire-senegal-massandje-toure-litse-sollicite-le-soutien-du-ministre-senegalais-de-leconomie-pour-la-prochaine-reunion-du-conseil-de-convergence-de-la-cedeao","url":"https:\/\/www.africa-press.net\/cotedivoire\/economie\/cote-divoire-senegal-massandje-toure-litse-sollicite-le-soutien-du-ministre-senegalais-de-leconomie-pour-la-prochaine-reunion-du-conseil-de-convergence-de-la-cedeao","name":"C\u00f4te d'Ivoire-S\u00e9n\u00e9gal : Massandj\u00e9 Tour\u00e9-Litse sollicite le soutien du ministre S\u00e9n\u00e9galais de l'Economie pour la prochaine r\u00e9union du Conseil de convergence de la CEDEAO - C\u00f4te d&#039;Ivoire","isPartOf":{"@id":"https:\/\/www.africa-press.net\/cotedivoire\/#website"},"primaryImageOfPage":{"@id":"https:\/\/www.africa-press.net\/cotedivoire\/economie\/cote-divoire-senegal-massandje-toure-litse-sollicite-le-soutien-du-ministre-senegalais-de-leconomie-pour-la-prochaine-reunion-du-conseil-de-convergence-de-la-cedeao#primaryimage"},"image":{"@id":"https:\/\/www.africa-press.net\/cotedivoire\/economie\/cote-divoire-senegal-massandje-toure-litse-sollicite-le-soutien-du-ministre-senegalais-de-leconomie-pour-la-prochaine-reunion-du-conseil-de-convergence-de-la-cedeao#primaryimage"},"thumbnailUrl":"https:\/\/static.africa-press.net\/cote\/sites\/43\/2024\/07\/sm_1722354525.620134.jpg","datePublished":"2024-07-30T18:34:41+00:00","dateModified":"2024-07-30T19:19:37+00:00","author":{"@id":"https:\/\/www.africa-press.net\/cotedivoire\/#\/schema\/person\/2b1cf3cd81a31e3cd26889ca66d677f1"},"description":"En marge des re\u0301unions statutaires de l'Agence Mone\u0301taire de l'Afrique de l'Ouest (WAMA) a\u0300 Dakar au Se\u0301ne\u0301gal, le Commi ...","breadcrumb":{"@id":"https:\/\/www.africa-press.net\/cotedivoire\/economie\/cote-divoire-senegal-massandje-toure-litse-sollicite-le-soutien-du-ministre-senegalais-de-leconomie-pour-la-prochaine-reunion-du-conseil-de-convergence-de-la-cedeao#breadcrumb"},"inLanguage":"fr-FR","potentialAction":[{"@type":"ReadAction","target":["https:\/\/www.africa-press.net\/cotedivoire\/economie\/cote-divoire-senegal-massandje-toure-litse-sollicite-le-soutien-du-ministre-senegalais-de-leconomie-pour-la-prochaine-reunion-du-conseil-de-convergence-de-la-cedeao"]}]},{"@type":"ImageObject","inLanguage":"fr-FR","@id":"https:\/\/www.africa-press.net\/cotedivoire\/economie\/cote-divoire-senegal-massandje-toure-litse-sollicite-le-soutien-du-ministre-senegalais-de-leconomie-pour-la-prochaine-reunion-du-conseil-de-convergence-de-la-cedeao#primaryimage","url":"https:\/\/static.africa-press.net\/cote\/sites\/43\/2024\/07\/sm_1722354525.620134.jpg","contentUrl":"https:\/\/static.africa-press.net\/cote\/sites\/43\/2024\/07\/sm_1722354525.620134.jpg","width":720,"height":428,"caption":"C\u00f4te d'Ivoire-S\u00e9n\u00e9gal : Massandj\u00e9 Tour\u00e9-Litse sollicite le soutien du ministre S\u00e9n\u00e9galais de l'Economie pour la prochaine r\u00e9union du Conseil de convergence de la CEDEAO"},{"@type":"BreadcrumbList","@id":"https:\/\/www.africa-press.net\/cotedivoire\/economie\/cote-divoire-senegal-massandje-toure-litse-sollicite-le-soutien-du-ministre-senegalais-de-leconomie-pour-la-prochaine-reunion-du-conseil-de-convergence-de-la-cedeao#breadcrumb","itemListElement":[{"@type":"ListItem","position":1,"name":"Accueil","item":"https:\/\/www.africa-press.net\/cotedivoire\/"},{"@type":"ListItem","position":2,"name":"C\u00f4te d&#8217;Ivoire-S\u00e9n\u00e9gal : Massandj\u00e9 Tour\u00e9-Litse sollicite le soutien du ministre S\u00e9n\u00e9galais de l&#8217;Economie pour la prochaine r\u00e9union du Conseil de convergence de la CEDEAO"}]},{"@type":"WebSite","@id":"https:\/\/www.africa-press.net\/cotedivoire\/#website","url":"https:\/\/www.africa-press.net\/cotedivoire\/","name":"C\u00f4te d&#039;Ivoire","description":"Just another Africa News Agency Sites site","potentialAction":[{"@type":"SearchAction","target":{"@type":"EntryPoint","urlTemplate":"https:\/\/www.africa-press.net\/cotedivoire\/?s={search_term_string}"},"query-input":{"@type":"PropertyValueSpecification","valueRequired":true,"valueName":"search_term_string"}}],"inLanguage":"fr-FR"},{"@type":"Person","@id":"https:\/\/www.africa-press.net\/cotedivoire\/#\/schema\/person\/2b1cf3cd81a31e3cd26889ca66d677f1","name":"cfeditorfr"}]}},"_links":{"self":[{"href":"https:\/\/www.africa-press.net\/cotedivoire\/wp-json\/wp\/v2\/posts\/84633","targetHints":{"allow":["GET"]}}],"collection":[{"href":"https:\/\/www.africa-press.net\/cotedivoire\/wp-json\/wp\/v2\/posts"}],"about":[{"href":"https:\/\/www.africa-press.net\/cotedivoire\/wp-json\/wp\/v2\/types\/post"}],"author":[{"embeddable":true,"href":"https:\/\/www.africa-press.net\/cotedivoire\/wp-json\/wp\/v2\/users\/82"}],"replies":[{"embeddable":true,"href":"https:\/\/www.africa-press.net\/cotedivoire\/wp-json\/wp\/v2\/comments?post=84633"}],"version-history":[{"count":0,"href":"https:\/\/www.africa-press.net\/cotedivoire\/wp-json\/wp\/v2\/posts\/84633\/revisions"}],"wp:featuredmedia":[{"embeddable":true,"href":"https:\/\/www.africa-press.net\/cotedivoire\/wp-json\/wp\/v2\/media\/84632"}],"wp:attachment":[{"href":"https:\/\/www.africa-press.net\/cotedivoire\/wp-json\/wp\/v2\/media?parent=84633"}],"wp:term":[{"taxonomy":"category","embeddable":true,"href":"https:\/\/www.africa-press.net\/cotedivoire\/wp-json\/wp\/v2\/categories?post=84633"},{"taxonomy":"post_tag","embeddable":true,"href":"https:\/\/www.africa-press.net\/cotedivoire\/wp-json\/wp\/v2\/tags?post=84633"}],"curies":[{"name":"wp","href":"https:\/\/api.w.org\/{rel}","templated":true}]}}