{"id":8464,"date":"2021-06-02T11:52:09","date_gmt":"2021-06-02T11:52:09","guid":{"rendered":"https:\/\/www.africa-press.net\/cotedivoire\/?p=8464"},"modified":"2021-06-02T11:33:32","modified_gmt":"2021-06-02T11:33:32","slug":"sommet-de-paris-pour-le-fpi-aucun-plan-de-relancene-peut-prosperer-dans-un-climat-dopacite-economique","status":"publish","type":"post","link":"https:\/\/www.africa-press.net\/cotedivoire\/economie\/sommet-de-paris-pour-le-fpi-aucun-plan-de-relancene-peut-prosperer-dans-un-climat-dopacite-economique","title":{"rendered":"Sommet de Paris: Pour le FPI \u00ab\u00a0aucun plan de relance\u2026ne peut prosp\u00e9rer dans un climat d\u2019opacit\u00e9 \u00e9conomique\u00a0\u00bb"},"content":{"rendered":"<p><span style=\"color: #ff6600\"><strong><a href=\"https:\/\/www.africa-press.net\/\">Africa-Press<\/a> &#8211; <a href=\"https:\/\/www.africa-press.net\/cotedivoire\">C\u00f4te d&rsquo;Ivoire<\/a>. <\/strong><\/span><b>D\u00e9claration du FPI : Sommet du 18 mai, \u00e0 Paris, sur la relance des \u00e9conomies africaines<\/b><\/p>\n<p>Le 18 mai 2021, \u00e0 Paris, Le Pr\u00e9sident fran\u00e7ais, Emmanuel Macron, a organis\u00e9 un sommet mondial pour r\u00e9fl\u00e9chir sur des pistes de relance des \u00e9conomies africaines, s\u00e9v\u00e8rement touch\u00e9es par les effets de la COVID-19. Plus de 30 pays repr\u00e9sent\u00e9s \u00e0 divers niveau et l\u2019ensemble des organisations multilat\u00e9rales de d\u00e9veloppement<br \/>\n\u00e9taient pr\u00e9sents \u00e0 cette assise.<\/p>\n<p>Le sommet a fait les constats suivants :<\/p>\n<p>1- La pand\u00e9mie du COVID-19 a occasionn\u00e9 une s\u00e9v\u00e8re r\u00e9cession en Afrique, apr\u00e8s un quart de si\u00e8cle de croissance continue. Selon la banque mondiale, l\u2019Afrique a subi une r\u00e9cession de 2,6% en 2020, alors que les pr\u00e9visions de croissance \u00e9taient de 4%.<\/p>\n<p>2- Alors que les autres parties du monde ont mis en \u0153uvre de vastes plans de relance par l\u2019utilisation de l\u2019outil mon\u00e9taire et budg\u00e9taire, certains pays africains qui ne disposent pas de ce type d\u2019instruments pourraient \u00eatre laiss\u00e9s pour compte; ce qui accentuerait le foss\u00e9 entre les pays du Nord et du sud.<\/p>\n<p>Au regard de cette situation alarmante, et afin d\u2019aider l\u2019Afrique \u00e0 retrouver le chemin de la croissance, le sommet a propos\u00e9 les mesures suivantes:<\/p>\n<p>1- La lutte contre la pand\u00e9mie<\/p>\n<p>A court terme, il convient de rendre disponible les doses de vaccin en quantit\u00e9s suffisantes, en vue de<br \/>\ncontrecarrer l\u2019expansion de la pand\u00e9mie. En effet, seuls 2% des vaccins administr\u00e9s dans le monde ont b\u00e9n\u00e9fici\u00e9 \u00e0 l\u2019Afrique. A ce jour,<br \/>\nseulement 1,3 % de la population africaine a re\u00e7u une premi\u00e8re dose de vaccin. A moyen et long terme, le sommet recommande de d\u00e9velopper, par des partenariats publics priv\u00e9s, une capacit\u00e9 de production de vaccins en Afrique, gr\u00e2ce notamment \u00e0 la lev\u00e9e des brevets.<\/p>\n<p>2- Le financement de la relance \u00e9conomique.<\/p>\n<p>Le sommet s\u2019est propos\u00e9 de solliciter les grandes nations industrialis\u00e9es, \u00e0 travers les m\u00e9canismes du G20, de l\u2019UE et des institutions internationales de d\u00e9veloppement, des financements en direction des gouvernements africains et \u00e0 encourager le renforcement du r\u00f4le du secteur priv\u00e9.<br \/>\nAu niveau du secteur public, le FMI a estim\u00e9 que le plan de relance des pays africains sur la p\u00e9riode 2021-2025 n\u00e9cessiterait une injection de ressources de pr\u00e8s de 285 milliards de dollar. Le m\u00e9canisme \u00e9voqu\u00e9 pour financer ce plan serait l\u2019utilisation des droits de tirages sp\u00e9ciaux (DTS) du FMI. Gr\u00e2ce \u00e0 une \u00e9mission globale de DTS pour un montant \u00e9quivalent \u00e0 650 milliards de dollar, l\u2019Afrique pourrait b\u00e9n\u00e9ficier de 33 milliards de dollar acquis automatiquement, relativement \u00e0 sa quote-part au FMI. La diff\u00e9rence serait combl\u00e9e par la r\u00e9trocession \u00e0 l\u2019Afrique, des parts de certains pays industrialis\u00e9s. Le sommet r\u00e9it\u00e8re le r\u00f4le du secteur priv\u00e9 comme le moteur principal de la croissance \u00e9conomique et la cr\u00e9ation d\u2019emplois. Il enjoint donc \u00e0 toutes les institutions sp\u00e9cialis\u00e9es comme la SFI, l\u2019AFD, la BAD, la BERD, et biens d\u2019autres organismes \u00e0 d\u00e9velopper des m\u00e9canismes appropri\u00e9s pour favoriser l\u2019acc\u00e8s au financement, le renforcement des capacit\u00e9s des entreprises africaines, notamment les petites et moyennes entreprises,<br \/>\nsurtout les projets port\u00e9s par les femmes, les jeunes et dans les secteurs du num\u00e9rique et de l\u2019environnement.<\/p>\n<p>Les mesures annonc\u00e9es t\u00e9moignent de la n\u00e9cessit\u00e9 d\u2019une solidarit\u00e9 interplan\u00e9taire pour vaincre la pand\u00e9mie. En effet, avec l\u2019interp\u00e9n\u00e9tration des \u00e9conomies en cette \u00e8re de mondialisation, nul ne peut se pr\u00e9valoir d\u2019avoir vaincu la pand\u00e9mie s\u2019il subsiste des poches de contamination \u00e0 quelques endroits que ce soit de la plan\u00e8te. Les mesures sanitaires propos\u00e9es sont donc \u00e0 saluer et le FPI encourage toute la population ivoirienne \u00e0 se faire vacciner. La r\u00e9alit\u00e9 du sous-financement de l\u2019\u00e9conomie africaine s\u2019impose \u00e0 tous. M\u00eame si les instruments \u00e9voqu\u00e9s sont source d\u2019espoir, il est \u00e0 remarquer que leur mise en \u0153uvre ne fait l\u2019objet ni d\u2019un calendrier pr\u00e9cis ni d\u2019engagement formel des pays industrialis\u00e9s \u00e0 s\u2019y conformer. Par ailleurs, le sommet n\u2019a pas fait l\u2019\u00e9tat des lieux des diverses avanc\u00e9es faites aux gouvernements africains, lors de l\u2019\u00e9clatement de la pand\u00e9mie. Quel usage en a \u00e9t\u00e9 fait ?, Quelles sont les le\u00e7ons apprises ? Inviter simplement les gouvernements \u00e0 utiliser les futurs d\u00e9caissements avec plus de transparence ne peut suffire.<\/p>\n<p>En tout \u00e9tat de cause, le FPI estime qu\u2019un plan de relance \u00e9conomique, f\u00fbt-il le plus cons\u00e9quemment dot\u00e9, ne peut prosp\u00e9rer dans un climat d\u2019opacit\u00e9 \u00e9conomique.<\/p>\n<p>Il sugg\u00e8re donc aux initiateurs du sommet de faire l\u2019\u00e9tat des lieux de la distribution des ressources ant\u00e9rieures, des all\u00e9gements de la dette et impliquer toutes les forces de la nation dans la mod\u00e9lisation des futurs m\u00e9canismes financiers.<\/p>\n<p>Fait \u00e0 Abidjan, le 31 mai 2021<br \/>\nLe Secr\u00e9taire G\u00e9n\u00e9ral et Porte-parole<\/p>\n","protected":false},"excerpt":{"rendered":"<p>Africa-Press &#8211; C\u00f4te d&rsquo;Ivoire. D\u00e9claration du FPI : Sommet du 18 mai, \u00e0 Paris, sur la relance des \u00e9conomies africaines Le 18 mai 2021, \u00e0 Paris, Le Pr\u00e9sident fran\u00e7ais, Emmanuel Macron, a organis\u00e9 un sommet mondial pour r\u00e9fl\u00e9chir sur des pistes de relance des \u00e9conomies africaines, s\u00e9v\u00e8rement touch\u00e9es par les effets de la COVID-19. Plus [&hellip;]<\/p>\n","protected":false},"author":82,"featured_media":8463,"comment_status":"open","ping_status":"closed","sticky":false,"template":"","format":"standard","meta":{"footnotes":""},"categories":[3,11,10],"tags":[56,63,29],"class_list":["post-8464","post","type-post","status-publish","format-standard","has-post-thumbnail","hentry","category-economie","category-homepage-french","category-toutes-les-actualites","tag-africa-press","tag-africa-press-cote-divoire","tag-cote-divoire"],"yoast_head":"<!-- This site is optimized with the Yoast SEO Premium plugin v26.1 (Yoast SEO v27.0) - https:\/\/yoast.com\/product\/yoast-seo-premium-wordpress\/ -->\n<title>Sommet de Paris: Pour le FPI \u00ab\u00a0aucun plan de relance\u2026ne peut prosp\u00e9rer dans un climat d\u2019opacit\u00e9 \u00e9conomique\u00a0\u00bb - C\u00f4te d&#039;Ivoire<\/title>\n<meta name=\"description\" content=\"D\u00e9claration du FPI : Sommet du 18 mai, \u00e0 Paris, sur la relance des \u00e9conomies africaines Le 18 mai 2021, \u00e0 Paris, ...\" \/>\n<meta name=\"robots\" content=\"index, follow, max-snippet:-1, max-image-preview:large, max-video-preview:-1\" \/>\n<link rel=\"canonical\" href=\"https:\/\/www.africa-press.net\/cotedivoire\/economie\/sommet-de-paris-pour-le-fpi-aucun-plan-de-relancene-peut-prosperer-dans-un-climat-dopacite-economique\" \/>\n<meta property=\"og:locale\" content=\"fr_FR\" \/>\n<meta property=\"og:type\" content=\"article\" \/>\n<meta property=\"og:title\" content=\"Sommet de Paris: Pour le FPI \u00ab\u00a0aucun plan de relance\u2026ne peut prosp\u00e9rer dans un climat d\u2019opacit\u00e9 \u00e9conomique\u00a0\u00bb\" \/>\n<meta property=\"og:description\" content=\"D\u00e9claration du FPI : Sommet du 18 mai, \u00e0 Paris, sur la relance des \u00e9conomies africaines Le 18 mai 2021, \u00e0 Paris, ...\" \/>\n<meta property=\"og:url\" content=\"https:\/\/www.africa-press.net\/cotedivoire\/economie\/sommet-de-paris-pour-le-fpi-aucun-plan-de-relancene-peut-prosperer-dans-un-climat-dopacite-economique\" \/>\n<meta property=\"og:site_name\" content=\"C\u00f4te d&#039;Ivoire\" \/>\n<meta property=\"article:published_time\" content=\"2021-06-02T11:52:09+00:00\" \/>\n<meta property=\"og:image\" content=\"https:\/\/static.africa-press.net\/cote\/sites\/43\/2021\/06\/img-60b76c667b932.jpg\" \/>\n\t<meta property=\"og:image:width\" content=\"720\" \/>\n\t<meta property=\"og:image:height\" content=\"724\" \/>\n\t<meta property=\"og:image:type\" content=\"image\/jpeg\" \/>\n<meta name=\"author\" content=\"cfeditorfr\" \/>\n<meta name=\"twitter:card\" content=\"summary_large_image\" \/>\n<meta name=\"twitter:label1\" content=\"\u00c9crit par\" \/>\n\t<meta name=\"twitter:data1\" content=\"cfeditorfr\" \/>\n\t<meta name=\"twitter:label2\" content=\"Dur\u00e9e de lecture estim\u00e9e\" \/>\n\t<meta name=\"twitter:data2\" content=\"4 minutes\" \/>\n<script type=\"application\/ld+json\" class=\"yoast-schema-graph\">{\"@context\":\"https:\/\/schema.org\",\"@graph\":[{\"@type\":\"Article\",\"@id\":\"https:\/\/www.africa-press.net\/cotedivoire\/economie\/sommet-de-paris-pour-le-fpi-aucun-plan-de-relancene-peut-prosperer-dans-un-climat-dopacite-economique#article\",\"isPartOf\":{\"@id\":\"https:\/\/www.africa-press.net\/cotedivoire\/economie\/sommet-de-paris-pour-le-fpi-aucun-plan-de-relancene-peut-prosperer-dans-un-climat-dopacite-economique\"},\"author\":{\"name\":\"cfeditorfr\",\"@id\":\"https:\/\/www.africa-press.net\/cotedivoire\/#\/schema\/person\/2b1cf3cd81a31e3cd26889ca66d677f1\"},\"headline\":\"Sommet de Paris: Pour le FPI \u00ab\u00a0aucun plan de relance\u2026ne peut prosp\u00e9rer dans un climat d\u2019opacit\u00e9 \u00e9conomique\u00a0\u00bb\",\"datePublished\":\"2021-06-02T11:52:09+00:00\",\"mainEntityOfPage\":{\"@id\":\"https:\/\/www.africa-press.net\/cotedivoire\/economie\/sommet-de-paris-pour-le-fpi-aucun-plan-de-relancene-peut-prosperer-dans-un-climat-dopacite-economique\"},\"wordCount\":869,\"commentCount\":0,\"image\":{\"@id\":\"https:\/\/www.africa-press.net\/cotedivoire\/economie\/sommet-de-paris-pour-le-fpi-aucun-plan-de-relancene-peut-prosperer-dans-un-climat-dopacite-economique#primaryimage\"},\"thumbnailUrl\":\"https:\/\/static.africa-press.net\/cote\/sites\/43\/2021\/06\/img-60b76c667b932.jpg\",\"keywords\":[\"Africa Press\",\"Africa Press-C\u00f4te d'Ivoire\",\"C\u00d4TE D'IVOIRE\"],\"articleSection\":[\"\u00c9conomie\",\"homepage-french\",\"Toutes les actualit\u00e9s\"],\"inLanguage\":\"fr-FR\",\"potentialAction\":[{\"@type\":\"CommentAction\",\"name\":\"Comment\",\"target\":[\"https:\/\/www.africa-press.net\/cotedivoire\/economie\/sommet-de-paris-pour-le-fpi-aucun-plan-de-relancene-peut-prosperer-dans-un-climat-dopacite-economique#respond\"]}]},{\"@type\":\"WebPage\",\"@id\":\"https:\/\/www.africa-press.net\/cotedivoire\/economie\/sommet-de-paris-pour-le-fpi-aucun-plan-de-relancene-peut-prosperer-dans-un-climat-dopacite-economique\",\"url\":\"https:\/\/www.africa-press.net\/cotedivoire\/economie\/sommet-de-paris-pour-le-fpi-aucun-plan-de-relancene-peut-prosperer-dans-un-climat-dopacite-economique\",\"name\":\"Sommet de Paris: Pour le FPI \u00ab\u00a0aucun plan de relance\u2026ne peut prosp\u00e9rer dans un climat d\u2019opacit\u00e9 \u00e9conomique\u00a0\u00bb - C\u00f4te d&#039;Ivoire\",\"isPartOf\":{\"@id\":\"https:\/\/www.africa-press.net\/cotedivoire\/#website\"},\"primaryImageOfPage\":{\"@id\":\"https:\/\/www.africa-press.net\/cotedivoire\/economie\/sommet-de-paris-pour-le-fpi-aucun-plan-de-relancene-peut-prosperer-dans-un-climat-dopacite-economique#primaryimage\"},\"image\":{\"@id\":\"https:\/\/www.africa-press.net\/cotedivoire\/economie\/sommet-de-paris-pour-le-fpi-aucun-plan-de-relancene-peut-prosperer-dans-un-climat-dopacite-economique#primaryimage\"},\"thumbnailUrl\":\"https:\/\/static.africa-press.net\/cote\/sites\/43\/2021\/06\/img-60b76c667b932.jpg\",\"datePublished\":\"2021-06-02T11:52:09+00:00\",\"author\":{\"@id\":\"https:\/\/www.africa-press.net\/cotedivoire\/#\/schema\/person\/2b1cf3cd81a31e3cd26889ca66d677f1\"},\"description\":\"D\u00e9claration du FPI : Sommet du 18 mai, \u00e0 Paris, sur la relance des \u00e9conomies africaines Le 18 mai 2021, \u00e0 Paris, ...\",\"breadcrumb\":{\"@id\":\"https:\/\/www.africa-press.net\/cotedivoire\/economie\/sommet-de-paris-pour-le-fpi-aucun-plan-de-relancene-peut-prosperer-dans-un-climat-dopacite-economique#breadcrumb\"},\"inLanguage\":\"fr-FR\",\"potentialAction\":[{\"@type\":\"ReadAction\",\"target\":[\"https:\/\/www.africa-press.net\/cotedivoire\/economie\/sommet-de-paris-pour-le-fpi-aucun-plan-de-relancene-peut-prosperer-dans-un-climat-dopacite-economique\"]}]},{\"@type\":\"ImageObject\",\"inLanguage\":\"fr-FR\",\"@id\":\"https:\/\/www.africa-press.net\/cotedivoire\/economie\/sommet-de-paris-pour-le-fpi-aucun-plan-de-relancene-peut-prosperer-dans-un-climat-dopacite-economique#primaryimage\",\"url\":\"https:\/\/static.africa-press.net\/cote\/sites\/43\/2021\/06\/img-60b76c667b932.jpg\",\"contentUrl\":\"https:\/\/static.africa-press.net\/cote\/sites\/43\/2021\/06\/img-60b76c667b932.jpg\",\"width\":720,\"height\":724,\"caption\":\"Sommet de Paris: Pour le FPI \u00ab\u00a0aucun plan de relance\u2026ne peut prosp\u00e9rer dans un climat d\u2019opacit\u00e9 \u00e9conomique\u00a0\u00bb\"},{\"@type\":\"BreadcrumbList\",\"@id\":\"https:\/\/www.africa-press.net\/cotedivoire\/economie\/sommet-de-paris-pour-le-fpi-aucun-plan-de-relancene-peut-prosperer-dans-un-climat-dopacite-economique#breadcrumb\",\"itemListElement\":[{\"@type\":\"ListItem\",\"position\":1,\"name\":\"Accueil\",\"item\":\"https:\/\/www.africa-press.net\/cotedivoire\/\"},{\"@type\":\"ListItem\",\"position\":2,\"name\":\"Sommet de Paris: Pour le FPI \u00ab\u00a0aucun plan de relance\u2026ne peut prosp\u00e9rer dans un climat d\u2019opacit\u00e9 \u00e9conomique\u00a0\u00bb\"}]},{\"@type\":\"WebSite\",\"@id\":\"https:\/\/www.africa-press.net\/cotedivoire\/#website\",\"url\":\"https:\/\/www.africa-press.net\/cotedivoire\/\",\"name\":\"C\u00f4te d&#039;Ivoire\",\"description\":\"Just another Africa News Agency Sites site\",\"potentialAction\":[{\"@type\":\"SearchAction\",\"target\":{\"@type\":\"EntryPoint\",\"urlTemplate\":\"https:\/\/www.africa-press.net\/cotedivoire\/?s={search_term_string}\"},\"query-input\":{\"@type\":\"PropertyValueSpecification\",\"valueRequired\":true,\"valueName\":\"search_term_string\"}}],\"inLanguage\":\"fr-FR\"},{\"@type\":\"Person\",\"@id\":\"https:\/\/www.africa-press.net\/cotedivoire\/#\/schema\/person\/2b1cf3cd81a31e3cd26889ca66d677f1\",\"name\":\"cfeditorfr\"}]}<\/script>\n<!-- \/ Yoast SEO Premium plugin. -->","yoast_head_json":{"title":"Sommet de Paris: Pour le FPI \u00ab\u00a0aucun plan de relance\u2026ne peut prosp\u00e9rer dans un climat d\u2019opacit\u00e9 \u00e9conomique\u00a0\u00bb - C\u00f4te d&#039;Ivoire","description":"D\u00e9claration du FPI : Sommet du 18 mai, \u00e0 Paris, sur la relance des \u00e9conomies africaines Le 18 mai 2021, \u00e0 Paris, ...","robots":{"index":"index","follow":"follow","max-snippet":"max-snippet:-1","max-image-preview":"max-image-preview:large","max-video-preview":"max-video-preview:-1"},"canonical":"https:\/\/www.africa-press.net\/cotedivoire\/economie\/sommet-de-paris-pour-le-fpi-aucun-plan-de-relancene-peut-prosperer-dans-un-climat-dopacite-economique","og_locale":"fr_FR","og_type":"article","og_title":"Sommet de Paris: Pour le FPI \u00ab\u00a0aucun plan de relance\u2026ne peut prosp\u00e9rer dans un climat d\u2019opacit\u00e9 \u00e9conomique\u00a0\u00bb","og_description":"D\u00e9claration du FPI : Sommet du 18 mai, \u00e0 Paris, sur la relance des \u00e9conomies africaines Le 18 mai 2021, \u00e0 Paris, ...","og_url":"https:\/\/www.africa-press.net\/cotedivoire\/economie\/sommet-de-paris-pour-le-fpi-aucun-plan-de-relancene-peut-prosperer-dans-un-climat-dopacite-economique","og_site_name":"C\u00f4te d&#039;Ivoire","article_published_time":"2021-06-02T11:52:09+00:00","og_image":[{"width":720,"height":724,"url":"https:\/\/static.africa-press.net\/cote\/sites\/43\/2021\/06\/img-60b76c667b932.jpg","type":"image\/jpeg"}],"author":"cfeditorfr","twitter_card":"summary_large_image","twitter_misc":{"\u00c9crit par":"cfeditorfr","Dur\u00e9e de lecture estim\u00e9e":"4 minutes"},"schema":{"@context":"https:\/\/schema.org","@graph":[{"@type":"Article","@id":"https:\/\/www.africa-press.net\/cotedivoire\/economie\/sommet-de-paris-pour-le-fpi-aucun-plan-de-relancene-peut-prosperer-dans-un-climat-dopacite-economique#article","isPartOf":{"@id":"https:\/\/www.africa-press.net\/cotedivoire\/economie\/sommet-de-paris-pour-le-fpi-aucun-plan-de-relancene-peut-prosperer-dans-un-climat-dopacite-economique"},"author":{"name":"cfeditorfr","@id":"https:\/\/www.africa-press.net\/cotedivoire\/#\/schema\/person\/2b1cf3cd81a31e3cd26889ca66d677f1"},"headline":"Sommet de Paris: Pour le FPI \u00ab\u00a0aucun plan de relance\u2026ne peut prosp\u00e9rer dans un climat d\u2019opacit\u00e9 \u00e9conomique\u00a0\u00bb","datePublished":"2021-06-02T11:52:09+00:00","mainEntityOfPage":{"@id":"https:\/\/www.africa-press.net\/cotedivoire\/economie\/sommet-de-paris-pour-le-fpi-aucun-plan-de-relancene-peut-prosperer-dans-un-climat-dopacite-economique"},"wordCount":869,"commentCount":0,"image":{"@id":"https:\/\/www.africa-press.net\/cotedivoire\/economie\/sommet-de-paris-pour-le-fpi-aucun-plan-de-relancene-peut-prosperer-dans-un-climat-dopacite-economique#primaryimage"},"thumbnailUrl":"https:\/\/static.africa-press.net\/cote\/sites\/43\/2021\/06\/img-60b76c667b932.jpg","keywords":["Africa Press","Africa Press-C\u00f4te d'Ivoire","C\u00d4TE D'IVOIRE"],"articleSection":["\u00c9conomie","homepage-french","Toutes les actualit\u00e9s"],"inLanguage":"fr-FR","potentialAction":[{"@type":"CommentAction","name":"Comment","target":["https:\/\/www.africa-press.net\/cotedivoire\/economie\/sommet-de-paris-pour-le-fpi-aucun-plan-de-relancene-peut-prosperer-dans-un-climat-dopacite-economique#respond"]}]},{"@type":"WebPage","@id":"https:\/\/www.africa-press.net\/cotedivoire\/economie\/sommet-de-paris-pour-le-fpi-aucun-plan-de-relancene-peut-prosperer-dans-un-climat-dopacite-economique","url":"https:\/\/www.africa-press.net\/cotedivoire\/economie\/sommet-de-paris-pour-le-fpi-aucun-plan-de-relancene-peut-prosperer-dans-un-climat-dopacite-economique","name":"Sommet de Paris: Pour le FPI \u00ab\u00a0aucun plan de relance\u2026ne peut prosp\u00e9rer dans un climat d\u2019opacit\u00e9 \u00e9conomique\u00a0\u00bb - C\u00f4te d&#039;Ivoire","isPartOf":{"@id":"https:\/\/www.africa-press.net\/cotedivoire\/#website"},"primaryImageOfPage":{"@id":"https:\/\/www.africa-press.net\/cotedivoire\/economie\/sommet-de-paris-pour-le-fpi-aucun-plan-de-relancene-peut-prosperer-dans-un-climat-dopacite-economique#primaryimage"},"image":{"@id":"https:\/\/www.africa-press.net\/cotedivoire\/economie\/sommet-de-paris-pour-le-fpi-aucun-plan-de-relancene-peut-prosperer-dans-un-climat-dopacite-economique#primaryimage"},"thumbnailUrl":"https:\/\/static.africa-press.net\/cote\/sites\/43\/2021\/06\/img-60b76c667b932.jpg","datePublished":"2021-06-02T11:52:09+00:00","author":{"@id":"https:\/\/www.africa-press.net\/cotedivoire\/#\/schema\/person\/2b1cf3cd81a31e3cd26889ca66d677f1"},"description":"D\u00e9claration du FPI : Sommet du 18 mai, \u00e0 Paris, sur la relance des \u00e9conomies africaines Le 18 mai 2021, \u00e0 Paris, ...","breadcrumb":{"@id":"https:\/\/www.africa-press.net\/cotedivoire\/economie\/sommet-de-paris-pour-le-fpi-aucun-plan-de-relancene-peut-prosperer-dans-un-climat-dopacite-economique#breadcrumb"},"inLanguage":"fr-FR","potentialAction":[{"@type":"ReadAction","target":["https:\/\/www.africa-press.net\/cotedivoire\/economie\/sommet-de-paris-pour-le-fpi-aucun-plan-de-relancene-peut-prosperer-dans-un-climat-dopacite-economique"]}]},{"@type":"ImageObject","inLanguage":"fr-FR","@id":"https:\/\/www.africa-press.net\/cotedivoire\/economie\/sommet-de-paris-pour-le-fpi-aucun-plan-de-relancene-peut-prosperer-dans-un-climat-dopacite-economique#primaryimage","url":"https:\/\/static.africa-press.net\/cote\/sites\/43\/2021\/06\/img-60b76c667b932.jpg","contentUrl":"https:\/\/static.africa-press.net\/cote\/sites\/43\/2021\/06\/img-60b76c667b932.jpg","width":720,"height":724,"caption":"Sommet de Paris: Pour le FPI \u00ab\u00a0aucun plan de relance\u2026ne peut prosp\u00e9rer dans un climat d\u2019opacit\u00e9 \u00e9conomique\u00a0\u00bb"},{"@type":"BreadcrumbList","@id":"https:\/\/www.africa-press.net\/cotedivoire\/economie\/sommet-de-paris-pour-le-fpi-aucun-plan-de-relancene-peut-prosperer-dans-un-climat-dopacite-economique#breadcrumb","itemListElement":[{"@type":"ListItem","position":1,"name":"Accueil","item":"https:\/\/www.africa-press.net\/cotedivoire\/"},{"@type":"ListItem","position":2,"name":"Sommet de Paris: Pour le FPI \u00ab\u00a0aucun plan de relance\u2026ne peut prosp\u00e9rer dans un climat d\u2019opacit\u00e9 \u00e9conomique\u00a0\u00bb"}]},{"@type":"WebSite","@id":"https:\/\/www.africa-press.net\/cotedivoire\/#website","url":"https:\/\/www.africa-press.net\/cotedivoire\/","name":"C\u00f4te d&#039;Ivoire","description":"Just another Africa News Agency Sites site","potentialAction":[{"@type":"SearchAction","target":{"@type":"EntryPoint","urlTemplate":"https:\/\/www.africa-press.net\/cotedivoire\/?s={search_term_string}"},"query-input":{"@type":"PropertyValueSpecification","valueRequired":true,"valueName":"search_term_string"}}],"inLanguage":"fr-FR"},{"@type":"Person","@id":"https:\/\/www.africa-press.net\/cotedivoire\/#\/schema\/person\/2b1cf3cd81a31e3cd26889ca66d677f1","name":"cfeditorfr"}]}},"_links":{"self":[{"href":"https:\/\/www.africa-press.net\/cotedivoire\/wp-json\/wp\/v2\/posts\/8464","targetHints":{"allow":["GET"]}}],"collection":[{"href":"https:\/\/www.africa-press.net\/cotedivoire\/wp-json\/wp\/v2\/posts"}],"about":[{"href":"https:\/\/www.africa-press.net\/cotedivoire\/wp-json\/wp\/v2\/types\/post"}],"author":[{"embeddable":true,"href":"https:\/\/www.africa-press.net\/cotedivoire\/wp-json\/wp\/v2\/users\/82"}],"replies":[{"embeddable":true,"href":"https:\/\/www.africa-press.net\/cotedivoire\/wp-json\/wp\/v2\/comments?post=8464"}],"version-history":[{"count":0,"href":"https:\/\/www.africa-press.net\/cotedivoire\/wp-json\/wp\/v2\/posts\/8464\/revisions"}],"wp:featuredmedia":[{"embeddable":true,"href":"https:\/\/www.africa-press.net\/cotedivoire\/wp-json\/wp\/v2\/media\/8463"}],"wp:attachment":[{"href":"https:\/\/www.africa-press.net\/cotedivoire\/wp-json\/wp\/v2\/media?parent=8464"}],"wp:term":[{"taxonomy":"category","embeddable":true,"href":"https:\/\/www.africa-press.net\/cotedivoire\/wp-json\/wp\/v2\/categories?post=8464"},{"taxonomy":"post_tag","embeddable":true,"href":"https:\/\/www.africa-press.net\/cotedivoire\/wp-json\/wp\/v2\/tags?post=8464"}],"curies":[{"name":"wp","href":"https:\/\/api.w.org\/{rel}","templated":true}]}}