{"id":84739,"date":"2024-08-01T17:57:12","date_gmt":"2024-08-01T17:57:12","guid":{"rendered":"https:\/\/www.africa-press.net\/cotedivoire\/politique\/le-rhdp-a-propos-de-ouattara-nous-avons-a-la-tete-de-notre-pays-un-champion-du-social-qui-marche-dans-les-pas-et-sur-les-traces-de-felix-houphouet-boigny"},"modified":"2024-08-01T18:23:54","modified_gmt":"2024-08-01T18:23:54","slug":"le-rhdp-a-propos-de-ouattara-nous-avons-a-la-tete-de-notre-pays-un-champion-du-social-qui-marche-dans-les-pas-et-sur-les-traces-de-felix-houphouet-boigny","status":"publish","type":"post","link":"https:\/\/www.africa-press.net\/cotedivoire\/politique\/le-rhdp-a-propos-de-ouattara-nous-avons-a-la-tete-de-notre-pays-un-champion-du-social-qui-marche-dans-les-pas-et-sur-les-traces-de-felix-houphouet-boigny","title":{"rendered":"Le RHDP \u00e0 propos de Ouattara : \u00ab Nous avons \u00e0 la t\u00eate de notre pays, un champion du social qui marche dans les pas et sur les traces de F\u00e9lix Houphou\u00ebt-Boigny \u00bb"},"content":{"rendered":"<p><span style=\"color: #ff6600\"><strong>Africa-Press &#8211; C\u00f4te d&rsquo;Ivoire. <\/strong><\/span>La 3e\u0300 tribune \u201c Les Rendez-vous du RHDP \u201d, qui s\u2019est tenue ce mercredi 31 juillet 2024 au sie\u0300ge dudit parti sis a\u0300 la Rue Lepic a\u0300 Cocody, a eu pour the\u0300me: \u201c La politique sociale du gouvernement RHDP, un reme\u0300de efficace dans la lutte contre la pauvrete\u0301 et la cherte\u0301 de la vie\u201d. Ce rendez-vous avec les me\u0301dias, a e\u0301te\u0301 l\u2019occasion pour le porte-parole du RHDP Kobenan Kouassi Adjoumani, de faire le point sur la politique sociale du gouvernement depuis l\u2019accession au pouvoir du chef de l\u2019E\u0301tat, Alassane Ouattara en mai 2011, jusqu\u2019a\u0300 ce jour\u201d.<\/p>\n<p>Il a d\u2019entre\u0301e, pre\u0301sente\u0301 la situation sociale dans laquelle e\u0301tait plonge\u0301e la Co\u0302te d\u2019Ivoire en mai 2011. \u201c Le pre\u0301sident Alassane Ouattara a he\u0301rite\u0301 en mai 2011, d\u2019un pays totalement de\u0301figure\u0301 et affaisse\u0301 a\u0300 tous les niveaux, avec une e\u0301conomie en lambeau, des infrastructures en ruine ou fortement de\u0301grade\u0301e, une situation se\u0301curitaire alarmante, l\u2019e\u0301cole et la sante\u0301 a\u0300 genou. Bref, une Cote d\u2019Ivoire ou\u0300 tout e\u0301tait a\u0300 refaire et a\u0300 faire\u201d, a pre\u0301sente\u0301 Kobenan Kouassi Adjoumani.<\/p>\n<p>Pour le porte-parole, malgre\u0301 cette situation difficile, le pre\u0301sident de la re\u0301publique Alassane Ouattara a montre\u0301 qu\u2019il est un grand architecte, un vrai mac\u0327on qui a montre\u0301 sa capacite\u0301 au pied du mur. \u201c Le pre\u0301sident Alassane Ouattara s\u2019est re\u0301ve\u0301le\u0301 comme e\u0301tant un mac\u0327on de classe mondiale, un architecte chevronne\u0301, un ba\u0302tisseur d\u2019exception\u201d, a-t-il vante\u0301 les me\u0301rites du pre\u0301sident du RHDP.<\/p>\n<p>Sur le volet social, Kobenan Kouassi Adjoumani a indique\u0301 qu\u2019Alassane Ouattara, bien qu\u2019ayant fait le choix du libe\u0301ralisme, a mene\u0301 a\u0300 la te\u0302te de l\u2019E\u0301tat, l\u2019une des politiques sociales les plus hardies en se servant d\u2019instruments et d\u2019outils capables de toucher le plus grand nombre de ses concitoyens. Il a en guise d\u2019illustration, cite\u0301 les programmes sociaux de gouvernement (Psgouv 1 et 2), la revalorisation des salaires des fonctionnaires et agents de l\u2019E\u0301tat, la CMU, les filets sociaux etc.<\/p>\n<p>\u201c S\u2019agissant des Psgouv 1 et 2, il faut rappeler que ces programmes re\u0301sultent de la vision du pre\u0301sident de la re\u0301publique en matie\u0300re de lutte contre la pauvrete\u0301 pour l\u2019ave\u0300nement d\u2019une Co\u0302te d\u2019Ivoire plus solidaire. Le Psgouv vise a\u0300 partager les fruits de la croissance e\u0301conomique, gra\u0302ce a\u0300 des actions bien cible\u0301es retenues au terme d\u2019un processus participatif de conception, en un acte de mise en \u0153uvre et de suivi qui garantit l\u2019efficacite\u0301 et un impact significatif sur le be\u0301ne\u0301ficiaire final\u201d, a-t-il indique\u0301.<\/p>\n<p>A titre d\u2019exemple, le ministre d\u2019E\u0301tat, ministre de l\u2019agriculture, du de\u0301veloppement rural et de la production vivrie\u0300re, porte-parole du RHDP, a e\u0301voque\u0301 le Psgouv 1 d\u2019un montant de 3 mille 200 milliards de fcfa qui couvre la pe\u0301riode 2022 a\u0300 fin 2024. \u201c Ce programme a permis de\u0301ja\u0300 a\u0300 fin avril 2024, de re\u0301aliser dans le domaine de l\u2019e\u0301ducation, 83 colle\u0300ges de proximite\u0301, la distribution de pre\u0300s de 10 millions de kits scolaires, plus de 5 millions de manuels scolaires, et 220 mille table-bancs. Au titre de l\u2019emploi des jeunes, entre 2012 et 2019, le nombre d\u2019emplois cre\u0301e\u0301s, est passe\u0301 a\u0300 plus de 2. 800.000. Sur la pe\u0301riode 2020 a\u0300 2022, l\u2019on a enregistre\u0301 717. 307 be\u0301ne\u0301ficiaires d\u2019opportunite\u0301s dans le cadre des programmes d\u2019insertion professionnelle. Au titre de l\u2019acce\u0300s a\u0300 l\u2019e\u0301lectricite\u0301, 1694 localite\u0301s ont e\u0301te\u0301 e\u0301lectrifie\u0301es, 612.594 branchements faits et pre\u0300s de 4 millions de me\u0301nages ont be\u0301ne\u0301ficie\u0301 de la baisse du tarif social\u201d, a e\u0301nume\u0301re\u0301 Adjoumani.<\/p>\n<p>Dans le secteur de la sante\u0301, le RHDP s\u2019est appuye\u0301 sur quelques indications pour permettre aux uns et aux autres, de mieux cerner ce qui a e\u0301te\u0301 fait. \u201c En matie\u0300re de construction d\u2019e\u0301tablissements sanitaires de premiers contacts, de 1960 a\u0300 2011, la Co\u0302te d\u2019Ivoire en comptait 1910. De 2011 a\u0300 2024, le pre\u0301sident de la re\u0301publique en a fait construire 936 supple\u0301mentaires, soit plus de 49% de ce qui a e\u0301te\u0301 fait en 51 ans. S\u2019agissant des CHR et ho\u0302pitaux ge\u0301ne\u0301raux, l\u2019on en de\u0301nombrait 83 jusqu\u2019en 2011. De 2011 a\u0300 2024, 19 nouveaux ont e\u0301te\u0301 construits. En outre, le taux d\u2019acce\u0300s des populations a\u0300 un centre de sante\u0301 situe\u0301 a\u0300 moins de 5 kms, est passe\u0301 de 44% en 2011 a\u0300 72% en 2024. L\u2019ensemble des de\u0301penses sur la pe\u0301riode 2015-2023, se chiffre a\u0300 23 mille 128 milliards de fcfa pour les secteurs de l\u2019e\u0301ducation, la sante\u0301, des infrastructures etc\u201d, a-t-il poursuivi.<\/p>\n<p>Le porte-parole du parti au pouvoir est en outre revenu sur les mesures de revalorisation des salaires des fonctionnaires et agents de l\u2019E\u0301tat, qui n\u2019avait point bouge\u0301 depuis trois de\u0301cennies, malgre\u0301 le contexte e\u0301conomique mondial difficile. \u201c Toutes ces actions ont valu au chef de l\u2019E\u0301tat, le surnom de champion du social\u201d, a indique\u0301 Kobenan Kouassi Adjoumani.<\/p>\n<p>Il a en outre table\u0301 sur les filets sociaux qui selon ses dires, permettent re\u0301gulie\u0300rement d\u2019effectuer des transferts mone\u0301taires en faveur des personnes les plus de\u0301munies. \u201c Plus de 500.000 me\u0301nages ont e\u0301te\u0301 impacte\u0301s pour un montant de 220 milliards de fcfa\u201d, a-t-il ajoute\u0301.<\/p>\n<p>Sur la cherte\u0301 de la vie, le ministre d\u2019E\u0301tat a fait savoir que \u201cc\u2019est un phe\u0301nome\u0300ne conjecturel ge\u0301ne\u0301re\u0301 par une inflation qui provoque une hausse subite et ge\u0301ne\u0301ralise\u0301e des cou\u0302ts des produits de grande consommation, entrainant une baisse du pouvoir d\u2019achat des consommateurs\u201d. Cette situation selon Adjoumani tire ses causes profondes de la Covid-19 et de la guerre russo-ukrainienne, qui a de\u0301clenche\u0301 une crise e\u0301nerge\u0301tique et un renche\u0301rissement des cou\u0302ts des ce\u0301re\u0301ales et des intrants agricoles. \u201cDe ce fait, l\u2019on peut dire que la cherte\u0301 de la vie dont ont parle tant, n\u2019est ni imputable au gouvernement ivoirien, ni spe\u0301cifique a\u0300 la Co\u0302te d\u2019Ivoire. Il s\u2019agit d\u2019un phe\u0301nome\u0300ne plane\u0301taire qui n\u2019e\u0301pargne aucun pays\u201d, justifie\u0301 le porte-parole du RHDP.<\/p>\n<p>Il n\u2019a pas manque\u0301 de revenir sur la subvention partielle des prix des produits pe\u0301troliers accorde\u0301e par le gouvernement pour un montant de plus de 550 milliards de fcfa de janvier 2022 a\u0300 septembre 2022, l\u2019exone\u0301ration des droits de douanes sur l\u2019importation du ble\u0301 en faveur des boulangers a\u0300 hauteur de 6,6 milliards sur une pe\u0301riode de 6 mois et le plafonnement des prix de 21 produits de grande consommation. A cela s\u2019ajoute le financement de 170 milliards pour rendre les produits vivriers disponibles et accessibles aux me\u0301nages et 135 milliards de fcfa de la banque mondiale pour la mise en \u0153uvre du projet de de\u0301veloppement des chaines de valeur vivrie\u0300re. Tous ces financements ont permis d\u2019accroitre la production vivrie\u0300re qui est passe\u0301e de 11.495.419 tonnes en 2011, a\u0300 22. 371. 894 tonnes en 2023, passant du simple au double.<\/p>\n<p>\u201cAu regard du tableau synoptique que nous venons de pre\u0301senter, l\u2019on peut affirmer qu\u2019en matie\u0300re de promotion du social, de la lutte contre la pauvrete\u0301, le pre\u0301sident Alassane Ouattara marche ve\u0301ritablement dans les pas et sur les traces du pe\u0300re fondateur, le pre\u0301sident Fe\u0301lix Houphoue\u0308t Boigny\u201d, a de\u0301clare\u0301 Kobenan Kouassi Adjoumani, qui a reconnu tout de me\u0302me que \u201c les questions lie\u0301es a\u0300 la pauvrete\u0301 et a\u0300 la cherte\u0301 de la vie sont des proble\u0300mes structurels et conjoncturels que l\u2019on ne peut re\u0301soudre de\u0301finitivement.<\/p>\n<p>\u201c Nous avons a\u0300 la te\u0302te de la Co\u0302te d\u2019Ivoire, un champion de la lutte contre la pauvrete\u0301 et la vie che\u0300re\u201d, a clame\u0301 le porte-parole principal du RHDP.<\/p>\n<p><strong>Pour plus d&rsquo;informations et d&rsquo;analyses sur la C\u00f4te d&rsquo;Ivoire, suivez Africa-Press<\/strong><\/p>\n","protected":false},"excerpt":{"rendered":"<p>Africa-Press &#8211; C\u00f4te d&rsquo;Ivoire. La 3e\u0300 tribune \u201c Les Rendez-vous du RHDP \u201d, qui s\u2019est tenue ce mercredi 31 juillet 2024 au sie\u0300ge dudit parti sis a\u0300 la Rue Lepic a\u0300 Cocody, a eu pour the\u0300me: \u201c La politique sociale du gouvernement RHDP, un reme\u0300de efficace dans la lutte contre la pauvrete\u0301 et la cherte\u0301 [&hellip;]<\/p>\n","protected":false},"author":82,"featured_media":84738,"comment_status":"open","ping_status":"closed","sticky":false,"template":"","format":"standard","meta":{"footnotes":""},"categories":[2,10],"tags":[1475,10220,29,1465,727,371,4830,9252],"class_list":["post-84739","post","type-post","status-publish","format-standard","has-post-thumbnail","hentry","category-politique","category-toutes-les-actualites","tag-adjoumani","tag-champion","tag-cote-divoire","tag-houphouet-boigny","tag-ouattara","tag-rhdp","tag-social","tag-tribune"],"yoast_head":"<!-- This site is optimized with the Yoast SEO Premium plugin v26.1 (Yoast SEO v27.0) - https:\/\/yoast.com\/product\/yoast-seo-premium-wordpress\/ -->\n<title>Le RHDP \u00e0 propos de Ouattara : \u00ab Nous avons \u00e0 la t\u00eate de notre pays, un champion du social qui marche dans les pas et sur les traces de F\u00e9lix Houphou\u00ebt-Boigny \u00bb - C\u00f4te d&#039;Ivoire<\/title>\n<meta name=\"description\" content=\"La 3e\u0300 tribune \u201c Les Rendez-vous du RHDP \u201d, qui s\u2019est tenue ce mercredi 31 juillet 2024 au sie\u0300ge dudit parti sis a\u0300 la ...\" \/>\n<meta name=\"robots\" content=\"index, follow, max-snippet:-1, max-image-preview:large, max-video-preview:-1\" \/>\n<link rel=\"canonical\" href=\"https:\/\/www.africa-press.net\/cotedivoire\/politique\/le-rhdp-a-propos-de-ouattara-nous-avons-a-la-tete-de-notre-pays-un-champion-du-social-qui-marche-dans-les-pas-et-sur-les-traces-de-felix-houphouet-boigny\" \/>\n<meta property=\"og:locale\" content=\"fr_FR\" \/>\n<meta property=\"og:type\" content=\"article\" \/>\n<meta property=\"og:title\" content=\"Le RHDP \u00e0 propos de Ouattara : \u00ab Nous avons \u00e0 la t\u00eate de notre pays, un champion du social qui marche dans les pas et sur les traces de F\u00e9lix Houphou\u00ebt-Boigny \u00bb\" \/>\n<meta property=\"og:description\" content=\"La 3e\u0300 tribune \u201c Les Rendez-vous du RHDP \u201d, qui s\u2019est tenue ce mercredi 31 juillet 2024 au sie\u0300ge dudit parti sis a\u0300 la ...\" \/>\n<meta property=\"og:url\" content=\"https:\/\/www.africa-press.net\/cotedivoire\/politique\/le-rhdp-a-propos-de-ouattara-nous-avons-a-la-tete-de-notre-pays-un-champion-du-social-qui-marche-dans-les-pas-et-sur-les-traces-de-felix-houphouet-boigny\" \/>\n<meta property=\"og:site_name\" content=\"C\u00f4te d&#039;Ivoire\" \/>\n<meta property=\"article:published_time\" content=\"2024-08-01T17:57:12+00:00\" \/>\n<meta property=\"article:modified_time\" content=\"2024-08-01T18:23:54+00:00\" \/>\n<meta property=\"og:image\" content=\"https:\/\/static.africa-press.net\/cote\/sites\/43\/2024\/08\/sm_1722523981.362526.jpg\" \/>\n\t<meta property=\"og:image:width\" content=\"720\" \/>\n\t<meta property=\"og:image:height\" content=\"480\" \/>\n\t<meta property=\"og:image:type\" content=\"image\/jpeg\" \/>\n<meta name=\"author\" content=\"cfeditorfr\" \/>\n<meta name=\"twitter:card\" content=\"summary_large_image\" \/>\n<meta name=\"twitter:label1\" content=\"\u00c9crit par\" \/>\n\t<meta name=\"twitter:data1\" content=\"cfeditorfr\" \/>\n\t<meta name=\"twitter:label2\" content=\"Dur\u00e9e de lecture estim\u00e9e\" \/>\n\t<meta name=\"twitter:data2\" content=\"7 minutes\" \/>\n<script type=\"application\/ld+json\" class=\"yoast-schema-graph\">{\"@context\":\"https:\/\/schema.org\",\"@graph\":[{\"@type\":\"Article\",\"@id\":\"https:\/\/www.africa-press.net\/cotedivoire\/politique\/le-rhdp-a-propos-de-ouattara-nous-avons-a-la-tete-de-notre-pays-un-champion-du-social-qui-marche-dans-les-pas-et-sur-les-traces-de-felix-houphouet-boigny#article\",\"isPartOf\":{\"@id\":\"https:\/\/www.africa-press.net\/cotedivoire\/politique\/le-rhdp-a-propos-de-ouattara-nous-avons-a-la-tete-de-notre-pays-un-champion-du-social-qui-marche-dans-les-pas-et-sur-les-traces-de-felix-houphouet-boigny\"},\"author\":{\"name\":\"cfeditorfr\",\"@id\":\"https:\/\/www.africa-press.net\/cotedivoire\/#\/schema\/person\/2b1cf3cd81a31e3cd26889ca66d677f1\"},\"headline\":\"Le RHDP \u00e0 propos de Ouattara : \u00ab Nous avons \u00e0 la t\u00eate de notre pays, un champion du social qui marche dans les pas et sur les traces de F\u00e9lix Houphou\u00ebt-Boigny \u00bb\",\"datePublished\":\"2024-08-01T17:57:12+00:00\",\"dateModified\":\"2024-08-01T18:23:54+00:00\",\"mainEntityOfPage\":{\"@id\":\"https:\/\/www.africa-press.net\/cotedivoire\/politique\/le-rhdp-a-propos-de-ouattara-nous-avons-a-la-tete-de-notre-pays-un-champion-du-social-qui-marche-dans-les-pas-et-sur-les-traces-de-felix-houphouet-boigny\"},\"wordCount\":1373,\"commentCount\":0,\"image\":{\"@id\":\"https:\/\/www.africa-press.net\/cotedivoire\/politique\/le-rhdp-a-propos-de-ouattara-nous-avons-a-la-tete-de-notre-pays-un-champion-du-social-qui-marche-dans-les-pas-et-sur-les-traces-de-felix-houphouet-boigny#primaryimage\"},\"thumbnailUrl\":\"https:\/\/static.africa-press.net\/cote\/sites\/43\/2024\/08\/sm_1722523981.362526.jpg\",\"keywords\":[\"Adjoumani\",\"champion\",\"C\u00d4TE D'IVOIRE\",\"Houphou\u00ebt-Boigny\",\"Ouattara\",\"RHDP\",\"social\",\"Tribune\"],\"articleSection\":[\"Politique\",\"Toutes les actualit\u00e9s\"],\"inLanguage\":\"fr-FR\",\"potentialAction\":[{\"@type\":\"CommentAction\",\"name\":\"Comment\",\"target\":[\"https:\/\/www.africa-press.net\/cotedivoire\/politique\/le-rhdp-a-propos-de-ouattara-nous-avons-a-la-tete-de-notre-pays-un-champion-du-social-qui-marche-dans-les-pas-et-sur-les-traces-de-felix-houphouet-boigny#respond\"]}]},{\"@type\":\"WebPage\",\"@id\":\"https:\/\/www.africa-press.net\/cotedivoire\/politique\/le-rhdp-a-propos-de-ouattara-nous-avons-a-la-tete-de-notre-pays-un-champion-du-social-qui-marche-dans-les-pas-et-sur-les-traces-de-felix-houphouet-boigny\",\"url\":\"https:\/\/www.africa-press.net\/cotedivoire\/politique\/le-rhdp-a-propos-de-ouattara-nous-avons-a-la-tete-de-notre-pays-un-champion-du-social-qui-marche-dans-les-pas-et-sur-les-traces-de-felix-houphouet-boigny\",\"name\":\"Le RHDP \u00e0 propos de Ouattara : \u00ab Nous avons \u00e0 la t\u00eate de notre pays, un champion du social qui marche dans les pas et sur les traces de F\u00e9lix Houphou\u00ebt-Boigny \u00bb - C\u00f4te d&#039;Ivoire\",\"isPartOf\":{\"@id\":\"https:\/\/www.africa-press.net\/cotedivoire\/#website\"},\"primaryImageOfPage\":{\"@id\":\"https:\/\/www.africa-press.net\/cotedivoire\/politique\/le-rhdp-a-propos-de-ouattara-nous-avons-a-la-tete-de-notre-pays-un-champion-du-social-qui-marche-dans-les-pas-et-sur-les-traces-de-felix-houphouet-boigny#primaryimage\"},\"image\":{\"@id\":\"https:\/\/www.africa-press.net\/cotedivoire\/politique\/le-rhdp-a-propos-de-ouattara-nous-avons-a-la-tete-de-notre-pays-un-champion-du-social-qui-marche-dans-les-pas-et-sur-les-traces-de-felix-houphouet-boigny#primaryimage\"},\"thumbnailUrl\":\"https:\/\/static.africa-press.net\/cote\/sites\/43\/2024\/08\/sm_1722523981.362526.jpg\",\"datePublished\":\"2024-08-01T17:57:12+00:00\",\"dateModified\":\"2024-08-01T18:23:54+00:00\",\"author\":{\"@id\":\"https:\/\/www.africa-press.net\/cotedivoire\/#\/schema\/person\/2b1cf3cd81a31e3cd26889ca66d677f1\"},\"description\":\"La 3e\u0300 tribune \u201c Les Rendez-vous du RHDP \u201d, qui s\u2019est tenue ce mercredi 31 juillet 2024 au sie\u0300ge dudit parti sis a\u0300 la ...\",\"breadcrumb\":{\"@id\":\"https:\/\/www.africa-press.net\/cotedivoire\/politique\/le-rhdp-a-propos-de-ouattara-nous-avons-a-la-tete-de-notre-pays-un-champion-du-social-qui-marche-dans-les-pas-et-sur-les-traces-de-felix-houphouet-boigny#breadcrumb\"},\"inLanguage\":\"fr-FR\",\"potentialAction\":[{\"@type\":\"ReadAction\",\"target\":[\"https:\/\/www.africa-press.net\/cotedivoire\/politique\/le-rhdp-a-propos-de-ouattara-nous-avons-a-la-tete-de-notre-pays-un-champion-du-social-qui-marche-dans-les-pas-et-sur-les-traces-de-felix-houphouet-boigny\"]}]},{\"@type\":\"ImageObject\",\"inLanguage\":\"fr-FR\",\"@id\":\"https:\/\/www.africa-press.net\/cotedivoire\/politique\/le-rhdp-a-propos-de-ouattara-nous-avons-a-la-tete-de-notre-pays-un-champion-du-social-qui-marche-dans-les-pas-et-sur-les-traces-de-felix-houphouet-boigny#primaryimage\",\"url\":\"https:\/\/static.africa-press.net\/cote\/sites\/43\/2024\/08\/sm_1722523981.362526.jpg\",\"contentUrl\":\"https:\/\/static.africa-press.net\/cote\/sites\/43\/2024\/08\/sm_1722523981.362526.jpg\",\"width\":720,\"height\":480,\"caption\":\"Le RHDP \u00e0 propos de Ouattara : \u00ab Nous avons \u00e0 la t\u00eate de notre pays, un champion du social qui marche dans les pas et sur les traces de F\u00e9lix Houphou\u00ebt-Boigny \u00bb\"},{\"@type\":\"BreadcrumbList\",\"@id\":\"https:\/\/www.africa-press.net\/cotedivoire\/politique\/le-rhdp-a-propos-de-ouattara-nous-avons-a-la-tete-de-notre-pays-un-champion-du-social-qui-marche-dans-les-pas-et-sur-les-traces-de-felix-houphouet-boigny#breadcrumb\",\"itemListElement\":[{\"@type\":\"ListItem\",\"position\":1,\"name\":\"Accueil\",\"item\":\"https:\/\/www.africa-press.net\/cotedivoire\/\"},{\"@type\":\"ListItem\",\"position\":2,\"name\":\"Le RHDP \u00e0 propos de Ouattara : \u00ab Nous avons \u00e0 la t\u00eate de notre pays, un champion du social qui marche dans les pas et sur les traces de F\u00e9lix Houphou\u00ebt-Boigny \u00bb\"}]},{\"@type\":\"WebSite\",\"@id\":\"https:\/\/www.africa-press.net\/cotedivoire\/#website\",\"url\":\"https:\/\/www.africa-press.net\/cotedivoire\/\",\"name\":\"C\u00f4te d&#039;Ivoire\",\"description\":\"Just another Africa News Agency Sites site\",\"potentialAction\":[{\"@type\":\"SearchAction\",\"target\":{\"@type\":\"EntryPoint\",\"urlTemplate\":\"https:\/\/www.africa-press.net\/cotedivoire\/?s={search_term_string}\"},\"query-input\":{\"@type\":\"PropertyValueSpecification\",\"valueRequired\":true,\"valueName\":\"search_term_string\"}}],\"inLanguage\":\"fr-FR\"},{\"@type\":\"Person\",\"@id\":\"https:\/\/www.africa-press.net\/cotedivoire\/#\/schema\/person\/2b1cf3cd81a31e3cd26889ca66d677f1\",\"name\":\"cfeditorfr\"}]}<\/script>\n<!-- \/ Yoast SEO Premium plugin. -->","yoast_head_json":{"title":"Le RHDP \u00e0 propos de Ouattara : \u00ab Nous avons \u00e0 la t\u00eate de notre pays, un champion du social qui marche dans les pas et sur les traces de F\u00e9lix Houphou\u00ebt-Boigny \u00bb - C\u00f4te d&#039;Ivoire","description":"La 3e\u0300 tribune \u201c Les Rendez-vous du RHDP \u201d, qui s\u2019est tenue ce mercredi 31 juillet 2024 au sie\u0300ge dudit parti sis a\u0300 la ...","robots":{"index":"index","follow":"follow","max-snippet":"max-snippet:-1","max-image-preview":"max-image-preview:large","max-video-preview":"max-video-preview:-1"},"canonical":"https:\/\/www.africa-press.net\/cotedivoire\/politique\/le-rhdp-a-propos-de-ouattara-nous-avons-a-la-tete-de-notre-pays-un-champion-du-social-qui-marche-dans-les-pas-et-sur-les-traces-de-felix-houphouet-boigny","og_locale":"fr_FR","og_type":"article","og_title":"Le RHDP \u00e0 propos de Ouattara : \u00ab Nous avons \u00e0 la t\u00eate de notre pays, un champion du social qui marche dans les pas et sur les traces de F\u00e9lix Houphou\u00ebt-Boigny \u00bb","og_description":"La 3e\u0300 tribune \u201c Les Rendez-vous du RHDP \u201d, qui s\u2019est tenue ce mercredi 31 juillet 2024 au sie\u0300ge dudit parti sis a\u0300 la ...","og_url":"https:\/\/www.africa-press.net\/cotedivoire\/politique\/le-rhdp-a-propos-de-ouattara-nous-avons-a-la-tete-de-notre-pays-un-champion-du-social-qui-marche-dans-les-pas-et-sur-les-traces-de-felix-houphouet-boigny","og_site_name":"C\u00f4te d&#039;Ivoire","article_published_time":"2024-08-01T17:57:12+00:00","article_modified_time":"2024-08-01T18:23:54+00:00","og_image":[{"width":720,"height":480,"url":"https:\/\/static.africa-press.net\/cote\/sites\/43\/2024\/08\/sm_1722523981.362526.jpg","type":"image\/jpeg"}],"author":"cfeditorfr","twitter_card":"summary_large_image","twitter_misc":{"\u00c9crit par":"cfeditorfr","Dur\u00e9e de lecture estim\u00e9e":"7 minutes"},"schema":{"@context":"https:\/\/schema.org","@graph":[{"@type":"Article","@id":"https:\/\/www.africa-press.net\/cotedivoire\/politique\/le-rhdp-a-propos-de-ouattara-nous-avons-a-la-tete-de-notre-pays-un-champion-du-social-qui-marche-dans-les-pas-et-sur-les-traces-de-felix-houphouet-boigny#article","isPartOf":{"@id":"https:\/\/www.africa-press.net\/cotedivoire\/politique\/le-rhdp-a-propos-de-ouattara-nous-avons-a-la-tete-de-notre-pays-un-champion-du-social-qui-marche-dans-les-pas-et-sur-les-traces-de-felix-houphouet-boigny"},"author":{"name":"cfeditorfr","@id":"https:\/\/www.africa-press.net\/cotedivoire\/#\/schema\/person\/2b1cf3cd81a31e3cd26889ca66d677f1"},"headline":"Le RHDP \u00e0 propos de Ouattara : \u00ab Nous avons \u00e0 la t\u00eate de notre pays, un champion du social qui marche dans les pas et sur les traces de F\u00e9lix Houphou\u00ebt-Boigny \u00bb","datePublished":"2024-08-01T17:57:12+00:00","dateModified":"2024-08-01T18:23:54+00:00","mainEntityOfPage":{"@id":"https:\/\/www.africa-press.net\/cotedivoire\/politique\/le-rhdp-a-propos-de-ouattara-nous-avons-a-la-tete-de-notre-pays-un-champion-du-social-qui-marche-dans-les-pas-et-sur-les-traces-de-felix-houphouet-boigny"},"wordCount":1373,"commentCount":0,"image":{"@id":"https:\/\/www.africa-press.net\/cotedivoire\/politique\/le-rhdp-a-propos-de-ouattara-nous-avons-a-la-tete-de-notre-pays-un-champion-du-social-qui-marche-dans-les-pas-et-sur-les-traces-de-felix-houphouet-boigny#primaryimage"},"thumbnailUrl":"https:\/\/static.africa-press.net\/cote\/sites\/43\/2024\/08\/sm_1722523981.362526.jpg","keywords":["Adjoumani","champion","C\u00d4TE D'IVOIRE","Houphou\u00ebt-Boigny","Ouattara","RHDP","social","Tribune"],"articleSection":["Politique","Toutes les actualit\u00e9s"],"inLanguage":"fr-FR","potentialAction":[{"@type":"CommentAction","name":"Comment","target":["https:\/\/www.africa-press.net\/cotedivoire\/politique\/le-rhdp-a-propos-de-ouattara-nous-avons-a-la-tete-de-notre-pays-un-champion-du-social-qui-marche-dans-les-pas-et-sur-les-traces-de-felix-houphouet-boigny#respond"]}]},{"@type":"WebPage","@id":"https:\/\/www.africa-press.net\/cotedivoire\/politique\/le-rhdp-a-propos-de-ouattara-nous-avons-a-la-tete-de-notre-pays-un-champion-du-social-qui-marche-dans-les-pas-et-sur-les-traces-de-felix-houphouet-boigny","url":"https:\/\/www.africa-press.net\/cotedivoire\/politique\/le-rhdp-a-propos-de-ouattara-nous-avons-a-la-tete-de-notre-pays-un-champion-du-social-qui-marche-dans-les-pas-et-sur-les-traces-de-felix-houphouet-boigny","name":"Le RHDP \u00e0 propos de Ouattara : \u00ab Nous avons \u00e0 la t\u00eate de notre pays, un champion du social qui marche dans les pas et sur les traces de F\u00e9lix Houphou\u00ebt-Boigny \u00bb - C\u00f4te d&#039;Ivoire","isPartOf":{"@id":"https:\/\/www.africa-press.net\/cotedivoire\/#website"},"primaryImageOfPage":{"@id":"https:\/\/www.africa-press.net\/cotedivoire\/politique\/le-rhdp-a-propos-de-ouattara-nous-avons-a-la-tete-de-notre-pays-un-champion-du-social-qui-marche-dans-les-pas-et-sur-les-traces-de-felix-houphouet-boigny#primaryimage"},"image":{"@id":"https:\/\/www.africa-press.net\/cotedivoire\/politique\/le-rhdp-a-propos-de-ouattara-nous-avons-a-la-tete-de-notre-pays-un-champion-du-social-qui-marche-dans-les-pas-et-sur-les-traces-de-felix-houphouet-boigny#primaryimage"},"thumbnailUrl":"https:\/\/static.africa-press.net\/cote\/sites\/43\/2024\/08\/sm_1722523981.362526.jpg","datePublished":"2024-08-01T17:57:12+00:00","dateModified":"2024-08-01T18:23:54+00:00","author":{"@id":"https:\/\/www.africa-press.net\/cotedivoire\/#\/schema\/person\/2b1cf3cd81a31e3cd26889ca66d677f1"},"description":"La 3e\u0300 tribune \u201c Les Rendez-vous du RHDP \u201d, qui s\u2019est tenue ce mercredi 31 juillet 2024 au sie\u0300ge dudit parti sis a\u0300 la ...","breadcrumb":{"@id":"https:\/\/www.africa-press.net\/cotedivoire\/politique\/le-rhdp-a-propos-de-ouattara-nous-avons-a-la-tete-de-notre-pays-un-champion-du-social-qui-marche-dans-les-pas-et-sur-les-traces-de-felix-houphouet-boigny#breadcrumb"},"inLanguage":"fr-FR","potentialAction":[{"@type":"ReadAction","target":["https:\/\/www.africa-press.net\/cotedivoire\/politique\/le-rhdp-a-propos-de-ouattara-nous-avons-a-la-tete-de-notre-pays-un-champion-du-social-qui-marche-dans-les-pas-et-sur-les-traces-de-felix-houphouet-boigny"]}]},{"@type":"ImageObject","inLanguage":"fr-FR","@id":"https:\/\/www.africa-press.net\/cotedivoire\/politique\/le-rhdp-a-propos-de-ouattara-nous-avons-a-la-tete-de-notre-pays-un-champion-du-social-qui-marche-dans-les-pas-et-sur-les-traces-de-felix-houphouet-boigny#primaryimage","url":"https:\/\/static.africa-press.net\/cote\/sites\/43\/2024\/08\/sm_1722523981.362526.jpg","contentUrl":"https:\/\/static.africa-press.net\/cote\/sites\/43\/2024\/08\/sm_1722523981.362526.jpg","width":720,"height":480,"caption":"Le RHDP \u00e0 propos de Ouattara : \u00ab Nous avons \u00e0 la t\u00eate de notre pays, un champion du social qui marche dans les pas et sur les traces de F\u00e9lix Houphou\u00ebt-Boigny \u00bb"},{"@type":"BreadcrumbList","@id":"https:\/\/www.africa-press.net\/cotedivoire\/politique\/le-rhdp-a-propos-de-ouattara-nous-avons-a-la-tete-de-notre-pays-un-champion-du-social-qui-marche-dans-les-pas-et-sur-les-traces-de-felix-houphouet-boigny#breadcrumb","itemListElement":[{"@type":"ListItem","position":1,"name":"Accueil","item":"https:\/\/www.africa-press.net\/cotedivoire\/"},{"@type":"ListItem","position":2,"name":"Le RHDP \u00e0 propos de Ouattara : \u00ab Nous avons \u00e0 la t\u00eate de notre pays, un champion du social qui marche dans les pas et sur les traces de F\u00e9lix Houphou\u00ebt-Boigny \u00bb"}]},{"@type":"WebSite","@id":"https:\/\/www.africa-press.net\/cotedivoire\/#website","url":"https:\/\/www.africa-press.net\/cotedivoire\/","name":"C\u00f4te d&#039;Ivoire","description":"Just another Africa News Agency Sites site","potentialAction":[{"@type":"SearchAction","target":{"@type":"EntryPoint","urlTemplate":"https:\/\/www.africa-press.net\/cotedivoire\/?s={search_term_string}"},"query-input":{"@type":"PropertyValueSpecification","valueRequired":true,"valueName":"search_term_string"}}],"inLanguage":"fr-FR"},{"@type":"Person","@id":"https:\/\/www.africa-press.net\/cotedivoire\/#\/schema\/person\/2b1cf3cd81a31e3cd26889ca66d677f1","name":"cfeditorfr"}]}},"_links":{"self":[{"href":"https:\/\/www.africa-press.net\/cotedivoire\/wp-json\/wp\/v2\/posts\/84739","targetHints":{"allow":["GET"]}}],"collection":[{"href":"https:\/\/www.africa-press.net\/cotedivoire\/wp-json\/wp\/v2\/posts"}],"about":[{"href":"https:\/\/www.africa-press.net\/cotedivoire\/wp-json\/wp\/v2\/types\/post"}],"author":[{"embeddable":true,"href":"https:\/\/www.africa-press.net\/cotedivoire\/wp-json\/wp\/v2\/users\/82"}],"replies":[{"embeddable":true,"href":"https:\/\/www.africa-press.net\/cotedivoire\/wp-json\/wp\/v2\/comments?post=84739"}],"version-history":[{"count":0,"href":"https:\/\/www.africa-press.net\/cotedivoire\/wp-json\/wp\/v2\/posts\/84739\/revisions"}],"wp:featuredmedia":[{"embeddable":true,"href":"https:\/\/www.africa-press.net\/cotedivoire\/wp-json\/wp\/v2\/media\/84738"}],"wp:attachment":[{"href":"https:\/\/www.africa-press.net\/cotedivoire\/wp-json\/wp\/v2\/media?parent=84739"}],"wp:term":[{"taxonomy":"category","embeddable":true,"href":"https:\/\/www.africa-press.net\/cotedivoire\/wp-json\/wp\/v2\/categories?post=84739"},{"taxonomy":"post_tag","embeddable":true,"href":"https:\/\/www.africa-press.net\/cotedivoire\/wp-json\/wp\/v2\/tags?post=84739"}],"curies":[{"name":"wp","href":"https:\/\/api.w.org\/{rel}","templated":true}]}}