{"id":8476,"date":"2021-06-02T12:24:11","date_gmt":"2021-06-02T12:24:11","guid":{"rendered":"https:\/\/www.africa-press.net\/cotedivoire\/?p=8476"},"modified":"2021-06-02T12:58:02","modified_gmt":"2021-06-02T12:58:02","slug":"le-gouvernement-na-pas-ete-consulte-sur-le-17-juin-date-du-retour-de-gbagbo-selon-kkb-et-le-coulibaly-porte-parole","status":"publish","type":"post","link":"https:\/\/www.africa-press.net\/cotedivoire\/politique\/le-gouvernement-na-pas-ete-consulte-sur-le-17-juin-date-du-retour-de-gbagbo-selon-kkb-et-le-coulibaly-porte-parole","title":{"rendered":"Le gouvernement n\u2019a pas \u00e9t\u00e9 consult\u00e9 sur le 17 juin \u00ab\u00a0date du retour de Gbagbo\u201d, selon KKB et le Coulibaly (porte-parole)"},"content":{"rendered":"<p><span style=\"color: #ff6600\"><strong><a href=\"https:\/\/www.africa-press.net\/\">Africa-Press<\/a> &#8211; <a href=\"https:\/\/www.africa-press.net\/cotedivoire\">C\u00f4te d&rsquo;Ivoire<\/a>. <\/strong><\/span>Plusieurs mois apr\u00e8s avoir \u00e9t\u00e9 d\u00e9finitivement acquitt\u00e9 par la Cour p\u00e9nale internationale (CPI), l\u2019ancien chef de l\u2019Etat ivoirien Laurent Gbagbo reste attendu dans son pays par de nombreux de ses partisans. R\u00e9cemment, le secr\u00e9taire g\u00e9n\u00e9ral du front populaire ivoirien (FPI), Assoa Adou, avait annonc\u00e9 dans un communiqu\u00e9 que le fondateur du parti avait \u00e9t\u00e9 autoris\u00e9 \u00e0 revenir en juin prochain, en C\u00f4te d\u2019Ivoire.<\/p>\n<p>La date avanc\u00e9e n\u2019a pas fait l\u2019objet d\u2019un consensus, selon le gouvernement<\/p>\n<p>\u00ab Je vous annonce que le retour du pr\u00e9sident Laurent Gbagbo sur la terre de C\u00f4te d\u2019Ivoire est pr\u00e9vu pour le 17 juin \u00bb avait-il annonc\u00e9. Cependant, cette d\u00e9cision aurait \u00e9t\u00e9 prise unilat\u00e9ralement par le parti de l\u2019ex-num\u00e9ro un ivoirien, \u00e0 en croire le pouvoir d\u2019Alassane Ouattara. En effet, plusieurs ministres disent avoir appris la nouvelle par la presse, tout en faisant savoir que la date avanc\u00e9e n\u2019a pas fait l\u2019objet d\u2019un consensus. Parmi ceux-ci, figure le ministre de la r\u00e9conciliation nationale, Kouadio Konan Bertin, et le porte-parole du gouvernement, Amadou Coulibaly. Dans une interview accord\u00e9e \u00e0 un m\u00e9dia fran\u00e7ais, ce dernier a fait savoir que ce n\u2019\u00e9tait pas ce qui avait \u00e9t\u00e9 convenu avec le FPI.<\/p>\n<p>\u00ab Ce que nous avions convenu, c\u2019est que la date devait \u00eatre choisie de fa\u00e7on consensuelle, donc pour nous il n\u2019y a pas de date \u00bb a-t-il d\u00e9clar\u00e9. Pour rappel, l\u2019actuel pr\u00e9sident de la C\u00f4te d\u2019Ivoire, Alassane Ouattara, avait donn\u00e9 son feu vert pour que Laurent Gbagbo rentre dans son pays. Aussi, avait-il assur\u00e9 que l\u2019Etat prendrait en charge ses frais de voyage<\/p>\n<p>&nbsp;<\/p>\n","protected":false},"excerpt":{"rendered":"<p>Africa-Press &#8211; C\u00f4te d&rsquo;Ivoire. Plusieurs mois apr\u00e8s avoir \u00e9t\u00e9 d\u00e9finitivement acquitt\u00e9 par la Cour p\u00e9nale internationale (CPI), l\u2019ancien chef de l\u2019Etat ivoirien Laurent Gbagbo reste attendu dans son pays par de nombreux de ses partisans. R\u00e9cemment, le secr\u00e9taire g\u00e9n\u00e9ral du front populaire ivoirien (FPI), Assoa Adou, avait annonc\u00e9 dans un communiqu\u00e9 que le fondateur du [&hellip;]<\/p>\n","protected":false},"author":82,"featured_media":8475,"comment_status":"open","ping_status":"closed","sticky":false,"template":"","format":"standard","meta":{"footnotes":""},"categories":[11,2,20,10],"tags":[56,63,29],"class_list":["post-8476","post","type-post","status-publish","format-standard","has-post-thumbnail","hentry","category-homepage-french","category-politique","category-top-nouvelles","category-toutes-les-actualites","tag-africa-press","tag-africa-press-cote-divoire","tag-cote-divoire"],"yoast_head":"<!-- This site is optimized with the Yoast SEO Premium plugin v26.1 (Yoast SEO v27.0) - https:\/\/yoast.com\/product\/yoast-seo-premium-wordpress\/ -->\n<title>Le gouvernement n\u2019a pas \u00e9t\u00e9 consult\u00e9 sur le 17 juin \u00ab\u00a0date du retour de Gbagbo\u201d, selon KKB et le Coulibaly (porte-parole) - C\u00f4te d&#039;Ivoire<\/title>\n<meta name=\"description\" content=\"Plusieurs mois apr\u00e8s avoir \u00e9t\u00e9 d\u00e9finitivement acquitt\u00e9 par la Cour p\u00e9nale internationale (CPI), l\u2019ancien chef de l\u2019Etat ...\" \/>\n<meta name=\"robots\" content=\"index, follow, max-snippet:-1, max-image-preview:large, max-video-preview:-1\" \/>\n<link rel=\"canonical\" href=\"https:\/\/www.africa-press.net\/cotedivoire\/politique\/le-gouvernement-na-pas-ete-consulte-sur-le-17-juin-date-du-retour-de-gbagbo-selon-kkb-et-le-coulibaly-porte-parole\" \/>\n<meta property=\"og:locale\" content=\"fr_FR\" \/>\n<meta property=\"og:type\" content=\"article\" \/>\n<meta property=\"og:title\" content=\"Le gouvernement n\u2019a pas \u00e9t\u00e9 consult\u00e9 sur le 17 juin \u00ab\u00a0date du retour de Gbagbo\u201d, selon KKB et le Coulibaly (porte-parole)\" \/>\n<meta property=\"og:description\" content=\"Plusieurs mois apr\u00e8s avoir \u00e9t\u00e9 d\u00e9finitivement acquitt\u00e9 par la Cour p\u00e9nale internationale (CPI), l\u2019ancien chef de l\u2019Etat ...\" \/>\n<meta property=\"og:url\" content=\"https:\/\/www.africa-press.net\/cotedivoire\/politique\/le-gouvernement-na-pas-ete-consulte-sur-le-17-juin-date-du-retour-de-gbagbo-selon-kkb-et-le-coulibaly-porte-parole\" \/>\n<meta property=\"og:site_name\" content=\"C\u00f4te d&#039;Ivoire\" \/>\n<meta property=\"article:published_time\" content=\"2021-06-02T12:24:11+00:00\" \/>\n<meta property=\"article:modified_time\" content=\"2021-06-02T12:58:02+00:00\" \/>\n<meta property=\"og:image\" content=\"https:\/\/static.africa-press.net\/cote\/sites\/43\/2021\/06\/img-60b76d57b306e.jpg\" \/>\n\t<meta property=\"og:image:width\" content=\"720\" \/>\n\t<meta property=\"og:image:height\" content=\"462\" \/>\n\t<meta property=\"og:image:type\" content=\"image\/jpeg\" \/>\n<meta name=\"author\" content=\"cfeditorfr\" \/>\n<meta name=\"twitter:card\" content=\"summary_large_image\" \/>\n<meta name=\"twitter:label1\" content=\"\u00c9crit par\" \/>\n\t<meta name=\"twitter:data1\" content=\"cfeditorfr\" \/>\n\t<meta name=\"twitter:label2\" content=\"Dur\u00e9e de lecture estim\u00e9e\" \/>\n\t<meta name=\"twitter:data2\" content=\"2 minutes\" \/>\n<script type=\"application\/ld+json\" class=\"yoast-schema-graph\">{\"@context\":\"https:\/\/schema.org\",\"@graph\":[{\"@type\":\"Article\",\"@id\":\"https:\/\/www.africa-press.net\/cotedivoire\/politique\/le-gouvernement-na-pas-ete-consulte-sur-le-17-juin-date-du-retour-de-gbagbo-selon-kkb-et-le-coulibaly-porte-parole#article\",\"isPartOf\":{\"@id\":\"https:\/\/www.africa-press.net\/cotedivoire\/politique\/le-gouvernement-na-pas-ete-consulte-sur-le-17-juin-date-du-retour-de-gbagbo-selon-kkb-et-le-coulibaly-porte-parole\"},\"author\":{\"name\":\"cfeditorfr\",\"@id\":\"https:\/\/www.africa-press.net\/cotedivoire\/#\/schema\/person\/2b1cf3cd81a31e3cd26889ca66d677f1\"},\"headline\":\"Le gouvernement n\u2019a pas \u00e9t\u00e9 consult\u00e9 sur le 17 juin \u00ab\u00a0date du retour de Gbagbo\u201d, selon KKB et le Coulibaly (porte-parole)\",\"datePublished\":\"2021-06-02T12:24:11+00:00\",\"dateModified\":\"2021-06-02T12:58:02+00:00\",\"mainEntityOfPage\":{\"@id\":\"https:\/\/www.africa-press.net\/cotedivoire\/politique\/le-gouvernement-na-pas-ete-consulte-sur-le-17-juin-date-du-retour-de-gbagbo-selon-kkb-et-le-coulibaly-porte-parole\"},\"wordCount\":317,\"commentCount\":0,\"image\":{\"@id\":\"https:\/\/www.africa-press.net\/cotedivoire\/politique\/le-gouvernement-na-pas-ete-consulte-sur-le-17-juin-date-du-retour-de-gbagbo-selon-kkb-et-le-coulibaly-porte-parole#primaryimage\"},\"thumbnailUrl\":\"https:\/\/static.africa-press.net\/cote\/sites\/43\/2021\/06\/img-60b76d57b306e.jpg\",\"keywords\":[\"Africa Press\",\"Africa Press-C\u00f4te d'Ivoire\",\"C\u00d4TE D'IVOIRE\"],\"articleSection\":[\"homepage-french\",\"Politique\",\"Top Nouvelles\",\"Toutes les actualit\u00e9s\"],\"inLanguage\":\"fr-FR\",\"potentialAction\":[{\"@type\":\"CommentAction\",\"name\":\"Comment\",\"target\":[\"https:\/\/www.africa-press.net\/cotedivoire\/politique\/le-gouvernement-na-pas-ete-consulte-sur-le-17-juin-date-du-retour-de-gbagbo-selon-kkb-et-le-coulibaly-porte-parole#respond\"]}]},{\"@type\":\"WebPage\",\"@id\":\"https:\/\/www.africa-press.net\/cotedivoire\/politique\/le-gouvernement-na-pas-ete-consulte-sur-le-17-juin-date-du-retour-de-gbagbo-selon-kkb-et-le-coulibaly-porte-parole\",\"url\":\"https:\/\/www.africa-press.net\/cotedivoire\/politique\/le-gouvernement-na-pas-ete-consulte-sur-le-17-juin-date-du-retour-de-gbagbo-selon-kkb-et-le-coulibaly-porte-parole\",\"name\":\"Le gouvernement n\u2019a pas \u00e9t\u00e9 consult\u00e9 sur le 17 juin \u00ab\u00a0date du retour de Gbagbo\u201d, selon KKB et le Coulibaly (porte-parole) - C\u00f4te d&#039;Ivoire\",\"isPartOf\":{\"@id\":\"https:\/\/www.africa-press.net\/cotedivoire\/#website\"},\"primaryImageOfPage\":{\"@id\":\"https:\/\/www.africa-press.net\/cotedivoire\/politique\/le-gouvernement-na-pas-ete-consulte-sur-le-17-juin-date-du-retour-de-gbagbo-selon-kkb-et-le-coulibaly-porte-parole#primaryimage\"},\"image\":{\"@id\":\"https:\/\/www.africa-press.net\/cotedivoire\/politique\/le-gouvernement-na-pas-ete-consulte-sur-le-17-juin-date-du-retour-de-gbagbo-selon-kkb-et-le-coulibaly-porte-parole#primaryimage\"},\"thumbnailUrl\":\"https:\/\/static.africa-press.net\/cote\/sites\/43\/2021\/06\/img-60b76d57b306e.jpg\",\"datePublished\":\"2021-06-02T12:24:11+00:00\",\"dateModified\":\"2021-06-02T12:58:02+00:00\",\"author\":{\"@id\":\"https:\/\/www.africa-press.net\/cotedivoire\/#\/schema\/person\/2b1cf3cd81a31e3cd26889ca66d677f1\"},\"description\":\"Plusieurs mois apr\u00e8s avoir \u00e9t\u00e9 d\u00e9finitivement acquitt\u00e9 par la Cour p\u00e9nale internationale (CPI), l\u2019ancien chef de l\u2019Etat ...\",\"breadcrumb\":{\"@id\":\"https:\/\/www.africa-press.net\/cotedivoire\/politique\/le-gouvernement-na-pas-ete-consulte-sur-le-17-juin-date-du-retour-de-gbagbo-selon-kkb-et-le-coulibaly-porte-parole#breadcrumb\"},\"inLanguage\":\"fr-FR\",\"potentialAction\":[{\"@type\":\"ReadAction\",\"target\":[\"https:\/\/www.africa-press.net\/cotedivoire\/politique\/le-gouvernement-na-pas-ete-consulte-sur-le-17-juin-date-du-retour-de-gbagbo-selon-kkb-et-le-coulibaly-porte-parole\"]}]},{\"@type\":\"ImageObject\",\"inLanguage\":\"fr-FR\",\"@id\":\"https:\/\/www.africa-press.net\/cotedivoire\/politique\/le-gouvernement-na-pas-ete-consulte-sur-le-17-juin-date-du-retour-de-gbagbo-selon-kkb-et-le-coulibaly-porte-parole#primaryimage\",\"url\":\"https:\/\/static.africa-press.net\/cote\/sites\/43\/2021\/06\/img-60b76d57b306e.jpg\",\"contentUrl\":\"https:\/\/static.africa-press.net\/cote\/sites\/43\/2021\/06\/img-60b76d57b306e.jpg\",\"width\":720,\"height\":462,\"caption\":\"Le gouvernement n\u2019a pas \u00e9t\u00e9 consult\u00e9 sur le 17 juin \u00ab\u00a0date du retour de Gbagbo\u201d, selon KKB et le Coulibaly (porte-parole)\"},{\"@type\":\"BreadcrumbList\",\"@id\":\"https:\/\/www.africa-press.net\/cotedivoire\/politique\/le-gouvernement-na-pas-ete-consulte-sur-le-17-juin-date-du-retour-de-gbagbo-selon-kkb-et-le-coulibaly-porte-parole#breadcrumb\",\"itemListElement\":[{\"@type\":\"ListItem\",\"position\":1,\"name\":\"Accueil\",\"item\":\"https:\/\/www.africa-press.net\/cotedivoire\/\"},{\"@type\":\"ListItem\",\"position\":2,\"name\":\"Le gouvernement n\u2019a pas \u00e9t\u00e9 consult\u00e9 sur le 17 juin \u00ab\u00a0date du retour de Gbagbo\u201d, selon KKB et le Coulibaly (porte-parole)\"}]},{\"@type\":\"WebSite\",\"@id\":\"https:\/\/www.africa-press.net\/cotedivoire\/#website\",\"url\":\"https:\/\/www.africa-press.net\/cotedivoire\/\",\"name\":\"C\u00f4te d&#039;Ivoire\",\"description\":\"Just another Africa News Agency Sites site\",\"potentialAction\":[{\"@type\":\"SearchAction\",\"target\":{\"@type\":\"EntryPoint\",\"urlTemplate\":\"https:\/\/www.africa-press.net\/cotedivoire\/?s={search_term_string}\"},\"query-input\":{\"@type\":\"PropertyValueSpecification\",\"valueRequired\":true,\"valueName\":\"search_term_string\"}}],\"inLanguage\":\"fr-FR\"},{\"@type\":\"Person\",\"@id\":\"https:\/\/www.africa-press.net\/cotedivoire\/#\/schema\/person\/2b1cf3cd81a31e3cd26889ca66d677f1\",\"name\":\"cfeditorfr\"}]}<\/script>\n<!-- \/ Yoast SEO Premium plugin. -->","yoast_head_json":{"title":"Le gouvernement n\u2019a pas \u00e9t\u00e9 consult\u00e9 sur le 17 juin \u00ab\u00a0date du retour de Gbagbo\u201d, selon KKB et le Coulibaly (porte-parole) - C\u00f4te d&#039;Ivoire","description":"Plusieurs mois apr\u00e8s avoir \u00e9t\u00e9 d\u00e9finitivement acquitt\u00e9 par la Cour p\u00e9nale internationale (CPI), l\u2019ancien chef de l\u2019Etat ...","robots":{"index":"index","follow":"follow","max-snippet":"max-snippet:-1","max-image-preview":"max-image-preview:large","max-video-preview":"max-video-preview:-1"},"canonical":"https:\/\/www.africa-press.net\/cotedivoire\/politique\/le-gouvernement-na-pas-ete-consulte-sur-le-17-juin-date-du-retour-de-gbagbo-selon-kkb-et-le-coulibaly-porte-parole","og_locale":"fr_FR","og_type":"article","og_title":"Le gouvernement n\u2019a pas \u00e9t\u00e9 consult\u00e9 sur le 17 juin \u00ab\u00a0date du retour de Gbagbo\u201d, selon KKB et le Coulibaly (porte-parole)","og_description":"Plusieurs mois apr\u00e8s avoir \u00e9t\u00e9 d\u00e9finitivement acquitt\u00e9 par la Cour p\u00e9nale internationale (CPI), l\u2019ancien chef de l\u2019Etat ...","og_url":"https:\/\/www.africa-press.net\/cotedivoire\/politique\/le-gouvernement-na-pas-ete-consulte-sur-le-17-juin-date-du-retour-de-gbagbo-selon-kkb-et-le-coulibaly-porte-parole","og_site_name":"C\u00f4te d&#039;Ivoire","article_published_time":"2021-06-02T12:24:11+00:00","article_modified_time":"2021-06-02T12:58:02+00:00","og_image":[{"width":720,"height":462,"url":"https:\/\/static.africa-press.net\/cote\/sites\/43\/2021\/06\/img-60b76d57b306e.jpg","type":"image\/jpeg"}],"author":"cfeditorfr","twitter_card":"summary_large_image","twitter_misc":{"\u00c9crit par":"cfeditorfr","Dur\u00e9e de lecture estim\u00e9e":"2 minutes"},"schema":{"@context":"https:\/\/schema.org","@graph":[{"@type":"Article","@id":"https:\/\/www.africa-press.net\/cotedivoire\/politique\/le-gouvernement-na-pas-ete-consulte-sur-le-17-juin-date-du-retour-de-gbagbo-selon-kkb-et-le-coulibaly-porte-parole#article","isPartOf":{"@id":"https:\/\/www.africa-press.net\/cotedivoire\/politique\/le-gouvernement-na-pas-ete-consulte-sur-le-17-juin-date-du-retour-de-gbagbo-selon-kkb-et-le-coulibaly-porte-parole"},"author":{"name":"cfeditorfr","@id":"https:\/\/www.africa-press.net\/cotedivoire\/#\/schema\/person\/2b1cf3cd81a31e3cd26889ca66d677f1"},"headline":"Le gouvernement n\u2019a pas \u00e9t\u00e9 consult\u00e9 sur le 17 juin \u00ab\u00a0date du retour de Gbagbo\u201d, selon KKB et le Coulibaly (porte-parole)","datePublished":"2021-06-02T12:24:11+00:00","dateModified":"2021-06-02T12:58:02+00:00","mainEntityOfPage":{"@id":"https:\/\/www.africa-press.net\/cotedivoire\/politique\/le-gouvernement-na-pas-ete-consulte-sur-le-17-juin-date-du-retour-de-gbagbo-selon-kkb-et-le-coulibaly-porte-parole"},"wordCount":317,"commentCount":0,"image":{"@id":"https:\/\/www.africa-press.net\/cotedivoire\/politique\/le-gouvernement-na-pas-ete-consulte-sur-le-17-juin-date-du-retour-de-gbagbo-selon-kkb-et-le-coulibaly-porte-parole#primaryimage"},"thumbnailUrl":"https:\/\/static.africa-press.net\/cote\/sites\/43\/2021\/06\/img-60b76d57b306e.jpg","keywords":["Africa Press","Africa Press-C\u00f4te d'Ivoire","C\u00d4TE D'IVOIRE"],"articleSection":["homepage-french","Politique","Top Nouvelles","Toutes les actualit\u00e9s"],"inLanguage":"fr-FR","potentialAction":[{"@type":"CommentAction","name":"Comment","target":["https:\/\/www.africa-press.net\/cotedivoire\/politique\/le-gouvernement-na-pas-ete-consulte-sur-le-17-juin-date-du-retour-de-gbagbo-selon-kkb-et-le-coulibaly-porte-parole#respond"]}]},{"@type":"WebPage","@id":"https:\/\/www.africa-press.net\/cotedivoire\/politique\/le-gouvernement-na-pas-ete-consulte-sur-le-17-juin-date-du-retour-de-gbagbo-selon-kkb-et-le-coulibaly-porte-parole","url":"https:\/\/www.africa-press.net\/cotedivoire\/politique\/le-gouvernement-na-pas-ete-consulte-sur-le-17-juin-date-du-retour-de-gbagbo-selon-kkb-et-le-coulibaly-porte-parole","name":"Le gouvernement n\u2019a pas \u00e9t\u00e9 consult\u00e9 sur le 17 juin \u00ab\u00a0date du retour de Gbagbo\u201d, selon KKB et le Coulibaly (porte-parole) - C\u00f4te d&#039;Ivoire","isPartOf":{"@id":"https:\/\/www.africa-press.net\/cotedivoire\/#website"},"primaryImageOfPage":{"@id":"https:\/\/www.africa-press.net\/cotedivoire\/politique\/le-gouvernement-na-pas-ete-consulte-sur-le-17-juin-date-du-retour-de-gbagbo-selon-kkb-et-le-coulibaly-porte-parole#primaryimage"},"image":{"@id":"https:\/\/www.africa-press.net\/cotedivoire\/politique\/le-gouvernement-na-pas-ete-consulte-sur-le-17-juin-date-du-retour-de-gbagbo-selon-kkb-et-le-coulibaly-porte-parole#primaryimage"},"thumbnailUrl":"https:\/\/static.africa-press.net\/cote\/sites\/43\/2021\/06\/img-60b76d57b306e.jpg","datePublished":"2021-06-02T12:24:11+00:00","dateModified":"2021-06-02T12:58:02+00:00","author":{"@id":"https:\/\/www.africa-press.net\/cotedivoire\/#\/schema\/person\/2b1cf3cd81a31e3cd26889ca66d677f1"},"description":"Plusieurs mois apr\u00e8s avoir \u00e9t\u00e9 d\u00e9finitivement acquitt\u00e9 par la Cour p\u00e9nale internationale (CPI), l\u2019ancien chef de l\u2019Etat ...","breadcrumb":{"@id":"https:\/\/www.africa-press.net\/cotedivoire\/politique\/le-gouvernement-na-pas-ete-consulte-sur-le-17-juin-date-du-retour-de-gbagbo-selon-kkb-et-le-coulibaly-porte-parole#breadcrumb"},"inLanguage":"fr-FR","potentialAction":[{"@type":"ReadAction","target":["https:\/\/www.africa-press.net\/cotedivoire\/politique\/le-gouvernement-na-pas-ete-consulte-sur-le-17-juin-date-du-retour-de-gbagbo-selon-kkb-et-le-coulibaly-porte-parole"]}]},{"@type":"ImageObject","inLanguage":"fr-FR","@id":"https:\/\/www.africa-press.net\/cotedivoire\/politique\/le-gouvernement-na-pas-ete-consulte-sur-le-17-juin-date-du-retour-de-gbagbo-selon-kkb-et-le-coulibaly-porte-parole#primaryimage","url":"https:\/\/static.africa-press.net\/cote\/sites\/43\/2021\/06\/img-60b76d57b306e.jpg","contentUrl":"https:\/\/static.africa-press.net\/cote\/sites\/43\/2021\/06\/img-60b76d57b306e.jpg","width":720,"height":462,"caption":"Le gouvernement n\u2019a pas \u00e9t\u00e9 consult\u00e9 sur le 17 juin \u00ab\u00a0date du retour de Gbagbo\u201d, selon KKB et le Coulibaly (porte-parole)"},{"@type":"BreadcrumbList","@id":"https:\/\/www.africa-press.net\/cotedivoire\/politique\/le-gouvernement-na-pas-ete-consulte-sur-le-17-juin-date-du-retour-de-gbagbo-selon-kkb-et-le-coulibaly-porte-parole#breadcrumb","itemListElement":[{"@type":"ListItem","position":1,"name":"Accueil","item":"https:\/\/www.africa-press.net\/cotedivoire\/"},{"@type":"ListItem","position":2,"name":"Le gouvernement n\u2019a pas \u00e9t\u00e9 consult\u00e9 sur le 17 juin \u00ab\u00a0date du retour de Gbagbo\u201d, selon KKB et le Coulibaly (porte-parole)"}]},{"@type":"WebSite","@id":"https:\/\/www.africa-press.net\/cotedivoire\/#website","url":"https:\/\/www.africa-press.net\/cotedivoire\/","name":"C\u00f4te d&#039;Ivoire","description":"Just another Africa News Agency Sites site","potentialAction":[{"@type":"SearchAction","target":{"@type":"EntryPoint","urlTemplate":"https:\/\/www.africa-press.net\/cotedivoire\/?s={search_term_string}"},"query-input":{"@type":"PropertyValueSpecification","valueRequired":true,"valueName":"search_term_string"}}],"inLanguage":"fr-FR"},{"@type":"Person","@id":"https:\/\/www.africa-press.net\/cotedivoire\/#\/schema\/person\/2b1cf3cd81a31e3cd26889ca66d677f1","name":"cfeditorfr"}]}},"_links":{"self":[{"href":"https:\/\/www.africa-press.net\/cotedivoire\/wp-json\/wp\/v2\/posts\/8476","targetHints":{"allow":["GET"]}}],"collection":[{"href":"https:\/\/www.africa-press.net\/cotedivoire\/wp-json\/wp\/v2\/posts"}],"about":[{"href":"https:\/\/www.africa-press.net\/cotedivoire\/wp-json\/wp\/v2\/types\/post"}],"author":[{"embeddable":true,"href":"https:\/\/www.africa-press.net\/cotedivoire\/wp-json\/wp\/v2\/users\/82"}],"replies":[{"embeddable":true,"href":"https:\/\/www.africa-press.net\/cotedivoire\/wp-json\/wp\/v2\/comments?post=8476"}],"version-history":[{"count":0,"href":"https:\/\/www.africa-press.net\/cotedivoire\/wp-json\/wp\/v2\/posts\/8476\/revisions"}],"wp:featuredmedia":[{"embeddable":true,"href":"https:\/\/www.africa-press.net\/cotedivoire\/wp-json\/wp\/v2\/media\/8475"}],"wp:attachment":[{"href":"https:\/\/www.africa-press.net\/cotedivoire\/wp-json\/wp\/v2\/media?parent=8476"}],"wp:term":[{"taxonomy":"category","embeddable":true,"href":"https:\/\/www.africa-press.net\/cotedivoire\/wp-json\/wp\/v2\/categories?post=8476"},{"taxonomy":"post_tag","embeddable":true,"href":"https:\/\/www.africa-press.net\/cotedivoire\/wp-json\/wp\/v2\/tags?post=8476"}],"curies":[{"name":"wp","href":"https:\/\/api.w.org\/{rel}","templated":true}]}}