{"id":84844,"date":"2024-08-03T16:52:50","date_gmt":"2024-08-03T16:52:50","guid":{"rendered":"https:\/\/www.africa-press.net\/cotedivoire\/politique\/letat-sengage-a-favoriser-la-mobilite-des-artistes-au-plan-national-et-a-linternational-pour-ceux-qui-disposent-dune-carte-professionnelle-ainsi-que-dautres-avantages"},"modified":"2024-08-03T17:24:25","modified_gmt":"2024-08-03T17:24:25","slug":"letat-sengage-a-favoriser-la-mobilite-des-artistes-au-plan-national-et-a-linternational-pour-ceux-qui-disposent-dune-carte-professionnelle-ainsi-que-dautres-avantages","status":"publish","type":"post","link":"https:\/\/www.africa-press.net\/cotedivoire\/culture-et-art\/letat-sengage-a-favoriser-la-mobilite-des-artistes-au-plan-national-et-a-linternational-pour-ceux-qui-disposent-dune-carte-professionnelle-ainsi-que-dautres-avantages","title":{"rendered":"L&rsquo;Etat s&rsquo;engage \u00e0 favoriser la mobilit\u00e9 des artistes au plan national et \u00e0 l&rsquo;international pour ceux qui disposent d&rsquo;une carte professionnelle ainsi que d&rsquo;autres avantages"},"content":{"rendered":"<p><span style=\"color: #ff6600\"><strong>Africa-Press &#8211; C\u00f4te d&rsquo;Ivoire. <\/strong><\/span>L\u2019Etat ivoirien s\u2019engage a\u0300 favoriser la mobilite\u0301 des artistes qui disposent d\u2019une carte professionnelle. Le rappel a e\u0301te\u0301 fait par mardi dernier par la ministre de la Culture et de la Francophonie, Franc\u0327oise Remarck.<\/p>\n<p>\u00ab Lorsque la professionnelle de l\u2019artiste sera e\u0301tablie, l\u2019Etat s\u2019engage a\u0300 favoriser la mobilite\u0301 de l\u2019artiste professionnel sur le plan national et international \u00bb, a-t-elle assure\u0301.<\/p>\n<p>Selon Franc\u0327oise Remarck, le de\u0301cret du 20 octobre 2021 portant statut de l\u2019artiste dit qu\u2019il est alloue\u0301 a\u0300 l\u2019artiste une re\u0301mune\u0301ration minimum a\u0300 l\u2019occasion de chaque prestation sociale.<\/p>\n<p>\u00ab Quand vous aurez ce statut, vous serez reconnus partout. C\u2019est pour cela que nous devons aujourd\u2019hui travailler ensemble pour vous donner ce statut. Ame\u0301liorer les conditions sociales de la vie des artistes, c\u2019est changer le regard de la socie\u0301te\u0301 sur eux \u00bb, a explique\u0301 la ministre. Non sans saluer l\u2019UNESCO qui finance en partie ce projet.<\/p>\n<p>Les artistes sont classe\u0301s dans le Re\u0301gime social des Travailleurs inde\u0301pendants (RSTI) et peuvent be\u0301ne\u0301ficier de la Couverture maladie universelle, souligne-t-on.<\/p>\n<p>Ils peuvent aussi be\u0301ne\u0301ficier d\u2019une pension de retraite de la CNPS qui leur versera a\u0300 vie a\u0300 partir de 60 ans.<\/p>\n<p>S\u2019ils produisent maintenant au RSTI, ils vont be\u0301ne\u0301ficier, non seulement d\u2019une pension de retraite, mais e\u0301galement s\u2019ils se pre\u0301munissent pendant leur pe\u0301riode d\u2019activite\u0301 contre les accidents du travail et la maladie professionnelle, rele\u0300ve-t-on.<\/p>\n<p><strong>Pour plus d&rsquo;informations et d&rsquo;analyses sur la C\u00f4te d&rsquo;Ivoire, suivez Africa-Press<\/strong><\/p>\n","protected":false},"excerpt":{"rendered":"<p>Africa-Press &#8211; C\u00f4te d&rsquo;Ivoire. L\u2019Etat ivoirien s\u2019engage a\u0300 favoriser la mobilite\u0301 des artistes qui disposent d\u2019une carte professionnelle. Le rappel a e\u0301te\u0301 fait par mardi dernier par la ministre de la Culture et de la Francophonie, Franc\u0327oise Remarck. \u00ab Lorsque la professionnelle de l\u2019artiste sera e\u0301tablie, l\u2019Etat s\u2019engage a\u0300 favoriser la mobilite\u0301 de l\u2019artiste professionnel [&hellip;]<\/p>\n","protected":false},"author":82,"featured_media":84842,"comment_status":"open","ping_status":"closed","sticky":false,"template":"","format":"standard","meta":{"footnotes":""},"categories":[5,10],"tags":[1815,14370,835,29,7826,512,14371,833],"class_list":["post-84844","post","type-post","status-publish","format-standard","has-post-thumbnail","hentry","category-culture-et-art","category-toutes-les-actualites","tag-artistes","tag-carte-professionnelle","tag-cnps","tag-cote-divoire","tag-francoise-remarck","tag-mobilite","tag-prestation-sociale","tag-rsti"],"yoast_head":"<!-- This site is optimized with the Yoast SEO Premium plugin v26.1 (Yoast SEO v27.0) - https:\/\/yoast.com\/product\/yoast-seo-premium-wordpress\/ -->\n<title>L&#039;Etat s&#039;engage \u00e0 favoriser la mobilit\u00e9 des artistes au plan national et \u00e0 l&#039;international pour ceux qui disposent d&#039;une carte professionnelle ainsi que d&#039;autres avantages - C\u00f4te d&#039;Ivoire<\/title>\n<meta name=\"description\" content=\"L\u2019Etat ivoirien s\u2019engage a\u0300 favoriser la mobilite\u0301 des artistes qui disposent d\u2019une carte professionnelle. Le rappel a e ...\" \/>\n<meta name=\"robots\" content=\"index, follow, max-snippet:-1, max-image-preview:large, max-video-preview:-1\" \/>\n<link rel=\"canonical\" href=\"https:\/\/www.africa-press.net\/cotedivoire\/culture-et-art\/letat-sengage-a-favoriser-la-mobilite-des-artistes-au-plan-national-et-a-linternational-pour-ceux-qui-disposent-dune-carte-professionnelle-ainsi-que-dautres-avantages\" \/>\n<meta property=\"og:locale\" content=\"fr_FR\" \/>\n<meta property=\"og:type\" content=\"article\" \/>\n<meta property=\"og:title\" content=\"L&#039;Etat s&#039;engage \u00e0 favoriser la mobilit\u00e9 des artistes au plan national et \u00e0 l&#039;international pour ceux qui disposent d&#039;une carte professionnelle ainsi que d&#039;autres avantages\" \/>\n<meta property=\"og:description\" content=\"L\u2019Etat ivoirien s\u2019engage a\u0300 favoriser la mobilite\u0301 des artistes qui disposent d\u2019une carte professionnelle. Le rappel a e ...\" \/>\n<meta property=\"og:url\" content=\"https:\/\/www.africa-press.net\/cotedivoire\/culture-et-art\/letat-sengage-a-favoriser-la-mobilite-des-artistes-au-plan-national-et-a-linternational-pour-ceux-qui-disposent-dune-carte-professionnelle-ainsi-que-dautres-avantages\" \/>\n<meta property=\"og:site_name\" content=\"C\u00f4te d&#039;Ivoire\" \/>\n<meta property=\"article:published_time\" content=\"2024-08-03T16:52:50+00:00\" \/>\n<meta property=\"article:modified_time\" content=\"2024-08-03T17:24:25+00:00\" \/>\n<meta property=\"og:image\" content=\"https:\/\/static.africa-press.net\/cote\/sites\/43\/2024\/08\/sm_1722693242.271347.jpg\" \/>\n\t<meta property=\"og:image:width\" content=\"720\" \/>\n\t<meta property=\"og:image:height\" content=\"480\" \/>\n\t<meta property=\"og:image:type\" content=\"image\/jpeg\" \/>\n<meta name=\"author\" content=\"cfeditorfr\" \/>\n<meta name=\"twitter:card\" content=\"summary_large_image\" \/>\n<meta name=\"twitter:label1\" content=\"\u00c9crit par\" \/>\n\t<meta name=\"twitter:data1\" content=\"cfeditorfr\" \/>\n\t<meta name=\"twitter:label2\" content=\"Dur\u00e9e de lecture estim\u00e9e\" \/>\n\t<meta name=\"twitter:data2\" content=\"2 minutes\" \/>\n<script type=\"application\/ld+json\" class=\"yoast-schema-graph\">{\"@context\":\"https:\/\/schema.org\",\"@graph\":[{\"@type\":\"Article\",\"@id\":\"https:\/\/www.africa-press.net\/cotedivoire\/culture-et-art\/letat-sengage-a-favoriser-la-mobilite-des-artistes-au-plan-national-et-a-linternational-pour-ceux-qui-disposent-dune-carte-professionnelle-ainsi-que-dautres-avantages#article\",\"isPartOf\":{\"@id\":\"https:\/\/www.africa-press.net\/cotedivoire\/culture-et-art\/letat-sengage-a-favoriser-la-mobilite-des-artistes-au-plan-national-et-a-linternational-pour-ceux-qui-disposent-dune-carte-professionnelle-ainsi-que-dautres-avantages\"},\"author\":{\"name\":\"cfeditorfr\",\"@id\":\"https:\/\/www.africa-press.net\/cotedivoire\/#\/schema\/person\/2b1cf3cd81a31e3cd26889ca66d677f1\"},\"headline\":\"L&rsquo;Etat s&rsquo;engage \u00e0 favoriser la mobilit\u00e9 des artistes au plan national et \u00e0 l&rsquo;international pour ceux qui disposent d&rsquo;une carte professionnelle ainsi que d&rsquo;autres avantages\",\"datePublished\":\"2024-08-03T16:52:50+00:00\",\"dateModified\":\"2024-08-03T17:24:25+00:00\",\"mainEntityOfPage\":{\"@id\":\"https:\/\/www.africa-press.net\/cotedivoire\/culture-et-art\/letat-sengage-a-favoriser-la-mobilite-des-artistes-au-plan-national-et-a-linternational-pour-ceux-qui-disposent-dune-carte-professionnelle-ainsi-que-dautres-avantages\"},\"wordCount\":304,\"commentCount\":0,\"image\":{\"@id\":\"https:\/\/www.africa-press.net\/cotedivoire\/culture-et-art\/letat-sengage-a-favoriser-la-mobilite-des-artistes-au-plan-national-et-a-linternational-pour-ceux-qui-disposent-dune-carte-professionnelle-ainsi-que-dautres-avantages#primaryimage\"},\"thumbnailUrl\":\"https:\/\/static.africa-press.net\/cote\/sites\/43\/2024\/08\/sm_1722693242.271347.jpg\",\"keywords\":[\"artistes\",\"carte professionnelle\",\"CNPS\",\"C\u00d4TE D'IVOIRE\",\"Fran\u00e7oise Remarck\",\"Mobilit\u00e9\",\"prestation sociale\",\"RSTI\"],\"articleSection\":[\"Culture et Art\",\"Toutes les actualit\u00e9s\"],\"inLanguage\":\"fr-FR\",\"potentialAction\":[{\"@type\":\"CommentAction\",\"name\":\"Comment\",\"target\":[\"https:\/\/www.africa-press.net\/cotedivoire\/culture-et-art\/letat-sengage-a-favoriser-la-mobilite-des-artistes-au-plan-national-et-a-linternational-pour-ceux-qui-disposent-dune-carte-professionnelle-ainsi-que-dautres-avantages#respond\"]}]},{\"@type\":\"WebPage\",\"@id\":\"https:\/\/www.africa-press.net\/cotedivoire\/culture-et-art\/letat-sengage-a-favoriser-la-mobilite-des-artistes-au-plan-national-et-a-linternational-pour-ceux-qui-disposent-dune-carte-professionnelle-ainsi-que-dautres-avantages\",\"url\":\"https:\/\/www.africa-press.net\/cotedivoire\/culture-et-art\/letat-sengage-a-favoriser-la-mobilite-des-artistes-au-plan-national-et-a-linternational-pour-ceux-qui-disposent-dune-carte-professionnelle-ainsi-que-dautres-avantages\",\"name\":\"L'Etat s'engage \u00e0 favoriser la mobilit\u00e9 des artistes au plan national et \u00e0 l'international pour ceux qui disposent d'une carte professionnelle ainsi que d'autres avantages - C\u00f4te d&#039;Ivoire\",\"isPartOf\":{\"@id\":\"https:\/\/www.africa-press.net\/cotedivoire\/#website\"},\"primaryImageOfPage\":{\"@id\":\"https:\/\/www.africa-press.net\/cotedivoire\/culture-et-art\/letat-sengage-a-favoriser-la-mobilite-des-artistes-au-plan-national-et-a-linternational-pour-ceux-qui-disposent-dune-carte-professionnelle-ainsi-que-dautres-avantages#primaryimage\"},\"image\":{\"@id\":\"https:\/\/www.africa-press.net\/cotedivoire\/culture-et-art\/letat-sengage-a-favoriser-la-mobilite-des-artistes-au-plan-national-et-a-linternational-pour-ceux-qui-disposent-dune-carte-professionnelle-ainsi-que-dautres-avantages#primaryimage\"},\"thumbnailUrl\":\"https:\/\/static.africa-press.net\/cote\/sites\/43\/2024\/08\/sm_1722693242.271347.jpg\",\"datePublished\":\"2024-08-03T16:52:50+00:00\",\"dateModified\":\"2024-08-03T17:24:25+00:00\",\"author\":{\"@id\":\"https:\/\/www.africa-press.net\/cotedivoire\/#\/schema\/person\/2b1cf3cd81a31e3cd26889ca66d677f1\"},\"description\":\"L\u2019Etat ivoirien s\u2019engage a\u0300 favoriser la mobilite\u0301 des artistes qui disposent d\u2019une carte professionnelle. Le rappel a e ...\",\"breadcrumb\":{\"@id\":\"https:\/\/www.africa-press.net\/cotedivoire\/culture-et-art\/letat-sengage-a-favoriser-la-mobilite-des-artistes-au-plan-national-et-a-linternational-pour-ceux-qui-disposent-dune-carte-professionnelle-ainsi-que-dautres-avantages#breadcrumb\"},\"inLanguage\":\"fr-FR\",\"potentialAction\":[{\"@type\":\"ReadAction\",\"target\":[\"https:\/\/www.africa-press.net\/cotedivoire\/culture-et-art\/letat-sengage-a-favoriser-la-mobilite-des-artistes-au-plan-national-et-a-linternational-pour-ceux-qui-disposent-dune-carte-professionnelle-ainsi-que-dautres-avantages\"]}]},{\"@type\":\"ImageObject\",\"inLanguage\":\"fr-FR\",\"@id\":\"https:\/\/www.africa-press.net\/cotedivoire\/culture-et-art\/letat-sengage-a-favoriser-la-mobilite-des-artistes-au-plan-national-et-a-linternational-pour-ceux-qui-disposent-dune-carte-professionnelle-ainsi-que-dautres-avantages#primaryimage\",\"url\":\"https:\/\/static.africa-press.net\/cote\/sites\/43\/2024\/08\/sm_1722693242.271347.jpg\",\"contentUrl\":\"https:\/\/static.africa-press.net\/cote\/sites\/43\/2024\/08\/sm_1722693242.271347.jpg\",\"width\":720,\"height\":480,\"caption\":\"L'Etat s'engage \u00e0 favoriser la mobilit\u00e9 des artistes au plan national et \u00e0 l'international pour ceux qui disposent d'une carte professionnelle ainsi que d'autres avantages\"},{\"@type\":\"BreadcrumbList\",\"@id\":\"https:\/\/www.africa-press.net\/cotedivoire\/culture-et-art\/letat-sengage-a-favoriser-la-mobilite-des-artistes-au-plan-national-et-a-linternational-pour-ceux-qui-disposent-dune-carte-professionnelle-ainsi-que-dautres-avantages#breadcrumb\",\"itemListElement\":[{\"@type\":\"ListItem\",\"position\":1,\"name\":\"Accueil\",\"item\":\"https:\/\/www.africa-press.net\/cotedivoire\/\"},{\"@type\":\"ListItem\",\"position\":2,\"name\":\"L&#8217;Etat s&#8217;engage \u00e0 favoriser la mobilit\u00e9 des artistes au plan national et \u00e0 l&#8217;international pour ceux qui disposent d&#8217;une carte professionnelle ainsi que d&#8217;autres avantages\"}]},{\"@type\":\"WebSite\",\"@id\":\"https:\/\/www.africa-press.net\/cotedivoire\/#website\",\"url\":\"https:\/\/www.africa-press.net\/cotedivoire\/\",\"name\":\"C\u00f4te d&#039;Ivoire\",\"description\":\"Just another Africa News Agency Sites site\",\"potentialAction\":[{\"@type\":\"SearchAction\",\"target\":{\"@type\":\"EntryPoint\",\"urlTemplate\":\"https:\/\/www.africa-press.net\/cotedivoire\/?s={search_term_string}\"},\"query-input\":{\"@type\":\"PropertyValueSpecification\",\"valueRequired\":true,\"valueName\":\"search_term_string\"}}],\"inLanguage\":\"fr-FR\"},{\"@type\":\"Person\",\"@id\":\"https:\/\/www.africa-press.net\/cotedivoire\/#\/schema\/person\/2b1cf3cd81a31e3cd26889ca66d677f1\",\"name\":\"cfeditorfr\"}]}<\/script>\n<!-- \/ Yoast SEO Premium plugin. -->","yoast_head_json":{"title":"L'Etat s'engage \u00e0 favoriser la mobilit\u00e9 des artistes au plan national et \u00e0 l'international pour ceux qui disposent d'une carte professionnelle ainsi que d'autres avantages - C\u00f4te d&#039;Ivoire","description":"L\u2019Etat ivoirien s\u2019engage a\u0300 favoriser la mobilite\u0301 des artistes qui disposent d\u2019une carte professionnelle. Le rappel a e ...","robots":{"index":"index","follow":"follow","max-snippet":"max-snippet:-1","max-image-preview":"max-image-preview:large","max-video-preview":"max-video-preview:-1"},"canonical":"https:\/\/www.africa-press.net\/cotedivoire\/culture-et-art\/letat-sengage-a-favoriser-la-mobilite-des-artistes-au-plan-national-et-a-linternational-pour-ceux-qui-disposent-dune-carte-professionnelle-ainsi-que-dautres-avantages","og_locale":"fr_FR","og_type":"article","og_title":"L'Etat s'engage \u00e0 favoriser la mobilit\u00e9 des artistes au plan national et \u00e0 l'international pour ceux qui disposent d'une carte professionnelle ainsi que d'autres avantages","og_description":"L\u2019Etat ivoirien s\u2019engage a\u0300 favoriser la mobilite\u0301 des artistes qui disposent d\u2019une carte professionnelle. Le rappel a e ...","og_url":"https:\/\/www.africa-press.net\/cotedivoire\/culture-et-art\/letat-sengage-a-favoriser-la-mobilite-des-artistes-au-plan-national-et-a-linternational-pour-ceux-qui-disposent-dune-carte-professionnelle-ainsi-que-dautres-avantages","og_site_name":"C\u00f4te d&#039;Ivoire","article_published_time":"2024-08-03T16:52:50+00:00","article_modified_time":"2024-08-03T17:24:25+00:00","og_image":[{"width":720,"height":480,"url":"https:\/\/static.africa-press.net\/cote\/sites\/43\/2024\/08\/sm_1722693242.271347.jpg","type":"image\/jpeg"}],"author":"cfeditorfr","twitter_card":"summary_large_image","twitter_misc":{"\u00c9crit par":"cfeditorfr","Dur\u00e9e de lecture estim\u00e9e":"2 minutes"},"schema":{"@context":"https:\/\/schema.org","@graph":[{"@type":"Article","@id":"https:\/\/www.africa-press.net\/cotedivoire\/culture-et-art\/letat-sengage-a-favoriser-la-mobilite-des-artistes-au-plan-national-et-a-linternational-pour-ceux-qui-disposent-dune-carte-professionnelle-ainsi-que-dautres-avantages#article","isPartOf":{"@id":"https:\/\/www.africa-press.net\/cotedivoire\/culture-et-art\/letat-sengage-a-favoriser-la-mobilite-des-artistes-au-plan-national-et-a-linternational-pour-ceux-qui-disposent-dune-carte-professionnelle-ainsi-que-dautres-avantages"},"author":{"name":"cfeditorfr","@id":"https:\/\/www.africa-press.net\/cotedivoire\/#\/schema\/person\/2b1cf3cd81a31e3cd26889ca66d677f1"},"headline":"L&rsquo;Etat s&rsquo;engage \u00e0 favoriser la mobilit\u00e9 des artistes au plan national et \u00e0 l&rsquo;international pour ceux qui disposent d&rsquo;une carte professionnelle ainsi que d&rsquo;autres avantages","datePublished":"2024-08-03T16:52:50+00:00","dateModified":"2024-08-03T17:24:25+00:00","mainEntityOfPage":{"@id":"https:\/\/www.africa-press.net\/cotedivoire\/culture-et-art\/letat-sengage-a-favoriser-la-mobilite-des-artistes-au-plan-national-et-a-linternational-pour-ceux-qui-disposent-dune-carte-professionnelle-ainsi-que-dautres-avantages"},"wordCount":304,"commentCount":0,"image":{"@id":"https:\/\/www.africa-press.net\/cotedivoire\/culture-et-art\/letat-sengage-a-favoriser-la-mobilite-des-artistes-au-plan-national-et-a-linternational-pour-ceux-qui-disposent-dune-carte-professionnelle-ainsi-que-dautres-avantages#primaryimage"},"thumbnailUrl":"https:\/\/static.africa-press.net\/cote\/sites\/43\/2024\/08\/sm_1722693242.271347.jpg","keywords":["artistes","carte professionnelle","CNPS","C\u00d4TE D'IVOIRE","Fran\u00e7oise Remarck","Mobilit\u00e9","prestation sociale","RSTI"],"articleSection":["Culture et Art","Toutes les actualit\u00e9s"],"inLanguage":"fr-FR","potentialAction":[{"@type":"CommentAction","name":"Comment","target":["https:\/\/www.africa-press.net\/cotedivoire\/culture-et-art\/letat-sengage-a-favoriser-la-mobilite-des-artistes-au-plan-national-et-a-linternational-pour-ceux-qui-disposent-dune-carte-professionnelle-ainsi-que-dautres-avantages#respond"]}]},{"@type":"WebPage","@id":"https:\/\/www.africa-press.net\/cotedivoire\/culture-et-art\/letat-sengage-a-favoriser-la-mobilite-des-artistes-au-plan-national-et-a-linternational-pour-ceux-qui-disposent-dune-carte-professionnelle-ainsi-que-dautres-avantages","url":"https:\/\/www.africa-press.net\/cotedivoire\/culture-et-art\/letat-sengage-a-favoriser-la-mobilite-des-artistes-au-plan-national-et-a-linternational-pour-ceux-qui-disposent-dune-carte-professionnelle-ainsi-que-dautres-avantages","name":"L'Etat s'engage \u00e0 favoriser la mobilit\u00e9 des artistes au plan national et \u00e0 l'international pour ceux qui disposent d'une carte professionnelle ainsi que d'autres avantages - C\u00f4te d&#039;Ivoire","isPartOf":{"@id":"https:\/\/www.africa-press.net\/cotedivoire\/#website"},"primaryImageOfPage":{"@id":"https:\/\/www.africa-press.net\/cotedivoire\/culture-et-art\/letat-sengage-a-favoriser-la-mobilite-des-artistes-au-plan-national-et-a-linternational-pour-ceux-qui-disposent-dune-carte-professionnelle-ainsi-que-dautres-avantages#primaryimage"},"image":{"@id":"https:\/\/www.africa-press.net\/cotedivoire\/culture-et-art\/letat-sengage-a-favoriser-la-mobilite-des-artistes-au-plan-national-et-a-linternational-pour-ceux-qui-disposent-dune-carte-professionnelle-ainsi-que-dautres-avantages#primaryimage"},"thumbnailUrl":"https:\/\/static.africa-press.net\/cote\/sites\/43\/2024\/08\/sm_1722693242.271347.jpg","datePublished":"2024-08-03T16:52:50+00:00","dateModified":"2024-08-03T17:24:25+00:00","author":{"@id":"https:\/\/www.africa-press.net\/cotedivoire\/#\/schema\/person\/2b1cf3cd81a31e3cd26889ca66d677f1"},"description":"L\u2019Etat ivoirien s\u2019engage a\u0300 favoriser la mobilite\u0301 des artistes qui disposent d\u2019une carte professionnelle. Le rappel a e ...","breadcrumb":{"@id":"https:\/\/www.africa-press.net\/cotedivoire\/culture-et-art\/letat-sengage-a-favoriser-la-mobilite-des-artistes-au-plan-national-et-a-linternational-pour-ceux-qui-disposent-dune-carte-professionnelle-ainsi-que-dautres-avantages#breadcrumb"},"inLanguage":"fr-FR","potentialAction":[{"@type":"ReadAction","target":["https:\/\/www.africa-press.net\/cotedivoire\/culture-et-art\/letat-sengage-a-favoriser-la-mobilite-des-artistes-au-plan-national-et-a-linternational-pour-ceux-qui-disposent-dune-carte-professionnelle-ainsi-que-dautres-avantages"]}]},{"@type":"ImageObject","inLanguage":"fr-FR","@id":"https:\/\/www.africa-press.net\/cotedivoire\/culture-et-art\/letat-sengage-a-favoriser-la-mobilite-des-artistes-au-plan-national-et-a-linternational-pour-ceux-qui-disposent-dune-carte-professionnelle-ainsi-que-dautres-avantages#primaryimage","url":"https:\/\/static.africa-press.net\/cote\/sites\/43\/2024\/08\/sm_1722693242.271347.jpg","contentUrl":"https:\/\/static.africa-press.net\/cote\/sites\/43\/2024\/08\/sm_1722693242.271347.jpg","width":720,"height":480,"caption":"L'Etat s'engage \u00e0 favoriser la mobilit\u00e9 des artistes au plan national et \u00e0 l'international pour ceux qui disposent d'une carte professionnelle ainsi que d'autres avantages"},{"@type":"BreadcrumbList","@id":"https:\/\/www.africa-press.net\/cotedivoire\/culture-et-art\/letat-sengage-a-favoriser-la-mobilite-des-artistes-au-plan-national-et-a-linternational-pour-ceux-qui-disposent-dune-carte-professionnelle-ainsi-que-dautres-avantages#breadcrumb","itemListElement":[{"@type":"ListItem","position":1,"name":"Accueil","item":"https:\/\/www.africa-press.net\/cotedivoire\/"},{"@type":"ListItem","position":2,"name":"L&#8217;Etat s&#8217;engage \u00e0 favoriser la mobilit\u00e9 des artistes au plan national et \u00e0 l&#8217;international pour ceux qui disposent d&#8217;une carte professionnelle ainsi que d&#8217;autres avantages"}]},{"@type":"WebSite","@id":"https:\/\/www.africa-press.net\/cotedivoire\/#website","url":"https:\/\/www.africa-press.net\/cotedivoire\/","name":"C\u00f4te d&#039;Ivoire","description":"Just another Africa News Agency Sites site","potentialAction":[{"@type":"SearchAction","target":{"@type":"EntryPoint","urlTemplate":"https:\/\/www.africa-press.net\/cotedivoire\/?s={search_term_string}"},"query-input":{"@type":"PropertyValueSpecification","valueRequired":true,"valueName":"search_term_string"}}],"inLanguage":"fr-FR"},{"@type":"Person","@id":"https:\/\/www.africa-press.net\/cotedivoire\/#\/schema\/person\/2b1cf3cd81a31e3cd26889ca66d677f1","name":"cfeditorfr"}]}},"_links":{"self":[{"href":"https:\/\/www.africa-press.net\/cotedivoire\/wp-json\/wp\/v2\/posts\/84844","targetHints":{"allow":["GET"]}}],"collection":[{"href":"https:\/\/www.africa-press.net\/cotedivoire\/wp-json\/wp\/v2\/posts"}],"about":[{"href":"https:\/\/www.africa-press.net\/cotedivoire\/wp-json\/wp\/v2\/types\/post"}],"author":[{"embeddable":true,"href":"https:\/\/www.africa-press.net\/cotedivoire\/wp-json\/wp\/v2\/users\/82"}],"replies":[{"embeddable":true,"href":"https:\/\/www.africa-press.net\/cotedivoire\/wp-json\/wp\/v2\/comments?post=84844"}],"version-history":[{"count":0,"href":"https:\/\/www.africa-press.net\/cotedivoire\/wp-json\/wp\/v2\/posts\/84844\/revisions"}],"wp:featuredmedia":[{"embeddable":true,"href":"https:\/\/www.africa-press.net\/cotedivoire\/wp-json\/wp\/v2\/media\/84842"}],"wp:attachment":[{"href":"https:\/\/www.africa-press.net\/cotedivoire\/wp-json\/wp\/v2\/media?parent=84844"}],"wp:term":[{"taxonomy":"category","embeddable":true,"href":"https:\/\/www.africa-press.net\/cotedivoire\/wp-json\/wp\/v2\/categories?post=84844"},{"taxonomy":"post_tag","embeddable":true,"href":"https:\/\/www.africa-press.net\/cotedivoire\/wp-json\/wp\/v2\/tags?post=84844"}],"curies":[{"name":"wp","href":"https:\/\/api.w.org\/{rel}","templated":true}]}}