{"id":84888,"date":"2024-08-04T17:41:37","date_gmt":"2024-08-04T17:41:37","guid":{"rendered":"https:\/\/www.africa-press.net\/cotedivoire\/politique\/presidentielle-2025-le-ppa-ci-jacqueville-lance-loperation-caution-de-gbagbo-et-mobilise-ses-troupes-pour-soutenir-sa-candidature"},"modified":"2024-08-04T18:38:30","modified_gmt":"2024-08-04T18:38:30","slug":"presidentielle-2025-le-ppa-ci-jacqueville-lance-loperation-caution-de-gbagbo-et-mobilise-ses-troupes-pour-soutenir-sa-candidature","status":"publish","type":"post","link":"https:\/\/www.africa-press.net\/cotedivoire\/politique\/presidentielle-2025-le-ppa-ci-jacqueville-lance-loperation-caution-de-gbagbo-et-mobilise-ses-troupes-pour-soutenir-sa-candidature","title":{"rendered":"Pr\u00e9sidentielle 2025, le PPA-CI Jacqueville lance \u00abl&rsquo;op\u00e9ration caution de Gbagbo\u00bb et mobilise ses troupes pour soutenir sa candidature"},"content":{"rendered":"<p><span style=\"color: #ff6600\"><strong>Africa-Press &#8211; C\u00f4te d&rsquo;Ivoire. <\/strong><\/span>Dans un cadre convivial, l\u2019ho\u0302tel immacule\u0301 plage de Jacqueville a accueilli un se\u0301minaire organise\u0301 par la fe\u0301de\u0301ration PPA-CI de Jacqueville commune, destine\u0301 a\u0300 ses militants de base. Ce se\u0301minaire, qui a eu lieu le samedi 3 aou\u0302t 2024, avait pour objectif principal de redynamiser la fe\u0301de\u0301ration en vue de garantir une large victoire a\u0300 Laurent Gbagbo lors de l\u2019e\u0301lection pre\u0301sidentielle de 2025.<\/p>\n<p>La rencontre a vu la participation active de diverses sections de la fe\u0301de\u0301ration, permettant ainsi un e\u0301change constructif sur des the\u0301matiques essentielles pour le succe\u0300s de leur candidat. Le fe\u0301de\u0301ral Yvon Digre\u0301, accompagne\u0301 de son bureau, a pris la parole pour souligner l&rsquo;importance de cette initiative.<\/p>\n<p>Les discussions ont porte\u0301 sur des sujets varie\u0301s tels que la cohe\u0301sion au sein du groupe, l\u2019importance de l\u2019implantation locale, et la ne\u0301cessite\u0301 de garantir l&rsquo;e\u0301tat civil des militants et sympathisants. Les participants ont e\u0301galement aborde\u0301 des questions cruciales comme la mobilisation des troupes, l&rsquo;engagement des cadres du parti, et la visibilite\u0301 de PPA-CI dans la commune.<\/p>\n<p>Une attention particulie\u0300re a e\u0301te\u0301 accorde\u0301e a\u0300 la situation des jeunes et des femmes, des e\u0301le\u0301ments cle\u0301s pour le de\u0301veloppement du parti, ainsi qu\u2019a\u0300 la sante\u0301 financie\u0300re de la fe\u0301de\u0301ration. Les e\u0301changes se sont de\u0301roule\u0301s dans un climat de franchise, ou\u0300 chaque intervenant a pu exprimer ses ide\u0301es sans retenue, ce qui a permis de tracer un plan d\u2019action concret pour les mois a\u0300 venir.<\/p>\n<p>Le se\u0301minaire a e\u0301galement e\u0301te\u0301 enrichi par la pre\u0301sence de plusieurs membres de la direction du PPA-CI. Des personnalite\u0301s telles que Kaza Djah, pre\u0301sident de la Commission E\u0301lectorale et Application Nume\u0301rique du Parti, et Crizoa Anangaman, secre\u0301taire ge\u0301ne\u0301ral adjoint, ont partage\u0301 leur expertise avec les militants. Le coordonnateur re\u0301gional des Grands Ponts a d\u2019ailleurs captive\u0301 l\u2019auditoire avec un expose\u0301 pertinent sur le the\u0300me central du se\u0301minaire, suscitant de vives re\u0301actions et une grande appre\u0301ciation de la part des participants.<\/p>\n<p>Un des moments forts de cette rencontre a e\u0301te\u0301 l\u2019annonce d\u2019une contribution significative de la fe\u0301de\u0301ration de Jacqueville commune. En effet, un montant de 500 000 francs a e\u0301te\u0301 offert pour soutenir le paiement de la caution du candidat Laurent Gbagbo, un geste qui a e\u0301te\u0301 accueilli avec enthousiasme par les membres de la direction du Parti. Cette contribution symbolise non seulement un soutien financier, mais aussi un engagement moral fort en faveur de la candidature de Gbagbo pour les e\u0301lections a\u0300 venir.<\/p>\n<p>Les membres de la direction ont vivement fe\u0301licite\u0301 la fe\u0301de\u0301ration de Jacqueville pour cette initiative, en les incitant a\u0300 poursuivre sur cette lance\u0301e en matie\u0300re d&rsquo;organisation et de structuration. L&rsquo;objectif est clair: assurer une victoire indiscutable pour Laurent Gbagbo lors de l&rsquo;e\u0301lection pre\u0301sidentielle de 2025. Ce se\u0301minaire s&rsquo;est donc ave\u0301re\u0301 e\u0302tre un moment crucial pour la mobilisation des troupes et la structuration des efforts en vue d\u2019un retour triomphal de leur candidat, tout en lanc\u0327ant un appel a\u0300 d&rsquo;autres fe\u0301de\u0301rations pour qu&rsquo;elles emboi\u0302tent le pas et unissent leurs forces dans cette que\u0302te commune.<\/p>\n<p><strong>Pour plus d&rsquo;informations et d&rsquo;analyses sur la C\u00f4te d&rsquo;Ivoire, suivez Africa-Press<\/strong><\/p>\n","protected":false},"excerpt":{"rendered":"<p>Africa-Press &#8211; C\u00f4te d&rsquo;Ivoire. Dans un cadre convivial, l\u2019ho\u0302tel immacule\u0301 plage de Jacqueville a accueilli un se\u0301minaire organise\u0301 par la fe\u0301de\u0301ration PPA-CI de Jacqueville commune, destine\u0301 a\u0300 ses militants de base. Ce se\u0301minaire, qui a eu lieu le samedi 3 aou\u0302t 2024, avait pour objectif principal de redynamiser la fe\u0301de\u0301ration en vue de garantir une [&hellip;]<\/p>\n","protected":false},"author":82,"featured_media":84887,"comment_status":"open","ping_status":"closed","sticky":false,"template":"","format":"standard","meta":{"footnotes":""},"categories":[2,10],"tags":[29,9529,720,320,1948,1655,14381,1044,1952,14382],"class_list":["post-84888","post","type-post","status-publish","format-standard","has-post-thumbnail","hentry","category-politique","category-toutes-les-actualites","tag-cote-divoire","tag-crizoa","tag-federation","tag-gbagbo","tag-grand","tag-jacqueville","tag-kaza","tag-pont","tag-ppa-ci","tag-yvon-digre"],"yoast_head":"<!-- This site is optimized with the Yoast SEO Premium plugin v26.1 (Yoast SEO v27.0) - https:\/\/yoast.com\/product\/yoast-seo-premium-wordpress\/ -->\n<title>Pr\u00e9sidentielle 2025, le PPA-CI Jacqueville lance \u00abl&#039;op\u00e9ration caution de Gbagbo\u00bb et mobilise ses troupes pour soutenir sa candidature - C\u00f4te d&#039;Ivoire<\/title>\n<meta name=\"description\" content=\"Dans un cadre convivial, l\u2019ho\u0302tel immacule\u0301 plage de Jacqueville a accueilli un se\u0301minaire organise\u0301 par la fe\u0301de\u0301ration ...\" \/>\n<meta name=\"robots\" content=\"index, follow, max-snippet:-1, max-image-preview:large, max-video-preview:-1\" \/>\n<link rel=\"canonical\" href=\"https:\/\/www.africa-press.net\/cotedivoire\/politique\/presidentielle-2025-le-ppa-ci-jacqueville-lance-loperation-caution-de-gbagbo-et-mobilise-ses-troupes-pour-soutenir-sa-candidature\" \/>\n<meta property=\"og:locale\" content=\"fr_FR\" \/>\n<meta property=\"og:type\" content=\"article\" \/>\n<meta property=\"og:title\" content=\"Pr\u00e9sidentielle 2025, le PPA-CI Jacqueville lance \u00abl&#039;op\u00e9ration caution de Gbagbo\u00bb et mobilise ses troupes pour soutenir sa candidature\" \/>\n<meta property=\"og:description\" content=\"Dans un cadre convivial, l\u2019ho\u0302tel immacule\u0301 plage de Jacqueville a accueilli un se\u0301minaire organise\u0301 par la fe\u0301de\u0301ration ...\" \/>\n<meta property=\"og:url\" content=\"https:\/\/www.africa-press.net\/cotedivoire\/politique\/presidentielle-2025-le-ppa-ci-jacqueville-lance-loperation-caution-de-gbagbo-et-mobilise-ses-troupes-pour-soutenir-sa-candidature\" \/>\n<meta property=\"og:site_name\" content=\"C\u00f4te d&#039;Ivoire\" \/>\n<meta property=\"article:published_time\" content=\"2024-08-04T17:41:37+00:00\" \/>\n<meta property=\"article:modified_time\" content=\"2024-08-04T18:38:30+00:00\" \/>\n<meta property=\"og:image\" content=\"https:\/\/static.africa-press.net\/cote\/sites\/43\/2024\/08\/sm_1722783693.180589.jpg\" \/>\n\t<meta property=\"og:image:width\" content=\"720\" \/>\n\t<meta property=\"og:image:height\" content=\"397\" \/>\n\t<meta property=\"og:image:type\" content=\"image\/jpeg\" \/>\n<meta name=\"author\" content=\"cfeditorfr\" \/>\n<meta name=\"twitter:card\" content=\"summary_large_image\" \/>\n<meta name=\"twitter:label1\" content=\"\u00c9crit par\" \/>\n\t<meta name=\"twitter:data1\" content=\"cfeditorfr\" \/>\n\t<meta name=\"twitter:label2\" content=\"Dur\u00e9e de lecture estim\u00e9e\" \/>\n\t<meta name=\"twitter:data2\" content=\"3 minutes\" \/>\n<script type=\"application\/ld+json\" class=\"yoast-schema-graph\">{\"@context\":\"https:\/\/schema.org\",\"@graph\":[{\"@type\":\"Article\",\"@id\":\"https:\/\/www.africa-press.net\/cotedivoire\/politique\/presidentielle-2025-le-ppa-ci-jacqueville-lance-loperation-caution-de-gbagbo-et-mobilise-ses-troupes-pour-soutenir-sa-candidature#article\",\"isPartOf\":{\"@id\":\"https:\/\/www.africa-press.net\/cotedivoire\/politique\/presidentielle-2025-le-ppa-ci-jacqueville-lance-loperation-caution-de-gbagbo-et-mobilise-ses-troupes-pour-soutenir-sa-candidature\"},\"author\":{\"name\":\"cfeditorfr\",\"@id\":\"https:\/\/www.africa-press.net\/cotedivoire\/#\/schema\/person\/2b1cf3cd81a31e3cd26889ca66d677f1\"},\"headline\":\"Pr\u00e9sidentielle 2025, le PPA-CI Jacqueville lance \u00abl&rsquo;op\u00e9ration caution de Gbagbo\u00bb et mobilise ses troupes pour soutenir sa candidature\",\"datePublished\":\"2024-08-04T17:41:37+00:00\",\"dateModified\":\"2024-08-04T18:38:30+00:00\",\"mainEntityOfPage\":{\"@id\":\"https:\/\/www.africa-press.net\/cotedivoire\/politique\/presidentielle-2025-le-ppa-ci-jacqueville-lance-loperation-caution-de-gbagbo-et-mobilise-ses-troupes-pour-soutenir-sa-candidature\"},\"wordCount\":613,\"commentCount\":0,\"image\":{\"@id\":\"https:\/\/www.africa-press.net\/cotedivoire\/politique\/presidentielle-2025-le-ppa-ci-jacqueville-lance-loperation-caution-de-gbagbo-et-mobilise-ses-troupes-pour-soutenir-sa-candidature#primaryimage\"},\"thumbnailUrl\":\"https:\/\/static.africa-press.net\/cote\/sites\/43\/2024\/08\/sm_1722783693.180589.jpg\",\"keywords\":[\"C\u00d4TE D'IVOIRE\",\"Crizoa\",\"f\u00e9d\u00e9ration\",\"Gbagbo\",\"Grand\",\"Jacqueville\",\"Kaza\",\"pont\",\"PPA-CI\",\"Yvon Digr\u00e9\"],\"articleSection\":[\"Politique\",\"Toutes les actualit\u00e9s\"],\"inLanguage\":\"fr-FR\",\"potentialAction\":[{\"@type\":\"CommentAction\",\"name\":\"Comment\",\"target\":[\"https:\/\/www.africa-press.net\/cotedivoire\/politique\/presidentielle-2025-le-ppa-ci-jacqueville-lance-loperation-caution-de-gbagbo-et-mobilise-ses-troupes-pour-soutenir-sa-candidature#respond\"]}]},{\"@type\":\"WebPage\",\"@id\":\"https:\/\/www.africa-press.net\/cotedivoire\/politique\/presidentielle-2025-le-ppa-ci-jacqueville-lance-loperation-caution-de-gbagbo-et-mobilise-ses-troupes-pour-soutenir-sa-candidature\",\"url\":\"https:\/\/www.africa-press.net\/cotedivoire\/politique\/presidentielle-2025-le-ppa-ci-jacqueville-lance-loperation-caution-de-gbagbo-et-mobilise-ses-troupes-pour-soutenir-sa-candidature\",\"name\":\"Pr\u00e9sidentielle 2025, le PPA-CI Jacqueville lance \u00abl'op\u00e9ration caution de Gbagbo\u00bb et mobilise ses troupes pour soutenir sa candidature - C\u00f4te d&#039;Ivoire\",\"isPartOf\":{\"@id\":\"https:\/\/www.africa-press.net\/cotedivoire\/#website\"},\"primaryImageOfPage\":{\"@id\":\"https:\/\/www.africa-press.net\/cotedivoire\/politique\/presidentielle-2025-le-ppa-ci-jacqueville-lance-loperation-caution-de-gbagbo-et-mobilise-ses-troupes-pour-soutenir-sa-candidature#primaryimage\"},\"image\":{\"@id\":\"https:\/\/www.africa-press.net\/cotedivoire\/politique\/presidentielle-2025-le-ppa-ci-jacqueville-lance-loperation-caution-de-gbagbo-et-mobilise-ses-troupes-pour-soutenir-sa-candidature#primaryimage\"},\"thumbnailUrl\":\"https:\/\/static.africa-press.net\/cote\/sites\/43\/2024\/08\/sm_1722783693.180589.jpg\",\"datePublished\":\"2024-08-04T17:41:37+00:00\",\"dateModified\":\"2024-08-04T18:38:30+00:00\",\"author\":{\"@id\":\"https:\/\/www.africa-press.net\/cotedivoire\/#\/schema\/person\/2b1cf3cd81a31e3cd26889ca66d677f1\"},\"description\":\"Dans un cadre convivial, l\u2019ho\u0302tel immacule\u0301 plage de Jacqueville a accueilli un se\u0301minaire organise\u0301 par la fe\u0301de\u0301ration ...\",\"breadcrumb\":{\"@id\":\"https:\/\/www.africa-press.net\/cotedivoire\/politique\/presidentielle-2025-le-ppa-ci-jacqueville-lance-loperation-caution-de-gbagbo-et-mobilise-ses-troupes-pour-soutenir-sa-candidature#breadcrumb\"},\"inLanguage\":\"fr-FR\",\"potentialAction\":[{\"@type\":\"ReadAction\",\"target\":[\"https:\/\/www.africa-press.net\/cotedivoire\/politique\/presidentielle-2025-le-ppa-ci-jacqueville-lance-loperation-caution-de-gbagbo-et-mobilise-ses-troupes-pour-soutenir-sa-candidature\"]}]},{\"@type\":\"ImageObject\",\"inLanguage\":\"fr-FR\",\"@id\":\"https:\/\/www.africa-press.net\/cotedivoire\/politique\/presidentielle-2025-le-ppa-ci-jacqueville-lance-loperation-caution-de-gbagbo-et-mobilise-ses-troupes-pour-soutenir-sa-candidature#primaryimage\",\"url\":\"https:\/\/static.africa-press.net\/cote\/sites\/43\/2024\/08\/sm_1722783693.180589.jpg\",\"contentUrl\":\"https:\/\/static.africa-press.net\/cote\/sites\/43\/2024\/08\/sm_1722783693.180589.jpg\",\"width\":720,\"height\":397,\"caption\":\"Pr\u00e9sidentielle 2025, le PPA-CI Jacqueville lance \u00abl'op\u00e9ration caution de Gbagbo\u00bb et mobilise ses troupes pour soutenir sa candidature\"},{\"@type\":\"BreadcrumbList\",\"@id\":\"https:\/\/www.africa-press.net\/cotedivoire\/politique\/presidentielle-2025-le-ppa-ci-jacqueville-lance-loperation-caution-de-gbagbo-et-mobilise-ses-troupes-pour-soutenir-sa-candidature#breadcrumb\",\"itemListElement\":[{\"@type\":\"ListItem\",\"position\":1,\"name\":\"Accueil\",\"item\":\"https:\/\/www.africa-press.net\/cotedivoire\/\"},{\"@type\":\"ListItem\",\"position\":2,\"name\":\"Pr\u00e9sidentielle 2025, le PPA-CI Jacqueville lance \u00abl&#8217;op\u00e9ration caution de Gbagbo\u00bb et mobilise ses troupes pour soutenir sa candidature\"}]},{\"@type\":\"WebSite\",\"@id\":\"https:\/\/www.africa-press.net\/cotedivoire\/#website\",\"url\":\"https:\/\/www.africa-press.net\/cotedivoire\/\",\"name\":\"C\u00f4te d&#039;Ivoire\",\"description\":\"Just another Africa News Agency Sites site\",\"potentialAction\":[{\"@type\":\"SearchAction\",\"target\":{\"@type\":\"EntryPoint\",\"urlTemplate\":\"https:\/\/www.africa-press.net\/cotedivoire\/?s={search_term_string}\"},\"query-input\":{\"@type\":\"PropertyValueSpecification\",\"valueRequired\":true,\"valueName\":\"search_term_string\"}}],\"inLanguage\":\"fr-FR\"},{\"@type\":\"Person\",\"@id\":\"https:\/\/www.africa-press.net\/cotedivoire\/#\/schema\/person\/2b1cf3cd81a31e3cd26889ca66d677f1\",\"name\":\"cfeditorfr\"}]}<\/script>\n<!-- \/ Yoast SEO Premium plugin. -->","yoast_head_json":{"title":"Pr\u00e9sidentielle 2025, le PPA-CI Jacqueville lance \u00abl'op\u00e9ration caution de Gbagbo\u00bb et mobilise ses troupes pour soutenir sa candidature - C\u00f4te d&#039;Ivoire","description":"Dans un cadre convivial, l\u2019ho\u0302tel immacule\u0301 plage de Jacqueville a accueilli un se\u0301minaire organise\u0301 par la fe\u0301de\u0301ration ...","robots":{"index":"index","follow":"follow","max-snippet":"max-snippet:-1","max-image-preview":"max-image-preview:large","max-video-preview":"max-video-preview:-1"},"canonical":"https:\/\/www.africa-press.net\/cotedivoire\/politique\/presidentielle-2025-le-ppa-ci-jacqueville-lance-loperation-caution-de-gbagbo-et-mobilise-ses-troupes-pour-soutenir-sa-candidature","og_locale":"fr_FR","og_type":"article","og_title":"Pr\u00e9sidentielle 2025, le PPA-CI Jacqueville lance \u00abl'op\u00e9ration caution de Gbagbo\u00bb et mobilise ses troupes pour soutenir sa candidature","og_description":"Dans un cadre convivial, l\u2019ho\u0302tel immacule\u0301 plage de Jacqueville a accueilli un se\u0301minaire organise\u0301 par la fe\u0301de\u0301ration ...","og_url":"https:\/\/www.africa-press.net\/cotedivoire\/politique\/presidentielle-2025-le-ppa-ci-jacqueville-lance-loperation-caution-de-gbagbo-et-mobilise-ses-troupes-pour-soutenir-sa-candidature","og_site_name":"C\u00f4te d&#039;Ivoire","article_published_time":"2024-08-04T17:41:37+00:00","article_modified_time":"2024-08-04T18:38:30+00:00","og_image":[{"width":720,"height":397,"url":"https:\/\/static.africa-press.net\/cote\/sites\/43\/2024\/08\/sm_1722783693.180589.jpg","type":"image\/jpeg"}],"author":"cfeditorfr","twitter_card":"summary_large_image","twitter_misc":{"\u00c9crit par":"cfeditorfr","Dur\u00e9e de lecture estim\u00e9e":"3 minutes"},"schema":{"@context":"https:\/\/schema.org","@graph":[{"@type":"Article","@id":"https:\/\/www.africa-press.net\/cotedivoire\/politique\/presidentielle-2025-le-ppa-ci-jacqueville-lance-loperation-caution-de-gbagbo-et-mobilise-ses-troupes-pour-soutenir-sa-candidature#article","isPartOf":{"@id":"https:\/\/www.africa-press.net\/cotedivoire\/politique\/presidentielle-2025-le-ppa-ci-jacqueville-lance-loperation-caution-de-gbagbo-et-mobilise-ses-troupes-pour-soutenir-sa-candidature"},"author":{"name":"cfeditorfr","@id":"https:\/\/www.africa-press.net\/cotedivoire\/#\/schema\/person\/2b1cf3cd81a31e3cd26889ca66d677f1"},"headline":"Pr\u00e9sidentielle 2025, le PPA-CI Jacqueville lance \u00abl&rsquo;op\u00e9ration caution de Gbagbo\u00bb et mobilise ses troupes pour soutenir sa candidature","datePublished":"2024-08-04T17:41:37+00:00","dateModified":"2024-08-04T18:38:30+00:00","mainEntityOfPage":{"@id":"https:\/\/www.africa-press.net\/cotedivoire\/politique\/presidentielle-2025-le-ppa-ci-jacqueville-lance-loperation-caution-de-gbagbo-et-mobilise-ses-troupes-pour-soutenir-sa-candidature"},"wordCount":613,"commentCount":0,"image":{"@id":"https:\/\/www.africa-press.net\/cotedivoire\/politique\/presidentielle-2025-le-ppa-ci-jacqueville-lance-loperation-caution-de-gbagbo-et-mobilise-ses-troupes-pour-soutenir-sa-candidature#primaryimage"},"thumbnailUrl":"https:\/\/static.africa-press.net\/cote\/sites\/43\/2024\/08\/sm_1722783693.180589.jpg","keywords":["C\u00d4TE D'IVOIRE","Crizoa","f\u00e9d\u00e9ration","Gbagbo","Grand","Jacqueville","Kaza","pont","PPA-CI","Yvon Digr\u00e9"],"articleSection":["Politique","Toutes les actualit\u00e9s"],"inLanguage":"fr-FR","potentialAction":[{"@type":"CommentAction","name":"Comment","target":["https:\/\/www.africa-press.net\/cotedivoire\/politique\/presidentielle-2025-le-ppa-ci-jacqueville-lance-loperation-caution-de-gbagbo-et-mobilise-ses-troupes-pour-soutenir-sa-candidature#respond"]}]},{"@type":"WebPage","@id":"https:\/\/www.africa-press.net\/cotedivoire\/politique\/presidentielle-2025-le-ppa-ci-jacqueville-lance-loperation-caution-de-gbagbo-et-mobilise-ses-troupes-pour-soutenir-sa-candidature","url":"https:\/\/www.africa-press.net\/cotedivoire\/politique\/presidentielle-2025-le-ppa-ci-jacqueville-lance-loperation-caution-de-gbagbo-et-mobilise-ses-troupes-pour-soutenir-sa-candidature","name":"Pr\u00e9sidentielle 2025, le PPA-CI Jacqueville lance \u00abl'op\u00e9ration caution de Gbagbo\u00bb et mobilise ses troupes pour soutenir sa candidature - C\u00f4te d&#039;Ivoire","isPartOf":{"@id":"https:\/\/www.africa-press.net\/cotedivoire\/#website"},"primaryImageOfPage":{"@id":"https:\/\/www.africa-press.net\/cotedivoire\/politique\/presidentielle-2025-le-ppa-ci-jacqueville-lance-loperation-caution-de-gbagbo-et-mobilise-ses-troupes-pour-soutenir-sa-candidature#primaryimage"},"image":{"@id":"https:\/\/www.africa-press.net\/cotedivoire\/politique\/presidentielle-2025-le-ppa-ci-jacqueville-lance-loperation-caution-de-gbagbo-et-mobilise-ses-troupes-pour-soutenir-sa-candidature#primaryimage"},"thumbnailUrl":"https:\/\/static.africa-press.net\/cote\/sites\/43\/2024\/08\/sm_1722783693.180589.jpg","datePublished":"2024-08-04T17:41:37+00:00","dateModified":"2024-08-04T18:38:30+00:00","author":{"@id":"https:\/\/www.africa-press.net\/cotedivoire\/#\/schema\/person\/2b1cf3cd81a31e3cd26889ca66d677f1"},"description":"Dans un cadre convivial, l\u2019ho\u0302tel immacule\u0301 plage de Jacqueville a accueilli un se\u0301minaire organise\u0301 par la fe\u0301de\u0301ration ...","breadcrumb":{"@id":"https:\/\/www.africa-press.net\/cotedivoire\/politique\/presidentielle-2025-le-ppa-ci-jacqueville-lance-loperation-caution-de-gbagbo-et-mobilise-ses-troupes-pour-soutenir-sa-candidature#breadcrumb"},"inLanguage":"fr-FR","potentialAction":[{"@type":"ReadAction","target":["https:\/\/www.africa-press.net\/cotedivoire\/politique\/presidentielle-2025-le-ppa-ci-jacqueville-lance-loperation-caution-de-gbagbo-et-mobilise-ses-troupes-pour-soutenir-sa-candidature"]}]},{"@type":"ImageObject","inLanguage":"fr-FR","@id":"https:\/\/www.africa-press.net\/cotedivoire\/politique\/presidentielle-2025-le-ppa-ci-jacqueville-lance-loperation-caution-de-gbagbo-et-mobilise-ses-troupes-pour-soutenir-sa-candidature#primaryimage","url":"https:\/\/static.africa-press.net\/cote\/sites\/43\/2024\/08\/sm_1722783693.180589.jpg","contentUrl":"https:\/\/static.africa-press.net\/cote\/sites\/43\/2024\/08\/sm_1722783693.180589.jpg","width":720,"height":397,"caption":"Pr\u00e9sidentielle 2025, le PPA-CI Jacqueville lance \u00abl'op\u00e9ration caution de Gbagbo\u00bb et mobilise ses troupes pour soutenir sa candidature"},{"@type":"BreadcrumbList","@id":"https:\/\/www.africa-press.net\/cotedivoire\/politique\/presidentielle-2025-le-ppa-ci-jacqueville-lance-loperation-caution-de-gbagbo-et-mobilise-ses-troupes-pour-soutenir-sa-candidature#breadcrumb","itemListElement":[{"@type":"ListItem","position":1,"name":"Accueil","item":"https:\/\/www.africa-press.net\/cotedivoire\/"},{"@type":"ListItem","position":2,"name":"Pr\u00e9sidentielle 2025, le PPA-CI Jacqueville lance \u00abl&#8217;op\u00e9ration caution de Gbagbo\u00bb et mobilise ses troupes pour soutenir sa candidature"}]},{"@type":"WebSite","@id":"https:\/\/www.africa-press.net\/cotedivoire\/#website","url":"https:\/\/www.africa-press.net\/cotedivoire\/","name":"C\u00f4te d&#039;Ivoire","description":"Just another Africa News Agency Sites site","potentialAction":[{"@type":"SearchAction","target":{"@type":"EntryPoint","urlTemplate":"https:\/\/www.africa-press.net\/cotedivoire\/?s={search_term_string}"},"query-input":{"@type":"PropertyValueSpecification","valueRequired":true,"valueName":"search_term_string"}}],"inLanguage":"fr-FR"},{"@type":"Person","@id":"https:\/\/www.africa-press.net\/cotedivoire\/#\/schema\/person\/2b1cf3cd81a31e3cd26889ca66d677f1","name":"cfeditorfr"}]}},"_links":{"self":[{"href":"https:\/\/www.africa-press.net\/cotedivoire\/wp-json\/wp\/v2\/posts\/84888","targetHints":{"allow":["GET"]}}],"collection":[{"href":"https:\/\/www.africa-press.net\/cotedivoire\/wp-json\/wp\/v2\/posts"}],"about":[{"href":"https:\/\/www.africa-press.net\/cotedivoire\/wp-json\/wp\/v2\/types\/post"}],"author":[{"embeddable":true,"href":"https:\/\/www.africa-press.net\/cotedivoire\/wp-json\/wp\/v2\/users\/82"}],"replies":[{"embeddable":true,"href":"https:\/\/www.africa-press.net\/cotedivoire\/wp-json\/wp\/v2\/comments?post=84888"}],"version-history":[{"count":0,"href":"https:\/\/www.africa-press.net\/cotedivoire\/wp-json\/wp\/v2\/posts\/84888\/revisions"}],"wp:featuredmedia":[{"embeddable":true,"href":"https:\/\/www.africa-press.net\/cotedivoire\/wp-json\/wp\/v2\/media\/84887"}],"wp:attachment":[{"href":"https:\/\/www.africa-press.net\/cotedivoire\/wp-json\/wp\/v2\/media?parent=84888"}],"wp:term":[{"taxonomy":"category","embeddable":true,"href":"https:\/\/www.africa-press.net\/cotedivoire\/wp-json\/wp\/v2\/categories?post=84888"},{"taxonomy":"post_tag","embeddable":true,"href":"https:\/\/www.africa-press.net\/cotedivoire\/wp-json\/wp\/v2\/tags?post=84888"}],"curies":[{"name":"wp","href":"https:\/\/api.w.org\/{rel}","templated":true}]}}