{"id":8491,"date":"2021-06-03T17:18:22","date_gmt":"2021-06-03T17:18:22","guid":{"rendered":"https:\/\/www.africa-press.net\/cotedivoire\/?p=8491"},"modified":"2021-06-03T18:34:06","modified_gmt":"2021-06-03T18:34:06","slug":"cote-divoire-patheo-le-tailleur-de-quartier-devenu-couturier-des-chefs-detat-africains","status":"publish","type":"post","link":"https:\/\/www.africa-press.net\/cotedivoire\/culture-et-art\/cote-divoire-patheo-le-tailleur-de-quartier-devenu-couturier-des-chefs-detat-africains","title":{"rendered":"Path\u00e9\u2019O, le tailleur de quartier devenu couturier des chefs d\u2019Etat africains"},"content":{"rendered":"<p><span style=\"color: #ff6600\"><strong><a href=\"https:\/\/www.africa-press.net\/\">Africa-Press<\/a> &#8211; <a href=\"https:\/\/www.africa-press.net\/cotedivoire\">C\u00f4te d&rsquo;Ivoire<\/a>. <\/strong><\/span>Nelson Mandela a port\u00e9 ses chemises. Petit tailleur de quartier autodidacte \u00e0 ses d\u00e9buts, l\u2019Ivoiro-Burkinab\u00e9 Path\u00e9\u2019O est devenu le couturier des chefs d\u2019Etat africains et f\u00eate le cinquantenaire de sa marque, menant le \u00ab combat \u00bb pour faire reconna\u00eetre la mode sur le continent.<\/p>\n<p><b>\u00ab Il y a cinquante ans, je n\u2019imaginais pas en arriver l\u00e0. C\u2019est extraordinaire ! \u00bb<\/b><\/p>\n<p>, d\u00e9clarait il y a quelques jours Path\u00e9 Ou\u00e9draogo \u2013 son nom \u00e0 l\u2019\u00e9tat civil \u2013 lors d\u2019une conf\u00e9rence de presse dans un grand h\u00f4tel d\u2019Abidjan.<\/p>\n<p>Haute silhouette longiligne, visage de vieux sage, toujours v\u00eatu des fameuses chemises aux riches teintes color\u00e9es qui ont fait sa r\u00e9putation, l\u2019homme de 70 ans est rest\u00e9 humble malgr\u00e9 une reconnaissance internationale qui l\u2019a amen\u00e9 \u00e0 collaborer avec la renomm\u00e9e maison de couture fran\u00e7aise Dior en 2020.<\/p>\n<p>N\u00e9 en 1950, \u00e0 l\u2019\u00e9poque de la colonisation fran\u00e7aise, en Haute-Volta, qui deviendra le Burkina Faso le 4 ao\u00fbt 1984, Path\u00e9\u2019O \u00e9migre \u00e0 19 ans en C\u00f4te d\u2019Ivoire, alors en plein \u00ab miracle \u00bb \u00e9conomique, avec pour tout bagage \u00ab la b\u00e9n\u00e9diction de ses parents \u00bb, comme le raconte sa biographie De fil en aiguille, \u00e0 para\u00eetre ce mois.<\/p>\n<p><b>Dans une dizaine de pays du continent<\/b><\/p>\n<p>Comme beaucoup de ses compatriotes, il cherche d\u2019abord \u00e0 travailler dans les plantations de cacao : il est refoul\u00e9 car de constitution trop fr\u00eale. Il rejoint alors Abidjan, o\u00f9 il s\u2019improvise tailleur dans un petit atelier lou\u00e9 pour quelques francs \u00e0 Treichville, le c\u0153ur populaire de la capitale \u00e9conomique ivoirienne.<\/p>\n<p>Il se forme sur le tas et construit patiemment son succ\u00e8s. En 1987, il remporte un important concours local, les Ciseaux d\u2019or, ce qui le fait conna\u00eetre. Dix ans plus tard, le pr\u00e9sident sud-africain Nelson Mandela porte l\u2019une de ses chemises lors d\u2019une visite officielle en France.<\/p>\n<p>La publicit\u00e9 apport\u00e9e par l\u2019ic\u00f4ne anti-apartheid est extraordinaire. Dans les jours suivants, ses boutiques sont d\u00e9valis\u00e9es par les clients qui affluent. Le roi du Maroc Mohammed VI, le pr\u00e9sident du Rwanda Paul Kagame, le milliardaire nig\u00e9rian Aliko Dangote \u2013 l\u2019homme le plus riche d\u2019Afrique \u2013, entre beaucoup d\u2019autres personnalit\u00e9s et stars du showbiz, figurent aujourd\u2019hui parmi ses clients.<\/p>\n<p>Success story de la mode africaine, la maison Path\u00e9\u2019O compte des boutiques dans une dizaine de pays africains et emploie une soixantaine de personnes. Entrepreneur accompli, mari\u00e9 et p\u00e8re de trois enfants, Path\u00e9\u2019O, continue de se rendre tous les jours dans ses ateliers de Treichville, o\u00f9 une \u00e9quipe de l\u2019AFP l\u2019a rencontr\u00e9.<\/p>\n<p><b>Des tissus de coton aux motifs complexes<\/b><\/p>\n<p>Des dizaines d\u2019ouvriers \u2013 tailleurs, couturiers, repasseurs \u2013 s\u2019y activent serr\u00e9s dans trois grandes pi\u00e8ces aux allures de fourmili\u00e8re, \u00e0 peine rafra\u00eechies par des ventilateurs au plafond. Tous les v\u00eatements sont fabriqu\u00e9s enti\u00e8rement \u00e0 la main, avec des vieilles machines \u00e0 coudre Singer en fonte.<\/p>\n<p>Path\u00e9\u2019O contr\u00f4le le travail, reprend lui-m\u00eame une coupe. C\u2019est \u00ab un homme simple, toujours disponible, qui prend du temps pour \u00e9couter et expliquer \u00bb, raconte son chef d\u2019atelier, L\u00e9on Ou\u00e9draogo, qui travaille avec lui depuis quarante ans.<\/p>\n<p><b>\u00ab Dans ce m\u00e9tier, il faut savoir tout faire \u00bb<\/b><\/p>\n<p>, confirme le couturier, intarissable sur ses fameux tissus de coton aux motifs complexes, teints dans un autre atelier du m\u00eame quartier, qu\u2019il montre avec amour.<\/p>\n<p>Le savoir-faire de la maison est unique : il y a la teinture \u00ab mouchet\u00e9e \u00bb, la \u00ab mouchet\u00e9e imprim\u00e9e \u00bb, la \u00ab salade \u00bb, la teinture \u00ab nuage \u00bb, les tissages en \u00ab faso dan fani \u00bb (un tissu du Burkina Faso)\u2026<\/p>\n<p><b>\u00ab Il faut cr\u00e9er tous les jours, surprendre les clients, tout le monde veut des nouveaut\u00e9s \u00bb<\/b><\/p>\n<p>, confie Path\u00e9\u2019O, qui dit s\u2019inspirer de la rue, des femmes qui vont au march\u00e9 par\u00e9es de v\u00eatements et de foulards multicolores.<\/p>\n<p><b>\u00ab Faire \u00e9merger une nouvelle g\u00e9n\u00e9ration \u00bb<\/b><\/p>\n<p><b>\u00ab Il a apport\u00e9 la fiert\u00e9 de porter les tissus africains \u00bb<\/b><\/p>\n<p>, explique le cr\u00e9ateur ivoirien en vogue Gilles Tour\u00e9, qui consid\u00e8re Path\u00e9\u2019O comme son \u00ab mentor \u00bb et celui qui lui a donn\u00e9 la chance d\u2019embrasser le m\u00e9tier de styliste.<\/p>\n<p>Le succ\u00e8s commercial, les honneurs, Path\u00e9\u2019O entend les mettre au service de son \u00ab combat \u00bb : changer l\u2019image de la mode en Afrique, la faire reconna\u00eetre comme un secteur \u00e9conomique \u00e0 part enti\u00e8re et un instrument pour le d\u00e9veloppement.<\/p>\n<p><b>\u00ab Dans l\u2019esprit de beaucoup de gens ici, tailleur c\u2019est un m\u00e9tier pour ceux qui ne sont pas all\u00e9s \u00e0 l\u2019\u00e9cole, un m\u00e9tier de rat\u00e9<\/b><\/p>\n<p>, pr\u00e9cise-t-il en souriant. Or la mode africaine, les tissus africains int\u00e9ressent le monde entier ! Et il y a abondance de cr\u00e9ateurs, de talents. Nous devons passer de l\u2019artisanat \u00e0 l\u2019industrie, produire plus, pour faire avancer l\u2019Afrique. \u00bb<\/p>\n<p>La maison Path\u00e9\u2019O vient d\u2019inaugurer son nouveau si\u00e8ge social, un b\u00e2timent moderne et vaste dans le quartier hupp\u00e9 de Cocody, qui abritera aussi la fondation \u00e9ponyme, dont l\u2019objectif est de \u00ab faire \u00e9merger une nouvelle g\u00e9n\u00e9ration de cr\u00e9ateurs africains \u00bb.<\/p>\n","protected":false},"excerpt":{"rendered":"<p>Africa-Press &#8211; C\u00f4te d&rsquo;Ivoire. Nelson Mandela a port\u00e9 ses chemises. Petit tailleur de quartier autodidacte \u00e0 ses d\u00e9buts, l\u2019Ivoiro-Burkinab\u00e9 Path\u00e9\u2019O est devenu le couturier des chefs d\u2019Etat africains et f\u00eate le cinquantenaire de sa marque, menant le \u00ab combat \u00bb pour faire reconna\u00eetre la mode sur le continent. \u00ab Il y a cinquante ans, je [&hellip;]<\/p>\n","protected":false},"author":82,"featured_media":8490,"comment_status":"open","ping_status":"closed","sticky":false,"template":"","format":"standard","meta":{"footnotes":""},"categories":[5,11,10],"tags":[56,63,29],"class_list":["post-8491","post","type-post","status-publish","format-standard","has-post-thumbnail","hentry","category-culture-et-art","category-homepage-french","category-toutes-les-actualites","tag-africa-press","tag-africa-press-cote-divoire","tag-cote-divoire"],"yoast_head":"<!-- This site is optimized with the Yoast SEO Premium plugin v26.1 (Yoast SEO v27.0) - https:\/\/yoast.com\/product\/yoast-seo-premium-wordpress\/ -->\n<title>Path\u00e9\u2019O, le tailleur de quartier devenu couturier des chefs d\u2019Etat africains - C\u00f4te d&#039;Ivoire<\/title>\n<meta name=\"description\" content=\"Nelson Mandela a port\u00e9 ses chemises. Petit tailleur de quartier autodidacte \u00e0 ses d\u00e9buts, l\u2019Ivoiro-Burkinab\u00e9 Path\u00e9\u2019O est ...\" \/>\n<meta name=\"robots\" content=\"index, follow, max-snippet:-1, max-image-preview:large, max-video-preview:-1\" \/>\n<link rel=\"canonical\" href=\"https:\/\/www.africa-press.net\/cotedivoire\/culture-et-art\/cote-divoire-patheo-le-tailleur-de-quartier-devenu-couturier-des-chefs-detat-africains\" \/>\n<meta property=\"og:locale\" content=\"fr_FR\" \/>\n<meta property=\"og:type\" content=\"article\" \/>\n<meta property=\"og:title\" content=\"Path\u00e9\u2019O, le tailleur de quartier devenu couturier des chefs d\u2019Etat africains\" \/>\n<meta property=\"og:description\" content=\"Nelson Mandela a port\u00e9 ses chemises. Petit tailleur de quartier autodidacte \u00e0 ses d\u00e9buts, l\u2019Ivoiro-Burkinab\u00e9 Path\u00e9\u2019O est ...\" \/>\n<meta property=\"og:url\" content=\"https:\/\/www.africa-press.net\/cotedivoire\/culture-et-art\/cote-divoire-patheo-le-tailleur-de-quartier-devenu-couturier-des-chefs-detat-africains\" \/>\n<meta property=\"og:site_name\" content=\"C\u00f4te d&#039;Ivoire\" \/>\n<meta property=\"article:published_time\" content=\"2021-06-03T17:18:22+00:00\" \/>\n<meta property=\"article:modified_time\" content=\"2021-06-03T18:34:06+00:00\" \/>\n<meta property=\"og:image\" content=\"https:\/\/static.africa-press.net\/cote\/sites\/43\/2021\/06\/img-60b90a5d4ea8b.jpg\" \/>\n\t<meta property=\"og:image:width\" content=\"1440\" \/>\n\t<meta property=\"og:image:height\" content=\"720\" \/>\n\t<meta property=\"og:image:type\" content=\"image\/jpeg\" \/>\n<meta name=\"author\" content=\"cfeditorfr\" \/>\n<meta name=\"twitter:card\" content=\"summary_large_image\" \/>\n<meta name=\"twitter:label1\" content=\"\u00c9crit par\" \/>\n\t<meta name=\"twitter:data1\" content=\"cfeditorfr\" \/>\n\t<meta name=\"twitter:label2\" content=\"Dur\u00e9e de lecture estim\u00e9e\" \/>\n\t<meta name=\"twitter:data2\" content=\"4 minutes\" \/>\n<script type=\"application\/ld+json\" class=\"yoast-schema-graph\">{\"@context\":\"https:\/\/schema.org\",\"@graph\":[{\"@type\":\"Article\",\"@id\":\"https:\/\/www.africa-press.net\/cotedivoire\/culture-et-art\/cote-divoire-patheo-le-tailleur-de-quartier-devenu-couturier-des-chefs-detat-africains#article\",\"isPartOf\":{\"@id\":\"https:\/\/www.africa-press.net\/cotedivoire\/culture-et-art\/cote-divoire-patheo-le-tailleur-de-quartier-devenu-couturier-des-chefs-detat-africains\"},\"author\":{\"name\":\"cfeditorfr\",\"@id\":\"https:\/\/www.africa-press.net\/cotedivoire\/#\/schema\/person\/2b1cf3cd81a31e3cd26889ca66d677f1\"},\"headline\":\"Path\u00e9\u2019O, le tailleur de quartier devenu couturier des chefs d\u2019Etat africains\",\"datePublished\":\"2021-06-03T17:18:22+00:00\",\"dateModified\":\"2021-06-03T18:34:06+00:00\",\"mainEntityOfPage\":{\"@id\":\"https:\/\/www.africa-press.net\/cotedivoire\/culture-et-art\/cote-divoire-patheo-le-tailleur-de-quartier-devenu-couturier-des-chefs-detat-africains\"},\"wordCount\":871,\"commentCount\":0,\"image\":{\"@id\":\"https:\/\/www.africa-press.net\/cotedivoire\/culture-et-art\/cote-divoire-patheo-le-tailleur-de-quartier-devenu-couturier-des-chefs-detat-africains#primaryimage\"},\"thumbnailUrl\":\"https:\/\/static.africa-press.net\/cote\/sites\/43\/2021\/06\/img-60b90a5d4ea8b.jpg\",\"keywords\":[\"Africa Press\",\"Africa Press-C\u00f4te d'Ivoire\",\"C\u00d4TE D'IVOIRE\"],\"articleSection\":[\"Culture et Art\",\"homepage-french\",\"Toutes les actualit\u00e9s\"],\"inLanguage\":\"fr-FR\",\"potentialAction\":[{\"@type\":\"CommentAction\",\"name\":\"Comment\",\"target\":[\"https:\/\/www.africa-press.net\/cotedivoire\/culture-et-art\/cote-divoire-patheo-le-tailleur-de-quartier-devenu-couturier-des-chefs-detat-africains#respond\"]}]},{\"@type\":\"WebPage\",\"@id\":\"https:\/\/www.africa-press.net\/cotedivoire\/culture-et-art\/cote-divoire-patheo-le-tailleur-de-quartier-devenu-couturier-des-chefs-detat-africains\",\"url\":\"https:\/\/www.africa-press.net\/cotedivoire\/culture-et-art\/cote-divoire-patheo-le-tailleur-de-quartier-devenu-couturier-des-chefs-detat-africains\",\"name\":\"Path\u00e9\u2019O, le tailleur de quartier devenu couturier des chefs d\u2019Etat africains - C\u00f4te d&#039;Ivoire\",\"isPartOf\":{\"@id\":\"https:\/\/www.africa-press.net\/cotedivoire\/#website\"},\"primaryImageOfPage\":{\"@id\":\"https:\/\/www.africa-press.net\/cotedivoire\/culture-et-art\/cote-divoire-patheo-le-tailleur-de-quartier-devenu-couturier-des-chefs-detat-africains#primaryimage\"},\"image\":{\"@id\":\"https:\/\/www.africa-press.net\/cotedivoire\/culture-et-art\/cote-divoire-patheo-le-tailleur-de-quartier-devenu-couturier-des-chefs-detat-africains#primaryimage\"},\"thumbnailUrl\":\"https:\/\/static.africa-press.net\/cote\/sites\/43\/2021\/06\/img-60b90a5d4ea8b.jpg\",\"datePublished\":\"2021-06-03T17:18:22+00:00\",\"dateModified\":\"2021-06-03T18:34:06+00:00\",\"author\":{\"@id\":\"https:\/\/www.africa-press.net\/cotedivoire\/#\/schema\/person\/2b1cf3cd81a31e3cd26889ca66d677f1\"},\"description\":\"Nelson Mandela a port\u00e9 ses chemises. Petit tailleur de quartier autodidacte \u00e0 ses d\u00e9buts, l\u2019Ivoiro-Burkinab\u00e9 Path\u00e9\u2019O est ...\",\"breadcrumb\":{\"@id\":\"https:\/\/www.africa-press.net\/cotedivoire\/culture-et-art\/cote-divoire-patheo-le-tailleur-de-quartier-devenu-couturier-des-chefs-detat-africains#breadcrumb\"},\"inLanguage\":\"fr-FR\",\"potentialAction\":[{\"@type\":\"ReadAction\",\"target\":[\"https:\/\/www.africa-press.net\/cotedivoire\/culture-et-art\/cote-divoire-patheo-le-tailleur-de-quartier-devenu-couturier-des-chefs-detat-africains\"]}]},{\"@type\":\"ImageObject\",\"inLanguage\":\"fr-FR\",\"@id\":\"https:\/\/www.africa-press.net\/cotedivoire\/culture-et-art\/cote-divoire-patheo-le-tailleur-de-quartier-devenu-couturier-des-chefs-detat-africains#primaryimage\",\"url\":\"https:\/\/static.africa-press.net\/cote\/sites\/43\/2021\/06\/img-60b90a5d4ea8b.jpg\",\"contentUrl\":\"https:\/\/static.africa-press.net\/cote\/sites\/43\/2021\/06\/img-60b90a5d4ea8b.jpg\",\"width\":1440,\"height\":720,\"caption\":\"C\u00f4te d\u2019Ivoire\u00a0: Path\u00e9\u2019O, le tailleur de quartier devenu couturier des chefs d\u2019Etat africains\"},{\"@type\":\"BreadcrumbList\",\"@id\":\"https:\/\/www.africa-press.net\/cotedivoire\/culture-et-art\/cote-divoire-patheo-le-tailleur-de-quartier-devenu-couturier-des-chefs-detat-africains#breadcrumb\",\"itemListElement\":[{\"@type\":\"ListItem\",\"position\":1,\"name\":\"Accueil\",\"item\":\"https:\/\/www.africa-press.net\/cotedivoire\/\"},{\"@type\":\"ListItem\",\"position\":2,\"name\":\"Path\u00e9\u2019O, le tailleur de quartier devenu couturier des chefs d\u2019Etat africains\"}]},{\"@type\":\"WebSite\",\"@id\":\"https:\/\/www.africa-press.net\/cotedivoire\/#website\",\"url\":\"https:\/\/www.africa-press.net\/cotedivoire\/\",\"name\":\"C\u00f4te d&#039;Ivoire\",\"description\":\"Just another Africa News Agency Sites site\",\"potentialAction\":[{\"@type\":\"SearchAction\",\"target\":{\"@type\":\"EntryPoint\",\"urlTemplate\":\"https:\/\/www.africa-press.net\/cotedivoire\/?s={search_term_string}\"},\"query-input\":{\"@type\":\"PropertyValueSpecification\",\"valueRequired\":true,\"valueName\":\"search_term_string\"}}],\"inLanguage\":\"fr-FR\"},{\"@type\":\"Person\",\"@id\":\"https:\/\/www.africa-press.net\/cotedivoire\/#\/schema\/person\/2b1cf3cd81a31e3cd26889ca66d677f1\",\"name\":\"cfeditorfr\"}]}<\/script>\n<!-- \/ Yoast SEO Premium plugin. -->","yoast_head_json":{"title":"Path\u00e9\u2019O, le tailleur de quartier devenu couturier des chefs d\u2019Etat africains - C\u00f4te d&#039;Ivoire","description":"Nelson Mandela a port\u00e9 ses chemises. Petit tailleur de quartier autodidacte \u00e0 ses d\u00e9buts, l\u2019Ivoiro-Burkinab\u00e9 Path\u00e9\u2019O est ...","robots":{"index":"index","follow":"follow","max-snippet":"max-snippet:-1","max-image-preview":"max-image-preview:large","max-video-preview":"max-video-preview:-1"},"canonical":"https:\/\/www.africa-press.net\/cotedivoire\/culture-et-art\/cote-divoire-patheo-le-tailleur-de-quartier-devenu-couturier-des-chefs-detat-africains","og_locale":"fr_FR","og_type":"article","og_title":"Path\u00e9\u2019O, le tailleur de quartier devenu couturier des chefs d\u2019Etat africains","og_description":"Nelson Mandela a port\u00e9 ses chemises. Petit tailleur de quartier autodidacte \u00e0 ses d\u00e9buts, l\u2019Ivoiro-Burkinab\u00e9 Path\u00e9\u2019O est ...","og_url":"https:\/\/www.africa-press.net\/cotedivoire\/culture-et-art\/cote-divoire-patheo-le-tailleur-de-quartier-devenu-couturier-des-chefs-detat-africains","og_site_name":"C\u00f4te d&#039;Ivoire","article_published_time":"2021-06-03T17:18:22+00:00","article_modified_time":"2021-06-03T18:34:06+00:00","og_image":[{"width":1440,"height":720,"url":"https:\/\/static.africa-press.net\/cote\/sites\/43\/2021\/06\/img-60b90a5d4ea8b.jpg","type":"image\/jpeg"}],"author":"cfeditorfr","twitter_card":"summary_large_image","twitter_misc":{"\u00c9crit par":"cfeditorfr","Dur\u00e9e de lecture estim\u00e9e":"4 minutes"},"schema":{"@context":"https:\/\/schema.org","@graph":[{"@type":"Article","@id":"https:\/\/www.africa-press.net\/cotedivoire\/culture-et-art\/cote-divoire-patheo-le-tailleur-de-quartier-devenu-couturier-des-chefs-detat-africains#article","isPartOf":{"@id":"https:\/\/www.africa-press.net\/cotedivoire\/culture-et-art\/cote-divoire-patheo-le-tailleur-de-quartier-devenu-couturier-des-chefs-detat-africains"},"author":{"name":"cfeditorfr","@id":"https:\/\/www.africa-press.net\/cotedivoire\/#\/schema\/person\/2b1cf3cd81a31e3cd26889ca66d677f1"},"headline":"Path\u00e9\u2019O, le tailleur de quartier devenu couturier des chefs d\u2019Etat africains","datePublished":"2021-06-03T17:18:22+00:00","dateModified":"2021-06-03T18:34:06+00:00","mainEntityOfPage":{"@id":"https:\/\/www.africa-press.net\/cotedivoire\/culture-et-art\/cote-divoire-patheo-le-tailleur-de-quartier-devenu-couturier-des-chefs-detat-africains"},"wordCount":871,"commentCount":0,"image":{"@id":"https:\/\/www.africa-press.net\/cotedivoire\/culture-et-art\/cote-divoire-patheo-le-tailleur-de-quartier-devenu-couturier-des-chefs-detat-africains#primaryimage"},"thumbnailUrl":"https:\/\/static.africa-press.net\/cote\/sites\/43\/2021\/06\/img-60b90a5d4ea8b.jpg","keywords":["Africa Press","Africa Press-C\u00f4te d'Ivoire","C\u00d4TE D'IVOIRE"],"articleSection":["Culture et Art","homepage-french","Toutes les actualit\u00e9s"],"inLanguage":"fr-FR","potentialAction":[{"@type":"CommentAction","name":"Comment","target":["https:\/\/www.africa-press.net\/cotedivoire\/culture-et-art\/cote-divoire-patheo-le-tailleur-de-quartier-devenu-couturier-des-chefs-detat-africains#respond"]}]},{"@type":"WebPage","@id":"https:\/\/www.africa-press.net\/cotedivoire\/culture-et-art\/cote-divoire-patheo-le-tailleur-de-quartier-devenu-couturier-des-chefs-detat-africains","url":"https:\/\/www.africa-press.net\/cotedivoire\/culture-et-art\/cote-divoire-patheo-le-tailleur-de-quartier-devenu-couturier-des-chefs-detat-africains","name":"Path\u00e9\u2019O, le tailleur de quartier devenu couturier des chefs d\u2019Etat africains - C\u00f4te d&#039;Ivoire","isPartOf":{"@id":"https:\/\/www.africa-press.net\/cotedivoire\/#website"},"primaryImageOfPage":{"@id":"https:\/\/www.africa-press.net\/cotedivoire\/culture-et-art\/cote-divoire-patheo-le-tailleur-de-quartier-devenu-couturier-des-chefs-detat-africains#primaryimage"},"image":{"@id":"https:\/\/www.africa-press.net\/cotedivoire\/culture-et-art\/cote-divoire-patheo-le-tailleur-de-quartier-devenu-couturier-des-chefs-detat-africains#primaryimage"},"thumbnailUrl":"https:\/\/static.africa-press.net\/cote\/sites\/43\/2021\/06\/img-60b90a5d4ea8b.jpg","datePublished":"2021-06-03T17:18:22+00:00","dateModified":"2021-06-03T18:34:06+00:00","author":{"@id":"https:\/\/www.africa-press.net\/cotedivoire\/#\/schema\/person\/2b1cf3cd81a31e3cd26889ca66d677f1"},"description":"Nelson Mandela a port\u00e9 ses chemises. Petit tailleur de quartier autodidacte \u00e0 ses d\u00e9buts, l\u2019Ivoiro-Burkinab\u00e9 Path\u00e9\u2019O est ...","breadcrumb":{"@id":"https:\/\/www.africa-press.net\/cotedivoire\/culture-et-art\/cote-divoire-patheo-le-tailleur-de-quartier-devenu-couturier-des-chefs-detat-africains#breadcrumb"},"inLanguage":"fr-FR","potentialAction":[{"@type":"ReadAction","target":["https:\/\/www.africa-press.net\/cotedivoire\/culture-et-art\/cote-divoire-patheo-le-tailleur-de-quartier-devenu-couturier-des-chefs-detat-africains"]}]},{"@type":"ImageObject","inLanguage":"fr-FR","@id":"https:\/\/www.africa-press.net\/cotedivoire\/culture-et-art\/cote-divoire-patheo-le-tailleur-de-quartier-devenu-couturier-des-chefs-detat-africains#primaryimage","url":"https:\/\/static.africa-press.net\/cote\/sites\/43\/2021\/06\/img-60b90a5d4ea8b.jpg","contentUrl":"https:\/\/static.africa-press.net\/cote\/sites\/43\/2021\/06\/img-60b90a5d4ea8b.jpg","width":1440,"height":720,"caption":"C\u00f4te d\u2019Ivoire\u00a0: Path\u00e9\u2019O, le tailleur de quartier devenu couturier des chefs d\u2019Etat africains"},{"@type":"BreadcrumbList","@id":"https:\/\/www.africa-press.net\/cotedivoire\/culture-et-art\/cote-divoire-patheo-le-tailleur-de-quartier-devenu-couturier-des-chefs-detat-africains#breadcrumb","itemListElement":[{"@type":"ListItem","position":1,"name":"Accueil","item":"https:\/\/www.africa-press.net\/cotedivoire\/"},{"@type":"ListItem","position":2,"name":"Path\u00e9\u2019O, le tailleur de quartier devenu couturier des chefs d\u2019Etat africains"}]},{"@type":"WebSite","@id":"https:\/\/www.africa-press.net\/cotedivoire\/#website","url":"https:\/\/www.africa-press.net\/cotedivoire\/","name":"C\u00f4te d&#039;Ivoire","description":"Just another Africa News Agency Sites site","potentialAction":[{"@type":"SearchAction","target":{"@type":"EntryPoint","urlTemplate":"https:\/\/www.africa-press.net\/cotedivoire\/?s={search_term_string}"},"query-input":{"@type":"PropertyValueSpecification","valueRequired":true,"valueName":"search_term_string"}}],"inLanguage":"fr-FR"},{"@type":"Person","@id":"https:\/\/www.africa-press.net\/cotedivoire\/#\/schema\/person\/2b1cf3cd81a31e3cd26889ca66d677f1","name":"cfeditorfr"}]}},"_links":{"self":[{"href":"https:\/\/www.africa-press.net\/cotedivoire\/wp-json\/wp\/v2\/posts\/8491","targetHints":{"allow":["GET"]}}],"collection":[{"href":"https:\/\/www.africa-press.net\/cotedivoire\/wp-json\/wp\/v2\/posts"}],"about":[{"href":"https:\/\/www.africa-press.net\/cotedivoire\/wp-json\/wp\/v2\/types\/post"}],"author":[{"embeddable":true,"href":"https:\/\/www.africa-press.net\/cotedivoire\/wp-json\/wp\/v2\/users\/82"}],"replies":[{"embeddable":true,"href":"https:\/\/www.africa-press.net\/cotedivoire\/wp-json\/wp\/v2\/comments?post=8491"}],"version-history":[{"count":0,"href":"https:\/\/www.africa-press.net\/cotedivoire\/wp-json\/wp\/v2\/posts\/8491\/revisions"}],"wp:featuredmedia":[{"embeddable":true,"href":"https:\/\/www.africa-press.net\/cotedivoire\/wp-json\/wp\/v2\/media\/8490"}],"wp:attachment":[{"href":"https:\/\/www.africa-press.net\/cotedivoire\/wp-json\/wp\/v2\/media?parent=8491"}],"wp:term":[{"taxonomy":"category","embeddable":true,"href":"https:\/\/www.africa-press.net\/cotedivoire\/wp-json\/wp\/v2\/categories?post=8491"},{"taxonomy":"post_tag","embeddable":true,"href":"https:\/\/www.africa-press.net\/cotedivoire\/wp-json\/wp\/v2\/tags?post=8491"}],"curies":[{"name":"wp","href":"https:\/\/api.w.org\/{rel}","templated":true}]}}