{"id":84942,"date":"2024-08-05T16:35:16","date_gmt":"2024-08-05T16:35:16","guid":{"rendered":"https:\/\/www.africa-press.net\/cotedivoire\/politique\/elephants-nicolas-pepe-rejoint-eric-bailly-a-villareal-espagne"},"modified":"2024-08-05T17:19:44","modified_gmt":"2024-08-05T17:19:44","slug":"elephants-nicolas-pepe-rejoint-eric-bailly-a-villareal-espagne","status":"publish","type":"post","link":"https:\/\/www.africa-press.net\/cotedivoire\/sports\/elephants-nicolas-pepe-rejoint-eric-bailly-a-villareal-espagne","title":{"rendered":"El\u00e9phants, Nicolas P\u00e9p\u00e9 rejoint Eric Bailly \u00e0 Villar\u00e9al (Espagne)"},"content":{"rendered":"<p><span style=\"color: #ff6600\"><strong>Africa-Press &#8211; C\u00f4te d&rsquo;Ivoire. <\/strong><\/span>Apre\u0300s la fin de son contrat avec Trabzonspor en Turquie, l\u2019international ivoirien, Nicolas Pe\u0301pe\u0301 s\u2019est engage\u0301 avec le club espagnol de Villare\u0301al FC en Liga jusqu&rsquo;au 30 juin 2026.<\/p>\n<p>Les deux parties ont trouve\u0301 un accord pour les deux prochaines saisons. Nicolas Pepe (Mantes-la-Jolie, France, 29\/05\/1995) a de\u0301bute\u0301 sa carrie\u0300re professionnelle au Stade Poitevin franc\u0327ais, puis a signe\u0301 pour Angers SCO en 2013 et a joue\u0301 en pre\u0302t a\u0300 l&rsquo;US Orle\u0301ans. De retour a\u0300 Angers, il est transfe\u0301re\u0301 au LOSC Lille, e\u0301quipe ou\u0300 il a brille\u0301 pendant deux saisons.<\/p>\n<p>C&rsquo;est alors qu&rsquo;il a attire\u0301 l&rsquo;attention de l&rsquo;Arsenal anglais, qui a de\u0301pense\u0301 plusieurs millions de dollars pour acque\u0301rir ses services, excitant grandement leurs fans.<\/p>\n<p>Il a joue\u0301 trois saisons pour l&rsquo;e\u0301quipe des \u00ab\u00a0Gunners\u00a0\u00bb, puis a e\u0301te\u0301 pre\u0302te\u0301 a\u0300 l&rsquo;OGC Nice en 22-23. De\u0301ja\u0300 lors de la dernie\u0300re saison de football, Nicolas Pepe est arrive\u0301 en tant qu&rsquo;agent libre au Turkish Trabzonspor, avec qui il a signe\u0301 pour une saison.<\/p>\n<p>A\u0300 29 ans, tout au long de sa carrie\u0300re professionnelle, Pepe a dispute\u0301 323 matchs, au cours desquels il a pu marquer 92 buts et distribuer 47 passes de\u0301cisives. Nicolas Pe\u0301pe\u0301 rejoint ainsi son compatriote Eric Bailly a\u0300 Villare\u0301al.<\/p>\n<p><strong>Pour plus d&rsquo;informations et d&rsquo;analyses sur la C\u00f4te d&rsquo;Ivoire, suivez Africa-Press<\/strong><\/p>\n","protected":false},"excerpt":{"rendered":"<p>Africa-Press &#8211; C\u00f4te d&rsquo;Ivoire. Apre\u0300s la fin de son contrat avec Trabzonspor en Turquie, l\u2019international ivoirien, Nicolas Pe\u0301pe\u0301 s\u2019est engage\u0301 avec le club espagnol de Villare\u0301al FC en Liga jusqu&rsquo;au 30 juin 2026. Les deux parties ont trouve\u0301 un accord pour les deux prochaines saisons. Nicolas Pepe (Mantes-la-Jolie, France, 29\/05\/1995) a de\u0301bute\u0301 sa carrie\u0300re professionnelle [&hellip;]<\/p>\n","protected":false},"author":82,"featured_media":84941,"comment_status":"open","ping_status":"closed","sticky":false,"template":"","format":"standard","meta":{"footnotes":""},"categories":[6,10],"tags":[29,2528,863,2253,1610],"class_list":["post-84942","post","type-post","status-publish","format-standard","has-post-thumbnail","hentry","category-sports","category-toutes-les-actualites","tag-cote-divoire","tag-eric-bailly","tag-nicolas-pepe","tag-trabzonspor","tag-villareal"],"yoast_head":"<!-- This site is optimized with the Yoast SEO Premium plugin v26.1 (Yoast SEO v27.0) - https:\/\/yoast.com\/product\/yoast-seo-premium-wordpress\/ -->\n<title>El\u00e9phants, Nicolas P\u00e9p\u00e9 rejoint Eric Bailly \u00e0 Villar\u00e9al (Espagne) - C\u00f4te d&#039;Ivoire<\/title>\n<meta name=\"description\" content=\"Apre\u0300s la fin de son contrat avec Trabzonspor en Turquie, l\u2019international ivoirien, Nicolas Pe\u0301pe\u0301 s\u2019est engage\u0301 avec le ...\" \/>\n<meta name=\"robots\" content=\"index, follow, max-snippet:-1, max-image-preview:large, max-video-preview:-1\" \/>\n<link rel=\"canonical\" href=\"https:\/\/www.africa-press.net\/cotedivoire\/sports\/elephants-nicolas-pepe-rejoint-eric-bailly-a-villareal-espagne\" \/>\n<meta property=\"og:locale\" content=\"fr_FR\" \/>\n<meta property=\"og:type\" content=\"article\" \/>\n<meta property=\"og:title\" content=\"El\u00e9phants, Nicolas P\u00e9p\u00e9 rejoint Eric Bailly \u00e0 Villar\u00e9al (Espagne)\" \/>\n<meta property=\"og:description\" content=\"Apre\u0300s la fin de son contrat avec Trabzonspor en Turquie, l\u2019international ivoirien, Nicolas Pe\u0301pe\u0301 s\u2019est engage\u0301 avec le ...\" \/>\n<meta property=\"og:url\" content=\"https:\/\/www.africa-press.net\/cotedivoire\/sports\/elephants-nicolas-pepe-rejoint-eric-bailly-a-villareal-espagne\" \/>\n<meta property=\"og:site_name\" content=\"C\u00f4te d&#039;Ivoire\" \/>\n<meta property=\"article:published_time\" content=\"2024-08-05T16:35:16+00:00\" \/>\n<meta property=\"article:modified_time\" content=\"2024-08-05T17:19:44+00:00\" \/>\n<meta property=\"og:image\" content=\"https:\/\/static.africa-press.net\/cote\/sites\/43\/2024\/08\/sm_1722865740.229098.jpg\" \/>\n\t<meta property=\"og:image:width\" content=\"720\" \/>\n\t<meta property=\"og:image:height\" content=\"405\" \/>\n\t<meta property=\"og:image:type\" content=\"image\/jpeg\" \/>\n<meta name=\"author\" content=\"cfeditorfr\" \/>\n<meta name=\"twitter:card\" content=\"summary_large_image\" \/>\n<meta name=\"twitter:label1\" content=\"\u00c9crit par\" \/>\n\t<meta name=\"twitter:data1\" content=\"cfeditorfr\" \/>\n\t<meta name=\"twitter:label2\" content=\"Dur\u00e9e de lecture estim\u00e9e\" \/>\n\t<meta name=\"twitter:data2\" content=\"1 minute\" \/>\n<script type=\"application\/ld+json\" class=\"yoast-schema-graph\">{\"@context\":\"https:\/\/schema.org\",\"@graph\":[{\"@type\":\"Article\",\"@id\":\"https:\/\/www.africa-press.net\/cotedivoire\/sports\/elephants-nicolas-pepe-rejoint-eric-bailly-a-villareal-espagne#article\",\"isPartOf\":{\"@id\":\"https:\/\/www.africa-press.net\/cotedivoire\/sports\/elephants-nicolas-pepe-rejoint-eric-bailly-a-villareal-espagne\"},\"author\":{\"name\":\"cfeditorfr\",\"@id\":\"https:\/\/www.africa-press.net\/cotedivoire\/#\/schema\/person\/2b1cf3cd81a31e3cd26889ca66d677f1\"},\"headline\":\"El\u00e9phants, Nicolas P\u00e9p\u00e9 rejoint Eric Bailly \u00e0 Villar\u00e9al (Espagne)\",\"datePublished\":\"2024-08-05T16:35:16+00:00\",\"dateModified\":\"2024-08-05T17:19:44+00:00\",\"mainEntityOfPage\":{\"@id\":\"https:\/\/www.africa-press.net\/cotedivoire\/sports\/elephants-nicolas-pepe-rejoint-eric-bailly-a-villareal-espagne\"},\"wordCount\":253,\"commentCount\":0,\"image\":{\"@id\":\"https:\/\/www.africa-press.net\/cotedivoire\/sports\/elephants-nicolas-pepe-rejoint-eric-bailly-a-villareal-espagne#primaryimage\"},\"thumbnailUrl\":\"https:\/\/static.africa-press.net\/cote\/sites\/43\/2024\/08\/sm_1722865740.229098.jpg\",\"keywords\":[\"C\u00d4TE D'IVOIRE\",\"Eric Bailly\",\"Nicolas P\u00e9p\u00e9\",\"Trabzonspor\",\"Villar\u00e9al\"],\"articleSection\":[\"Sports\",\"Toutes les actualit\u00e9s\"],\"inLanguage\":\"fr-FR\",\"potentialAction\":[{\"@type\":\"CommentAction\",\"name\":\"Comment\",\"target\":[\"https:\/\/www.africa-press.net\/cotedivoire\/sports\/elephants-nicolas-pepe-rejoint-eric-bailly-a-villareal-espagne#respond\"]}]},{\"@type\":\"WebPage\",\"@id\":\"https:\/\/www.africa-press.net\/cotedivoire\/sports\/elephants-nicolas-pepe-rejoint-eric-bailly-a-villareal-espagne\",\"url\":\"https:\/\/www.africa-press.net\/cotedivoire\/sports\/elephants-nicolas-pepe-rejoint-eric-bailly-a-villareal-espagne\",\"name\":\"El\u00e9phants, Nicolas P\u00e9p\u00e9 rejoint Eric Bailly \u00e0 Villar\u00e9al (Espagne) - C\u00f4te d&#039;Ivoire\",\"isPartOf\":{\"@id\":\"https:\/\/www.africa-press.net\/cotedivoire\/#website\"},\"primaryImageOfPage\":{\"@id\":\"https:\/\/www.africa-press.net\/cotedivoire\/sports\/elephants-nicolas-pepe-rejoint-eric-bailly-a-villareal-espagne#primaryimage\"},\"image\":{\"@id\":\"https:\/\/www.africa-press.net\/cotedivoire\/sports\/elephants-nicolas-pepe-rejoint-eric-bailly-a-villareal-espagne#primaryimage\"},\"thumbnailUrl\":\"https:\/\/static.africa-press.net\/cote\/sites\/43\/2024\/08\/sm_1722865740.229098.jpg\",\"datePublished\":\"2024-08-05T16:35:16+00:00\",\"dateModified\":\"2024-08-05T17:19:44+00:00\",\"author\":{\"@id\":\"https:\/\/www.africa-press.net\/cotedivoire\/#\/schema\/person\/2b1cf3cd81a31e3cd26889ca66d677f1\"},\"description\":\"Apre\u0300s la fin de son contrat avec Trabzonspor en Turquie, l\u2019international ivoirien, Nicolas Pe\u0301pe\u0301 s\u2019est engage\u0301 avec le ...\",\"breadcrumb\":{\"@id\":\"https:\/\/www.africa-press.net\/cotedivoire\/sports\/elephants-nicolas-pepe-rejoint-eric-bailly-a-villareal-espagne#breadcrumb\"},\"inLanguage\":\"fr-FR\",\"potentialAction\":[{\"@type\":\"ReadAction\",\"target\":[\"https:\/\/www.africa-press.net\/cotedivoire\/sports\/elephants-nicolas-pepe-rejoint-eric-bailly-a-villareal-espagne\"]}]},{\"@type\":\"ImageObject\",\"inLanguage\":\"fr-FR\",\"@id\":\"https:\/\/www.africa-press.net\/cotedivoire\/sports\/elephants-nicolas-pepe-rejoint-eric-bailly-a-villareal-espagne#primaryimage\",\"url\":\"https:\/\/static.africa-press.net\/cote\/sites\/43\/2024\/08\/sm_1722865740.229098.jpg\",\"contentUrl\":\"https:\/\/static.africa-press.net\/cote\/sites\/43\/2024\/08\/sm_1722865740.229098.jpg\",\"width\":720,\"height\":405,\"caption\":\"El\u00e9phants, Nicolas P\u00e9p\u00e9 rejoint Eric Bailly \u00e0 Villar\u00e9al (Espagne)\"},{\"@type\":\"BreadcrumbList\",\"@id\":\"https:\/\/www.africa-press.net\/cotedivoire\/sports\/elephants-nicolas-pepe-rejoint-eric-bailly-a-villareal-espagne#breadcrumb\",\"itemListElement\":[{\"@type\":\"ListItem\",\"position\":1,\"name\":\"Accueil\",\"item\":\"https:\/\/www.africa-press.net\/cotedivoire\/\"},{\"@type\":\"ListItem\",\"position\":2,\"name\":\"El\u00e9phants, Nicolas P\u00e9p\u00e9 rejoint Eric Bailly \u00e0 Villar\u00e9al (Espagne)\"}]},{\"@type\":\"WebSite\",\"@id\":\"https:\/\/www.africa-press.net\/cotedivoire\/#website\",\"url\":\"https:\/\/www.africa-press.net\/cotedivoire\/\",\"name\":\"C\u00f4te d&#039;Ivoire\",\"description\":\"Just another Africa News Agency Sites site\",\"potentialAction\":[{\"@type\":\"SearchAction\",\"target\":{\"@type\":\"EntryPoint\",\"urlTemplate\":\"https:\/\/www.africa-press.net\/cotedivoire\/?s={search_term_string}\"},\"query-input\":{\"@type\":\"PropertyValueSpecification\",\"valueRequired\":true,\"valueName\":\"search_term_string\"}}],\"inLanguage\":\"fr-FR\"},{\"@type\":\"Person\",\"@id\":\"https:\/\/www.africa-press.net\/cotedivoire\/#\/schema\/person\/2b1cf3cd81a31e3cd26889ca66d677f1\",\"name\":\"cfeditorfr\"}]}<\/script>\n<!-- \/ Yoast SEO Premium plugin. -->","yoast_head_json":{"title":"El\u00e9phants, Nicolas P\u00e9p\u00e9 rejoint Eric Bailly \u00e0 Villar\u00e9al (Espagne) - C\u00f4te d&#039;Ivoire","description":"Apre\u0300s la fin de son contrat avec Trabzonspor en Turquie, l\u2019international ivoirien, Nicolas Pe\u0301pe\u0301 s\u2019est engage\u0301 avec le ...","robots":{"index":"index","follow":"follow","max-snippet":"max-snippet:-1","max-image-preview":"max-image-preview:large","max-video-preview":"max-video-preview:-1"},"canonical":"https:\/\/www.africa-press.net\/cotedivoire\/sports\/elephants-nicolas-pepe-rejoint-eric-bailly-a-villareal-espagne","og_locale":"fr_FR","og_type":"article","og_title":"El\u00e9phants, Nicolas P\u00e9p\u00e9 rejoint Eric Bailly \u00e0 Villar\u00e9al (Espagne)","og_description":"Apre\u0300s la fin de son contrat avec Trabzonspor en Turquie, l\u2019international ivoirien, Nicolas Pe\u0301pe\u0301 s\u2019est engage\u0301 avec le ...","og_url":"https:\/\/www.africa-press.net\/cotedivoire\/sports\/elephants-nicolas-pepe-rejoint-eric-bailly-a-villareal-espagne","og_site_name":"C\u00f4te d&#039;Ivoire","article_published_time":"2024-08-05T16:35:16+00:00","article_modified_time":"2024-08-05T17:19:44+00:00","og_image":[{"width":720,"height":405,"url":"https:\/\/static.africa-press.net\/cote\/sites\/43\/2024\/08\/sm_1722865740.229098.jpg","type":"image\/jpeg"}],"author":"cfeditorfr","twitter_card":"summary_large_image","twitter_misc":{"\u00c9crit par":"cfeditorfr","Dur\u00e9e de lecture estim\u00e9e":"1 minute"},"schema":{"@context":"https:\/\/schema.org","@graph":[{"@type":"Article","@id":"https:\/\/www.africa-press.net\/cotedivoire\/sports\/elephants-nicolas-pepe-rejoint-eric-bailly-a-villareal-espagne#article","isPartOf":{"@id":"https:\/\/www.africa-press.net\/cotedivoire\/sports\/elephants-nicolas-pepe-rejoint-eric-bailly-a-villareal-espagne"},"author":{"name":"cfeditorfr","@id":"https:\/\/www.africa-press.net\/cotedivoire\/#\/schema\/person\/2b1cf3cd81a31e3cd26889ca66d677f1"},"headline":"El\u00e9phants, Nicolas P\u00e9p\u00e9 rejoint Eric Bailly \u00e0 Villar\u00e9al (Espagne)","datePublished":"2024-08-05T16:35:16+00:00","dateModified":"2024-08-05T17:19:44+00:00","mainEntityOfPage":{"@id":"https:\/\/www.africa-press.net\/cotedivoire\/sports\/elephants-nicolas-pepe-rejoint-eric-bailly-a-villareal-espagne"},"wordCount":253,"commentCount":0,"image":{"@id":"https:\/\/www.africa-press.net\/cotedivoire\/sports\/elephants-nicolas-pepe-rejoint-eric-bailly-a-villareal-espagne#primaryimage"},"thumbnailUrl":"https:\/\/static.africa-press.net\/cote\/sites\/43\/2024\/08\/sm_1722865740.229098.jpg","keywords":["C\u00d4TE D'IVOIRE","Eric Bailly","Nicolas P\u00e9p\u00e9","Trabzonspor","Villar\u00e9al"],"articleSection":["Sports","Toutes les actualit\u00e9s"],"inLanguage":"fr-FR","potentialAction":[{"@type":"CommentAction","name":"Comment","target":["https:\/\/www.africa-press.net\/cotedivoire\/sports\/elephants-nicolas-pepe-rejoint-eric-bailly-a-villareal-espagne#respond"]}]},{"@type":"WebPage","@id":"https:\/\/www.africa-press.net\/cotedivoire\/sports\/elephants-nicolas-pepe-rejoint-eric-bailly-a-villareal-espagne","url":"https:\/\/www.africa-press.net\/cotedivoire\/sports\/elephants-nicolas-pepe-rejoint-eric-bailly-a-villareal-espagne","name":"El\u00e9phants, Nicolas P\u00e9p\u00e9 rejoint Eric Bailly \u00e0 Villar\u00e9al (Espagne) - C\u00f4te d&#039;Ivoire","isPartOf":{"@id":"https:\/\/www.africa-press.net\/cotedivoire\/#website"},"primaryImageOfPage":{"@id":"https:\/\/www.africa-press.net\/cotedivoire\/sports\/elephants-nicolas-pepe-rejoint-eric-bailly-a-villareal-espagne#primaryimage"},"image":{"@id":"https:\/\/www.africa-press.net\/cotedivoire\/sports\/elephants-nicolas-pepe-rejoint-eric-bailly-a-villareal-espagne#primaryimage"},"thumbnailUrl":"https:\/\/static.africa-press.net\/cote\/sites\/43\/2024\/08\/sm_1722865740.229098.jpg","datePublished":"2024-08-05T16:35:16+00:00","dateModified":"2024-08-05T17:19:44+00:00","author":{"@id":"https:\/\/www.africa-press.net\/cotedivoire\/#\/schema\/person\/2b1cf3cd81a31e3cd26889ca66d677f1"},"description":"Apre\u0300s la fin de son contrat avec Trabzonspor en Turquie, l\u2019international ivoirien, Nicolas Pe\u0301pe\u0301 s\u2019est engage\u0301 avec le ...","breadcrumb":{"@id":"https:\/\/www.africa-press.net\/cotedivoire\/sports\/elephants-nicolas-pepe-rejoint-eric-bailly-a-villareal-espagne#breadcrumb"},"inLanguage":"fr-FR","potentialAction":[{"@type":"ReadAction","target":["https:\/\/www.africa-press.net\/cotedivoire\/sports\/elephants-nicolas-pepe-rejoint-eric-bailly-a-villareal-espagne"]}]},{"@type":"ImageObject","inLanguage":"fr-FR","@id":"https:\/\/www.africa-press.net\/cotedivoire\/sports\/elephants-nicolas-pepe-rejoint-eric-bailly-a-villareal-espagne#primaryimage","url":"https:\/\/static.africa-press.net\/cote\/sites\/43\/2024\/08\/sm_1722865740.229098.jpg","contentUrl":"https:\/\/static.africa-press.net\/cote\/sites\/43\/2024\/08\/sm_1722865740.229098.jpg","width":720,"height":405,"caption":"El\u00e9phants, Nicolas P\u00e9p\u00e9 rejoint Eric Bailly \u00e0 Villar\u00e9al (Espagne)"},{"@type":"BreadcrumbList","@id":"https:\/\/www.africa-press.net\/cotedivoire\/sports\/elephants-nicolas-pepe-rejoint-eric-bailly-a-villareal-espagne#breadcrumb","itemListElement":[{"@type":"ListItem","position":1,"name":"Accueil","item":"https:\/\/www.africa-press.net\/cotedivoire\/"},{"@type":"ListItem","position":2,"name":"El\u00e9phants, Nicolas P\u00e9p\u00e9 rejoint Eric Bailly \u00e0 Villar\u00e9al (Espagne)"}]},{"@type":"WebSite","@id":"https:\/\/www.africa-press.net\/cotedivoire\/#website","url":"https:\/\/www.africa-press.net\/cotedivoire\/","name":"C\u00f4te d&#039;Ivoire","description":"Just another Africa News Agency Sites site","potentialAction":[{"@type":"SearchAction","target":{"@type":"EntryPoint","urlTemplate":"https:\/\/www.africa-press.net\/cotedivoire\/?s={search_term_string}"},"query-input":{"@type":"PropertyValueSpecification","valueRequired":true,"valueName":"search_term_string"}}],"inLanguage":"fr-FR"},{"@type":"Person","@id":"https:\/\/www.africa-press.net\/cotedivoire\/#\/schema\/person\/2b1cf3cd81a31e3cd26889ca66d677f1","name":"cfeditorfr"}]}},"_links":{"self":[{"href":"https:\/\/www.africa-press.net\/cotedivoire\/wp-json\/wp\/v2\/posts\/84942","targetHints":{"allow":["GET"]}}],"collection":[{"href":"https:\/\/www.africa-press.net\/cotedivoire\/wp-json\/wp\/v2\/posts"}],"about":[{"href":"https:\/\/www.africa-press.net\/cotedivoire\/wp-json\/wp\/v2\/types\/post"}],"author":[{"embeddable":true,"href":"https:\/\/www.africa-press.net\/cotedivoire\/wp-json\/wp\/v2\/users\/82"}],"replies":[{"embeddable":true,"href":"https:\/\/www.africa-press.net\/cotedivoire\/wp-json\/wp\/v2\/comments?post=84942"}],"version-history":[{"count":0,"href":"https:\/\/www.africa-press.net\/cotedivoire\/wp-json\/wp\/v2\/posts\/84942\/revisions"}],"wp:featuredmedia":[{"embeddable":true,"href":"https:\/\/www.africa-press.net\/cotedivoire\/wp-json\/wp\/v2\/media\/84941"}],"wp:attachment":[{"href":"https:\/\/www.africa-press.net\/cotedivoire\/wp-json\/wp\/v2\/media?parent=84942"}],"wp:term":[{"taxonomy":"category","embeddable":true,"href":"https:\/\/www.africa-press.net\/cotedivoire\/wp-json\/wp\/v2\/categories?post=84942"},{"taxonomy":"post_tag","embeddable":true,"href":"https:\/\/www.africa-press.net\/cotedivoire\/wp-json\/wp\/v2\/tags?post=84942"}],"curies":[{"name":"wp","href":"https:\/\/api.w.org\/{rel}","templated":true}]}}