{"id":8497,"date":"2021-06-03T17:35:28","date_gmt":"2021-06-03T17:35:28","guid":{"rendered":"https:\/\/www.africa-press.net\/cotedivoire\/?p=8497"},"modified":"2021-06-03T18:34:15","modified_gmt":"2021-06-03T18:34:15","slug":"cote-divoire-tete-a-tete-avec-ouattara-antiterrorisme-le-programme-de-le-drian-a-abidjan","status":"publish","type":"post","link":"https:\/\/www.africa-press.net\/cotedivoire\/politique\/cote-divoire-tete-a-tete-avec-ouattara-antiterrorisme-le-programme-de-le-drian-a-abidjan","title":{"rendered":"t\u00eate-\u00e0-t\u00eate avec Ouattara, antiterrorisme\u2026 Le programme de Le Drian \u00e0 Abidjan"},"content":{"rendered":"<p><span style=\"color: #ff6600\"><strong><a href=\"https:\/\/www.africa-press.net\/\">Africa-Press<\/a> &#8211; <a href=\"https:\/\/www.africa-press.net\/cotedivoire\">C\u00f4te d&rsquo;Ivoire<\/a>. <\/strong><\/span>Le ministre fran\u00e7ais des Affaires \u00e9trang\u00e8res sera re\u00e7u par le pr\u00e9sident ivoirien \u00e0 Abidjan les 9 et 10 juin. Voici les \u00e9tapes de cette visite officielle.<\/p>\n<p>Les officiels fran\u00e7ais se succ\u00e8dent sur les bords de la lagune Ebri\u00e9. Apr\u00e8s le ministre de l\u2019\u00c9conomie, des Finances et de la Relance, Bruno le Maire, fin avril, puis Franck Riester, charg\u00e9 du Commerce ext\u00e9rieur, d\u00e9but juin, c\u2019est au tour de Jean-Yves Le Drian de se rendre en C\u00f4te d\u2019Ivoire. Selon nos informations, le ministre fran\u00e7ais des Affaires \u00e9trang\u00e8res quittera Paris le 9 juin dans l\u2019apr\u00e8s-midi, apr\u00e8s le conseil des ministres.<\/p>\n<p><b>\u00a0<\/b><\/p>\n","protected":false},"excerpt":{"rendered":"<p>Africa-Press &#8211; C\u00f4te d&rsquo;Ivoire. Le ministre fran\u00e7ais des Affaires \u00e9trang\u00e8res sera re\u00e7u par le pr\u00e9sident ivoirien \u00e0 Abidjan les 9 et 10 juin. Voici les \u00e9tapes de cette visite officielle. Les officiels fran\u00e7ais se succ\u00e8dent sur les bords de la lagune Ebri\u00e9. Apr\u00e8s le ministre de l\u2019\u00c9conomie, des Finances et de la Relance, Bruno le [&hellip;]<\/p>\n","protected":false},"author":82,"featured_media":8496,"comment_status":"open","ping_status":"closed","sticky":false,"template":"","format":"standard","meta":{"footnotes":""},"categories":[11,2,20,10],"tags":[56,63,29],"class_list":["post-8497","post","type-post","status-publish","format-standard","has-post-thumbnail","hentry","category-homepage-french","category-politique","category-top-nouvelles","category-toutes-les-actualites","tag-africa-press","tag-africa-press-cote-divoire","tag-cote-divoire"],"yoast_head":"<!-- This site is optimized with the Yoast SEO Premium plugin v26.1 (Yoast SEO v27.0) - https:\/\/yoast.com\/product\/yoast-seo-premium-wordpress\/ -->\n<title>t\u00eate-\u00e0-t\u00eate avec Ouattara, antiterrorisme\u2026 Le programme de Le Drian \u00e0 Abidjan - C\u00f4te d&#039;Ivoire<\/title>\n<meta name=\"description\" content=\"Le ministre fran\u00e7ais des Affaires \u00e9trang\u00e8res sera re\u00e7u par le pr\u00e9sident ivoirien \u00e0 Abidjan les 9 et 10 juin. Voici les \u00e9 ...\" \/>\n<meta name=\"robots\" content=\"index, follow, max-snippet:-1, max-image-preview:large, max-video-preview:-1\" \/>\n<link rel=\"canonical\" href=\"https:\/\/www.africa-press.net\/cotedivoire\/politique\/cote-divoire-tete-a-tete-avec-ouattara-antiterrorisme-le-programme-de-le-drian-a-abidjan\" \/>\n<meta property=\"og:locale\" content=\"fr_FR\" \/>\n<meta property=\"og:type\" content=\"article\" \/>\n<meta property=\"og:title\" content=\"t\u00eate-\u00e0-t\u00eate avec Ouattara, antiterrorisme\u2026 Le programme de Le Drian \u00e0 Abidjan\" \/>\n<meta property=\"og:description\" content=\"Le ministre fran\u00e7ais des Affaires \u00e9trang\u00e8res sera re\u00e7u par le pr\u00e9sident ivoirien \u00e0 Abidjan les 9 et 10 juin. Voici les \u00e9 ...\" \/>\n<meta property=\"og:url\" content=\"https:\/\/www.africa-press.net\/cotedivoire\/politique\/cote-divoire-tete-a-tete-avec-ouattara-antiterrorisme-le-programme-de-le-drian-a-abidjan\" \/>\n<meta property=\"og:site_name\" content=\"C\u00f4te d&#039;Ivoire\" \/>\n<meta property=\"article:published_time\" content=\"2021-06-03T17:35:28+00:00\" \/>\n<meta property=\"article:modified_time\" content=\"2021-06-03T18:34:15+00:00\" \/>\n<meta property=\"og:image\" content=\"https:\/\/static.africa-press.net\/cote\/sites\/43\/2021\/06\/img-60b90b445dfde.jpg\" \/>\n\t<meta property=\"og:image:width\" content=\"720\" \/>\n\t<meta property=\"og:image:height\" content=\"360\" \/>\n\t<meta property=\"og:image:type\" content=\"image\/jpeg\" \/>\n<meta name=\"author\" content=\"cfeditorfr\" \/>\n<meta name=\"twitter:card\" content=\"summary_large_image\" \/>\n<meta name=\"twitter:label1\" content=\"\u00c9crit par\" \/>\n\t<meta name=\"twitter:data1\" content=\"cfeditorfr\" \/>\n\t<meta name=\"twitter:label2\" content=\"Dur\u00e9e de lecture estim\u00e9e\" \/>\n\t<meta name=\"twitter:data2\" content=\"1 minute\" \/>\n<script type=\"application\/ld+json\" class=\"yoast-schema-graph\">{\"@context\":\"https:\/\/schema.org\",\"@graph\":[{\"@type\":\"Article\",\"@id\":\"https:\/\/www.africa-press.net\/cotedivoire\/politique\/cote-divoire-tete-a-tete-avec-ouattara-antiterrorisme-le-programme-de-le-drian-a-abidjan#article\",\"isPartOf\":{\"@id\":\"https:\/\/www.africa-press.net\/cotedivoire\/politique\/cote-divoire-tete-a-tete-avec-ouattara-antiterrorisme-le-programme-de-le-drian-a-abidjan\"},\"author\":{\"name\":\"cfeditorfr\",\"@id\":\"https:\/\/www.africa-press.net\/cotedivoire\/#\/schema\/person\/2b1cf3cd81a31e3cd26889ca66d677f1\"},\"headline\":\"t\u00eate-\u00e0-t\u00eate avec Ouattara, antiterrorisme\u2026 Le programme de Le Drian \u00e0 Abidjan\",\"datePublished\":\"2021-06-03T17:35:28+00:00\",\"dateModified\":\"2021-06-03T18:34:15+00:00\",\"mainEntityOfPage\":{\"@id\":\"https:\/\/www.africa-press.net\/cotedivoire\/politique\/cote-divoire-tete-a-tete-avec-ouattara-antiterrorisme-le-programme-de-le-drian-a-abidjan\"},\"wordCount\":130,\"commentCount\":0,\"image\":{\"@id\":\"https:\/\/www.africa-press.net\/cotedivoire\/politique\/cote-divoire-tete-a-tete-avec-ouattara-antiterrorisme-le-programme-de-le-drian-a-abidjan#primaryimage\"},\"thumbnailUrl\":\"https:\/\/static.africa-press.net\/cote\/sites\/43\/2021\/06\/img-60b90b445dfde.jpg\",\"keywords\":[\"Africa Press\",\"Africa Press-C\u00f4te d'Ivoire\",\"C\u00d4TE D'IVOIRE\"],\"articleSection\":[\"homepage-french\",\"Politique\",\"Top Nouvelles\",\"Toutes les actualit\u00e9s\"],\"inLanguage\":\"fr-FR\",\"potentialAction\":[{\"@type\":\"CommentAction\",\"name\":\"Comment\",\"target\":[\"https:\/\/www.africa-press.net\/cotedivoire\/politique\/cote-divoire-tete-a-tete-avec-ouattara-antiterrorisme-le-programme-de-le-drian-a-abidjan#respond\"]}]},{\"@type\":\"WebPage\",\"@id\":\"https:\/\/www.africa-press.net\/cotedivoire\/politique\/cote-divoire-tete-a-tete-avec-ouattara-antiterrorisme-le-programme-de-le-drian-a-abidjan\",\"url\":\"https:\/\/www.africa-press.net\/cotedivoire\/politique\/cote-divoire-tete-a-tete-avec-ouattara-antiterrorisme-le-programme-de-le-drian-a-abidjan\",\"name\":\"t\u00eate-\u00e0-t\u00eate avec Ouattara, antiterrorisme\u2026 Le programme de Le Drian \u00e0 Abidjan - C\u00f4te d&#039;Ivoire\",\"isPartOf\":{\"@id\":\"https:\/\/www.africa-press.net\/cotedivoire\/#website\"},\"primaryImageOfPage\":{\"@id\":\"https:\/\/www.africa-press.net\/cotedivoire\/politique\/cote-divoire-tete-a-tete-avec-ouattara-antiterrorisme-le-programme-de-le-drian-a-abidjan#primaryimage\"},\"image\":{\"@id\":\"https:\/\/www.africa-press.net\/cotedivoire\/politique\/cote-divoire-tete-a-tete-avec-ouattara-antiterrorisme-le-programme-de-le-drian-a-abidjan#primaryimage\"},\"thumbnailUrl\":\"https:\/\/static.africa-press.net\/cote\/sites\/43\/2021\/06\/img-60b90b445dfde.jpg\",\"datePublished\":\"2021-06-03T17:35:28+00:00\",\"dateModified\":\"2021-06-03T18:34:15+00:00\",\"author\":{\"@id\":\"https:\/\/www.africa-press.net\/cotedivoire\/#\/schema\/person\/2b1cf3cd81a31e3cd26889ca66d677f1\"},\"description\":\"Le ministre fran\u00e7ais des Affaires \u00e9trang\u00e8res sera re\u00e7u par le pr\u00e9sident ivoirien \u00e0 Abidjan les 9 et 10 juin. Voici les \u00e9 ...\",\"breadcrumb\":{\"@id\":\"https:\/\/www.africa-press.net\/cotedivoire\/politique\/cote-divoire-tete-a-tete-avec-ouattara-antiterrorisme-le-programme-de-le-drian-a-abidjan#breadcrumb\"},\"inLanguage\":\"fr-FR\",\"potentialAction\":[{\"@type\":\"ReadAction\",\"target\":[\"https:\/\/www.africa-press.net\/cotedivoire\/politique\/cote-divoire-tete-a-tete-avec-ouattara-antiterrorisme-le-programme-de-le-drian-a-abidjan\"]}]},{\"@type\":\"ImageObject\",\"inLanguage\":\"fr-FR\",\"@id\":\"https:\/\/www.africa-press.net\/cotedivoire\/politique\/cote-divoire-tete-a-tete-avec-ouattara-antiterrorisme-le-programme-de-le-drian-a-abidjan#primaryimage\",\"url\":\"https:\/\/static.africa-press.net\/cote\/sites\/43\/2021\/06\/img-60b90b445dfde.jpg\",\"contentUrl\":\"https:\/\/static.africa-press.net\/cote\/sites\/43\/2021\/06\/img-60b90b445dfde.jpg\",\"width\":720,\"height\":360,\"caption\":\"C\u00f4te d\u2019Ivoire : t\u00eate-\u00e0-t\u00eate avec Ouattara, antiterrorisme\u2026 Le programme de Le Drian \u00e0 Abidjan\"},{\"@type\":\"BreadcrumbList\",\"@id\":\"https:\/\/www.africa-press.net\/cotedivoire\/politique\/cote-divoire-tete-a-tete-avec-ouattara-antiterrorisme-le-programme-de-le-drian-a-abidjan#breadcrumb\",\"itemListElement\":[{\"@type\":\"ListItem\",\"position\":1,\"name\":\"Accueil\",\"item\":\"https:\/\/www.africa-press.net\/cotedivoire\/\"},{\"@type\":\"ListItem\",\"position\":2,\"name\":\"t\u00eate-\u00e0-t\u00eate avec Ouattara, antiterrorisme\u2026 Le programme de Le Drian \u00e0 Abidjan\"}]},{\"@type\":\"WebSite\",\"@id\":\"https:\/\/www.africa-press.net\/cotedivoire\/#website\",\"url\":\"https:\/\/www.africa-press.net\/cotedivoire\/\",\"name\":\"C\u00f4te d&#039;Ivoire\",\"description\":\"Just another Africa News Agency Sites site\",\"potentialAction\":[{\"@type\":\"SearchAction\",\"target\":{\"@type\":\"EntryPoint\",\"urlTemplate\":\"https:\/\/www.africa-press.net\/cotedivoire\/?s={search_term_string}\"},\"query-input\":{\"@type\":\"PropertyValueSpecification\",\"valueRequired\":true,\"valueName\":\"search_term_string\"}}],\"inLanguage\":\"fr-FR\"},{\"@type\":\"Person\",\"@id\":\"https:\/\/www.africa-press.net\/cotedivoire\/#\/schema\/person\/2b1cf3cd81a31e3cd26889ca66d677f1\",\"name\":\"cfeditorfr\"}]}<\/script>\n<!-- \/ Yoast SEO Premium plugin. -->","yoast_head_json":{"title":"t\u00eate-\u00e0-t\u00eate avec Ouattara, antiterrorisme\u2026 Le programme de Le Drian \u00e0 Abidjan - C\u00f4te d&#039;Ivoire","description":"Le ministre fran\u00e7ais des Affaires \u00e9trang\u00e8res sera re\u00e7u par le pr\u00e9sident ivoirien \u00e0 Abidjan les 9 et 10 juin. Voici les \u00e9 ...","robots":{"index":"index","follow":"follow","max-snippet":"max-snippet:-1","max-image-preview":"max-image-preview:large","max-video-preview":"max-video-preview:-1"},"canonical":"https:\/\/www.africa-press.net\/cotedivoire\/politique\/cote-divoire-tete-a-tete-avec-ouattara-antiterrorisme-le-programme-de-le-drian-a-abidjan","og_locale":"fr_FR","og_type":"article","og_title":"t\u00eate-\u00e0-t\u00eate avec Ouattara, antiterrorisme\u2026 Le programme de Le Drian \u00e0 Abidjan","og_description":"Le ministre fran\u00e7ais des Affaires \u00e9trang\u00e8res sera re\u00e7u par le pr\u00e9sident ivoirien \u00e0 Abidjan les 9 et 10 juin. Voici les \u00e9 ...","og_url":"https:\/\/www.africa-press.net\/cotedivoire\/politique\/cote-divoire-tete-a-tete-avec-ouattara-antiterrorisme-le-programme-de-le-drian-a-abidjan","og_site_name":"C\u00f4te d&#039;Ivoire","article_published_time":"2021-06-03T17:35:28+00:00","article_modified_time":"2021-06-03T18:34:15+00:00","og_image":[{"width":720,"height":360,"url":"https:\/\/static.africa-press.net\/cote\/sites\/43\/2021\/06\/img-60b90b445dfde.jpg","type":"image\/jpeg"}],"author":"cfeditorfr","twitter_card":"summary_large_image","twitter_misc":{"\u00c9crit par":"cfeditorfr","Dur\u00e9e de lecture estim\u00e9e":"1 minute"},"schema":{"@context":"https:\/\/schema.org","@graph":[{"@type":"Article","@id":"https:\/\/www.africa-press.net\/cotedivoire\/politique\/cote-divoire-tete-a-tete-avec-ouattara-antiterrorisme-le-programme-de-le-drian-a-abidjan#article","isPartOf":{"@id":"https:\/\/www.africa-press.net\/cotedivoire\/politique\/cote-divoire-tete-a-tete-avec-ouattara-antiterrorisme-le-programme-de-le-drian-a-abidjan"},"author":{"name":"cfeditorfr","@id":"https:\/\/www.africa-press.net\/cotedivoire\/#\/schema\/person\/2b1cf3cd81a31e3cd26889ca66d677f1"},"headline":"t\u00eate-\u00e0-t\u00eate avec Ouattara, antiterrorisme\u2026 Le programme de Le Drian \u00e0 Abidjan","datePublished":"2021-06-03T17:35:28+00:00","dateModified":"2021-06-03T18:34:15+00:00","mainEntityOfPage":{"@id":"https:\/\/www.africa-press.net\/cotedivoire\/politique\/cote-divoire-tete-a-tete-avec-ouattara-antiterrorisme-le-programme-de-le-drian-a-abidjan"},"wordCount":130,"commentCount":0,"image":{"@id":"https:\/\/www.africa-press.net\/cotedivoire\/politique\/cote-divoire-tete-a-tete-avec-ouattara-antiterrorisme-le-programme-de-le-drian-a-abidjan#primaryimage"},"thumbnailUrl":"https:\/\/static.africa-press.net\/cote\/sites\/43\/2021\/06\/img-60b90b445dfde.jpg","keywords":["Africa Press","Africa Press-C\u00f4te d'Ivoire","C\u00d4TE D'IVOIRE"],"articleSection":["homepage-french","Politique","Top Nouvelles","Toutes les actualit\u00e9s"],"inLanguage":"fr-FR","potentialAction":[{"@type":"CommentAction","name":"Comment","target":["https:\/\/www.africa-press.net\/cotedivoire\/politique\/cote-divoire-tete-a-tete-avec-ouattara-antiterrorisme-le-programme-de-le-drian-a-abidjan#respond"]}]},{"@type":"WebPage","@id":"https:\/\/www.africa-press.net\/cotedivoire\/politique\/cote-divoire-tete-a-tete-avec-ouattara-antiterrorisme-le-programme-de-le-drian-a-abidjan","url":"https:\/\/www.africa-press.net\/cotedivoire\/politique\/cote-divoire-tete-a-tete-avec-ouattara-antiterrorisme-le-programme-de-le-drian-a-abidjan","name":"t\u00eate-\u00e0-t\u00eate avec Ouattara, antiterrorisme\u2026 Le programme de Le Drian \u00e0 Abidjan - C\u00f4te d&#039;Ivoire","isPartOf":{"@id":"https:\/\/www.africa-press.net\/cotedivoire\/#website"},"primaryImageOfPage":{"@id":"https:\/\/www.africa-press.net\/cotedivoire\/politique\/cote-divoire-tete-a-tete-avec-ouattara-antiterrorisme-le-programme-de-le-drian-a-abidjan#primaryimage"},"image":{"@id":"https:\/\/www.africa-press.net\/cotedivoire\/politique\/cote-divoire-tete-a-tete-avec-ouattara-antiterrorisme-le-programme-de-le-drian-a-abidjan#primaryimage"},"thumbnailUrl":"https:\/\/static.africa-press.net\/cote\/sites\/43\/2021\/06\/img-60b90b445dfde.jpg","datePublished":"2021-06-03T17:35:28+00:00","dateModified":"2021-06-03T18:34:15+00:00","author":{"@id":"https:\/\/www.africa-press.net\/cotedivoire\/#\/schema\/person\/2b1cf3cd81a31e3cd26889ca66d677f1"},"description":"Le ministre fran\u00e7ais des Affaires \u00e9trang\u00e8res sera re\u00e7u par le pr\u00e9sident ivoirien \u00e0 Abidjan les 9 et 10 juin. Voici les \u00e9 ...","breadcrumb":{"@id":"https:\/\/www.africa-press.net\/cotedivoire\/politique\/cote-divoire-tete-a-tete-avec-ouattara-antiterrorisme-le-programme-de-le-drian-a-abidjan#breadcrumb"},"inLanguage":"fr-FR","potentialAction":[{"@type":"ReadAction","target":["https:\/\/www.africa-press.net\/cotedivoire\/politique\/cote-divoire-tete-a-tete-avec-ouattara-antiterrorisme-le-programme-de-le-drian-a-abidjan"]}]},{"@type":"ImageObject","inLanguage":"fr-FR","@id":"https:\/\/www.africa-press.net\/cotedivoire\/politique\/cote-divoire-tete-a-tete-avec-ouattara-antiterrorisme-le-programme-de-le-drian-a-abidjan#primaryimage","url":"https:\/\/static.africa-press.net\/cote\/sites\/43\/2021\/06\/img-60b90b445dfde.jpg","contentUrl":"https:\/\/static.africa-press.net\/cote\/sites\/43\/2021\/06\/img-60b90b445dfde.jpg","width":720,"height":360,"caption":"C\u00f4te d\u2019Ivoire : t\u00eate-\u00e0-t\u00eate avec Ouattara, antiterrorisme\u2026 Le programme de Le Drian \u00e0 Abidjan"},{"@type":"BreadcrumbList","@id":"https:\/\/www.africa-press.net\/cotedivoire\/politique\/cote-divoire-tete-a-tete-avec-ouattara-antiterrorisme-le-programme-de-le-drian-a-abidjan#breadcrumb","itemListElement":[{"@type":"ListItem","position":1,"name":"Accueil","item":"https:\/\/www.africa-press.net\/cotedivoire\/"},{"@type":"ListItem","position":2,"name":"t\u00eate-\u00e0-t\u00eate avec Ouattara, antiterrorisme\u2026 Le programme de Le Drian \u00e0 Abidjan"}]},{"@type":"WebSite","@id":"https:\/\/www.africa-press.net\/cotedivoire\/#website","url":"https:\/\/www.africa-press.net\/cotedivoire\/","name":"C\u00f4te d&#039;Ivoire","description":"Just another Africa News Agency Sites site","potentialAction":[{"@type":"SearchAction","target":{"@type":"EntryPoint","urlTemplate":"https:\/\/www.africa-press.net\/cotedivoire\/?s={search_term_string}"},"query-input":{"@type":"PropertyValueSpecification","valueRequired":true,"valueName":"search_term_string"}}],"inLanguage":"fr-FR"},{"@type":"Person","@id":"https:\/\/www.africa-press.net\/cotedivoire\/#\/schema\/person\/2b1cf3cd81a31e3cd26889ca66d677f1","name":"cfeditorfr"}]}},"_links":{"self":[{"href":"https:\/\/www.africa-press.net\/cotedivoire\/wp-json\/wp\/v2\/posts\/8497","targetHints":{"allow":["GET"]}}],"collection":[{"href":"https:\/\/www.africa-press.net\/cotedivoire\/wp-json\/wp\/v2\/posts"}],"about":[{"href":"https:\/\/www.africa-press.net\/cotedivoire\/wp-json\/wp\/v2\/types\/post"}],"author":[{"embeddable":true,"href":"https:\/\/www.africa-press.net\/cotedivoire\/wp-json\/wp\/v2\/users\/82"}],"replies":[{"embeddable":true,"href":"https:\/\/www.africa-press.net\/cotedivoire\/wp-json\/wp\/v2\/comments?post=8497"}],"version-history":[{"count":0,"href":"https:\/\/www.africa-press.net\/cotedivoire\/wp-json\/wp\/v2\/posts\/8497\/revisions"}],"wp:featuredmedia":[{"embeddable":true,"href":"https:\/\/www.africa-press.net\/cotedivoire\/wp-json\/wp\/v2\/media\/8496"}],"wp:attachment":[{"href":"https:\/\/www.africa-press.net\/cotedivoire\/wp-json\/wp\/v2\/media?parent=8497"}],"wp:term":[{"taxonomy":"category","embeddable":true,"href":"https:\/\/www.africa-press.net\/cotedivoire\/wp-json\/wp\/v2\/categories?post=8497"},{"taxonomy":"post_tag","embeddable":true,"href":"https:\/\/www.africa-press.net\/cotedivoire\/wp-json\/wp\/v2\/tags?post=8497"}],"curies":[{"name":"wp","href":"https:\/\/api.w.org\/{rel}","templated":true}]}}