{"id":8506,"date":"2021-06-03T17:58:53","date_gmt":"2021-06-03T17:58:53","guid":{"rendered":"https:\/\/www.africa-press.net\/cotedivoire\/?p=8506"},"modified":"2021-06-03T18:35:02","modified_gmt":"2021-06-03T18:35:02","slug":"cote-divoire-assoa-adou-annonce-des-missions-dinformation-de-larrivee-de-gbagbo-a-travers-tout-le-pays","status":"publish","type":"post","link":"https:\/\/www.africa-press.net\/cotedivoire\/politique\/cote-divoire-assoa-adou-annonce-des-missions-dinformation-de-larrivee-de-gbagbo-a-travers-tout-le-pays","title":{"rendered":"Assoa Adou annonce \u00ab\u00a0des missions d\u2019information de l\u2019arriv\u00e9e de Gbagbo \u00e0 travers tout le pays\u00a0\u00bb"},"content":{"rendered":"<p><span style=\"color: #ff6600\"><strong><a href=\"https:\/\/www.africa-press.net\/\">Africa-Press<\/a> &#8211; <a href=\"https:\/\/www.africa-press.net\/cotedivoire\">C\u00f4te d&rsquo;Ivoire<\/a>.\u00a0 <\/strong><\/span>Le secr\u00e9taire g\u00e9n\u00e9ral du Front populaire ivoirien (FPI, opposition) pro Gbagbo Assoa Adou a demand\u00e9<br \/>\n\u00ab des missions d\u2019information \u00e0 travers le territoire national \u00bb sur la date du retour le 17 juin de l\u2019ex-pr\u00e9sident Laurent Gbagbo, dans une note mercredi.<\/p>\n<p>\u00ab Le secr\u00e9taire g\u00e9n\u00e9ral demande \u00e0 tous les camarades en charge de la mobilisation de prendre toutes les dispositions n\u00e9cessaires en vue de l\u2019ex\u00e9cution, sans d\u00e9lai, des missions d\u2019information \u00e0 travers le territoire national \u00bb, indique le texte.<\/p>\n<p>Lundi, M. Assoa a annonc\u00e9 le retour le 17 juin de l\u2019ancien pr\u00e9sident, acquitt\u00e9 par la CPI des accusations de crimes contre l\u2019humanit\u00e9.<\/p>\n<p>\u00ab Le pr\u00e9sident Laurent Gbagbo m\u2019a dit de dire aux femmes du FPI, \u00e0 toutes les femmes ivoiriennes, aux peuples africains, aux d\u00e9mocrates europ\u00e9ennes, tous ceux qui nous ont soutenus, que sa date d\u2019arriv\u00e9e en C\u00f4te d\u2019Ivoire, est le 17 juin 2021 \u00bb, a-t-il dit.<\/p>\n<p>Mais selon le gouvernement ivoirien, cette date n\u2019a pas \u00e9t\u00e9 choisie \u00ab de fa\u00e7on consensuelle \u00bb.<\/p>\n<p>\u00ab Quand ils vont nous saisir pour nous donner une date, nous allons d\u00e9cider ensemble si cette date est tenable ou pas \u00bb, a d\u00e9clar\u00e9 le porte-parole du gouvernement Amadou Coulibaly \u00e0 RFI.<\/p>\n<p>&nbsp;<\/p>\n","protected":false},"excerpt":{"rendered":"<p>Africa-Press &#8211; C\u00f4te d&rsquo;Ivoire.\u00a0 Le secr\u00e9taire g\u00e9n\u00e9ral du Front populaire ivoirien (FPI, opposition) pro Gbagbo Assoa Adou a demand\u00e9 \u00ab des missions d\u2019information \u00e0 travers le territoire national \u00bb sur la date du retour le 17 juin de l\u2019ex-pr\u00e9sident Laurent Gbagbo, dans une note mercredi. \u00ab Le secr\u00e9taire g\u00e9n\u00e9ral demande \u00e0 tous les camarades en [&hellip;]<\/p>\n","protected":false},"author":82,"featured_media":8505,"comment_status":"open","ping_status":"closed","sticky":false,"template":"","format":"standard","meta":{"footnotes":""},"categories":[11,2,10],"tags":[56,63,29],"class_list":["post-8506","post","type-post","status-publish","format-standard","has-post-thumbnail","hentry","category-homepage-french","category-politique","category-toutes-les-actualites","tag-africa-press","tag-africa-press-cote-divoire","tag-cote-divoire"],"yoast_head":"<!-- This site is optimized with the Yoast SEO Premium plugin v26.1 (Yoast SEO v27.0) - https:\/\/yoast.com\/product\/yoast-seo-premium-wordpress\/ -->\n<title>Assoa Adou annonce \u00ab\u00a0des missions d\u2019information de l\u2019arriv\u00e9e de Gbagbo \u00e0 travers tout le pays\u00a0\u00bb - C\u00f4te d&#039;Ivoire<\/title>\n<meta name=\"description\" content=\"Edwige FIENDELe secr\u00e9taire g\u00e9n\u00e9ral du Front populaire ivoirien (FPI, opposition) pro Gbagbo Assoa Adou a demand\u00e9\u00ab des ...\" \/>\n<meta name=\"robots\" content=\"index, follow, max-snippet:-1, max-image-preview:large, max-video-preview:-1\" \/>\n<link rel=\"canonical\" href=\"https:\/\/www.africa-press.net\/cotedivoire\/politique\/cote-divoire-assoa-adou-annonce-des-missions-dinformation-de-larrivee-de-gbagbo-a-travers-tout-le-pays\" \/>\n<meta property=\"og:locale\" content=\"fr_FR\" \/>\n<meta property=\"og:type\" content=\"article\" \/>\n<meta property=\"og:title\" content=\"Assoa Adou annonce \u00ab\u00a0des missions d\u2019information de l\u2019arriv\u00e9e de Gbagbo \u00e0 travers tout le pays\u00a0\u00bb\" \/>\n<meta property=\"og:description\" content=\"Edwige FIENDELe secr\u00e9taire g\u00e9n\u00e9ral du Front populaire ivoirien (FPI, opposition) pro Gbagbo Assoa Adou a demand\u00e9\u00ab des ...\" \/>\n<meta property=\"og:url\" content=\"https:\/\/www.africa-press.net\/cotedivoire\/politique\/cote-divoire-assoa-adou-annonce-des-missions-dinformation-de-larrivee-de-gbagbo-a-travers-tout-le-pays\" \/>\n<meta property=\"og:site_name\" content=\"C\u00f4te d&#039;Ivoire\" \/>\n<meta property=\"article:published_time\" content=\"2021-06-03T17:58:53+00:00\" \/>\n<meta property=\"article:modified_time\" content=\"2021-06-03T18:35:02+00:00\" \/>\n<meta property=\"og:image\" content=\"https:\/\/static.africa-press.net\/cote\/sites\/43\/2021\/06\/img-60b90bdc2284c.jpg\" \/>\n\t<meta property=\"og:image:width\" content=\"720\" \/>\n\t<meta property=\"og:image:height\" content=\"360\" \/>\n\t<meta property=\"og:image:type\" content=\"image\/jpeg\" \/>\n<meta name=\"author\" content=\"cfeditorfr\" \/>\n<meta name=\"twitter:card\" content=\"summary_large_image\" \/>\n<meta name=\"twitter:label1\" content=\"\u00c9crit par\" \/>\n\t<meta name=\"twitter:data1\" content=\"cfeditorfr\" \/>\n\t<meta name=\"twitter:label2\" content=\"Dur\u00e9e de lecture estim\u00e9e\" \/>\n\t<meta name=\"twitter:data2\" content=\"1 minute\" \/>\n<script type=\"application\/ld+json\" class=\"yoast-schema-graph\">{\"@context\":\"https:\/\/schema.org\",\"@graph\":[{\"@type\":\"Article\",\"@id\":\"https:\/\/www.africa-press.net\/cotedivoire\/politique\/cote-divoire-assoa-adou-annonce-des-missions-dinformation-de-larrivee-de-gbagbo-a-travers-tout-le-pays#article\",\"isPartOf\":{\"@id\":\"https:\/\/www.africa-press.net\/cotedivoire\/politique\/cote-divoire-assoa-adou-annonce-des-missions-dinformation-de-larrivee-de-gbagbo-a-travers-tout-le-pays\"},\"author\":{\"name\":\"cfeditorfr\",\"@id\":\"https:\/\/www.africa-press.net\/cotedivoire\/#\/schema\/person\/2b1cf3cd81a31e3cd26889ca66d677f1\"},\"headline\":\"Assoa Adou annonce \u00ab\u00a0des missions d\u2019information de l\u2019arriv\u00e9e de Gbagbo \u00e0 travers tout le pays\u00a0\u00bb\",\"datePublished\":\"2021-06-03T17:58:53+00:00\",\"dateModified\":\"2021-06-03T18:35:02+00:00\",\"mainEntityOfPage\":{\"@id\":\"https:\/\/www.africa-press.net\/cotedivoire\/politique\/cote-divoire-assoa-adou-annonce-des-missions-dinformation-de-larrivee-de-gbagbo-a-travers-tout-le-pays\"},\"wordCount\":230,\"commentCount\":0,\"image\":{\"@id\":\"https:\/\/www.africa-press.net\/cotedivoire\/politique\/cote-divoire-assoa-adou-annonce-des-missions-dinformation-de-larrivee-de-gbagbo-a-travers-tout-le-pays#primaryimage\"},\"thumbnailUrl\":\"https:\/\/static.africa-press.net\/cote\/sites\/43\/2021\/06\/img-60b90bdc2284c.jpg\",\"keywords\":[\"Africa Press\",\"Africa Press-C\u00f4te d'Ivoire\",\"C\u00d4TE D'IVOIRE\"],\"articleSection\":[\"homepage-french\",\"Politique\",\"Toutes les actualit\u00e9s\"],\"inLanguage\":\"fr-FR\",\"potentialAction\":[{\"@type\":\"CommentAction\",\"name\":\"Comment\",\"target\":[\"https:\/\/www.africa-press.net\/cotedivoire\/politique\/cote-divoire-assoa-adou-annonce-des-missions-dinformation-de-larrivee-de-gbagbo-a-travers-tout-le-pays#respond\"]}]},{\"@type\":\"WebPage\",\"@id\":\"https:\/\/www.africa-press.net\/cotedivoire\/politique\/cote-divoire-assoa-adou-annonce-des-missions-dinformation-de-larrivee-de-gbagbo-a-travers-tout-le-pays\",\"url\":\"https:\/\/www.africa-press.net\/cotedivoire\/politique\/cote-divoire-assoa-adou-annonce-des-missions-dinformation-de-larrivee-de-gbagbo-a-travers-tout-le-pays\",\"name\":\"Assoa Adou annonce \u00ab\u00a0des missions d\u2019information de l\u2019arriv\u00e9e de Gbagbo \u00e0 travers tout le pays\u00a0\u00bb - C\u00f4te d&#039;Ivoire\",\"isPartOf\":{\"@id\":\"https:\/\/www.africa-press.net\/cotedivoire\/#website\"},\"primaryImageOfPage\":{\"@id\":\"https:\/\/www.africa-press.net\/cotedivoire\/politique\/cote-divoire-assoa-adou-annonce-des-missions-dinformation-de-larrivee-de-gbagbo-a-travers-tout-le-pays#primaryimage\"},\"image\":{\"@id\":\"https:\/\/www.africa-press.net\/cotedivoire\/politique\/cote-divoire-assoa-adou-annonce-des-missions-dinformation-de-larrivee-de-gbagbo-a-travers-tout-le-pays#primaryimage\"},\"thumbnailUrl\":\"https:\/\/static.africa-press.net\/cote\/sites\/43\/2021\/06\/img-60b90bdc2284c.jpg\",\"datePublished\":\"2021-06-03T17:58:53+00:00\",\"dateModified\":\"2021-06-03T18:35:02+00:00\",\"author\":{\"@id\":\"https:\/\/www.africa-press.net\/cotedivoire\/#\/schema\/person\/2b1cf3cd81a31e3cd26889ca66d677f1\"},\"description\":\"Edwige FIENDELe secr\u00e9taire g\u00e9n\u00e9ral du Front populaire ivoirien (FPI, opposition) pro Gbagbo Assoa Adou a demand\u00e9\u00ab des ...\",\"breadcrumb\":{\"@id\":\"https:\/\/www.africa-press.net\/cotedivoire\/politique\/cote-divoire-assoa-adou-annonce-des-missions-dinformation-de-larrivee-de-gbagbo-a-travers-tout-le-pays#breadcrumb\"},\"inLanguage\":\"fr-FR\",\"potentialAction\":[{\"@type\":\"ReadAction\",\"target\":[\"https:\/\/www.africa-press.net\/cotedivoire\/politique\/cote-divoire-assoa-adou-annonce-des-missions-dinformation-de-larrivee-de-gbagbo-a-travers-tout-le-pays\"]}]},{\"@type\":\"ImageObject\",\"inLanguage\":\"fr-FR\",\"@id\":\"https:\/\/www.africa-press.net\/cotedivoire\/politique\/cote-divoire-assoa-adou-annonce-des-missions-dinformation-de-larrivee-de-gbagbo-a-travers-tout-le-pays#primaryimage\",\"url\":\"https:\/\/static.africa-press.net\/cote\/sites\/43\/2021\/06\/img-60b90bdc2284c.jpg\",\"contentUrl\":\"https:\/\/static.africa-press.net\/cote\/sites\/43\/2021\/06\/img-60b90bdc2284c.jpg\",\"width\":720,\"height\":360,\"caption\":\"C\u00f4te-d\u2019Ivoire: Assoa Adou annonce \u00ab\u00a0des missions d\u2019information de l\u2019arriv\u00e9e de Gbagbo \u00e0 travers tout le pays\u00a0\u00bb\"},{\"@type\":\"BreadcrumbList\",\"@id\":\"https:\/\/www.africa-press.net\/cotedivoire\/politique\/cote-divoire-assoa-adou-annonce-des-missions-dinformation-de-larrivee-de-gbagbo-a-travers-tout-le-pays#breadcrumb\",\"itemListElement\":[{\"@type\":\"ListItem\",\"position\":1,\"name\":\"Accueil\",\"item\":\"https:\/\/www.africa-press.net\/cotedivoire\/\"},{\"@type\":\"ListItem\",\"position\":2,\"name\":\"Assoa Adou annonce \u00ab\u00a0des missions d\u2019information de l\u2019arriv\u00e9e de Gbagbo \u00e0 travers tout le pays\u00a0\u00bb\"}]},{\"@type\":\"WebSite\",\"@id\":\"https:\/\/www.africa-press.net\/cotedivoire\/#website\",\"url\":\"https:\/\/www.africa-press.net\/cotedivoire\/\",\"name\":\"C\u00f4te d&#039;Ivoire\",\"description\":\"Just another Africa News Agency Sites site\",\"potentialAction\":[{\"@type\":\"SearchAction\",\"target\":{\"@type\":\"EntryPoint\",\"urlTemplate\":\"https:\/\/www.africa-press.net\/cotedivoire\/?s={search_term_string}\"},\"query-input\":{\"@type\":\"PropertyValueSpecification\",\"valueRequired\":true,\"valueName\":\"search_term_string\"}}],\"inLanguage\":\"fr-FR\"},{\"@type\":\"Person\",\"@id\":\"https:\/\/www.africa-press.net\/cotedivoire\/#\/schema\/person\/2b1cf3cd81a31e3cd26889ca66d677f1\",\"name\":\"cfeditorfr\"}]}<\/script>\n<!-- \/ Yoast SEO Premium plugin. -->","yoast_head_json":{"title":"Assoa Adou annonce \u00ab\u00a0des missions d\u2019information de l\u2019arriv\u00e9e de Gbagbo \u00e0 travers tout le pays\u00a0\u00bb - C\u00f4te d&#039;Ivoire","description":"Edwige FIENDELe secr\u00e9taire g\u00e9n\u00e9ral du Front populaire ivoirien (FPI, opposition) pro Gbagbo Assoa Adou a demand\u00e9\u00ab des ...","robots":{"index":"index","follow":"follow","max-snippet":"max-snippet:-1","max-image-preview":"max-image-preview:large","max-video-preview":"max-video-preview:-1"},"canonical":"https:\/\/www.africa-press.net\/cotedivoire\/politique\/cote-divoire-assoa-adou-annonce-des-missions-dinformation-de-larrivee-de-gbagbo-a-travers-tout-le-pays","og_locale":"fr_FR","og_type":"article","og_title":"Assoa Adou annonce \u00ab\u00a0des missions d\u2019information de l\u2019arriv\u00e9e de Gbagbo \u00e0 travers tout le pays\u00a0\u00bb","og_description":"Edwige FIENDELe secr\u00e9taire g\u00e9n\u00e9ral du Front populaire ivoirien (FPI, opposition) pro Gbagbo Assoa Adou a demand\u00e9\u00ab des ...","og_url":"https:\/\/www.africa-press.net\/cotedivoire\/politique\/cote-divoire-assoa-adou-annonce-des-missions-dinformation-de-larrivee-de-gbagbo-a-travers-tout-le-pays","og_site_name":"C\u00f4te d&#039;Ivoire","article_published_time":"2021-06-03T17:58:53+00:00","article_modified_time":"2021-06-03T18:35:02+00:00","og_image":[{"width":720,"height":360,"url":"https:\/\/static.africa-press.net\/cote\/sites\/43\/2021\/06\/img-60b90bdc2284c.jpg","type":"image\/jpeg"}],"author":"cfeditorfr","twitter_card":"summary_large_image","twitter_misc":{"\u00c9crit par":"cfeditorfr","Dur\u00e9e de lecture estim\u00e9e":"1 minute"},"schema":{"@context":"https:\/\/schema.org","@graph":[{"@type":"Article","@id":"https:\/\/www.africa-press.net\/cotedivoire\/politique\/cote-divoire-assoa-adou-annonce-des-missions-dinformation-de-larrivee-de-gbagbo-a-travers-tout-le-pays#article","isPartOf":{"@id":"https:\/\/www.africa-press.net\/cotedivoire\/politique\/cote-divoire-assoa-adou-annonce-des-missions-dinformation-de-larrivee-de-gbagbo-a-travers-tout-le-pays"},"author":{"name":"cfeditorfr","@id":"https:\/\/www.africa-press.net\/cotedivoire\/#\/schema\/person\/2b1cf3cd81a31e3cd26889ca66d677f1"},"headline":"Assoa Adou annonce \u00ab\u00a0des missions d\u2019information de l\u2019arriv\u00e9e de Gbagbo \u00e0 travers tout le pays\u00a0\u00bb","datePublished":"2021-06-03T17:58:53+00:00","dateModified":"2021-06-03T18:35:02+00:00","mainEntityOfPage":{"@id":"https:\/\/www.africa-press.net\/cotedivoire\/politique\/cote-divoire-assoa-adou-annonce-des-missions-dinformation-de-larrivee-de-gbagbo-a-travers-tout-le-pays"},"wordCount":230,"commentCount":0,"image":{"@id":"https:\/\/www.africa-press.net\/cotedivoire\/politique\/cote-divoire-assoa-adou-annonce-des-missions-dinformation-de-larrivee-de-gbagbo-a-travers-tout-le-pays#primaryimage"},"thumbnailUrl":"https:\/\/static.africa-press.net\/cote\/sites\/43\/2021\/06\/img-60b90bdc2284c.jpg","keywords":["Africa Press","Africa Press-C\u00f4te d'Ivoire","C\u00d4TE D'IVOIRE"],"articleSection":["homepage-french","Politique","Toutes les actualit\u00e9s"],"inLanguage":"fr-FR","potentialAction":[{"@type":"CommentAction","name":"Comment","target":["https:\/\/www.africa-press.net\/cotedivoire\/politique\/cote-divoire-assoa-adou-annonce-des-missions-dinformation-de-larrivee-de-gbagbo-a-travers-tout-le-pays#respond"]}]},{"@type":"WebPage","@id":"https:\/\/www.africa-press.net\/cotedivoire\/politique\/cote-divoire-assoa-adou-annonce-des-missions-dinformation-de-larrivee-de-gbagbo-a-travers-tout-le-pays","url":"https:\/\/www.africa-press.net\/cotedivoire\/politique\/cote-divoire-assoa-adou-annonce-des-missions-dinformation-de-larrivee-de-gbagbo-a-travers-tout-le-pays","name":"Assoa Adou annonce \u00ab\u00a0des missions d\u2019information de l\u2019arriv\u00e9e de Gbagbo \u00e0 travers tout le pays\u00a0\u00bb - C\u00f4te d&#039;Ivoire","isPartOf":{"@id":"https:\/\/www.africa-press.net\/cotedivoire\/#website"},"primaryImageOfPage":{"@id":"https:\/\/www.africa-press.net\/cotedivoire\/politique\/cote-divoire-assoa-adou-annonce-des-missions-dinformation-de-larrivee-de-gbagbo-a-travers-tout-le-pays#primaryimage"},"image":{"@id":"https:\/\/www.africa-press.net\/cotedivoire\/politique\/cote-divoire-assoa-adou-annonce-des-missions-dinformation-de-larrivee-de-gbagbo-a-travers-tout-le-pays#primaryimage"},"thumbnailUrl":"https:\/\/static.africa-press.net\/cote\/sites\/43\/2021\/06\/img-60b90bdc2284c.jpg","datePublished":"2021-06-03T17:58:53+00:00","dateModified":"2021-06-03T18:35:02+00:00","author":{"@id":"https:\/\/www.africa-press.net\/cotedivoire\/#\/schema\/person\/2b1cf3cd81a31e3cd26889ca66d677f1"},"description":"Edwige FIENDELe secr\u00e9taire g\u00e9n\u00e9ral du Front populaire ivoirien (FPI, opposition) pro Gbagbo Assoa Adou a demand\u00e9\u00ab des ...","breadcrumb":{"@id":"https:\/\/www.africa-press.net\/cotedivoire\/politique\/cote-divoire-assoa-adou-annonce-des-missions-dinformation-de-larrivee-de-gbagbo-a-travers-tout-le-pays#breadcrumb"},"inLanguage":"fr-FR","potentialAction":[{"@type":"ReadAction","target":["https:\/\/www.africa-press.net\/cotedivoire\/politique\/cote-divoire-assoa-adou-annonce-des-missions-dinformation-de-larrivee-de-gbagbo-a-travers-tout-le-pays"]}]},{"@type":"ImageObject","inLanguage":"fr-FR","@id":"https:\/\/www.africa-press.net\/cotedivoire\/politique\/cote-divoire-assoa-adou-annonce-des-missions-dinformation-de-larrivee-de-gbagbo-a-travers-tout-le-pays#primaryimage","url":"https:\/\/static.africa-press.net\/cote\/sites\/43\/2021\/06\/img-60b90bdc2284c.jpg","contentUrl":"https:\/\/static.africa-press.net\/cote\/sites\/43\/2021\/06\/img-60b90bdc2284c.jpg","width":720,"height":360,"caption":"C\u00f4te-d\u2019Ivoire: Assoa Adou annonce \u00ab\u00a0des missions d\u2019information de l\u2019arriv\u00e9e de Gbagbo \u00e0 travers tout le pays\u00a0\u00bb"},{"@type":"BreadcrumbList","@id":"https:\/\/www.africa-press.net\/cotedivoire\/politique\/cote-divoire-assoa-adou-annonce-des-missions-dinformation-de-larrivee-de-gbagbo-a-travers-tout-le-pays#breadcrumb","itemListElement":[{"@type":"ListItem","position":1,"name":"Accueil","item":"https:\/\/www.africa-press.net\/cotedivoire\/"},{"@type":"ListItem","position":2,"name":"Assoa Adou annonce \u00ab\u00a0des missions d\u2019information de l\u2019arriv\u00e9e de Gbagbo \u00e0 travers tout le pays\u00a0\u00bb"}]},{"@type":"WebSite","@id":"https:\/\/www.africa-press.net\/cotedivoire\/#website","url":"https:\/\/www.africa-press.net\/cotedivoire\/","name":"C\u00f4te d&#039;Ivoire","description":"Just another Africa News Agency Sites site","potentialAction":[{"@type":"SearchAction","target":{"@type":"EntryPoint","urlTemplate":"https:\/\/www.africa-press.net\/cotedivoire\/?s={search_term_string}"},"query-input":{"@type":"PropertyValueSpecification","valueRequired":true,"valueName":"search_term_string"}}],"inLanguage":"fr-FR"},{"@type":"Person","@id":"https:\/\/www.africa-press.net\/cotedivoire\/#\/schema\/person\/2b1cf3cd81a31e3cd26889ca66d677f1","name":"cfeditorfr"}]}},"_links":{"self":[{"href":"https:\/\/www.africa-press.net\/cotedivoire\/wp-json\/wp\/v2\/posts\/8506","targetHints":{"allow":["GET"]}}],"collection":[{"href":"https:\/\/www.africa-press.net\/cotedivoire\/wp-json\/wp\/v2\/posts"}],"about":[{"href":"https:\/\/www.africa-press.net\/cotedivoire\/wp-json\/wp\/v2\/types\/post"}],"author":[{"embeddable":true,"href":"https:\/\/www.africa-press.net\/cotedivoire\/wp-json\/wp\/v2\/users\/82"}],"replies":[{"embeddable":true,"href":"https:\/\/www.africa-press.net\/cotedivoire\/wp-json\/wp\/v2\/comments?post=8506"}],"version-history":[{"count":0,"href":"https:\/\/www.africa-press.net\/cotedivoire\/wp-json\/wp\/v2\/posts\/8506\/revisions"}],"wp:featuredmedia":[{"embeddable":true,"href":"https:\/\/www.africa-press.net\/cotedivoire\/wp-json\/wp\/v2\/media\/8505"}],"wp:attachment":[{"href":"https:\/\/www.africa-press.net\/cotedivoire\/wp-json\/wp\/v2\/media?parent=8506"}],"wp:term":[{"taxonomy":"category","embeddable":true,"href":"https:\/\/www.africa-press.net\/cotedivoire\/wp-json\/wp\/v2\/categories?post=8506"},{"taxonomy":"post_tag","embeddable":true,"href":"https:\/\/www.africa-press.net\/cotedivoire\/wp-json\/wp\/v2\/tags?post=8506"}],"curies":[{"name":"wp","href":"https:\/\/api.w.org\/{rel}","templated":true}]}}