{"id":8509,"date":"2021-06-03T18:03:29","date_gmt":"2021-06-03T18:03:29","guid":{"rendered":"https:\/\/www.africa-press.net\/cotedivoire\/?p=8509"},"modified":"2021-06-03T18:35:10","modified_gmt":"2021-06-03T18:35:10","slug":"cote-divoire-recevant-une-delegation-de-ldci-du-pr-prao-damana-pickass-revele-le-nouveau-combat-de-gbagbo-des-son-retour","status":"publish","type":"post","link":"https:\/\/www.africa-press.net\/cotedivoire\/politique\/cote-divoire-recevant-une-delegation-de-ldci-du-pr-prao-damana-pickass-revele-le-nouveau-combat-de-gbagbo-des-son-retour","title":{"rendered":"Recevant une d\u00e9l\u00e9gation de Ldci du Pr Prao \u2013 Damana Pickass r\u00e9v\u00e8le le nouveau combat de Gbagbo d\u00e8s son retour"},"content":{"rendered":"<p><span style=\"color: #ff6600\"><strong><a href=\"https:\/\/www.africa-press.net\/\">Africa-Press<\/a> &#8211; <a href=\"https:\/\/www.africa-press.net\/cotedivoire\">C\u00f4te d&rsquo;Ivoire<\/a>. <\/strong><\/span>Le professeur S\u00e9raphin Prao \u00e0 la t\u00eate d\u2019une d\u00e9l\u00e9gation de \u00bbLes D\u00e9mocrates de C\u00f4te d\u2019Ivoire \u00bb (Ldci) son mouvement politique, a \u00e9t\u00e9 re\u00e7u ce mercredi en fin de matin\u00e9e par le vice-pr\u00e9sident du Fpi, Damana Adia Pickass, revenu d\u2019exil fin avril 2021. La rencontre qui s\u2019est tenue au domicile bingervillois de Pickass, \u00e9galement charg\u00e9 de la mobilisation pour le retour de Laurent Gbagbo, \u00e9tait pleine d\u2019\u00e9motion et riche en confidences.<\/p>\n<p>C\u2019est le professeur Foba Eblin, secr\u00e9taire g\u00e9n\u00e9ral de Ldci qui, en donnant les nouvelles, a \u00e9bauch\u00e9 les raisons de cette visite plac\u00e9e sous le sceau de la fraternit\u00e9. On retient pour l\u2019essentiel que Pr. Prao et son mouvement avaient \u00e0 c\u0153ur d\u2019exprimer leur compassion, leur admiration \u00e0 un grand fr\u00e8re mais surtout \u00e0 un camarade de lutte qui, dix ans durant aura pass\u00e9 sa vie en exil. L\u2019exil que Pr. Foba consid\u00e8re \u00e0 juste titre comme une prison. \u00bbNous sommes l\u00e0 pour saluer le combattant de la libert\u00e9, le combattant de la dignit\u00e9 \u00bb, a d\u00e9voil\u00e9 le porte-parole de la d\u00e9l\u00e9gation. Lequel a dit esp\u00e9rer que ce retour au pays de Pickass soit semblable \u00e0 celui de Soundjata K\u00e9ita qui a b\u00e2ti l\u2019empire du Mali. \u00bbNous sommes tr\u00e8s contents que vous soyez l\u00e0 \u00bb, s\u2019est r\u00e9joui Pr. Prao qui prenait la parole \u00e0 la suite de son secr\u00e9taire g\u00e9n\u00e9ral. \u00bbEt comme vous \u00eates l\u00e0, il faut que dans une sorte de synergie, nous puissions restaurer la dignit\u00e9 de ce pays. Nous nous mettons \u00e0 la disposition du combat politique pour ensemble reconqu\u00e9rir notre libert\u00e9 \u00bb, a termin\u00e9 le pr\u00e9sident de Ldci, se disant en m\u00eame temps pr\u00eat pour travailler au retour de Laurent Gbagbo aux c\u00f4t\u00e9s de ceux qui se mobilisent en ce moment.<\/p>\n<p>Ragaillardi par autant de civilit\u00e9s et de mots gentils \u00e0 son endroit, l\u2019ancien repr\u00e9sentant du Fpi \u00e0 la Commission \u00e9lectorale, a salu\u00e9 la d\u00e9marche de Ldci. \u00bbLa d\u00e9marche me touche \u00bb, a dit Pickass avant de se l\u00e2cher. Il a surtout insist\u00e9 sur les convictions et les motivations qui sont les siennes au moment o\u00f9 il refait ses pas sur la terre de ses anc\u00eatres. Il dit n\u2019\u00eatre anim\u00e9 d\u2019aucune haine, ni contre le camp Ouattara, ni contre les \u00e9trangers en C\u00f4te d\u2019Ivoire. Cependant, il r\u00e9p\u00e8te \u00e0 l\u2019envi qu\u2019il faut sortir des complexes dans lesquels on veut l\u2019essouffler pour qu\u2019il se taise. Pour Pickass, malgr\u00e9 l\u2019adversit\u00e9, malgr\u00e9 l\u2019hostilit\u00e9, les pro-Gbagbo doivent se frayer un chemin. \u00bbIls ont tout essay\u00e9 pour nous taire. Depuis l\u2019affaire des jihadistes au Mali en passant par la mort des casques bleus pr\u00e8s du Liberia. Nous avons m\u00eame \u00e9t\u00e9 entendus par les Nation Unies et nous nous sommes d\u00e9fendus. On nous a accus\u00e9s d\u2019avoir \u00e9t\u00e9 au Liberia avec 15 millions de FCFA\u2026 Malgr\u00e9 tout cela, nous avons tenu. (\u2026) Cette guerre a \u00e9t\u00e9 une guerre du mental. (\u2026) Mais en dix ans, nous n\u2019avons pas eu tort d\u2019avoir fait tous ces sacrifices. Le pr\u00e9sident Gbagbo a \u00e9t\u00e9 acquitt\u00e9 mais encore de fa\u00e7on plus honorable. La procureure a \u00e9t\u00e9 humili\u00e9e, on ne le dit pas assez parce que nous n\u2019avons pas vulgaris\u00e9 l\u2019arr\u00eat de la Cpi. D\u00e8s lors, toutes ces souffrances ont \u00e9t\u00e9 oubli\u00e9es. C\u2019est une \u00e8re qui s\u2019ach\u00e8ve et un chemin qui s\u2019ouvre \u00bb, s\u2019est-il exprim\u00e9 sous le regard compatissant de la d\u00e9l\u00e9gation de Ldci.<\/p>\n<p>Parlant d\u2019\u00e8re nouvelle, Damana Pickass a fait savoir que le pr\u00e9sident Laurent Gbagbo revient avec une vision nouvelle. Celle de la r\u00e9conciliation des Ivoiriens autour de ce qui nous rassemble, la C\u00f4te d\u2019Ivoire. \u00bbIl faut que nous nous rassemblions autour de notre h\u00e9ritage commun. Cela va au-del\u00e0 de nos partis politiques. Par le pass\u00e9, nos contradictions internes nous ont oppos\u00e9s et cela a \u00e9t\u00e9 utilis\u00e9 contre nous. Quand quelque chose t\u2019est arriv\u00e9, la meilleure chose que tu puisses faire, c\u2019est de faire en sorte que cela ne puisse plus t\u2019arriver. Quand on le dit, ce n\u2019est pas par rapport aux \u00e9trangers parce que dans ce pays on veut nous complexer. (\u2026) Il faut qu\u2019on se rassemble. (\u2026) Le pr\u00e9sident arrive pour sceller la paix et l\u2019unit\u00e9 \u00bb, a \u00e9tay\u00e9 Pickass pour qui le retour de Gbagbo est une victoire mais pas la victoire d\u2019un camp sur un autre encore moins celle d\u2019une ethnie sur une autre. \u00bbC\u2019est la victoire de la C\u00f4te d\u2019Ivoire \u00bb, a-t-il martel\u00e9.<\/p>\n<p>Pickass et Ldci ont d\u00e9cid\u00e9 de travailler main dans la main dans une alliance forte, celle de la grande famille de la gauche. \u00bbNous sommes l\u00e0, le Fpi est l\u00e0, c\u2019est la maison commune, c\u2019est l\u2019instrument de combat des d\u00e9mocrates. Cette grande famille de la gauche a besoin d\u2019\u00eatre reconstitu\u00e9e \u00bb, a-t-il l\u00e2ch\u00e9 sur un brin d\u2019espoir.<\/p>\n<p>&nbsp;<\/p>\n","protected":false},"excerpt":{"rendered":"<p>Africa-Press &#8211; C\u00f4te d&rsquo;Ivoire. Le professeur S\u00e9raphin Prao \u00e0 la t\u00eate d\u2019une d\u00e9l\u00e9gation de \u00bbLes D\u00e9mocrates de C\u00f4te d\u2019Ivoire \u00bb (Ldci) son mouvement politique, a \u00e9t\u00e9 re\u00e7u ce mercredi en fin de matin\u00e9e par le vice-pr\u00e9sident du Fpi, Damana Adia Pickass, revenu d\u2019exil fin avril 2021. La rencontre qui s\u2019est tenue au domicile bingervillois de [&hellip;]<\/p>\n","protected":false},"author":82,"featured_media":8508,"comment_status":"open","ping_status":"closed","sticky":false,"template":"","format":"standard","meta":{"footnotes":""},"categories":[11,2,10],"tags":[56,63,29],"class_list":["post-8509","post","type-post","status-publish","format-standard","has-post-thumbnail","hentry","category-homepage-french","category-politique","category-toutes-les-actualites","tag-africa-press","tag-africa-press-cote-divoire","tag-cote-divoire"],"yoast_head":"<!-- This site is optimized with the Yoast SEO Premium plugin v26.1 (Yoast SEO v27.0) - https:\/\/yoast.com\/product\/yoast-seo-premium-wordpress\/ -->\n<title>Recevant une d\u00e9l\u00e9gation de Ldci du Pr Prao \u2013 Damana Pickass r\u00e9v\u00e8le le nouveau combat de Gbagbo d\u00e8s son retour - C\u00f4te d&#039;Ivoire<\/title>\n<meta name=\"description\" content=\"Le professeur S\u00e9raphin Prao \u00e0 la t\u00eate d\u2019une d\u00e9l\u00e9gation de \u00bbLes D\u00e9mocrates de C\u00f4te d\u2019Ivoire \u00bb (Ldci) son mouvement politi ...\" \/>\n<meta name=\"robots\" content=\"index, follow, max-snippet:-1, max-image-preview:large, max-video-preview:-1\" \/>\n<link rel=\"canonical\" href=\"https:\/\/www.africa-press.net\/cotedivoire\/politique\/cote-divoire-recevant-une-delegation-de-ldci-du-pr-prao-damana-pickass-revele-le-nouveau-combat-de-gbagbo-des-son-retour\" \/>\n<meta property=\"og:locale\" content=\"fr_FR\" \/>\n<meta property=\"og:type\" content=\"article\" \/>\n<meta property=\"og:title\" content=\"Recevant une d\u00e9l\u00e9gation de Ldci du Pr Prao \u2013 Damana Pickass r\u00e9v\u00e8le le nouveau combat de Gbagbo d\u00e8s son retour\" \/>\n<meta property=\"og:description\" content=\"Le professeur S\u00e9raphin Prao \u00e0 la t\u00eate d\u2019une d\u00e9l\u00e9gation de \u00bbLes D\u00e9mocrates de C\u00f4te d\u2019Ivoire \u00bb (Ldci) son mouvement politi ...\" \/>\n<meta property=\"og:url\" content=\"https:\/\/www.africa-press.net\/cotedivoire\/politique\/cote-divoire-recevant-une-delegation-de-ldci-du-pr-prao-damana-pickass-revele-le-nouveau-combat-de-gbagbo-des-son-retour\" \/>\n<meta property=\"og:site_name\" content=\"C\u00f4te d&#039;Ivoire\" \/>\n<meta property=\"article:published_time\" content=\"2021-06-03T18:03:29+00:00\" \/>\n<meta property=\"article:modified_time\" content=\"2021-06-03T18:35:10+00:00\" \/>\n<meta property=\"og:image\" content=\"https:\/\/static.africa-press.net\/cote\/sites\/43\/2021\/06\/img-60b90c085137f.jpg\" \/>\n\t<meta property=\"og:image:width\" content=\"777\" \/>\n\t<meta property=\"og:image:height\" content=\"512\" \/>\n\t<meta property=\"og:image:type\" content=\"image\/jpeg\" \/>\n<meta name=\"author\" content=\"cfeditorfr\" \/>\n<meta name=\"twitter:card\" content=\"summary_large_image\" \/>\n<meta name=\"twitter:label1\" content=\"\u00c9crit par\" \/>\n\t<meta name=\"twitter:data1\" content=\"cfeditorfr\" \/>\n\t<meta name=\"twitter:label2\" content=\"Dur\u00e9e de lecture estim\u00e9e\" \/>\n\t<meta name=\"twitter:data2\" content=\"4 minutes\" \/>\n<script type=\"application\/ld+json\" class=\"yoast-schema-graph\">{\"@context\":\"https:\/\/schema.org\",\"@graph\":[{\"@type\":\"Article\",\"@id\":\"https:\/\/www.africa-press.net\/cotedivoire\/politique\/cote-divoire-recevant-une-delegation-de-ldci-du-pr-prao-damana-pickass-revele-le-nouveau-combat-de-gbagbo-des-son-retour#article\",\"isPartOf\":{\"@id\":\"https:\/\/www.africa-press.net\/cotedivoire\/politique\/cote-divoire-recevant-une-delegation-de-ldci-du-pr-prao-damana-pickass-revele-le-nouveau-combat-de-gbagbo-des-son-retour\"},\"author\":{\"name\":\"cfeditorfr\",\"@id\":\"https:\/\/www.africa-press.net\/cotedivoire\/#\/schema\/person\/2b1cf3cd81a31e3cd26889ca66d677f1\"},\"headline\":\"Recevant une d\u00e9l\u00e9gation de Ldci du Pr Prao \u2013 Damana Pickass r\u00e9v\u00e8le le nouveau combat de Gbagbo d\u00e8s son retour\",\"datePublished\":\"2021-06-03T18:03:29+00:00\",\"dateModified\":\"2021-06-03T18:35:10+00:00\",\"mainEntityOfPage\":{\"@id\":\"https:\/\/www.africa-press.net\/cotedivoire\/politique\/cote-divoire-recevant-une-delegation-de-ldci-du-pr-prao-damana-pickass-revele-le-nouveau-combat-de-gbagbo-des-son-retour\"},\"wordCount\":885,\"commentCount\":0,\"image\":{\"@id\":\"https:\/\/www.africa-press.net\/cotedivoire\/politique\/cote-divoire-recevant-une-delegation-de-ldci-du-pr-prao-damana-pickass-revele-le-nouveau-combat-de-gbagbo-des-son-retour#primaryimage\"},\"thumbnailUrl\":\"https:\/\/static.africa-press.net\/cote\/sites\/43\/2021\/06\/img-60b90c085137f.jpg\",\"keywords\":[\"Africa Press\",\"Africa Press-C\u00f4te d'Ivoire\",\"C\u00d4TE D'IVOIRE\"],\"articleSection\":[\"homepage-french\",\"Politique\",\"Toutes les actualit\u00e9s\"],\"inLanguage\":\"fr-FR\",\"potentialAction\":[{\"@type\":\"CommentAction\",\"name\":\"Comment\",\"target\":[\"https:\/\/www.africa-press.net\/cotedivoire\/politique\/cote-divoire-recevant-une-delegation-de-ldci-du-pr-prao-damana-pickass-revele-le-nouveau-combat-de-gbagbo-des-son-retour#respond\"]}]},{\"@type\":\"WebPage\",\"@id\":\"https:\/\/www.africa-press.net\/cotedivoire\/politique\/cote-divoire-recevant-une-delegation-de-ldci-du-pr-prao-damana-pickass-revele-le-nouveau-combat-de-gbagbo-des-son-retour\",\"url\":\"https:\/\/www.africa-press.net\/cotedivoire\/politique\/cote-divoire-recevant-une-delegation-de-ldci-du-pr-prao-damana-pickass-revele-le-nouveau-combat-de-gbagbo-des-son-retour\",\"name\":\"Recevant une d\u00e9l\u00e9gation de Ldci du Pr Prao \u2013 Damana Pickass r\u00e9v\u00e8le le nouveau combat de Gbagbo d\u00e8s son retour - C\u00f4te d&#039;Ivoire\",\"isPartOf\":{\"@id\":\"https:\/\/www.africa-press.net\/cotedivoire\/#website\"},\"primaryImageOfPage\":{\"@id\":\"https:\/\/www.africa-press.net\/cotedivoire\/politique\/cote-divoire-recevant-une-delegation-de-ldci-du-pr-prao-damana-pickass-revele-le-nouveau-combat-de-gbagbo-des-son-retour#primaryimage\"},\"image\":{\"@id\":\"https:\/\/www.africa-press.net\/cotedivoire\/politique\/cote-divoire-recevant-une-delegation-de-ldci-du-pr-prao-damana-pickass-revele-le-nouveau-combat-de-gbagbo-des-son-retour#primaryimage\"},\"thumbnailUrl\":\"https:\/\/static.africa-press.net\/cote\/sites\/43\/2021\/06\/img-60b90c085137f.jpg\",\"datePublished\":\"2021-06-03T18:03:29+00:00\",\"dateModified\":\"2021-06-03T18:35:10+00:00\",\"author\":{\"@id\":\"https:\/\/www.africa-press.net\/cotedivoire\/#\/schema\/person\/2b1cf3cd81a31e3cd26889ca66d677f1\"},\"description\":\"Le professeur S\u00e9raphin Prao \u00e0 la t\u00eate d\u2019une d\u00e9l\u00e9gation de \u00bbLes D\u00e9mocrates de C\u00f4te d\u2019Ivoire \u00bb (Ldci) son mouvement politi ...\",\"breadcrumb\":{\"@id\":\"https:\/\/www.africa-press.net\/cotedivoire\/politique\/cote-divoire-recevant-une-delegation-de-ldci-du-pr-prao-damana-pickass-revele-le-nouveau-combat-de-gbagbo-des-son-retour#breadcrumb\"},\"inLanguage\":\"fr-FR\",\"potentialAction\":[{\"@type\":\"ReadAction\",\"target\":[\"https:\/\/www.africa-press.net\/cotedivoire\/politique\/cote-divoire-recevant-une-delegation-de-ldci-du-pr-prao-damana-pickass-revele-le-nouveau-combat-de-gbagbo-des-son-retour\"]}]},{\"@type\":\"ImageObject\",\"inLanguage\":\"fr-FR\",\"@id\":\"https:\/\/www.africa-press.net\/cotedivoire\/politique\/cote-divoire-recevant-une-delegation-de-ldci-du-pr-prao-damana-pickass-revele-le-nouveau-combat-de-gbagbo-des-son-retour#primaryimage\",\"url\":\"https:\/\/static.africa-press.net\/cote\/sites\/43\/2021\/06\/img-60b90c085137f.jpg\",\"contentUrl\":\"https:\/\/static.africa-press.net\/cote\/sites\/43\/2021\/06\/img-60b90c085137f.jpg\",\"width\":777,\"height\":512,\"caption\":\"C\u00f4te-d\u2019Ivoire: Recevant une d\u00e9l\u00e9gation de Ldci du Pr Prao \u2013 Damana Pickass r\u00e9v\u00e8le le nouveau combat de Gbagbo d\u00e8s son retour\"},{\"@type\":\"BreadcrumbList\",\"@id\":\"https:\/\/www.africa-press.net\/cotedivoire\/politique\/cote-divoire-recevant-une-delegation-de-ldci-du-pr-prao-damana-pickass-revele-le-nouveau-combat-de-gbagbo-des-son-retour#breadcrumb\",\"itemListElement\":[{\"@type\":\"ListItem\",\"position\":1,\"name\":\"Accueil\",\"item\":\"https:\/\/www.africa-press.net\/cotedivoire\/\"},{\"@type\":\"ListItem\",\"position\":2,\"name\":\"Recevant une d\u00e9l\u00e9gation de Ldci du Pr Prao \u2013 Damana Pickass r\u00e9v\u00e8le le nouveau combat de Gbagbo d\u00e8s son retour\"}]},{\"@type\":\"WebSite\",\"@id\":\"https:\/\/www.africa-press.net\/cotedivoire\/#website\",\"url\":\"https:\/\/www.africa-press.net\/cotedivoire\/\",\"name\":\"C\u00f4te d&#039;Ivoire\",\"description\":\"Just another Africa News Agency Sites site\",\"potentialAction\":[{\"@type\":\"SearchAction\",\"target\":{\"@type\":\"EntryPoint\",\"urlTemplate\":\"https:\/\/www.africa-press.net\/cotedivoire\/?s={search_term_string}\"},\"query-input\":{\"@type\":\"PropertyValueSpecification\",\"valueRequired\":true,\"valueName\":\"search_term_string\"}}],\"inLanguage\":\"fr-FR\"},{\"@type\":\"Person\",\"@id\":\"https:\/\/www.africa-press.net\/cotedivoire\/#\/schema\/person\/2b1cf3cd81a31e3cd26889ca66d677f1\",\"name\":\"cfeditorfr\"}]}<\/script>\n<!-- \/ Yoast SEO Premium plugin. -->","yoast_head_json":{"title":"Recevant une d\u00e9l\u00e9gation de Ldci du Pr Prao \u2013 Damana Pickass r\u00e9v\u00e8le le nouveau combat de Gbagbo d\u00e8s son retour - C\u00f4te d&#039;Ivoire","description":"Le professeur S\u00e9raphin Prao \u00e0 la t\u00eate d\u2019une d\u00e9l\u00e9gation de \u00bbLes D\u00e9mocrates de C\u00f4te d\u2019Ivoire \u00bb (Ldci) son mouvement politi ...","robots":{"index":"index","follow":"follow","max-snippet":"max-snippet:-1","max-image-preview":"max-image-preview:large","max-video-preview":"max-video-preview:-1"},"canonical":"https:\/\/www.africa-press.net\/cotedivoire\/politique\/cote-divoire-recevant-une-delegation-de-ldci-du-pr-prao-damana-pickass-revele-le-nouveau-combat-de-gbagbo-des-son-retour","og_locale":"fr_FR","og_type":"article","og_title":"Recevant une d\u00e9l\u00e9gation de Ldci du Pr Prao \u2013 Damana Pickass r\u00e9v\u00e8le le nouveau combat de Gbagbo d\u00e8s son retour","og_description":"Le professeur S\u00e9raphin Prao \u00e0 la t\u00eate d\u2019une d\u00e9l\u00e9gation de \u00bbLes D\u00e9mocrates de C\u00f4te d\u2019Ivoire \u00bb (Ldci) son mouvement politi ...","og_url":"https:\/\/www.africa-press.net\/cotedivoire\/politique\/cote-divoire-recevant-une-delegation-de-ldci-du-pr-prao-damana-pickass-revele-le-nouveau-combat-de-gbagbo-des-son-retour","og_site_name":"C\u00f4te d&#039;Ivoire","article_published_time":"2021-06-03T18:03:29+00:00","article_modified_time":"2021-06-03T18:35:10+00:00","og_image":[{"width":777,"height":512,"url":"https:\/\/static.africa-press.net\/cote\/sites\/43\/2021\/06\/img-60b90c085137f.jpg","type":"image\/jpeg"}],"author":"cfeditorfr","twitter_card":"summary_large_image","twitter_misc":{"\u00c9crit par":"cfeditorfr","Dur\u00e9e de lecture estim\u00e9e":"4 minutes"},"schema":{"@context":"https:\/\/schema.org","@graph":[{"@type":"Article","@id":"https:\/\/www.africa-press.net\/cotedivoire\/politique\/cote-divoire-recevant-une-delegation-de-ldci-du-pr-prao-damana-pickass-revele-le-nouveau-combat-de-gbagbo-des-son-retour#article","isPartOf":{"@id":"https:\/\/www.africa-press.net\/cotedivoire\/politique\/cote-divoire-recevant-une-delegation-de-ldci-du-pr-prao-damana-pickass-revele-le-nouveau-combat-de-gbagbo-des-son-retour"},"author":{"name":"cfeditorfr","@id":"https:\/\/www.africa-press.net\/cotedivoire\/#\/schema\/person\/2b1cf3cd81a31e3cd26889ca66d677f1"},"headline":"Recevant une d\u00e9l\u00e9gation de Ldci du Pr Prao \u2013 Damana Pickass r\u00e9v\u00e8le le nouveau combat de Gbagbo d\u00e8s son retour","datePublished":"2021-06-03T18:03:29+00:00","dateModified":"2021-06-03T18:35:10+00:00","mainEntityOfPage":{"@id":"https:\/\/www.africa-press.net\/cotedivoire\/politique\/cote-divoire-recevant-une-delegation-de-ldci-du-pr-prao-damana-pickass-revele-le-nouveau-combat-de-gbagbo-des-son-retour"},"wordCount":885,"commentCount":0,"image":{"@id":"https:\/\/www.africa-press.net\/cotedivoire\/politique\/cote-divoire-recevant-une-delegation-de-ldci-du-pr-prao-damana-pickass-revele-le-nouveau-combat-de-gbagbo-des-son-retour#primaryimage"},"thumbnailUrl":"https:\/\/static.africa-press.net\/cote\/sites\/43\/2021\/06\/img-60b90c085137f.jpg","keywords":["Africa Press","Africa Press-C\u00f4te d'Ivoire","C\u00d4TE D'IVOIRE"],"articleSection":["homepage-french","Politique","Toutes les actualit\u00e9s"],"inLanguage":"fr-FR","potentialAction":[{"@type":"CommentAction","name":"Comment","target":["https:\/\/www.africa-press.net\/cotedivoire\/politique\/cote-divoire-recevant-une-delegation-de-ldci-du-pr-prao-damana-pickass-revele-le-nouveau-combat-de-gbagbo-des-son-retour#respond"]}]},{"@type":"WebPage","@id":"https:\/\/www.africa-press.net\/cotedivoire\/politique\/cote-divoire-recevant-une-delegation-de-ldci-du-pr-prao-damana-pickass-revele-le-nouveau-combat-de-gbagbo-des-son-retour","url":"https:\/\/www.africa-press.net\/cotedivoire\/politique\/cote-divoire-recevant-une-delegation-de-ldci-du-pr-prao-damana-pickass-revele-le-nouveau-combat-de-gbagbo-des-son-retour","name":"Recevant une d\u00e9l\u00e9gation de Ldci du Pr Prao \u2013 Damana Pickass r\u00e9v\u00e8le le nouveau combat de Gbagbo d\u00e8s son retour - C\u00f4te d&#039;Ivoire","isPartOf":{"@id":"https:\/\/www.africa-press.net\/cotedivoire\/#website"},"primaryImageOfPage":{"@id":"https:\/\/www.africa-press.net\/cotedivoire\/politique\/cote-divoire-recevant-une-delegation-de-ldci-du-pr-prao-damana-pickass-revele-le-nouveau-combat-de-gbagbo-des-son-retour#primaryimage"},"image":{"@id":"https:\/\/www.africa-press.net\/cotedivoire\/politique\/cote-divoire-recevant-une-delegation-de-ldci-du-pr-prao-damana-pickass-revele-le-nouveau-combat-de-gbagbo-des-son-retour#primaryimage"},"thumbnailUrl":"https:\/\/static.africa-press.net\/cote\/sites\/43\/2021\/06\/img-60b90c085137f.jpg","datePublished":"2021-06-03T18:03:29+00:00","dateModified":"2021-06-03T18:35:10+00:00","author":{"@id":"https:\/\/www.africa-press.net\/cotedivoire\/#\/schema\/person\/2b1cf3cd81a31e3cd26889ca66d677f1"},"description":"Le professeur S\u00e9raphin Prao \u00e0 la t\u00eate d\u2019une d\u00e9l\u00e9gation de \u00bbLes D\u00e9mocrates de C\u00f4te d\u2019Ivoire \u00bb (Ldci) son mouvement politi ...","breadcrumb":{"@id":"https:\/\/www.africa-press.net\/cotedivoire\/politique\/cote-divoire-recevant-une-delegation-de-ldci-du-pr-prao-damana-pickass-revele-le-nouveau-combat-de-gbagbo-des-son-retour#breadcrumb"},"inLanguage":"fr-FR","potentialAction":[{"@type":"ReadAction","target":["https:\/\/www.africa-press.net\/cotedivoire\/politique\/cote-divoire-recevant-une-delegation-de-ldci-du-pr-prao-damana-pickass-revele-le-nouveau-combat-de-gbagbo-des-son-retour"]}]},{"@type":"ImageObject","inLanguage":"fr-FR","@id":"https:\/\/www.africa-press.net\/cotedivoire\/politique\/cote-divoire-recevant-une-delegation-de-ldci-du-pr-prao-damana-pickass-revele-le-nouveau-combat-de-gbagbo-des-son-retour#primaryimage","url":"https:\/\/static.africa-press.net\/cote\/sites\/43\/2021\/06\/img-60b90c085137f.jpg","contentUrl":"https:\/\/static.africa-press.net\/cote\/sites\/43\/2021\/06\/img-60b90c085137f.jpg","width":777,"height":512,"caption":"C\u00f4te-d\u2019Ivoire: Recevant une d\u00e9l\u00e9gation de Ldci du Pr Prao \u2013 Damana Pickass r\u00e9v\u00e8le le nouveau combat de Gbagbo d\u00e8s son retour"},{"@type":"BreadcrumbList","@id":"https:\/\/www.africa-press.net\/cotedivoire\/politique\/cote-divoire-recevant-une-delegation-de-ldci-du-pr-prao-damana-pickass-revele-le-nouveau-combat-de-gbagbo-des-son-retour#breadcrumb","itemListElement":[{"@type":"ListItem","position":1,"name":"Accueil","item":"https:\/\/www.africa-press.net\/cotedivoire\/"},{"@type":"ListItem","position":2,"name":"Recevant une d\u00e9l\u00e9gation de Ldci du Pr Prao \u2013 Damana Pickass r\u00e9v\u00e8le le nouveau combat de Gbagbo d\u00e8s son retour"}]},{"@type":"WebSite","@id":"https:\/\/www.africa-press.net\/cotedivoire\/#website","url":"https:\/\/www.africa-press.net\/cotedivoire\/","name":"C\u00f4te d&#039;Ivoire","description":"Just another Africa News Agency Sites site","potentialAction":[{"@type":"SearchAction","target":{"@type":"EntryPoint","urlTemplate":"https:\/\/www.africa-press.net\/cotedivoire\/?s={search_term_string}"},"query-input":{"@type":"PropertyValueSpecification","valueRequired":true,"valueName":"search_term_string"}}],"inLanguage":"fr-FR"},{"@type":"Person","@id":"https:\/\/www.africa-press.net\/cotedivoire\/#\/schema\/person\/2b1cf3cd81a31e3cd26889ca66d677f1","name":"cfeditorfr"}]}},"_links":{"self":[{"href":"https:\/\/www.africa-press.net\/cotedivoire\/wp-json\/wp\/v2\/posts\/8509","targetHints":{"allow":["GET"]}}],"collection":[{"href":"https:\/\/www.africa-press.net\/cotedivoire\/wp-json\/wp\/v2\/posts"}],"about":[{"href":"https:\/\/www.africa-press.net\/cotedivoire\/wp-json\/wp\/v2\/types\/post"}],"author":[{"embeddable":true,"href":"https:\/\/www.africa-press.net\/cotedivoire\/wp-json\/wp\/v2\/users\/82"}],"replies":[{"embeddable":true,"href":"https:\/\/www.africa-press.net\/cotedivoire\/wp-json\/wp\/v2\/comments?post=8509"}],"version-history":[{"count":0,"href":"https:\/\/www.africa-press.net\/cotedivoire\/wp-json\/wp\/v2\/posts\/8509\/revisions"}],"wp:featuredmedia":[{"embeddable":true,"href":"https:\/\/www.africa-press.net\/cotedivoire\/wp-json\/wp\/v2\/media\/8508"}],"wp:attachment":[{"href":"https:\/\/www.africa-press.net\/cotedivoire\/wp-json\/wp\/v2\/media?parent=8509"}],"wp:term":[{"taxonomy":"category","embeddable":true,"href":"https:\/\/www.africa-press.net\/cotedivoire\/wp-json\/wp\/v2\/categories?post=8509"},{"taxonomy":"post_tag","embeddable":true,"href":"https:\/\/www.africa-press.net\/cotedivoire\/wp-json\/wp\/v2\/tags?post=8509"}],"curies":[{"name":"wp","href":"https:\/\/api.w.org\/{rel}","templated":true}]}}