{"id":8512,"date":"2021-06-03T18:11:09","date_gmt":"2021-06-03T18:11:09","guid":{"rendered":"https:\/\/www.africa-press.net\/cotedivoire\/?p=8512"},"modified":"2021-06-03T18:35:29","modified_gmt":"2021-06-03T18:35:29","slug":"guemon-en-cote-divoire-routes-ponts-ambulancesserey-doh-celestin-imprime-ses-marques","status":"publish","type":"post","link":"https:\/\/www.africa-press.net\/cotedivoire\/politique\/guemon-en-cote-divoire-routes-ponts-ambulancesserey-doh-celestin-imprime-ses-marques","title":{"rendered":"Gu\u00e9mon en C\u00f4te-d\u2019Ivoire: Routes, ponts, ambulances\u2026Serey Doh C\u00e9lestin imprime ses marques"},"content":{"rendered":"<p><span style=\"color: #ff6600\"><strong><a href=\"https:\/\/www.africa-press.net\/\">Africa-Press<\/a> &#8211; <a href=\"https:\/\/www.africa-press.net\/cotedivoire\">C\u00f4te d&rsquo;Ivoire<\/a>. <\/strong><\/span>Dr Serey Doh C\u00e9lestin, pr\u00e9sident du conseil r\u00e9gional du Gu\u00e9mon et fra\u00eechement promu secr\u00e9taire d\u2019Etat aupr\u00e8s du ministre des transports en charge des affaires maritimes a pris part \u00e0 la premi\u00e8re session du conseil au titre de l\u2019ann\u00e9e 2021 et a eu plusieurs s\u00e9ances de travail avec les autorit\u00e9s locales apr\u00e8s les populations de sa r\u00e9gion lui ont r\u00e9serv\u00e9 un accueil triomphal pour sa nomination dans le nouveau gouvernement.<\/p>\n<p>Pr\u00e9sent dans la r\u00e9gion du Gu\u00e9mon (Ouest) dont il est le pr\u00e9sident du conseil r\u00e9gional depuis le jeudi 27 mai 2021, Dr. Serey Doh C\u00e9lestin a pris part \u00e0 la premi\u00e8re session du conseil au titre de l\u2019ann\u00e9e 2021 et a eu plusieurs s\u00e9ances de travail avec les autorit\u00e9s coutumi\u00e8res, religieuses, chefs de communaut\u00e9s en vue des pr\u00e9paratifs de la c\u00e9r\u00e9monie d\u2019hommage et de reconnaissance au pr\u00e9sident de la r\u00e9publique SEM, Alassane Ouattara, pr\u00e9vue se tenir \u00e0 Duekoue le samedi 5 juin 2021. Le patron du Gu\u00e9mon a profit\u00e9 pour livrer plusieurs ponts et a offert une ambulance \u00e0 la sous-pr\u00e9fecture de Dieouzon.<\/p>\n<p>Arriv\u00e9 le jeudi 27 mai 2021 \u00e0 Duekou\u00e9, sur le coup de 15 heures, le pr\u00e9sident du conseil r\u00e9gional du Gu\u00e9mon, par ailleurs secr\u00e9taire d\u2019\u00e9tat aupr\u00e8s du ministre des transports en charge des affaires maritimes, Serey Doh C\u00e9lestin et sa d\u00e9l\u00e9gation ont \u00e9t\u00e9 accueillis par une population en liesse et fi\u00e8re de recevoir son fils, fra\u00eechement nomm\u00e9 au gouvernement.Aussit\u00f4t arriv\u00e9, Serey Doh C\u00e9lestin a \u00e9chang\u00e9 avec ses parents venus de plusieurs villages de Bangolo tard la nuit.<\/p>\n<p>Premi\u00e8re session du conseil r\u00e9gional 2021.<\/p>\n<p>Prenant part \u00e0 la toute premi\u00e8re session ordinaire du conseil r\u00e9gional au titre de l\u2019ann\u00e9e 2021, le Pr\u00e9sident Serey Doh s\u2019est f\u00e9licit\u00e9 de l\u2019approbation des documents budg\u00e9taires du conseil du Gu\u00e9mon par la tutelle. Ce budget s\u2019\u00e9l\u00e8ve \u00e0 deux milliards neuf cent trente-huit millions deux cents vingt trois mille (2 938 223000 fcfa) et s\u2019\u00e9quilibre en recettes et en d\u00e9penses dont huit cent trente-trois millions sept cent dix-neuf milles (833 719000fcfa) au titre du fonctionnement et deux milliards cent quatre millions cinq cent quatre milles (2 104 504 000 fcfa) au titre des investissements.<\/p>\n<p>Ces moyens permettront, a indiqu\u00e9 le secr\u00e9taire d\u2019\u00e9tat, de renforcer les nombreux investissements d\u00e9j\u00e0 en cours en faveur des populations du Gu\u00e9mon. Dans cette optique, il a annonc\u00e9 la construction de 16 coll\u00e8ges de proximit\u00e9 gr\u00e2ce au pr\u00e9sident de la R\u00e9publique Alassane Ouattara \u00e0 qui il a t\u00e9moign\u00e9 sa profonde gratitude pour sa nomination en qualit\u00e9 de Secr\u00e9taire d\u2019\u00e9tat aupr\u00e8s du Ministre des transports charg\u00e9 des affaires maritimes. En guise de reconnaissance pour cette marque de confiance et au regard de tous les projets de d\u00e9veloppement r\u00e9alis\u00e9s dans le Guemon sous la gouvernance du Pr\u00e9sident Alassane Ouattara, Dr Serey Doh C\u00e9lestin a annonc\u00e9 l\u2019organisation d\u2019une c\u00e9r\u00e9monie en hommage au Pr\u00e9sident de la r\u00e9publique \u00e0 Duekoue le 5 juin 2021 et a invit\u00e9 toute les populations du Guemon \u00e0 s\u2019impliquer massivement dans l\u2019organisation pour la r\u00e9ussite de cet \u00e9v\u00e8nement.<\/p>\n<p><strong>A LA RENCONTRE DE SES ADMINISTR\u00c9S<\/strong><\/p>\n<p>Rencontre avec les communaut\u00e9s religieuses, coutumi\u00e8res et chefs de communaut\u00e9sLe Gu\u00e9mon en chantier : routes, ponts, ambulances, ce que Serey Doh C\u00e9lestin a fait le week-end dernier \u00e0 Bangolo.<\/p>\n<p>A Duekoue le vendredi 28 mai 2021, le pr\u00e9sident du conseil r\u00e9gional a \u00e9chang\u00e9 avec la communaut\u00e9 musulmane \u00e0 la grande mosqu\u00e9e en pr\u00e9sence de la communaut\u00e9 chr\u00e9tienne.<\/p>\n<p>Suivie d\u2019une autre rencontre avec l\u2019ensemble des communaut\u00e9s \u00e9trang\u00e8res pr\u00e9sentes \u00e0 Duekoue et enfin la chefferie au domicile du doyen Vlehi Vincent.<\/p>\n<p><strong>C\u00c9L\u00c9BRATION DE LA F\u00caTE DES M\u00c8RES \u00c0 KAHEIN<\/strong><\/p>\n<p>Le samedi 29 mai, Serey Doh C\u00e9lestin a parrain\u00e9 la f\u00eate des m\u00e8res organis\u00e9e par l\u2019amicale des institutrices de KAHEIN dans le canton Zarabaon ( d\u00e9partement de Bangolo). Il en a profit\u00e9 pour visiter les travaux de construction du pont de Banguiehi.<\/p>\n<p>\u00ab Les routes nous tiennent \u00e0 c\u0153ur, car sans route, on ne peut pas parler de d\u00e9veloppement. Aussi m\u00eame si vous avez d\u00e9velopp\u00e9 tout type de culture, il faut l\u2019\u00e9vacuation de ses produits sur les grands march\u00e9s pour permettre aux agriculteurs et aux op\u00e9rateurs \u00e9conomiques d\u2019avoir gain de cause(\u2026) Un agent de d\u00e9veloppement ce n\u2019est pas que les routes. La sant\u00e9 \u00e9tant \u00e9galement une de nos priorit\u00e9s, voil\u00e0 pourquoi nous allons livrer d\u00e8s demain dimanche, une ambulance \u00e0 la sous-pr\u00e9fecture de Dieouzon et visiter plusieurs autres ouvrages en terme de ponts et routes \u00bb dira l\u2019homme fort du Gu\u00e9mon.<\/p>\n<p><strong>CANTON TAHOUAKE<\/strong><\/p>\n<p>Remise des ponts de Douekpe, Dieouzon et de l\u2019ambulance au dispensaire de Dieouzon.<\/p>\n<p>Serey Doh C\u00e9lestin : \u00ab nous sommes heureux de donner la joie \u00e0 nos parents. Ces ponts viennent faciliter et renforcer la circulation des biens et des personnes. Ces ponts \u00e9taient en partie endommag\u00e9s. C\u2019\u00e9tait le cri de c\u0153ur des populations. Voil\u00e0 pourquoi au conseil r\u00e9gional, nous avons mis tous ces ouvrages qui viennent d\u2019\u00eatre r\u00e9alis\u00e9s en moins d\u2019un mois en urgence. Je suis heureux de voir mes populations dans la joie. Gr\u00e2ce au pont de Dieouzon par exemple, vous ralliez le d\u00e9partement de Kouibly \u00e0 celui de Bangolo en moins de trente minutes \u00bb dira-t-il.Une joie partag\u00e9e par le Maire de Kouibly, Zah\u00e9 Alexis et l\u2019ensemble des chefs des villages visit\u00e9s.<\/p>\n<p>Apr\u00e8s les ponts, le pr\u00e9sident du conseil r\u00e9gional du Gu\u00e9mon a offert au nom du pr\u00e9sident Alassane Ouattara, une ambulance au dispensaire de la localit\u00e9 de Dieouzon.Ce n\u2019est exag\u00e9r\u00e9 de dire que le Gu\u00e9mon est en chantier depuis le d\u00e9but de l\u2019ann\u00e9e 2021. Comme promis dans son projet de soci\u00e9t\u00e9 \u00ab une c\u00f4te d\u2019ivoire solidaire \u00bb, plusieurs ouvertures de routes, repaufilage des voiries sont en chantier \u00e0 travers la r\u00e9gion. De Facobly \u00e0 Duekoue, Bangolo en passant par Kouibly. Avec le lancement des travaux de bitumage du tron\u00e7on Man-Kouibly et Kouibly-Vavoua pour tr\u00e8s bient\u00f4t.<\/p>\n<p>Enfin si l\u2019axe Duekoue-Man est en pleine r\u00e9habilitation, le dernier verrou \u00e0 lever pour mettre fin d\u00e9finitivement au calvaire routier dans le grand Ouest reste le tron\u00e7on Guessabo- Duekoue. Long seulement de 44km il faut entre 1h30 et 2 heures pour le parcourir.<\/p>\n<p>&nbsp;<\/p>\n","protected":false},"excerpt":{"rendered":"<p>Africa-Press &#8211; C\u00f4te d&rsquo;Ivoire. Dr Serey Doh C\u00e9lestin, pr\u00e9sident du conseil r\u00e9gional du Gu\u00e9mon et fra\u00eechement promu secr\u00e9taire d\u2019Etat aupr\u00e8s du ministre des transports en charge des affaires maritimes a pris part \u00e0 la premi\u00e8re session du conseil au titre de l\u2019ann\u00e9e 2021 et a eu plusieurs s\u00e9ances de travail avec les autorit\u00e9s locales apr\u00e8s [&hellip;]<\/p>\n","protected":false},"author":82,"featured_media":8511,"comment_status":"open","ping_status":"closed","sticky":false,"template":"","format":"standard","meta":{"footnotes":""},"categories":[11,2,10],"tags":[56,63,29],"class_list":["post-8512","post","type-post","status-publish","format-standard","has-post-thumbnail","hentry","category-homepage-french","category-politique","category-toutes-les-actualites","tag-africa-press","tag-africa-press-cote-divoire","tag-cote-divoire"],"yoast_head":"<!-- This site is optimized with the Yoast SEO Premium plugin v26.1 (Yoast SEO v27.0) - https:\/\/yoast.com\/product\/yoast-seo-premium-wordpress\/ -->\n<title>Gu\u00e9mon en C\u00f4te-d\u2019Ivoire: Routes, ponts, ambulances\u2026Serey Doh C\u00e9lestin imprime ses marques - C\u00f4te d&#039;Ivoire<\/title>\n<meta name=\"description\" content=\"Dr Serey Doh C\u00e9lestin, pr\u00e9sident du conseil r\u00e9gional du Gu\u00e9mon et fra\u00eechement promu secr\u00e9taire d\u2019Etat aupr\u00e8s du ministre ...\" \/>\n<meta name=\"robots\" content=\"index, follow, max-snippet:-1, max-image-preview:large, max-video-preview:-1\" \/>\n<link rel=\"canonical\" href=\"https:\/\/www.africa-press.net\/cotedivoire\/politique\/guemon-en-cote-divoire-routes-ponts-ambulancesserey-doh-celestin-imprime-ses-marques\" \/>\n<meta property=\"og:locale\" content=\"fr_FR\" \/>\n<meta property=\"og:type\" content=\"article\" \/>\n<meta property=\"og:title\" content=\"Gu\u00e9mon en C\u00f4te-d\u2019Ivoire: Routes, ponts, ambulances\u2026Serey Doh C\u00e9lestin imprime ses marques\" \/>\n<meta property=\"og:description\" content=\"Dr Serey Doh C\u00e9lestin, pr\u00e9sident du conseil r\u00e9gional du Gu\u00e9mon et fra\u00eechement promu secr\u00e9taire d\u2019Etat aupr\u00e8s du ministre ...\" \/>\n<meta property=\"og:url\" content=\"https:\/\/www.africa-press.net\/cotedivoire\/politique\/guemon-en-cote-divoire-routes-ponts-ambulancesserey-doh-celestin-imprime-ses-marques\" \/>\n<meta property=\"og:site_name\" content=\"C\u00f4te d&#039;Ivoire\" \/>\n<meta property=\"article:published_time\" content=\"2021-06-03T18:11:09+00:00\" \/>\n<meta property=\"article:modified_time\" content=\"2021-06-03T18:35:29+00:00\" \/>\n<meta property=\"og:image\" content=\"https:\/\/static.africa-press.net\/cote\/sites\/43\/2021\/06\/img-60b90c3094d9c.jpg\" \/>\n\t<meta property=\"og:image:width\" content=\"1080\" \/>\n\t<meta property=\"og:image:height\" content=\"720\" \/>\n\t<meta property=\"og:image:type\" content=\"image\/jpeg\" \/>\n<meta name=\"author\" content=\"cfeditorfr\" \/>\n<meta name=\"twitter:card\" content=\"summary_large_image\" \/>\n<meta name=\"twitter:label1\" content=\"\u00c9crit par\" \/>\n\t<meta name=\"twitter:data1\" content=\"cfeditorfr\" \/>\n\t<meta name=\"twitter:label2\" content=\"Dur\u00e9e de lecture estim\u00e9e\" \/>\n\t<meta name=\"twitter:data2\" content=\"5 minutes\" \/>\n<script type=\"application\/ld+json\" class=\"yoast-schema-graph\">{\"@context\":\"https:\/\/schema.org\",\"@graph\":[{\"@type\":\"Article\",\"@id\":\"https:\/\/www.africa-press.net\/cotedivoire\/politique\/guemon-en-cote-divoire-routes-ponts-ambulancesserey-doh-celestin-imprime-ses-marques#article\",\"isPartOf\":{\"@id\":\"https:\/\/www.africa-press.net\/cotedivoire\/politique\/guemon-en-cote-divoire-routes-ponts-ambulancesserey-doh-celestin-imprime-ses-marques\"},\"author\":{\"name\":\"cfeditorfr\",\"@id\":\"https:\/\/www.africa-press.net\/cotedivoire\/#\/schema\/person\/2b1cf3cd81a31e3cd26889ca66d677f1\"},\"headline\":\"Gu\u00e9mon en C\u00f4te-d\u2019Ivoire: Routes, ponts, ambulances\u2026Serey Doh C\u00e9lestin imprime ses marques\",\"datePublished\":\"2021-06-03T18:11:09+00:00\",\"dateModified\":\"2021-06-03T18:35:29+00:00\",\"mainEntityOfPage\":{\"@id\":\"https:\/\/www.africa-press.net\/cotedivoire\/politique\/guemon-en-cote-divoire-routes-ponts-ambulancesserey-doh-celestin-imprime-ses-marques\"},\"wordCount\":1126,\"commentCount\":0,\"image\":{\"@id\":\"https:\/\/www.africa-press.net\/cotedivoire\/politique\/guemon-en-cote-divoire-routes-ponts-ambulancesserey-doh-celestin-imprime-ses-marques#primaryimage\"},\"thumbnailUrl\":\"https:\/\/static.africa-press.net\/cote\/sites\/43\/2021\/06\/img-60b90c3094d9c.jpg\",\"keywords\":[\"Africa Press\",\"Africa Press-C\u00f4te d'Ivoire\",\"C\u00d4TE D'IVOIRE\"],\"articleSection\":[\"homepage-french\",\"Politique\",\"Toutes les actualit\u00e9s\"],\"inLanguage\":\"fr-FR\",\"potentialAction\":[{\"@type\":\"CommentAction\",\"name\":\"Comment\",\"target\":[\"https:\/\/www.africa-press.net\/cotedivoire\/politique\/guemon-en-cote-divoire-routes-ponts-ambulancesserey-doh-celestin-imprime-ses-marques#respond\"]}]},{\"@type\":\"WebPage\",\"@id\":\"https:\/\/www.africa-press.net\/cotedivoire\/politique\/guemon-en-cote-divoire-routes-ponts-ambulancesserey-doh-celestin-imprime-ses-marques\",\"url\":\"https:\/\/www.africa-press.net\/cotedivoire\/politique\/guemon-en-cote-divoire-routes-ponts-ambulancesserey-doh-celestin-imprime-ses-marques\",\"name\":\"Gu\u00e9mon en C\u00f4te-d\u2019Ivoire: Routes, ponts, ambulances\u2026Serey Doh C\u00e9lestin imprime ses marques - C\u00f4te d&#039;Ivoire\",\"isPartOf\":{\"@id\":\"https:\/\/www.africa-press.net\/cotedivoire\/#website\"},\"primaryImageOfPage\":{\"@id\":\"https:\/\/www.africa-press.net\/cotedivoire\/politique\/guemon-en-cote-divoire-routes-ponts-ambulancesserey-doh-celestin-imprime-ses-marques#primaryimage\"},\"image\":{\"@id\":\"https:\/\/www.africa-press.net\/cotedivoire\/politique\/guemon-en-cote-divoire-routes-ponts-ambulancesserey-doh-celestin-imprime-ses-marques#primaryimage\"},\"thumbnailUrl\":\"https:\/\/static.africa-press.net\/cote\/sites\/43\/2021\/06\/img-60b90c3094d9c.jpg\",\"datePublished\":\"2021-06-03T18:11:09+00:00\",\"dateModified\":\"2021-06-03T18:35:29+00:00\",\"author\":{\"@id\":\"https:\/\/www.africa-press.net\/cotedivoire\/#\/schema\/person\/2b1cf3cd81a31e3cd26889ca66d677f1\"},\"description\":\"Dr Serey Doh C\u00e9lestin, pr\u00e9sident du conseil r\u00e9gional du Gu\u00e9mon et fra\u00eechement promu secr\u00e9taire d\u2019Etat aupr\u00e8s du ministre ...\",\"breadcrumb\":{\"@id\":\"https:\/\/www.africa-press.net\/cotedivoire\/politique\/guemon-en-cote-divoire-routes-ponts-ambulancesserey-doh-celestin-imprime-ses-marques#breadcrumb\"},\"inLanguage\":\"fr-FR\",\"potentialAction\":[{\"@type\":\"ReadAction\",\"target\":[\"https:\/\/www.africa-press.net\/cotedivoire\/politique\/guemon-en-cote-divoire-routes-ponts-ambulancesserey-doh-celestin-imprime-ses-marques\"]}]},{\"@type\":\"ImageObject\",\"inLanguage\":\"fr-FR\",\"@id\":\"https:\/\/www.africa-press.net\/cotedivoire\/politique\/guemon-en-cote-divoire-routes-ponts-ambulancesserey-doh-celestin-imprime-ses-marques#primaryimage\",\"url\":\"https:\/\/static.africa-press.net\/cote\/sites\/43\/2021\/06\/img-60b90c3094d9c.jpg\",\"contentUrl\":\"https:\/\/static.africa-press.net\/cote\/sites\/43\/2021\/06\/img-60b90c3094d9c.jpg\",\"width\":1080,\"height\":720,\"caption\":\"Gu\u00e9mon en C\u00f4te-d\u2019Ivoire: Routes, ponts, ambulances\u2026Serey Doh C\u00e9lestin imprime ses marques\"},{\"@type\":\"BreadcrumbList\",\"@id\":\"https:\/\/www.africa-press.net\/cotedivoire\/politique\/guemon-en-cote-divoire-routes-ponts-ambulancesserey-doh-celestin-imprime-ses-marques#breadcrumb\",\"itemListElement\":[{\"@type\":\"ListItem\",\"position\":1,\"name\":\"Accueil\",\"item\":\"https:\/\/www.africa-press.net\/cotedivoire\/\"},{\"@type\":\"ListItem\",\"position\":2,\"name\":\"Gu\u00e9mon en C\u00f4te-d\u2019Ivoire: Routes, ponts, ambulances\u2026Serey Doh C\u00e9lestin imprime ses marques\"}]},{\"@type\":\"WebSite\",\"@id\":\"https:\/\/www.africa-press.net\/cotedivoire\/#website\",\"url\":\"https:\/\/www.africa-press.net\/cotedivoire\/\",\"name\":\"C\u00f4te d&#039;Ivoire\",\"description\":\"Just another Africa News Agency Sites site\",\"potentialAction\":[{\"@type\":\"SearchAction\",\"target\":{\"@type\":\"EntryPoint\",\"urlTemplate\":\"https:\/\/www.africa-press.net\/cotedivoire\/?s={search_term_string}\"},\"query-input\":{\"@type\":\"PropertyValueSpecification\",\"valueRequired\":true,\"valueName\":\"search_term_string\"}}],\"inLanguage\":\"fr-FR\"},{\"@type\":\"Person\",\"@id\":\"https:\/\/www.africa-press.net\/cotedivoire\/#\/schema\/person\/2b1cf3cd81a31e3cd26889ca66d677f1\",\"name\":\"cfeditorfr\"}]}<\/script>\n<!-- \/ Yoast SEO Premium plugin. -->","yoast_head_json":{"title":"Gu\u00e9mon en C\u00f4te-d\u2019Ivoire: Routes, ponts, ambulances\u2026Serey Doh C\u00e9lestin imprime ses marques - C\u00f4te d&#039;Ivoire","description":"Dr Serey Doh C\u00e9lestin, pr\u00e9sident du conseil r\u00e9gional du Gu\u00e9mon et fra\u00eechement promu secr\u00e9taire d\u2019Etat aupr\u00e8s du ministre ...","robots":{"index":"index","follow":"follow","max-snippet":"max-snippet:-1","max-image-preview":"max-image-preview:large","max-video-preview":"max-video-preview:-1"},"canonical":"https:\/\/www.africa-press.net\/cotedivoire\/politique\/guemon-en-cote-divoire-routes-ponts-ambulancesserey-doh-celestin-imprime-ses-marques","og_locale":"fr_FR","og_type":"article","og_title":"Gu\u00e9mon en C\u00f4te-d\u2019Ivoire: Routes, ponts, ambulances\u2026Serey Doh C\u00e9lestin imprime ses marques","og_description":"Dr Serey Doh C\u00e9lestin, pr\u00e9sident du conseil r\u00e9gional du Gu\u00e9mon et fra\u00eechement promu secr\u00e9taire d\u2019Etat aupr\u00e8s du ministre ...","og_url":"https:\/\/www.africa-press.net\/cotedivoire\/politique\/guemon-en-cote-divoire-routes-ponts-ambulancesserey-doh-celestin-imprime-ses-marques","og_site_name":"C\u00f4te d&#039;Ivoire","article_published_time":"2021-06-03T18:11:09+00:00","article_modified_time":"2021-06-03T18:35:29+00:00","og_image":[{"width":1080,"height":720,"url":"https:\/\/static.africa-press.net\/cote\/sites\/43\/2021\/06\/img-60b90c3094d9c.jpg","type":"image\/jpeg"}],"author":"cfeditorfr","twitter_card":"summary_large_image","twitter_misc":{"\u00c9crit par":"cfeditorfr","Dur\u00e9e de lecture estim\u00e9e":"5 minutes"},"schema":{"@context":"https:\/\/schema.org","@graph":[{"@type":"Article","@id":"https:\/\/www.africa-press.net\/cotedivoire\/politique\/guemon-en-cote-divoire-routes-ponts-ambulancesserey-doh-celestin-imprime-ses-marques#article","isPartOf":{"@id":"https:\/\/www.africa-press.net\/cotedivoire\/politique\/guemon-en-cote-divoire-routes-ponts-ambulancesserey-doh-celestin-imprime-ses-marques"},"author":{"name":"cfeditorfr","@id":"https:\/\/www.africa-press.net\/cotedivoire\/#\/schema\/person\/2b1cf3cd81a31e3cd26889ca66d677f1"},"headline":"Gu\u00e9mon en C\u00f4te-d\u2019Ivoire: Routes, ponts, ambulances\u2026Serey Doh C\u00e9lestin imprime ses marques","datePublished":"2021-06-03T18:11:09+00:00","dateModified":"2021-06-03T18:35:29+00:00","mainEntityOfPage":{"@id":"https:\/\/www.africa-press.net\/cotedivoire\/politique\/guemon-en-cote-divoire-routes-ponts-ambulancesserey-doh-celestin-imprime-ses-marques"},"wordCount":1126,"commentCount":0,"image":{"@id":"https:\/\/www.africa-press.net\/cotedivoire\/politique\/guemon-en-cote-divoire-routes-ponts-ambulancesserey-doh-celestin-imprime-ses-marques#primaryimage"},"thumbnailUrl":"https:\/\/static.africa-press.net\/cote\/sites\/43\/2021\/06\/img-60b90c3094d9c.jpg","keywords":["Africa Press","Africa Press-C\u00f4te d'Ivoire","C\u00d4TE D'IVOIRE"],"articleSection":["homepage-french","Politique","Toutes les actualit\u00e9s"],"inLanguage":"fr-FR","potentialAction":[{"@type":"CommentAction","name":"Comment","target":["https:\/\/www.africa-press.net\/cotedivoire\/politique\/guemon-en-cote-divoire-routes-ponts-ambulancesserey-doh-celestin-imprime-ses-marques#respond"]}]},{"@type":"WebPage","@id":"https:\/\/www.africa-press.net\/cotedivoire\/politique\/guemon-en-cote-divoire-routes-ponts-ambulancesserey-doh-celestin-imprime-ses-marques","url":"https:\/\/www.africa-press.net\/cotedivoire\/politique\/guemon-en-cote-divoire-routes-ponts-ambulancesserey-doh-celestin-imprime-ses-marques","name":"Gu\u00e9mon en C\u00f4te-d\u2019Ivoire: Routes, ponts, ambulances\u2026Serey Doh C\u00e9lestin imprime ses marques - C\u00f4te d&#039;Ivoire","isPartOf":{"@id":"https:\/\/www.africa-press.net\/cotedivoire\/#website"},"primaryImageOfPage":{"@id":"https:\/\/www.africa-press.net\/cotedivoire\/politique\/guemon-en-cote-divoire-routes-ponts-ambulancesserey-doh-celestin-imprime-ses-marques#primaryimage"},"image":{"@id":"https:\/\/www.africa-press.net\/cotedivoire\/politique\/guemon-en-cote-divoire-routes-ponts-ambulancesserey-doh-celestin-imprime-ses-marques#primaryimage"},"thumbnailUrl":"https:\/\/static.africa-press.net\/cote\/sites\/43\/2021\/06\/img-60b90c3094d9c.jpg","datePublished":"2021-06-03T18:11:09+00:00","dateModified":"2021-06-03T18:35:29+00:00","author":{"@id":"https:\/\/www.africa-press.net\/cotedivoire\/#\/schema\/person\/2b1cf3cd81a31e3cd26889ca66d677f1"},"description":"Dr Serey Doh C\u00e9lestin, pr\u00e9sident du conseil r\u00e9gional du Gu\u00e9mon et fra\u00eechement promu secr\u00e9taire d\u2019Etat aupr\u00e8s du ministre ...","breadcrumb":{"@id":"https:\/\/www.africa-press.net\/cotedivoire\/politique\/guemon-en-cote-divoire-routes-ponts-ambulancesserey-doh-celestin-imprime-ses-marques#breadcrumb"},"inLanguage":"fr-FR","potentialAction":[{"@type":"ReadAction","target":["https:\/\/www.africa-press.net\/cotedivoire\/politique\/guemon-en-cote-divoire-routes-ponts-ambulancesserey-doh-celestin-imprime-ses-marques"]}]},{"@type":"ImageObject","inLanguage":"fr-FR","@id":"https:\/\/www.africa-press.net\/cotedivoire\/politique\/guemon-en-cote-divoire-routes-ponts-ambulancesserey-doh-celestin-imprime-ses-marques#primaryimage","url":"https:\/\/static.africa-press.net\/cote\/sites\/43\/2021\/06\/img-60b90c3094d9c.jpg","contentUrl":"https:\/\/static.africa-press.net\/cote\/sites\/43\/2021\/06\/img-60b90c3094d9c.jpg","width":1080,"height":720,"caption":"Gu\u00e9mon en C\u00f4te-d\u2019Ivoire: Routes, ponts, ambulances\u2026Serey Doh C\u00e9lestin imprime ses marques"},{"@type":"BreadcrumbList","@id":"https:\/\/www.africa-press.net\/cotedivoire\/politique\/guemon-en-cote-divoire-routes-ponts-ambulancesserey-doh-celestin-imprime-ses-marques#breadcrumb","itemListElement":[{"@type":"ListItem","position":1,"name":"Accueil","item":"https:\/\/www.africa-press.net\/cotedivoire\/"},{"@type":"ListItem","position":2,"name":"Gu\u00e9mon en C\u00f4te-d\u2019Ivoire: Routes, ponts, ambulances\u2026Serey Doh C\u00e9lestin imprime ses marques"}]},{"@type":"WebSite","@id":"https:\/\/www.africa-press.net\/cotedivoire\/#website","url":"https:\/\/www.africa-press.net\/cotedivoire\/","name":"C\u00f4te d&#039;Ivoire","description":"Just another Africa News Agency Sites site","potentialAction":[{"@type":"SearchAction","target":{"@type":"EntryPoint","urlTemplate":"https:\/\/www.africa-press.net\/cotedivoire\/?s={search_term_string}"},"query-input":{"@type":"PropertyValueSpecification","valueRequired":true,"valueName":"search_term_string"}}],"inLanguage":"fr-FR"},{"@type":"Person","@id":"https:\/\/www.africa-press.net\/cotedivoire\/#\/schema\/person\/2b1cf3cd81a31e3cd26889ca66d677f1","name":"cfeditorfr"}]}},"_links":{"self":[{"href":"https:\/\/www.africa-press.net\/cotedivoire\/wp-json\/wp\/v2\/posts\/8512","targetHints":{"allow":["GET"]}}],"collection":[{"href":"https:\/\/www.africa-press.net\/cotedivoire\/wp-json\/wp\/v2\/posts"}],"about":[{"href":"https:\/\/www.africa-press.net\/cotedivoire\/wp-json\/wp\/v2\/types\/post"}],"author":[{"embeddable":true,"href":"https:\/\/www.africa-press.net\/cotedivoire\/wp-json\/wp\/v2\/users\/82"}],"replies":[{"embeddable":true,"href":"https:\/\/www.africa-press.net\/cotedivoire\/wp-json\/wp\/v2\/comments?post=8512"}],"version-history":[{"count":0,"href":"https:\/\/www.africa-press.net\/cotedivoire\/wp-json\/wp\/v2\/posts\/8512\/revisions"}],"wp:featuredmedia":[{"embeddable":true,"href":"https:\/\/www.africa-press.net\/cotedivoire\/wp-json\/wp\/v2\/media\/8511"}],"wp:attachment":[{"href":"https:\/\/www.africa-press.net\/cotedivoire\/wp-json\/wp\/v2\/media?parent=8512"}],"wp:term":[{"taxonomy":"category","embeddable":true,"href":"https:\/\/www.africa-press.net\/cotedivoire\/wp-json\/wp\/v2\/categories?post=8512"},{"taxonomy":"post_tag","embeddable":true,"href":"https:\/\/www.africa-press.net\/cotedivoire\/wp-json\/wp\/v2\/tags?post=8512"}],"curies":[{"name":"wp","href":"https:\/\/api.w.org\/{rel}","templated":true}]}}