{"id":85153,"date":"2024-08-09T13:40:39","date_gmt":"2024-08-09T13:40:39","guid":{"rendered":"https:\/\/www.africa-press.net\/cotedivoire\/politique\/agneby-tiassa-une-trentaine-de-jeunes-cadres-conduite-par-ntakpe-ohounan-nicaise-depose-ses-valises-au-pdci-rda"},"modified":"2024-08-09T14:09:04","modified_gmt":"2024-08-09T14:09:04","slug":"agneby-tiassa-une-trentaine-de-jeunes-cadres-conduite-par-ntakpe-ohounan-nicaise-depose-ses-valises-au-pdci-rda","status":"publish","type":"post","link":"https:\/\/www.africa-press.net\/cotedivoire\/politique\/agneby-tiassa-une-trentaine-de-jeunes-cadres-conduite-par-ntakpe-ohounan-nicaise-depose-ses-valises-au-pdci-rda","title":{"rendered":"Agneby-Tiassa, une trentaine de jeunes cadres conduite par N&rsquo;Takp\u00e9 Ohounan Nicaise d\u00e9pose ses valises au PDCI-RDA"},"content":{"rendered":"<p><span style=\"color: #ff6600\"><strong>Africa-Press &#8211; C\u00f4te d&rsquo;Ivoire. <\/strong><\/span>A\u0300 quelques 18 mois de l&rsquo;e\u0301lection pre\u0301sidentielle d&rsquo;octobre 2025, la vie du Parti de\u0301mocratique de Co\u0302te d&rsquo;Ivoire (PDCI-RDA) semble e\u0302tre rythme\u0301e par les nombreuses adhe\u0301sions en son sein.<\/p>\n<p>Une trentaine de cadres du de\u0301partement d&rsquo;Agboville conduite par N&rsquo;Takpe\u0301 Ohounan Nicaise est alle\u0301e se faire enro\u0302ler, le mercredi 7 aou\u0302t, jour de la comme\u0301moration de l&rsquo;inde\u0301pendance de la Co\u0302te d&rsquo;Ivoire, a\u0300 la Maison dudit parti sis a\u0300 Abidjan-Cocody, pour marquer leur adhe\u0301sion au parti septuage\u0301naire.<\/p>\n<p>Donnant les raisons de leur adhe\u0301sion au PDCI-RDA, N&rsquo;Takpe\u0301 Ohounan Nicaise explique que: \u00ab Nous avons de\u0301cide\u0301 d\u2019adhe\u0301rer au PDCI-RDA en ce jour symbolique du 7 aou\u0302t 2024, anniversaire de l\u2019inde\u0301pendance de notre pays, pour te\u0301moigner notre amour pour le parti qui a pose\u0301 les fondations de la vie politique en Co\u0302te d\u2019Ivoire. En venant ici, nous voulons aussi montrer que la jeunesse est engage\u0301e a\u0300 suivre le pre\u0301sident Tidjane Thiam pour e\u0301crire une nouvelle histoire de la Co\u0302te d&rsquo;Ivoire \u00bb.<\/p>\n<p>L&rsquo;ancien candidat aux e\u0301lections le\u0301gislatives de mars 2021 et municipales de septembre 2023 derniers, N&rsquo;Takpe\u0301 Ohounan Nicaise, homme politique inde\u0301pendant, dit avoir pris la de\u0301cision d&rsquo;adhe\u0301rer au PDCI-RDA apre\u0300s avoir e\u0301change\u0301 avec d&rsquo;autres grands partis politiques.<\/p>\n<p>\u00ab On a e\u0301change\u0301 avec certains responsables d&rsquo;autres grands partis politiques pour voir lequel de ces parti a une meilleure vision pour la Co\u0302te d&rsquo;Ivoire. Et la personne qui incarne la nouvelle vision pour la Co\u0302te d&rsquo;Ivoire est le pre\u0301sident Tidjane Thiam, pre\u0301sident du PDCI-RDA qui peut rassembler tous les Ivoiriens et donner une prospe\u0301rite\u0301 a\u0300 notre pays (&#8230;) Nous avons donc de\u0301cide\u0301 d&rsquo;adhe\u0301rer au PDCI-RDA pour accompagner le pre\u0301sident Tidjane Thiam dans cette mission. \u00bb, fait-il savoir.<\/p>\n<p>Heureux du recrutement de ces jeunes cadres, Yavo Franc\u0327ois, 1er vice-pre\u0301sident du District politique des Lagunes dont le chef-lieu est a\u0300 Dabou, pense que c&rsquo;est un \u00ab souffle nouveau \u00bb pour le parti.<\/p>\n<p>\u00ab L\u2019arrive\u0301e de ces jeunes cadres apporte un dynamisme ne\u0301cessaire a\u0300 notre strate\u0301gie de rassemblement des forces vives de la re\u0301gion \u00bb, renche\u0301rit Yavo Franc\u0327ois, ancien coordonnateur re\u0301gional du Grand conseil re\u0301gional de l&rsquo;Agne\u0301by-Tiassa. Pour William Aldo Ettien, conseiller spe\u0301cial charge\u0301 de la socie\u0301te\u0301 civile, la voix de Tidjane Thiam, pre\u0301sident du PDCI-RDA a e\u0301te\u0301 entendu jusque dans l&rsquo;Agne\u0301by-Tiassa par l&rsquo;adhe\u0301sion de ces jeunes cadres d&rsquo;Agboville. \u00ab Je suis comble\u0301 parce que nos jeunes cadres de l&rsquo;Agne\u0301by-Tiassa ont entendu l&rsquo;appel du pre\u0301sident Tidjane Thiam. Et en son nom, je voudrais les fe\u0301liciter et leur dire que nous les accueillons les bras ouverts&#8230; Et depuis l&rsquo;accession du pre\u0301sident Tidjane Thiam a\u0300 la te\u0302te de notre parti, ce sont des adhe\u0301sions massives et de qualite\u0301 qu&rsquo;on enregistre tous les jours. \u00bb, a conclu William Aldo Ettien.<\/p>\n<p><strong>Pour plus d&rsquo;informations et d&rsquo;analyses sur la C\u00f4te d&rsquo;Ivoire, suivez Africa-Press<\/strong><\/p>\n","protected":false},"excerpt":{"rendered":"<p>Africa-Press &#8211; C\u00f4te d&rsquo;Ivoire. A\u0300 quelques 18 mois de l&rsquo;e\u0301lection pre\u0301sidentielle d&rsquo;octobre 2025, la vie du Parti de\u0301mocratique de Co\u0302te d&rsquo;Ivoire (PDCI-RDA) semble e\u0302tre rythme\u0301e par les nombreuses adhe\u0301sions en son sein. Une trentaine de cadres du de\u0301partement d&rsquo;Agboville conduite par N&rsquo;Takpe\u0301 Ohounan Nicaise est alle\u0301e se faire enro\u0302ler, le mercredi 7 aou\u0302t, jour de [&hellip;]<\/p>\n","protected":false},"author":82,"featured_media":85151,"comment_status":"open","ping_status":"closed","sticky":false,"template":"","format":"standard","meta":{"footnotes":""},"categories":[2,10],"tags":[5072,14437,29,14438,739],"class_list":["post-85153","post","type-post","status-publish","format-standard","has-post-thumbnail","hentry","category-politique","category-toutes-les-actualites","tag-agboville","tag-angeby-tiassa","tag-cote-divoire","tag-ntapke-ohounan-nicaise","tag-pdci-rda"],"yoast_head":"<!-- This site is optimized with the Yoast SEO Premium plugin v26.1 (Yoast SEO v27.0) - https:\/\/yoast.com\/product\/yoast-seo-premium-wordpress\/ -->\n<title>Agneby-Tiassa, une trentaine de jeunes cadres conduite par N&#039;Takp\u00e9 Ohounan Nicaise d\u00e9pose ses valises au PDCI-RDA - C\u00f4te d&#039;Ivoire<\/title>\n<meta name=\"description\" content=\"A\u0300 quelques 18 mois de l&#039;e\u0301lection pre\u0301sidentielle d&#039;octobre 2025, la vie du Parti de\u0301mocratique de Co\u0302te d&#039;Ivoire (PDCI ...\" \/>\n<meta name=\"robots\" content=\"index, follow, max-snippet:-1, max-image-preview:large, max-video-preview:-1\" \/>\n<link rel=\"canonical\" href=\"https:\/\/www.africa-press.net\/cotedivoire\/politique\/agneby-tiassa-une-trentaine-de-jeunes-cadres-conduite-par-ntakpe-ohounan-nicaise-depose-ses-valises-au-pdci-rda\" \/>\n<meta property=\"og:locale\" content=\"fr_FR\" \/>\n<meta property=\"og:type\" content=\"article\" \/>\n<meta property=\"og:title\" content=\"Agneby-Tiassa, une trentaine de jeunes cadres conduite par N&#039;Takp\u00e9 Ohounan Nicaise d\u00e9pose ses valises au PDCI-RDA\" \/>\n<meta property=\"og:description\" content=\"A\u0300 quelques 18 mois de l&#039;e\u0301lection pre\u0301sidentielle d&#039;octobre 2025, la vie du Parti de\u0301mocratique de Co\u0302te d&#039;Ivoire (PDCI ...\" \/>\n<meta property=\"og:url\" content=\"https:\/\/www.africa-press.net\/cotedivoire\/politique\/agneby-tiassa-une-trentaine-de-jeunes-cadres-conduite-par-ntakpe-ohounan-nicaise-depose-ses-valises-au-pdci-rda\" \/>\n<meta property=\"og:site_name\" content=\"C\u00f4te d&#039;Ivoire\" \/>\n<meta property=\"article:published_time\" content=\"2024-08-09T13:40:39+00:00\" \/>\n<meta property=\"article:modified_time\" content=\"2024-08-09T14:09:04+00:00\" \/>\n<meta property=\"og:image\" content=\"https:\/\/static.africa-press.net\/cote\/sites\/43\/2024\/08\/sm_1723199912.778646.jpg\" \/>\n\t<meta property=\"og:image:width\" content=\"720\" \/>\n\t<meta property=\"og:image:height\" content=\"540\" \/>\n\t<meta property=\"og:image:type\" content=\"image\/jpeg\" \/>\n<meta name=\"author\" content=\"cfeditorfr\" \/>\n<meta name=\"twitter:card\" content=\"summary_large_image\" \/>\n<meta name=\"twitter:label1\" content=\"\u00c9crit par\" \/>\n\t<meta name=\"twitter:data1\" content=\"cfeditorfr\" \/>\n\t<meta name=\"twitter:label2\" content=\"Dur\u00e9e de lecture estim\u00e9e\" \/>\n\t<meta name=\"twitter:data2\" content=\"3 minutes\" \/>\n<script type=\"application\/ld+json\" class=\"yoast-schema-graph\">{\"@context\":\"https:\/\/schema.org\",\"@graph\":[{\"@type\":\"Article\",\"@id\":\"https:\/\/www.africa-press.net\/cotedivoire\/politique\/agneby-tiassa-une-trentaine-de-jeunes-cadres-conduite-par-ntakpe-ohounan-nicaise-depose-ses-valises-au-pdci-rda#article\",\"isPartOf\":{\"@id\":\"https:\/\/www.africa-press.net\/cotedivoire\/politique\/agneby-tiassa-une-trentaine-de-jeunes-cadres-conduite-par-ntakpe-ohounan-nicaise-depose-ses-valises-au-pdci-rda\"},\"author\":{\"name\":\"cfeditorfr\",\"@id\":\"https:\/\/www.africa-press.net\/cotedivoire\/#\/schema\/person\/2b1cf3cd81a31e3cd26889ca66d677f1\"},\"headline\":\"Agneby-Tiassa, une trentaine de jeunes cadres conduite par N&rsquo;Takp\u00e9 Ohounan Nicaise d\u00e9pose ses valises au PDCI-RDA\",\"datePublished\":\"2024-08-09T13:40:39+00:00\",\"dateModified\":\"2024-08-09T14:09:04+00:00\",\"mainEntityOfPage\":{\"@id\":\"https:\/\/www.africa-press.net\/cotedivoire\/politique\/agneby-tiassa-une-trentaine-de-jeunes-cadres-conduite-par-ntakpe-ohounan-nicaise-depose-ses-valises-au-pdci-rda\"},\"wordCount\":553,\"commentCount\":0,\"image\":{\"@id\":\"https:\/\/www.africa-press.net\/cotedivoire\/politique\/agneby-tiassa-une-trentaine-de-jeunes-cadres-conduite-par-ntakpe-ohounan-nicaise-depose-ses-valises-au-pdci-rda#primaryimage\"},\"thumbnailUrl\":\"https:\/\/static.africa-press.net\/cote\/sites\/43\/2024\/08\/sm_1723199912.778646.jpg\",\"keywords\":[\"Agboville\",\"Angeby-Tiassa\",\"C\u00d4TE D'IVOIRE\",\"N'Tapk\u00e9 Ohounan Nicaise\",\"PDCI-RDA\"],\"articleSection\":[\"Politique\",\"Toutes les actualit\u00e9s\"],\"inLanguage\":\"fr-FR\",\"potentialAction\":[{\"@type\":\"CommentAction\",\"name\":\"Comment\",\"target\":[\"https:\/\/www.africa-press.net\/cotedivoire\/politique\/agneby-tiassa-une-trentaine-de-jeunes-cadres-conduite-par-ntakpe-ohounan-nicaise-depose-ses-valises-au-pdci-rda#respond\"]}]},{\"@type\":\"WebPage\",\"@id\":\"https:\/\/www.africa-press.net\/cotedivoire\/politique\/agneby-tiassa-une-trentaine-de-jeunes-cadres-conduite-par-ntakpe-ohounan-nicaise-depose-ses-valises-au-pdci-rda\",\"url\":\"https:\/\/www.africa-press.net\/cotedivoire\/politique\/agneby-tiassa-une-trentaine-de-jeunes-cadres-conduite-par-ntakpe-ohounan-nicaise-depose-ses-valises-au-pdci-rda\",\"name\":\"Agneby-Tiassa, une trentaine de jeunes cadres conduite par N'Takp\u00e9 Ohounan Nicaise d\u00e9pose ses valises au PDCI-RDA - C\u00f4te d&#039;Ivoire\",\"isPartOf\":{\"@id\":\"https:\/\/www.africa-press.net\/cotedivoire\/#website\"},\"primaryImageOfPage\":{\"@id\":\"https:\/\/www.africa-press.net\/cotedivoire\/politique\/agneby-tiassa-une-trentaine-de-jeunes-cadres-conduite-par-ntakpe-ohounan-nicaise-depose-ses-valises-au-pdci-rda#primaryimage\"},\"image\":{\"@id\":\"https:\/\/www.africa-press.net\/cotedivoire\/politique\/agneby-tiassa-une-trentaine-de-jeunes-cadres-conduite-par-ntakpe-ohounan-nicaise-depose-ses-valises-au-pdci-rda#primaryimage\"},\"thumbnailUrl\":\"https:\/\/static.africa-press.net\/cote\/sites\/43\/2024\/08\/sm_1723199912.778646.jpg\",\"datePublished\":\"2024-08-09T13:40:39+00:00\",\"dateModified\":\"2024-08-09T14:09:04+00:00\",\"author\":{\"@id\":\"https:\/\/www.africa-press.net\/cotedivoire\/#\/schema\/person\/2b1cf3cd81a31e3cd26889ca66d677f1\"},\"description\":\"A\u0300 quelques 18 mois de l'e\u0301lection pre\u0301sidentielle d'octobre 2025, la vie du Parti de\u0301mocratique de Co\u0302te d'Ivoire (PDCI ...\",\"breadcrumb\":{\"@id\":\"https:\/\/www.africa-press.net\/cotedivoire\/politique\/agneby-tiassa-une-trentaine-de-jeunes-cadres-conduite-par-ntakpe-ohounan-nicaise-depose-ses-valises-au-pdci-rda#breadcrumb\"},\"inLanguage\":\"fr-FR\",\"potentialAction\":[{\"@type\":\"ReadAction\",\"target\":[\"https:\/\/www.africa-press.net\/cotedivoire\/politique\/agneby-tiassa-une-trentaine-de-jeunes-cadres-conduite-par-ntakpe-ohounan-nicaise-depose-ses-valises-au-pdci-rda\"]}]},{\"@type\":\"ImageObject\",\"inLanguage\":\"fr-FR\",\"@id\":\"https:\/\/www.africa-press.net\/cotedivoire\/politique\/agneby-tiassa-une-trentaine-de-jeunes-cadres-conduite-par-ntakpe-ohounan-nicaise-depose-ses-valises-au-pdci-rda#primaryimage\",\"url\":\"https:\/\/static.africa-press.net\/cote\/sites\/43\/2024\/08\/sm_1723199912.778646.jpg\",\"contentUrl\":\"https:\/\/static.africa-press.net\/cote\/sites\/43\/2024\/08\/sm_1723199912.778646.jpg\",\"width\":720,\"height\":540,\"caption\":\"Agneby-Tiassa, une trentaine de jeunes cadres conduite par N'Takp\u00e9 Ohounan Nicaise d\u00e9pose ses valises au PDCI-RDA\"},{\"@type\":\"BreadcrumbList\",\"@id\":\"https:\/\/www.africa-press.net\/cotedivoire\/politique\/agneby-tiassa-une-trentaine-de-jeunes-cadres-conduite-par-ntakpe-ohounan-nicaise-depose-ses-valises-au-pdci-rda#breadcrumb\",\"itemListElement\":[{\"@type\":\"ListItem\",\"position\":1,\"name\":\"Accueil\",\"item\":\"https:\/\/www.africa-press.net\/cotedivoire\/\"},{\"@type\":\"ListItem\",\"position\":2,\"name\":\"Agneby-Tiassa, une trentaine de jeunes cadres conduite par N&#8217;Takp\u00e9 Ohounan Nicaise d\u00e9pose ses valises au PDCI-RDA\"}]},{\"@type\":\"WebSite\",\"@id\":\"https:\/\/www.africa-press.net\/cotedivoire\/#website\",\"url\":\"https:\/\/www.africa-press.net\/cotedivoire\/\",\"name\":\"C\u00f4te d&#039;Ivoire\",\"description\":\"Just another Africa News Agency Sites site\",\"potentialAction\":[{\"@type\":\"SearchAction\",\"target\":{\"@type\":\"EntryPoint\",\"urlTemplate\":\"https:\/\/www.africa-press.net\/cotedivoire\/?s={search_term_string}\"},\"query-input\":{\"@type\":\"PropertyValueSpecification\",\"valueRequired\":true,\"valueName\":\"search_term_string\"}}],\"inLanguage\":\"fr-FR\"},{\"@type\":\"Person\",\"@id\":\"https:\/\/www.africa-press.net\/cotedivoire\/#\/schema\/person\/2b1cf3cd81a31e3cd26889ca66d677f1\",\"name\":\"cfeditorfr\"}]}<\/script>\n<!-- \/ Yoast SEO Premium plugin. -->","yoast_head_json":{"title":"Agneby-Tiassa, une trentaine de jeunes cadres conduite par N'Takp\u00e9 Ohounan Nicaise d\u00e9pose ses valises au PDCI-RDA - C\u00f4te d&#039;Ivoire","description":"A\u0300 quelques 18 mois de l'e\u0301lection pre\u0301sidentielle d'octobre 2025, la vie du Parti de\u0301mocratique de Co\u0302te d'Ivoire (PDCI ...","robots":{"index":"index","follow":"follow","max-snippet":"max-snippet:-1","max-image-preview":"max-image-preview:large","max-video-preview":"max-video-preview:-1"},"canonical":"https:\/\/www.africa-press.net\/cotedivoire\/politique\/agneby-tiassa-une-trentaine-de-jeunes-cadres-conduite-par-ntakpe-ohounan-nicaise-depose-ses-valises-au-pdci-rda","og_locale":"fr_FR","og_type":"article","og_title":"Agneby-Tiassa, une trentaine de jeunes cadres conduite par N'Takp\u00e9 Ohounan Nicaise d\u00e9pose ses valises au PDCI-RDA","og_description":"A\u0300 quelques 18 mois de l'e\u0301lection pre\u0301sidentielle d'octobre 2025, la vie du Parti de\u0301mocratique de Co\u0302te d'Ivoire (PDCI ...","og_url":"https:\/\/www.africa-press.net\/cotedivoire\/politique\/agneby-tiassa-une-trentaine-de-jeunes-cadres-conduite-par-ntakpe-ohounan-nicaise-depose-ses-valises-au-pdci-rda","og_site_name":"C\u00f4te d&#039;Ivoire","article_published_time":"2024-08-09T13:40:39+00:00","article_modified_time":"2024-08-09T14:09:04+00:00","og_image":[{"width":720,"height":540,"url":"https:\/\/static.africa-press.net\/cote\/sites\/43\/2024\/08\/sm_1723199912.778646.jpg","type":"image\/jpeg"}],"author":"cfeditorfr","twitter_card":"summary_large_image","twitter_misc":{"\u00c9crit par":"cfeditorfr","Dur\u00e9e de lecture estim\u00e9e":"3 minutes"},"schema":{"@context":"https:\/\/schema.org","@graph":[{"@type":"Article","@id":"https:\/\/www.africa-press.net\/cotedivoire\/politique\/agneby-tiassa-une-trentaine-de-jeunes-cadres-conduite-par-ntakpe-ohounan-nicaise-depose-ses-valises-au-pdci-rda#article","isPartOf":{"@id":"https:\/\/www.africa-press.net\/cotedivoire\/politique\/agneby-tiassa-une-trentaine-de-jeunes-cadres-conduite-par-ntakpe-ohounan-nicaise-depose-ses-valises-au-pdci-rda"},"author":{"name":"cfeditorfr","@id":"https:\/\/www.africa-press.net\/cotedivoire\/#\/schema\/person\/2b1cf3cd81a31e3cd26889ca66d677f1"},"headline":"Agneby-Tiassa, une trentaine de jeunes cadres conduite par N&rsquo;Takp\u00e9 Ohounan Nicaise d\u00e9pose ses valises au PDCI-RDA","datePublished":"2024-08-09T13:40:39+00:00","dateModified":"2024-08-09T14:09:04+00:00","mainEntityOfPage":{"@id":"https:\/\/www.africa-press.net\/cotedivoire\/politique\/agneby-tiassa-une-trentaine-de-jeunes-cadres-conduite-par-ntakpe-ohounan-nicaise-depose-ses-valises-au-pdci-rda"},"wordCount":553,"commentCount":0,"image":{"@id":"https:\/\/www.africa-press.net\/cotedivoire\/politique\/agneby-tiassa-une-trentaine-de-jeunes-cadres-conduite-par-ntakpe-ohounan-nicaise-depose-ses-valises-au-pdci-rda#primaryimage"},"thumbnailUrl":"https:\/\/static.africa-press.net\/cote\/sites\/43\/2024\/08\/sm_1723199912.778646.jpg","keywords":["Agboville","Angeby-Tiassa","C\u00d4TE D'IVOIRE","N'Tapk\u00e9 Ohounan Nicaise","PDCI-RDA"],"articleSection":["Politique","Toutes les actualit\u00e9s"],"inLanguage":"fr-FR","potentialAction":[{"@type":"CommentAction","name":"Comment","target":["https:\/\/www.africa-press.net\/cotedivoire\/politique\/agneby-tiassa-une-trentaine-de-jeunes-cadres-conduite-par-ntakpe-ohounan-nicaise-depose-ses-valises-au-pdci-rda#respond"]}]},{"@type":"WebPage","@id":"https:\/\/www.africa-press.net\/cotedivoire\/politique\/agneby-tiassa-une-trentaine-de-jeunes-cadres-conduite-par-ntakpe-ohounan-nicaise-depose-ses-valises-au-pdci-rda","url":"https:\/\/www.africa-press.net\/cotedivoire\/politique\/agneby-tiassa-une-trentaine-de-jeunes-cadres-conduite-par-ntakpe-ohounan-nicaise-depose-ses-valises-au-pdci-rda","name":"Agneby-Tiassa, une trentaine de jeunes cadres conduite par N'Takp\u00e9 Ohounan Nicaise d\u00e9pose ses valises au PDCI-RDA - C\u00f4te d&#039;Ivoire","isPartOf":{"@id":"https:\/\/www.africa-press.net\/cotedivoire\/#website"},"primaryImageOfPage":{"@id":"https:\/\/www.africa-press.net\/cotedivoire\/politique\/agneby-tiassa-une-trentaine-de-jeunes-cadres-conduite-par-ntakpe-ohounan-nicaise-depose-ses-valises-au-pdci-rda#primaryimage"},"image":{"@id":"https:\/\/www.africa-press.net\/cotedivoire\/politique\/agneby-tiassa-une-trentaine-de-jeunes-cadres-conduite-par-ntakpe-ohounan-nicaise-depose-ses-valises-au-pdci-rda#primaryimage"},"thumbnailUrl":"https:\/\/static.africa-press.net\/cote\/sites\/43\/2024\/08\/sm_1723199912.778646.jpg","datePublished":"2024-08-09T13:40:39+00:00","dateModified":"2024-08-09T14:09:04+00:00","author":{"@id":"https:\/\/www.africa-press.net\/cotedivoire\/#\/schema\/person\/2b1cf3cd81a31e3cd26889ca66d677f1"},"description":"A\u0300 quelques 18 mois de l'e\u0301lection pre\u0301sidentielle d'octobre 2025, la vie du Parti de\u0301mocratique de Co\u0302te d'Ivoire (PDCI ...","breadcrumb":{"@id":"https:\/\/www.africa-press.net\/cotedivoire\/politique\/agneby-tiassa-une-trentaine-de-jeunes-cadres-conduite-par-ntakpe-ohounan-nicaise-depose-ses-valises-au-pdci-rda#breadcrumb"},"inLanguage":"fr-FR","potentialAction":[{"@type":"ReadAction","target":["https:\/\/www.africa-press.net\/cotedivoire\/politique\/agneby-tiassa-une-trentaine-de-jeunes-cadres-conduite-par-ntakpe-ohounan-nicaise-depose-ses-valises-au-pdci-rda"]}]},{"@type":"ImageObject","inLanguage":"fr-FR","@id":"https:\/\/www.africa-press.net\/cotedivoire\/politique\/agneby-tiassa-une-trentaine-de-jeunes-cadres-conduite-par-ntakpe-ohounan-nicaise-depose-ses-valises-au-pdci-rda#primaryimage","url":"https:\/\/static.africa-press.net\/cote\/sites\/43\/2024\/08\/sm_1723199912.778646.jpg","contentUrl":"https:\/\/static.africa-press.net\/cote\/sites\/43\/2024\/08\/sm_1723199912.778646.jpg","width":720,"height":540,"caption":"Agneby-Tiassa, une trentaine de jeunes cadres conduite par N'Takp\u00e9 Ohounan Nicaise d\u00e9pose ses valises au PDCI-RDA"},{"@type":"BreadcrumbList","@id":"https:\/\/www.africa-press.net\/cotedivoire\/politique\/agneby-tiassa-une-trentaine-de-jeunes-cadres-conduite-par-ntakpe-ohounan-nicaise-depose-ses-valises-au-pdci-rda#breadcrumb","itemListElement":[{"@type":"ListItem","position":1,"name":"Accueil","item":"https:\/\/www.africa-press.net\/cotedivoire\/"},{"@type":"ListItem","position":2,"name":"Agneby-Tiassa, une trentaine de jeunes cadres conduite par N&#8217;Takp\u00e9 Ohounan Nicaise d\u00e9pose ses valises au PDCI-RDA"}]},{"@type":"WebSite","@id":"https:\/\/www.africa-press.net\/cotedivoire\/#website","url":"https:\/\/www.africa-press.net\/cotedivoire\/","name":"C\u00f4te d&#039;Ivoire","description":"Just another Africa News Agency Sites site","potentialAction":[{"@type":"SearchAction","target":{"@type":"EntryPoint","urlTemplate":"https:\/\/www.africa-press.net\/cotedivoire\/?s={search_term_string}"},"query-input":{"@type":"PropertyValueSpecification","valueRequired":true,"valueName":"search_term_string"}}],"inLanguage":"fr-FR"},{"@type":"Person","@id":"https:\/\/www.africa-press.net\/cotedivoire\/#\/schema\/person\/2b1cf3cd81a31e3cd26889ca66d677f1","name":"cfeditorfr"}]}},"_links":{"self":[{"href":"https:\/\/www.africa-press.net\/cotedivoire\/wp-json\/wp\/v2\/posts\/85153","targetHints":{"allow":["GET"]}}],"collection":[{"href":"https:\/\/www.africa-press.net\/cotedivoire\/wp-json\/wp\/v2\/posts"}],"about":[{"href":"https:\/\/www.africa-press.net\/cotedivoire\/wp-json\/wp\/v2\/types\/post"}],"author":[{"embeddable":true,"href":"https:\/\/www.africa-press.net\/cotedivoire\/wp-json\/wp\/v2\/users\/82"}],"replies":[{"embeddable":true,"href":"https:\/\/www.africa-press.net\/cotedivoire\/wp-json\/wp\/v2\/comments?post=85153"}],"version-history":[{"count":0,"href":"https:\/\/www.africa-press.net\/cotedivoire\/wp-json\/wp\/v2\/posts\/85153\/revisions"}],"wp:featuredmedia":[{"embeddable":true,"href":"https:\/\/www.africa-press.net\/cotedivoire\/wp-json\/wp\/v2\/media\/85151"}],"wp:attachment":[{"href":"https:\/\/www.africa-press.net\/cotedivoire\/wp-json\/wp\/v2\/media?parent=85153"}],"wp:term":[{"taxonomy":"category","embeddable":true,"href":"https:\/\/www.africa-press.net\/cotedivoire\/wp-json\/wp\/v2\/categories?post=85153"},{"taxonomy":"post_tag","embeddable":true,"href":"https:\/\/www.africa-press.net\/cotedivoire\/wp-json\/wp\/v2\/tags?post=85153"}],"curies":[{"name":"wp","href":"https:\/\/api.w.org\/{rel}","templated":true}]}}