{"id":8518,"date":"2021-06-03T18:27:19","date_gmt":"2021-06-03T18:27:19","guid":{"rendered":"https:\/\/www.africa-press.net\/cotedivoire\/?p=8518"},"modified":"2021-06-03T18:35:58","modified_gmt":"2021-06-03T18:35:58","slug":"selon-kkb-le-gouvernement-a-pris-acte-de-la-date-choisie-par-le-fpi-pour-le-retour-de-gbagbo","status":"publish","type":"post","link":"https:\/\/www.africa-press.net\/cotedivoire\/politique\/selon-kkb-le-gouvernement-a-pris-acte-de-la-date-choisie-par-le-fpi-pour-le-retour-de-gbagbo","title":{"rendered":"Selon KKB le gouvernement a \u00ab\u00a0pris acte\u00a0\u00bb de la date choisie par le FPI pour le retour de Gbagbo"},"content":{"rendered":"<p><span style=\"color: #ff6600\"><strong><a href=\"https:\/\/www.africa-press.net\/\">Africa-Press<\/a> &#8211; <a href=\"https:\/\/www.africa-press.net\/cotedivoire\">C\u00f4te d&rsquo;Ivoire<\/a>. <\/strong><\/span>Le ministre de la R\u00e9conciliation, Kouadio Konan Bertin (KKB), a indiqu\u00e9 mercredi que le gouvernement ivoirien \u00ab prend acte \u00bb de la date du 17 juin fix\u00e9e pour le retour de l\u2019ex-pr\u00e9sident, Laurent Gbagbo en C\u00f4te d\u2019Ivoire, apr\u00e8s une rencontre avec la frange dissidente du Front populaire ivoirien (FPI, opposition).<\/p>\n<p>\u00ab Le pr\u00e9sident Laurent Gbagbo est un homme libre, acquitt\u00e9. C\u2019est \u00e0 lui de d\u00e9cider de quand il rentre dans son pays. Nous avons appris qu\u2019il rentre le 17 juin 2021, nous prenons acte \u00bb, a affirm\u00e9 M.Kouadio, face \u00e0 la presse.<\/p>\n<p>Concernant le format de l\u2019accueil de l\u2019ex-pr\u00e9sident qui fait pol\u00e9mique en ce moment, le ministre a pr\u00e9cis\u00e9 que \u00ab les deux parties sont en discussion pour que ce retour soit un retour apais\u00e9 \u00bb, a t-il ajout\u00e9.<\/p>\n<p>Lundi, \u00e0 l\u2019occasion de la c\u00e9l\u00e9bration du 76e anniversaire de M.Gbagbo, le FPI pro-Gbagbo a annonc\u00e9 le retour le 17 juin de l\u2019ancien pr\u00e9sident, acquitt\u00e9 par la CPI des accusations de crimes contre l\u2019humanit\u00e9 qui auraient \u00e9t\u00e9 commis lors de la crise post-\u00e9lectorale de 2010-2011.<\/p>\n<p>R\u00e9agissant \u00e0 cette annonce, le ministre ivoirien de la Communication et porte-parole du gouvernement, Amadou Coulibaly avait estim\u00e9 sur les ondes de RFI, que le gouvernement n\u2019avait pas \u00e9t\u00e9 consult\u00e9 sur la date du retour.<\/p>\n<p>Des propos qui ont \u00e9t\u00e9 d\u00e9mentis par le secr\u00e9taire g\u00e9n\u00e9ral du FPI pro-Gbagbo, Assoa Adou lors de la rencontre avec le ministre de la R\u00e9conciliation.<\/p>\n<p>A en croire le responsable du parti, le gouvernement a \u00e9t\u00e9 pr\u00e9venu car il a lui m\u00eame rencontr\u00e9 le \u00ab lundi 31 mai matin \u00bb, le Premier ministre, Patrick Achi pour l\u2019informer de la date du 17 juin.<\/p>\n<p>\u00ab Quand j\u2019ai rencontr\u00e9 le Premier ministre Achi Patrick pas plus tard que le 31 mai le matin \u00e0 10H, il a dit (que) le pr\u00e9sident Ouattara est d\u00e9cid\u00e9 \u00e0 prendre en charge les frais de voyage du pr\u00e9sident Laurent Gbagbo m\u00eame s\u2019il faut prendre un avion. Pour nous, cela nous suffit \u00bb, a fait savoir M. Adou.<\/p>\n<p>&nbsp;<\/p>\n","protected":false},"excerpt":{"rendered":"<p>Africa-Press &#8211; C\u00f4te d&rsquo;Ivoire. Le ministre de la R\u00e9conciliation, Kouadio Konan Bertin (KKB), a indiqu\u00e9 mercredi que le gouvernement ivoirien \u00ab prend acte \u00bb de la date du 17 juin fix\u00e9e pour le retour de l\u2019ex-pr\u00e9sident, Laurent Gbagbo en C\u00f4te d\u2019Ivoire, apr\u00e8s une rencontre avec la frange dissidente du Front populaire ivoirien (FPI, opposition). \u00ab [&hellip;]<\/p>\n","protected":false},"author":82,"featured_media":8517,"comment_status":"open","ping_status":"closed","sticky":false,"template":"","format":"standard","meta":{"footnotes":""},"categories":[11,2,10],"tags":[56,63,29],"class_list":["post-8518","post","type-post","status-publish","format-standard","has-post-thumbnail","hentry","category-homepage-french","category-politique","category-toutes-les-actualites","tag-africa-press","tag-africa-press-cote-divoire","tag-cote-divoire"],"yoast_head":"<!-- This site is optimized with the Yoast SEO Premium plugin v26.1 (Yoast SEO v27.0) - https:\/\/yoast.com\/product\/yoast-seo-premium-wordpress\/ -->\n<title>Selon KKB le gouvernement a \u00ab\u00a0pris acte\u00a0\u00bb de la date choisie par le FPI pour le retour de Gbagbo - C\u00f4te d&#039;Ivoire<\/title>\n<meta name=\"description\" content=\"Jocelyne LIADE Le ministre de la R\u00e9conciliation, Kouadio Konan Bertin (KKB), a indiqu\u00e9 mercredi que le gouvernement ivo ...\" \/>\n<meta name=\"robots\" content=\"index, follow, max-snippet:-1, max-image-preview:large, max-video-preview:-1\" \/>\n<link rel=\"canonical\" href=\"https:\/\/www.africa-press.net\/cotedivoire\/politique\/selon-kkb-le-gouvernement-a-pris-acte-de-la-date-choisie-par-le-fpi-pour-le-retour-de-gbagbo\" \/>\n<meta property=\"og:locale\" content=\"fr_FR\" \/>\n<meta property=\"og:type\" content=\"article\" \/>\n<meta property=\"og:title\" content=\"Selon KKB le gouvernement a \u00ab\u00a0pris acte\u00a0\u00bb de la date choisie par le FPI pour le retour de Gbagbo\" \/>\n<meta property=\"og:description\" content=\"Jocelyne LIADE Le ministre de la R\u00e9conciliation, Kouadio Konan Bertin (KKB), a indiqu\u00e9 mercredi que le gouvernement ivo ...\" \/>\n<meta property=\"og:url\" content=\"https:\/\/www.africa-press.net\/cotedivoire\/politique\/selon-kkb-le-gouvernement-a-pris-acte-de-la-date-choisie-par-le-fpi-pour-le-retour-de-gbagbo\" \/>\n<meta property=\"og:site_name\" content=\"C\u00f4te d&#039;Ivoire\" \/>\n<meta property=\"article:published_time\" content=\"2021-06-03T18:27:19+00:00\" \/>\n<meta property=\"article:modified_time\" content=\"2021-06-03T18:35:58+00:00\" \/>\n<meta property=\"og:image\" content=\"https:\/\/static.africa-press.net\/cote\/sites\/43\/2021\/06\/img-60b90c776c7ac.jpg\" \/>\n\t<meta property=\"og:image:width\" content=\"720\" \/>\n\t<meta property=\"og:image:height\" content=\"540\" \/>\n\t<meta property=\"og:image:type\" content=\"image\/jpeg\" \/>\n<meta name=\"author\" content=\"cfeditorfr\" \/>\n<meta name=\"twitter:card\" content=\"summary_large_image\" \/>\n<meta name=\"twitter:label1\" content=\"\u00c9crit par\" \/>\n\t<meta name=\"twitter:data1\" content=\"cfeditorfr\" \/>\n\t<meta name=\"twitter:label2\" content=\"Dur\u00e9e de lecture estim\u00e9e\" \/>\n\t<meta name=\"twitter:data2\" content=\"2 minutes\" \/>\n<script type=\"application\/ld+json\" class=\"yoast-schema-graph\">{\"@context\":\"https:\/\/schema.org\",\"@graph\":[{\"@type\":\"Article\",\"@id\":\"https:\/\/www.africa-press.net\/cotedivoire\/politique\/selon-kkb-le-gouvernement-a-pris-acte-de-la-date-choisie-par-le-fpi-pour-le-retour-de-gbagbo#article\",\"isPartOf\":{\"@id\":\"https:\/\/www.africa-press.net\/cotedivoire\/politique\/selon-kkb-le-gouvernement-a-pris-acte-de-la-date-choisie-par-le-fpi-pour-le-retour-de-gbagbo\"},\"author\":{\"name\":\"cfeditorfr\",\"@id\":\"https:\/\/www.africa-press.net\/cotedivoire\/#\/schema\/person\/2b1cf3cd81a31e3cd26889ca66d677f1\"},\"headline\":\"Selon KKB le gouvernement a \u00ab\u00a0pris acte\u00a0\u00bb de la date choisie par le FPI pour le retour de Gbagbo\",\"datePublished\":\"2021-06-03T18:27:19+00:00\",\"dateModified\":\"2021-06-03T18:35:58+00:00\",\"mainEntityOfPage\":{\"@id\":\"https:\/\/www.africa-press.net\/cotedivoire\/politique\/selon-kkb-le-gouvernement-a-pris-acte-de-la-date-choisie-par-le-fpi-pour-le-retour-de-gbagbo\"},\"wordCount\":374,\"commentCount\":0,\"image\":{\"@id\":\"https:\/\/www.africa-press.net\/cotedivoire\/politique\/selon-kkb-le-gouvernement-a-pris-acte-de-la-date-choisie-par-le-fpi-pour-le-retour-de-gbagbo#primaryimage\"},\"thumbnailUrl\":\"https:\/\/static.africa-press.net\/cote\/sites\/43\/2021\/06\/img-60b90c776c7ac.jpg\",\"keywords\":[\"Africa Press\",\"Africa Press-C\u00f4te d'Ivoire\",\"C\u00d4TE D'IVOIRE\"],\"articleSection\":[\"homepage-french\",\"Politique\",\"Toutes les actualit\u00e9s\"],\"inLanguage\":\"fr-FR\",\"potentialAction\":[{\"@type\":\"CommentAction\",\"name\":\"Comment\",\"target\":[\"https:\/\/www.africa-press.net\/cotedivoire\/politique\/selon-kkb-le-gouvernement-a-pris-acte-de-la-date-choisie-par-le-fpi-pour-le-retour-de-gbagbo#respond\"]}]},{\"@type\":\"WebPage\",\"@id\":\"https:\/\/www.africa-press.net\/cotedivoire\/politique\/selon-kkb-le-gouvernement-a-pris-acte-de-la-date-choisie-par-le-fpi-pour-le-retour-de-gbagbo\",\"url\":\"https:\/\/www.africa-press.net\/cotedivoire\/politique\/selon-kkb-le-gouvernement-a-pris-acte-de-la-date-choisie-par-le-fpi-pour-le-retour-de-gbagbo\",\"name\":\"Selon KKB le gouvernement a \u00ab\u00a0pris acte\u00a0\u00bb de la date choisie par le FPI pour le retour de Gbagbo - C\u00f4te d&#039;Ivoire\",\"isPartOf\":{\"@id\":\"https:\/\/www.africa-press.net\/cotedivoire\/#website\"},\"primaryImageOfPage\":{\"@id\":\"https:\/\/www.africa-press.net\/cotedivoire\/politique\/selon-kkb-le-gouvernement-a-pris-acte-de-la-date-choisie-par-le-fpi-pour-le-retour-de-gbagbo#primaryimage\"},\"image\":{\"@id\":\"https:\/\/www.africa-press.net\/cotedivoire\/politique\/selon-kkb-le-gouvernement-a-pris-acte-de-la-date-choisie-par-le-fpi-pour-le-retour-de-gbagbo#primaryimage\"},\"thumbnailUrl\":\"https:\/\/static.africa-press.net\/cote\/sites\/43\/2021\/06\/img-60b90c776c7ac.jpg\",\"datePublished\":\"2021-06-03T18:27:19+00:00\",\"dateModified\":\"2021-06-03T18:35:58+00:00\",\"author\":{\"@id\":\"https:\/\/www.africa-press.net\/cotedivoire\/#\/schema\/person\/2b1cf3cd81a31e3cd26889ca66d677f1\"},\"description\":\"Jocelyne LIADE Le ministre de la R\u00e9conciliation, Kouadio Konan Bertin (KKB), a indiqu\u00e9 mercredi que le gouvernement ivo ...\",\"breadcrumb\":{\"@id\":\"https:\/\/www.africa-press.net\/cotedivoire\/politique\/selon-kkb-le-gouvernement-a-pris-acte-de-la-date-choisie-par-le-fpi-pour-le-retour-de-gbagbo#breadcrumb\"},\"inLanguage\":\"fr-FR\",\"potentialAction\":[{\"@type\":\"ReadAction\",\"target\":[\"https:\/\/www.africa-press.net\/cotedivoire\/politique\/selon-kkb-le-gouvernement-a-pris-acte-de-la-date-choisie-par-le-fpi-pour-le-retour-de-gbagbo\"]}]},{\"@type\":\"ImageObject\",\"inLanguage\":\"fr-FR\",\"@id\":\"https:\/\/www.africa-press.net\/cotedivoire\/politique\/selon-kkb-le-gouvernement-a-pris-acte-de-la-date-choisie-par-le-fpi-pour-le-retour-de-gbagbo#primaryimage\",\"url\":\"https:\/\/static.africa-press.net\/cote\/sites\/43\/2021\/06\/img-60b90c776c7ac.jpg\",\"contentUrl\":\"https:\/\/static.africa-press.net\/cote\/sites\/43\/2021\/06\/img-60b90c776c7ac.jpg\",\"width\":720,\"height\":540,\"caption\":\"Selon KKB le gouvernement a \u00ab\u00a0pris acte\u00a0\u00bb de la date choisie par le FPI pour le retour de Gbagbo\"},{\"@type\":\"BreadcrumbList\",\"@id\":\"https:\/\/www.africa-press.net\/cotedivoire\/politique\/selon-kkb-le-gouvernement-a-pris-acte-de-la-date-choisie-par-le-fpi-pour-le-retour-de-gbagbo#breadcrumb\",\"itemListElement\":[{\"@type\":\"ListItem\",\"position\":1,\"name\":\"Accueil\",\"item\":\"https:\/\/www.africa-press.net\/cotedivoire\/\"},{\"@type\":\"ListItem\",\"position\":2,\"name\":\"Selon KKB le gouvernement a \u00ab\u00a0pris acte\u00a0\u00bb de la date choisie par le FPI pour le retour de Gbagbo\"}]},{\"@type\":\"WebSite\",\"@id\":\"https:\/\/www.africa-press.net\/cotedivoire\/#website\",\"url\":\"https:\/\/www.africa-press.net\/cotedivoire\/\",\"name\":\"C\u00f4te d&#039;Ivoire\",\"description\":\"Just another Africa News Agency Sites site\",\"potentialAction\":[{\"@type\":\"SearchAction\",\"target\":{\"@type\":\"EntryPoint\",\"urlTemplate\":\"https:\/\/www.africa-press.net\/cotedivoire\/?s={search_term_string}\"},\"query-input\":{\"@type\":\"PropertyValueSpecification\",\"valueRequired\":true,\"valueName\":\"search_term_string\"}}],\"inLanguage\":\"fr-FR\"},{\"@type\":\"Person\",\"@id\":\"https:\/\/www.africa-press.net\/cotedivoire\/#\/schema\/person\/2b1cf3cd81a31e3cd26889ca66d677f1\",\"name\":\"cfeditorfr\"}]}<\/script>\n<!-- \/ Yoast SEO Premium plugin. -->","yoast_head_json":{"title":"Selon KKB le gouvernement a \u00ab\u00a0pris acte\u00a0\u00bb de la date choisie par le FPI pour le retour de Gbagbo - C\u00f4te d&#039;Ivoire","description":"Jocelyne LIADE Le ministre de la R\u00e9conciliation, Kouadio Konan Bertin (KKB), a indiqu\u00e9 mercredi que le gouvernement ivo ...","robots":{"index":"index","follow":"follow","max-snippet":"max-snippet:-1","max-image-preview":"max-image-preview:large","max-video-preview":"max-video-preview:-1"},"canonical":"https:\/\/www.africa-press.net\/cotedivoire\/politique\/selon-kkb-le-gouvernement-a-pris-acte-de-la-date-choisie-par-le-fpi-pour-le-retour-de-gbagbo","og_locale":"fr_FR","og_type":"article","og_title":"Selon KKB le gouvernement a \u00ab\u00a0pris acte\u00a0\u00bb de la date choisie par le FPI pour le retour de Gbagbo","og_description":"Jocelyne LIADE Le ministre de la R\u00e9conciliation, Kouadio Konan Bertin (KKB), a indiqu\u00e9 mercredi que le gouvernement ivo ...","og_url":"https:\/\/www.africa-press.net\/cotedivoire\/politique\/selon-kkb-le-gouvernement-a-pris-acte-de-la-date-choisie-par-le-fpi-pour-le-retour-de-gbagbo","og_site_name":"C\u00f4te d&#039;Ivoire","article_published_time":"2021-06-03T18:27:19+00:00","article_modified_time":"2021-06-03T18:35:58+00:00","og_image":[{"width":720,"height":540,"url":"https:\/\/static.africa-press.net\/cote\/sites\/43\/2021\/06\/img-60b90c776c7ac.jpg","type":"image\/jpeg"}],"author":"cfeditorfr","twitter_card":"summary_large_image","twitter_misc":{"\u00c9crit par":"cfeditorfr","Dur\u00e9e de lecture estim\u00e9e":"2 minutes"},"schema":{"@context":"https:\/\/schema.org","@graph":[{"@type":"Article","@id":"https:\/\/www.africa-press.net\/cotedivoire\/politique\/selon-kkb-le-gouvernement-a-pris-acte-de-la-date-choisie-par-le-fpi-pour-le-retour-de-gbagbo#article","isPartOf":{"@id":"https:\/\/www.africa-press.net\/cotedivoire\/politique\/selon-kkb-le-gouvernement-a-pris-acte-de-la-date-choisie-par-le-fpi-pour-le-retour-de-gbagbo"},"author":{"name":"cfeditorfr","@id":"https:\/\/www.africa-press.net\/cotedivoire\/#\/schema\/person\/2b1cf3cd81a31e3cd26889ca66d677f1"},"headline":"Selon KKB le gouvernement a \u00ab\u00a0pris acte\u00a0\u00bb de la date choisie par le FPI pour le retour de Gbagbo","datePublished":"2021-06-03T18:27:19+00:00","dateModified":"2021-06-03T18:35:58+00:00","mainEntityOfPage":{"@id":"https:\/\/www.africa-press.net\/cotedivoire\/politique\/selon-kkb-le-gouvernement-a-pris-acte-de-la-date-choisie-par-le-fpi-pour-le-retour-de-gbagbo"},"wordCount":374,"commentCount":0,"image":{"@id":"https:\/\/www.africa-press.net\/cotedivoire\/politique\/selon-kkb-le-gouvernement-a-pris-acte-de-la-date-choisie-par-le-fpi-pour-le-retour-de-gbagbo#primaryimage"},"thumbnailUrl":"https:\/\/static.africa-press.net\/cote\/sites\/43\/2021\/06\/img-60b90c776c7ac.jpg","keywords":["Africa Press","Africa Press-C\u00f4te d'Ivoire","C\u00d4TE D'IVOIRE"],"articleSection":["homepage-french","Politique","Toutes les actualit\u00e9s"],"inLanguage":"fr-FR","potentialAction":[{"@type":"CommentAction","name":"Comment","target":["https:\/\/www.africa-press.net\/cotedivoire\/politique\/selon-kkb-le-gouvernement-a-pris-acte-de-la-date-choisie-par-le-fpi-pour-le-retour-de-gbagbo#respond"]}]},{"@type":"WebPage","@id":"https:\/\/www.africa-press.net\/cotedivoire\/politique\/selon-kkb-le-gouvernement-a-pris-acte-de-la-date-choisie-par-le-fpi-pour-le-retour-de-gbagbo","url":"https:\/\/www.africa-press.net\/cotedivoire\/politique\/selon-kkb-le-gouvernement-a-pris-acte-de-la-date-choisie-par-le-fpi-pour-le-retour-de-gbagbo","name":"Selon KKB le gouvernement a \u00ab\u00a0pris acte\u00a0\u00bb de la date choisie par le FPI pour le retour de Gbagbo - C\u00f4te d&#039;Ivoire","isPartOf":{"@id":"https:\/\/www.africa-press.net\/cotedivoire\/#website"},"primaryImageOfPage":{"@id":"https:\/\/www.africa-press.net\/cotedivoire\/politique\/selon-kkb-le-gouvernement-a-pris-acte-de-la-date-choisie-par-le-fpi-pour-le-retour-de-gbagbo#primaryimage"},"image":{"@id":"https:\/\/www.africa-press.net\/cotedivoire\/politique\/selon-kkb-le-gouvernement-a-pris-acte-de-la-date-choisie-par-le-fpi-pour-le-retour-de-gbagbo#primaryimage"},"thumbnailUrl":"https:\/\/static.africa-press.net\/cote\/sites\/43\/2021\/06\/img-60b90c776c7ac.jpg","datePublished":"2021-06-03T18:27:19+00:00","dateModified":"2021-06-03T18:35:58+00:00","author":{"@id":"https:\/\/www.africa-press.net\/cotedivoire\/#\/schema\/person\/2b1cf3cd81a31e3cd26889ca66d677f1"},"description":"Jocelyne LIADE Le ministre de la R\u00e9conciliation, Kouadio Konan Bertin (KKB), a indiqu\u00e9 mercredi que le gouvernement ivo ...","breadcrumb":{"@id":"https:\/\/www.africa-press.net\/cotedivoire\/politique\/selon-kkb-le-gouvernement-a-pris-acte-de-la-date-choisie-par-le-fpi-pour-le-retour-de-gbagbo#breadcrumb"},"inLanguage":"fr-FR","potentialAction":[{"@type":"ReadAction","target":["https:\/\/www.africa-press.net\/cotedivoire\/politique\/selon-kkb-le-gouvernement-a-pris-acte-de-la-date-choisie-par-le-fpi-pour-le-retour-de-gbagbo"]}]},{"@type":"ImageObject","inLanguage":"fr-FR","@id":"https:\/\/www.africa-press.net\/cotedivoire\/politique\/selon-kkb-le-gouvernement-a-pris-acte-de-la-date-choisie-par-le-fpi-pour-le-retour-de-gbagbo#primaryimage","url":"https:\/\/static.africa-press.net\/cote\/sites\/43\/2021\/06\/img-60b90c776c7ac.jpg","contentUrl":"https:\/\/static.africa-press.net\/cote\/sites\/43\/2021\/06\/img-60b90c776c7ac.jpg","width":720,"height":540,"caption":"Selon KKB le gouvernement a \u00ab\u00a0pris acte\u00a0\u00bb de la date choisie par le FPI pour le retour de Gbagbo"},{"@type":"BreadcrumbList","@id":"https:\/\/www.africa-press.net\/cotedivoire\/politique\/selon-kkb-le-gouvernement-a-pris-acte-de-la-date-choisie-par-le-fpi-pour-le-retour-de-gbagbo#breadcrumb","itemListElement":[{"@type":"ListItem","position":1,"name":"Accueil","item":"https:\/\/www.africa-press.net\/cotedivoire\/"},{"@type":"ListItem","position":2,"name":"Selon KKB le gouvernement a \u00ab\u00a0pris acte\u00a0\u00bb de la date choisie par le FPI pour le retour de Gbagbo"}]},{"@type":"WebSite","@id":"https:\/\/www.africa-press.net\/cotedivoire\/#website","url":"https:\/\/www.africa-press.net\/cotedivoire\/","name":"C\u00f4te d&#039;Ivoire","description":"Just another Africa News Agency Sites site","potentialAction":[{"@type":"SearchAction","target":{"@type":"EntryPoint","urlTemplate":"https:\/\/www.africa-press.net\/cotedivoire\/?s={search_term_string}"},"query-input":{"@type":"PropertyValueSpecification","valueRequired":true,"valueName":"search_term_string"}}],"inLanguage":"fr-FR"},{"@type":"Person","@id":"https:\/\/www.africa-press.net\/cotedivoire\/#\/schema\/person\/2b1cf3cd81a31e3cd26889ca66d677f1","name":"cfeditorfr"}]}},"_links":{"self":[{"href":"https:\/\/www.africa-press.net\/cotedivoire\/wp-json\/wp\/v2\/posts\/8518","targetHints":{"allow":["GET"]}}],"collection":[{"href":"https:\/\/www.africa-press.net\/cotedivoire\/wp-json\/wp\/v2\/posts"}],"about":[{"href":"https:\/\/www.africa-press.net\/cotedivoire\/wp-json\/wp\/v2\/types\/post"}],"author":[{"embeddable":true,"href":"https:\/\/www.africa-press.net\/cotedivoire\/wp-json\/wp\/v2\/users\/82"}],"replies":[{"embeddable":true,"href":"https:\/\/www.africa-press.net\/cotedivoire\/wp-json\/wp\/v2\/comments?post=8518"}],"version-history":[{"count":0,"href":"https:\/\/www.africa-press.net\/cotedivoire\/wp-json\/wp\/v2\/posts\/8518\/revisions"}],"wp:featuredmedia":[{"embeddable":true,"href":"https:\/\/www.africa-press.net\/cotedivoire\/wp-json\/wp\/v2\/media\/8517"}],"wp:attachment":[{"href":"https:\/\/www.africa-press.net\/cotedivoire\/wp-json\/wp\/v2\/media?parent=8518"}],"wp:term":[{"taxonomy":"category","embeddable":true,"href":"https:\/\/www.africa-press.net\/cotedivoire\/wp-json\/wp\/v2\/categories?post=8518"},{"taxonomy":"post_tag","embeddable":true,"href":"https:\/\/www.africa-press.net\/cotedivoire\/wp-json\/wp\/v2\/tags?post=8518"}],"curies":[{"name":"wp","href":"https:\/\/api.w.org\/{rel}","templated":true}]}}