{"id":85181,"date":"2024-08-09T16:32:04","date_gmt":"2024-08-09T16:32:04","guid":{"rendered":"https:\/\/www.africa-press.net\/cotedivoire\/politique\/lextraordinaire-imagination-des-plantes-des-milieux-arides"},"modified":"2024-08-09T17:51:20","modified_gmt":"2024-08-09T17:51:20","slug":"lextraordinaire-imagination-des-plantes-des-milieux-arides","status":"publish","type":"post","link":"https:\/\/www.africa-press.net\/cotedivoire\/toutes-les-actualites\/lextraordinaire-imagination-des-plantes-des-milieux-arides","title":{"rendered":"L\u2019extraordinaire imagination des plantes des milieux arides"},"content":{"rendered":"<p><span style=\"color: #ff6600\"><strong>Africa-Press &#8211; C\u00f4te d&rsquo;Ivoire. <\/strong><\/span>Les plantes des zones arides sont mal connues. Elles n\u2019inte\u0301ressent en re\u0301alite\u0301 aujourd\u2019hui que les e\u0301leveurs des pays du Sud qui y poussent leurs troupeaux, ce qui repre\u0301sente tout de me\u0302me 2 milliards d\u2019humains dont 800 millions n\u2019ont que cette source de prote\u0301ines a\u0300 leur disposition. Ces ve\u0301ge\u0301taux modestes sont pourtant d\u2019une richesse insoupc\u0327onne\u0301e.<\/p>\n<p>Leurs feuilles, fleurs, tiges e\u0301pousent des formes que l\u2019on ne retrouve nulle part ailleurs et leurs cycles de vie et leur fac\u0327on d\u2019utiliser les compose\u0301s mine\u0301raux empruntent des voies bien plus originales et diverses que celles qu\u2019on rencontre dans les fore\u0302ts tropicales ou les terres agricoles tempe\u0301re\u0301es. C\u2019est ce que de\u0301montre une e\u0301tude internationale sur fonds europe\u0301ens qui a mobilise\u0301 pendant huit ans 120 scientifiques de 27 pays. Les re\u0301sultats viennent d\u2019e\u0302tre publie\u0301s dans Nature.<\/p>\n<p><b>Campagne d\u2019herborisation internationale<\/b><\/p>\n<p>Comment fonctionnent les plantes ? Comment poussent-elles ? Comment absorbent-elles les oligo-e\u0301le\u0301ments et les nutriments dont elles ont besoin ? Ces questions font l\u2019objet de travaux tre\u0300s pousse\u0301s pour les quelques dizaines de ve\u0301ge\u0301taux qui nourrissent l\u2019humanite\u0301. Mais, on ne s\u2019e\u0301tait jamais vraiment penche\u0301 sur le fonctionnement intime de ces gramine\u0301es et autres yuccas, agaves, succulentes qui re\u0301ussissent a\u0300 survivre a\u0300 des conditions climatiques et pe\u0301dologiques extre\u0302mes. Pour mieux comprendre les me\u0301canismes de leur survie, trois chercheurs, Nicolas Gross de l\u2019Institut national de recherche pour l\u2019agriculture, l\u2019alimentation et l\u2019environnement (Inrae), Yoann Pinguet du CNRS et Fernando Maestre de l\u2019Universite\u0301 Roi-Abdallah (Arabie saoudite) ont de\u0301cide\u0301 de solliciter leurs colle\u0300gues du monde entier pour une campagne d\u2019herborisation internationale.<\/p>\n<p>\u00ab\u00a0Nous avons demande\u0301 a\u0300 60 e\u0301quipes de chercheurs travaillant sur les milieux arides de 27 pays de collecter des e\u0301chantillons de plantes des zones de\u0301sertiques proches de chez eux selon le me\u0302me protocole scientifique, ce qui nous a permis de re\u0301colter 1347 spe\u0301cimens de 301 espe\u0300ces provenant de 326 placettes\u00a0\u00bb, de\u0301taille Nicolas Gross. Aucune de ces plantes ne se retrouve dans l\u2019ensemble des zones de\u0301sertiques de la plane\u0300te. Au contraire, elles se ressemblent tre\u0300s peu et pre\u0301sentent donc un fort taux d\u2019ende\u0301misme. Le \u00ab\u00a0couvert\u00a0\u00bb ve\u0301ge\u0301tal du Sahel n\u2019a rien a\u0300 voir avec celui du de\u0301sert d\u2019Atacama (Chili) ou de celui de Mongolie qui ont par ailleurs des climats tre\u0300s diffe\u0301rents.<\/p>\n<p><b>Les plantes du de\u0301sert ont une \u00ab\u00a0boi\u0302te a\u0300 outils\u00a0\u00bb bien plus fournie que celles des zones tropicales ou tempe\u0301re\u0301es<\/b><\/p>\n<p>Ces ve\u0301ge\u0301taux ont e\u0301te\u0301 envoye\u0301s apre\u0300s asse\u0300chement sous e\u0301tuve, comme pour un herbier, a\u0300 Madrid (Espagne), ou\u0300 les chercheurs ont commence\u0301 par s\u2019inte\u0301resser a\u0300 la forme de leurs feuilles, tiges et fleurs avant de proce\u0301der a\u0300 une analyse pousse\u0301e de la composition chimique de leurs cellules. 14 e\u0301le\u0301ments et oligoe\u0301le\u0301ments constituant ce que les chercheurs appellent \u00ab\u00a0l\u2019e\u0301le\u0301mentome des plantes\u00a0\u00bb ont e\u0301te\u0301 recherche\u0301s comme le calcium, le magne\u0301sium, le phosphore, l\u2019azote, le zinc, etc.<\/p>\n<p>\u00ab\u00a0Et la\u0300, nous avons eu la surprise de constater que ces &lsquo;traits fonctionnels&rsquo; de\u0301veloppe\u0301s par ces plantes e\u0301taient deux fois plus nombreux que dans des e\u0301cosyste\u0300mes plus tempe\u0301re\u0301s, s\u2019e\u0301tonne Nicolas Gross. Nous pensions auparavant que dans ces milieux extre\u0302mes, les plantes se recroquevillaient sur quelques fonctions. Au contraire, elles en inventent de nouvelles.\u00a0\u00bb<\/p>\n<p>Deux autres de\u0301couvertes interrogent. La premie\u0300re, c\u2019est que quelle que soit la latitude de la zone de\u0301sertique et ses caracte\u0301ristiques ge\u0301ographiques et pe\u0301dologiques, ce sont les me\u0302mes solutions qui sont de\u0301veloppe\u0301es par les plantes et elles sont originales: 57% de ces traits fonctionnels sont absents des plantes de milieux moins hostiles. Ensuite, il existe un seuil.<\/p>\n<p>En dessous de 400 millime\u0300tres de pluie par an, (qui repre\u0301sente la transition entre le climat semi-aride et aride) la diversite\u0301 de la \u00ab\u00a0boi\u0302te a\u0300 outils\u00a0\u00bb fonctionnelle des ve\u0301ge\u0301taux augmente de 88%. Les quelques plantes qui arrivent a\u0300 s\u2019adapter a\u0300 ce milieu se de\u0301veloppent par ta\u0302ches au sein d\u2019espaces vides du fait de l\u2019affleurement des roches ou de la pauvrete\u0301 du sol.<\/p>\n<p>\u00ab\u00a0Nous e\u0301mettons l\u2019hypothe\u0300se que c\u2019est cet isolement qui permet aux plantes de rechercher des solutions nouvelles d\u2019adaptation, expose Nicolas Gross. Dans un couvert ve\u0301ge\u0301tal dense, les plantes sont contraintes d\u2019utiliser les me\u0302mes outils fonctionnels pour gagner la compe\u0301tition pour la lumie\u0300re, les nutriments et l\u2019espace. Sans cette contrainte, les plantes des zones arides peuvent au contraire innover.\u00a0\u00bb<\/p>\n<p><b>Des te\u0301moins des premie\u0300res plantes terrestres il y a 500 millions d&rsquo;anne\u0301es ?<\/b><\/p>\n<p>Parmi la vingtaine de caracte\u0301ristiques chimiques de\u0301tecte\u0301es, certaines montrent une utilisation habile des e\u0301le\u0301ments a\u0300 disposition. Ainsi, des espe\u0300ces saturent leurs feuilles de calcium pour les rendre plus e\u0301paisses et empe\u0302cher ainsi toute perte d\u2019eau par transpiration. D\u2019autres utilisent des sels de zinc et de sodium pour retenir l\u2019eau. \u00ab\u00a0Dans l\u2019ensemble, le calcium et le magne\u0301sium sont deux e\u0301le\u0301ments tre\u0300s importants pour ces plantes\u00a0\u00bb, assure Nicolas Gross. Les chercheurs ont par ailleurs e\u0301toffe\u0301 leur analyse en comparant les plantes situe\u0301es dans des pa\u0302turages de leurs homologues en zones naturelles. Comme pour le seuil des pluies, on constate une augmentation des traits fonctionnels dans les parcours utilise\u0301s par les e\u0301leveurs.<\/p>\n<p>Ce travail bat donc en bre\u0300che de tre\u0300s nombreuses ide\u0301es rec\u0327ues. Les plantes des de\u0301serts ont bien plus de richesses physiologique et biochimique que celles des zones plus tempe\u0301re\u0301es. \u00ab\u00a0Cela devrait nous inciter a\u0300 mieux les prote\u0301ger tandis qu\u2019une meilleure connaissance de leur fonctionnement pourrait aider a\u0300 lutter contre le surpa\u0302turage qui est la raison principale de l\u2019avance\u0301e des de\u0301serts que l\u2019on constate partout dans le monde\u00a0\u00bb, estime Nicolas Gross.<\/p>\n<p>Les pale\u0301ontologues qui s\u2019inte\u0301ressent aux me\u0301canismes qui ont permis aux plantes aquatiques de s\u2019adapter aux conditions des terres e\u0301merge\u0301es il y a 500 millions d\u2019anne\u0301es auront aussi matie\u0300re a\u0300 re\u0301flexion. Ces plantes actuelles rencontrent en effet des conditions de se\u0301cheresse et de sols a\u0300 nu qui devaient e\u0302tre celles des premiers ve\u0301ge\u0301taux.<\/p>\n<p><strong>Pour plus d&rsquo;informations et d&rsquo;analyses sur la C\u00f4te d&rsquo;Ivoire, suivez Africa-Press<\/strong><\/p>\n","protected":false},"excerpt":{"rendered":"<p>Africa-Press &#8211; C\u00f4te d&rsquo;Ivoire. Les plantes des zones arides sont mal connues. Elles n\u2019inte\u0301ressent en re\u0301alite\u0301 aujourd\u2019hui que les e\u0301leveurs des pays du Sud qui y poussent leurs troupeaux, ce qui repre\u0301sente tout de me\u0302me 2 milliards d\u2019humains dont 800 millions n\u2019ont que cette source de prote\u0301ines a\u0300 leur disposition. Ces ve\u0301ge\u0301taux modestes sont pourtant [&hellip;]<\/p>\n","protected":false},"author":82,"featured_media":85180,"comment_status":"open","ping_status":"closed","sticky":false,"template":"","format":"standard","meta":{"footnotes":""},"categories":[22,10],"tags":[29],"class_list":["post-85181","post","type-post","status-publish","format-standard","has-post-thumbnail","hentry","category-divers","category-toutes-les-actualites","tag-cote-divoire"],"yoast_head":"<!-- This site is optimized with the Yoast SEO Premium plugin v26.1 (Yoast SEO v27.0) - https:\/\/yoast.com\/product\/yoast-seo-premium-wordpress\/ -->\n<title>L\u2019extraordinaire imagination des plantes des milieux arides - C\u00f4te d&#039;Ivoire<\/title>\n<meta name=\"description\" content=\"Les plantes des zones arides sont mal connues. Elles n\u2019inte\u0301ressent en re\u0301alite\u0301 aujourd\u2019hui que les e\u0301leveurs des pays ...\" \/>\n<meta name=\"robots\" content=\"index, follow, max-snippet:-1, max-image-preview:large, max-video-preview:-1\" \/>\n<link rel=\"canonical\" href=\"https:\/\/www.africa-press.net\/cotedivoire\/toutes-les-actualites\/lextraordinaire-imagination-des-plantes-des-milieux-arides\" \/>\n<meta property=\"og:locale\" content=\"fr_FR\" \/>\n<meta property=\"og:type\" content=\"article\" \/>\n<meta property=\"og:title\" content=\"L\u2019extraordinaire imagination des plantes des milieux arides\" \/>\n<meta property=\"og:description\" content=\"Les plantes des zones arides sont mal connues. Elles n\u2019inte\u0301ressent en re\u0301alite\u0301 aujourd\u2019hui que les e\u0301leveurs des pays ...\" \/>\n<meta property=\"og:url\" content=\"https:\/\/www.africa-press.net\/cotedivoire\/toutes-les-actualites\/lextraordinaire-imagination-des-plantes-des-milieux-arides\" \/>\n<meta property=\"og:site_name\" content=\"C\u00f4te d&#039;Ivoire\" \/>\n<meta property=\"article:published_time\" content=\"2024-08-09T16:32:04+00:00\" \/>\n<meta property=\"article:modified_time\" content=\"2024-08-09T17:51:20+00:00\" \/>\n<meta property=\"og:image\" content=\"https:\/\/static.africa-press.net\/cote\/sites\/43\/2024\/08\/sm_1723212572.016663.jpg\" \/>\n\t<meta property=\"og:image:width\" content=\"1200\" \/>\n\t<meta property=\"og:image:height\" content=\"899\" \/>\n\t<meta property=\"og:image:type\" content=\"image\/jpeg\" \/>\n<meta name=\"author\" content=\"cfeditorfr\" \/>\n<meta name=\"twitter:card\" content=\"summary_large_image\" \/>\n<meta name=\"twitter:label1\" content=\"\u00c9crit par\" \/>\n\t<meta name=\"twitter:data1\" content=\"cfeditorfr\" \/>\n\t<meta name=\"twitter:label2\" content=\"Dur\u00e9e de lecture estim\u00e9e\" \/>\n\t<meta name=\"twitter:data2\" content=\"5 minutes\" \/>\n<script type=\"application\/ld+json\" class=\"yoast-schema-graph\">{\"@context\":\"https:\/\/schema.org\",\"@graph\":[{\"@type\":\"Article\",\"@id\":\"https:\/\/www.africa-press.net\/cotedivoire\/toutes-les-actualites\/lextraordinaire-imagination-des-plantes-des-milieux-arides#article\",\"isPartOf\":{\"@id\":\"https:\/\/www.africa-press.net\/cotedivoire\/toutes-les-actualites\/lextraordinaire-imagination-des-plantes-des-milieux-arides\"},\"author\":{\"name\":\"cfeditorfr\",\"@id\":\"https:\/\/www.africa-press.net\/cotedivoire\/#\/schema\/person\/2b1cf3cd81a31e3cd26889ca66d677f1\"},\"headline\":\"L\u2019extraordinaire imagination des plantes des milieux arides\",\"datePublished\":\"2024-08-09T16:32:04+00:00\",\"dateModified\":\"2024-08-09T17:51:20+00:00\",\"mainEntityOfPage\":{\"@id\":\"https:\/\/www.africa-press.net\/cotedivoire\/toutes-les-actualites\/lextraordinaire-imagination-des-plantes-des-milieux-arides\"},\"wordCount\":1133,\"commentCount\":0,\"image\":{\"@id\":\"https:\/\/www.africa-press.net\/cotedivoire\/toutes-les-actualites\/lextraordinaire-imagination-des-plantes-des-milieux-arides#primaryimage\"},\"thumbnailUrl\":\"https:\/\/static.africa-press.net\/cote\/sites\/43\/2024\/08\/sm_1723212572.016663.jpg\",\"keywords\":[\"C\u00d4TE D'IVOIRE\"],\"articleSection\":[\"Divers\",\"Toutes les actualit\u00e9s\"],\"inLanguage\":\"fr-FR\",\"potentialAction\":[{\"@type\":\"CommentAction\",\"name\":\"Comment\",\"target\":[\"https:\/\/www.africa-press.net\/cotedivoire\/toutes-les-actualites\/lextraordinaire-imagination-des-plantes-des-milieux-arides#respond\"]}]},{\"@type\":\"WebPage\",\"@id\":\"https:\/\/www.africa-press.net\/cotedivoire\/toutes-les-actualites\/lextraordinaire-imagination-des-plantes-des-milieux-arides\",\"url\":\"https:\/\/www.africa-press.net\/cotedivoire\/toutes-les-actualites\/lextraordinaire-imagination-des-plantes-des-milieux-arides\",\"name\":\"L\u2019extraordinaire imagination des plantes des milieux arides - C\u00f4te d&#039;Ivoire\",\"isPartOf\":{\"@id\":\"https:\/\/www.africa-press.net\/cotedivoire\/#website\"},\"primaryImageOfPage\":{\"@id\":\"https:\/\/www.africa-press.net\/cotedivoire\/toutes-les-actualites\/lextraordinaire-imagination-des-plantes-des-milieux-arides#primaryimage\"},\"image\":{\"@id\":\"https:\/\/www.africa-press.net\/cotedivoire\/toutes-les-actualites\/lextraordinaire-imagination-des-plantes-des-milieux-arides#primaryimage\"},\"thumbnailUrl\":\"https:\/\/static.africa-press.net\/cote\/sites\/43\/2024\/08\/sm_1723212572.016663.jpg\",\"datePublished\":\"2024-08-09T16:32:04+00:00\",\"dateModified\":\"2024-08-09T17:51:20+00:00\",\"author\":{\"@id\":\"https:\/\/www.africa-press.net\/cotedivoire\/#\/schema\/person\/2b1cf3cd81a31e3cd26889ca66d677f1\"},\"description\":\"Les plantes des zones arides sont mal connues. Elles n\u2019inte\u0301ressent en re\u0301alite\u0301 aujourd\u2019hui que les e\u0301leveurs des pays ...\",\"breadcrumb\":{\"@id\":\"https:\/\/www.africa-press.net\/cotedivoire\/toutes-les-actualites\/lextraordinaire-imagination-des-plantes-des-milieux-arides#breadcrumb\"},\"inLanguage\":\"fr-FR\",\"potentialAction\":[{\"@type\":\"ReadAction\",\"target\":[\"https:\/\/www.africa-press.net\/cotedivoire\/toutes-les-actualites\/lextraordinaire-imagination-des-plantes-des-milieux-arides\"]}]},{\"@type\":\"ImageObject\",\"inLanguage\":\"fr-FR\",\"@id\":\"https:\/\/www.africa-press.net\/cotedivoire\/toutes-les-actualites\/lextraordinaire-imagination-des-plantes-des-milieux-arides#primaryimage\",\"url\":\"https:\/\/static.africa-press.net\/cote\/sites\/43\/2024\/08\/sm_1723212572.016663.jpg\",\"contentUrl\":\"https:\/\/static.africa-press.net\/cote\/sites\/43\/2024\/08\/sm_1723212572.016663.jpg\",\"width\":1200,\"height\":899,\"caption\":\"L\u2019extraordinaire imagination des plantes des milieux arides\"},{\"@type\":\"BreadcrumbList\",\"@id\":\"https:\/\/www.africa-press.net\/cotedivoire\/toutes-les-actualites\/lextraordinaire-imagination-des-plantes-des-milieux-arides#breadcrumb\",\"itemListElement\":[{\"@type\":\"ListItem\",\"position\":1,\"name\":\"Accueil\",\"item\":\"https:\/\/www.africa-press.net\/cotedivoire\/\"},{\"@type\":\"ListItem\",\"position\":2,\"name\":\"L\u2019extraordinaire imagination des plantes des milieux arides\"}]},{\"@type\":\"WebSite\",\"@id\":\"https:\/\/www.africa-press.net\/cotedivoire\/#website\",\"url\":\"https:\/\/www.africa-press.net\/cotedivoire\/\",\"name\":\"C\u00f4te d&#039;Ivoire\",\"description\":\"Just another Africa News Agency Sites site\",\"potentialAction\":[{\"@type\":\"SearchAction\",\"target\":{\"@type\":\"EntryPoint\",\"urlTemplate\":\"https:\/\/www.africa-press.net\/cotedivoire\/?s={search_term_string}\"},\"query-input\":{\"@type\":\"PropertyValueSpecification\",\"valueRequired\":true,\"valueName\":\"search_term_string\"}}],\"inLanguage\":\"fr-FR\"},{\"@type\":\"Person\",\"@id\":\"https:\/\/www.africa-press.net\/cotedivoire\/#\/schema\/person\/2b1cf3cd81a31e3cd26889ca66d677f1\",\"name\":\"cfeditorfr\"}]}<\/script>\n<!-- \/ Yoast SEO Premium plugin. -->","yoast_head_json":{"title":"L\u2019extraordinaire imagination des plantes des milieux arides - C\u00f4te d&#039;Ivoire","description":"Les plantes des zones arides sont mal connues. Elles n\u2019inte\u0301ressent en re\u0301alite\u0301 aujourd\u2019hui que les e\u0301leveurs des pays ...","robots":{"index":"index","follow":"follow","max-snippet":"max-snippet:-1","max-image-preview":"max-image-preview:large","max-video-preview":"max-video-preview:-1"},"canonical":"https:\/\/www.africa-press.net\/cotedivoire\/toutes-les-actualites\/lextraordinaire-imagination-des-plantes-des-milieux-arides","og_locale":"fr_FR","og_type":"article","og_title":"L\u2019extraordinaire imagination des plantes des milieux arides","og_description":"Les plantes des zones arides sont mal connues. Elles n\u2019inte\u0301ressent en re\u0301alite\u0301 aujourd\u2019hui que les e\u0301leveurs des pays ...","og_url":"https:\/\/www.africa-press.net\/cotedivoire\/toutes-les-actualites\/lextraordinaire-imagination-des-plantes-des-milieux-arides","og_site_name":"C\u00f4te d&#039;Ivoire","article_published_time":"2024-08-09T16:32:04+00:00","article_modified_time":"2024-08-09T17:51:20+00:00","og_image":[{"width":1200,"height":899,"url":"https:\/\/static.africa-press.net\/cote\/sites\/43\/2024\/08\/sm_1723212572.016663.jpg","type":"image\/jpeg"}],"author":"cfeditorfr","twitter_card":"summary_large_image","twitter_misc":{"\u00c9crit par":"cfeditorfr","Dur\u00e9e de lecture estim\u00e9e":"5 minutes"},"schema":{"@context":"https:\/\/schema.org","@graph":[{"@type":"Article","@id":"https:\/\/www.africa-press.net\/cotedivoire\/toutes-les-actualites\/lextraordinaire-imagination-des-plantes-des-milieux-arides#article","isPartOf":{"@id":"https:\/\/www.africa-press.net\/cotedivoire\/toutes-les-actualites\/lextraordinaire-imagination-des-plantes-des-milieux-arides"},"author":{"name":"cfeditorfr","@id":"https:\/\/www.africa-press.net\/cotedivoire\/#\/schema\/person\/2b1cf3cd81a31e3cd26889ca66d677f1"},"headline":"L\u2019extraordinaire imagination des plantes des milieux arides","datePublished":"2024-08-09T16:32:04+00:00","dateModified":"2024-08-09T17:51:20+00:00","mainEntityOfPage":{"@id":"https:\/\/www.africa-press.net\/cotedivoire\/toutes-les-actualites\/lextraordinaire-imagination-des-plantes-des-milieux-arides"},"wordCount":1133,"commentCount":0,"image":{"@id":"https:\/\/www.africa-press.net\/cotedivoire\/toutes-les-actualites\/lextraordinaire-imagination-des-plantes-des-milieux-arides#primaryimage"},"thumbnailUrl":"https:\/\/static.africa-press.net\/cote\/sites\/43\/2024\/08\/sm_1723212572.016663.jpg","keywords":["C\u00d4TE D'IVOIRE"],"articleSection":["Divers","Toutes les actualit\u00e9s"],"inLanguage":"fr-FR","potentialAction":[{"@type":"CommentAction","name":"Comment","target":["https:\/\/www.africa-press.net\/cotedivoire\/toutes-les-actualites\/lextraordinaire-imagination-des-plantes-des-milieux-arides#respond"]}]},{"@type":"WebPage","@id":"https:\/\/www.africa-press.net\/cotedivoire\/toutes-les-actualites\/lextraordinaire-imagination-des-plantes-des-milieux-arides","url":"https:\/\/www.africa-press.net\/cotedivoire\/toutes-les-actualites\/lextraordinaire-imagination-des-plantes-des-milieux-arides","name":"L\u2019extraordinaire imagination des plantes des milieux arides - C\u00f4te d&#039;Ivoire","isPartOf":{"@id":"https:\/\/www.africa-press.net\/cotedivoire\/#website"},"primaryImageOfPage":{"@id":"https:\/\/www.africa-press.net\/cotedivoire\/toutes-les-actualites\/lextraordinaire-imagination-des-plantes-des-milieux-arides#primaryimage"},"image":{"@id":"https:\/\/www.africa-press.net\/cotedivoire\/toutes-les-actualites\/lextraordinaire-imagination-des-plantes-des-milieux-arides#primaryimage"},"thumbnailUrl":"https:\/\/static.africa-press.net\/cote\/sites\/43\/2024\/08\/sm_1723212572.016663.jpg","datePublished":"2024-08-09T16:32:04+00:00","dateModified":"2024-08-09T17:51:20+00:00","author":{"@id":"https:\/\/www.africa-press.net\/cotedivoire\/#\/schema\/person\/2b1cf3cd81a31e3cd26889ca66d677f1"},"description":"Les plantes des zones arides sont mal connues. Elles n\u2019inte\u0301ressent en re\u0301alite\u0301 aujourd\u2019hui que les e\u0301leveurs des pays ...","breadcrumb":{"@id":"https:\/\/www.africa-press.net\/cotedivoire\/toutes-les-actualites\/lextraordinaire-imagination-des-plantes-des-milieux-arides#breadcrumb"},"inLanguage":"fr-FR","potentialAction":[{"@type":"ReadAction","target":["https:\/\/www.africa-press.net\/cotedivoire\/toutes-les-actualites\/lextraordinaire-imagination-des-plantes-des-milieux-arides"]}]},{"@type":"ImageObject","inLanguage":"fr-FR","@id":"https:\/\/www.africa-press.net\/cotedivoire\/toutes-les-actualites\/lextraordinaire-imagination-des-plantes-des-milieux-arides#primaryimage","url":"https:\/\/static.africa-press.net\/cote\/sites\/43\/2024\/08\/sm_1723212572.016663.jpg","contentUrl":"https:\/\/static.africa-press.net\/cote\/sites\/43\/2024\/08\/sm_1723212572.016663.jpg","width":1200,"height":899,"caption":"L\u2019extraordinaire imagination des plantes des milieux arides"},{"@type":"BreadcrumbList","@id":"https:\/\/www.africa-press.net\/cotedivoire\/toutes-les-actualites\/lextraordinaire-imagination-des-plantes-des-milieux-arides#breadcrumb","itemListElement":[{"@type":"ListItem","position":1,"name":"Accueil","item":"https:\/\/www.africa-press.net\/cotedivoire\/"},{"@type":"ListItem","position":2,"name":"L\u2019extraordinaire imagination des plantes des milieux arides"}]},{"@type":"WebSite","@id":"https:\/\/www.africa-press.net\/cotedivoire\/#website","url":"https:\/\/www.africa-press.net\/cotedivoire\/","name":"C\u00f4te d&#039;Ivoire","description":"Just another Africa News Agency Sites site","potentialAction":[{"@type":"SearchAction","target":{"@type":"EntryPoint","urlTemplate":"https:\/\/www.africa-press.net\/cotedivoire\/?s={search_term_string}"},"query-input":{"@type":"PropertyValueSpecification","valueRequired":true,"valueName":"search_term_string"}}],"inLanguage":"fr-FR"},{"@type":"Person","@id":"https:\/\/www.africa-press.net\/cotedivoire\/#\/schema\/person\/2b1cf3cd81a31e3cd26889ca66d677f1","name":"cfeditorfr"}]}},"_links":{"self":[{"href":"https:\/\/www.africa-press.net\/cotedivoire\/wp-json\/wp\/v2\/posts\/85181","targetHints":{"allow":["GET"]}}],"collection":[{"href":"https:\/\/www.africa-press.net\/cotedivoire\/wp-json\/wp\/v2\/posts"}],"about":[{"href":"https:\/\/www.africa-press.net\/cotedivoire\/wp-json\/wp\/v2\/types\/post"}],"author":[{"embeddable":true,"href":"https:\/\/www.africa-press.net\/cotedivoire\/wp-json\/wp\/v2\/users\/82"}],"replies":[{"embeddable":true,"href":"https:\/\/www.africa-press.net\/cotedivoire\/wp-json\/wp\/v2\/comments?post=85181"}],"version-history":[{"count":0,"href":"https:\/\/www.africa-press.net\/cotedivoire\/wp-json\/wp\/v2\/posts\/85181\/revisions"}],"wp:featuredmedia":[{"embeddable":true,"href":"https:\/\/www.africa-press.net\/cotedivoire\/wp-json\/wp\/v2\/media\/85180"}],"wp:attachment":[{"href":"https:\/\/www.africa-press.net\/cotedivoire\/wp-json\/wp\/v2\/media?parent=85181"}],"wp:term":[{"taxonomy":"category","embeddable":true,"href":"https:\/\/www.africa-press.net\/cotedivoire\/wp-json\/wp\/v2\/categories?post=85181"},{"taxonomy":"post_tag","embeddable":true,"href":"https:\/\/www.africa-press.net\/cotedivoire\/wp-json\/wp\/v2\/tags?post=85181"}],"curies":[{"name":"wp","href":"https:\/\/api.w.org\/{rel}","templated":true}]}}