{"id":8561,"date":"2021-06-04T16:56:52","date_gmt":"2021-06-04T16:56:52","guid":{"rendered":"https:\/\/www.africa-press.net\/cotedivoire\/?p=8561"},"modified":"2021-06-05T06:23:22","modified_gmt":"2021-06-05T06:23:22","slug":"des-medias-etrangers-envisagent-de-ne-plus-couvrir-dactivites-au-siege-du-pdci-en-cote-divoire","status":"publish","type":"post","link":"https:\/\/www.africa-press.net\/cotedivoire\/politique\/des-medias-etrangers-envisagent-de-ne-plus-couvrir-dactivites-au-siege-du-pdci-en-cote-divoire","title":{"rendered":"Des m\u00e9dias \u00e9trangers envisagent de ne plus couvrir d\u2019activit\u00e9s au si\u00e8ge du PDCI en C\u00f4te-d\u2019Ivoire"},"content":{"rendered":"<p><span style=\"color: #ff6600\"><strong><a href=\"https:\/\/www.africa-press.net\/\">Africa-Press<\/a> &#8211; <a href=\"https:\/\/www.africa-press.net\/cotedivoire\">C\u00f4te d&rsquo;Ivoire<\/a>.\u00a0 <\/strong><\/span>Les m\u00e9dias membres de l\u2019Association de la presse \u00e9trang\u00e8re en C\u00f4te d\u2019Ivoire (APECI) ont d\u00e9clar\u00e9 vendredi \u00e0 Adidjan \u00ab envisager de ne plus couvrir d\u2019\u00e9v\u00e9nements au si\u00e8ge \u00bb du Parti d\u00e9mocratique de C\u00f4te d\u2019Ivoire (PDCI, opposition) sis dans la commune hupp\u00e9e de Cocody (Abidjan-Nord), suite \u00e0 l\u2019agression de journalistes mercredi par des jeunes du parti.<\/p>\n<p>\u00ab Les m\u00e9dias membres de l\u2019APECI envisagent de ne plus couvrir d\u2019\u00e9v\u00e8nements au si\u00e8ge du PDCI RDA tant qu\u2019il n\u2019y aura pas de garantie sur la s\u00e9curit\u00e9 des journalistes \u00bb, peut-on lire dans une note sign\u00e9e de la pr\u00e9sidente de l\u2019APECI, M\u2019ma Camara.<\/p>\n<p>Jeudi, des journalistes invit\u00e9s au si\u00e8ge du PDCI-RDA pour une conf\u00e9rence de presse, ont accus\u00e9 un groupe de jeunes avec \u00e0 leur t\u00eate, Innocent Yao, pr\u00e9sident de la jeunesse rurale du PDCI, de les avoir agress\u00e9, alors qu\u2019ils attendaient le compte-rendu d\u2019une rencontre entre la direction du parti et le ministre de la R\u00e9conciliation nationale, Kouadio Konan Bertin (KKB).<\/p>\n<p>Parmi ces journalistes, un membre de l\u2019APECI, Fran\u00e7ois Hume Ferkatadji qui couvrait l\u2019\u00e9v\u00e9nement pour RFI.<\/p>\n<p>Tout en se r\u00e9servant \u00ab le droit de donner des suites judiciaires \u00e0 cette agression \u00bb, l\u2019APECI condamne cette \u00ab atteinte gravissime \u00e0 la libert\u00e9 de la presse \u00bb.<\/p>\n<p>&nbsp;<\/p>\n","protected":false},"excerpt":{"rendered":"<p>Africa-Press &#8211; C\u00f4te d&rsquo;Ivoire.\u00a0 Les m\u00e9dias membres de l\u2019Association de la presse \u00e9trang\u00e8re en C\u00f4te d\u2019Ivoire (APECI) ont d\u00e9clar\u00e9 vendredi \u00e0 Adidjan \u00ab envisager de ne plus couvrir d\u2019\u00e9v\u00e9nements au si\u00e8ge \u00bb du Parti d\u00e9mocratique de C\u00f4te d\u2019Ivoire (PDCI, opposition) sis dans la commune hupp\u00e9e de Cocody (Abidjan-Nord), suite \u00e0 l\u2019agression de journalistes mercredi par [&hellip;]<\/p>\n","protected":false},"author":82,"featured_media":8560,"comment_status":"open","ping_status":"closed","sticky":false,"template":"","format":"standard","meta":{"footnotes":""},"categories":[11,2,20,10],"tags":[56,63,29],"class_list":["post-8561","post","type-post","status-publish","format-standard","has-post-thumbnail","hentry","category-homepage-french","category-politique","category-top-nouvelles","category-toutes-les-actualites","tag-africa-press","tag-africa-press-cote-divoire","tag-cote-divoire"],"yoast_head":"<!-- This site is optimized with the Yoast SEO Premium plugin v26.1 (Yoast SEO v27.0) - https:\/\/yoast.com\/product\/yoast-seo-premium-wordpress\/ -->\n<title>Des m\u00e9dias \u00e9trangers envisagent de ne plus couvrir d\u2019activit\u00e9s au si\u00e8ge du PDCI en C\u00f4te-d\u2019Ivoire - C\u00f4te d&#039;Ivoire<\/title>\n<meta name=\"description\" content=\"Jocelyne LIADE Les m\u00e9dias membres de l\u2019Association de la presse \u00e9trang\u00e8re en C\u00f4te d\u2019Ivoire (APECI) ont d\u00e9clar\u00e9 vendredi ...\" \/>\n<meta name=\"robots\" content=\"index, follow, max-snippet:-1, max-image-preview:large, max-video-preview:-1\" \/>\n<link rel=\"canonical\" href=\"https:\/\/www.africa-press.net\/cotedivoire\/politique\/des-medias-etrangers-envisagent-de-ne-plus-couvrir-dactivites-au-siege-du-pdci-en-cote-divoire\" \/>\n<meta property=\"og:locale\" content=\"fr_FR\" \/>\n<meta property=\"og:type\" content=\"article\" \/>\n<meta property=\"og:title\" content=\"Des m\u00e9dias \u00e9trangers envisagent de ne plus couvrir d\u2019activit\u00e9s au si\u00e8ge du PDCI en C\u00f4te-d\u2019Ivoire\" \/>\n<meta property=\"og:description\" content=\"Jocelyne LIADE Les m\u00e9dias membres de l\u2019Association de la presse \u00e9trang\u00e8re en C\u00f4te d\u2019Ivoire (APECI) ont d\u00e9clar\u00e9 vendredi ...\" \/>\n<meta property=\"og:url\" content=\"https:\/\/www.africa-press.net\/cotedivoire\/politique\/des-medias-etrangers-envisagent-de-ne-plus-couvrir-dactivites-au-siege-du-pdci-en-cote-divoire\" \/>\n<meta property=\"og:site_name\" content=\"C\u00f4te d&#039;Ivoire\" \/>\n<meta property=\"article:published_time\" content=\"2021-06-04T16:56:52+00:00\" \/>\n<meta property=\"article:modified_time\" content=\"2021-06-05T06:23:22+00:00\" \/>\n<meta property=\"og:image\" content=\"https:\/\/static.africa-press.net\/cote\/sites\/43\/2021\/06\/img-60ba512e52767.jpg\" \/>\n\t<meta property=\"og:image:width\" content=\"1280\" \/>\n\t<meta property=\"og:image:height\" content=\"720\" \/>\n\t<meta property=\"og:image:type\" content=\"image\/jpeg\" \/>\n<meta name=\"author\" content=\"cfeditorfr\" \/>\n<meta name=\"twitter:card\" content=\"summary_large_image\" \/>\n<meta name=\"twitter:label1\" content=\"\u00c9crit par\" \/>\n\t<meta name=\"twitter:data1\" content=\"cfeditorfr\" \/>\n\t<meta name=\"twitter:label2\" content=\"Dur\u00e9e de lecture estim\u00e9e\" \/>\n\t<meta name=\"twitter:data2\" content=\"1 minute\" \/>\n<script type=\"application\/ld+json\" class=\"yoast-schema-graph\">{\"@context\":\"https:\/\/schema.org\",\"@graph\":[{\"@type\":\"Article\",\"@id\":\"https:\/\/www.africa-press.net\/cotedivoire\/politique\/des-medias-etrangers-envisagent-de-ne-plus-couvrir-dactivites-au-siege-du-pdci-en-cote-divoire#article\",\"isPartOf\":{\"@id\":\"https:\/\/www.africa-press.net\/cotedivoire\/politique\/des-medias-etrangers-envisagent-de-ne-plus-couvrir-dactivites-au-siege-du-pdci-en-cote-divoire\"},\"author\":{\"name\":\"cfeditorfr\",\"@id\":\"https:\/\/www.africa-press.net\/cotedivoire\/#\/schema\/person\/2b1cf3cd81a31e3cd26889ca66d677f1\"},\"headline\":\"Des m\u00e9dias \u00e9trangers envisagent de ne plus couvrir d\u2019activit\u00e9s au si\u00e8ge du PDCI en C\u00f4te-d\u2019Ivoire\",\"datePublished\":\"2021-06-04T16:56:52+00:00\",\"dateModified\":\"2021-06-05T06:23:22+00:00\",\"mainEntityOfPage\":{\"@id\":\"https:\/\/www.africa-press.net\/cotedivoire\/politique\/des-medias-etrangers-envisagent-de-ne-plus-couvrir-dactivites-au-siege-du-pdci-en-cote-divoire\"},\"wordCount\":256,\"commentCount\":0,\"image\":{\"@id\":\"https:\/\/www.africa-press.net\/cotedivoire\/politique\/des-medias-etrangers-envisagent-de-ne-plus-couvrir-dactivites-au-siege-du-pdci-en-cote-divoire#primaryimage\"},\"thumbnailUrl\":\"https:\/\/static.africa-press.net\/cote\/sites\/43\/2021\/06\/img-60ba512e52767.jpg\",\"keywords\":[\"Africa Press\",\"Africa Press-C\u00f4te d'Ivoire\",\"C\u00d4TE D'IVOIRE\"],\"articleSection\":[\"homepage-french\",\"Politique\",\"Top Nouvelles\",\"Toutes les actualit\u00e9s\"],\"inLanguage\":\"fr-FR\",\"potentialAction\":[{\"@type\":\"CommentAction\",\"name\":\"Comment\",\"target\":[\"https:\/\/www.africa-press.net\/cotedivoire\/politique\/des-medias-etrangers-envisagent-de-ne-plus-couvrir-dactivites-au-siege-du-pdci-en-cote-divoire#respond\"]}]},{\"@type\":\"WebPage\",\"@id\":\"https:\/\/www.africa-press.net\/cotedivoire\/politique\/des-medias-etrangers-envisagent-de-ne-plus-couvrir-dactivites-au-siege-du-pdci-en-cote-divoire\",\"url\":\"https:\/\/www.africa-press.net\/cotedivoire\/politique\/des-medias-etrangers-envisagent-de-ne-plus-couvrir-dactivites-au-siege-du-pdci-en-cote-divoire\",\"name\":\"Des m\u00e9dias \u00e9trangers envisagent de ne plus couvrir d\u2019activit\u00e9s au si\u00e8ge du PDCI en C\u00f4te-d\u2019Ivoire - C\u00f4te d&#039;Ivoire\",\"isPartOf\":{\"@id\":\"https:\/\/www.africa-press.net\/cotedivoire\/#website\"},\"primaryImageOfPage\":{\"@id\":\"https:\/\/www.africa-press.net\/cotedivoire\/politique\/des-medias-etrangers-envisagent-de-ne-plus-couvrir-dactivites-au-siege-du-pdci-en-cote-divoire#primaryimage\"},\"image\":{\"@id\":\"https:\/\/www.africa-press.net\/cotedivoire\/politique\/des-medias-etrangers-envisagent-de-ne-plus-couvrir-dactivites-au-siege-du-pdci-en-cote-divoire#primaryimage\"},\"thumbnailUrl\":\"https:\/\/static.africa-press.net\/cote\/sites\/43\/2021\/06\/img-60ba512e52767.jpg\",\"datePublished\":\"2021-06-04T16:56:52+00:00\",\"dateModified\":\"2021-06-05T06:23:22+00:00\",\"author\":{\"@id\":\"https:\/\/www.africa-press.net\/cotedivoire\/#\/schema\/person\/2b1cf3cd81a31e3cd26889ca66d677f1\"},\"description\":\"Jocelyne LIADE Les m\u00e9dias membres de l\u2019Association de la presse \u00e9trang\u00e8re en C\u00f4te d\u2019Ivoire (APECI) ont d\u00e9clar\u00e9 vendredi ...\",\"breadcrumb\":{\"@id\":\"https:\/\/www.africa-press.net\/cotedivoire\/politique\/des-medias-etrangers-envisagent-de-ne-plus-couvrir-dactivites-au-siege-du-pdci-en-cote-divoire#breadcrumb\"},\"inLanguage\":\"fr-FR\",\"potentialAction\":[{\"@type\":\"ReadAction\",\"target\":[\"https:\/\/www.africa-press.net\/cotedivoire\/politique\/des-medias-etrangers-envisagent-de-ne-plus-couvrir-dactivites-au-siege-du-pdci-en-cote-divoire\"]}]},{\"@type\":\"ImageObject\",\"inLanguage\":\"fr-FR\",\"@id\":\"https:\/\/www.africa-press.net\/cotedivoire\/politique\/des-medias-etrangers-envisagent-de-ne-plus-couvrir-dactivites-au-siege-du-pdci-en-cote-divoire#primaryimage\",\"url\":\"https:\/\/static.africa-press.net\/cote\/sites\/43\/2021\/06\/img-60ba512e52767.jpg\",\"contentUrl\":\"https:\/\/static.africa-press.net\/cote\/sites\/43\/2021\/06\/img-60ba512e52767.jpg\",\"width\":1280,\"height\":720,\"caption\":\"Des m\u00e9dias \u00e9trangers envisagent de ne plus couvrir d\u2019activit\u00e9s au si\u00e8ge du PDCI en C\u00f4te-d\u2019Ivoire\"},{\"@type\":\"BreadcrumbList\",\"@id\":\"https:\/\/www.africa-press.net\/cotedivoire\/politique\/des-medias-etrangers-envisagent-de-ne-plus-couvrir-dactivites-au-siege-du-pdci-en-cote-divoire#breadcrumb\",\"itemListElement\":[{\"@type\":\"ListItem\",\"position\":1,\"name\":\"Accueil\",\"item\":\"https:\/\/www.africa-press.net\/cotedivoire\/\"},{\"@type\":\"ListItem\",\"position\":2,\"name\":\"Des m\u00e9dias \u00e9trangers envisagent de ne plus couvrir d\u2019activit\u00e9s au si\u00e8ge du PDCI en C\u00f4te-d\u2019Ivoire\"}]},{\"@type\":\"WebSite\",\"@id\":\"https:\/\/www.africa-press.net\/cotedivoire\/#website\",\"url\":\"https:\/\/www.africa-press.net\/cotedivoire\/\",\"name\":\"C\u00f4te d&#039;Ivoire\",\"description\":\"Just another Africa News Agency Sites site\",\"potentialAction\":[{\"@type\":\"SearchAction\",\"target\":{\"@type\":\"EntryPoint\",\"urlTemplate\":\"https:\/\/www.africa-press.net\/cotedivoire\/?s={search_term_string}\"},\"query-input\":{\"@type\":\"PropertyValueSpecification\",\"valueRequired\":true,\"valueName\":\"search_term_string\"}}],\"inLanguage\":\"fr-FR\"},{\"@type\":\"Person\",\"@id\":\"https:\/\/www.africa-press.net\/cotedivoire\/#\/schema\/person\/2b1cf3cd81a31e3cd26889ca66d677f1\",\"name\":\"cfeditorfr\"}]}<\/script>\n<!-- \/ Yoast SEO Premium plugin. -->","yoast_head_json":{"title":"Des m\u00e9dias \u00e9trangers envisagent de ne plus couvrir d\u2019activit\u00e9s au si\u00e8ge du PDCI en C\u00f4te-d\u2019Ivoire - C\u00f4te d&#039;Ivoire","description":"Jocelyne LIADE Les m\u00e9dias membres de l\u2019Association de la presse \u00e9trang\u00e8re en C\u00f4te d\u2019Ivoire (APECI) ont d\u00e9clar\u00e9 vendredi ...","robots":{"index":"index","follow":"follow","max-snippet":"max-snippet:-1","max-image-preview":"max-image-preview:large","max-video-preview":"max-video-preview:-1"},"canonical":"https:\/\/www.africa-press.net\/cotedivoire\/politique\/des-medias-etrangers-envisagent-de-ne-plus-couvrir-dactivites-au-siege-du-pdci-en-cote-divoire","og_locale":"fr_FR","og_type":"article","og_title":"Des m\u00e9dias \u00e9trangers envisagent de ne plus couvrir d\u2019activit\u00e9s au si\u00e8ge du PDCI en C\u00f4te-d\u2019Ivoire","og_description":"Jocelyne LIADE Les m\u00e9dias membres de l\u2019Association de la presse \u00e9trang\u00e8re en C\u00f4te d\u2019Ivoire (APECI) ont d\u00e9clar\u00e9 vendredi ...","og_url":"https:\/\/www.africa-press.net\/cotedivoire\/politique\/des-medias-etrangers-envisagent-de-ne-plus-couvrir-dactivites-au-siege-du-pdci-en-cote-divoire","og_site_name":"C\u00f4te d&#039;Ivoire","article_published_time":"2021-06-04T16:56:52+00:00","article_modified_time":"2021-06-05T06:23:22+00:00","og_image":[{"width":1280,"height":720,"url":"https:\/\/static.africa-press.net\/cote\/sites\/43\/2021\/06\/img-60ba512e52767.jpg","type":"image\/jpeg"}],"author":"cfeditorfr","twitter_card":"summary_large_image","twitter_misc":{"\u00c9crit par":"cfeditorfr","Dur\u00e9e de lecture estim\u00e9e":"1 minute"},"schema":{"@context":"https:\/\/schema.org","@graph":[{"@type":"Article","@id":"https:\/\/www.africa-press.net\/cotedivoire\/politique\/des-medias-etrangers-envisagent-de-ne-plus-couvrir-dactivites-au-siege-du-pdci-en-cote-divoire#article","isPartOf":{"@id":"https:\/\/www.africa-press.net\/cotedivoire\/politique\/des-medias-etrangers-envisagent-de-ne-plus-couvrir-dactivites-au-siege-du-pdci-en-cote-divoire"},"author":{"name":"cfeditorfr","@id":"https:\/\/www.africa-press.net\/cotedivoire\/#\/schema\/person\/2b1cf3cd81a31e3cd26889ca66d677f1"},"headline":"Des m\u00e9dias \u00e9trangers envisagent de ne plus couvrir d\u2019activit\u00e9s au si\u00e8ge du PDCI en C\u00f4te-d\u2019Ivoire","datePublished":"2021-06-04T16:56:52+00:00","dateModified":"2021-06-05T06:23:22+00:00","mainEntityOfPage":{"@id":"https:\/\/www.africa-press.net\/cotedivoire\/politique\/des-medias-etrangers-envisagent-de-ne-plus-couvrir-dactivites-au-siege-du-pdci-en-cote-divoire"},"wordCount":256,"commentCount":0,"image":{"@id":"https:\/\/www.africa-press.net\/cotedivoire\/politique\/des-medias-etrangers-envisagent-de-ne-plus-couvrir-dactivites-au-siege-du-pdci-en-cote-divoire#primaryimage"},"thumbnailUrl":"https:\/\/static.africa-press.net\/cote\/sites\/43\/2021\/06\/img-60ba512e52767.jpg","keywords":["Africa Press","Africa Press-C\u00f4te d'Ivoire","C\u00d4TE D'IVOIRE"],"articleSection":["homepage-french","Politique","Top Nouvelles","Toutes les actualit\u00e9s"],"inLanguage":"fr-FR","potentialAction":[{"@type":"CommentAction","name":"Comment","target":["https:\/\/www.africa-press.net\/cotedivoire\/politique\/des-medias-etrangers-envisagent-de-ne-plus-couvrir-dactivites-au-siege-du-pdci-en-cote-divoire#respond"]}]},{"@type":"WebPage","@id":"https:\/\/www.africa-press.net\/cotedivoire\/politique\/des-medias-etrangers-envisagent-de-ne-plus-couvrir-dactivites-au-siege-du-pdci-en-cote-divoire","url":"https:\/\/www.africa-press.net\/cotedivoire\/politique\/des-medias-etrangers-envisagent-de-ne-plus-couvrir-dactivites-au-siege-du-pdci-en-cote-divoire","name":"Des m\u00e9dias \u00e9trangers envisagent de ne plus couvrir d\u2019activit\u00e9s au si\u00e8ge du PDCI en C\u00f4te-d\u2019Ivoire - C\u00f4te d&#039;Ivoire","isPartOf":{"@id":"https:\/\/www.africa-press.net\/cotedivoire\/#website"},"primaryImageOfPage":{"@id":"https:\/\/www.africa-press.net\/cotedivoire\/politique\/des-medias-etrangers-envisagent-de-ne-plus-couvrir-dactivites-au-siege-du-pdci-en-cote-divoire#primaryimage"},"image":{"@id":"https:\/\/www.africa-press.net\/cotedivoire\/politique\/des-medias-etrangers-envisagent-de-ne-plus-couvrir-dactivites-au-siege-du-pdci-en-cote-divoire#primaryimage"},"thumbnailUrl":"https:\/\/static.africa-press.net\/cote\/sites\/43\/2021\/06\/img-60ba512e52767.jpg","datePublished":"2021-06-04T16:56:52+00:00","dateModified":"2021-06-05T06:23:22+00:00","author":{"@id":"https:\/\/www.africa-press.net\/cotedivoire\/#\/schema\/person\/2b1cf3cd81a31e3cd26889ca66d677f1"},"description":"Jocelyne LIADE Les m\u00e9dias membres de l\u2019Association de la presse \u00e9trang\u00e8re en C\u00f4te d\u2019Ivoire (APECI) ont d\u00e9clar\u00e9 vendredi ...","breadcrumb":{"@id":"https:\/\/www.africa-press.net\/cotedivoire\/politique\/des-medias-etrangers-envisagent-de-ne-plus-couvrir-dactivites-au-siege-du-pdci-en-cote-divoire#breadcrumb"},"inLanguage":"fr-FR","potentialAction":[{"@type":"ReadAction","target":["https:\/\/www.africa-press.net\/cotedivoire\/politique\/des-medias-etrangers-envisagent-de-ne-plus-couvrir-dactivites-au-siege-du-pdci-en-cote-divoire"]}]},{"@type":"ImageObject","inLanguage":"fr-FR","@id":"https:\/\/www.africa-press.net\/cotedivoire\/politique\/des-medias-etrangers-envisagent-de-ne-plus-couvrir-dactivites-au-siege-du-pdci-en-cote-divoire#primaryimage","url":"https:\/\/static.africa-press.net\/cote\/sites\/43\/2021\/06\/img-60ba512e52767.jpg","contentUrl":"https:\/\/static.africa-press.net\/cote\/sites\/43\/2021\/06\/img-60ba512e52767.jpg","width":1280,"height":720,"caption":"Des m\u00e9dias \u00e9trangers envisagent de ne plus couvrir d\u2019activit\u00e9s au si\u00e8ge du PDCI en C\u00f4te-d\u2019Ivoire"},{"@type":"BreadcrumbList","@id":"https:\/\/www.africa-press.net\/cotedivoire\/politique\/des-medias-etrangers-envisagent-de-ne-plus-couvrir-dactivites-au-siege-du-pdci-en-cote-divoire#breadcrumb","itemListElement":[{"@type":"ListItem","position":1,"name":"Accueil","item":"https:\/\/www.africa-press.net\/cotedivoire\/"},{"@type":"ListItem","position":2,"name":"Des m\u00e9dias \u00e9trangers envisagent de ne plus couvrir d\u2019activit\u00e9s au si\u00e8ge du PDCI en C\u00f4te-d\u2019Ivoire"}]},{"@type":"WebSite","@id":"https:\/\/www.africa-press.net\/cotedivoire\/#website","url":"https:\/\/www.africa-press.net\/cotedivoire\/","name":"C\u00f4te d&#039;Ivoire","description":"Just another Africa News Agency Sites site","potentialAction":[{"@type":"SearchAction","target":{"@type":"EntryPoint","urlTemplate":"https:\/\/www.africa-press.net\/cotedivoire\/?s={search_term_string}"},"query-input":{"@type":"PropertyValueSpecification","valueRequired":true,"valueName":"search_term_string"}}],"inLanguage":"fr-FR"},{"@type":"Person","@id":"https:\/\/www.africa-press.net\/cotedivoire\/#\/schema\/person\/2b1cf3cd81a31e3cd26889ca66d677f1","name":"cfeditorfr"}]}},"_links":{"self":[{"href":"https:\/\/www.africa-press.net\/cotedivoire\/wp-json\/wp\/v2\/posts\/8561","targetHints":{"allow":["GET"]}}],"collection":[{"href":"https:\/\/www.africa-press.net\/cotedivoire\/wp-json\/wp\/v2\/posts"}],"about":[{"href":"https:\/\/www.africa-press.net\/cotedivoire\/wp-json\/wp\/v2\/types\/post"}],"author":[{"embeddable":true,"href":"https:\/\/www.africa-press.net\/cotedivoire\/wp-json\/wp\/v2\/users\/82"}],"replies":[{"embeddable":true,"href":"https:\/\/www.africa-press.net\/cotedivoire\/wp-json\/wp\/v2\/comments?post=8561"}],"version-history":[{"count":0,"href":"https:\/\/www.africa-press.net\/cotedivoire\/wp-json\/wp\/v2\/posts\/8561\/revisions"}],"wp:featuredmedia":[{"embeddable":true,"href":"https:\/\/www.africa-press.net\/cotedivoire\/wp-json\/wp\/v2\/media\/8560"}],"wp:attachment":[{"href":"https:\/\/www.africa-press.net\/cotedivoire\/wp-json\/wp\/v2\/media?parent=8561"}],"wp:term":[{"taxonomy":"category","embeddable":true,"href":"https:\/\/www.africa-press.net\/cotedivoire\/wp-json\/wp\/v2\/categories?post=8561"},{"taxonomy":"post_tag","embeddable":true,"href":"https:\/\/www.africa-press.net\/cotedivoire\/wp-json\/wp\/v2\/tags?post=8561"}],"curies":[{"name":"wp","href":"https:\/\/api.w.org\/{rel}","templated":true}]}}