{"id":85638,"date":"2024-08-22T16:19:01","date_gmt":"2024-08-22T16:19:01","guid":{"rendered":"https:\/\/www.africa-press.net\/cotedivoire\/politique\/condamnation-de-deux-cadres-de-gps-par-la-justice-ivoirienne-le-ppa-ci-de-gbagbo-denonce-une-instrumentalisation-politique"},"modified":"2024-08-22T17:03:04","modified_gmt":"2024-08-22T17:03:04","slug":"condamnation-de-deux-cadres-de-gps-par-la-justice-ivoirienne-le-ppa-ci-de-gbagbo-denonce-une-instrumentalisation-politique","status":"publish","type":"post","link":"https:\/\/www.africa-press.net\/cotedivoire\/politique\/condamnation-de-deux-cadres-de-gps-par-la-justice-ivoirienne-le-ppa-ci-de-gbagbo-denonce-une-instrumentalisation-politique","title":{"rendered":"Condamnation de deux cadres de GPS par la justice ivoirienne, le PPA-CI de Gbagbo d\u00e9nonce une instrumentalisation politique"},"content":{"rendered":"<p><span style=\"color: #ff6600\"><strong>Africa-Press &#8211; C\u00f4te d&rsquo;Ivoire. <\/strong><\/span>Le mercredi 21 aou\u0302t 2024, Kando Soumahoro, ancien de\u0301pute\u0301 et cadre du parti Ge\u0301ne\u0301rations et Peuples Solidaires (GPS), a e\u0301te\u0301 condamne\u0301 par la justice ivoirienne a\u0300 une peine de 36 mois de prison, dont 24 mois fermes et 12 mois avec sursis. Cette condamnation survient apre\u0300s son arrestation le 13 aou\u0302t dernier, suite a\u0300 sa participation a\u0300 une rencontre initie\u0301e par plusieurs partis politiques d&rsquo;opposition et des organisations de la socie\u0301te\u0301 civile. Cette re\u0301union avait pour objectif de signer une de\u0301claration sur les conditions ge\u0301ne\u0301rales de pre\u0301paration du processus e\u0301lectoral pour la pre\u0301sidentielle de 2025.<\/p>\n<p>Cette sentence s\u2019inscrit dans un contexte tendu, marque\u0301 e\u0301galement par la condamnation de Mamadou Traore\u0301, un autre cadre du GPS, intervenue une semaine plus to\u0302t. Traore\u0301, arre\u0302te\u0301 le 9 aou\u0302t et condamne\u0301 le 16 aou\u0302t 2024, avait e\u0301te\u0301 accuse\u0301 de trouble a\u0300 l&rsquo;ordre public en lien avec la diffusion pre\u0301sume\u0301e de fausses informations sur les re\u0301seaux sociaux.<\/p>\n<p>Le Parti des Peuples Africains-Co\u0302te d&rsquo;Ivoire (PPA-CI) a re\u0301agi vigoureusement a\u0300 ces de\u0301cisions judiciaires, estimant qu&rsquo;elles constituent des atteintes graves aux liberte\u0301s d&rsquo;opinion et d&rsquo;expression, a\u0300 quelques mois de l&rsquo;e\u0301lection pre\u0301sidentielle pre\u0301vue en octobre 2025.<\/p>\n<p>Dans un communique\u0301 parvenu a\u0300 KOACI, le PPA-CI, estime que ces condamnations ne sont rien d&rsquo;autre qu&rsquo;une instrumentalisation de la justice pour intimider et brimer l&rsquo;opposition politique.<\/p>\n<p>Le parti de Gbagbo a fermement condamne\u0301 ces pratiques, qu&rsquo;il qualifie de dictatoriales, attribuant la responsabilite\u0301 au re\u0301gime du Rassemblement des Houphoue\u0308tistes pour la De\u0301mocratie et la Paix (RHDP). Le parti a e\u0301galement exprime\u0301 sa solidarite\u0301 envers les cadres du GPS, qu&rsquo;il conside\u0300re comme e\u0301tant injustement emprisonne\u0301s.<\/p>\n<p>En conclusion, le PPA-CI a lance\u0301 un appel urgent au gouvernement pour qu&rsquo;il mette fin a\u0300 ces me\u0301thodes re\u0301pressives visant a\u0300 museler l&rsquo;opposition politique, et a exige\u0301 la libe\u0301ration imme\u0301diate des personnes incarce\u0301re\u0301es. Il a alerte\u0301 l&rsquo;opinion publique nationale et internationale sur les risques de de\u0301gradation du climat sociopolitique en Co\u0302te d&rsquo;Ivoire, qu&rsquo;il attribue a\u0300 ces violations re\u0301pe\u0301te\u0301es des liberte\u0301s fondamentales par le re\u0301gime en place.<\/p>\n<p><strong>Pour plus d&rsquo;informations et d&rsquo;analyses sur la C\u00f4te d&rsquo;Ivoire, suivez Africa-Press<\/strong><\/p>\n","protected":false},"excerpt":{"rendered":"<p>Africa-Press &#8211; C\u00f4te d&rsquo;Ivoire. Le mercredi 21 aou\u0302t 2024, Kando Soumahoro, ancien de\u0301pute\u0301 et cadre du parti Ge\u0301ne\u0301rations et Peuples Solidaires (GPS), a e\u0301te\u0301 condamne\u0301 par la justice ivoirienne a\u0300 une peine de 36 mois de prison, dont 24 mois fermes et 12 mois avec sursis. Cette condamnation survient apre\u0300s son arrestation le 13 aou\u0302t [&hellip;]<\/p>\n","protected":false},"author":82,"featured_media":85637,"comment_status":"open","ping_status":"closed","sticky":false,"template":"","format":"standard","meta":{"footnotes":""},"categories":[2,20,10],"tags":[29,320,1163,55,14529,2244,363,1952,1086],"class_list":["post-85638","post","type-post","status-publish","format-standard","has-post-thumbnail","hentry","category-politique","category-top-nouvelles","category-toutes-les-actualites","tag-cote-divoire","tag-gbagbo","tag-gps","tag-justice","tag-kando","tag-mamadou","tag-parti","tag-ppa-ci","tag-soro"],"yoast_head":"<!-- This site is optimized with the Yoast SEO Premium plugin v26.1 (Yoast SEO v27.0) - https:\/\/yoast.com\/product\/yoast-seo-premium-wordpress\/ -->\n<title>Condamnation de deux cadres de GPS par la justice ivoirienne, le PPA-CI de Gbagbo d\u00e9nonce une instrumentalisation politique - C\u00f4te d&#039;Ivoire<\/title>\n<meta name=\"description\" content=\"Le mercredi 21 aou\u0302t 2024, Kando Soumahoro, ancien de\u0301pute\u0301 et cadre du parti Ge\u0301ne\u0301rations et Peuples Solidaires (GPS), ...\" \/>\n<meta name=\"robots\" content=\"index, follow, max-snippet:-1, max-image-preview:large, max-video-preview:-1\" \/>\n<link rel=\"canonical\" href=\"https:\/\/www.africa-press.net\/cotedivoire\/politique\/condamnation-de-deux-cadres-de-gps-par-la-justice-ivoirienne-le-ppa-ci-de-gbagbo-denonce-une-instrumentalisation-politique\" \/>\n<meta property=\"og:locale\" content=\"fr_FR\" \/>\n<meta property=\"og:type\" content=\"article\" \/>\n<meta property=\"og:title\" content=\"Condamnation de deux cadres de GPS par la justice ivoirienne, le PPA-CI de Gbagbo d\u00e9nonce une instrumentalisation politique\" \/>\n<meta property=\"og:description\" content=\"Le mercredi 21 aou\u0302t 2024, Kando Soumahoro, ancien de\u0301pute\u0301 et cadre du parti Ge\u0301ne\u0301rations et Peuples Solidaires (GPS), ...\" \/>\n<meta property=\"og:url\" content=\"https:\/\/www.africa-press.net\/cotedivoire\/politique\/condamnation-de-deux-cadres-de-gps-par-la-justice-ivoirienne-le-ppa-ci-de-gbagbo-denonce-une-instrumentalisation-politique\" \/>\n<meta property=\"og:site_name\" content=\"C\u00f4te d&#039;Ivoire\" \/>\n<meta property=\"article:published_time\" content=\"2024-08-22T16:19:01+00:00\" \/>\n<meta property=\"article:modified_time\" content=\"2024-08-22T17:03:04+00:00\" \/>\n<meta property=\"og:image\" content=\"https:\/\/static.africa-press.net\/cote\/sites\/43\/2024\/08\/sm_1724333564.239915.jpg\" \/>\n\t<meta property=\"og:image:width\" content=\"720\" \/>\n\t<meta property=\"og:image:height\" content=\"380\" \/>\n\t<meta property=\"og:image:type\" content=\"image\/jpeg\" \/>\n<meta name=\"author\" content=\"cfeditorfr\" \/>\n<meta name=\"twitter:card\" content=\"summary_large_image\" \/>\n<meta name=\"twitter:label1\" content=\"\u00c9crit par\" \/>\n\t<meta name=\"twitter:data1\" content=\"cfeditorfr\" \/>\n\t<meta name=\"twitter:label2\" content=\"Dur\u00e9e de lecture estim\u00e9e\" \/>\n\t<meta name=\"twitter:data2\" content=\"2 minutes\" \/>\n<script type=\"application\/ld+json\" class=\"yoast-schema-graph\">{\"@context\":\"https:\/\/schema.org\",\"@graph\":[{\"@type\":\"Article\",\"@id\":\"https:\/\/www.africa-press.net\/cotedivoire\/politique\/condamnation-de-deux-cadres-de-gps-par-la-justice-ivoirienne-le-ppa-ci-de-gbagbo-denonce-une-instrumentalisation-politique#article\",\"isPartOf\":{\"@id\":\"https:\/\/www.africa-press.net\/cotedivoire\/politique\/condamnation-de-deux-cadres-de-gps-par-la-justice-ivoirienne-le-ppa-ci-de-gbagbo-denonce-une-instrumentalisation-politique\"},\"author\":{\"name\":\"cfeditorfr\",\"@id\":\"https:\/\/www.africa-press.net\/cotedivoire\/#\/schema\/person\/2b1cf3cd81a31e3cd26889ca66d677f1\"},\"headline\":\"Condamnation de deux cadres de GPS par la justice ivoirienne, le PPA-CI de Gbagbo d\u00e9nonce une instrumentalisation politique\",\"datePublished\":\"2024-08-22T16:19:01+00:00\",\"dateModified\":\"2024-08-22T17:03:04+00:00\",\"mainEntityOfPage\":{\"@id\":\"https:\/\/www.africa-press.net\/cotedivoire\/politique\/condamnation-de-deux-cadres-de-gps-par-la-justice-ivoirienne-le-ppa-ci-de-gbagbo-denonce-une-instrumentalisation-politique\"},\"wordCount\":426,\"commentCount\":0,\"image\":{\"@id\":\"https:\/\/www.africa-press.net\/cotedivoire\/politique\/condamnation-de-deux-cadres-de-gps-par-la-justice-ivoirienne-le-ppa-ci-de-gbagbo-denonce-une-instrumentalisation-politique#primaryimage\"},\"thumbnailUrl\":\"https:\/\/static.africa-press.net\/cote\/sites\/43\/2024\/08\/sm_1724333564.239915.jpg\",\"keywords\":[\"C\u00d4TE D'IVOIRE\",\"Gbagbo\",\"GPS\",\"Justice\",\"Kando\",\"Mamadou\",\"Parti\",\"PPA-CI\",\"Soro\"],\"articleSection\":[\"Politique\",\"Top Nouvelles\",\"Toutes les actualit\u00e9s\"],\"inLanguage\":\"fr-FR\",\"potentialAction\":[{\"@type\":\"CommentAction\",\"name\":\"Comment\",\"target\":[\"https:\/\/www.africa-press.net\/cotedivoire\/politique\/condamnation-de-deux-cadres-de-gps-par-la-justice-ivoirienne-le-ppa-ci-de-gbagbo-denonce-une-instrumentalisation-politique#respond\"]}]},{\"@type\":\"WebPage\",\"@id\":\"https:\/\/www.africa-press.net\/cotedivoire\/politique\/condamnation-de-deux-cadres-de-gps-par-la-justice-ivoirienne-le-ppa-ci-de-gbagbo-denonce-une-instrumentalisation-politique\",\"url\":\"https:\/\/www.africa-press.net\/cotedivoire\/politique\/condamnation-de-deux-cadres-de-gps-par-la-justice-ivoirienne-le-ppa-ci-de-gbagbo-denonce-une-instrumentalisation-politique\",\"name\":\"Condamnation de deux cadres de GPS par la justice ivoirienne, le PPA-CI de Gbagbo d\u00e9nonce une instrumentalisation politique - C\u00f4te d&#039;Ivoire\",\"isPartOf\":{\"@id\":\"https:\/\/www.africa-press.net\/cotedivoire\/#website\"},\"primaryImageOfPage\":{\"@id\":\"https:\/\/www.africa-press.net\/cotedivoire\/politique\/condamnation-de-deux-cadres-de-gps-par-la-justice-ivoirienne-le-ppa-ci-de-gbagbo-denonce-une-instrumentalisation-politique#primaryimage\"},\"image\":{\"@id\":\"https:\/\/www.africa-press.net\/cotedivoire\/politique\/condamnation-de-deux-cadres-de-gps-par-la-justice-ivoirienne-le-ppa-ci-de-gbagbo-denonce-une-instrumentalisation-politique#primaryimage\"},\"thumbnailUrl\":\"https:\/\/static.africa-press.net\/cote\/sites\/43\/2024\/08\/sm_1724333564.239915.jpg\",\"datePublished\":\"2024-08-22T16:19:01+00:00\",\"dateModified\":\"2024-08-22T17:03:04+00:00\",\"author\":{\"@id\":\"https:\/\/www.africa-press.net\/cotedivoire\/#\/schema\/person\/2b1cf3cd81a31e3cd26889ca66d677f1\"},\"description\":\"Le mercredi 21 aou\u0302t 2024, Kando Soumahoro, ancien de\u0301pute\u0301 et cadre du parti Ge\u0301ne\u0301rations et Peuples Solidaires (GPS), ...\",\"breadcrumb\":{\"@id\":\"https:\/\/www.africa-press.net\/cotedivoire\/politique\/condamnation-de-deux-cadres-de-gps-par-la-justice-ivoirienne-le-ppa-ci-de-gbagbo-denonce-une-instrumentalisation-politique#breadcrumb\"},\"inLanguage\":\"fr-FR\",\"potentialAction\":[{\"@type\":\"ReadAction\",\"target\":[\"https:\/\/www.africa-press.net\/cotedivoire\/politique\/condamnation-de-deux-cadres-de-gps-par-la-justice-ivoirienne-le-ppa-ci-de-gbagbo-denonce-une-instrumentalisation-politique\"]}]},{\"@type\":\"ImageObject\",\"inLanguage\":\"fr-FR\",\"@id\":\"https:\/\/www.africa-press.net\/cotedivoire\/politique\/condamnation-de-deux-cadres-de-gps-par-la-justice-ivoirienne-le-ppa-ci-de-gbagbo-denonce-une-instrumentalisation-politique#primaryimage\",\"url\":\"https:\/\/static.africa-press.net\/cote\/sites\/43\/2024\/08\/sm_1724333564.239915.jpg\",\"contentUrl\":\"https:\/\/static.africa-press.net\/cote\/sites\/43\/2024\/08\/sm_1724333564.239915.jpg\",\"width\":720,\"height\":380,\"caption\":\"Condamnation de deux cadres de GPS par la justice ivoirienne, le PPA-CI de Gbagbo d\u00e9nonce une instrumentalisation politique\"},{\"@type\":\"BreadcrumbList\",\"@id\":\"https:\/\/www.africa-press.net\/cotedivoire\/politique\/condamnation-de-deux-cadres-de-gps-par-la-justice-ivoirienne-le-ppa-ci-de-gbagbo-denonce-une-instrumentalisation-politique#breadcrumb\",\"itemListElement\":[{\"@type\":\"ListItem\",\"position\":1,\"name\":\"Accueil\",\"item\":\"https:\/\/www.africa-press.net\/cotedivoire\/\"},{\"@type\":\"ListItem\",\"position\":2,\"name\":\"Condamnation de deux cadres de GPS par la justice ivoirienne, le PPA-CI de Gbagbo d\u00e9nonce une instrumentalisation politique\"}]},{\"@type\":\"WebSite\",\"@id\":\"https:\/\/www.africa-press.net\/cotedivoire\/#website\",\"url\":\"https:\/\/www.africa-press.net\/cotedivoire\/\",\"name\":\"C\u00f4te d&#039;Ivoire\",\"description\":\"Just another Africa News Agency Sites site\",\"potentialAction\":[{\"@type\":\"SearchAction\",\"target\":{\"@type\":\"EntryPoint\",\"urlTemplate\":\"https:\/\/www.africa-press.net\/cotedivoire\/?s={search_term_string}\"},\"query-input\":{\"@type\":\"PropertyValueSpecification\",\"valueRequired\":true,\"valueName\":\"search_term_string\"}}],\"inLanguage\":\"fr-FR\"},{\"@type\":\"Person\",\"@id\":\"https:\/\/www.africa-press.net\/cotedivoire\/#\/schema\/person\/2b1cf3cd81a31e3cd26889ca66d677f1\",\"name\":\"cfeditorfr\"}]}<\/script>\n<!-- \/ Yoast SEO Premium plugin. -->","yoast_head_json":{"title":"Condamnation de deux cadres de GPS par la justice ivoirienne, le PPA-CI de Gbagbo d\u00e9nonce une instrumentalisation politique - C\u00f4te d&#039;Ivoire","description":"Le mercredi 21 aou\u0302t 2024, Kando Soumahoro, ancien de\u0301pute\u0301 et cadre du parti Ge\u0301ne\u0301rations et Peuples Solidaires (GPS), ...","robots":{"index":"index","follow":"follow","max-snippet":"max-snippet:-1","max-image-preview":"max-image-preview:large","max-video-preview":"max-video-preview:-1"},"canonical":"https:\/\/www.africa-press.net\/cotedivoire\/politique\/condamnation-de-deux-cadres-de-gps-par-la-justice-ivoirienne-le-ppa-ci-de-gbagbo-denonce-une-instrumentalisation-politique","og_locale":"fr_FR","og_type":"article","og_title":"Condamnation de deux cadres de GPS par la justice ivoirienne, le PPA-CI de Gbagbo d\u00e9nonce une instrumentalisation politique","og_description":"Le mercredi 21 aou\u0302t 2024, Kando Soumahoro, ancien de\u0301pute\u0301 et cadre du parti Ge\u0301ne\u0301rations et Peuples Solidaires (GPS), ...","og_url":"https:\/\/www.africa-press.net\/cotedivoire\/politique\/condamnation-de-deux-cadres-de-gps-par-la-justice-ivoirienne-le-ppa-ci-de-gbagbo-denonce-une-instrumentalisation-politique","og_site_name":"C\u00f4te d&#039;Ivoire","article_published_time":"2024-08-22T16:19:01+00:00","article_modified_time":"2024-08-22T17:03:04+00:00","og_image":[{"width":720,"height":380,"url":"https:\/\/static.africa-press.net\/cote\/sites\/43\/2024\/08\/sm_1724333564.239915.jpg","type":"image\/jpeg"}],"author":"cfeditorfr","twitter_card":"summary_large_image","twitter_misc":{"\u00c9crit par":"cfeditorfr","Dur\u00e9e de lecture estim\u00e9e":"2 minutes"},"schema":{"@context":"https:\/\/schema.org","@graph":[{"@type":"Article","@id":"https:\/\/www.africa-press.net\/cotedivoire\/politique\/condamnation-de-deux-cadres-de-gps-par-la-justice-ivoirienne-le-ppa-ci-de-gbagbo-denonce-une-instrumentalisation-politique#article","isPartOf":{"@id":"https:\/\/www.africa-press.net\/cotedivoire\/politique\/condamnation-de-deux-cadres-de-gps-par-la-justice-ivoirienne-le-ppa-ci-de-gbagbo-denonce-une-instrumentalisation-politique"},"author":{"name":"cfeditorfr","@id":"https:\/\/www.africa-press.net\/cotedivoire\/#\/schema\/person\/2b1cf3cd81a31e3cd26889ca66d677f1"},"headline":"Condamnation de deux cadres de GPS par la justice ivoirienne, le PPA-CI de Gbagbo d\u00e9nonce une instrumentalisation politique","datePublished":"2024-08-22T16:19:01+00:00","dateModified":"2024-08-22T17:03:04+00:00","mainEntityOfPage":{"@id":"https:\/\/www.africa-press.net\/cotedivoire\/politique\/condamnation-de-deux-cadres-de-gps-par-la-justice-ivoirienne-le-ppa-ci-de-gbagbo-denonce-une-instrumentalisation-politique"},"wordCount":426,"commentCount":0,"image":{"@id":"https:\/\/www.africa-press.net\/cotedivoire\/politique\/condamnation-de-deux-cadres-de-gps-par-la-justice-ivoirienne-le-ppa-ci-de-gbagbo-denonce-une-instrumentalisation-politique#primaryimage"},"thumbnailUrl":"https:\/\/static.africa-press.net\/cote\/sites\/43\/2024\/08\/sm_1724333564.239915.jpg","keywords":["C\u00d4TE D'IVOIRE","Gbagbo","GPS","Justice","Kando","Mamadou","Parti","PPA-CI","Soro"],"articleSection":["Politique","Top Nouvelles","Toutes les actualit\u00e9s"],"inLanguage":"fr-FR","potentialAction":[{"@type":"CommentAction","name":"Comment","target":["https:\/\/www.africa-press.net\/cotedivoire\/politique\/condamnation-de-deux-cadres-de-gps-par-la-justice-ivoirienne-le-ppa-ci-de-gbagbo-denonce-une-instrumentalisation-politique#respond"]}]},{"@type":"WebPage","@id":"https:\/\/www.africa-press.net\/cotedivoire\/politique\/condamnation-de-deux-cadres-de-gps-par-la-justice-ivoirienne-le-ppa-ci-de-gbagbo-denonce-une-instrumentalisation-politique","url":"https:\/\/www.africa-press.net\/cotedivoire\/politique\/condamnation-de-deux-cadres-de-gps-par-la-justice-ivoirienne-le-ppa-ci-de-gbagbo-denonce-une-instrumentalisation-politique","name":"Condamnation de deux cadres de GPS par la justice ivoirienne, le PPA-CI de Gbagbo d\u00e9nonce une instrumentalisation politique - C\u00f4te d&#039;Ivoire","isPartOf":{"@id":"https:\/\/www.africa-press.net\/cotedivoire\/#website"},"primaryImageOfPage":{"@id":"https:\/\/www.africa-press.net\/cotedivoire\/politique\/condamnation-de-deux-cadres-de-gps-par-la-justice-ivoirienne-le-ppa-ci-de-gbagbo-denonce-une-instrumentalisation-politique#primaryimage"},"image":{"@id":"https:\/\/www.africa-press.net\/cotedivoire\/politique\/condamnation-de-deux-cadres-de-gps-par-la-justice-ivoirienne-le-ppa-ci-de-gbagbo-denonce-une-instrumentalisation-politique#primaryimage"},"thumbnailUrl":"https:\/\/static.africa-press.net\/cote\/sites\/43\/2024\/08\/sm_1724333564.239915.jpg","datePublished":"2024-08-22T16:19:01+00:00","dateModified":"2024-08-22T17:03:04+00:00","author":{"@id":"https:\/\/www.africa-press.net\/cotedivoire\/#\/schema\/person\/2b1cf3cd81a31e3cd26889ca66d677f1"},"description":"Le mercredi 21 aou\u0302t 2024, Kando Soumahoro, ancien de\u0301pute\u0301 et cadre du parti Ge\u0301ne\u0301rations et Peuples Solidaires (GPS), ...","breadcrumb":{"@id":"https:\/\/www.africa-press.net\/cotedivoire\/politique\/condamnation-de-deux-cadres-de-gps-par-la-justice-ivoirienne-le-ppa-ci-de-gbagbo-denonce-une-instrumentalisation-politique#breadcrumb"},"inLanguage":"fr-FR","potentialAction":[{"@type":"ReadAction","target":["https:\/\/www.africa-press.net\/cotedivoire\/politique\/condamnation-de-deux-cadres-de-gps-par-la-justice-ivoirienne-le-ppa-ci-de-gbagbo-denonce-une-instrumentalisation-politique"]}]},{"@type":"ImageObject","inLanguage":"fr-FR","@id":"https:\/\/www.africa-press.net\/cotedivoire\/politique\/condamnation-de-deux-cadres-de-gps-par-la-justice-ivoirienne-le-ppa-ci-de-gbagbo-denonce-une-instrumentalisation-politique#primaryimage","url":"https:\/\/static.africa-press.net\/cote\/sites\/43\/2024\/08\/sm_1724333564.239915.jpg","contentUrl":"https:\/\/static.africa-press.net\/cote\/sites\/43\/2024\/08\/sm_1724333564.239915.jpg","width":720,"height":380,"caption":"Condamnation de deux cadres de GPS par la justice ivoirienne, le PPA-CI de Gbagbo d\u00e9nonce une instrumentalisation politique"},{"@type":"BreadcrumbList","@id":"https:\/\/www.africa-press.net\/cotedivoire\/politique\/condamnation-de-deux-cadres-de-gps-par-la-justice-ivoirienne-le-ppa-ci-de-gbagbo-denonce-une-instrumentalisation-politique#breadcrumb","itemListElement":[{"@type":"ListItem","position":1,"name":"Accueil","item":"https:\/\/www.africa-press.net\/cotedivoire\/"},{"@type":"ListItem","position":2,"name":"Condamnation de deux cadres de GPS par la justice ivoirienne, le PPA-CI de Gbagbo d\u00e9nonce une instrumentalisation politique"}]},{"@type":"WebSite","@id":"https:\/\/www.africa-press.net\/cotedivoire\/#website","url":"https:\/\/www.africa-press.net\/cotedivoire\/","name":"C\u00f4te d&#039;Ivoire","description":"Just another Africa News Agency Sites site","potentialAction":[{"@type":"SearchAction","target":{"@type":"EntryPoint","urlTemplate":"https:\/\/www.africa-press.net\/cotedivoire\/?s={search_term_string}"},"query-input":{"@type":"PropertyValueSpecification","valueRequired":true,"valueName":"search_term_string"}}],"inLanguage":"fr-FR"},{"@type":"Person","@id":"https:\/\/www.africa-press.net\/cotedivoire\/#\/schema\/person\/2b1cf3cd81a31e3cd26889ca66d677f1","name":"cfeditorfr"}]}},"_links":{"self":[{"href":"https:\/\/www.africa-press.net\/cotedivoire\/wp-json\/wp\/v2\/posts\/85638","targetHints":{"allow":["GET"]}}],"collection":[{"href":"https:\/\/www.africa-press.net\/cotedivoire\/wp-json\/wp\/v2\/posts"}],"about":[{"href":"https:\/\/www.africa-press.net\/cotedivoire\/wp-json\/wp\/v2\/types\/post"}],"author":[{"embeddable":true,"href":"https:\/\/www.africa-press.net\/cotedivoire\/wp-json\/wp\/v2\/users\/82"}],"replies":[{"embeddable":true,"href":"https:\/\/www.africa-press.net\/cotedivoire\/wp-json\/wp\/v2\/comments?post=85638"}],"version-history":[{"count":0,"href":"https:\/\/www.africa-press.net\/cotedivoire\/wp-json\/wp\/v2\/posts\/85638\/revisions"}],"wp:featuredmedia":[{"embeddable":true,"href":"https:\/\/www.africa-press.net\/cotedivoire\/wp-json\/wp\/v2\/media\/85637"}],"wp:attachment":[{"href":"https:\/\/www.africa-press.net\/cotedivoire\/wp-json\/wp\/v2\/media?parent=85638"}],"wp:term":[{"taxonomy":"category","embeddable":true,"href":"https:\/\/www.africa-press.net\/cotedivoire\/wp-json\/wp\/v2\/categories?post=85638"},{"taxonomy":"post_tag","embeddable":true,"href":"https:\/\/www.africa-press.net\/cotedivoire\/wp-json\/wp\/v2\/tags?post=85638"}],"curies":[{"name":"wp","href":"https:\/\/api.w.org\/{rel}","templated":true}]}}