{"id":85723,"date":"2024-08-24T17:56:03","date_gmt":"2024-08-24T17:56:03","guid":{"rendered":"https:\/\/www.africa-press.net\/cotedivoire\/politique\/bouake-des-proprietaires-terriens-accusent-leur-chef-de-village-dexpropriation-de-leur-parcelle-de-terrain-le-president-ouattara-interpelle"},"modified":"2024-08-24T18:23:16","modified_gmt":"2024-08-24T18:23:16","slug":"bouake-des-proprietaires-terriens-accusent-leur-chef-de-village-dexpropriation-de-leur-parcelle-de-terrain-le-president-ouattara-interpelle","status":"publish","type":"post","link":"https:\/\/www.africa-press.net\/cotedivoire\/toutes-les-actualites\/bouake-des-proprietaires-terriens-accusent-leur-chef-de-village-dexpropriation-de-leur-parcelle-de-terrain-le-president-ouattara-interpelle","title":{"rendered":"Bouak\u00e9, des propri\u00e9taires terriens accusent leur chef de village d&rsquo;expropriation de leur parcelle de terrain, le pr\u00e9sident Ouattara interpell\u00e9"},"content":{"rendered":"<p><span style=\"color: #ff6600\"><strong>Africa-Press &#8211; C\u00f4te d&rsquo;Ivoire. <\/strong><\/span>N&rsquo;Guessan N&rsquo;Dri Jean-Baptiste, chef de famille et porte parole de la famille Aboua-Angan est en froid avec Nanan Saraka Koumoin, chef du village Aboua-Angankro. Une portion de terre, qui aurait e\u0301te\u0301 ce\u0301de\u0301e par la chefferie de Kahankro proprie\u0301taire nague\u0300re, aux ance\u0302tres de N&rsquo;Guessan N&rsquo;Dri Jean-Baptiste, faisant de ce dernier l&rsquo;actuel proprie\u0301taire de ces terres a\u0300 Aboua-Angankro, est l&rsquo;objet de litige.<\/p>\n<p>Selon N&rsquo;Guessan N&rsquo;Dri Jean-Baptiste, \u00ab Nanan Saraka Koumoin est quitte\u0301 a\u0300 Fari Oko pour e\u0302tre he\u0301berge\u0301 chez nous a\u0300 Aboua-Angankro. Lors de la crise qu&rsquo;a connue le pays, c&rsquo;est en ce moment qu&rsquo;il est devenu chef. Ce dernier ne re\u0301side pas a\u0300 Aboua-Angankro ou\u0300 il est chef mais a\u0300 Apkekro, un campement du village Aboua-Angankro.<\/p>\n<p>Il s&rsquo;est accapare\u0301 84 hectares de nos terres. Plusieurs re\u0301unions avec des te\u0302tes couronne\u0301es de diffe\u0301rents cantons sur ce sujet nous ont donne\u0301 raison. Lui-me\u0302me a signe\u0301 un document pour dire qu&rsquo;il n&rsquo;est pas proprie\u0301taire terrien. Partout ou\u0300 on passe, on dit qu&rsquo;il n&rsquo;a pas raison me\u0302me la royaute\u0301 de Sakassou a tranche\u0301 en notre faveur. Pourtant, on ne sait pas comment il a fait mais il y a une instance qui dit que Nanan Saraka Koumoin est le proprie\u0301taire terrien.<\/p>\n<p>Nous, la famille Aboua-Angan, ne voulons pas qu&rsquo;on lui donne nos terres. Je demande aux autorite\u0301s de voir la ve\u0301rite\u0301 dans cette affaire car un homme qui n&rsquo;est pas proprie\u0301taire terrien et qui ne vient pas de la\u0300, qui s&rsquo;accapare de nos terres en disant qu&rsquo;il est proprie\u0301taire terrien, nous ne sommes pas d&rsquo;accord&#8230;\u00bb<\/p>\n<p>Le porte-parole de la famille Aboua-Angan a par la suite sollicite\u0301 l&rsquo;intervention du pre\u0301sident Alassane Ouattara dans cette affaire de terres qui risqueraient de prendre d&rsquo;autres tournures si rien n&rsquo;est fait. Pour une question d&rsquo;e\u0301quilibre de l&rsquo;information, KOACI a vainement tente\u0301 de rentrer en contact avec Nanan Saraka Koumoin pour avoir sa version. Ne\u0301anmoins, nous restons ouverts pour une e\u0301ventuelle re\u0301action.<\/p>\n<p>Rappelons que Aboua-Angankro, est un village situe\u0301 a\u0300 Belleville sur l&rsquo;axe Bouake\u0301 &#8211; Dabakala entre Kanankro, Fari Oko et Kahankro.<\/p>\n<p><strong>Pour plus d&rsquo;informations et d&rsquo;analyses sur la C\u00f4te d&rsquo;Ivoire, suivez Africa-Press<\/strong><\/p>\n","protected":false},"excerpt":{"rendered":"<p>Africa-Press &#8211; C\u00f4te d&rsquo;Ivoire. N&rsquo;Guessan N&rsquo;Dri Jean-Baptiste, chef de famille et porte parole de la famille Aboua-Angan est en froid avec Nanan Saraka Koumoin, chef du village Aboua-Angankro. Une portion de terre, qui aurait e\u0301te\u0301 ce\u0301de\u0301e par la chefferie de Kahankro proprie\u0301taire nague\u0300re, aux ance\u0302tres de N&rsquo;Guessan N&rsquo;Dri Jean-Baptiste, faisant de ce dernier l&rsquo;actuel proprie\u0301taire [&hellip;]<\/p>\n","protected":false},"author":82,"featured_media":85722,"comment_status":"open","ping_status":"closed","sticky":false,"template":"","format":"standard","meta":{"footnotes":""},"categories":[21,10],"tags":[14566,366,29,1097,14565,14564],"class_list":["post-85723","post","type-post","status-publish","format-standard","has-post-thumbnail","hentry","category-communaute","category-toutes-les-actualites","tag-aboua-angankro","tag-bouake","tag-cote-divoire","tag-litige","tag-nguessan-ndri-jean-baptiste","tag-saraka-koumoin"],"yoast_head":"<!-- This site is optimized with the Yoast SEO Premium plugin v26.1 (Yoast SEO v27.0) - https:\/\/yoast.com\/product\/yoast-seo-premium-wordpress\/ -->\n<title>Bouak\u00e9, des propri\u00e9taires terriens accusent leur chef de village d&#039;expropriation de leur parcelle de terrain, le pr\u00e9sident Ouattara interpell\u00e9 - C\u00f4te d&#039;Ivoire<\/title>\n<meta name=\"description\" content=\"N&#039;Guessan N&#039;Dri Jean-Baptiste, chef de famille et porte parole de la famille Aboua-Angan est en froid avec Nanan Saraka ...\" \/>\n<meta name=\"robots\" content=\"index, follow, max-snippet:-1, max-image-preview:large, max-video-preview:-1\" \/>\n<link rel=\"canonical\" href=\"https:\/\/www.africa-press.net\/cotedivoire\/toutes-les-actualites\/bouake-des-proprietaires-terriens-accusent-leur-chef-de-village-dexpropriation-de-leur-parcelle-de-terrain-le-president-ouattara-interpelle\" \/>\n<meta property=\"og:locale\" content=\"fr_FR\" \/>\n<meta property=\"og:type\" content=\"article\" \/>\n<meta property=\"og:title\" content=\"Bouak\u00e9, des propri\u00e9taires terriens accusent leur chef de village d&#039;expropriation de leur parcelle de terrain, le pr\u00e9sident Ouattara interpell\u00e9\" \/>\n<meta property=\"og:description\" content=\"N&#039;Guessan N&#039;Dri Jean-Baptiste, chef de famille et porte parole de la famille Aboua-Angan est en froid avec Nanan Saraka ...\" \/>\n<meta property=\"og:url\" content=\"https:\/\/www.africa-press.net\/cotedivoire\/toutes-les-actualites\/bouake-des-proprietaires-terriens-accusent-leur-chef-de-village-dexpropriation-de-leur-parcelle-de-terrain-le-president-ouattara-interpelle\" \/>\n<meta property=\"og:site_name\" content=\"C\u00f4te d&#039;Ivoire\" \/>\n<meta property=\"article:published_time\" content=\"2024-08-24T17:56:03+00:00\" \/>\n<meta property=\"article:modified_time\" content=\"2024-08-24T18:23:16+00:00\" \/>\n<meta property=\"og:image\" content=\"https:\/\/static.africa-press.net\/cote\/sites\/43\/2024\/08\/sm_1724511158.242137.jpg\" \/>\n\t<meta property=\"og:image:width\" content=\"720\" \/>\n\t<meta property=\"og:image:height\" content=\"493\" \/>\n\t<meta property=\"og:image:type\" content=\"image\/jpeg\" \/>\n<meta name=\"author\" content=\"cfeditorfr\" \/>\n<meta name=\"twitter:card\" content=\"summary_large_image\" \/>\n<meta name=\"twitter:label1\" content=\"\u00c9crit par\" \/>\n\t<meta name=\"twitter:data1\" content=\"cfeditorfr\" \/>\n\t<meta name=\"twitter:label2\" content=\"Dur\u00e9e de lecture estim\u00e9e\" \/>\n\t<meta name=\"twitter:data2\" content=\"2 minutes\" \/>\n<script type=\"application\/ld+json\" class=\"yoast-schema-graph\">{\"@context\":\"https:\/\/schema.org\",\"@graph\":[{\"@type\":\"Article\",\"@id\":\"https:\/\/www.africa-press.net\/cotedivoire\/toutes-les-actualites\/bouake-des-proprietaires-terriens-accusent-leur-chef-de-village-dexpropriation-de-leur-parcelle-de-terrain-le-president-ouattara-interpelle#article\",\"isPartOf\":{\"@id\":\"https:\/\/www.africa-press.net\/cotedivoire\/toutes-les-actualites\/bouake-des-proprietaires-terriens-accusent-leur-chef-de-village-dexpropriation-de-leur-parcelle-de-terrain-le-president-ouattara-interpelle\"},\"author\":{\"name\":\"cfeditorfr\",\"@id\":\"https:\/\/www.africa-press.net\/cotedivoire\/#\/schema\/person\/2b1cf3cd81a31e3cd26889ca66d677f1\"},\"headline\":\"Bouak\u00e9, des propri\u00e9taires terriens accusent leur chef de village d&rsquo;expropriation de leur parcelle de terrain, le pr\u00e9sident Ouattara interpell\u00e9\",\"datePublished\":\"2024-08-24T17:56:03+00:00\",\"dateModified\":\"2024-08-24T18:23:16+00:00\",\"mainEntityOfPage\":{\"@id\":\"https:\/\/www.africa-press.net\/cotedivoire\/toutes-les-actualites\/bouake-des-proprietaires-terriens-accusent-leur-chef-de-village-dexpropriation-de-leur-parcelle-de-terrain-le-president-ouattara-interpelle\"},\"wordCount\":426,\"commentCount\":0,\"image\":{\"@id\":\"https:\/\/www.africa-press.net\/cotedivoire\/toutes-les-actualites\/bouake-des-proprietaires-terriens-accusent-leur-chef-de-village-dexpropriation-de-leur-parcelle-de-terrain-le-president-ouattara-interpelle#primaryimage\"},\"thumbnailUrl\":\"https:\/\/static.africa-press.net\/cote\/sites\/43\/2024\/08\/sm_1724511158.242137.jpg\",\"keywords\":[\"Aboua-Angankro\",\"Bouak\u00e9\",\"C\u00d4TE D'IVOIRE\",\"litige\",\"N'Guessan N'Dri Jean-Baptiste\",\"Saraka Koumoin\"],\"articleSection\":[\"Communaut\u00e9\",\"Toutes les actualit\u00e9s\"],\"inLanguage\":\"fr-FR\",\"potentialAction\":[{\"@type\":\"CommentAction\",\"name\":\"Comment\",\"target\":[\"https:\/\/www.africa-press.net\/cotedivoire\/toutes-les-actualites\/bouake-des-proprietaires-terriens-accusent-leur-chef-de-village-dexpropriation-de-leur-parcelle-de-terrain-le-president-ouattara-interpelle#respond\"]}]},{\"@type\":\"WebPage\",\"@id\":\"https:\/\/www.africa-press.net\/cotedivoire\/toutes-les-actualites\/bouake-des-proprietaires-terriens-accusent-leur-chef-de-village-dexpropriation-de-leur-parcelle-de-terrain-le-president-ouattara-interpelle\",\"url\":\"https:\/\/www.africa-press.net\/cotedivoire\/toutes-les-actualites\/bouake-des-proprietaires-terriens-accusent-leur-chef-de-village-dexpropriation-de-leur-parcelle-de-terrain-le-president-ouattara-interpelle\",\"name\":\"Bouak\u00e9, des propri\u00e9taires terriens accusent leur chef de village d'expropriation de leur parcelle de terrain, le pr\u00e9sident Ouattara interpell\u00e9 - C\u00f4te d&#039;Ivoire\",\"isPartOf\":{\"@id\":\"https:\/\/www.africa-press.net\/cotedivoire\/#website\"},\"primaryImageOfPage\":{\"@id\":\"https:\/\/www.africa-press.net\/cotedivoire\/toutes-les-actualites\/bouake-des-proprietaires-terriens-accusent-leur-chef-de-village-dexpropriation-de-leur-parcelle-de-terrain-le-president-ouattara-interpelle#primaryimage\"},\"image\":{\"@id\":\"https:\/\/www.africa-press.net\/cotedivoire\/toutes-les-actualites\/bouake-des-proprietaires-terriens-accusent-leur-chef-de-village-dexpropriation-de-leur-parcelle-de-terrain-le-president-ouattara-interpelle#primaryimage\"},\"thumbnailUrl\":\"https:\/\/static.africa-press.net\/cote\/sites\/43\/2024\/08\/sm_1724511158.242137.jpg\",\"datePublished\":\"2024-08-24T17:56:03+00:00\",\"dateModified\":\"2024-08-24T18:23:16+00:00\",\"author\":{\"@id\":\"https:\/\/www.africa-press.net\/cotedivoire\/#\/schema\/person\/2b1cf3cd81a31e3cd26889ca66d677f1\"},\"description\":\"N'Guessan N'Dri Jean-Baptiste, chef de famille et porte parole de la famille Aboua-Angan est en froid avec Nanan Saraka ...\",\"breadcrumb\":{\"@id\":\"https:\/\/www.africa-press.net\/cotedivoire\/toutes-les-actualites\/bouake-des-proprietaires-terriens-accusent-leur-chef-de-village-dexpropriation-de-leur-parcelle-de-terrain-le-president-ouattara-interpelle#breadcrumb\"},\"inLanguage\":\"fr-FR\",\"potentialAction\":[{\"@type\":\"ReadAction\",\"target\":[\"https:\/\/www.africa-press.net\/cotedivoire\/toutes-les-actualites\/bouake-des-proprietaires-terriens-accusent-leur-chef-de-village-dexpropriation-de-leur-parcelle-de-terrain-le-president-ouattara-interpelle\"]}]},{\"@type\":\"ImageObject\",\"inLanguage\":\"fr-FR\",\"@id\":\"https:\/\/www.africa-press.net\/cotedivoire\/toutes-les-actualites\/bouake-des-proprietaires-terriens-accusent-leur-chef-de-village-dexpropriation-de-leur-parcelle-de-terrain-le-president-ouattara-interpelle#primaryimage\",\"url\":\"https:\/\/static.africa-press.net\/cote\/sites\/43\/2024\/08\/sm_1724511158.242137.jpg\",\"contentUrl\":\"https:\/\/static.africa-press.net\/cote\/sites\/43\/2024\/08\/sm_1724511158.242137.jpg\",\"width\":720,\"height\":493,\"caption\":\"Bouak\u00e9, des propri\u00e9taires terriens accusent leur chef de village d'expropriation de leur parcelle de terrain, le pr\u00e9sident Ouattara interpell\u00e9\"},{\"@type\":\"BreadcrumbList\",\"@id\":\"https:\/\/www.africa-press.net\/cotedivoire\/toutes-les-actualites\/bouake-des-proprietaires-terriens-accusent-leur-chef-de-village-dexpropriation-de-leur-parcelle-de-terrain-le-president-ouattara-interpelle#breadcrumb\",\"itemListElement\":[{\"@type\":\"ListItem\",\"position\":1,\"name\":\"Accueil\",\"item\":\"https:\/\/www.africa-press.net\/cotedivoire\/\"},{\"@type\":\"ListItem\",\"position\":2,\"name\":\"Bouak\u00e9, des propri\u00e9taires terriens accusent leur chef de village d&#8217;expropriation de leur parcelle de terrain, le pr\u00e9sident Ouattara interpell\u00e9\"}]},{\"@type\":\"WebSite\",\"@id\":\"https:\/\/www.africa-press.net\/cotedivoire\/#website\",\"url\":\"https:\/\/www.africa-press.net\/cotedivoire\/\",\"name\":\"C\u00f4te d&#039;Ivoire\",\"description\":\"Just another Africa News Agency Sites site\",\"potentialAction\":[{\"@type\":\"SearchAction\",\"target\":{\"@type\":\"EntryPoint\",\"urlTemplate\":\"https:\/\/www.africa-press.net\/cotedivoire\/?s={search_term_string}\"},\"query-input\":{\"@type\":\"PropertyValueSpecification\",\"valueRequired\":true,\"valueName\":\"search_term_string\"}}],\"inLanguage\":\"fr-FR\"},{\"@type\":\"Person\",\"@id\":\"https:\/\/www.africa-press.net\/cotedivoire\/#\/schema\/person\/2b1cf3cd81a31e3cd26889ca66d677f1\",\"name\":\"cfeditorfr\"}]}<\/script>\n<!-- \/ Yoast SEO Premium plugin. -->","yoast_head_json":{"title":"Bouak\u00e9, des propri\u00e9taires terriens accusent leur chef de village d'expropriation de leur parcelle de terrain, le pr\u00e9sident Ouattara interpell\u00e9 - C\u00f4te d&#039;Ivoire","description":"N'Guessan N'Dri Jean-Baptiste, chef de famille et porte parole de la famille Aboua-Angan est en froid avec Nanan Saraka ...","robots":{"index":"index","follow":"follow","max-snippet":"max-snippet:-1","max-image-preview":"max-image-preview:large","max-video-preview":"max-video-preview:-1"},"canonical":"https:\/\/www.africa-press.net\/cotedivoire\/toutes-les-actualites\/bouake-des-proprietaires-terriens-accusent-leur-chef-de-village-dexpropriation-de-leur-parcelle-de-terrain-le-president-ouattara-interpelle","og_locale":"fr_FR","og_type":"article","og_title":"Bouak\u00e9, des propri\u00e9taires terriens accusent leur chef de village d'expropriation de leur parcelle de terrain, le pr\u00e9sident Ouattara interpell\u00e9","og_description":"N'Guessan N'Dri Jean-Baptiste, chef de famille et porte parole de la famille Aboua-Angan est en froid avec Nanan Saraka ...","og_url":"https:\/\/www.africa-press.net\/cotedivoire\/toutes-les-actualites\/bouake-des-proprietaires-terriens-accusent-leur-chef-de-village-dexpropriation-de-leur-parcelle-de-terrain-le-president-ouattara-interpelle","og_site_name":"C\u00f4te d&#039;Ivoire","article_published_time":"2024-08-24T17:56:03+00:00","article_modified_time":"2024-08-24T18:23:16+00:00","og_image":[{"width":720,"height":493,"url":"https:\/\/static.africa-press.net\/cote\/sites\/43\/2024\/08\/sm_1724511158.242137.jpg","type":"image\/jpeg"}],"author":"cfeditorfr","twitter_card":"summary_large_image","twitter_misc":{"\u00c9crit par":"cfeditorfr","Dur\u00e9e de lecture estim\u00e9e":"2 minutes"},"schema":{"@context":"https:\/\/schema.org","@graph":[{"@type":"Article","@id":"https:\/\/www.africa-press.net\/cotedivoire\/toutes-les-actualites\/bouake-des-proprietaires-terriens-accusent-leur-chef-de-village-dexpropriation-de-leur-parcelle-de-terrain-le-president-ouattara-interpelle#article","isPartOf":{"@id":"https:\/\/www.africa-press.net\/cotedivoire\/toutes-les-actualites\/bouake-des-proprietaires-terriens-accusent-leur-chef-de-village-dexpropriation-de-leur-parcelle-de-terrain-le-president-ouattara-interpelle"},"author":{"name":"cfeditorfr","@id":"https:\/\/www.africa-press.net\/cotedivoire\/#\/schema\/person\/2b1cf3cd81a31e3cd26889ca66d677f1"},"headline":"Bouak\u00e9, des propri\u00e9taires terriens accusent leur chef de village d&rsquo;expropriation de leur parcelle de terrain, le pr\u00e9sident Ouattara interpell\u00e9","datePublished":"2024-08-24T17:56:03+00:00","dateModified":"2024-08-24T18:23:16+00:00","mainEntityOfPage":{"@id":"https:\/\/www.africa-press.net\/cotedivoire\/toutes-les-actualites\/bouake-des-proprietaires-terriens-accusent-leur-chef-de-village-dexpropriation-de-leur-parcelle-de-terrain-le-president-ouattara-interpelle"},"wordCount":426,"commentCount":0,"image":{"@id":"https:\/\/www.africa-press.net\/cotedivoire\/toutes-les-actualites\/bouake-des-proprietaires-terriens-accusent-leur-chef-de-village-dexpropriation-de-leur-parcelle-de-terrain-le-president-ouattara-interpelle#primaryimage"},"thumbnailUrl":"https:\/\/static.africa-press.net\/cote\/sites\/43\/2024\/08\/sm_1724511158.242137.jpg","keywords":["Aboua-Angankro","Bouak\u00e9","C\u00d4TE D'IVOIRE","litige","N'Guessan N'Dri Jean-Baptiste","Saraka Koumoin"],"articleSection":["Communaut\u00e9","Toutes les actualit\u00e9s"],"inLanguage":"fr-FR","potentialAction":[{"@type":"CommentAction","name":"Comment","target":["https:\/\/www.africa-press.net\/cotedivoire\/toutes-les-actualites\/bouake-des-proprietaires-terriens-accusent-leur-chef-de-village-dexpropriation-de-leur-parcelle-de-terrain-le-president-ouattara-interpelle#respond"]}]},{"@type":"WebPage","@id":"https:\/\/www.africa-press.net\/cotedivoire\/toutes-les-actualites\/bouake-des-proprietaires-terriens-accusent-leur-chef-de-village-dexpropriation-de-leur-parcelle-de-terrain-le-president-ouattara-interpelle","url":"https:\/\/www.africa-press.net\/cotedivoire\/toutes-les-actualites\/bouake-des-proprietaires-terriens-accusent-leur-chef-de-village-dexpropriation-de-leur-parcelle-de-terrain-le-president-ouattara-interpelle","name":"Bouak\u00e9, des propri\u00e9taires terriens accusent leur chef de village d'expropriation de leur parcelle de terrain, le pr\u00e9sident Ouattara interpell\u00e9 - C\u00f4te d&#039;Ivoire","isPartOf":{"@id":"https:\/\/www.africa-press.net\/cotedivoire\/#website"},"primaryImageOfPage":{"@id":"https:\/\/www.africa-press.net\/cotedivoire\/toutes-les-actualites\/bouake-des-proprietaires-terriens-accusent-leur-chef-de-village-dexpropriation-de-leur-parcelle-de-terrain-le-president-ouattara-interpelle#primaryimage"},"image":{"@id":"https:\/\/www.africa-press.net\/cotedivoire\/toutes-les-actualites\/bouake-des-proprietaires-terriens-accusent-leur-chef-de-village-dexpropriation-de-leur-parcelle-de-terrain-le-president-ouattara-interpelle#primaryimage"},"thumbnailUrl":"https:\/\/static.africa-press.net\/cote\/sites\/43\/2024\/08\/sm_1724511158.242137.jpg","datePublished":"2024-08-24T17:56:03+00:00","dateModified":"2024-08-24T18:23:16+00:00","author":{"@id":"https:\/\/www.africa-press.net\/cotedivoire\/#\/schema\/person\/2b1cf3cd81a31e3cd26889ca66d677f1"},"description":"N'Guessan N'Dri Jean-Baptiste, chef de famille et porte parole de la famille Aboua-Angan est en froid avec Nanan Saraka ...","breadcrumb":{"@id":"https:\/\/www.africa-press.net\/cotedivoire\/toutes-les-actualites\/bouake-des-proprietaires-terriens-accusent-leur-chef-de-village-dexpropriation-de-leur-parcelle-de-terrain-le-president-ouattara-interpelle#breadcrumb"},"inLanguage":"fr-FR","potentialAction":[{"@type":"ReadAction","target":["https:\/\/www.africa-press.net\/cotedivoire\/toutes-les-actualites\/bouake-des-proprietaires-terriens-accusent-leur-chef-de-village-dexpropriation-de-leur-parcelle-de-terrain-le-president-ouattara-interpelle"]}]},{"@type":"ImageObject","inLanguage":"fr-FR","@id":"https:\/\/www.africa-press.net\/cotedivoire\/toutes-les-actualites\/bouake-des-proprietaires-terriens-accusent-leur-chef-de-village-dexpropriation-de-leur-parcelle-de-terrain-le-president-ouattara-interpelle#primaryimage","url":"https:\/\/static.africa-press.net\/cote\/sites\/43\/2024\/08\/sm_1724511158.242137.jpg","contentUrl":"https:\/\/static.africa-press.net\/cote\/sites\/43\/2024\/08\/sm_1724511158.242137.jpg","width":720,"height":493,"caption":"Bouak\u00e9, des propri\u00e9taires terriens accusent leur chef de village d'expropriation de leur parcelle de terrain, le pr\u00e9sident Ouattara interpell\u00e9"},{"@type":"BreadcrumbList","@id":"https:\/\/www.africa-press.net\/cotedivoire\/toutes-les-actualites\/bouake-des-proprietaires-terriens-accusent-leur-chef-de-village-dexpropriation-de-leur-parcelle-de-terrain-le-president-ouattara-interpelle#breadcrumb","itemListElement":[{"@type":"ListItem","position":1,"name":"Accueil","item":"https:\/\/www.africa-press.net\/cotedivoire\/"},{"@type":"ListItem","position":2,"name":"Bouak\u00e9, des propri\u00e9taires terriens accusent leur chef de village d&#8217;expropriation de leur parcelle de terrain, le pr\u00e9sident Ouattara interpell\u00e9"}]},{"@type":"WebSite","@id":"https:\/\/www.africa-press.net\/cotedivoire\/#website","url":"https:\/\/www.africa-press.net\/cotedivoire\/","name":"C\u00f4te d&#039;Ivoire","description":"Just another Africa News Agency Sites site","potentialAction":[{"@type":"SearchAction","target":{"@type":"EntryPoint","urlTemplate":"https:\/\/www.africa-press.net\/cotedivoire\/?s={search_term_string}"},"query-input":{"@type":"PropertyValueSpecification","valueRequired":true,"valueName":"search_term_string"}}],"inLanguage":"fr-FR"},{"@type":"Person","@id":"https:\/\/www.africa-press.net\/cotedivoire\/#\/schema\/person\/2b1cf3cd81a31e3cd26889ca66d677f1","name":"cfeditorfr"}]}},"_links":{"self":[{"href":"https:\/\/www.africa-press.net\/cotedivoire\/wp-json\/wp\/v2\/posts\/85723","targetHints":{"allow":["GET"]}}],"collection":[{"href":"https:\/\/www.africa-press.net\/cotedivoire\/wp-json\/wp\/v2\/posts"}],"about":[{"href":"https:\/\/www.africa-press.net\/cotedivoire\/wp-json\/wp\/v2\/types\/post"}],"author":[{"embeddable":true,"href":"https:\/\/www.africa-press.net\/cotedivoire\/wp-json\/wp\/v2\/users\/82"}],"replies":[{"embeddable":true,"href":"https:\/\/www.africa-press.net\/cotedivoire\/wp-json\/wp\/v2\/comments?post=85723"}],"version-history":[{"count":0,"href":"https:\/\/www.africa-press.net\/cotedivoire\/wp-json\/wp\/v2\/posts\/85723\/revisions"}],"wp:featuredmedia":[{"embeddable":true,"href":"https:\/\/www.africa-press.net\/cotedivoire\/wp-json\/wp\/v2\/media\/85722"}],"wp:attachment":[{"href":"https:\/\/www.africa-press.net\/cotedivoire\/wp-json\/wp\/v2\/media?parent=85723"}],"wp:term":[{"taxonomy":"category","embeddable":true,"href":"https:\/\/www.africa-press.net\/cotedivoire\/wp-json\/wp\/v2\/categories?post=85723"},{"taxonomy":"post_tag","embeddable":true,"href":"https:\/\/www.africa-press.net\/cotedivoire\/wp-json\/wp\/v2\/tags?post=85723"}],"curies":[{"name":"wp","href":"https:\/\/api.w.org\/{rel}","templated":true}]}}