{"id":85792,"date":"2024-08-26T17:25:04","date_gmt":"2024-08-26T17:25:04","guid":{"rendered":"https:\/\/www.africa-press.net\/cotedivoire\/politique\/eliminatoires-can2025-fae-fait-appel-a-amad-diallo-pour-les-deux-matchs-de-septembre-seko-fofana-absent"},"modified":"2024-08-26T18:20:24","modified_gmt":"2024-08-26T18:20:24","slug":"eliminatoires-can2025-fae-fait-appel-a-amad-diallo-pour-les-deux-matchs-de-septembre-seko-fofana-absent","status":"publish","type":"post","link":"https:\/\/www.africa-press.net\/cotedivoire\/sports\/eliminatoires-can2025-fae-fait-appel-a-amad-diallo-pour-les-deux-matchs-de-septembre-seko-fofana-absent","title":{"rendered":"\u00c9liminatoires CAN2025, Fa\u00e9 fait appel \u00e0 Amad Diallo pour les deux matchs de septembre, Seko Fofana, absent"},"content":{"rendered":"<p><span style=\"color: #ff6600\"><strong>Africa-Press &#8211; C\u00f4te d&rsquo;Ivoire. <\/strong><\/span>Ce lundi 26 aou\u0302t 2024, le se\u0301lectionneur de l&rsquo;e\u0301quipe nationale de Co\u0302te d&rsquo;Ivoire, Emerse Fae\u0301, a de\u0301voile\u0301 la liste des joueurs convoque\u0301s pour les deux premie\u0300res journe\u0301es des e\u0301liminatoires de la Coupe d&rsquo;Afrique des Nations (CAN) 2025.<\/p>\n<p>Lors d&rsquo;une confe\u0301rence de presse tenue au stade Fe\u0301lix Houphoue\u0308t-Boigny au Plateau, Fae\u0301 a surpris plus d&rsquo;un en laissant de co\u0302te\u0301 plusieurs cadres, dont Seko Fofana, Ghislain Konan, et Nicolas Pe\u0301pe\u0301.<\/p>\n<p>Le se\u0301lectionneur a opte\u0301 pour trois gardiens aux profils divers, mais tous capables de tenir la forteresse ivoirienne. Yahia Fofana, qui s&rsquo;est impose\u0301 a\u0300 la dernie\u0300re CAN a\u0300 domicile, est appele\u0301 a\u0300 continuer sur sa lance\u0301e. Il sera seconde\u0301 par Kone\u0301 Mohamed, un autre talent prometteur, et Sangare\u0301 Badra, l\u2019expe\u0301rimente\u0301, dont la pre\u0301sence rassure en cas de besoin.<\/p>\n<p>Pour la de\u0301fense, Emerse Fae\u0301 a choisi une combinaison de jeunes talents et de joueurs plus expe\u0301rimente\u0301s. On note l&rsquo;inclusion de Willy Boly, solide de\u0301fenseur central, ainsi que celle de Diomande\u0301 Ousmane, un espoir du football ivoirien. E. Agbadou du Stade de Reims, Gue\u0301la Doue\u0301 de Troyes, Koussounou, Ndicka Evan, Christophe Operi de Caen, Singo Wilfried de Torino FC, et Sylla Abakar comple\u0300tent cette ligne de\u0301fensive, qui se veut a\u0300 la fois technique et robuste.<\/p>\n<p>Au milieu de terrain, la se\u0301lection voit la se\u0301lection de joueurs expe\u0301rimente\u0301s comme Franck Kessie\u0301, mais aussi l&rsquo;inte\u0301gration de jeunes comme Dorgele\u0300s Maho, qui auront a\u0300 c\u0153ur de prouver leur valeur. Diomande\u0301 Mohamed, Ibrahim Sangare\u0301 du PSV Eindhoven, et Jean Seri, apporteront chacun une dimension diffe\u0301rente a\u0300 ce milieu, entre intelligence de jeu, capacite\u0301 a\u0300 briser les lignes, et vision.<\/p>\n<p>Co\u0302te\u0301 attaque, Emerse Fae\u0301 a fait appel a\u0300 une varie\u0301te\u0301 de profils, me\u0302lant vitesse, technique, et puissance physique. La se\u0301lection de Se\u0301bastien Haller, en pleine forme avec Dortmund, est faite pour rassurer l&rsquo;attaque. Simon Adingra de Brighton &amp; Hove Albion, Amad Diallo de Manchester United, Diakite\u0301 Oumar, Evann Guessand de Nice, Christian Kouame\u0301, Emmanuel Latte Lath de Serie A, et le jeune Traore\u0301 Be\u0301nie comple\u0300tent cette force de frappe qui s&rsquo;annonce redoutable.<\/p>\n<p>Les absences de Seko Fofana, Ghislain Konan, et Nicolas Pe\u0301pe\u0301 pour ces deux premie\u0300res journe\u0301es ont suscite\u0301 de nombreuses interrogations. Ces e\u0301liminatoires de la CAN 2025 constituent un ve\u0301ritable test pour la Co\u0302te d&rsquo;Ivoire. Avec une e\u0301quipe rajeunie et une base solide, les E\u0301le\u0301phants devront rapidement trouver leurs marques pour espe\u0301rer de\u0301crocher leur qualification. La prestation des joueurs se\u0301lectionne\u0301s en septembre sera donc scrute\u0301e de pre\u0300s par les observateurs et les supporters ivoiriens, toujours aussi passionne\u0301s par leur e\u0301quipe nationale.<\/p>\n<p>Notons que les hommes de Fae\u0301 affronteront pour leur premier match la Zambie au stade de la paix de Bouake\u0301 le vendredi 6 septembre 2024.<\/p>\n<p><strong>Pour plus d&rsquo;informations et d&rsquo;analyses sur la C\u00f4te d&rsquo;Ivoire, suivez Africa-Press<\/strong><\/p>\n","protected":false},"excerpt":{"rendered":"<p>Africa-Press &#8211; C\u00f4te d&rsquo;Ivoire. Ce lundi 26 aou\u0302t 2024, le se\u0301lectionneur de l&rsquo;e\u0301quipe nationale de Co\u0302te d&rsquo;Ivoire, Emerse Fae\u0301, a de\u0301voile\u0301 la liste des joueurs convoque\u0301s pour les deux premie\u0300res journe\u0301es des e\u0301liminatoires de la Coupe d&rsquo;Afrique des Nations (CAN) 2025. Lors d&rsquo;une confe\u0301rence de presse tenue au stade Fe\u0301lix Houphoue\u0308t-Boigny au Plateau, Fae\u0301 a [&hellip;]<\/p>\n","protected":false},"author":82,"featured_media":85791,"comment_status":"open","ping_status":"closed","sticky":false,"template":"","format":"standard","meta":{"footnotes":""},"categories":[6,10],"tags":[2874,29,14568,6891,12221,527,13715],"class_list":["post-85792","post","type-post","status-publish","format-standard","has-post-thumbnail","hentry","category-sports","category-toutes-les-actualites","tag-can","tag-cote-divoire","tag-emerse","tag-fae","tag-haller","tag-plateau","tag-seko"],"yoast_head":"<!-- This site is optimized with the Yoast SEO Premium plugin v26.1 (Yoast SEO v27.0) - https:\/\/yoast.com\/product\/yoast-seo-premium-wordpress\/ -->\n<title>\u00c9liminatoires CAN2025, Fa\u00e9 fait appel \u00e0 Amad Diallo pour les deux matchs de septembre, Seko Fofana, absent - C\u00f4te d&#039;Ivoire<\/title>\n<meta name=\"description\" content=\"Ce lundi 26 aou\u0302t 2024, le se\u0301lectionneur de l&#039;e\u0301quipe nationale de Co\u0302te d&#039;Ivoire, Emerse Fae\u0301, a de\u0301voile\u0301 la liste de ...\" \/>\n<meta name=\"robots\" content=\"index, follow, max-snippet:-1, max-image-preview:large, max-video-preview:-1\" \/>\n<link rel=\"canonical\" href=\"https:\/\/www.africa-press.net\/cotedivoire\/sports\/eliminatoires-can2025-fae-fait-appel-a-amad-diallo-pour-les-deux-matchs-de-septembre-seko-fofana-absent\" \/>\n<meta property=\"og:locale\" content=\"fr_FR\" \/>\n<meta property=\"og:type\" content=\"article\" \/>\n<meta property=\"og:title\" content=\"\u00c9liminatoires CAN2025, Fa\u00e9 fait appel \u00e0 Amad Diallo pour les deux matchs de septembre, Seko Fofana, absent\" \/>\n<meta property=\"og:description\" content=\"Ce lundi 26 aou\u0302t 2024, le se\u0301lectionneur de l&#039;e\u0301quipe nationale de Co\u0302te d&#039;Ivoire, Emerse Fae\u0301, a de\u0301voile\u0301 la liste de ...\" \/>\n<meta property=\"og:url\" content=\"https:\/\/www.africa-press.net\/cotedivoire\/sports\/eliminatoires-can2025-fae-fait-appel-a-amad-diallo-pour-les-deux-matchs-de-septembre-seko-fofana-absent\" \/>\n<meta property=\"og:site_name\" content=\"C\u00f4te d&#039;Ivoire\" \/>\n<meta property=\"article:published_time\" content=\"2024-08-26T17:25:04+00:00\" \/>\n<meta property=\"article:modified_time\" content=\"2024-08-26T18:20:24+00:00\" \/>\n<meta property=\"og:image\" content=\"https:\/\/static.africa-press.net\/cote\/sites\/43\/2024\/08\/sm_1724683799.818332.jpg\" \/>\n\t<meta property=\"og:image:width\" content=\"720\" \/>\n\t<meta property=\"og:image:height\" content=\"324\" \/>\n\t<meta property=\"og:image:type\" content=\"image\/jpeg\" \/>\n<meta name=\"author\" content=\"cfeditorfr\" \/>\n<meta name=\"twitter:card\" content=\"summary_large_image\" \/>\n<meta name=\"twitter:label1\" content=\"\u00c9crit par\" \/>\n\t<meta name=\"twitter:data1\" content=\"cfeditorfr\" \/>\n\t<meta name=\"twitter:label2\" content=\"Dur\u00e9e de lecture estim\u00e9e\" \/>\n\t<meta name=\"twitter:data2\" content=\"3 minutes\" \/>\n<script type=\"application\/ld+json\" class=\"yoast-schema-graph\">{\"@context\":\"https:\/\/schema.org\",\"@graph\":[{\"@type\":\"Article\",\"@id\":\"https:\/\/www.africa-press.net\/cotedivoire\/sports\/eliminatoires-can2025-fae-fait-appel-a-amad-diallo-pour-les-deux-matchs-de-septembre-seko-fofana-absent#article\",\"isPartOf\":{\"@id\":\"https:\/\/www.africa-press.net\/cotedivoire\/sports\/eliminatoires-can2025-fae-fait-appel-a-amad-diallo-pour-les-deux-matchs-de-septembre-seko-fofana-absent\"},\"author\":{\"name\":\"cfeditorfr\",\"@id\":\"https:\/\/www.africa-press.net\/cotedivoire\/#\/schema\/person\/2b1cf3cd81a31e3cd26889ca66d677f1\"},\"headline\":\"\u00c9liminatoires CAN2025, Fa\u00e9 fait appel \u00e0 Amad Diallo pour les deux matchs de septembre, Seko Fofana, absent\",\"datePublished\":\"2024-08-26T17:25:04+00:00\",\"dateModified\":\"2024-08-26T18:20:24+00:00\",\"mainEntityOfPage\":{\"@id\":\"https:\/\/www.africa-press.net\/cotedivoire\/sports\/eliminatoires-can2025-fae-fait-appel-a-amad-diallo-pour-les-deux-matchs-de-septembre-seko-fofana-absent\"},\"wordCount\":539,\"commentCount\":0,\"image\":{\"@id\":\"https:\/\/www.africa-press.net\/cotedivoire\/sports\/eliminatoires-can2025-fae-fait-appel-a-amad-diallo-pour-les-deux-matchs-de-septembre-seko-fofana-absent#primaryimage\"},\"thumbnailUrl\":\"https:\/\/static.africa-press.net\/cote\/sites\/43\/2024\/08\/sm_1724683799.818332.jpg\",\"keywords\":[\"CAN\",\"C\u00d4TE D'IVOIRE\",\"Emerse\",\"Fa\u00e9\",\"Haller\",\"Plateau\",\"Seko\"],\"articleSection\":[\"Sports\",\"Toutes les actualit\u00e9s\"],\"inLanguage\":\"fr-FR\",\"potentialAction\":[{\"@type\":\"CommentAction\",\"name\":\"Comment\",\"target\":[\"https:\/\/www.africa-press.net\/cotedivoire\/sports\/eliminatoires-can2025-fae-fait-appel-a-amad-diallo-pour-les-deux-matchs-de-septembre-seko-fofana-absent#respond\"]}]},{\"@type\":\"WebPage\",\"@id\":\"https:\/\/www.africa-press.net\/cotedivoire\/sports\/eliminatoires-can2025-fae-fait-appel-a-amad-diallo-pour-les-deux-matchs-de-septembre-seko-fofana-absent\",\"url\":\"https:\/\/www.africa-press.net\/cotedivoire\/sports\/eliminatoires-can2025-fae-fait-appel-a-amad-diallo-pour-les-deux-matchs-de-septembre-seko-fofana-absent\",\"name\":\"\u00c9liminatoires CAN2025, Fa\u00e9 fait appel \u00e0 Amad Diallo pour les deux matchs de septembre, Seko Fofana, absent - C\u00f4te d&#039;Ivoire\",\"isPartOf\":{\"@id\":\"https:\/\/www.africa-press.net\/cotedivoire\/#website\"},\"primaryImageOfPage\":{\"@id\":\"https:\/\/www.africa-press.net\/cotedivoire\/sports\/eliminatoires-can2025-fae-fait-appel-a-amad-diallo-pour-les-deux-matchs-de-septembre-seko-fofana-absent#primaryimage\"},\"image\":{\"@id\":\"https:\/\/www.africa-press.net\/cotedivoire\/sports\/eliminatoires-can2025-fae-fait-appel-a-amad-diallo-pour-les-deux-matchs-de-septembre-seko-fofana-absent#primaryimage\"},\"thumbnailUrl\":\"https:\/\/static.africa-press.net\/cote\/sites\/43\/2024\/08\/sm_1724683799.818332.jpg\",\"datePublished\":\"2024-08-26T17:25:04+00:00\",\"dateModified\":\"2024-08-26T18:20:24+00:00\",\"author\":{\"@id\":\"https:\/\/www.africa-press.net\/cotedivoire\/#\/schema\/person\/2b1cf3cd81a31e3cd26889ca66d677f1\"},\"description\":\"Ce lundi 26 aou\u0302t 2024, le se\u0301lectionneur de l'e\u0301quipe nationale de Co\u0302te d'Ivoire, Emerse Fae\u0301, a de\u0301voile\u0301 la liste de ...\",\"breadcrumb\":{\"@id\":\"https:\/\/www.africa-press.net\/cotedivoire\/sports\/eliminatoires-can2025-fae-fait-appel-a-amad-diallo-pour-les-deux-matchs-de-septembre-seko-fofana-absent#breadcrumb\"},\"inLanguage\":\"fr-FR\",\"potentialAction\":[{\"@type\":\"ReadAction\",\"target\":[\"https:\/\/www.africa-press.net\/cotedivoire\/sports\/eliminatoires-can2025-fae-fait-appel-a-amad-diallo-pour-les-deux-matchs-de-septembre-seko-fofana-absent\"]}]},{\"@type\":\"ImageObject\",\"inLanguage\":\"fr-FR\",\"@id\":\"https:\/\/www.africa-press.net\/cotedivoire\/sports\/eliminatoires-can2025-fae-fait-appel-a-amad-diallo-pour-les-deux-matchs-de-septembre-seko-fofana-absent#primaryimage\",\"url\":\"https:\/\/static.africa-press.net\/cote\/sites\/43\/2024\/08\/sm_1724683799.818332.jpg\",\"contentUrl\":\"https:\/\/static.africa-press.net\/cote\/sites\/43\/2024\/08\/sm_1724683799.818332.jpg\",\"width\":720,\"height\":324,\"caption\":\"\u00c9liminatoires CAN2025, Fa\u00e9 fait appel \u00e0 Amad Diallo pour les deux matchs de septembre, Seko Fofana, absent\"},{\"@type\":\"BreadcrumbList\",\"@id\":\"https:\/\/www.africa-press.net\/cotedivoire\/sports\/eliminatoires-can2025-fae-fait-appel-a-amad-diallo-pour-les-deux-matchs-de-septembre-seko-fofana-absent#breadcrumb\",\"itemListElement\":[{\"@type\":\"ListItem\",\"position\":1,\"name\":\"Accueil\",\"item\":\"https:\/\/www.africa-press.net\/cotedivoire\/\"},{\"@type\":\"ListItem\",\"position\":2,\"name\":\"\u00c9liminatoires CAN2025, Fa\u00e9 fait appel \u00e0 Amad Diallo pour les deux matchs de septembre, Seko Fofana, absent\"}]},{\"@type\":\"WebSite\",\"@id\":\"https:\/\/www.africa-press.net\/cotedivoire\/#website\",\"url\":\"https:\/\/www.africa-press.net\/cotedivoire\/\",\"name\":\"C\u00f4te d&#039;Ivoire\",\"description\":\"Just another Africa News Agency Sites site\",\"potentialAction\":[{\"@type\":\"SearchAction\",\"target\":{\"@type\":\"EntryPoint\",\"urlTemplate\":\"https:\/\/www.africa-press.net\/cotedivoire\/?s={search_term_string}\"},\"query-input\":{\"@type\":\"PropertyValueSpecification\",\"valueRequired\":true,\"valueName\":\"search_term_string\"}}],\"inLanguage\":\"fr-FR\"},{\"@type\":\"Person\",\"@id\":\"https:\/\/www.africa-press.net\/cotedivoire\/#\/schema\/person\/2b1cf3cd81a31e3cd26889ca66d677f1\",\"name\":\"cfeditorfr\"}]}<\/script>\n<!-- \/ Yoast SEO Premium plugin. -->","yoast_head_json":{"title":"\u00c9liminatoires CAN2025, Fa\u00e9 fait appel \u00e0 Amad Diallo pour les deux matchs de septembre, Seko Fofana, absent - C\u00f4te d&#039;Ivoire","description":"Ce lundi 26 aou\u0302t 2024, le se\u0301lectionneur de l'e\u0301quipe nationale de Co\u0302te d'Ivoire, Emerse Fae\u0301, a de\u0301voile\u0301 la liste de ...","robots":{"index":"index","follow":"follow","max-snippet":"max-snippet:-1","max-image-preview":"max-image-preview:large","max-video-preview":"max-video-preview:-1"},"canonical":"https:\/\/www.africa-press.net\/cotedivoire\/sports\/eliminatoires-can2025-fae-fait-appel-a-amad-diallo-pour-les-deux-matchs-de-septembre-seko-fofana-absent","og_locale":"fr_FR","og_type":"article","og_title":"\u00c9liminatoires CAN2025, Fa\u00e9 fait appel \u00e0 Amad Diallo pour les deux matchs de septembre, Seko Fofana, absent","og_description":"Ce lundi 26 aou\u0302t 2024, le se\u0301lectionneur de l'e\u0301quipe nationale de Co\u0302te d'Ivoire, Emerse Fae\u0301, a de\u0301voile\u0301 la liste de ...","og_url":"https:\/\/www.africa-press.net\/cotedivoire\/sports\/eliminatoires-can2025-fae-fait-appel-a-amad-diallo-pour-les-deux-matchs-de-septembre-seko-fofana-absent","og_site_name":"C\u00f4te d&#039;Ivoire","article_published_time":"2024-08-26T17:25:04+00:00","article_modified_time":"2024-08-26T18:20:24+00:00","og_image":[{"width":720,"height":324,"url":"https:\/\/static.africa-press.net\/cote\/sites\/43\/2024\/08\/sm_1724683799.818332.jpg","type":"image\/jpeg"}],"author":"cfeditorfr","twitter_card":"summary_large_image","twitter_misc":{"\u00c9crit par":"cfeditorfr","Dur\u00e9e de lecture estim\u00e9e":"3 minutes"},"schema":{"@context":"https:\/\/schema.org","@graph":[{"@type":"Article","@id":"https:\/\/www.africa-press.net\/cotedivoire\/sports\/eliminatoires-can2025-fae-fait-appel-a-amad-diallo-pour-les-deux-matchs-de-septembre-seko-fofana-absent#article","isPartOf":{"@id":"https:\/\/www.africa-press.net\/cotedivoire\/sports\/eliminatoires-can2025-fae-fait-appel-a-amad-diallo-pour-les-deux-matchs-de-septembre-seko-fofana-absent"},"author":{"name":"cfeditorfr","@id":"https:\/\/www.africa-press.net\/cotedivoire\/#\/schema\/person\/2b1cf3cd81a31e3cd26889ca66d677f1"},"headline":"\u00c9liminatoires CAN2025, Fa\u00e9 fait appel \u00e0 Amad Diallo pour les deux matchs de septembre, Seko Fofana, absent","datePublished":"2024-08-26T17:25:04+00:00","dateModified":"2024-08-26T18:20:24+00:00","mainEntityOfPage":{"@id":"https:\/\/www.africa-press.net\/cotedivoire\/sports\/eliminatoires-can2025-fae-fait-appel-a-amad-diallo-pour-les-deux-matchs-de-septembre-seko-fofana-absent"},"wordCount":539,"commentCount":0,"image":{"@id":"https:\/\/www.africa-press.net\/cotedivoire\/sports\/eliminatoires-can2025-fae-fait-appel-a-amad-diallo-pour-les-deux-matchs-de-septembre-seko-fofana-absent#primaryimage"},"thumbnailUrl":"https:\/\/static.africa-press.net\/cote\/sites\/43\/2024\/08\/sm_1724683799.818332.jpg","keywords":["CAN","C\u00d4TE D'IVOIRE","Emerse","Fa\u00e9","Haller","Plateau","Seko"],"articleSection":["Sports","Toutes les actualit\u00e9s"],"inLanguage":"fr-FR","potentialAction":[{"@type":"CommentAction","name":"Comment","target":["https:\/\/www.africa-press.net\/cotedivoire\/sports\/eliminatoires-can2025-fae-fait-appel-a-amad-diallo-pour-les-deux-matchs-de-septembre-seko-fofana-absent#respond"]}]},{"@type":"WebPage","@id":"https:\/\/www.africa-press.net\/cotedivoire\/sports\/eliminatoires-can2025-fae-fait-appel-a-amad-diallo-pour-les-deux-matchs-de-septembre-seko-fofana-absent","url":"https:\/\/www.africa-press.net\/cotedivoire\/sports\/eliminatoires-can2025-fae-fait-appel-a-amad-diallo-pour-les-deux-matchs-de-septembre-seko-fofana-absent","name":"\u00c9liminatoires CAN2025, Fa\u00e9 fait appel \u00e0 Amad Diallo pour les deux matchs de septembre, Seko Fofana, absent - C\u00f4te d&#039;Ivoire","isPartOf":{"@id":"https:\/\/www.africa-press.net\/cotedivoire\/#website"},"primaryImageOfPage":{"@id":"https:\/\/www.africa-press.net\/cotedivoire\/sports\/eliminatoires-can2025-fae-fait-appel-a-amad-diallo-pour-les-deux-matchs-de-septembre-seko-fofana-absent#primaryimage"},"image":{"@id":"https:\/\/www.africa-press.net\/cotedivoire\/sports\/eliminatoires-can2025-fae-fait-appel-a-amad-diallo-pour-les-deux-matchs-de-septembre-seko-fofana-absent#primaryimage"},"thumbnailUrl":"https:\/\/static.africa-press.net\/cote\/sites\/43\/2024\/08\/sm_1724683799.818332.jpg","datePublished":"2024-08-26T17:25:04+00:00","dateModified":"2024-08-26T18:20:24+00:00","author":{"@id":"https:\/\/www.africa-press.net\/cotedivoire\/#\/schema\/person\/2b1cf3cd81a31e3cd26889ca66d677f1"},"description":"Ce lundi 26 aou\u0302t 2024, le se\u0301lectionneur de l'e\u0301quipe nationale de Co\u0302te d'Ivoire, Emerse Fae\u0301, a de\u0301voile\u0301 la liste de ...","breadcrumb":{"@id":"https:\/\/www.africa-press.net\/cotedivoire\/sports\/eliminatoires-can2025-fae-fait-appel-a-amad-diallo-pour-les-deux-matchs-de-septembre-seko-fofana-absent#breadcrumb"},"inLanguage":"fr-FR","potentialAction":[{"@type":"ReadAction","target":["https:\/\/www.africa-press.net\/cotedivoire\/sports\/eliminatoires-can2025-fae-fait-appel-a-amad-diallo-pour-les-deux-matchs-de-septembre-seko-fofana-absent"]}]},{"@type":"ImageObject","inLanguage":"fr-FR","@id":"https:\/\/www.africa-press.net\/cotedivoire\/sports\/eliminatoires-can2025-fae-fait-appel-a-amad-diallo-pour-les-deux-matchs-de-septembre-seko-fofana-absent#primaryimage","url":"https:\/\/static.africa-press.net\/cote\/sites\/43\/2024\/08\/sm_1724683799.818332.jpg","contentUrl":"https:\/\/static.africa-press.net\/cote\/sites\/43\/2024\/08\/sm_1724683799.818332.jpg","width":720,"height":324,"caption":"\u00c9liminatoires CAN2025, Fa\u00e9 fait appel \u00e0 Amad Diallo pour les deux matchs de septembre, Seko Fofana, absent"},{"@type":"BreadcrumbList","@id":"https:\/\/www.africa-press.net\/cotedivoire\/sports\/eliminatoires-can2025-fae-fait-appel-a-amad-diallo-pour-les-deux-matchs-de-septembre-seko-fofana-absent#breadcrumb","itemListElement":[{"@type":"ListItem","position":1,"name":"Accueil","item":"https:\/\/www.africa-press.net\/cotedivoire\/"},{"@type":"ListItem","position":2,"name":"\u00c9liminatoires CAN2025, Fa\u00e9 fait appel \u00e0 Amad Diallo pour les deux matchs de septembre, Seko Fofana, absent"}]},{"@type":"WebSite","@id":"https:\/\/www.africa-press.net\/cotedivoire\/#website","url":"https:\/\/www.africa-press.net\/cotedivoire\/","name":"C\u00f4te d&#039;Ivoire","description":"Just another Africa News Agency Sites site","potentialAction":[{"@type":"SearchAction","target":{"@type":"EntryPoint","urlTemplate":"https:\/\/www.africa-press.net\/cotedivoire\/?s={search_term_string}"},"query-input":{"@type":"PropertyValueSpecification","valueRequired":true,"valueName":"search_term_string"}}],"inLanguage":"fr-FR"},{"@type":"Person","@id":"https:\/\/www.africa-press.net\/cotedivoire\/#\/schema\/person\/2b1cf3cd81a31e3cd26889ca66d677f1","name":"cfeditorfr"}]}},"_links":{"self":[{"href":"https:\/\/www.africa-press.net\/cotedivoire\/wp-json\/wp\/v2\/posts\/85792","targetHints":{"allow":["GET"]}}],"collection":[{"href":"https:\/\/www.africa-press.net\/cotedivoire\/wp-json\/wp\/v2\/posts"}],"about":[{"href":"https:\/\/www.africa-press.net\/cotedivoire\/wp-json\/wp\/v2\/types\/post"}],"author":[{"embeddable":true,"href":"https:\/\/www.africa-press.net\/cotedivoire\/wp-json\/wp\/v2\/users\/82"}],"replies":[{"embeddable":true,"href":"https:\/\/www.africa-press.net\/cotedivoire\/wp-json\/wp\/v2\/comments?post=85792"}],"version-history":[{"count":0,"href":"https:\/\/www.africa-press.net\/cotedivoire\/wp-json\/wp\/v2\/posts\/85792\/revisions"}],"wp:featuredmedia":[{"embeddable":true,"href":"https:\/\/www.africa-press.net\/cotedivoire\/wp-json\/wp\/v2\/media\/85791"}],"wp:attachment":[{"href":"https:\/\/www.africa-press.net\/cotedivoire\/wp-json\/wp\/v2\/media?parent=85792"}],"wp:term":[{"taxonomy":"category","embeddable":true,"href":"https:\/\/www.africa-press.net\/cotedivoire\/wp-json\/wp\/v2\/categories?post=85792"},{"taxonomy":"post_tag","embeddable":true,"href":"https:\/\/www.africa-press.net\/cotedivoire\/wp-json\/wp\/v2\/tags?post=85792"}],"curies":[{"name":"wp","href":"https:\/\/api.w.org\/{rel}","templated":true}]}}