{"id":8588,"date":"2021-06-05T13:43:09","date_gmt":"2021-06-05T13:43:09","guid":{"rendered":"https:\/\/www.africa-press.net\/cotedivoire\/?p=8588"},"modified":"2021-06-05T17:48:37","modified_gmt":"2021-06-05T17:48:37","slug":"yopougon-cote-divoire-lhotel-astral-ouvre-officiellement-ses-portes-en-presence-du-ministre-siandou-fofana","status":"publish","type":"post","link":"https:\/\/www.africa-press.net\/cotedivoire\/economie\/yopougon-cote-divoire-lhotel-astral-ouvre-officiellement-ses-portes-en-presence-du-ministre-siandou-fofana","title":{"rendered":"Yopougon\/C\u00f4te-d\u2019Ivoire: L\u2019H\u00f4tel Astral ouvre officiellement ses portes en pr\u00e9sence du ministre Siandou Fofana"},"content":{"rendered":"<p><span style=\"color: #ff6600\"><strong><a href=\"https:\/\/www.africa-press.net\/\">Africa-Press<\/a> &#8211; <a href=\"https:\/\/www.africa-press.net\/cotedivoire\">C\u00f4te d&rsquo;Ivoire<\/a>. <\/strong><\/span>La cha\u00eene h\u00f4teli\u00e8re \u00ab H\u00f4tel and Luxury Housing \u00bb (HLH) pr\u00e9sente dans la capitale \u00e9conomique de notre pays avec \u00e0 son actif 3 h\u00f4tels de diff\u00e9rents standings en exploitation a officiellement ouvert les portes de son h\u00f4tel business (H\u00f4tel ASTRAL) situ\u00e9 dans la zone tr\u00e8s strat\u00e9gique de la plus grande commune de notre pays(la zone industrielle de Yopougon).<\/p>\n<p>L\u2019ouverture officielle du premier et seul h\u00f4tel business aux standards internationaux de la zone industrielle de Yopougon a eu lieu hier jeudi 3 juin 2021 en pr\u00e9sence de plusieurs personnalit\u00e9s dont le premier responsable de l\u2019industrie touristique, le ministre du tourisme et des loisirs, M. Siandou Fofana.<\/p>\n<p>Aux dires de M. Abdoul Beydoun, Pdg du HLH, \u00ab la cha\u00eene HLH a pour ambition de devenir la cha\u00eene h\u00f4teli\u00e8re aux standards internationaux de r\u00e9f\u00e9rence en C\u00f4te d\u2019Ivoire et dans la sous-r\u00e9gion gr\u00e2ce \u00e0 ses projets en cours et \u00e0 venir \u00bb. Il a traduit toute sa gratitude \u00e0 l\u2019\u00c9tat de C\u00f4te d\u2019Ivoire et \u00e0 son gouvernement pour avoir cr\u00e9\u00e9 des conditions favorables d\u2019implantation et d\u2019int\u00e9gration avant de conclure que: \u00ab soucieuse du d\u00e9veloppement social et \u00e9conomique du continent, la cha\u00eene h\u00f4teli\u00e8re HLH contribuera \u00e0 la cr\u00e9ation d\u2019emplois directs et indirects et \u00e0 la formation de la jeunesse gr\u00e2ce \u00e0 des partenariats avec des \u00e9coles h\u00f4teli\u00e8res tout en privil\u00e9giant la consommation des produits du terroir \u00bb. Pour le ministre Siandou Fofana, la cha\u00eene h\u00f4teli\u00e8re HLH s\u2019inscrit pleinement dans le plan strat\u00e9gique national initi\u00e9 par son d\u00e9partement \u00e0 travers le projet \u00ab sublime C\u00f4te d\u2019Ivoire \u00bb pour booster non seulement la destination C\u00f4te d\u2019Ivoire mais aussi l\u2019industrie touristique. \u00ab Nous encourageons et sommes pr\u00eats \u00e0 accompagner toutes les initiatives qui \u00e9pousent notre plan strat\u00e9gique \u00bb a-t-il lanc\u00e9 pour terminer.<\/p>\n<p>Notons que l\u2019H\u00f4tel ASTRAL situ\u00e9 dans la zone industrielle de Yopougon est un complexe de 25 chambres classiques et 4 appartements, des salles de r\u00e9union et plusieurs autres prestations sur un espace s\u00e9curis\u00e9.<\/p>\n<p>&nbsp;<\/p>\n","protected":false},"excerpt":{"rendered":"<p>Africa-Press &#8211; C\u00f4te d&rsquo;Ivoire. La cha\u00eene h\u00f4teli\u00e8re \u00ab H\u00f4tel and Luxury Housing \u00bb (HLH) pr\u00e9sente dans la capitale \u00e9conomique de notre pays avec \u00e0 son actif 3 h\u00f4tels de diff\u00e9rents standings en exploitation a officiellement ouvert les portes de son h\u00f4tel business (H\u00f4tel ASTRAL) situ\u00e9 dans la zone tr\u00e8s strat\u00e9gique de la plus grande commune [&hellip;]<\/p>\n","protected":false},"author":82,"featured_media":8587,"comment_status":"open","ping_status":"closed","sticky":false,"template":"","format":"standard","meta":{"footnotes":""},"categories":[3,11,10],"tags":[56,63,29],"class_list":["post-8588","post","type-post","status-publish","format-standard","has-post-thumbnail","hentry","category-economie","category-homepage-french","category-toutes-les-actualites","tag-africa-press","tag-africa-press-cote-divoire","tag-cote-divoire"],"yoast_head":"<!-- This site is optimized with the Yoast SEO Premium plugin v26.1 (Yoast SEO v27.0) - https:\/\/yoast.com\/product\/yoast-seo-premium-wordpress\/ -->\n<title>Yopougon\/C\u00f4te-d\u2019Ivoire: L\u2019H\u00f4tel Astral ouvre officiellement ses portes en pr\u00e9sence du ministre Siandou Fofana - C\u00f4te d&#039;Ivoire<\/title>\n<meta name=\"description\" content=\"La cha\u00eene h\u00f4teli\u00e8re \u00ab H\u00f4tel and Luxury Housing \u00bb (HLH) pr\u00e9sente dans la capitale \u00e9conomique de notre pays avec \u00e0 son act ...\" \/>\n<meta name=\"robots\" content=\"index, follow, max-snippet:-1, max-image-preview:large, max-video-preview:-1\" \/>\n<link rel=\"canonical\" href=\"https:\/\/www.africa-press.net\/cotedivoire\/economie\/yopougon-cote-divoire-lhotel-astral-ouvre-officiellement-ses-portes-en-presence-du-ministre-siandou-fofana\" \/>\n<meta property=\"og:locale\" content=\"fr_FR\" \/>\n<meta property=\"og:type\" content=\"article\" \/>\n<meta property=\"og:title\" content=\"Yopougon\/C\u00f4te-d\u2019Ivoire: L\u2019H\u00f4tel Astral ouvre officiellement ses portes en pr\u00e9sence du ministre Siandou Fofana\" \/>\n<meta property=\"og:description\" content=\"La cha\u00eene h\u00f4teli\u00e8re \u00ab H\u00f4tel and Luxury Housing \u00bb (HLH) pr\u00e9sente dans la capitale \u00e9conomique de notre pays avec \u00e0 son act ...\" \/>\n<meta property=\"og:url\" content=\"https:\/\/www.africa-press.net\/cotedivoire\/economie\/yopougon-cote-divoire-lhotel-astral-ouvre-officiellement-ses-portes-en-presence-du-ministre-siandou-fofana\" \/>\n<meta property=\"og:site_name\" content=\"C\u00f4te d&#039;Ivoire\" \/>\n<meta property=\"article:published_time\" content=\"2021-06-05T13:43:09+00:00\" \/>\n<meta property=\"article:modified_time\" content=\"2021-06-05T17:48:37+00:00\" \/>\n<meta property=\"og:image\" content=\"https:\/\/static.africa-press.net\/cote\/sites\/43\/2021\/06\/img-60bb79fc8c17d.jpg\" \/>\n\t<meta property=\"og:image:width\" content=\"720\" \/>\n\t<meta property=\"og:image:height\" content=\"479\" \/>\n\t<meta property=\"og:image:type\" content=\"image\/jpeg\" \/>\n<meta name=\"author\" content=\"cfeditorfr\" \/>\n<meta name=\"twitter:card\" content=\"summary_large_image\" \/>\n<meta name=\"twitter:label1\" content=\"\u00c9crit par\" \/>\n\t<meta name=\"twitter:data1\" content=\"cfeditorfr\" \/>\n\t<meta name=\"twitter:label2\" content=\"Dur\u00e9e de lecture estim\u00e9e\" \/>\n\t<meta name=\"twitter:data2\" content=\"2 minutes\" \/>\n<script type=\"application\/ld+json\" class=\"yoast-schema-graph\">{\"@context\":\"https:\/\/schema.org\",\"@graph\":[{\"@type\":\"Article\",\"@id\":\"https:\/\/www.africa-press.net\/cotedivoire\/economie\/yopougon-cote-divoire-lhotel-astral-ouvre-officiellement-ses-portes-en-presence-du-ministre-siandou-fofana#article\",\"isPartOf\":{\"@id\":\"https:\/\/www.africa-press.net\/cotedivoire\/economie\/yopougon-cote-divoire-lhotel-astral-ouvre-officiellement-ses-portes-en-presence-du-ministre-siandou-fofana\"},\"author\":{\"name\":\"cfeditorfr\",\"@id\":\"https:\/\/www.africa-press.net\/cotedivoire\/#\/schema\/person\/2b1cf3cd81a31e3cd26889ca66d677f1\"},\"headline\":\"Yopougon\/C\u00f4te-d\u2019Ivoire: L\u2019H\u00f4tel Astral ouvre officiellement ses portes en pr\u00e9sence du ministre Siandou Fofana\",\"datePublished\":\"2021-06-05T13:43:09+00:00\",\"dateModified\":\"2021-06-05T17:48:37+00:00\",\"mainEntityOfPage\":{\"@id\":\"https:\/\/www.africa-press.net\/cotedivoire\/economie\/yopougon-cote-divoire-lhotel-astral-ouvre-officiellement-ses-portes-en-presence-du-ministre-siandou-fofana\"},\"wordCount\":378,\"commentCount\":0,\"image\":{\"@id\":\"https:\/\/www.africa-press.net\/cotedivoire\/economie\/yopougon-cote-divoire-lhotel-astral-ouvre-officiellement-ses-portes-en-presence-du-ministre-siandou-fofana#primaryimage\"},\"thumbnailUrl\":\"https:\/\/static.africa-press.net\/cote\/sites\/43\/2021\/06\/img-60bb79fc8c17d.jpg\",\"keywords\":[\"Africa Press\",\"Africa Press-C\u00f4te d'Ivoire\",\"C\u00d4TE D'IVOIRE\"],\"articleSection\":[\"\u00c9conomie\",\"homepage-french\",\"Toutes les actualit\u00e9s\"],\"inLanguage\":\"fr-FR\",\"potentialAction\":[{\"@type\":\"CommentAction\",\"name\":\"Comment\",\"target\":[\"https:\/\/www.africa-press.net\/cotedivoire\/economie\/yopougon-cote-divoire-lhotel-astral-ouvre-officiellement-ses-portes-en-presence-du-ministre-siandou-fofana#respond\"]}]},{\"@type\":\"WebPage\",\"@id\":\"https:\/\/www.africa-press.net\/cotedivoire\/economie\/yopougon-cote-divoire-lhotel-astral-ouvre-officiellement-ses-portes-en-presence-du-ministre-siandou-fofana\",\"url\":\"https:\/\/www.africa-press.net\/cotedivoire\/economie\/yopougon-cote-divoire-lhotel-astral-ouvre-officiellement-ses-portes-en-presence-du-ministre-siandou-fofana\",\"name\":\"Yopougon\/C\u00f4te-d\u2019Ivoire: L\u2019H\u00f4tel Astral ouvre officiellement ses portes en pr\u00e9sence du ministre Siandou Fofana - C\u00f4te d&#039;Ivoire\",\"isPartOf\":{\"@id\":\"https:\/\/www.africa-press.net\/cotedivoire\/#website\"},\"primaryImageOfPage\":{\"@id\":\"https:\/\/www.africa-press.net\/cotedivoire\/economie\/yopougon-cote-divoire-lhotel-astral-ouvre-officiellement-ses-portes-en-presence-du-ministre-siandou-fofana#primaryimage\"},\"image\":{\"@id\":\"https:\/\/www.africa-press.net\/cotedivoire\/economie\/yopougon-cote-divoire-lhotel-astral-ouvre-officiellement-ses-portes-en-presence-du-ministre-siandou-fofana#primaryimage\"},\"thumbnailUrl\":\"https:\/\/static.africa-press.net\/cote\/sites\/43\/2021\/06\/img-60bb79fc8c17d.jpg\",\"datePublished\":\"2021-06-05T13:43:09+00:00\",\"dateModified\":\"2021-06-05T17:48:37+00:00\",\"author\":{\"@id\":\"https:\/\/www.africa-press.net\/cotedivoire\/#\/schema\/person\/2b1cf3cd81a31e3cd26889ca66d677f1\"},\"description\":\"La cha\u00eene h\u00f4teli\u00e8re \u00ab H\u00f4tel and Luxury Housing \u00bb (HLH) pr\u00e9sente dans la capitale \u00e9conomique de notre pays avec \u00e0 son act ...\",\"breadcrumb\":{\"@id\":\"https:\/\/www.africa-press.net\/cotedivoire\/economie\/yopougon-cote-divoire-lhotel-astral-ouvre-officiellement-ses-portes-en-presence-du-ministre-siandou-fofana#breadcrumb\"},\"inLanguage\":\"fr-FR\",\"potentialAction\":[{\"@type\":\"ReadAction\",\"target\":[\"https:\/\/www.africa-press.net\/cotedivoire\/economie\/yopougon-cote-divoire-lhotel-astral-ouvre-officiellement-ses-portes-en-presence-du-ministre-siandou-fofana\"]}]},{\"@type\":\"ImageObject\",\"inLanguage\":\"fr-FR\",\"@id\":\"https:\/\/www.africa-press.net\/cotedivoire\/economie\/yopougon-cote-divoire-lhotel-astral-ouvre-officiellement-ses-portes-en-presence-du-ministre-siandou-fofana#primaryimage\",\"url\":\"https:\/\/static.africa-press.net\/cote\/sites\/43\/2021\/06\/img-60bb79fc8c17d.jpg\",\"contentUrl\":\"https:\/\/static.africa-press.net\/cote\/sites\/43\/2021\/06\/img-60bb79fc8c17d.jpg\",\"width\":720,\"height\":479,\"caption\":\"Yopougon\/C\u00f4te-d\u2019Ivoire: L\u2019H\u00f4tel Astral ouvre officiellement ses portes en pr\u00e9sence du ministre Siandou Fofana\"},{\"@type\":\"BreadcrumbList\",\"@id\":\"https:\/\/www.africa-press.net\/cotedivoire\/economie\/yopougon-cote-divoire-lhotel-astral-ouvre-officiellement-ses-portes-en-presence-du-ministre-siandou-fofana#breadcrumb\",\"itemListElement\":[{\"@type\":\"ListItem\",\"position\":1,\"name\":\"Accueil\",\"item\":\"https:\/\/www.africa-press.net\/cotedivoire\/\"},{\"@type\":\"ListItem\",\"position\":2,\"name\":\"Yopougon\/C\u00f4te-d\u2019Ivoire: L\u2019H\u00f4tel Astral ouvre officiellement ses portes en pr\u00e9sence du ministre Siandou Fofana\"}]},{\"@type\":\"WebSite\",\"@id\":\"https:\/\/www.africa-press.net\/cotedivoire\/#website\",\"url\":\"https:\/\/www.africa-press.net\/cotedivoire\/\",\"name\":\"C\u00f4te d&#039;Ivoire\",\"description\":\"Just another Africa News Agency Sites site\",\"potentialAction\":[{\"@type\":\"SearchAction\",\"target\":{\"@type\":\"EntryPoint\",\"urlTemplate\":\"https:\/\/www.africa-press.net\/cotedivoire\/?s={search_term_string}\"},\"query-input\":{\"@type\":\"PropertyValueSpecification\",\"valueRequired\":true,\"valueName\":\"search_term_string\"}}],\"inLanguage\":\"fr-FR\"},{\"@type\":\"Person\",\"@id\":\"https:\/\/www.africa-press.net\/cotedivoire\/#\/schema\/person\/2b1cf3cd81a31e3cd26889ca66d677f1\",\"name\":\"cfeditorfr\"}]}<\/script>\n<!-- \/ Yoast SEO Premium plugin. -->","yoast_head_json":{"title":"Yopougon\/C\u00f4te-d\u2019Ivoire: L\u2019H\u00f4tel Astral ouvre officiellement ses portes en pr\u00e9sence du ministre Siandou Fofana - C\u00f4te d&#039;Ivoire","description":"La cha\u00eene h\u00f4teli\u00e8re \u00ab H\u00f4tel and Luxury Housing \u00bb (HLH) pr\u00e9sente dans la capitale \u00e9conomique de notre pays avec \u00e0 son act ...","robots":{"index":"index","follow":"follow","max-snippet":"max-snippet:-1","max-image-preview":"max-image-preview:large","max-video-preview":"max-video-preview:-1"},"canonical":"https:\/\/www.africa-press.net\/cotedivoire\/economie\/yopougon-cote-divoire-lhotel-astral-ouvre-officiellement-ses-portes-en-presence-du-ministre-siandou-fofana","og_locale":"fr_FR","og_type":"article","og_title":"Yopougon\/C\u00f4te-d\u2019Ivoire: L\u2019H\u00f4tel Astral ouvre officiellement ses portes en pr\u00e9sence du ministre Siandou Fofana","og_description":"La cha\u00eene h\u00f4teli\u00e8re \u00ab H\u00f4tel and Luxury Housing \u00bb (HLH) pr\u00e9sente dans la capitale \u00e9conomique de notre pays avec \u00e0 son act ...","og_url":"https:\/\/www.africa-press.net\/cotedivoire\/economie\/yopougon-cote-divoire-lhotel-astral-ouvre-officiellement-ses-portes-en-presence-du-ministre-siandou-fofana","og_site_name":"C\u00f4te d&#039;Ivoire","article_published_time":"2021-06-05T13:43:09+00:00","article_modified_time":"2021-06-05T17:48:37+00:00","og_image":[{"width":720,"height":479,"url":"https:\/\/static.africa-press.net\/cote\/sites\/43\/2021\/06\/img-60bb79fc8c17d.jpg","type":"image\/jpeg"}],"author":"cfeditorfr","twitter_card":"summary_large_image","twitter_misc":{"\u00c9crit par":"cfeditorfr","Dur\u00e9e de lecture estim\u00e9e":"2 minutes"},"schema":{"@context":"https:\/\/schema.org","@graph":[{"@type":"Article","@id":"https:\/\/www.africa-press.net\/cotedivoire\/economie\/yopougon-cote-divoire-lhotel-astral-ouvre-officiellement-ses-portes-en-presence-du-ministre-siandou-fofana#article","isPartOf":{"@id":"https:\/\/www.africa-press.net\/cotedivoire\/economie\/yopougon-cote-divoire-lhotel-astral-ouvre-officiellement-ses-portes-en-presence-du-ministre-siandou-fofana"},"author":{"name":"cfeditorfr","@id":"https:\/\/www.africa-press.net\/cotedivoire\/#\/schema\/person\/2b1cf3cd81a31e3cd26889ca66d677f1"},"headline":"Yopougon\/C\u00f4te-d\u2019Ivoire: L\u2019H\u00f4tel Astral ouvre officiellement ses portes en pr\u00e9sence du ministre Siandou Fofana","datePublished":"2021-06-05T13:43:09+00:00","dateModified":"2021-06-05T17:48:37+00:00","mainEntityOfPage":{"@id":"https:\/\/www.africa-press.net\/cotedivoire\/economie\/yopougon-cote-divoire-lhotel-astral-ouvre-officiellement-ses-portes-en-presence-du-ministre-siandou-fofana"},"wordCount":378,"commentCount":0,"image":{"@id":"https:\/\/www.africa-press.net\/cotedivoire\/economie\/yopougon-cote-divoire-lhotel-astral-ouvre-officiellement-ses-portes-en-presence-du-ministre-siandou-fofana#primaryimage"},"thumbnailUrl":"https:\/\/static.africa-press.net\/cote\/sites\/43\/2021\/06\/img-60bb79fc8c17d.jpg","keywords":["Africa Press","Africa Press-C\u00f4te d'Ivoire","C\u00d4TE D'IVOIRE"],"articleSection":["\u00c9conomie","homepage-french","Toutes les actualit\u00e9s"],"inLanguage":"fr-FR","potentialAction":[{"@type":"CommentAction","name":"Comment","target":["https:\/\/www.africa-press.net\/cotedivoire\/economie\/yopougon-cote-divoire-lhotel-astral-ouvre-officiellement-ses-portes-en-presence-du-ministre-siandou-fofana#respond"]}]},{"@type":"WebPage","@id":"https:\/\/www.africa-press.net\/cotedivoire\/economie\/yopougon-cote-divoire-lhotel-astral-ouvre-officiellement-ses-portes-en-presence-du-ministre-siandou-fofana","url":"https:\/\/www.africa-press.net\/cotedivoire\/economie\/yopougon-cote-divoire-lhotel-astral-ouvre-officiellement-ses-portes-en-presence-du-ministre-siandou-fofana","name":"Yopougon\/C\u00f4te-d\u2019Ivoire: L\u2019H\u00f4tel Astral ouvre officiellement ses portes en pr\u00e9sence du ministre Siandou Fofana - C\u00f4te d&#039;Ivoire","isPartOf":{"@id":"https:\/\/www.africa-press.net\/cotedivoire\/#website"},"primaryImageOfPage":{"@id":"https:\/\/www.africa-press.net\/cotedivoire\/economie\/yopougon-cote-divoire-lhotel-astral-ouvre-officiellement-ses-portes-en-presence-du-ministre-siandou-fofana#primaryimage"},"image":{"@id":"https:\/\/www.africa-press.net\/cotedivoire\/economie\/yopougon-cote-divoire-lhotel-astral-ouvre-officiellement-ses-portes-en-presence-du-ministre-siandou-fofana#primaryimage"},"thumbnailUrl":"https:\/\/static.africa-press.net\/cote\/sites\/43\/2021\/06\/img-60bb79fc8c17d.jpg","datePublished":"2021-06-05T13:43:09+00:00","dateModified":"2021-06-05T17:48:37+00:00","author":{"@id":"https:\/\/www.africa-press.net\/cotedivoire\/#\/schema\/person\/2b1cf3cd81a31e3cd26889ca66d677f1"},"description":"La cha\u00eene h\u00f4teli\u00e8re \u00ab H\u00f4tel and Luxury Housing \u00bb (HLH) pr\u00e9sente dans la capitale \u00e9conomique de notre pays avec \u00e0 son act ...","breadcrumb":{"@id":"https:\/\/www.africa-press.net\/cotedivoire\/economie\/yopougon-cote-divoire-lhotel-astral-ouvre-officiellement-ses-portes-en-presence-du-ministre-siandou-fofana#breadcrumb"},"inLanguage":"fr-FR","potentialAction":[{"@type":"ReadAction","target":["https:\/\/www.africa-press.net\/cotedivoire\/economie\/yopougon-cote-divoire-lhotel-astral-ouvre-officiellement-ses-portes-en-presence-du-ministre-siandou-fofana"]}]},{"@type":"ImageObject","inLanguage":"fr-FR","@id":"https:\/\/www.africa-press.net\/cotedivoire\/economie\/yopougon-cote-divoire-lhotel-astral-ouvre-officiellement-ses-portes-en-presence-du-ministre-siandou-fofana#primaryimage","url":"https:\/\/static.africa-press.net\/cote\/sites\/43\/2021\/06\/img-60bb79fc8c17d.jpg","contentUrl":"https:\/\/static.africa-press.net\/cote\/sites\/43\/2021\/06\/img-60bb79fc8c17d.jpg","width":720,"height":479,"caption":"Yopougon\/C\u00f4te-d\u2019Ivoire: L\u2019H\u00f4tel Astral ouvre officiellement ses portes en pr\u00e9sence du ministre Siandou Fofana"},{"@type":"BreadcrumbList","@id":"https:\/\/www.africa-press.net\/cotedivoire\/economie\/yopougon-cote-divoire-lhotel-astral-ouvre-officiellement-ses-portes-en-presence-du-ministre-siandou-fofana#breadcrumb","itemListElement":[{"@type":"ListItem","position":1,"name":"Accueil","item":"https:\/\/www.africa-press.net\/cotedivoire\/"},{"@type":"ListItem","position":2,"name":"Yopougon\/C\u00f4te-d\u2019Ivoire: L\u2019H\u00f4tel Astral ouvre officiellement ses portes en pr\u00e9sence du ministre Siandou Fofana"}]},{"@type":"WebSite","@id":"https:\/\/www.africa-press.net\/cotedivoire\/#website","url":"https:\/\/www.africa-press.net\/cotedivoire\/","name":"C\u00f4te d&#039;Ivoire","description":"Just another Africa News Agency Sites site","potentialAction":[{"@type":"SearchAction","target":{"@type":"EntryPoint","urlTemplate":"https:\/\/www.africa-press.net\/cotedivoire\/?s={search_term_string}"},"query-input":{"@type":"PropertyValueSpecification","valueRequired":true,"valueName":"search_term_string"}}],"inLanguage":"fr-FR"},{"@type":"Person","@id":"https:\/\/www.africa-press.net\/cotedivoire\/#\/schema\/person\/2b1cf3cd81a31e3cd26889ca66d677f1","name":"cfeditorfr"}]}},"_links":{"self":[{"href":"https:\/\/www.africa-press.net\/cotedivoire\/wp-json\/wp\/v2\/posts\/8588","targetHints":{"allow":["GET"]}}],"collection":[{"href":"https:\/\/www.africa-press.net\/cotedivoire\/wp-json\/wp\/v2\/posts"}],"about":[{"href":"https:\/\/www.africa-press.net\/cotedivoire\/wp-json\/wp\/v2\/types\/post"}],"author":[{"embeddable":true,"href":"https:\/\/www.africa-press.net\/cotedivoire\/wp-json\/wp\/v2\/users\/82"}],"replies":[{"embeddable":true,"href":"https:\/\/www.africa-press.net\/cotedivoire\/wp-json\/wp\/v2\/comments?post=8588"}],"version-history":[{"count":0,"href":"https:\/\/www.africa-press.net\/cotedivoire\/wp-json\/wp\/v2\/posts\/8588\/revisions"}],"wp:featuredmedia":[{"embeddable":true,"href":"https:\/\/www.africa-press.net\/cotedivoire\/wp-json\/wp\/v2\/media\/8587"}],"wp:attachment":[{"href":"https:\/\/www.africa-press.net\/cotedivoire\/wp-json\/wp\/v2\/media?parent=8588"}],"wp:term":[{"taxonomy":"category","embeddable":true,"href":"https:\/\/www.africa-press.net\/cotedivoire\/wp-json\/wp\/v2\/categories?post=8588"},{"taxonomy":"post_tag","embeddable":true,"href":"https:\/\/www.africa-press.net\/cotedivoire\/wp-json\/wp\/v2\/tags?post=8588"}],"curies":[{"name":"wp","href":"https:\/\/api.w.org\/{rel}","templated":true}]}}