{"id":8591,"date":"2021-06-05T13:49:55","date_gmt":"2021-06-05T13:49:55","guid":{"rendered":"https:\/\/www.africa-press.net\/cotedivoire\/?p=8591"},"modified":"2021-06-05T17:48:46","modified_gmt":"2021-06-05T17:48:46","slug":"daoukro-cote-divoire-endeuille-bedie-recoit-les-salutations-fraternelles-de-ouattara-et-les-condoleances-de-patrick-achi","status":"publish","type":"post","link":"https:\/\/www.africa-press.net\/cotedivoire\/parties\/daoukro-cote-divoire-endeuille-bedie-recoit-les-salutations-fraternelles-de-ouattara-et-les-condoleances-de-patrick-achi","title":{"rendered":"Daoukro\/C\u00f4te-d\u2019Ivoire: Endeuill\u00e9, B\u00e9di\u00e9 re\u00e7oit les salutations fraternelles de Ouattara et les condol\u00e9ances de Patrick Achi"},"content":{"rendered":"<p><span style=\"color: #ff6600\"><strong><a href=\"https:\/\/www.africa-press.net\/\">Africa-Press<\/a> &#8211; <a href=\"https:\/\/www.africa-press.net\/cotedivoire\">C\u00f4te d&rsquo;Ivoire<\/a>. <\/strong><\/span>Le Premier Ministre ivoirien, Patrick Achi \u00e9tait \u00e0 Daoukro dans la matin\u00e9e du vendredi 4 juin 2021 pour pr\u00e9senter ses condol\u00e9ances au pr\u00e9sident du Pdci Rda, Henri Konan B\u00e9di\u00e9 et \u00e0 son \u00e9pouse Henriette, suite au rappel \u00e0 Dieu de Konan Henri, neveu et tr\u00e8s proche collaborateur de l\u2019ex pr\u00e9sident de la R\u00e9publique.<\/p>\n<p>\u00c0 l\u2019occasion de cette visite de condol\u00e9ances, le Premier ministre Patrick Achi a transmis \u00e0 Henri Konan B\u00e9di\u00e9 , les salutations fraternelles du pr\u00e9sident de la R\u00e9publique, Alassane Ouattara.<\/p>\n<p>Patrick Achi qui avait une relation personnelle forte avec le d\u00e9funt Konan Henri, n\u2019avait pas pu participer aux obs\u00e8ques de celui-ci en mai 2021.<\/p>\n<p>&nbsp;<\/p>\n","protected":false},"excerpt":{"rendered":"<p>Africa-Press &#8211; C\u00f4te d&rsquo;Ivoire. Le Premier Ministre ivoirien, Patrick Achi \u00e9tait \u00e0 Daoukro dans la matin\u00e9e du vendredi 4 juin 2021 pour pr\u00e9senter ses condol\u00e9ances au pr\u00e9sident du Pdci Rda, Henri Konan B\u00e9di\u00e9 et \u00e0 son \u00e9pouse Henriette, suite au rappel \u00e0 Dieu de Konan Henri, neveu et tr\u00e8s proche collaborateur de l\u2019ex pr\u00e9sident de [&hellip;]<\/p>\n","protected":false},"author":82,"featured_media":8590,"comment_status":"open","ping_status":"closed","sticky":false,"template":"","format":"standard","meta":{"footnotes":""},"categories":[11,4,10],"tags":[56,63,29],"class_list":["post-8591","post","type-post","status-publish","format-standard","has-post-thumbnail","hentry","category-homepage-french","category-parties","category-toutes-les-actualites","tag-africa-press","tag-africa-press-cote-divoire","tag-cote-divoire"],"yoast_head":"<!-- This site is optimized with the Yoast SEO Premium plugin v26.1 (Yoast SEO v27.0) - https:\/\/yoast.com\/product\/yoast-seo-premium-wordpress\/ -->\n<title>Daoukro\/C\u00f4te-d\u2019Ivoire: Endeuill\u00e9, B\u00e9di\u00e9 re\u00e7oit les salutations fraternelles de Ouattara et les condol\u00e9ances de Patrick Achi - C\u00f4te d&#039;Ivoire<\/title>\n<meta name=\"description\" content=\"Le Premier Ministre ivoirien, Patrick Achi \u00e9tait \u00e0 Daoukro dans la matin\u00e9e du vendredi 4 juin 2021 pour pr\u00e9senter ses co ...\" \/>\n<meta name=\"robots\" content=\"index, follow, max-snippet:-1, max-image-preview:large, max-video-preview:-1\" \/>\n<link rel=\"canonical\" href=\"http:\/\/www.africa-press.net\/cotedivoire\/parties\/daoukro-cote-divoire-endeuille-bedie-recoit-les-salutations-fraternelles-de-ouattara-et-les-condoleances-de-patrick-achi\" \/>\n<meta property=\"og:locale\" content=\"fr_FR\" \/>\n<meta property=\"og:type\" content=\"article\" \/>\n<meta property=\"og:title\" content=\"Daoukro\/C\u00f4te-d\u2019Ivoire: Endeuill\u00e9, B\u00e9di\u00e9 re\u00e7oit les salutations fraternelles de Ouattara et les condol\u00e9ances de Patrick Achi\" \/>\n<meta property=\"og:description\" content=\"Le Premier Ministre ivoirien, Patrick Achi \u00e9tait \u00e0 Daoukro dans la matin\u00e9e du vendredi 4 juin 2021 pour pr\u00e9senter ses co ...\" \/>\n<meta property=\"og:url\" content=\"http:\/\/www.africa-press.net\/cotedivoire\/parties\/daoukro-cote-divoire-endeuille-bedie-recoit-les-salutations-fraternelles-de-ouattara-et-les-condoleances-de-patrick-achi\" \/>\n<meta property=\"og:site_name\" content=\"C\u00f4te d&#039;Ivoire\" \/>\n<meta property=\"article:published_time\" content=\"2021-06-05T13:49:55+00:00\" \/>\n<meta property=\"article:modified_time\" content=\"2021-06-05T17:48:46+00:00\" \/>\n<meta property=\"og:image\" content=\"https:\/\/static.africa-press.net\/cote\/sites\/43\/2021\/06\/img-60bb7a285620b.jpg\" \/>\n\t<meta property=\"og:image:width\" content=\"1237\" \/>\n\t<meta property=\"og:image:height\" content=\"1000\" \/>\n\t<meta property=\"og:image:type\" content=\"image\/jpeg\" \/>\n<meta name=\"author\" content=\"cfeditorfr\" \/>\n<meta name=\"twitter:card\" content=\"summary_large_image\" \/>\n<meta name=\"twitter:label1\" content=\"\u00c9crit par\" \/>\n\t<meta name=\"twitter:data1\" content=\"cfeditorfr\" \/>\n\t<meta name=\"twitter:label2\" content=\"Dur\u00e9e de lecture estim\u00e9e\" \/>\n\t<meta name=\"twitter:data2\" content=\"1 minute\" \/>\n<script type=\"application\/ld+json\" class=\"yoast-schema-graph\">{\"@context\":\"https:\/\/schema.org\",\"@graph\":[{\"@type\":\"Article\",\"@id\":\"http:\/\/www.africa-press.net\/cotedivoire\/parties\/daoukro-cote-divoire-endeuille-bedie-recoit-les-salutations-fraternelles-de-ouattara-et-les-condoleances-de-patrick-achi#article\",\"isPartOf\":{\"@id\":\"http:\/\/www.africa-press.net\/cotedivoire\/parties\/daoukro-cote-divoire-endeuille-bedie-recoit-les-salutations-fraternelles-de-ouattara-et-les-condoleances-de-patrick-achi\"},\"author\":{\"name\":\"cfeditorfr\",\"@id\":\"https:\/\/www.africa-press.net\/cotedivoire\/#\/schema\/person\/2b1cf3cd81a31e3cd26889ca66d677f1\"},\"headline\":\"Daoukro\/C\u00f4te-d\u2019Ivoire: Endeuill\u00e9, B\u00e9di\u00e9 re\u00e7oit les salutations fraternelles de Ouattara et les condol\u00e9ances de Patrick Achi\",\"datePublished\":\"2021-06-05T13:49:55+00:00\",\"dateModified\":\"2021-06-05T17:48:46+00:00\",\"mainEntityOfPage\":{\"@id\":\"http:\/\/www.africa-press.net\/cotedivoire\/parties\/daoukro-cote-divoire-endeuille-bedie-recoit-les-salutations-fraternelles-de-ouattara-et-les-condoleances-de-patrick-achi\"},\"wordCount\":142,\"commentCount\":0,\"image\":{\"@id\":\"http:\/\/www.africa-press.net\/cotedivoire\/parties\/daoukro-cote-divoire-endeuille-bedie-recoit-les-salutations-fraternelles-de-ouattara-et-les-condoleances-de-patrick-achi#primaryimage\"},\"thumbnailUrl\":\"https:\/\/static.africa-press.net\/cote\/sites\/43\/2021\/06\/img-60bb7a285620b.jpg\",\"keywords\":[\"Africa Press\",\"Africa Press-C\u00f4te d'Ivoire\",\"C\u00d4TE D'IVOIRE\"],\"articleSection\":[\"homepage-french\",\"Parties\",\"Toutes les actualit\u00e9s\"],\"inLanguage\":\"fr-FR\",\"potentialAction\":[{\"@type\":\"CommentAction\",\"name\":\"Comment\",\"target\":[\"http:\/\/www.africa-press.net\/cotedivoire\/parties\/daoukro-cote-divoire-endeuille-bedie-recoit-les-salutations-fraternelles-de-ouattara-et-les-condoleances-de-patrick-achi#respond\"]}]},{\"@type\":\"WebPage\",\"@id\":\"http:\/\/www.africa-press.net\/cotedivoire\/parties\/daoukro-cote-divoire-endeuille-bedie-recoit-les-salutations-fraternelles-de-ouattara-et-les-condoleances-de-patrick-achi\",\"url\":\"http:\/\/www.africa-press.net\/cotedivoire\/parties\/daoukro-cote-divoire-endeuille-bedie-recoit-les-salutations-fraternelles-de-ouattara-et-les-condoleances-de-patrick-achi\",\"name\":\"Daoukro\/C\u00f4te-d\u2019Ivoire: Endeuill\u00e9, B\u00e9di\u00e9 re\u00e7oit les salutations fraternelles de Ouattara et les condol\u00e9ances de Patrick Achi - C\u00f4te d&#039;Ivoire\",\"isPartOf\":{\"@id\":\"https:\/\/www.africa-press.net\/cotedivoire\/#website\"},\"primaryImageOfPage\":{\"@id\":\"http:\/\/www.africa-press.net\/cotedivoire\/parties\/daoukro-cote-divoire-endeuille-bedie-recoit-les-salutations-fraternelles-de-ouattara-et-les-condoleances-de-patrick-achi#primaryimage\"},\"image\":{\"@id\":\"http:\/\/www.africa-press.net\/cotedivoire\/parties\/daoukro-cote-divoire-endeuille-bedie-recoit-les-salutations-fraternelles-de-ouattara-et-les-condoleances-de-patrick-achi#primaryimage\"},\"thumbnailUrl\":\"https:\/\/static.africa-press.net\/cote\/sites\/43\/2021\/06\/img-60bb7a285620b.jpg\",\"datePublished\":\"2021-06-05T13:49:55+00:00\",\"dateModified\":\"2021-06-05T17:48:46+00:00\",\"author\":{\"@id\":\"https:\/\/www.africa-press.net\/cotedivoire\/#\/schema\/person\/2b1cf3cd81a31e3cd26889ca66d677f1\"},\"description\":\"Le Premier Ministre ivoirien, Patrick Achi \u00e9tait \u00e0 Daoukro dans la matin\u00e9e du vendredi 4 juin 2021 pour pr\u00e9senter ses co ...\",\"breadcrumb\":{\"@id\":\"http:\/\/www.africa-press.net\/cotedivoire\/parties\/daoukro-cote-divoire-endeuille-bedie-recoit-les-salutations-fraternelles-de-ouattara-et-les-condoleances-de-patrick-achi#breadcrumb\"},\"inLanguage\":\"fr-FR\",\"potentialAction\":[{\"@type\":\"ReadAction\",\"target\":[\"http:\/\/www.africa-press.net\/cotedivoire\/parties\/daoukro-cote-divoire-endeuille-bedie-recoit-les-salutations-fraternelles-de-ouattara-et-les-condoleances-de-patrick-achi\"]}]},{\"@type\":\"ImageObject\",\"inLanguage\":\"fr-FR\",\"@id\":\"http:\/\/www.africa-press.net\/cotedivoire\/parties\/daoukro-cote-divoire-endeuille-bedie-recoit-les-salutations-fraternelles-de-ouattara-et-les-condoleances-de-patrick-achi#primaryimage\",\"url\":\"https:\/\/static.africa-press.net\/cote\/sites\/43\/2021\/06\/img-60bb7a285620b.jpg\",\"contentUrl\":\"https:\/\/static.africa-press.net\/cote\/sites\/43\/2021\/06\/img-60bb7a285620b.jpg\",\"width\":1237,\"height\":1000,\"caption\":\"Daoukro\/C\u00f4te-d\u2019Ivoire: Endeuill\u00e9, B\u00e9di\u00e9 re\u00e7oit les salutations fraternelles de Ouattara et les condol\u00e9ances de Patrick Achi\"},{\"@type\":\"BreadcrumbList\",\"@id\":\"http:\/\/www.africa-press.net\/cotedivoire\/parties\/daoukro-cote-divoire-endeuille-bedie-recoit-les-salutations-fraternelles-de-ouattara-et-les-condoleances-de-patrick-achi#breadcrumb\",\"itemListElement\":[{\"@type\":\"ListItem\",\"position\":1,\"name\":\"Accueil\",\"item\":\"https:\/\/www.africa-press.net\/cotedivoire\/\"},{\"@type\":\"ListItem\",\"position\":2,\"name\":\"Daoukro\/C\u00f4te-d\u2019Ivoire: Endeuill\u00e9, B\u00e9di\u00e9 re\u00e7oit les salutations fraternelles de Ouattara et les condol\u00e9ances de Patrick Achi\"}]},{\"@type\":\"WebSite\",\"@id\":\"https:\/\/www.africa-press.net\/cotedivoire\/#website\",\"url\":\"https:\/\/www.africa-press.net\/cotedivoire\/\",\"name\":\"C\u00f4te d&#039;Ivoire\",\"description\":\"Just another Africa News Agency Sites site\",\"potentialAction\":[{\"@type\":\"SearchAction\",\"target\":{\"@type\":\"EntryPoint\",\"urlTemplate\":\"https:\/\/www.africa-press.net\/cotedivoire\/?s={search_term_string}\"},\"query-input\":{\"@type\":\"PropertyValueSpecification\",\"valueRequired\":true,\"valueName\":\"search_term_string\"}}],\"inLanguage\":\"fr-FR\"},{\"@type\":\"Person\",\"@id\":\"https:\/\/www.africa-press.net\/cotedivoire\/#\/schema\/person\/2b1cf3cd81a31e3cd26889ca66d677f1\",\"name\":\"cfeditorfr\"}]}<\/script>\n<!-- \/ Yoast SEO Premium plugin. -->","yoast_head_json":{"title":"Daoukro\/C\u00f4te-d\u2019Ivoire: Endeuill\u00e9, B\u00e9di\u00e9 re\u00e7oit les salutations fraternelles de Ouattara et les condol\u00e9ances de Patrick Achi - C\u00f4te d&#039;Ivoire","description":"Le Premier Ministre ivoirien, Patrick Achi \u00e9tait \u00e0 Daoukro dans la matin\u00e9e du vendredi 4 juin 2021 pour pr\u00e9senter ses co ...","robots":{"index":"index","follow":"follow","max-snippet":"max-snippet:-1","max-image-preview":"max-image-preview:large","max-video-preview":"max-video-preview:-1"},"canonical":"http:\/\/www.africa-press.net\/cotedivoire\/parties\/daoukro-cote-divoire-endeuille-bedie-recoit-les-salutations-fraternelles-de-ouattara-et-les-condoleances-de-patrick-achi","og_locale":"fr_FR","og_type":"article","og_title":"Daoukro\/C\u00f4te-d\u2019Ivoire: Endeuill\u00e9, B\u00e9di\u00e9 re\u00e7oit les salutations fraternelles de Ouattara et les condol\u00e9ances de Patrick Achi","og_description":"Le Premier Ministre ivoirien, Patrick Achi \u00e9tait \u00e0 Daoukro dans la matin\u00e9e du vendredi 4 juin 2021 pour pr\u00e9senter ses co ...","og_url":"http:\/\/www.africa-press.net\/cotedivoire\/parties\/daoukro-cote-divoire-endeuille-bedie-recoit-les-salutations-fraternelles-de-ouattara-et-les-condoleances-de-patrick-achi","og_site_name":"C\u00f4te d&#039;Ivoire","article_published_time":"2021-06-05T13:49:55+00:00","article_modified_time":"2021-06-05T17:48:46+00:00","og_image":[{"width":1237,"height":1000,"url":"https:\/\/static.africa-press.net\/cote\/sites\/43\/2021\/06\/img-60bb7a285620b.jpg","type":"image\/jpeg"}],"author":"cfeditorfr","twitter_card":"summary_large_image","twitter_misc":{"\u00c9crit par":"cfeditorfr","Dur\u00e9e de lecture estim\u00e9e":"1 minute"},"schema":{"@context":"https:\/\/schema.org","@graph":[{"@type":"Article","@id":"http:\/\/www.africa-press.net\/cotedivoire\/parties\/daoukro-cote-divoire-endeuille-bedie-recoit-les-salutations-fraternelles-de-ouattara-et-les-condoleances-de-patrick-achi#article","isPartOf":{"@id":"http:\/\/www.africa-press.net\/cotedivoire\/parties\/daoukro-cote-divoire-endeuille-bedie-recoit-les-salutations-fraternelles-de-ouattara-et-les-condoleances-de-patrick-achi"},"author":{"name":"cfeditorfr","@id":"https:\/\/www.africa-press.net\/cotedivoire\/#\/schema\/person\/2b1cf3cd81a31e3cd26889ca66d677f1"},"headline":"Daoukro\/C\u00f4te-d\u2019Ivoire: Endeuill\u00e9, B\u00e9di\u00e9 re\u00e7oit les salutations fraternelles de Ouattara et les condol\u00e9ances de Patrick Achi","datePublished":"2021-06-05T13:49:55+00:00","dateModified":"2021-06-05T17:48:46+00:00","mainEntityOfPage":{"@id":"http:\/\/www.africa-press.net\/cotedivoire\/parties\/daoukro-cote-divoire-endeuille-bedie-recoit-les-salutations-fraternelles-de-ouattara-et-les-condoleances-de-patrick-achi"},"wordCount":142,"commentCount":0,"image":{"@id":"http:\/\/www.africa-press.net\/cotedivoire\/parties\/daoukro-cote-divoire-endeuille-bedie-recoit-les-salutations-fraternelles-de-ouattara-et-les-condoleances-de-patrick-achi#primaryimage"},"thumbnailUrl":"https:\/\/static.africa-press.net\/cote\/sites\/43\/2021\/06\/img-60bb7a285620b.jpg","keywords":["Africa Press","Africa Press-C\u00f4te d'Ivoire","C\u00d4TE D'IVOIRE"],"articleSection":["homepage-french","Parties","Toutes les actualit\u00e9s"],"inLanguage":"fr-FR","potentialAction":[{"@type":"CommentAction","name":"Comment","target":["http:\/\/www.africa-press.net\/cotedivoire\/parties\/daoukro-cote-divoire-endeuille-bedie-recoit-les-salutations-fraternelles-de-ouattara-et-les-condoleances-de-patrick-achi#respond"]}]},{"@type":"WebPage","@id":"http:\/\/www.africa-press.net\/cotedivoire\/parties\/daoukro-cote-divoire-endeuille-bedie-recoit-les-salutations-fraternelles-de-ouattara-et-les-condoleances-de-patrick-achi","url":"http:\/\/www.africa-press.net\/cotedivoire\/parties\/daoukro-cote-divoire-endeuille-bedie-recoit-les-salutations-fraternelles-de-ouattara-et-les-condoleances-de-patrick-achi","name":"Daoukro\/C\u00f4te-d\u2019Ivoire: Endeuill\u00e9, B\u00e9di\u00e9 re\u00e7oit les salutations fraternelles de Ouattara et les condol\u00e9ances de Patrick Achi - C\u00f4te d&#039;Ivoire","isPartOf":{"@id":"https:\/\/www.africa-press.net\/cotedivoire\/#website"},"primaryImageOfPage":{"@id":"http:\/\/www.africa-press.net\/cotedivoire\/parties\/daoukro-cote-divoire-endeuille-bedie-recoit-les-salutations-fraternelles-de-ouattara-et-les-condoleances-de-patrick-achi#primaryimage"},"image":{"@id":"http:\/\/www.africa-press.net\/cotedivoire\/parties\/daoukro-cote-divoire-endeuille-bedie-recoit-les-salutations-fraternelles-de-ouattara-et-les-condoleances-de-patrick-achi#primaryimage"},"thumbnailUrl":"https:\/\/static.africa-press.net\/cote\/sites\/43\/2021\/06\/img-60bb7a285620b.jpg","datePublished":"2021-06-05T13:49:55+00:00","dateModified":"2021-06-05T17:48:46+00:00","author":{"@id":"https:\/\/www.africa-press.net\/cotedivoire\/#\/schema\/person\/2b1cf3cd81a31e3cd26889ca66d677f1"},"description":"Le Premier Ministre ivoirien, Patrick Achi \u00e9tait \u00e0 Daoukro dans la matin\u00e9e du vendredi 4 juin 2021 pour pr\u00e9senter ses co ...","breadcrumb":{"@id":"http:\/\/www.africa-press.net\/cotedivoire\/parties\/daoukro-cote-divoire-endeuille-bedie-recoit-les-salutations-fraternelles-de-ouattara-et-les-condoleances-de-patrick-achi#breadcrumb"},"inLanguage":"fr-FR","potentialAction":[{"@type":"ReadAction","target":["http:\/\/www.africa-press.net\/cotedivoire\/parties\/daoukro-cote-divoire-endeuille-bedie-recoit-les-salutations-fraternelles-de-ouattara-et-les-condoleances-de-patrick-achi"]}]},{"@type":"ImageObject","inLanguage":"fr-FR","@id":"http:\/\/www.africa-press.net\/cotedivoire\/parties\/daoukro-cote-divoire-endeuille-bedie-recoit-les-salutations-fraternelles-de-ouattara-et-les-condoleances-de-patrick-achi#primaryimage","url":"https:\/\/static.africa-press.net\/cote\/sites\/43\/2021\/06\/img-60bb7a285620b.jpg","contentUrl":"https:\/\/static.africa-press.net\/cote\/sites\/43\/2021\/06\/img-60bb7a285620b.jpg","width":1237,"height":1000,"caption":"Daoukro\/C\u00f4te-d\u2019Ivoire: Endeuill\u00e9, B\u00e9di\u00e9 re\u00e7oit les salutations fraternelles de Ouattara et les condol\u00e9ances de Patrick Achi"},{"@type":"BreadcrumbList","@id":"http:\/\/www.africa-press.net\/cotedivoire\/parties\/daoukro-cote-divoire-endeuille-bedie-recoit-les-salutations-fraternelles-de-ouattara-et-les-condoleances-de-patrick-achi#breadcrumb","itemListElement":[{"@type":"ListItem","position":1,"name":"Accueil","item":"https:\/\/www.africa-press.net\/cotedivoire\/"},{"@type":"ListItem","position":2,"name":"Daoukro\/C\u00f4te-d\u2019Ivoire: Endeuill\u00e9, B\u00e9di\u00e9 re\u00e7oit les salutations fraternelles de Ouattara et les condol\u00e9ances de Patrick Achi"}]},{"@type":"WebSite","@id":"https:\/\/www.africa-press.net\/cotedivoire\/#website","url":"https:\/\/www.africa-press.net\/cotedivoire\/","name":"C\u00f4te d&#039;Ivoire","description":"Just another Africa News Agency Sites site","potentialAction":[{"@type":"SearchAction","target":{"@type":"EntryPoint","urlTemplate":"https:\/\/www.africa-press.net\/cotedivoire\/?s={search_term_string}"},"query-input":{"@type":"PropertyValueSpecification","valueRequired":true,"valueName":"search_term_string"}}],"inLanguage":"fr-FR"},{"@type":"Person","@id":"https:\/\/www.africa-press.net\/cotedivoire\/#\/schema\/person\/2b1cf3cd81a31e3cd26889ca66d677f1","name":"cfeditorfr"}]}},"_links":{"self":[{"href":"https:\/\/www.africa-press.net\/cotedivoire\/wp-json\/wp\/v2\/posts\/8591","targetHints":{"allow":["GET"]}}],"collection":[{"href":"https:\/\/www.africa-press.net\/cotedivoire\/wp-json\/wp\/v2\/posts"}],"about":[{"href":"https:\/\/www.africa-press.net\/cotedivoire\/wp-json\/wp\/v2\/types\/post"}],"author":[{"embeddable":true,"href":"https:\/\/www.africa-press.net\/cotedivoire\/wp-json\/wp\/v2\/users\/82"}],"replies":[{"embeddable":true,"href":"https:\/\/www.africa-press.net\/cotedivoire\/wp-json\/wp\/v2\/comments?post=8591"}],"version-history":[{"count":0,"href":"https:\/\/www.africa-press.net\/cotedivoire\/wp-json\/wp\/v2\/posts\/8591\/revisions"}],"wp:featuredmedia":[{"embeddable":true,"href":"https:\/\/www.africa-press.net\/cotedivoire\/wp-json\/wp\/v2\/media\/8590"}],"wp:attachment":[{"href":"https:\/\/www.africa-press.net\/cotedivoire\/wp-json\/wp\/v2\/media?parent=8591"}],"wp:term":[{"taxonomy":"category","embeddable":true,"href":"https:\/\/www.africa-press.net\/cotedivoire\/wp-json\/wp\/v2\/categories?post=8591"},{"taxonomy":"post_tag","embeddable":true,"href":"https:\/\/www.africa-press.net\/cotedivoire\/wp-json\/wp\/v2\/tags?post=8591"}],"curies":[{"name":"wp","href":"https:\/\/api.w.org\/{rel}","templated":true}]}}