{"id":86024,"date":"2024-08-28T14:44:29","date_gmt":"2024-08-28T14:44:29","guid":{"rendered":"https:\/\/www.africa-press.net\/cotedivoire\/politique\/cote-divoire-tunisie-des-jeunes-proches-du-pdci-rda-arretes-a-tunis"},"modified":"2024-08-28T15:25:57","modified_gmt":"2024-08-28T15:25:57","slug":"cote-divoire-tunisie-des-jeunes-proches-du-pdci-rda-arretes-a-tunis","status":"publish","type":"post","link":"https:\/\/www.africa-press.net\/cotedivoire\/politique\/cote-divoire-tunisie-des-jeunes-proches-du-pdci-rda-arretes-a-tunis","title":{"rendered":"C\u00f4te d&rsquo;Ivoire-Tunisie : Des jeunes proches du PDCI-RDA arr\u00eat\u00e9s \u00e0 Tunis ?"},"content":{"rendered":"<p><span style=\"color: #ff6600\"><strong>Africa-Press &#8211; C\u00f4te d&rsquo;Ivoire. <\/strong><\/span>Des jeunes se re\u0301clamant du PDCI-RDA auraient e\u0301te\u0301 arre\u0302te\u0301s en Tunisie, rapportent ces derniers jours des medias proches du vieux parti politique ivoirien.<\/p>\n<p>A en croire les sources, il s\u2019agirait de trois (03) membres du mouvement de soutien \u00ab Ge\u0301ne\u0301ration Tidjane Thiam \u00bb, pre\u0301side\u0301 par Zewo Abdoul Kader Coulibaly.<\/p>\n<p>Pour l\u2019heure, nous ignorons les raisons de l\u2019interpellation de ces ivoiriens a\u0300 Tunis. Ni les autorite\u0301s ivoiriennes et Tunisiennes n\u2019ont encore re\u0301agi a\u0300 cette information.<\/p>\n<p><strong>Pour plus d&rsquo;informations et d&rsquo;analyses sur la C\u00f4te d&rsquo;Ivoire, suivez Africa-Press<\/strong><\/p>\n","protected":false},"excerpt":{"rendered":"<p>Africa-Press &#8211; C\u00f4te d&rsquo;Ivoire. Des jeunes se re\u0301clamant du PDCI-RDA auraient e\u0301te\u0301 arre\u0302te\u0301s en Tunisie, rapportent ces derniers jours des medias proches du vieux parti politique ivoirien. A en croire les sources, il s\u2019agirait de trois (03) membres du mouvement de soutien \u00ab Ge\u0301ne\u0301ration Tidjane Thiam \u00bb, pre\u0301side\u0301 par Zewo Abdoul Kader Coulibaly. Pour l\u2019heure, [&hellip;]<\/p>\n","protected":false},"author":82,"featured_media":86022,"comment_status":"open","ping_status":"closed","sticky":false,"template":"","format":"standard","meta":{"footnotes":""},"categories":[2,20,10],"tags":[29,1208,739,2442,5127,14590],"class_list":["post-86024","post","type-post","status-publish","format-standard","has-post-thumbnail","hentry","category-politique","category-top-nouvelles","category-toutes-les-actualites","tag-cote-divoire","tag-jeunes","tag-pdci-rda","tag-tidjane-thiam","tag-tunis","tag-zewo-abdoul-kader-coulibaly"],"yoast_head":"<!-- This site is optimized with the Yoast SEO Premium plugin v26.1 (Yoast SEO v27.0) - https:\/\/yoast.com\/product\/yoast-seo-premium-wordpress\/ -->\n<title>C\u00f4te d&#039;Ivoire-Tunisie : Des jeunes proches du PDCI-RDA arr\u00eat\u00e9s \u00e0 Tunis ? - C\u00f4te d&#039;Ivoire<\/title>\n<meta name=\"description\" content=\"Des jeunes se re\u0301clamant du PDCI-RDA auraient e\u0301te\u0301 arre\u0302te\u0301s en Tunisie, rapportent ces derniers jours des medias proch ...\" \/>\n<meta name=\"robots\" content=\"index, follow, max-snippet:-1, max-image-preview:large, max-video-preview:-1\" \/>\n<link rel=\"canonical\" href=\"https:\/\/www.africa-press.net\/cotedivoire\/politique\/cote-divoire-tunisie-des-jeunes-proches-du-pdci-rda-arretes-a-tunis\" \/>\n<meta property=\"og:locale\" content=\"fr_FR\" \/>\n<meta property=\"og:type\" content=\"article\" \/>\n<meta property=\"og:title\" content=\"C\u00f4te d&#039;Ivoire-Tunisie : Des jeunes proches du PDCI-RDA arr\u00eat\u00e9s \u00e0 Tunis ?\" \/>\n<meta property=\"og:description\" content=\"Des jeunes se re\u0301clamant du PDCI-RDA auraient e\u0301te\u0301 arre\u0302te\u0301s en Tunisie, rapportent ces derniers jours des medias proch ...\" \/>\n<meta property=\"og:url\" content=\"https:\/\/www.africa-press.net\/cotedivoire\/politique\/cote-divoire-tunisie-des-jeunes-proches-du-pdci-rda-arretes-a-tunis\" \/>\n<meta property=\"og:site_name\" content=\"C\u00f4te d&#039;Ivoire\" \/>\n<meta property=\"article:published_time\" content=\"2024-08-28T14:44:29+00:00\" \/>\n<meta property=\"article:modified_time\" content=\"2024-08-28T15:25:57+00:00\" \/>\n<meta property=\"og:image\" content=\"https:\/\/static.africa-press.net\/cote\/sites\/43\/2024\/08\/sm_1724846137.563955.jpg\" \/>\n\t<meta property=\"og:image:width\" content=\"720\" \/>\n\t<meta property=\"og:image:height\" content=\"398\" \/>\n\t<meta property=\"og:image:type\" content=\"image\/jpeg\" \/>\n<meta name=\"author\" content=\"cfeditorfr\" \/>\n<meta name=\"twitter:card\" content=\"summary_large_image\" \/>\n<meta name=\"twitter:label1\" content=\"\u00c9crit par\" \/>\n\t<meta name=\"twitter:data1\" content=\"cfeditorfr\" \/>\n\t<meta name=\"twitter:label2\" content=\"Dur\u00e9e de lecture estim\u00e9e\" \/>\n\t<meta name=\"twitter:data2\" content=\"1 minute\" \/>\n<script type=\"application\/ld+json\" class=\"yoast-schema-graph\">{\"@context\":\"https:\/\/schema.org\",\"@graph\":[{\"@type\":\"Article\",\"@id\":\"https:\/\/www.africa-press.net\/cotedivoire\/politique\/cote-divoire-tunisie-des-jeunes-proches-du-pdci-rda-arretes-a-tunis#article\",\"isPartOf\":{\"@id\":\"https:\/\/www.africa-press.net\/cotedivoire\/politique\/cote-divoire-tunisie-des-jeunes-proches-du-pdci-rda-arretes-a-tunis\"},\"author\":{\"name\":\"cfeditorfr\",\"@id\":\"https:\/\/www.africa-press.net\/cotedivoire\/#\/schema\/person\/2b1cf3cd81a31e3cd26889ca66d677f1\"},\"headline\":\"C\u00f4te d&rsquo;Ivoire-Tunisie : Des jeunes proches du PDCI-RDA arr\u00eat\u00e9s \u00e0 Tunis ?\",\"datePublished\":\"2024-08-28T14:44:29+00:00\",\"dateModified\":\"2024-08-28T15:25:57+00:00\",\"mainEntityOfPage\":{\"@id\":\"https:\/\/www.africa-press.net\/cotedivoire\/politique\/cote-divoire-tunisie-des-jeunes-proches-du-pdci-rda-arretes-a-tunis\"},\"wordCount\":118,\"commentCount\":0,\"image\":{\"@id\":\"https:\/\/www.africa-press.net\/cotedivoire\/politique\/cote-divoire-tunisie-des-jeunes-proches-du-pdci-rda-arretes-a-tunis#primaryimage\"},\"thumbnailUrl\":\"https:\/\/static.africa-press.net\/cote\/sites\/43\/2024\/08\/sm_1724846137.563955.jpg\",\"keywords\":[\"C\u00d4TE D'IVOIRE\",\"jeunes\",\"PDCI-RDA\",\"Tidjane Thiam\",\"Tunis\",\"Zewo Abdoul Kader Coulibaly\"],\"articleSection\":[\"Politique\",\"Top Nouvelles\",\"Toutes les actualit\u00e9s\"],\"inLanguage\":\"fr-FR\",\"potentialAction\":[{\"@type\":\"CommentAction\",\"name\":\"Comment\",\"target\":[\"https:\/\/www.africa-press.net\/cotedivoire\/politique\/cote-divoire-tunisie-des-jeunes-proches-du-pdci-rda-arretes-a-tunis#respond\"]}]},{\"@type\":\"WebPage\",\"@id\":\"https:\/\/www.africa-press.net\/cotedivoire\/politique\/cote-divoire-tunisie-des-jeunes-proches-du-pdci-rda-arretes-a-tunis\",\"url\":\"https:\/\/www.africa-press.net\/cotedivoire\/politique\/cote-divoire-tunisie-des-jeunes-proches-du-pdci-rda-arretes-a-tunis\",\"name\":\"C\u00f4te d'Ivoire-Tunisie : Des jeunes proches du PDCI-RDA arr\u00eat\u00e9s \u00e0 Tunis ? - C\u00f4te d&#039;Ivoire\",\"isPartOf\":{\"@id\":\"https:\/\/www.africa-press.net\/cotedivoire\/#website\"},\"primaryImageOfPage\":{\"@id\":\"https:\/\/www.africa-press.net\/cotedivoire\/politique\/cote-divoire-tunisie-des-jeunes-proches-du-pdci-rda-arretes-a-tunis#primaryimage\"},\"image\":{\"@id\":\"https:\/\/www.africa-press.net\/cotedivoire\/politique\/cote-divoire-tunisie-des-jeunes-proches-du-pdci-rda-arretes-a-tunis#primaryimage\"},\"thumbnailUrl\":\"https:\/\/static.africa-press.net\/cote\/sites\/43\/2024\/08\/sm_1724846137.563955.jpg\",\"datePublished\":\"2024-08-28T14:44:29+00:00\",\"dateModified\":\"2024-08-28T15:25:57+00:00\",\"author\":{\"@id\":\"https:\/\/www.africa-press.net\/cotedivoire\/#\/schema\/person\/2b1cf3cd81a31e3cd26889ca66d677f1\"},\"description\":\"Des jeunes se re\u0301clamant du PDCI-RDA auraient e\u0301te\u0301 arre\u0302te\u0301s en Tunisie, rapportent ces derniers jours des medias proch ...\",\"breadcrumb\":{\"@id\":\"https:\/\/www.africa-press.net\/cotedivoire\/politique\/cote-divoire-tunisie-des-jeunes-proches-du-pdci-rda-arretes-a-tunis#breadcrumb\"},\"inLanguage\":\"fr-FR\",\"potentialAction\":[{\"@type\":\"ReadAction\",\"target\":[\"https:\/\/www.africa-press.net\/cotedivoire\/politique\/cote-divoire-tunisie-des-jeunes-proches-du-pdci-rda-arretes-a-tunis\"]}]},{\"@type\":\"ImageObject\",\"inLanguage\":\"fr-FR\",\"@id\":\"https:\/\/www.africa-press.net\/cotedivoire\/politique\/cote-divoire-tunisie-des-jeunes-proches-du-pdci-rda-arretes-a-tunis#primaryimage\",\"url\":\"https:\/\/static.africa-press.net\/cote\/sites\/43\/2024\/08\/sm_1724846137.563955.jpg\",\"contentUrl\":\"https:\/\/static.africa-press.net\/cote\/sites\/43\/2024\/08\/sm_1724846137.563955.jpg\",\"width\":720,\"height\":398,\"caption\":\"C\u00f4te d'Ivoire-Tunisie : Des jeunes proches du PDCI-RDA arr\u00eat\u00e9s \u00e0 Tunis ?\"},{\"@type\":\"BreadcrumbList\",\"@id\":\"https:\/\/www.africa-press.net\/cotedivoire\/politique\/cote-divoire-tunisie-des-jeunes-proches-du-pdci-rda-arretes-a-tunis#breadcrumb\",\"itemListElement\":[{\"@type\":\"ListItem\",\"position\":1,\"name\":\"Accueil\",\"item\":\"https:\/\/www.africa-press.net\/cotedivoire\/\"},{\"@type\":\"ListItem\",\"position\":2,\"name\":\"C\u00f4te d&#8217;Ivoire-Tunisie : Des jeunes proches du PDCI-RDA arr\u00eat\u00e9s \u00e0 Tunis ?\"}]},{\"@type\":\"WebSite\",\"@id\":\"https:\/\/www.africa-press.net\/cotedivoire\/#website\",\"url\":\"https:\/\/www.africa-press.net\/cotedivoire\/\",\"name\":\"C\u00f4te d&#039;Ivoire\",\"description\":\"Just another Africa News Agency Sites site\",\"potentialAction\":[{\"@type\":\"SearchAction\",\"target\":{\"@type\":\"EntryPoint\",\"urlTemplate\":\"https:\/\/www.africa-press.net\/cotedivoire\/?s={search_term_string}\"},\"query-input\":{\"@type\":\"PropertyValueSpecification\",\"valueRequired\":true,\"valueName\":\"search_term_string\"}}],\"inLanguage\":\"fr-FR\"},{\"@type\":\"Person\",\"@id\":\"https:\/\/www.africa-press.net\/cotedivoire\/#\/schema\/person\/2b1cf3cd81a31e3cd26889ca66d677f1\",\"name\":\"cfeditorfr\"}]}<\/script>\n<!-- \/ Yoast SEO Premium plugin. -->","yoast_head_json":{"title":"C\u00f4te d'Ivoire-Tunisie : Des jeunes proches du PDCI-RDA arr\u00eat\u00e9s \u00e0 Tunis ? - C\u00f4te d&#039;Ivoire","description":"Des jeunes se re\u0301clamant du PDCI-RDA auraient e\u0301te\u0301 arre\u0302te\u0301s en Tunisie, rapportent ces derniers jours des medias proch ...","robots":{"index":"index","follow":"follow","max-snippet":"max-snippet:-1","max-image-preview":"max-image-preview:large","max-video-preview":"max-video-preview:-1"},"canonical":"https:\/\/www.africa-press.net\/cotedivoire\/politique\/cote-divoire-tunisie-des-jeunes-proches-du-pdci-rda-arretes-a-tunis","og_locale":"fr_FR","og_type":"article","og_title":"C\u00f4te d'Ivoire-Tunisie : Des jeunes proches du PDCI-RDA arr\u00eat\u00e9s \u00e0 Tunis ?","og_description":"Des jeunes se re\u0301clamant du PDCI-RDA auraient e\u0301te\u0301 arre\u0302te\u0301s en Tunisie, rapportent ces derniers jours des medias proch ...","og_url":"https:\/\/www.africa-press.net\/cotedivoire\/politique\/cote-divoire-tunisie-des-jeunes-proches-du-pdci-rda-arretes-a-tunis","og_site_name":"C\u00f4te d&#039;Ivoire","article_published_time":"2024-08-28T14:44:29+00:00","article_modified_time":"2024-08-28T15:25:57+00:00","og_image":[{"width":720,"height":398,"url":"https:\/\/static.africa-press.net\/cote\/sites\/43\/2024\/08\/sm_1724846137.563955.jpg","type":"image\/jpeg"}],"author":"cfeditorfr","twitter_card":"summary_large_image","twitter_misc":{"\u00c9crit par":"cfeditorfr","Dur\u00e9e de lecture estim\u00e9e":"1 minute"},"schema":{"@context":"https:\/\/schema.org","@graph":[{"@type":"Article","@id":"https:\/\/www.africa-press.net\/cotedivoire\/politique\/cote-divoire-tunisie-des-jeunes-proches-du-pdci-rda-arretes-a-tunis#article","isPartOf":{"@id":"https:\/\/www.africa-press.net\/cotedivoire\/politique\/cote-divoire-tunisie-des-jeunes-proches-du-pdci-rda-arretes-a-tunis"},"author":{"name":"cfeditorfr","@id":"https:\/\/www.africa-press.net\/cotedivoire\/#\/schema\/person\/2b1cf3cd81a31e3cd26889ca66d677f1"},"headline":"C\u00f4te d&rsquo;Ivoire-Tunisie : Des jeunes proches du PDCI-RDA arr\u00eat\u00e9s \u00e0 Tunis ?","datePublished":"2024-08-28T14:44:29+00:00","dateModified":"2024-08-28T15:25:57+00:00","mainEntityOfPage":{"@id":"https:\/\/www.africa-press.net\/cotedivoire\/politique\/cote-divoire-tunisie-des-jeunes-proches-du-pdci-rda-arretes-a-tunis"},"wordCount":118,"commentCount":0,"image":{"@id":"https:\/\/www.africa-press.net\/cotedivoire\/politique\/cote-divoire-tunisie-des-jeunes-proches-du-pdci-rda-arretes-a-tunis#primaryimage"},"thumbnailUrl":"https:\/\/static.africa-press.net\/cote\/sites\/43\/2024\/08\/sm_1724846137.563955.jpg","keywords":["C\u00d4TE D'IVOIRE","jeunes","PDCI-RDA","Tidjane Thiam","Tunis","Zewo Abdoul Kader Coulibaly"],"articleSection":["Politique","Top Nouvelles","Toutes les actualit\u00e9s"],"inLanguage":"fr-FR","potentialAction":[{"@type":"CommentAction","name":"Comment","target":["https:\/\/www.africa-press.net\/cotedivoire\/politique\/cote-divoire-tunisie-des-jeunes-proches-du-pdci-rda-arretes-a-tunis#respond"]}]},{"@type":"WebPage","@id":"https:\/\/www.africa-press.net\/cotedivoire\/politique\/cote-divoire-tunisie-des-jeunes-proches-du-pdci-rda-arretes-a-tunis","url":"https:\/\/www.africa-press.net\/cotedivoire\/politique\/cote-divoire-tunisie-des-jeunes-proches-du-pdci-rda-arretes-a-tunis","name":"C\u00f4te d'Ivoire-Tunisie : Des jeunes proches du PDCI-RDA arr\u00eat\u00e9s \u00e0 Tunis ? - C\u00f4te d&#039;Ivoire","isPartOf":{"@id":"https:\/\/www.africa-press.net\/cotedivoire\/#website"},"primaryImageOfPage":{"@id":"https:\/\/www.africa-press.net\/cotedivoire\/politique\/cote-divoire-tunisie-des-jeunes-proches-du-pdci-rda-arretes-a-tunis#primaryimage"},"image":{"@id":"https:\/\/www.africa-press.net\/cotedivoire\/politique\/cote-divoire-tunisie-des-jeunes-proches-du-pdci-rda-arretes-a-tunis#primaryimage"},"thumbnailUrl":"https:\/\/static.africa-press.net\/cote\/sites\/43\/2024\/08\/sm_1724846137.563955.jpg","datePublished":"2024-08-28T14:44:29+00:00","dateModified":"2024-08-28T15:25:57+00:00","author":{"@id":"https:\/\/www.africa-press.net\/cotedivoire\/#\/schema\/person\/2b1cf3cd81a31e3cd26889ca66d677f1"},"description":"Des jeunes se re\u0301clamant du PDCI-RDA auraient e\u0301te\u0301 arre\u0302te\u0301s en Tunisie, rapportent ces derniers jours des medias proch ...","breadcrumb":{"@id":"https:\/\/www.africa-press.net\/cotedivoire\/politique\/cote-divoire-tunisie-des-jeunes-proches-du-pdci-rda-arretes-a-tunis#breadcrumb"},"inLanguage":"fr-FR","potentialAction":[{"@type":"ReadAction","target":["https:\/\/www.africa-press.net\/cotedivoire\/politique\/cote-divoire-tunisie-des-jeunes-proches-du-pdci-rda-arretes-a-tunis"]}]},{"@type":"ImageObject","inLanguage":"fr-FR","@id":"https:\/\/www.africa-press.net\/cotedivoire\/politique\/cote-divoire-tunisie-des-jeunes-proches-du-pdci-rda-arretes-a-tunis#primaryimage","url":"https:\/\/static.africa-press.net\/cote\/sites\/43\/2024\/08\/sm_1724846137.563955.jpg","contentUrl":"https:\/\/static.africa-press.net\/cote\/sites\/43\/2024\/08\/sm_1724846137.563955.jpg","width":720,"height":398,"caption":"C\u00f4te d'Ivoire-Tunisie : Des jeunes proches du PDCI-RDA arr\u00eat\u00e9s \u00e0 Tunis ?"},{"@type":"BreadcrumbList","@id":"https:\/\/www.africa-press.net\/cotedivoire\/politique\/cote-divoire-tunisie-des-jeunes-proches-du-pdci-rda-arretes-a-tunis#breadcrumb","itemListElement":[{"@type":"ListItem","position":1,"name":"Accueil","item":"https:\/\/www.africa-press.net\/cotedivoire\/"},{"@type":"ListItem","position":2,"name":"C\u00f4te d&#8217;Ivoire-Tunisie : Des jeunes proches du PDCI-RDA arr\u00eat\u00e9s \u00e0 Tunis ?"}]},{"@type":"WebSite","@id":"https:\/\/www.africa-press.net\/cotedivoire\/#website","url":"https:\/\/www.africa-press.net\/cotedivoire\/","name":"C\u00f4te d&#039;Ivoire","description":"Just another Africa News Agency Sites site","potentialAction":[{"@type":"SearchAction","target":{"@type":"EntryPoint","urlTemplate":"https:\/\/www.africa-press.net\/cotedivoire\/?s={search_term_string}"},"query-input":{"@type":"PropertyValueSpecification","valueRequired":true,"valueName":"search_term_string"}}],"inLanguage":"fr-FR"},{"@type":"Person","@id":"https:\/\/www.africa-press.net\/cotedivoire\/#\/schema\/person\/2b1cf3cd81a31e3cd26889ca66d677f1","name":"cfeditorfr"}]}},"_links":{"self":[{"href":"https:\/\/www.africa-press.net\/cotedivoire\/wp-json\/wp\/v2\/posts\/86024","targetHints":{"allow":["GET"]}}],"collection":[{"href":"https:\/\/www.africa-press.net\/cotedivoire\/wp-json\/wp\/v2\/posts"}],"about":[{"href":"https:\/\/www.africa-press.net\/cotedivoire\/wp-json\/wp\/v2\/types\/post"}],"author":[{"embeddable":true,"href":"https:\/\/www.africa-press.net\/cotedivoire\/wp-json\/wp\/v2\/users\/82"}],"replies":[{"embeddable":true,"href":"https:\/\/www.africa-press.net\/cotedivoire\/wp-json\/wp\/v2\/comments?post=86024"}],"version-history":[{"count":0,"href":"https:\/\/www.africa-press.net\/cotedivoire\/wp-json\/wp\/v2\/posts\/86024\/revisions"}],"wp:featuredmedia":[{"embeddable":true,"href":"https:\/\/www.africa-press.net\/cotedivoire\/wp-json\/wp\/v2\/media\/86022"}],"wp:attachment":[{"href":"https:\/\/www.africa-press.net\/cotedivoire\/wp-json\/wp\/v2\/media?parent=86024"}],"wp:term":[{"taxonomy":"category","embeddable":true,"href":"https:\/\/www.africa-press.net\/cotedivoire\/wp-json\/wp\/v2\/categories?post=86024"},{"taxonomy":"post_tag","embeddable":true,"href":"https:\/\/www.africa-press.net\/cotedivoire\/wp-json\/wp\/v2\/tags?post=86024"}],"curies":[{"name":"wp","href":"https:\/\/api.w.org\/{rel}","templated":true}]}}