{"id":86152,"date":"2024-08-30T16:52:51","date_gmt":"2024-08-30T16:52:51","guid":{"rendered":"https:\/\/www.africa-press.net\/cotedivoire\/politique\/developpement-local-un-colloque-international-pluridisciplinaire-annonce-en-decembre-sur-le-cas-cisse-bacongo"},"modified":"2024-08-30T17:58:09","modified_gmt":"2024-08-30T17:58:09","slug":"developpement-local-un-colloque-international-pluridisciplinaire-annonce-en-decembre-sur-le-cas-cisse-bacongo","status":"publish","type":"post","link":"https:\/\/www.africa-press.net\/cotedivoire\/politique\/developpement-local-un-colloque-international-pluridisciplinaire-annonce-en-decembre-sur-le-cas-cisse-bacongo","title":{"rendered":"D\u00e9veloppement local, un colloque international pluridisciplinaire annonc\u00e9 en decembre sur le cas Ciss\u00e9 Bacongo"},"content":{"rendered":"<p><span style=\"color: #ff6600\"><strong>Africa-Press &#8211; C\u00f4te d&rsquo;Ivoire. <\/strong><\/span>Un colloque international pluridisciplinaire grand public sur le the\u0300me Cisse\u0301 Ibrahima Bacongo: un leadership politique au service du de\u0301veloppement local, se tiendra les 05, 06, et 07 decembre prochains au Laboratoire des Sciences de la Communication, des Arts et de la Culture (LSCAC) de l\u2019Universite\u0301 Fe\u0301lix Houphoue\u0308t-Boigny d\u2019Abidjan-Cocody.<\/p>\n<p>Dr Okou Rome\u0301o, Pre\u0301sident du Cercle des Amis de Cisse\u0301 Ibrahima Bacongo (CACIB), initiateur du projet, fait savoir qu\u2019en Afrique, il y a des leaders capables d\u2019inspirer de grands changements structurels. Leurs actions, e\u0301manant des institutions publiques ou prive\u0301es, suscitent des motivations en vue de l\u2019exploitation des ressources locales a\u0300 des fins de de\u0301veloppement politique, social, e\u0301conomique, culturel et environnemental.<\/p>\n<p>\u00ab L\u2019on enregistre, a\u0300 propos, plusieurs actions de de\u0301veloppement local qui ont transforme\u0301 de fac\u0327on significative la configuration socioge\u0301ographique de nombreuses collectivite\u0301s territoriales. Les re\u0301sultats ainsi obtenus s\u2019inscrivent dans le de\u0301ploiement d\u2019un leadership fonde\u0301 sur la recevabilite\u0301, comprise comme l\u2019un des socles du bon fonctionnement des institutions en vue d\u2019un de\u0301veloppement global, inclusif et participatif, ainsi que le conc\u0327oivent plusieurs the\u0301ories \u00bb, confie le Docteur en Science de l\u2019Information et de la Communication, consultant formateur, enseignant des Grandes e\u0301coles et universite\u0301s prive\u0301es.<\/p>\n<p>Selon ce dernier, ce leadership au service du de\u0301veloppement local s\u2019incarne parfaitement en la personne de Cisse\u0301 Ibrahima Bacongo.<\/p>\n<p>\u00ab Apre\u0300s avoir e\u0301te\u0301 e\u0301lu maire de la commune de Koumassi a\u0300 l&rsquo;issue du scrutin du 13 octobre 2018, Cisse\u0301 Ibrahima Bacongo a promis donner de la fierte\u0301 a\u0300 la commune qui lui a fait confiance. Il va donc initier un ensemble de re\u0301formes politiques et sociales dans la gestion des affaires municipales, dont l\u2019approche manage\u0301riale singulie\u0300re prend ses assises the\u0301oriques le concept suivant: \u00ab faire la politique autrement \u00bb, poursuit-il, avant d\u2019ajouter.<\/p>\n<p>\u00ab En effet, en adoptant ce concept, Cisse\u0301 Ibrahima Bacongo ope\u0300re une rupture avec les anciennes pratiques de management politique pour adopter une nouvelle approche de gestion qui met l\u2019humain au centre des prises de de\u0301cision. L\u2019ame\u0301lioration des conditions de vie des populations et la cre\u0301ation d\u2019un environnement propice a\u0300 leur e\u0301panouissement deviennent une priorite\u0301. Dit autrement, cela s\u2019appelle faire de la politique a\u0300 visage humain. De fac\u0327on pre\u0301cise, ce changement de paradigme politique au sein de la Commune de Koumassi s\u2019ope\u0300re sur la base de trois piliers: la priorisation de l\u2019Humain dans les de\u0301cisions municipales, la transparence dans la gestion des affaires municipales et le re\u0301alisme politique (consistant a\u0300 ne pas dire ce qu\u2019on ne peut pas faire). \u00bb<\/p>\n<p>Pour Dr Okou, l\u2019objectif ge\u0301ne\u0301ral du colloque est d\u2019analyser la contribution du leadership politique de Cisse\u0301 Ibrahima Bacongo au service du de\u0301veloppement local.<\/p>\n<p>\u00ab De fac\u0327on spe\u0301cifique, il s\u2019agit de: D\u2019interroger l\u2019approche conceptuelle du de\u0301veloppement local selon Cisse\u0301 Ibrahima Bacongo ; Analyser le leadership de Cisse\u0301 Ibrahima Bacongo dans le renforcement de la Cohe\u0301sion sociale au sein des populations ; De\u0301finir le leadership politique de Cisse\u0301 Ibrahima Bacongo comme moyen d&rsquo;incitation et de facilitation de l&rsquo;insertion socioprofessionnelle ; E\u0301valuer l\u2019effet que le leadership politique a sur la gouvernance locale a\u0300 travers des me\u0301canismes spe\u0301cifiques ; E\u0301valuer l\u2019effet de la gouvernance locale sur les capacite\u0301s d\u2019innovation territoriale pour assurer la continuite\u0301 et le de\u0301veloppement des collectivite\u0301s territoriales dans un environnement en constante e\u0301volution, a\u0300 travers la pre\u0301sentation des re\u0301sultats de travaux re\u0301cents sur ces the\u0300mes ; Faire ressortir les faiblesses du leadership politique de Cisse\u0301 Ibrahima Bacongo dans la gestion du de\u0301veloppement local Le but est d\u2019exposer les fondements et les mode\u0300les the\u0301oriques et empiriques qui supportent l\u2019interrelation entre le leadership politique de Cisse\u0301 Ibrahima Bacongo et le de\u0301veloppement local, de proposer de nouvelles pistes de recherche empirique, et d\u2019aider les maires et e\u0301lus locaux des collectivite\u0301s territoriales a\u0300 bien s\u2019outiller en matie\u0300re de structure de gouvernance pour re\u0301ussir leurs projets de de\u0301veloppement et faire face aux tendances et changements sociaux. D\u2019ou\u0300 l\u2019inte\u0301re\u0302t de ce colloque de promouvoir un forum scientifique regroupant des chercheurs e\u0301manant de trois domaines aussi e\u0301troitement lie\u0301s que la gouvernance, leadership politique et de\u0301veloppement local \u00bb, explique-t-il.<\/p>\n<p>Notons que, le colloque est organise\u0301 autour de cinq axes: Cisse\u0301 Ibrahima Bacongo et la question de l\u2019e\u0301ducation, l\u2019insertion professionnelle et de l\u2019employabilite\u0301 des jeunes ; Cisse\u0301 Ibrahima Bacongo et la question de la salubrite\u0301 et l\u2019ame\u0301nagement territorial ; Cisse\u0301 Ibrahima Bacongo et la question de la cohe\u0301sion sociale et de la solidarite\u0301 ; Cisse\u0301 Ibrahima Bacongo et la question du de\u0301veloppement local A ; La question des insuffisances des actions de Cisse\u0301 Ibrahima Bacongo (Culturel, e\u0301conomie et solidarite\u0301) ; Proble\u0301matique du Marketing des collectivite\u0301s territoriales en Afrique.<\/p>\n<p>La participation au conclave est ouverte aux chercheurs, enseignants-chercheurs, libres penseurs, doctorants, e\u0301tudiants, aux Organisations Non Gouvernementales (ONG), aux organisations nationales, re\u0301gionales, continentales et internationales.<\/p>\n<p><strong>Pour plus d&rsquo;informations et d&rsquo;analyses sur la C\u00f4te d&rsquo;Ivoire, suivez Africa-Press<\/strong><\/p>\n","protected":false},"excerpt":{"rendered":"<p>Africa-Press &#8211; C\u00f4te d&rsquo;Ivoire. Un colloque international pluridisciplinaire grand public sur le the\u0300me Cisse\u0301 Ibrahima Bacongo: un leadership politique au service du de\u0301veloppement local, se tiendra les 05, 06, et 07 decembre prochains au Laboratoire des Sciences de la Communication, des Arts et de la Culture (LSCAC) de l\u2019Universite\u0301 Fe\u0301lix Houphoue\u0308t-Boigny d\u2019Abidjan-Cocody. Dr Okou Rome\u0301o, [&hellip;]<\/p>\n","protected":false},"author":82,"featured_media":86150,"comment_status":"open","ping_status":"closed","sticky":false,"template":"","format":"standard","meta":{"footnotes":""},"categories":[2,10],"tags":[951,1488,29,6927,954,14616],"class_list":["post-86152","post","type-post","status-publish","format-standard","has-post-thumbnail","hentry","category-politique","category-toutes-les-actualites","tag-cisse-bacongo","tag-colloque","tag-cote-divoire","tag-developpement-local","tag-koumassi","tag-okou-romeo"],"yoast_head":"<!-- This site is optimized with the Yoast SEO Premium plugin v26.1 (Yoast SEO v27.0) - https:\/\/yoast.com\/product\/yoast-seo-premium-wordpress\/ -->\n<title>D\u00e9veloppement local, un colloque international pluridisciplinaire annonc\u00e9 en decembre sur le cas Ciss\u00e9 Bacongo - C\u00f4te d&#039;Ivoire<\/title>\n<meta name=\"description\" content=\"Un colloque international pluridisciplinaire grand public sur le the\u0300me Cisse\u0301 Ibrahima Bacongo: un leadership politique ...\" \/>\n<meta name=\"robots\" content=\"index, follow, max-snippet:-1, max-image-preview:large, max-video-preview:-1\" \/>\n<link rel=\"canonical\" href=\"https:\/\/www.africa-press.net\/cotedivoire\/politique\/developpement-local-un-colloque-international-pluridisciplinaire-annonce-en-decembre-sur-le-cas-cisse-bacongo\" \/>\n<meta property=\"og:locale\" content=\"fr_FR\" \/>\n<meta property=\"og:type\" content=\"article\" \/>\n<meta property=\"og:title\" content=\"D\u00e9veloppement local, un colloque international pluridisciplinaire annonc\u00e9 en decembre sur le cas Ciss\u00e9 Bacongo\" \/>\n<meta property=\"og:description\" content=\"Un colloque international pluridisciplinaire grand public sur le the\u0300me Cisse\u0301 Ibrahima Bacongo: un leadership politique ...\" \/>\n<meta property=\"og:url\" content=\"https:\/\/www.africa-press.net\/cotedivoire\/politique\/developpement-local-un-colloque-international-pluridisciplinaire-annonce-en-decembre-sur-le-cas-cisse-bacongo\" \/>\n<meta property=\"og:site_name\" content=\"C\u00f4te d&#039;Ivoire\" \/>\n<meta property=\"article:published_time\" content=\"2024-08-30T16:52:51+00:00\" \/>\n<meta property=\"article:modified_time\" content=\"2024-08-30T17:58:09+00:00\" \/>\n<meta property=\"og:image\" content=\"https:\/\/static.africa-press.net\/cote\/sites\/43\/2024\/08\/sm_1725028070.556305.jpg\" \/>\n\t<meta property=\"og:image:width\" content=\"720\" \/>\n\t<meta property=\"og:image:height\" content=\"480\" \/>\n\t<meta property=\"og:image:type\" content=\"image\/jpeg\" \/>\n<meta name=\"author\" content=\"cfeditorfr\" \/>\n<meta name=\"twitter:card\" content=\"summary_large_image\" \/>\n<meta name=\"twitter:label1\" content=\"\u00c9crit par\" \/>\n\t<meta name=\"twitter:data1\" content=\"cfeditorfr\" \/>\n\t<meta name=\"twitter:label2\" content=\"Dur\u00e9e de lecture estim\u00e9e\" \/>\n\t<meta name=\"twitter:data2\" content=\"4 minutes\" \/>\n<script type=\"application\/ld+json\" class=\"yoast-schema-graph\">{\"@context\":\"https:\/\/schema.org\",\"@graph\":[{\"@type\":\"Article\",\"@id\":\"https:\/\/www.africa-press.net\/cotedivoire\/politique\/developpement-local-un-colloque-international-pluridisciplinaire-annonce-en-decembre-sur-le-cas-cisse-bacongo#article\",\"isPartOf\":{\"@id\":\"https:\/\/www.africa-press.net\/cotedivoire\/politique\/developpement-local-un-colloque-international-pluridisciplinaire-annonce-en-decembre-sur-le-cas-cisse-bacongo\"},\"author\":{\"name\":\"cfeditorfr\",\"@id\":\"https:\/\/www.africa-press.net\/cotedivoire\/#\/schema\/person\/2b1cf3cd81a31e3cd26889ca66d677f1\"},\"headline\":\"D\u00e9veloppement local, un colloque international pluridisciplinaire annonc\u00e9 en decembre sur le cas Ciss\u00e9 Bacongo\",\"datePublished\":\"2024-08-30T16:52:51+00:00\",\"dateModified\":\"2024-08-30T17:58:09+00:00\",\"mainEntityOfPage\":{\"@id\":\"https:\/\/www.africa-press.net\/cotedivoire\/politique\/developpement-local-un-colloque-international-pluridisciplinaire-annonce-en-decembre-sur-le-cas-cisse-bacongo\"},\"wordCount\":903,\"commentCount\":0,\"image\":{\"@id\":\"https:\/\/www.africa-press.net\/cotedivoire\/politique\/developpement-local-un-colloque-international-pluridisciplinaire-annonce-en-decembre-sur-le-cas-cisse-bacongo#primaryimage\"},\"thumbnailUrl\":\"https:\/\/static.africa-press.net\/cote\/sites\/43\/2024\/08\/sm_1725028070.556305.jpg\",\"keywords\":[\"Ciss\u00e9 Bacongo\",\"colloque\",\"C\u00d4TE D'IVOIRE\",\"D\u00e9veloppement local\",\"Koumassi\",\"Okou Rom\u00e9o\"],\"articleSection\":[\"Politique\",\"Toutes les actualit\u00e9s\"],\"inLanguage\":\"fr-FR\",\"potentialAction\":[{\"@type\":\"CommentAction\",\"name\":\"Comment\",\"target\":[\"https:\/\/www.africa-press.net\/cotedivoire\/politique\/developpement-local-un-colloque-international-pluridisciplinaire-annonce-en-decembre-sur-le-cas-cisse-bacongo#respond\"]}]},{\"@type\":\"WebPage\",\"@id\":\"https:\/\/www.africa-press.net\/cotedivoire\/politique\/developpement-local-un-colloque-international-pluridisciplinaire-annonce-en-decembre-sur-le-cas-cisse-bacongo\",\"url\":\"https:\/\/www.africa-press.net\/cotedivoire\/politique\/developpement-local-un-colloque-international-pluridisciplinaire-annonce-en-decembre-sur-le-cas-cisse-bacongo\",\"name\":\"D\u00e9veloppement local, un colloque international pluridisciplinaire annonc\u00e9 en decembre sur le cas Ciss\u00e9 Bacongo - C\u00f4te d&#039;Ivoire\",\"isPartOf\":{\"@id\":\"https:\/\/www.africa-press.net\/cotedivoire\/#website\"},\"primaryImageOfPage\":{\"@id\":\"https:\/\/www.africa-press.net\/cotedivoire\/politique\/developpement-local-un-colloque-international-pluridisciplinaire-annonce-en-decembre-sur-le-cas-cisse-bacongo#primaryimage\"},\"image\":{\"@id\":\"https:\/\/www.africa-press.net\/cotedivoire\/politique\/developpement-local-un-colloque-international-pluridisciplinaire-annonce-en-decembre-sur-le-cas-cisse-bacongo#primaryimage\"},\"thumbnailUrl\":\"https:\/\/static.africa-press.net\/cote\/sites\/43\/2024\/08\/sm_1725028070.556305.jpg\",\"datePublished\":\"2024-08-30T16:52:51+00:00\",\"dateModified\":\"2024-08-30T17:58:09+00:00\",\"author\":{\"@id\":\"https:\/\/www.africa-press.net\/cotedivoire\/#\/schema\/person\/2b1cf3cd81a31e3cd26889ca66d677f1\"},\"description\":\"Un colloque international pluridisciplinaire grand public sur le the\u0300me Cisse\u0301 Ibrahima Bacongo: un leadership politique ...\",\"breadcrumb\":{\"@id\":\"https:\/\/www.africa-press.net\/cotedivoire\/politique\/developpement-local-un-colloque-international-pluridisciplinaire-annonce-en-decembre-sur-le-cas-cisse-bacongo#breadcrumb\"},\"inLanguage\":\"fr-FR\",\"potentialAction\":[{\"@type\":\"ReadAction\",\"target\":[\"https:\/\/www.africa-press.net\/cotedivoire\/politique\/developpement-local-un-colloque-international-pluridisciplinaire-annonce-en-decembre-sur-le-cas-cisse-bacongo\"]}]},{\"@type\":\"ImageObject\",\"inLanguage\":\"fr-FR\",\"@id\":\"https:\/\/www.africa-press.net\/cotedivoire\/politique\/developpement-local-un-colloque-international-pluridisciplinaire-annonce-en-decembre-sur-le-cas-cisse-bacongo#primaryimage\",\"url\":\"https:\/\/static.africa-press.net\/cote\/sites\/43\/2024\/08\/sm_1725028070.556305.jpg\",\"contentUrl\":\"https:\/\/static.africa-press.net\/cote\/sites\/43\/2024\/08\/sm_1725028070.556305.jpg\",\"width\":720,\"height\":480,\"caption\":\"D\u00e9veloppement local, un colloque international pluridisciplinaire annonc\u00e9 en decembre sur le cas Ciss\u00e9 Bacongo\"},{\"@type\":\"BreadcrumbList\",\"@id\":\"https:\/\/www.africa-press.net\/cotedivoire\/politique\/developpement-local-un-colloque-international-pluridisciplinaire-annonce-en-decembre-sur-le-cas-cisse-bacongo#breadcrumb\",\"itemListElement\":[{\"@type\":\"ListItem\",\"position\":1,\"name\":\"Accueil\",\"item\":\"https:\/\/www.africa-press.net\/cotedivoire\/\"},{\"@type\":\"ListItem\",\"position\":2,\"name\":\"D\u00e9veloppement local, un colloque international pluridisciplinaire annonc\u00e9 en decembre sur le cas Ciss\u00e9 Bacongo\"}]},{\"@type\":\"WebSite\",\"@id\":\"https:\/\/www.africa-press.net\/cotedivoire\/#website\",\"url\":\"https:\/\/www.africa-press.net\/cotedivoire\/\",\"name\":\"C\u00f4te d&#039;Ivoire\",\"description\":\"Just another Africa News Agency Sites site\",\"potentialAction\":[{\"@type\":\"SearchAction\",\"target\":{\"@type\":\"EntryPoint\",\"urlTemplate\":\"https:\/\/www.africa-press.net\/cotedivoire\/?s={search_term_string}\"},\"query-input\":{\"@type\":\"PropertyValueSpecification\",\"valueRequired\":true,\"valueName\":\"search_term_string\"}}],\"inLanguage\":\"fr-FR\"},{\"@type\":\"Person\",\"@id\":\"https:\/\/www.africa-press.net\/cotedivoire\/#\/schema\/person\/2b1cf3cd81a31e3cd26889ca66d677f1\",\"name\":\"cfeditorfr\"}]}<\/script>\n<!-- \/ Yoast SEO Premium plugin. -->","yoast_head_json":{"title":"D\u00e9veloppement local, un colloque international pluridisciplinaire annonc\u00e9 en decembre sur le cas Ciss\u00e9 Bacongo - C\u00f4te d&#039;Ivoire","description":"Un colloque international pluridisciplinaire grand public sur le the\u0300me Cisse\u0301 Ibrahima Bacongo: un leadership politique ...","robots":{"index":"index","follow":"follow","max-snippet":"max-snippet:-1","max-image-preview":"max-image-preview:large","max-video-preview":"max-video-preview:-1"},"canonical":"https:\/\/www.africa-press.net\/cotedivoire\/politique\/developpement-local-un-colloque-international-pluridisciplinaire-annonce-en-decembre-sur-le-cas-cisse-bacongo","og_locale":"fr_FR","og_type":"article","og_title":"D\u00e9veloppement local, un colloque international pluridisciplinaire annonc\u00e9 en decembre sur le cas Ciss\u00e9 Bacongo","og_description":"Un colloque international pluridisciplinaire grand public sur le the\u0300me Cisse\u0301 Ibrahima Bacongo: un leadership politique ...","og_url":"https:\/\/www.africa-press.net\/cotedivoire\/politique\/developpement-local-un-colloque-international-pluridisciplinaire-annonce-en-decembre-sur-le-cas-cisse-bacongo","og_site_name":"C\u00f4te d&#039;Ivoire","article_published_time":"2024-08-30T16:52:51+00:00","article_modified_time":"2024-08-30T17:58:09+00:00","og_image":[{"width":720,"height":480,"url":"https:\/\/static.africa-press.net\/cote\/sites\/43\/2024\/08\/sm_1725028070.556305.jpg","type":"image\/jpeg"}],"author":"cfeditorfr","twitter_card":"summary_large_image","twitter_misc":{"\u00c9crit par":"cfeditorfr","Dur\u00e9e de lecture estim\u00e9e":"4 minutes"},"schema":{"@context":"https:\/\/schema.org","@graph":[{"@type":"Article","@id":"https:\/\/www.africa-press.net\/cotedivoire\/politique\/developpement-local-un-colloque-international-pluridisciplinaire-annonce-en-decembre-sur-le-cas-cisse-bacongo#article","isPartOf":{"@id":"https:\/\/www.africa-press.net\/cotedivoire\/politique\/developpement-local-un-colloque-international-pluridisciplinaire-annonce-en-decembre-sur-le-cas-cisse-bacongo"},"author":{"name":"cfeditorfr","@id":"https:\/\/www.africa-press.net\/cotedivoire\/#\/schema\/person\/2b1cf3cd81a31e3cd26889ca66d677f1"},"headline":"D\u00e9veloppement local, un colloque international pluridisciplinaire annonc\u00e9 en decembre sur le cas Ciss\u00e9 Bacongo","datePublished":"2024-08-30T16:52:51+00:00","dateModified":"2024-08-30T17:58:09+00:00","mainEntityOfPage":{"@id":"https:\/\/www.africa-press.net\/cotedivoire\/politique\/developpement-local-un-colloque-international-pluridisciplinaire-annonce-en-decembre-sur-le-cas-cisse-bacongo"},"wordCount":903,"commentCount":0,"image":{"@id":"https:\/\/www.africa-press.net\/cotedivoire\/politique\/developpement-local-un-colloque-international-pluridisciplinaire-annonce-en-decembre-sur-le-cas-cisse-bacongo#primaryimage"},"thumbnailUrl":"https:\/\/static.africa-press.net\/cote\/sites\/43\/2024\/08\/sm_1725028070.556305.jpg","keywords":["Ciss\u00e9 Bacongo","colloque","C\u00d4TE D'IVOIRE","D\u00e9veloppement local","Koumassi","Okou Rom\u00e9o"],"articleSection":["Politique","Toutes les actualit\u00e9s"],"inLanguage":"fr-FR","potentialAction":[{"@type":"CommentAction","name":"Comment","target":["https:\/\/www.africa-press.net\/cotedivoire\/politique\/developpement-local-un-colloque-international-pluridisciplinaire-annonce-en-decembre-sur-le-cas-cisse-bacongo#respond"]}]},{"@type":"WebPage","@id":"https:\/\/www.africa-press.net\/cotedivoire\/politique\/developpement-local-un-colloque-international-pluridisciplinaire-annonce-en-decembre-sur-le-cas-cisse-bacongo","url":"https:\/\/www.africa-press.net\/cotedivoire\/politique\/developpement-local-un-colloque-international-pluridisciplinaire-annonce-en-decembre-sur-le-cas-cisse-bacongo","name":"D\u00e9veloppement local, un colloque international pluridisciplinaire annonc\u00e9 en decembre sur le cas Ciss\u00e9 Bacongo - C\u00f4te d&#039;Ivoire","isPartOf":{"@id":"https:\/\/www.africa-press.net\/cotedivoire\/#website"},"primaryImageOfPage":{"@id":"https:\/\/www.africa-press.net\/cotedivoire\/politique\/developpement-local-un-colloque-international-pluridisciplinaire-annonce-en-decembre-sur-le-cas-cisse-bacongo#primaryimage"},"image":{"@id":"https:\/\/www.africa-press.net\/cotedivoire\/politique\/developpement-local-un-colloque-international-pluridisciplinaire-annonce-en-decembre-sur-le-cas-cisse-bacongo#primaryimage"},"thumbnailUrl":"https:\/\/static.africa-press.net\/cote\/sites\/43\/2024\/08\/sm_1725028070.556305.jpg","datePublished":"2024-08-30T16:52:51+00:00","dateModified":"2024-08-30T17:58:09+00:00","author":{"@id":"https:\/\/www.africa-press.net\/cotedivoire\/#\/schema\/person\/2b1cf3cd81a31e3cd26889ca66d677f1"},"description":"Un colloque international pluridisciplinaire grand public sur le the\u0300me Cisse\u0301 Ibrahima Bacongo: un leadership politique ...","breadcrumb":{"@id":"https:\/\/www.africa-press.net\/cotedivoire\/politique\/developpement-local-un-colloque-international-pluridisciplinaire-annonce-en-decembre-sur-le-cas-cisse-bacongo#breadcrumb"},"inLanguage":"fr-FR","potentialAction":[{"@type":"ReadAction","target":["https:\/\/www.africa-press.net\/cotedivoire\/politique\/developpement-local-un-colloque-international-pluridisciplinaire-annonce-en-decembre-sur-le-cas-cisse-bacongo"]}]},{"@type":"ImageObject","inLanguage":"fr-FR","@id":"https:\/\/www.africa-press.net\/cotedivoire\/politique\/developpement-local-un-colloque-international-pluridisciplinaire-annonce-en-decembre-sur-le-cas-cisse-bacongo#primaryimage","url":"https:\/\/static.africa-press.net\/cote\/sites\/43\/2024\/08\/sm_1725028070.556305.jpg","contentUrl":"https:\/\/static.africa-press.net\/cote\/sites\/43\/2024\/08\/sm_1725028070.556305.jpg","width":720,"height":480,"caption":"D\u00e9veloppement local, un colloque international pluridisciplinaire annonc\u00e9 en decembre sur le cas Ciss\u00e9 Bacongo"},{"@type":"BreadcrumbList","@id":"https:\/\/www.africa-press.net\/cotedivoire\/politique\/developpement-local-un-colloque-international-pluridisciplinaire-annonce-en-decembre-sur-le-cas-cisse-bacongo#breadcrumb","itemListElement":[{"@type":"ListItem","position":1,"name":"Accueil","item":"https:\/\/www.africa-press.net\/cotedivoire\/"},{"@type":"ListItem","position":2,"name":"D\u00e9veloppement local, un colloque international pluridisciplinaire annonc\u00e9 en decembre sur le cas Ciss\u00e9 Bacongo"}]},{"@type":"WebSite","@id":"https:\/\/www.africa-press.net\/cotedivoire\/#website","url":"https:\/\/www.africa-press.net\/cotedivoire\/","name":"C\u00f4te d&#039;Ivoire","description":"Just another Africa News Agency Sites site","potentialAction":[{"@type":"SearchAction","target":{"@type":"EntryPoint","urlTemplate":"https:\/\/www.africa-press.net\/cotedivoire\/?s={search_term_string}"},"query-input":{"@type":"PropertyValueSpecification","valueRequired":true,"valueName":"search_term_string"}}],"inLanguage":"fr-FR"},{"@type":"Person","@id":"https:\/\/www.africa-press.net\/cotedivoire\/#\/schema\/person\/2b1cf3cd81a31e3cd26889ca66d677f1","name":"cfeditorfr"}]}},"_links":{"self":[{"href":"https:\/\/www.africa-press.net\/cotedivoire\/wp-json\/wp\/v2\/posts\/86152","targetHints":{"allow":["GET"]}}],"collection":[{"href":"https:\/\/www.africa-press.net\/cotedivoire\/wp-json\/wp\/v2\/posts"}],"about":[{"href":"https:\/\/www.africa-press.net\/cotedivoire\/wp-json\/wp\/v2\/types\/post"}],"author":[{"embeddable":true,"href":"https:\/\/www.africa-press.net\/cotedivoire\/wp-json\/wp\/v2\/users\/82"}],"replies":[{"embeddable":true,"href":"https:\/\/www.africa-press.net\/cotedivoire\/wp-json\/wp\/v2\/comments?post=86152"}],"version-history":[{"count":0,"href":"https:\/\/www.africa-press.net\/cotedivoire\/wp-json\/wp\/v2\/posts\/86152\/revisions"}],"wp:featuredmedia":[{"embeddable":true,"href":"https:\/\/www.africa-press.net\/cotedivoire\/wp-json\/wp\/v2\/media\/86150"}],"wp:attachment":[{"href":"https:\/\/www.africa-press.net\/cotedivoire\/wp-json\/wp\/v2\/media?parent=86152"}],"wp:term":[{"taxonomy":"category","embeddable":true,"href":"https:\/\/www.africa-press.net\/cotedivoire\/wp-json\/wp\/v2\/categories?post=86152"},{"taxonomy":"post_tag","embeddable":true,"href":"https:\/\/www.africa-press.net\/cotedivoire\/wp-json\/wp\/v2\/tags?post=86152"}],"curies":[{"name":"wp","href":"https:\/\/api.w.org\/{rel}","templated":true}]}}