{"id":86266,"date":"2024-09-01T15:59:56","date_gmt":"2024-09-01T15:59:56","guid":{"rendered":"https:\/\/www.africa-press.net\/cotedivoire\/politique\/eliminatoires-can-maroc-2025-pour-les-1ere-et-2eme-sebastien-haller-indisponible-remplace-par-jean-philippe-krasso"},"modified":"2024-09-01T16:16:42","modified_gmt":"2024-09-01T16:16:42","slug":"eliminatoires-can-maroc-2025-pour-les-1ere-et-2eme-sebastien-haller-indisponible-remplace-par-jean-philippe-krasso","status":"publish","type":"post","link":"https:\/\/www.africa-press.net\/cotedivoire\/sports\/eliminatoires-can-maroc-2025-pour-les-1ere-et-2eme-sebastien-haller-indisponible-remplace-par-jean-philippe-krasso","title":{"rendered":"\u00c9liminatoires CAN Maroc 2025, pour les 1\u00e8re et 2\u00e8me, S\u00e9bastien Haller indisponible, remplac\u00e9 par Jean-Philippe Krasso"},"content":{"rendered":"<p><span style=\"color: #ff6600\"><strong>Africa-Press &#8211; C\u00f4te d&rsquo;Ivoire. <\/strong><\/span>La Fe\u0301de\u0301ration Ivoirienne de Football (FIF) a annonce\u0301 que Se\u0301bastien Haller, initialement convoque\u0301 par le se\u0301lectionneur Emerse Fae\u0301 pour participer aux 1e\u0300re et 2e journe\u0301es des e\u0301liminatoires de la Coupe d&rsquo;Afrique des Nations (CAN) Maroc 2025, sera finalement indisponible.<\/p>\n<p>Cette absence est due a\u0300 son re\u0301cent transfert vers le club espagnol de Legane\u0301s, ope\u0301re\u0301 dans les dernie\u0300res heures du mercato.<\/p>\n<p>Se\u0301bastien Haller, international ivoirien, doit se rendre disponible pour sa nouvelle e\u0301quipe, notamment pour passer la visite me\u0301dicale. Afin de pallier cette absence, la FIF a de\u0301cide\u0301 de convoquer Jean-Philippe Krasso, actuellement joueur au Paris FC, pour cette fene\u0302tre FIFA qui s&rsquo;e\u0301tend du 2 au 10 septembre 2024.<\/p>\n<p>La Fe\u0301de\u0301ration a tenu a\u0300 informer la presse et le public de ce changement de dernie\u0300re minute, garantissant ainsi que l&rsquo;e\u0301quipe nationale reste compe\u0301titive et pre\u0302te pour les de\u0301fis a\u0300 venir dans le cadre des e\u0301liminatoires de la CAN 2025.<\/p>\n<p><strong>Pour plus d&rsquo;informations et d&rsquo;analyses sur la C\u00f4te d&rsquo;Ivoire, suivez Africa-Press<\/strong><\/p>\n","protected":false},"excerpt":{"rendered":"<p>Africa-Press &#8211; C\u00f4te d&rsquo;Ivoire. La Fe\u0301de\u0301ration Ivoirienne de Football (FIF) a annonce\u0301 que Se\u0301bastien Haller, initialement convoque\u0301 par le se\u0301lectionneur Emerse Fae\u0301 pour participer aux 1e\u0300re et 2e journe\u0301es des e\u0301liminatoires de la Coupe d&rsquo;Afrique des Nations (CAN) Maroc 2025, sera finalement indisponible. Cette absence est due a\u0300 son re\u0301cent transfert vers le club espagnol [&hellip;]<\/p>\n","protected":false},"author":82,"featured_media":86265,"comment_status":"open","ping_status":"closed","sticky":false,"template":"","format":"standard","meta":{"footnotes":""},"categories":[6,70,10],"tags":[2874,29,859,10437,498,10829,1448,1385],"class_list":["post-86266","post","type-post","status-publish","format-standard","has-post-thumbnail","hentry","category-sports","category-to-homepage","category-toutes-les-actualites","tag-can","tag-cote-divoire","tag-fif","tag-jean-philippe-krasso","tag-maroc","tag-mercato","tag-paris","tag-sebastien-haller"],"yoast_head":"<!-- This site is optimized with the Yoast SEO Premium plugin v26.1 (Yoast SEO v27.0) - https:\/\/yoast.com\/product\/yoast-seo-premium-wordpress\/ -->\n<title>\u00c9liminatoires CAN Maroc 2025, pour les 1\u00e8re et 2\u00e8me, S\u00e9bastien Haller indisponible, remplac\u00e9 par Jean-Philippe Krasso - C\u00f4te d&#039;Ivoire<\/title>\n<meta name=\"description\" content=\"La Fe\u0301de\u0301ration Ivoirienne de Football (FIF) a annonce\u0301 que Se\u0301bastien Haller, initialement convoque\u0301 par le se\u0301lectionn ...\" \/>\n<meta name=\"robots\" content=\"index, follow, max-snippet:-1, max-image-preview:large, max-video-preview:-1\" \/>\n<link rel=\"canonical\" href=\"https:\/\/www.africa-press.net\/cotedivoire\/sports\/eliminatoires-can-maroc-2025-pour-les-1ere-et-2eme-sebastien-haller-indisponible-remplace-par-jean-philippe-krasso\" \/>\n<meta property=\"og:locale\" content=\"fr_FR\" \/>\n<meta property=\"og:type\" content=\"article\" \/>\n<meta property=\"og:title\" content=\"\u00c9liminatoires CAN Maroc 2025, pour les 1\u00e8re et 2\u00e8me, S\u00e9bastien Haller indisponible, remplac\u00e9 par Jean-Philippe Krasso\" \/>\n<meta property=\"og:description\" content=\"La Fe\u0301de\u0301ration Ivoirienne de Football (FIF) a annonce\u0301 que Se\u0301bastien Haller, initialement convoque\u0301 par le se\u0301lectionn ...\" \/>\n<meta property=\"og:url\" content=\"https:\/\/www.africa-press.net\/cotedivoire\/sports\/eliminatoires-can-maroc-2025-pour-les-1ere-et-2eme-sebastien-haller-indisponible-remplace-par-jean-philippe-krasso\" \/>\n<meta property=\"og:site_name\" content=\"C\u00f4te d&#039;Ivoire\" \/>\n<meta property=\"article:published_time\" content=\"2024-09-01T15:59:56+00:00\" \/>\n<meta property=\"article:modified_time\" content=\"2024-09-01T16:16:42+00:00\" \/>\n<meta property=\"og:image\" content=\"https:\/\/static.africa-press.net\/cote\/sites\/43\/2024\/09\/sm_1725194779.579096.jpg\" \/>\n\t<meta property=\"og:image:width\" content=\"720\" \/>\n\t<meta property=\"og:image:height\" content=\"384\" \/>\n\t<meta property=\"og:image:type\" content=\"image\/jpeg\" \/>\n<meta name=\"author\" content=\"cfeditorfr\" \/>\n<meta name=\"twitter:card\" content=\"summary_large_image\" \/>\n<meta name=\"twitter:label1\" content=\"\u00c9crit par\" \/>\n\t<meta name=\"twitter:data1\" content=\"cfeditorfr\" \/>\n\t<meta name=\"twitter:label2\" content=\"Dur\u00e9e de lecture estim\u00e9e\" \/>\n\t<meta name=\"twitter:data2\" content=\"2 minutes\" \/>\n<script type=\"application\/ld+json\" class=\"yoast-schema-graph\">{\"@context\":\"https:\/\/schema.org\",\"@graph\":[{\"@type\":\"Article\",\"@id\":\"https:\/\/www.africa-press.net\/cotedivoire\/sports\/eliminatoires-can-maroc-2025-pour-les-1ere-et-2eme-sebastien-haller-indisponible-remplace-par-jean-philippe-krasso#article\",\"isPartOf\":{\"@id\":\"https:\/\/www.africa-press.net\/cotedivoire\/sports\/eliminatoires-can-maroc-2025-pour-les-1ere-et-2eme-sebastien-haller-indisponible-remplace-par-jean-philippe-krasso\"},\"author\":{\"name\":\"cfeditorfr\",\"@id\":\"https:\/\/www.africa-press.net\/cotedivoire\/#\/schema\/person\/2b1cf3cd81a31e3cd26889ca66d677f1\"},\"headline\":\"\u00c9liminatoires CAN Maroc 2025, pour les 1\u00e8re et 2\u00e8me, S\u00e9bastien Haller indisponible, remplac\u00e9 par Jean-Philippe Krasso\",\"datePublished\":\"2024-09-01T15:59:56+00:00\",\"dateModified\":\"2024-09-01T16:16:42+00:00\",\"mainEntityOfPage\":{\"@id\":\"https:\/\/www.africa-press.net\/cotedivoire\/sports\/eliminatoires-can-maroc-2025-pour-les-1ere-et-2eme-sebastien-haller-indisponible-remplace-par-jean-philippe-krasso\"},\"wordCount\":208,\"commentCount\":0,\"image\":{\"@id\":\"https:\/\/www.africa-press.net\/cotedivoire\/sports\/eliminatoires-can-maroc-2025-pour-les-1ere-et-2eme-sebastien-haller-indisponible-remplace-par-jean-philippe-krasso#primaryimage\"},\"thumbnailUrl\":\"https:\/\/static.africa-press.net\/cote\/sites\/43\/2024\/09\/sm_1725194779.579096.jpg\",\"keywords\":[\"CAN\",\"C\u00d4TE D'IVOIRE\",\"FIF\",\"Jean-Philippe Krasso\",\"Maroc\",\"Mercato\",\"Paris\",\"S\u00e9bastien Haller\"],\"articleSection\":[\"Sports\",\"to-homepage\",\"Toutes les actualit\u00e9s\"],\"inLanguage\":\"fr-FR\",\"potentialAction\":[{\"@type\":\"CommentAction\",\"name\":\"Comment\",\"target\":[\"https:\/\/www.africa-press.net\/cotedivoire\/sports\/eliminatoires-can-maroc-2025-pour-les-1ere-et-2eme-sebastien-haller-indisponible-remplace-par-jean-philippe-krasso#respond\"]}]},{\"@type\":\"WebPage\",\"@id\":\"https:\/\/www.africa-press.net\/cotedivoire\/sports\/eliminatoires-can-maroc-2025-pour-les-1ere-et-2eme-sebastien-haller-indisponible-remplace-par-jean-philippe-krasso\",\"url\":\"https:\/\/www.africa-press.net\/cotedivoire\/sports\/eliminatoires-can-maroc-2025-pour-les-1ere-et-2eme-sebastien-haller-indisponible-remplace-par-jean-philippe-krasso\",\"name\":\"\u00c9liminatoires CAN Maroc 2025, pour les 1\u00e8re et 2\u00e8me, S\u00e9bastien Haller indisponible, remplac\u00e9 par Jean-Philippe Krasso - C\u00f4te d&#039;Ivoire\",\"isPartOf\":{\"@id\":\"https:\/\/www.africa-press.net\/cotedivoire\/#website\"},\"primaryImageOfPage\":{\"@id\":\"https:\/\/www.africa-press.net\/cotedivoire\/sports\/eliminatoires-can-maroc-2025-pour-les-1ere-et-2eme-sebastien-haller-indisponible-remplace-par-jean-philippe-krasso#primaryimage\"},\"image\":{\"@id\":\"https:\/\/www.africa-press.net\/cotedivoire\/sports\/eliminatoires-can-maroc-2025-pour-les-1ere-et-2eme-sebastien-haller-indisponible-remplace-par-jean-philippe-krasso#primaryimage\"},\"thumbnailUrl\":\"https:\/\/static.africa-press.net\/cote\/sites\/43\/2024\/09\/sm_1725194779.579096.jpg\",\"datePublished\":\"2024-09-01T15:59:56+00:00\",\"dateModified\":\"2024-09-01T16:16:42+00:00\",\"author\":{\"@id\":\"https:\/\/www.africa-press.net\/cotedivoire\/#\/schema\/person\/2b1cf3cd81a31e3cd26889ca66d677f1\"},\"description\":\"La Fe\u0301de\u0301ration Ivoirienne de Football (FIF) a annonce\u0301 que Se\u0301bastien Haller, initialement convoque\u0301 par le se\u0301lectionn ...\",\"breadcrumb\":{\"@id\":\"https:\/\/www.africa-press.net\/cotedivoire\/sports\/eliminatoires-can-maroc-2025-pour-les-1ere-et-2eme-sebastien-haller-indisponible-remplace-par-jean-philippe-krasso#breadcrumb\"},\"inLanguage\":\"fr-FR\",\"potentialAction\":[{\"@type\":\"ReadAction\",\"target\":[\"https:\/\/www.africa-press.net\/cotedivoire\/sports\/eliminatoires-can-maroc-2025-pour-les-1ere-et-2eme-sebastien-haller-indisponible-remplace-par-jean-philippe-krasso\"]}]},{\"@type\":\"ImageObject\",\"inLanguage\":\"fr-FR\",\"@id\":\"https:\/\/www.africa-press.net\/cotedivoire\/sports\/eliminatoires-can-maroc-2025-pour-les-1ere-et-2eme-sebastien-haller-indisponible-remplace-par-jean-philippe-krasso#primaryimage\",\"url\":\"https:\/\/static.africa-press.net\/cote\/sites\/43\/2024\/09\/sm_1725194779.579096.jpg\",\"contentUrl\":\"https:\/\/static.africa-press.net\/cote\/sites\/43\/2024\/09\/sm_1725194779.579096.jpg\",\"width\":720,\"height\":384,\"caption\":\"\u00c9liminatoires CAN Maroc 2025, pour les 1\u00e8re et 2\u00e8me, S\u00e9bastien Haller indisponible, remplac\u00e9 par Jean-Philippe Krasso\"},{\"@type\":\"BreadcrumbList\",\"@id\":\"https:\/\/www.africa-press.net\/cotedivoire\/sports\/eliminatoires-can-maroc-2025-pour-les-1ere-et-2eme-sebastien-haller-indisponible-remplace-par-jean-philippe-krasso#breadcrumb\",\"itemListElement\":[{\"@type\":\"ListItem\",\"position\":1,\"name\":\"Accueil\",\"item\":\"https:\/\/www.africa-press.net\/cotedivoire\/\"},{\"@type\":\"ListItem\",\"position\":2,\"name\":\"\u00c9liminatoires CAN Maroc 2025, pour les 1\u00e8re et 2\u00e8me, S\u00e9bastien Haller indisponible, remplac\u00e9 par Jean-Philippe Krasso\"}]},{\"@type\":\"WebSite\",\"@id\":\"https:\/\/www.africa-press.net\/cotedivoire\/#website\",\"url\":\"https:\/\/www.africa-press.net\/cotedivoire\/\",\"name\":\"C\u00f4te d&#039;Ivoire\",\"description\":\"Just another Africa News Agency Sites site\",\"potentialAction\":[{\"@type\":\"SearchAction\",\"target\":{\"@type\":\"EntryPoint\",\"urlTemplate\":\"https:\/\/www.africa-press.net\/cotedivoire\/?s={search_term_string}\"},\"query-input\":{\"@type\":\"PropertyValueSpecification\",\"valueRequired\":true,\"valueName\":\"search_term_string\"}}],\"inLanguage\":\"fr-FR\"},{\"@type\":\"Person\",\"@id\":\"https:\/\/www.africa-press.net\/cotedivoire\/#\/schema\/person\/2b1cf3cd81a31e3cd26889ca66d677f1\",\"name\":\"cfeditorfr\"}]}<\/script>\n<!-- \/ Yoast SEO Premium plugin. -->","yoast_head_json":{"title":"\u00c9liminatoires CAN Maroc 2025, pour les 1\u00e8re et 2\u00e8me, S\u00e9bastien Haller indisponible, remplac\u00e9 par Jean-Philippe Krasso - C\u00f4te d&#039;Ivoire","description":"La Fe\u0301de\u0301ration Ivoirienne de Football (FIF) a annonce\u0301 que Se\u0301bastien Haller, initialement convoque\u0301 par le se\u0301lectionn ...","robots":{"index":"index","follow":"follow","max-snippet":"max-snippet:-1","max-image-preview":"max-image-preview:large","max-video-preview":"max-video-preview:-1"},"canonical":"https:\/\/www.africa-press.net\/cotedivoire\/sports\/eliminatoires-can-maroc-2025-pour-les-1ere-et-2eme-sebastien-haller-indisponible-remplace-par-jean-philippe-krasso","og_locale":"fr_FR","og_type":"article","og_title":"\u00c9liminatoires CAN Maroc 2025, pour les 1\u00e8re et 2\u00e8me, S\u00e9bastien Haller indisponible, remplac\u00e9 par Jean-Philippe Krasso","og_description":"La Fe\u0301de\u0301ration Ivoirienne de Football (FIF) a annonce\u0301 que Se\u0301bastien Haller, initialement convoque\u0301 par le se\u0301lectionn ...","og_url":"https:\/\/www.africa-press.net\/cotedivoire\/sports\/eliminatoires-can-maroc-2025-pour-les-1ere-et-2eme-sebastien-haller-indisponible-remplace-par-jean-philippe-krasso","og_site_name":"C\u00f4te d&#039;Ivoire","article_published_time":"2024-09-01T15:59:56+00:00","article_modified_time":"2024-09-01T16:16:42+00:00","og_image":[{"width":720,"height":384,"url":"https:\/\/static.africa-press.net\/cote\/sites\/43\/2024\/09\/sm_1725194779.579096.jpg","type":"image\/jpeg"}],"author":"cfeditorfr","twitter_card":"summary_large_image","twitter_misc":{"\u00c9crit par":"cfeditorfr","Dur\u00e9e de lecture estim\u00e9e":"2 minutes"},"schema":{"@context":"https:\/\/schema.org","@graph":[{"@type":"Article","@id":"https:\/\/www.africa-press.net\/cotedivoire\/sports\/eliminatoires-can-maroc-2025-pour-les-1ere-et-2eme-sebastien-haller-indisponible-remplace-par-jean-philippe-krasso#article","isPartOf":{"@id":"https:\/\/www.africa-press.net\/cotedivoire\/sports\/eliminatoires-can-maroc-2025-pour-les-1ere-et-2eme-sebastien-haller-indisponible-remplace-par-jean-philippe-krasso"},"author":{"name":"cfeditorfr","@id":"https:\/\/www.africa-press.net\/cotedivoire\/#\/schema\/person\/2b1cf3cd81a31e3cd26889ca66d677f1"},"headline":"\u00c9liminatoires CAN Maroc 2025, pour les 1\u00e8re et 2\u00e8me, S\u00e9bastien Haller indisponible, remplac\u00e9 par Jean-Philippe Krasso","datePublished":"2024-09-01T15:59:56+00:00","dateModified":"2024-09-01T16:16:42+00:00","mainEntityOfPage":{"@id":"https:\/\/www.africa-press.net\/cotedivoire\/sports\/eliminatoires-can-maroc-2025-pour-les-1ere-et-2eme-sebastien-haller-indisponible-remplace-par-jean-philippe-krasso"},"wordCount":208,"commentCount":0,"image":{"@id":"https:\/\/www.africa-press.net\/cotedivoire\/sports\/eliminatoires-can-maroc-2025-pour-les-1ere-et-2eme-sebastien-haller-indisponible-remplace-par-jean-philippe-krasso#primaryimage"},"thumbnailUrl":"https:\/\/static.africa-press.net\/cote\/sites\/43\/2024\/09\/sm_1725194779.579096.jpg","keywords":["CAN","C\u00d4TE D'IVOIRE","FIF","Jean-Philippe Krasso","Maroc","Mercato","Paris","S\u00e9bastien Haller"],"articleSection":["Sports","to-homepage","Toutes les actualit\u00e9s"],"inLanguage":"fr-FR","potentialAction":[{"@type":"CommentAction","name":"Comment","target":["https:\/\/www.africa-press.net\/cotedivoire\/sports\/eliminatoires-can-maroc-2025-pour-les-1ere-et-2eme-sebastien-haller-indisponible-remplace-par-jean-philippe-krasso#respond"]}]},{"@type":"WebPage","@id":"https:\/\/www.africa-press.net\/cotedivoire\/sports\/eliminatoires-can-maroc-2025-pour-les-1ere-et-2eme-sebastien-haller-indisponible-remplace-par-jean-philippe-krasso","url":"https:\/\/www.africa-press.net\/cotedivoire\/sports\/eliminatoires-can-maroc-2025-pour-les-1ere-et-2eme-sebastien-haller-indisponible-remplace-par-jean-philippe-krasso","name":"\u00c9liminatoires CAN Maroc 2025, pour les 1\u00e8re et 2\u00e8me, S\u00e9bastien Haller indisponible, remplac\u00e9 par Jean-Philippe Krasso - C\u00f4te d&#039;Ivoire","isPartOf":{"@id":"https:\/\/www.africa-press.net\/cotedivoire\/#website"},"primaryImageOfPage":{"@id":"https:\/\/www.africa-press.net\/cotedivoire\/sports\/eliminatoires-can-maroc-2025-pour-les-1ere-et-2eme-sebastien-haller-indisponible-remplace-par-jean-philippe-krasso#primaryimage"},"image":{"@id":"https:\/\/www.africa-press.net\/cotedivoire\/sports\/eliminatoires-can-maroc-2025-pour-les-1ere-et-2eme-sebastien-haller-indisponible-remplace-par-jean-philippe-krasso#primaryimage"},"thumbnailUrl":"https:\/\/static.africa-press.net\/cote\/sites\/43\/2024\/09\/sm_1725194779.579096.jpg","datePublished":"2024-09-01T15:59:56+00:00","dateModified":"2024-09-01T16:16:42+00:00","author":{"@id":"https:\/\/www.africa-press.net\/cotedivoire\/#\/schema\/person\/2b1cf3cd81a31e3cd26889ca66d677f1"},"description":"La Fe\u0301de\u0301ration Ivoirienne de Football (FIF) a annonce\u0301 que Se\u0301bastien Haller, initialement convoque\u0301 par le se\u0301lectionn ...","breadcrumb":{"@id":"https:\/\/www.africa-press.net\/cotedivoire\/sports\/eliminatoires-can-maroc-2025-pour-les-1ere-et-2eme-sebastien-haller-indisponible-remplace-par-jean-philippe-krasso#breadcrumb"},"inLanguage":"fr-FR","potentialAction":[{"@type":"ReadAction","target":["https:\/\/www.africa-press.net\/cotedivoire\/sports\/eliminatoires-can-maroc-2025-pour-les-1ere-et-2eme-sebastien-haller-indisponible-remplace-par-jean-philippe-krasso"]}]},{"@type":"ImageObject","inLanguage":"fr-FR","@id":"https:\/\/www.africa-press.net\/cotedivoire\/sports\/eliminatoires-can-maroc-2025-pour-les-1ere-et-2eme-sebastien-haller-indisponible-remplace-par-jean-philippe-krasso#primaryimage","url":"https:\/\/static.africa-press.net\/cote\/sites\/43\/2024\/09\/sm_1725194779.579096.jpg","contentUrl":"https:\/\/static.africa-press.net\/cote\/sites\/43\/2024\/09\/sm_1725194779.579096.jpg","width":720,"height":384,"caption":"\u00c9liminatoires CAN Maroc 2025, pour les 1\u00e8re et 2\u00e8me, S\u00e9bastien Haller indisponible, remplac\u00e9 par Jean-Philippe Krasso"},{"@type":"BreadcrumbList","@id":"https:\/\/www.africa-press.net\/cotedivoire\/sports\/eliminatoires-can-maroc-2025-pour-les-1ere-et-2eme-sebastien-haller-indisponible-remplace-par-jean-philippe-krasso#breadcrumb","itemListElement":[{"@type":"ListItem","position":1,"name":"Accueil","item":"https:\/\/www.africa-press.net\/cotedivoire\/"},{"@type":"ListItem","position":2,"name":"\u00c9liminatoires CAN Maroc 2025, pour les 1\u00e8re et 2\u00e8me, S\u00e9bastien Haller indisponible, remplac\u00e9 par Jean-Philippe Krasso"}]},{"@type":"WebSite","@id":"https:\/\/www.africa-press.net\/cotedivoire\/#website","url":"https:\/\/www.africa-press.net\/cotedivoire\/","name":"C\u00f4te d&#039;Ivoire","description":"Just another Africa News Agency Sites site","potentialAction":[{"@type":"SearchAction","target":{"@type":"EntryPoint","urlTemplate":"https:\/\/www.africa-press.net\/cotedivoire\/?s={search_term_string}"},"query-input":{"@type":"PropertyValueSpecification","valueRequired":true,"valueName":"search_term_string"}}],"inLanguage":"fr-FR"},{"@type":"Person","@id":"https:\/\/www.africa-press.net\/cotedivoire\/#\/schema\/person\/2b1cf3cd81a31e3cd26889ca66d677f1","name":"cfeditorfr"}]}},"_links":{"self":[{"href":"https:\/\/www.africa-press.net\/cotedivoire\/wp-json\/wp\/v2\/posts\/86266","targetHints":{"allow":["GET"]}}],"collection":[{"href":"https:\/\/www.africa-press.net\/cotedivoire\/wp-json\/wp\/v2\/posts"}],"about":[{"href":"https:\/\/www.africa-press.net\/cotedivoire\/wp-json\/wp\/v2\/types\/post"}],"author":[{"embeddable":true,"href":"https:\/\/www.africa-press.net\/cotedivoire\/wp-json\/wp\/v2\/users\/82"}],"replies":[{"embeddable":true,"href":"https:\/\/www.africa-press.net\/cotedivoire\/wp-json\/wp\/v2\/comments?post=86266"}],"version-history":[{"count":0,"href":"https:\/\/www.africa-press.net\/cotedivoire\/wp-json\/wp\/v2\/posts\/86266\/revisions"}],"wp:featuredmedia":[{"embeddable":true,"href":"https:\/\/www.africa-press.net\/cotedivoire\/wp-json\/wp\/v2\/media\/86265"}],"wp:attachment":[{"href":"https:\/\/www.africa-press.net\/cotedivoire\/wp-json\/wp\/v2\/media?parent=86266"}],"wp:term":[{"taxonomy":"category","embeddable":true,"href":"https:\/\/www.africa-press.net\/cotedivoire\/wp-json\/wp\/v2\/categories?post=86266"},{"taxonomy":"post_tag","embeddable":true,"href":"https:\/\/www.africa-press.net\/cotedivoire\/wp-json\/wp\/v2\/tags?post=86266"}],"curies":[{"name":"wp","href":"https:\/\/api.w.org\/{rel}","templated":true}]}}