{"id":8636,"date":"2021-06-07T17:28:49","date_gmt":"2021-06-07T17:28:49","guid":{"rendered":"https:\/\/www.africa-press.net\/cotedivoire\/?p=8636"},"modified":"2021-06-07T18:08:24","modified_gmt":"2021-06-07T18:08:24","slug":"cote-divoire-hausse-des-prix-des-vivriers-dans-louest-du-pays-tai","status":"publish","type":"post","link":"https:\/\/www.africa-press.net\/cotedivoire\/economie\/cote-divoire-hausse-des-prix-des-vivriers-dans-louest-du-pays-tai","title":{"rendered":"Hausse des prix des vivriers dans l\u2019ouest du pays (Ta\u00ef)"},"content":{"rendered":"<p><span style=\"color: #ff6600\"><strong><a href=\"https:\/\/www.africa-press.net\/\">Africa-Press<\/a> &#8211; <a href=\"https:\/\/www.africa-press.net\/cotedivoire\">C\u00f4te d&rsquo;Ivoire<\/a>. <\/strong><\/span>Les prix des produits vivriers connaissent une hausse sur les march\u00e9s de Ta\u00ef (ouest du pays), depuis quelques semaines, a constat\u00e9 l\u2019AIP.<\/p>\n<p>Les produits vivriers sont fournis en petite quantit\u00e9 sur les diff\u00e9rents march\u00e9s de la commune. Le tas de quatre ou cinq aubergines, vendu auparavant \u00e0 200 Francs CFA, s\u2019ach\u00e8te d\u00e9sormais \u00e0 500 FCFA, pareil pour la m\u00eame quantit\u00e9 de tomates.<\/p>\n<p>La banane est quasiment absente du march\u00e9 et seules les graines de palme sont disponibles \u00e0 un prix relativement abordable.<\/p>\n<p>Les principales causes \u00e9voqu\u00e9es pour cette flamb\u00e9e des prix sont les difficult\u00e9s d\u2019approvisionnement, doubl\u00e9e de la faibles production locale, elle-m\u00eame entra\u00een\u00e9e par l\u2019occupation de la majorit\u00e9 des terres cultivables par les cultures de rente telles que l\u2019h\u00e9v\u00e9aculture et la cacaoculture.<\/p>\n<p>Habitu\u00e9e \u00e0 s\u2019approvisionner avec les d\u00e9partements voisins, la vendeuse Olga Yao esp\u00e8re que les autorit\u00e9s comp\u00e9tentes accentueront leurs actions pour aider les commer\u00e7antes et soulager les clients \u00e0 travers la r\u00e9habilitation des routes, surtout en saison pluvieuse.<\/p>\n<p>&nbsp;<\/p>\n","protected":false},"excerpt":{"rendered":"<p>Africa-Press &#8211; C\u00f4te d&rsquo;Ivoire. Les prix des produits vivriers connaissent une hausse sur les march\u00e9s de Ta\u00ef (ouest du pays), depuis quelques semaines, a constat\u00e9 l\u2019AIP. Les produits vivriers sont fournis en petite quantit\u00e9 sur les diff\u00e9rents march\u00e9s de la commune. Le tas de quatre ou cinq aubergines, vendu auparavant \u00e0 200 Francs CFA, s\u2019ach\u00e8te [&hellip;]<\/p>\n","protected":false},"author":82,"featured_media":8635,"comment_status":"open","ping_status":"closed","sticky":false,"template":"","format":"standard","meta":{"footnotes":""},"categories":[3,11,10],"tags":[56,63,29],"class_list":["post-8636","post","type-post","status-publish","format-standard","has-post-thumbnail","hentry","category-economie","category-homepage-french","category-toutes-les-actualites","tag-africa-press","tag-africa-press-cote-divoire","tag-cote-divoire"],"yoast_head":"<!-- This site is optimized with the Yoast SEO Premium plugin v26.1 (Yoast SEO v27.0) - https:\/\/yoast.com\/product\/yoast-seo-premium-wordpress\/ -->\n<title>Hausse des prix des vivriers dans l\u2019ouest du pays (Ta\u00ef) - C\u00f4te d&#039;Ivoire<\/title>\n<meta name=\"description\" content=\"Les prix des produits vivriers connaissent une hausse sur les march\u00e9s de Ta\u00ef (ouest du pays), depuis quelques semaines, ...\" \/>\n<meta name=\"robots\" content=\"index, follow, max-snippet:-1, max-image-preview:large, max-video-preview:-1\" \/>\n<link rel=\"canonical\" href=\"https:\/\/www.africa-press.net\/cotedivoire\/economie\/cote-divoire-hausse-des-prix-des-vivriers-dans-louest-du-pays-tai\" \/>\n<meta property=\"og:locale\" content=\"fr_FR\" \/>\n<meta property=\"og:type\" content=\"article\" \/>\n<meta property=\"og:title\" content=\"Hausse des prix des vivriers dans l\u2019ouest du pays (Ta\u00ef)\" \/>\n<meta property=\"og:description\" content=\"Les prix des produits vivriers connaissent une hausse sur les march\u00e9s de Ta\u00ef (ouest du pays), depuis quelques semaines, ...\" \/>\n<meta property=\"og:url\" content=\"https:\/\/www.africa-press.net\/cotedivoire\/economie\/cote-divoire-hausse-des-prix-des-vivriers-dans-louest-du-pays-tai\" \/>\n<meta property=\"og:site_name\" content=\"C\u00f4te d&#039;Ivoire\" \/>\n<meta property=\"article:published_time\" content=\"2021-06-07T17:28:49+00:00\" \/>\n<meta property=\"article:modified_time\" content=\"2021-06-07T18:08:24+00:00\" \/>\n<meta property=\"og:image\" content=\"https:\/\/static.africa-press.net\/cote\/sites\/43\/2021\/06\/img-60be55237d6da.jpg\" \/>\n\t<meta property=\"og:image:width\" content=\"763\" \/>\n\t<meta property=\"og:image:height\" content=\"431\" \/>\n\t<meta property=\"og:image:type\" content=\"image\/jpeg\" \/>\n<meta name=\"author\" content=\"cfeditorfr\" \/>\n<meta name=\"twitter:card\" content=\"summary_large_image\" \/>\n<meta name=\"twitter:label1\" content=\"\u00c9crit par\" \/>\n\t<meta name=\"twitter:data1\" content=\"cfeditorfr\" \/>\n\t<meta name=\"twitter:label2\" content=\"Dur\u00e9e de lecture estim\u00e9e\" \/>\n\t<meta name=\"twitter:data2\" content=\"1 minute\" \/>\n<script type=\"application\/ld+json\" class=\"yoast-schema-graph\">{\"@context\":\"https:\/\/schema.org\",\"@graph\":[{\"@type\":\"Article\",\"@id\":\"https:\/\/www.africa-press.net\/cotedivoire\/economie\/cote-divoire-hausse-des-prix-des-vivriers-dans-louest-du-pays-tai#article\",\"isPartOf\":{\"@id\":\"https:\/\/www.africa-press.net\/cotedivoire\/economie\/cote-divoire-hausse-des-prix-des-vivriers-dans-louest-du-pays-tai\"},\"author\":{\"name\":\"cfeditorfr\",\"@id\":\"https:\/\/www.africa-press.net\/cotedivoire\/#\/schema\/person\/2b1cf3cd81a31e3cd26889ca66d677f1\"},\"headline\":\"Hausse des prix des vivriers dans l\u2019ouest du pays (Ta\u00ef)\",\"datePublished\":\"2021-06-07T17:28:49+00:00\",\"dateModified\":\"2021-06-07T18:08:24+00:00\",\"mainEntityOfPage\":{\"@id\":\"https:\/\/www.africa-press.net\/cotedivoire\/economie\/cote-divoire-hausse-des-prix-des-vivriers-dans-louest-du-pays-tai\"},\"wordCount\":198,\"commentCount\":0,\"image\":{\"@id\":\"https:\/\/www.africa-press.net\/cotedivoire\/economie\/cote-divoire-hausse-des-prix-des-vivriers-dans-louest-du-pays-tai#primaryimage\"},\"thumbnailUrl\":\"https:\/\/static.africa-press.net\/cote\/sites\/43\/2021\/06\/img-60be55237d6da.jpg\",\"keywords\":[\"Africa Press\",\"Africa Press-C\u00f4te d'Ivoire\",\"C\u00d4TE D'IVOIRE\"],\"articleSection\":[\"\u00c9conomie\",\"homepage-french\",\"Toutes les actualit\u00e9s\"],\"inLanguage\":\"fr-FR\",\"potentialAction\":[{\"@type\":\"CommentAction\",\"name\":\"Comment\",\"target\":[\"https:\/\/www.africa-press.net\/cotedivoire\/economie\/cote-divoire-hausse-des-prix-des-vivriers-dans-louest-du-pays-tai#respond\"]}]},{\"@type\":\"WebPage\",\"@id\":\"https:\/\/www.africa-press.net\/cotedivoire\/economie\/cote-divoire-hausse-des-prix-des-vivriers-dans-louest-du-pays-tai\",\"url\":\"https:\/\/www.africa-press.net\/cotedivoire\/economie\/cote-divoire-hausse-des-prix-des-vivriers-dans-louest-du-pays-tai\",\"name\":\"Hausse des prix des vivriers dans l\u2019ouest du pays (Ta\u00ef) - C\u00f4te d&#039;Ivoire\",\"isPartOf\":{\"@id\":\"https:\/\/www.africa-press.net\/cotedivoire\/#website\"},\"primaryImageOfPage\":{\"@id\":\"https:\/\/www.africa-press.net\/cotedivoire\/economie\/cote-divoire-hausse-des-prix-des-vivriers-dans-louest-du-pays-tai#primaryimage\"},\"image\":{\"@id\":\"https:\/\/www.africa-press.net\/cotedivoire\/economie\/cote-divoire-hausse-des-prix-des-vivriers-dans-louest-du-pays-tai#primaryimage\"},\"thumbnailUrl\":\"https:\/\/static.africa-press.net\/cote\/sites\/43\/2021\/06\/img-60be55237d6da.jpg\",\"datePublished\":\"2021-06-07T17:28:49+00:00\",\"dateModified\":\"2021-06-07T18:08:24+00:00\",\"author\":{\"@id\":\"https:\/\/www.africa-press.net\/cotedivoire\/#\/schema\/person\/2b1cf3cd81a31e3cd26889ca66d677f1\"},\"description\":\"Les prix des produits vivriers connaissent une hausse sur les march\u00e9s de Ta\u00ef (ouest du pays), depuis quelques semaines, ...\",\"breadcrumb\":{\"@id\":\"https:\/\/www.africa-press.net\/cotedivoire\/economie\/cote-divoire-hausse-des-prix-des-vivriers-dans-louest-du-pays-tai#breadcrumb\"},\"inLanguage\":\"fr-FR\",\"potentialAction\":[{\"@type\":\"ReadAction\",\"target\":[\"https:\/\/www.africa-press.net\/cotedivoire\/economie\/cote-divoire-hausse-des-prix-des-vivriers-dans-louest-du-pays-tai\"]}]},{\"@type\":\"ImageObject\",\"inLanguage\":\"fr-FR\",\"@id\":\"https:\/\/www.africa-press.net\/cotedivoire\/economie\/cote-divoire-hausse-des-prix-des-vivriers-dans-louest-du-pays-tai#primaryimage\",\"url\":\"https:\/\/static.africa-press.net\/cote\/sites\/43\/2021\/06\/img-60be55237d6da.jpg\",\"contentUrl\":\"https:\/\/static.africa-press.net\/cote\/sites\/43\/2021\/06\/img-60be55237d6da.jpg\",\"width\":763,\"height\":431,\"caption\":\"C\u00f4te-d\u2019Ivoire: Hausse des prix des vivriers dans l\u2019ouest du pays (Ta\u00ef)\"},{\"@type\":\"BreadcrumbList\",\"@id\":\"https:\/\/www.africa-press.net\/cotedivoire\/economie\/cote-divoire-hausse-des-prix-des-vivriers-dans-louest-du-pays-tai#breadcrumb\",\"itemListElement\":[{\"@type\":\"ListItem\",\"position\":1,\"name\":\"Accueil\",\"item\":\"https:\/\/www.africa-press.net\/cotedivoire\/\"},{\"@type\":\"ListItem\",\"position\":2,\"name\":\"Hausse des prix des vivriers dans l\u2019ouest du pays (Ta\u00ef)\"}]},{\"@type\":\"WebSite\",\"@id\":\"https:\/\/www.africa-press.net\/cotedivoire\/#website\",\"url\":\"https:\/\/www.africa-press.net\/cotedivoire\/\",\"name\":\"C\u00f4te d&#039;Ivoire\",\"description\":\"Just another Africa News Agency Sites site\",\"potentialAction\":[{\"@type\":\"SearchAction\",\"target\":{\"@type\":\"EntryPoint\",\"urlTemplate\":\"https:\/\/www.africa-press.net\/cotedivoire\/?s={search_term_string}\"},\"query-input\":{\"@type\":\"PropertyValueSpecification\",\"valueRequired\":true,\"valueName\":\"search_term_string\"}}],\"inLanguage\":\"fr-FR\"},{\"@type\":\"Person\",\"@id\":\"https:\/\/www.africa-press.net\/cotedivoire\/#\/schema\/person\/2b1cf3cd81a31e3cd26889ca66d677f1\",\"name\":\"cfeditorfr\"}]}<\/script>\n<!-- \/ Yoast SEO Premium plugin. -->","yoast_head_json":{"title":"Hausse des prix des vivriers dans l\u2019ouest du pays (Ta\u00ef) - C\u00f4te d&#039;Ivoire","description":"Les prix des produits vivriers connaissent une hausse sur les march\u00e9s de Ta\u00ef (ouest du pays), depuis quelques semaines, ...","robots":{"index":"index","follow":"follow","max-snippet":"max-snippet:-1","max-image-preview":"max-image-preview:large","max-video-preview":"max-video-preview:-1"},"canonical":"https:\/\/www.africa-press.net\/cotedivoire\/economie\/cote-divoire-hausse-des-prix-des-vivriers-dans-louest-du-pays-tai","og_locale":"fr_FR","og_type":"article","og_title":"Hausse des prix des vivriers dans l\u2019ouest du pays (Ta\u00ef)","og_description":"Les prix des produits vivriers connaissent une hausse sur les march\u00e9s de Ta\u00ef (ouest du pays), depuis quelques semaines, ...","og_url":"https:\/\/www.africa-press.net\/cotedivoire\/economie\/cote-divoire-hausse-des-prix-des-vivriers-dans-louest-du-pays-tai","og_site_name":"C\u00f4te d&#039;Ivoire","article_published_time":"2021-06-07T17:28:49+00:00","article_modified_time":"2021-06-07T18:08:24+00:00","og_image":[{"width":763,"height":431,"url":"https:\/\/static.africa-press.net\/cote\/sites\/43\/2021\/06\/img-60be55237d6da.jpg","type":"image\/jpeg"}],"author":"cfeditorfr","twitter_card":"summary_large_image","twitter_misc":{"\u00c9crit par":"cfeditorfr","Dur\u00e9e de lecture estim\u00e9e":"1 minute"},"schema":{"@context":"https:\/\/schema.org","@graph":[{"@type":"Article","@id":"https:\/\/www.africa-press.net\/cotedivoire\/economie\/cote-divoire-hausse-des-prix-des-vivriers-dans-louest-du-pays-tai#article","isPartOf":{"@id":"https:\/\/www.africa-press.net\/cotedivoire\/economie\/cote-divoire-hausse-des-prix-des-vivriers-dans-louest-du-pays-tai"},"author":{"name":"cfeditorfr","@id":"https:\/\/www.africa-press.net\/cotedivoire\/#\/schema\/person\/2b1cf3cd81a31e3cd26889ca66d677f1"},"headline":"Hausse des prix des vivriers dans l\u2019ouest du pays (Ta\u00ef)","datePublished":"2021-06-07T17:28:49+00:00","dateModified":"2021-06-07T18:08:24+00:00","mainEntityOfPage":{"@id":"https:\/\/www.africa-press.net\/cotedivoire\/economie\/cote-divoire-hausse-des-prix-des-vivriers-dans-louest-du-pays-tai"},"wordCount":198,"commentCount":0,"image":{"@id":"https:\/\/www.africa-press.net\/cotedivoire\/economie\/cote-divoire-hausse-des-prix-des-vivriers-dans-louest-du-pays-tai#primaryimage"},"thumbnailUrl":"https:\/\/static.africa-press.net\/cote\/sites\/43\/2021\/06\/img-60be55237d6da.jpg","keywords":["Africa Press","Africa Press-C\u00f4te d'Ivoire","C\u00d4TE D'IVOIRE"],"articleSection":["\u00c9conomie","homepage-french","Toutes les actualit\u00e9s"],"inLanguage":"fr-FR","potentialAction":[{"@type":"CommentAction","name":"Comment","target":["https:\/\/www.africa-press.net\/cotedivoire\/economie\/cote-divoire-hausse-des-prix-des-vivriers-dans-louest-du-pays-tai#respond"]}]},{"@type":"WebPage","@id":"https:\/\/www.africa-press.net\/cotedivoire\/economie\/cote-divoire-hausse-des-prix-des-vivriers-dans-louest-du-pays-tai","url":"https:\/\/www.africa-press.net\/cotedivoire\/economie\/cote-divoire-hausse-des-prix-des-vivriers-dans-louest-du-pays-tai","name":"Hausse des prix des vivriers dans l\u2019ouest du pays (Ta\u00ef) - C\u00f4te d&#039;Ivoire","isPartOf":{"@id":"https:\/\/www.africa-press.net\/cotedivoire\/#website"},"primaryImageOfPage":{"@id":"https:\/\/www.africa-press.net\/cotedivoire\/economie\/cote-divoire-hausse-des-prix-des-vivriers-dans-louest-du-pays-tai#primaryimage"},"image":{"@id":"https:\/\/www.africa-press.net\/cotedivoire\/economie\/cote-divoire-hausse-des-prix-des-vivriers-dans-louest-du-pays-tai#primaryimage"},"thumbnailUrl":"https:\/\/static.africa-press.net\/cote\/sites\/43\/2021\/06\/img-60be55237d6da.jpg","datePublished":"2021-06-07T17:28:49+00:00","dateModified":"2021-06-07T18:08:24+00:00","author":{"@id":"https:\/\/www.africa-press.net\/cotedivoire\/#\/schema\/person\/2b1cf3cd81a31e3cd26889ca66d677f1"},"description":"Les prix des produits vivriers connaissent une hausse sur les march\u00e9s de Ta\u00ef (ouest du pays), depuis quelques semaines, ...","breadcrumb":{"@id":"https:\/\/www.africa-press.net\/cotedivoire\/economie\/cote-divoire-hausse-des-prix-des-vivriers-dans-louest-du-pays-tai#breadcrumb"},"inLanguage":"fr-FR","potentialAction":[{"@type":"ReadAction","target":["https:\/\/www.africa-press.net\/cotedivoire\/economie\/cote-divoire-hausse-des-prix-des-vivriers-dans-louest-du-pays-tai"]}]},{"@type":"ImageObject","inLanguage":"fr-FR","@id":"https:\/\/www.africa-press.net\/cotedivoire\/economie\/cote-divoire-hausse-des-prix-des-vivriers-dans-louest-du-pays-tai#primaryimage","url":"https:\/\/static.africa-press.net\/cote\/sites\/43\/2021\/06\/img-60be55237d6da.jpg","contentUrl":"https:\/\/static.africa-press.net\/cote\/sites\/43\/2021\/06\/img-60be55237d6da.jpg","width":763,"height":431,"caption":"C\u00f4te-d\u2019Ivoire: Hausse des prix des vivriers dans l\u2019ouest du pays (Ta\u00ef)"},{"@type":"BreadcrumbList","@id":"https:\/\/www.africa-press.net\/cotedivoire\/economie\/cote-divoire-hausse-des-prix-des-vivriers-dans-louest-du-pays-tai#breadcrumb","itemListElement":[{"@type":"ListItem","position":1,"name":"Accueil","item":"https:\/\/www.africa-press.net\/cotedivoire\/"},{"@type":"ListItem","position":2,"name":"Hausse des prix des vivriers dans l\u2019ouest du pays (Ta\u00ef)"}]},{"@type":"WebSite","@id":"https:\/\/www.africa-press.net\/cotedivoire\/#website","url":"https:\/\/www.africa-press.net\/cotedivoire\/","name":"C\u00f4te d&#039;Ivoire","description":"Just another Africa News Agency Sites site","potentialAction":[{"@type":"SearchAction","target":{"@type":"EntryPoint","urlTemplate":"https:\/\/www.africa-press.net\/cotedivoire\/?s={search_term_string}"},"query-input":{"@type":"PropertyValueSpecification","valueRequired":true,"valueName":"search_term_string"}}],"inLanguage":"fr-FR"},{"@type":"Person","@id":"https:\/\/www.africa-press.net\/cotedivoire\/#\/schema\/person\/2b1cf3cd81a31e3cd26889ca66d677f1","name":"cfeditorfr"}]}},"_links":{"self":[{"href":"https:\/\/www.africa-press.net\/cotedivoire\/wp-json\/wp\/v2\/posts\/8636","targetHints":{"allow":["GET"]}}],"collection":[{"href":"https:\/\/www.africa-press.net\/cotedivoire\/wp-json\/wp\/v2\/posts"}],"about":[{"href":"https:\/\/www.africa-press.net\/cotedivoire\/wp-json\/wp\/v2\/types\/post"}],"author":[{"embeddable":true,"href":"https:\/\/www.africa-press.net\/cotedivoire\/wp-json\/wp\/v2\/users\/82"}],"replies":[{"embeddable":true,"href":"https:\/\/www.africa-press.net\/cotedivoire\/wp-json\/wp\/v2\/comments?post=8636"}],"version-history":[{"count":0,"href":"https:\/\/www.africa-press.net\/cotedivoire\/wp-json\/wp\/v2\/posts\/8636\/revisions"}],"wp:featuredmedia":[{"embeddable":true,"href":"https:\/\/www.africa-press.net\/cotedivoire\/wp-json\/wp\/v2\/media\/8635"}],"wp:attachment":[{"href":"https:\/\/www.africa-press.net\/cotedivoire\/wp-json\/wp\/v2\/media?parent=8636"}],"wp:term":[{"taxonomy":"category","embeddable":true,"href":"https:\/\/www.africa-press.net\/cotedivoire\/wp-json\/wp\/v2\/categories?post=8636"},{"taxonomy":"post_tag","embeddable":true,"href":"https:\/\/www.africa-press.net\/cotedivoire\/wp-json\/wp\/v2\/tags?post=8636"}],"curies":[{"name":"wp","href":"https:\/\/api.w.org\/{rel}","templated":true}]}}