{"id":8671,"date":"2021-06-08T15:31:21","date_gmt":"2021-06-08T15:31:21","guid":{"rendered":"https:\/\/www.africa-press.net\/cotedivoire\/?p=8671"},"modified":"2021-06-08T17:01:14","modified_gmt":"2021-06-08T17:01:14","slug":"attaque-dans-le-nord-de-la-cote-divoire-au-moins-un-soldat-tue-a-la-frontiere-du-burkina-faso","status":"publish","type":"post","link":"https:\/\/www.africa-press.net\/cotedivoire\/politique\/attaque-dans-le-nord-de-la-cote-divoire-au-moins-un-soldat-tue-a-la-frontiere-du-burkina-faso","title":{"rendered":"Attaque dans le nord de la C\u00f4te-d&rsquo;Ivoire : au moins un soldat tu\u00e9 \u00e0 la fronti\u00e8re du Burkina Faso"},"content":{"rendered":"<p><span style=\"color: #ff6600\"><strong><a href=\"https:\/\/www.africa-press.net\/\">Africa-Press<\/a> &#8211; <a href=\"https:\/\/www.africa-press.net\/cotedivoire\">C\u00f4te d&rsquo;Ivoire<\/a>. <\/strong><\/span><b>Au moins un soldat ivoirien a \u00e9t\u00e9 tu\u00e9 lundi au soir dans l&rsquo;attaque de la localit\u00e9 de Tougbo, dans le nord-est de la C\u00f4te d&rsquo;Ivoire \u00e0 la fronti\u00e8re avec le Burkina Faso, a annonc\u00e9 ce mardi 8 juin l&rsquo;\u00e9tat-major des arm\u00e9es.<\/b><\/p>\n<p><span style=\"color: #ff6600\"><b>vid\u00e9o: <\/b><\/span><\/p>\n<p><iframe loading=\"lazy\" title=\"Attaque dans le nord de la C\u00f4te-d&#039;Ivoire : au moins un soldat tu\u00e9 \u00e0 la fronti\u00e8re du Burkina Faso\" width=\"696\" height=\"392\" src=\"https:\/\/www.youtube.com\/embed\/t2d8T3FRuq4?feature=oembed\" frameborder=\"0\" allow=\"accelerometer; autoplay; clipboard-write; encrypted-media; gyroscope; picture-in-picture\" allowfullscreen><\/iframe><\/p>\n","protected":false},"excerpt":{"rendered":"<p>Africa-Press &#8211; C\u00f4te d&rsquo;Ivoire. Au moins un soldat ivoirien a \u00e9t\u00e9 tu\u00e9 lundi au soir dans l&rsquo;attaque de la localit\u00e9 de Tougbo, dans le nord-est de la C\u00f4te d&rsquo;Ivoire \u00e0 la fronti\u00e8re avec le Burkina Faso, a annonc\u00e9 ce mardi 8 juin l&rsquo;\u00e9tat-major des arm\u00e9es. vid\u00e9o:<\/p>\n","protected":false},"author":82,"featured_media":8670,"comment_status":"open","ping_status":"closed","sticky":false,"template":"","format":"standard","meta":{"footnotes":""},"categories":[11,2,10,9],"tags":[56,63,164,115,29],"class_list":["post-8671","post","type-post","status-publish","format-standard","has-post-thumbnail","hentry","category-homepage-french","category-politique","category-toutes-les-actualites","category-video","tag-africa-press","tag-africa-press-cote-divoire","tag-armee","tag-burkina-faso","tag-cote-divoire"],"yoast_head":"<!-- This site is optimized with the Yoast SEO Premium plugin v26.1 (Yoast SEO v27.0) - https:\/\/yoast.com\/product\/yoast-seo-premium-wordpress\/ -->\n<title>Attaque dans le nord de la C\u00f4te-d&#039;Ivoire : au moins un soldat tu\u00e9 \u00e0 la fronti\u00e8re du Burkina Faso - C\u00f4te d&#039;Ivoire<\/title>\n<meta name=\"description\" content=\"Au moins un soldat ivoirien a \u00e9t\u00e9 tu\u00e9 lundi au soir dans l&#039;attaque de la localit\u00e9 de Tougbo, dans le nord-est de la C ...\" \/>\n<meta name=\"robots\" content=\"index, follow, max-snippet:-1, max-image-preview:large, max-video-preview:-1\" \/>\n<link rel=\"canonical\" href=\"http:\/\/www.africa-press.net\/cotedivoire\/politique\/attaque-dans-le-nord-de-la-cote-divoire-au-moins-un-soldat-tue-a-la-frontiere-du-burkina-faso\" \/>\n<meta property=\"og:locale\" content=\"fr_FR\" \/>\n<meta property=\"og:type\" content=\"article\" \/>\n<meta property=\"og:title\" content=\"Attaque dans le nord de la C\u00f4te-d&#039;Ivoire : au moins un soldat tu\u00e9 \u00e0 la fronti\u00e8re du Burkina Faso\" \/>\n<meta property=\"og:description\" content=\"Au moins un soldat ivoirien a \u00e9t\u00e9 tu\u00e9 lundi au soir dans l&#039;attaque de la localit\u00e9 de Tougbo, dans le nord-est de la C ...\" \/>\n<meta property=\"og:url\" content=\"http:\/\/www.africa-press.net\/cotedivoire\/politique\/attaque-dans-le-nord-de-la-cote-divoire-au-moins-un-soldat-tue-a-la-frontiere-du-burkina-faso\" \/>\n<meta property=\"og:site_name\" content=\"C\u00f4te d&#039;Ivoire\" \/>\n<meta property=\"article:published_time\" content=\"2021-06-08T15:31:21+00:00\" \/>\n<meta property=\"article:modified_time\" content=\"2021-06-08T17:01:14+00:00\" \/>\n<meta property=\"og:image\" content=\"https:\/\/static.africa-press.net\/cote\/sites\/43\/2021\/06\/img-60bf88fabcd66.jpg\" \/>\n\t<meta property=\"og:image:width\" content=\"1024\" \/>\n\t<meta property=\"og:image:height\" content=\"576\" \/>\n\t<meta property=\"og:image:type\" content=\"image\/jpeg\" \/>\n<meta name=\"author\" content=\"cfeditorfr\" \/>\n<meta name=\"twitter:card\" content=\"summary_large_image\" \/>\n<meta name=\"twitter:label1\" content=\"\u00c9crit par\" \/>\n\t<meta name=\"twitter:data1\" content=\"cfeditorfr\" \/>\n<script type=\"application\/ld+json\" class=\"yoast-schema-graph\">{\"@context\":\"https:\/\/schema.org\",\"@graph\":[{\"@type\":\"Article\",\"@id\":\"http:\/\/www.africa-press.net\/cotedivoire\/politique\/attaque-dans-le-nord-de-la-cote-divoire-au-moins-un-soldat-tue-a-la-frontiere-du-burkina-faso#article\",\"isPartOf\":{\"@id\":\"http:\/\/www.africa-press.net\/cotedivoire\/politique\/attaque-dans-le-nord-de-la-cote-divoire-au-moins-un-soldat-tue-a-la-frontiere-du-burkina-faso\"},\"author\":{\"name\":\"cfeditorfr\",\"@id\":\"https:\/\/www.africa-press.net\/cotedivoire\/#\/schema\/person\/2b1cf3cd81a31e3cd26889ca66d677f1\"},\"headline\":\"Attaque dans le nord de la C\u00f4te-d&rsquo;Ivoire : au moins un soldat tu\u00e9 \u00e0 la fronti\u00e8re du Burkina Faso\",\"datePublished\":\"2021-06-08T15:31:21+00:00\",\"dateModified\":\"2021-06-08T17:01:14+00:00\",\"mainEntityOfPage\":{\"@id\":\"http:\/\/www.africa-press.net\/cotedivoire\/politique\/attaque-dans-le-nord-de-la-cote-divoire-au-moins-un-soldat-tue-a-la-frontiere-du-burkina-faso\"},\"wordCount\":83,\"commentCount\":0,\"image\":{\"@id\":\"http:\/\/www.africa-press.net\/cotedivoire\/politique\/attaque-dans-le-nord-de-la-cote-divoire-au-moins-un-soldat-tue-a-la-frontiere-du-burkina-faso#primaryimage\"},\"thumbnailUrl\":\"https:\/\/static.africa-press.net\/cote\/sites\/43\/2021\/06\/img-60bf88fabcd66.jpg\",\"keywords\":[\"Africa Press\",\"Africa Press-C\u00f4te d'Ivoire\",\"Arm\u00e9e\",\"Burkina Faso\",\"C\u00d4TE D'IVOIRE\"],\"articleSection\":[\"homepage-french\",\"Politique\",\"Toutes les actualit\u00e9s\",\"vid\u00e9o\"],\"inLanguage\":\"fr-FR\",\"potentialAction\":[{\"@type\":\"CommentAction\",\"name\":\"Comment\",\"target\":[\"http:\/\/www.africa-press.net\/cotedivoire\/politique\/attaque-dans-le-nord-de-la-cote-divoire-au-moins-un-soldat-tue-a-la-frontiere-du-burkina-faso#respond\"]}]},{\"@type\":\"WebPage\",\"@id\":\"http:\/\/www.africa-press.net\/cotedivoire\/politique\/attaque-dans-le-nord-de-la-cote-divoire-au-moins-un-soldat-tue-a-la-frontiere-du-burkina-faso\",\"url\":\"http:\/\/www.africa-press.net\/cotedivoire\/politique\/attaque-dans-le-nord-de-la-cote-divoire-au-moins-un-soldat-tue-a-la-frontiere-du-burkina-faso\",\"name\":\"Attaque dans le nord de la C\u00f4te-d'Ivoire : au moins un soldat tu\u00e9 \u00e0 la fronti\u00e8re du Burkina Faso - C\u00f4te d&#039;Ivoire\",\"isPartOf\":{\"@id\":\"https:\/\/www.africa-press.net\/cotedivoire\/#website\"},\"primaryImageOfPage\":{\"@id\":\"http:\/\/www.africa-press.net\/cotedivoire\/politique\/attaque-dans-le-nord-de-la-cote-divoire-au-moins-un-soldat-tue-a-la-frontiere-du-burkina-faso#primaryimage\"},\"image\":{\"@id\":\"http:\/\/www.africa-press.net\/cotedivoire\/politique\/attaque-dans-le-nord-de-la-cote-divoire-au-moins-un-soldat-tue-a-la-frontiere-du-burkina-faso#primaryimage\"},\"thumbnailUrl\":\"https:\/\/static.africa-press.net\/cote\/sites\/43\/2021\/06\/img-60bf88fabcd66.jpg\",\"datePublished\":\"2021-06-08T15:31:21+00:00\",\"dateModified\":\"2021-06-08T17:01:14+00:00\",\"author\":{\"@id\":\"https:\/\/www.africa-press.net\/cotedivoire\/#\/schema\/person\/2b1cf3cd81a31e3cd26889ca66d677f1\"},\"description\":\"Au moins un soldat ivoirien a \u00e9t\u00e9 tu\u00e9 lundi au soir dans l'attaque de la localit\u00e9 de Tougbo, dans le nord-est de la C ...\",\"breadcrumb\":{\"@id\":\"http:\/\/www.africa-press.net\/cotedivoire\/politique\/attaque-dans-le-nord-de-la-cote-divoire-au-moins-un-soldat-tue-a-la-frontiere-du-burkina-faso#breadcrumb\"},\"inLanguage\":\"fr-FR\",\"potentialAction\":[{\"@type\":\"ReadAction\",\"target\":[\"http:\/\/www.africa-press.net\/cotedivoire\/politique\/attaque-dans-le-nord-de-la-cote-divoire-au-moins-un-soldat-tue-a-la-frontiere-du-burkina-faso\"]}]},{\"@type\":\"ImageObject\",\"inLanguage\":\"fr-FR\",\"@id\":\"http:\/\/www.africa-press.net\/cotedivoire\/politique\/attaque-dans-le-nord-de-la-cote-divoire-au-moins-un-soldat-tue-a-la-frontiere-du-burkina-faso#primaryimage\",\"url\":\"https:\/\/static.africa-press.net\/cote\/sites\/43\/2021\/06\/img-60bf88fabcd66.jpg\",\"contentUrl\":\"https:\/\/static.africa-press.net\/cote\/sites\/43\/2021\/06\/img-60bf88fabcd66.jpg\",\"width\":1024,\"height\":576,\"caption\":\"Attaque dans le nord de la C\u00f4te-d'Ivoire : au moins un soldat tu\u00e9 \u00e0 la fronti\u00e8re du Burkina Faso\"},{\"@type\":\"BreadcrumbList\",\"@id\":\"http:\/\/www.africa-press.net\/cotedivoire\/politique\/attaque-dans-le-nord-de-la-cote-divoire-au-moins-un-soldat-tue-a-la-frontiere-du-burkina-faso#breadcrumb\",\"itemListElement\":[{\"@type\":\"ListItem\",\"position\":1,\"name\":\"Accueil\",\"item\":\"https:\/\/www.africa-press.net\/cotedivoire\/\"},{\"@type\":\"ListItem\",\"position\":2,\"name\":\"Attaque dans le nord de la C\u00f4te-d&#8217;Ivoire : au moins un soldat tu\u00e9 \u00e0 la fronti\u00e8re du Burkina Faso\"}]},{\"@type\":\"WebSite\",\"@id\":\"https:\/\/www.africa-press.net\/cotedivoire\/#website\",\"url\":\"https:\/\/www.africa-press.net\/cotedivoire\/\",\"name\":\"C\u00f4te d&#039;Ivoire\",\"description\":\"Just another Africa News Agency Sites site\",\"potentialAction\":[{\"@type\":\"SearchAction\",\"target\":{\"@type\":\"EntryPoint\",\"urlTemplate\":\"https:\/\/www.africa-press.net\/cotedivoire\/?s={search_term_string}\"},\"query-input\":{\"@type\":\"PropertyValueSpecification\",\"valueRequired\":true,\"valueName\":\"search_term_string\"}}],\"inLanguage\":\"fr-FR\"},{\"@type\":\"Person\",\"@id\":\"https:\/\/www.africa-press.net\/cotedivoire\/#\/schema\/person\/2b1cf3cd81a31e3cd26889ca66d677f1\",\"name\":\"cfeditorfr\"}]}<\/script>\n<!-- \/ Yoast SEO Premium plugin. -->","yoast_head_json":{"title":"Attaque dans le nord de la C\u00f4te-d'Ivoire : au moins un soldat tu\u00e9 \u00e0 la fronti\u00e8re du Burkina Faso - C\u00f4te d&#039;Ivoire","description":"Au moins un soldat ivoirien a \u00e9t\u00e9 tu\u00e9 lundi au soir dans l'attaque de la localit\u00e9 de Tougbo, dans le nord-est de la C ...","robots":{"index":"index","follow":"follow","max-snippet":"max-snippet:-1","max-image-preview":"max-image-preview:large","max-video-preview":"max-video-preview:-1"},"canonical":"http:\/\/www.africa-press.net\/cotedivoire\/politique\/attaque-dans-le-nord-de-la-cote-divoire-au-moins-un-soldat-tue-a-la-frontiere-du-burkina-faso","og_locale":"fr_FR","og_type":"article","og_title":"Attaque dans le nord de la C\u00f4te-d'Ivoire : au moins un soldat tu\u00e9 \u00e0 la fronti\u00e8re du Burkina Faso","og_description":"Au moins un soldat ivoirien a \u00e9t\u00e9 tu\u00e9 lundi au soir dans l'attaque de la localit\u00e9 de Tougbo, dans le nord-est de la C ...","og_url":"http:\/\/www.africa-press.net\/cotedivoire\/politique\/attaque-dans-le-nord-de-la-cote-divoire-au-moins-un-soldat-tue-a-la-frontiere-du-burkina-faso","og_site_name":"C\u00f4te d&#039;Ivoire","article_published_time":"2021-06-08T15:31:21+00:00","article_modified_time":"2021-06-08T17:01:14+00:00","og_image":[{"width":1024,"height":576,"url":"https:\/\/static.africa-press.net\/cote\/sites\/43\/2021\/06\/img-60bf88fabcd66.jpg","type":"image\/jpeg"}],"author":"cfeditorfr","twitter_card":"summary_large_image","twitter_misc":{"\u00c9crit par":"cfeditorfr"},"schema":{"@context":"https:\/\/schema.org","@graph":[{"@type":"Article","@id":"http:\/\/www.africa-press.net\/cotedivoire\/politique\/attaque-dans-le-nord-de-la-cote-divoire-au-moins-un-soldat-tue-a-la-frontiere-du-burkina-faso#article","isPartOf":{"@id":"http:\/\/www.africa-press.net\/cotedivoire\/politique\/attaque-dans-le-nord-de-la-cote-divoire-au-moins-un-soldat-tue-a-la-frontiere-du-burkina-faso"},"author":{"name":"cfeditorfr","@id":"https:\/\/www.africa-press.net\/cotedivoire\/#\/schema\/person\/2b1cf3cd81a31e3cd26889ca66d677f1"},"headline":"Attaque dans le nord de la C\u00f4te-d&rsquo;Ivoire : au moins un soldat tu\u00e9 \u00e0 la fronti\u00e8re du Burkina Faso","datePublished":"2021-06-08T15:31:21+00:00","dateModified":"2021-06-08T17:01:14+00:00","mainEntityOfPage":{"@id":"http:\/\/www.africa-press.net\/cotedivoire\/politique\/attaque-dans-le-nord-de-la-cote-divoire-au-moins-un-soldat-tue-a-la-frontiere-du-burkina-faso"},"wordCount":83,"commentCount":0,"image":{"@id":"http:\/\/www.africa-press.net\/cotedivoire\/politique\/attaque-dans-le-nord-de-la-cote-divoire-au-moins-un-soldat-tue-a-la-frontiere-du-burkina-faso#primaryimage"},"thumbnailUrl":"https:\/\/static.africa-press.net\/cote\/sites\/43\/2021\/06\/img-60bf88fabcd66.jpg","keywords":["Africa Press","Africa Press-C\u00f4te d'Ivoire","Arm\u00e9e","Burkina Faso","C\u00d4TE D'IVOIRE"],"articleSection":["homepage-french","Politique","Toutes les actualit\u00e9s","vid\u00e9o"],"inLanguage":"fr-FR","potentialAction":[{"@type":"CommentAction","name":"Comment","target":["http:\/\/www.africa-press.net\/cotedivoire\/politique\/attaque-dans-le-nord-de-la-cote-divoire-au-moins-un-soldat-tue-a-la-frontiere-du-burkina-faso#respond"]}]},{"@type":"WebPage","@id":"http:\/\/www.africa-press.net\/cotedivoire\/politique\/attaque-dans-le-nord-de-la-cote-divoire-au-moins-un-soldat-tue-a-la-frontiere-du-burkina-faso","url":"http:\/\/www.africa-press.net\/cotedivoire\/politique\/attaque-dans-le-nord-de-la-cote-divoire-au-moins-un-soldat-tue-a-la-frontiere-du-burkina-faso","name":"Attaque dans le nord de la C\u00f4te-d'Ivoire : au moins un soldat tu\u00e9 \u00e0 la fronti\u00e8re du Burkina Faso - C\u00f4te d&#039;Ivoire","isPartOf":{"@id":"https:\/\/www.africa-press.net\/cotedivoire\/#website"},"primaryImageOfPage":{"@id":"http:\/\/www.africa-press.net\/cotedivoire\/politique\/attaque-dans-le-nord-de-la-cote-divoire-au-moins-un-soldat-tue-a-la-frontiere-du-burkina-faso#primaryimage"},"image":{"@id":"http:\/\/www.africa-press.net\/cotedivoire\/politique\/attaque-dans-le-nord-de-la-cote-divoire-au-moins-un-soldat-tue-a-la-frontiere-du-burkina-faso#primaryimage"},"thumbnailUrl":"https:\/\/static.africa-press.net\/cote\/sites\/43\/2021\/06\/img-60bf88fabcd66.jpg","datePublished":"2021-06-08T15:31:21+00:00","dateModified":"2021-06-08T17:01:14+00:00","author":{"@id":"https:\/\/www.africa-press.net\/cotedivoire\/#\/schema\/person\/2b1cf3cd81a31e3cd26889ca66d677f1"},"description":"Au moins un soldat ivoirien a \u00e9t\u00e9 tu\u00e9 lundi au soir dans l'attaque de la localit\u00e9 de Tougbo, dans le nord-est de la C ...","breadcrumb":{"@id":"http:\/\/www.africa-press.net\/cotedivoire\/politique\/attaque-dans-le-nord-de-la-cote-divoire-au-moins-un-soldat-tue-a-la-frontiere-du-burkina-faso#breadcrumb"},"inLanguage":"fr-FR","potentialAction":[{"@type":"ReadAction","target":["http:\/\/www.africa-press.net\/cotedivoire\/politique\/attaque-dans-le-nord-de-la-cote-divoire-au-moins-un-soldat-tue-a-la-frontiere-du-burkina-faso"]}]},{"@type":"ImageObject","inLanguage":"fr-FR","@id":"http:\/\/www.africa-press.net\/cotedivoire\/politique\/attaque-dans-le-nord-de-la-cote-divoire-au-moins-un-soldat-tue-a-la-frontiere-du-burkina-faso#primaryimage","url":"https:\/\/static.africa-press.net\/cote\/sites\/43\/2021\/06\/img-60bf88fabcd66.jpg","contentUrl":"https:\/\/static.africa-press.net\/cote\/sites\/43\/2021\/06\/img-60bf88fabcd66.jpg","width":1024,"height":576,"caption":"Attaque dans le nord de la C\u00f4te-d'Ivoire : au moins un soldat tu\u00e9 \u00e0 la fronti\u00e8re du Burkina Faso"},{"@type":"BreadcrumbList","@id":"http:\/\/www.africa-press.net\/cotedivoire\/politique\/attaque-dans-le-nord-de-la-cote-divoire-au-moins-un-soldat-tue-a-la-frontiere-du-burkina-faso#breadcrumb","itemListElement":[{"@type":"ListItem","position":1,"name":"Accueil","item":"https:\/\/www.africa-press.net\/cotedivoire\/"},{"@type":"ListItem","position":2,"name":"Attaque dans le nord de la C\u00f4te-d&#8217;Ivoire : au moins un soldat tu\u00e9 \u00e0 la fronti\u00e8re du Burkina Faso"}]},{"@type":"WebSite","@id":"https:\/\/www.africa-press.net\/cotedivoire\/#website","url":"https:\/\/www.africa-press.net\/cotedivoire\/","name":"C\u00f4te d&#039;Ivoire","description":"Just another Africa News Agency Sites site","potentialAction":[{"@type":"SearchAction","target":{"@type":"EntryPoint","urlTemplate":"https:\/\/www.africa-press.net\/cotedivoire\/?s={search_term_string}"},"query-input":{"@type":"PropertyValueSpecification","valueRequired":true,"valueName":"search_term_string"}}],"inLanguage":"fr-FR"},{"@type":"Person","@id":"https:\/\/www.africa-press.net\/cotedivoire\/#\/schema\/person\/2b1cf3cd81a31e3cd26889ca66d677f1","name":"cfeditorfr"}]}},"_links":{"self":[{"href":"https:\/\/www.africa-press.net\/cotedivoire\/wp-json\/wp\/v2\/posts\/8671","targetHints":{"allow":["GET"]}}],"collection":[{"href":"https:\/\/www.africa-press.net\/cotedivoire\/wp-json\/wp\/v2\/posts"}],"about":[{"href":"https:\/\/www.africa-press.net\/cotedivoire\/wp-json\/wp\/v2\/types\/post"}],"author":[{"embeddable":true,"href":"https:\/\/www.africa-press.net\/cotedivoire\/wp-json\/wp\/v2\/users\/82"}],"replies":[{"embeddable":true,"href":"https:\/\/www.africa-press.net\/cotedivoire\/wp-json\/wp\/v2\/comments?post=8671"}],"version-history":[{"count":0,"href":"https:\/\/www.africa-press.net\/cotedivoire\/wp-json\/wp\/v2\/posts\/8671\/revisions"}],"wp:featuredmedia":[{"embeddable":true,"href":"https:\/\/www.africa-press.net\/cotedivoire\/wp-json\/wp\/v2\/media\/8670"}],"wp:attachment":[{"href":"https:\/\/www.africa-press.net\/cotedivoire\/wp-json\/wp\/v2\/media?parent=8671"}],"wp:term":[{"taxonomy":"category","embeddable":true,"href":"https:\/\/www.africa-press.net\/cotedivoire\/wp-json\/wp\/v2\/categories?post=8671"},{"taxonomy":"post_tag","embeddable":true,"href":"https:\/\/www.africa-press.net\/cotedivoire\/wp-json\/wp\/v2\/tags?post=8671"}],"curies":[{"name":"wp","href":"https:\/\/api.w.org\/{rel}","templated":true}]}}