{"id":8674,"date":"2021-06-08T15:40:02","date_gmt":"2021-06-08T15:40:02","guid":{"rendered":"https:\/\/www.africa-press.net\/cotedivoire\/?p=8674"},"modified":"2021-06-08T17:01:26","modified_gmt":"2021-06-08T17:01:26","slug":"partenariat-france-cote-divoire-lancement-du-projet-agora-pour-la-jeunesse-ivoirienne","status":"publish","type":"post","link":"https:\/\/www.africa-press.net\/cotedivoire\/politique\/partenariat-france-cote-divoire-lancement-du-projet-agora-pour-la-jeunesse-ivoirienne","title":{"rendered":"Partenariat France-C\u00f4te d\u2019Ivoire: lancement du projet Agora pour la jeunesse ivoirienne"},"content":{"rendered":"<p><span style=\"color: #ff6600\"><strong><a href=\"https:\/\/www.africa-press.net\/\">Africa-Press<\/a> &#8211; <a href=\"https:\/\/www.africa-press.net\/cotedivoire\">C\u00f4te d&rsquo;Ivoire<\/a>. <\/strong><\/span>Le ministre d\u00e9l\u00e9gu\u00e9 fran\u00e7ais en charge du Commerce ext\u00e9rieur et de l\u2019Attractivit\u00e9 Franck Riester a annonc\u00e9, au terme d\u2019une visite de trois jours en C\u00f4te d\u2019Ivoire, la mise en place de projets Agora pour la jeunesse ivoirienne.<\/p>\n<p>Franck Riester, le ministre d\u00e9l\u00e9gu\u00e9 aupr\u00e8s du ministre de l\u2019Europe et des Affaires \u00e9trang\u00e8res en charge du Commerce ext\u00e9rieur et de l\u2019Attractivit\u00e9, a annonc\u00e9 vendredi 4 juin dernier, \u00e0 l\u2019issue d\u2019un entretien avec le Premier ministre ivoirien \u00e0 Abidjan, un partenariat entre la France et la C\u00f4te d\u2019Ivoire. Cette initiative, baptis\u00e9e Agora, est un syst\u00e8me de recherche mondiale en ligne sur l\u2019agriculture qui permettra d\u2019accompagner la jeunesse ivoirienne en la formant \u00e0 se b\u00e2tir un avenir durable.<\/p>\n<p><b>\u00abNotre s\u00e9jour a permis de voir comment la jeunesse pourrait \u00eatre soutenue \u00e0 travers diff\u00e9rentes initiatives priv\u00e9es par des projets Agora, une initiative que nous souhaitons entreprendre avec la C\u00f4te d\u2019Ivoire pour le bien-\u00eatre de cette jeunesse\u00bb, a indiqu\u00e9 Franck Riester qui achevait une visite de trois jours en terre ivoirienne.<\/b><\/p>\n<p>Dans la dynamique de la coop\u00e9ration entre les deux \u00c9tats, le ministre fran\u00e7ais a ajout\u00e9 que son pays envisageait de stimuler davantage les \u00e9changes commerciaux, \u00e0 travers des cha\u00eenes de valeur et de production. Ce afin d\u2019accro\u00eetre les exportations entre la France et la C\u00f4te d\u2019Ivoire, mais aussi entre la C\u00f4te d\u2019Ivoire et le reste du monde.<\/p>\n<p>Il a pr\u00e9cis\u00e9 avoir eu une rencontre en ce sens avec Bpifrance, banque publique d\u2019investissement, destin\u00e9e \u00e0 rapprocher les jeunes entrepreneurs fran\u00e7ais et ivoiriens pour encourager les investissements priv\u00e9s fran\u00e7ais en C\u00f4te d\u2019Ivoire dans un contexte tr\u00e8s concurrentiel.<\/p>\n<p><b>\u00abLe gouvernement fran\u00e7ais r\u00e9affirme sa volont\u00e9 d\u2019acc\u00e9l\u00e9rer et de renforcer un partenariat gagnant-gagnant sur plusieurs axes entre la France et la C\u00f4te d\u2019Ivoire en mettant l\u2019accent sur le renforcement des liens entre les secteurs priv\u00e9s fran\u00e7ais et ivoirien pour mieux financer l\u2019\u00e9conomie\u00bb, a promis l\u2019\u00e9missaire du gouvernement fran\u00e7ais.<\/b><\/p>\n<p>Franck Riester, accompagn\u00e9 d\u2019une d\u00e9l\u00e9gation d\u2019entreprises fran\u00e7aises, a effectu\u00e9 un s\u00e9jour du 2 au 4 juin en C\u00f4te d\u2019Ivoire. Cette visite a permis de renforcer les liens entre les secteurs priv\u00e9s fran\u00e7ais et ivoiriens.<\/p>\n<p>La C\u00f4te d\u2019Ivoire est le premier partenaire commercial de la France au sein de la zone franc CFA. Le pays est un acteur essentiel de la strat\u00e9gie du Pr\u00e9sident fran\u00e7ais Emmanuel Macron pour le \u00abrenouveau du partenariat\u00bb entre l\u2019Afrique et l\u2019\u00c9tat fran\u00e7ais.<\/p>\n","protected":false},"excerpt":{"rendered":"<p>Africa-Press &#8211; C\u00f4te d&rsquo;Ivoire. Le ministre d\u00e9l\u00e9gu\u00e9 fran\u00e7ais en charge du Commerce ext\u00e9rieur et de l\u2019Attractivit\u00e9 Franck Riester a annonc\u00e9, au terme d\u2019une visite de trois jours en C\u00f4te d\u2019Ivoire, la mise en place de projets Agora pour la jeunesse ivoirienne. Franck Riester, le ministre d\u00e9l\u00e9gu\u00e9 aupr\u00e8s du ministre de l\u2019Europe et des Affaires \u00e9trang\u00e8res [&hellip;]<\/p>\n","protected":false},"author":82,"featured_media":8673,"comment_status":"open","ping_status":"closed","sticky":false,"template":"","format":"standard","meta":{"footnotes":""},"categories":[11,2,10],"tags":[56,63,29],"class_list":["post-8674","post","type-post","status-publish","format-standard","has-post-thumbnail","hentry","category-homepage-french","category-politique","category-toutes-les-actualites","tag-africa-press","tag-africa-press-cote-divoire","tag-cote-divoire"],"yoast_head":"<!-- This site is optimized with the Yoast SEO Premium plugin v26.1 (Yoast SEO v27.0) - https:\/\/yoast.com\/product\/yoast-seo-premium-wordpress\/ -->\n<title>Partenariat France-C\u00f4te d\u2019Ivoire: lancement du projet Agora pour la jeunesse ivoirienne - C\u00f4te d&#039;Ivoire<\/title>\n<meta name=\"description\" content=\"Le ministre d\u00e9l\u00e9gu\u00e9 fran\u00e7ais en charge du Commerce ext\u00e9rieur et de l\u2019Attractivit\u00e9 Franck Riester a annonc\u00e9, au terme d\u2019u ...\" \/>\n<meta name=\"robots\" content=\"index, follow, max-snippet:-1, max-image-preview:large, max-video-preview:-1\" \/>\n<link rel=\"canonical\" href=\"http:\/\/www.africa-press.net\/cotedivoire\/politique\/partenariat-france-cote-divoire-lancement-du-projet-agora-pour-la-jeunesse-ivoirienne\" \/>\n<meta property=\"og:locale\" content=\"fr_FR\" \/>\n<meta property=\"og:type\" content=\"article\" \/>\n<meta property=\"og:title\" content=\"Partenariat France-C\u00f4te d\u2019Ivoire: lancement du projet Agora pour la jeunesse ivoirienne\" \/>\n<meta property=\"og:description\" content=\"Le ministre d\u00e9l\u00e9gu\u00e9 fran\u00e7ais en charge du Commerce ext\u00e9rieur et de l\u2019Attractivit\u00e9 Franck Riester a annonc\u00e9, au terme d\u2019u ...\" \/>\n<meta property=\"og:url\" content=\"http:\/\/www.africa-press.net\/cotedivoire\/politique\/partenariat-france-cote-divoire-lancement-du-projet-agora-pour-la-jeunesse-ivoirienne\" \/>\n<meta property=\"og:site_name\" content=\"C\u00f4te d&#039;Ivoire\" \/>\n<meta property=\"article:published_time\" content=\"2021-06-08T15:40:02+00:00\" \/>\n<meta property=\"article:modified_time\" content=\"2021-06-08T17:01:26+00:00\" \/>\n<meta property=\"og:image\" content=\"https:\/\/static.africa-press.net\/cote\/sites\/43\/2021\/06\/img-60bf892c534ac.jpg\" \/>\n\t<meta property=\"og:image:width\" content=\"720\" \/>\n\t<meta property=\"og:image:height\" content=\"382\" \/>\n\t<meta property=\"og:image:type\" content=\"image\/jpeg\" \/>\n<meta name=\"author\" content=\"cfeditorfr\" \/>\n<meta name=\"twitter:card\" content=\"summary_large_image\" \/>\n<meta name=\"twitter:label1\" content=\"\u00c9crit par\" \/>\n\t<meta name=\"twitter:data1\" content=\"cfeditorfr\" \/>\n\t<meta name=\"twitter:label2\" content=\"Dur\u00e9e de lecture estim\u00e9e\" \/>\n\t<meta name=\"twitter:data2\" content=\"2 minutes\" \/>\n<script type=\"application\/ld+json\" class=\"yoast-schema-graph\">{\"@context\":\"https:\/\/schema.org\",\"@graph\":[{\"@type\":\"Article\",\"@id\":\"http:\/\/www.africa-press.net\/cotedivoire\/politique\/partenariat-france-cote-divoire-lancement-du-projet-agora-pour-la-jeunesse-ivoirienne#article\",\"isPartOf\":{\"@id\":\"http:\/\/www.africa-press.net\/cotedivoire\/politique\/partenariat-france-cote-divoire-lancement-du-projet-agora-pour-la-jeunesse-ivoirienne\"},\"author\":{\"name\":\"cfeditorfr\",\"@id\":\"https:\/\/www.africa-press.net\/cotedivoire\/#\/schema\/person\/2b1cf3cd81a31e3cd26889ca66d677f1\"},\"headline\":\"Partenariat France-C\u00f4te d\u2019Ivoire: lancement du projet Agora pour la jeunesse ivoirienne\",\"datePublished\":\"2021-06-08T15:40:02+00:00\",\"dateModified\":\"2021-06-08T17:01:26+00:00\",\"mainEntityOfPage\":{\"@id\":\"http:\/\/www.africa-press.net\/cotedivoire\/politique\/partenariat-france-cote-divoire-lancement-du-projet-agora-pour-la-jeunesse-ivoirienne\"},\"wordCount\":473,\"commentCount\":0,\"image\":{\"@id\":\"http:\/\/www.africa-press.net\/cotedivoire\/politique\/partenariat-france-cote-divoire-lancement-du-projet-agora-pour-la-jeunesse-ivoirienne#primaryimage\"},\"thumbnailUrl\":\"https:\/\/static.africa-press.net\/cote\/sites\/43\/2021\/06\/img-60bf892c534ac.jpg\",\"keywords\":[\"Africa Press\",\"Africa Press-C\u00f4te d'Ivoire\",\"C\u00d4TE D'IVOIRE\"],\"articleSection\":[\"homepage-french\",\"Politique\",\"Toutes les actualit\u00e9s\"],\"inLanguage\":\"fr-FR\",\"potentialAction\":[{\"@type\":\"CommentAction\",\"name\":\"Comment\",\"target\":[\"http:\/\/www.africa-press.net\/cotedivoire\/politique\/partenariat-france-cote-divoire-lancement-du-projet-agora-pour-la-jeunesse-ivoirienne#respond\"]}]},{\"@type\":\"WebPage\",\"@id\":\"http:\/\/www.africa-press.net\/cotedivoire\/politique\/partenariat-france-cote-divoire-lancement-du-projet-agora-pour-la-jeunesse-ivoirienne\",\"url\":\"http:\/\/www.africa-press.net\/cotedivoire\/politique\/partenariat-france-cote-divoire-lancement-du-projet-agora-pour-la-jeunesse-ivoirienne\",\"name\":\"Partenariat France-C\u00f4te d\u2019Ivoire: lancement du projet Agora pour la jeunesse ivoirienne - C\u00f4te d&#039;Ivoire\",\"isPartOf\":{\"@id\":\"https:\/\/www.africa-press.net\/cotedivoire\/#website\"},\"primaryImageOfPage\":{\"@id\":\"http:\/\/www.africa-press.net\/cotedivoire\/politique\/partenariat-france-cote-divoire-lancement-du-projet-agora-pour-la-jeunesse-ivoirienne#primaryimage\"},\"image\":{\"@id\":\"http:\/\/www.africa-press.net\/cotedivoire\/politique\/partenariat-france-cote-divoire-lancement-du-projet-agora-pour-la-jeunesse-ivoirienne#primaryimage\"},\"thumbnailUrl\":\"https:\/\/static.africa-press.net\/cote\/sites\/43\/2021\/06\/img-60bf892c534ac.jpg\",\"datePublished\":\"2021-06-08T15:40:02+00:00\",\"dateModified\":\"2021-06-08T17:01:26+00:00\",\"author\":{\"@id\":\"https:\/\/www.africa-press.net\/cotedivoire\/#\/schema\/person\/2b1cf3cd81a31e3cd26889ca66d677f1\"},\"description\":\"Le ministre d\u00e9l\u00e9gu\u00e9 fran\u00e7ais en charge du Commerce ext\u00e9rieur et de l\u2019Attractivit\u00e9 Franck Riester a annonc\u00e9, au terme d\u2019u ...\",\"breadcrumb\":{\"@id\":\"http:\/\/www.africa-press.net\/cotedivoire\/politique\/partenariat-france-cote-divoire-lancement-du-projet-agora-pour-la-jeunesse-ivoirienne#breadcrumb\"},\"inLanguage\":\"fr-FR\",\"potentialAction\":[{\"@type\":\"ReadAction\",\"target\":[\"http:\/\/www.africa-press.net\/cotedivoire\/politique\/partenariat-france-cote-divoire-lancement-du-projet-agora-pour-la-jeunesse-ivoirienne\"]}]},{\"@type\":\"ImageObject\",\"inLanguage\":\"fr-FR\",\"@id\":\"http:\/\/www.africa-press.net\/cotedivoire\/politique\/partenariat-france-cote-divoire-lancement-du-projet-agora-pour-la-jeunesse-ivoirienne#primaryimage\",\"url\":\"https:\/\/static.africa-press.net\/cote\/sites\/43\/2021\/06\/img-60bf892c534ac.jpg\",\"contentUrl\":\"https:\/\/static.africa-press.net\/cote\/sites\/43\/2021\/06\/img-60bf892c534ac.jpg\",\"width\":720,\"height\":382,\"caption\":\"Partenariat France-C\u00f4te d\u2019Ivoire: lancement du projet Agora pour la jeunesse ivoirienne\"},{\"@type\":\"BreadcrumbList\",\"@id\":\"http:\/\/www.africa-press.net\/cotedivoire\/politique\/partenariat-france-cote-divoire-lancement-du-projet-agora-pour-la-jeunesse-ivoirienne#breadcrumb\",\"itemListElement\":[{\"@type\":\"ListItem\",\"position\":1,\"name\":\"Accueil\",\"item\":\"https:\/\/www.africa-press.net\/cotedivoire\/\"},{\"@type\":\"ListItem\",\"position\":2,\"name\":\"Partenariat France-C\u00f4te d\u2019Ivoire: lancement du projet Agora pour la jeunesse ivoirienne\"}]},{\"@type\":\"WebSite\",\"@id\":\"https:\/\/www.africa-press.net\/cotedivoire\/#website\",\"url\":\"https:\/\/www.africa-press.net\/cotedivoire\/\",\"name\":\"C\u00f4te d&#039;Ivoire\",\"description\":\"Just another Africa News Agency Sites site\",\"potentialAction\":[{\"@type\":\"SearchAction\",\"target\":{\"@type\":\"EntryPoint\",\"urlTemplate\":\"https:\/\/www.africa-press.net\/cotedivoire\/?s={search_term_string}\"},\"query-input\":{\"@type\":\"PropertyValueSpecification\",\"valueRequired\":true,\"valueName\":\"search_term_string\"}}],\"inLanguage\":\"fr-FR\"},{\"@type\":\"Person\",\"@id\":\"https:\/\/www.africa-press.net\/cotedivoire\/#\/schema\/person\/2b1cf3cd81a31e3cd26889ca66d677f1\",\"name\":\"cfeditorfr\"}]}<\/script>\n<!-- \/ Yoast SEO Premium plugin. -->","yoast_head_json":{"title":"Partenariat France-C\u00f4te d\u2019Ivoire: lancement du projet Agora pour la jeunesse ivoirienne - C\u00f4te d&#039;Ivoire","description":"Le ministre d\u00e9l\u00e9gu\u00e9 fran\u00e7ais en charge du Commerce ext\u00e9rieur et de l\u2019Attractivit\u00e9 Franck Riester a annonc\u00e9, au terme d\u2019u ...","robots":{"index":"index","follow":"follow","max-snippet":"max-snippet:-1","max-image-preview":"max-image-preview:large","max-video-preview":"max-video-preview:-1"},"canonical":"http:\/\/www.africa-press.net\/cotedivoire\/politique\/partenariat-france-cote-divoire-lancement-du-projet-agora-pour-la-jeunesse-ivoirienne","og_locale":"fr_FR","og_type":"article","og_title":"Partenariat France-C\u00f4te d\u2019Ivoire: lancement du projet Agora pour la jeunesse ivoirienne","og_description":"Le ministre d\u00e9l\u00e9gu\u00e9 fran\u00e7ais en charge du Commerce ext\u00e9rieur et de l\u2019Attractivit\u00e9 Franck Riester a annonc\u00e9, au terme d\u2019u ...","og_url":"http:\/\/www.africa-press.net\/cotedivoire\/politique\/partenariat-france-cote-divoire-lancement-du-projet-agora-pour-la-jeunesse-ivoirienne","og_site_name":"C\u00f4te d&#039;Ivoire","article_published_time":"2021-06-08T15:40:02+00:00","article_modified_time":"2021-06-08T17:01:26+00:00","og_image":[{"width":720,"height":382,"url":"https:\/\/static.africa-press.net\/cote\/sites\/43\/2021\/06\/img-60bf892c534ac.jpg","type":"image\/jpeg"}],"author":"cfeditorfr","twitter_card":"summary_large_image","twitter_misc":{"\u00c9crit par":"cfeditorfr","Dur\u00e9e de lecture estim\u00e9e":"2 minutes"},"schema":{"@context":"https:\/\/schema.org","@graph":[{"@type":"Article","@id":"http:\/\/www.africa-press.net\/cotedivoire\/politique\/partenariat-france-cote-divoire-lancement-du-projet-agora-pour-la-jeunesse-ivoirienne#article","isPartOf":{"@id":"http:\/\/www.africa-press.net\/cotedivoire\/politique\/partenariat-france-cote-divoire-lancement-du-projet-agora-pour-la-jeunesse-ivoirienne"},"author":{"name":"cfeditorfr","@id":"https:\/\/www.africa-press.net\/cotedivoire\/#\/schema\/person\/2b1cf3cd81a31e3cd26889ca66d677f1"},"headline":"Partenariat France-C\u00f4te d\u2019Ivoire: lancement du projet Agora pour la jeunesse ivoirienne","datePublished":"2021-06-08T15:40:02+00:00","dateModified":"2021-06-08T17:01:26+00:00","mainEntityOfPage":{"@id":"http:\/\/www.africa-press.net\/cotedivoire\/politique\/partenariat-france-cote-divoire-lancement-du-projet-agora-pour-la-jeunesse-ivoirienne"},"wordCount":473,"commentCount":0,"image":{"@id":"http:\/\/www.africa-press.net\/cotedivoire\/politique\/partenariat-france-cote-divoire-lancement-du-projet-agora-pour-la-jeunesse-ivoirienne#primaryimage"},"thumbnailUrl":"https:\/\/static.africa-press.net\/cote\/sites\/43\/2021\/06\/img-60bf892c534ac.jpg","keywords":["Africa Press","Africa Press-C\u00f4te d'Ivoire","C\u00d4TE D'IVOIRE"],"articleSection":["homepage-french","Politique","Toutes les actualit\u00e9s"],"inLanguage":"fr-FR","potentialAction":[{"@type":"CommentAction","name":"Comment","target":["http:\/\/www.africa-press.net\/cotedivoire\/politique\/partenariat-france-cote-divoire-lancement-du-projet-agora-pour-la-jeunesse-ivoirienne#respond"]}]},{"@type":"WebPage","@id":"http:\/\/www.africa-press.net\/cotedivoire\/politique\/partenariat-france-cote-divoire-lancement-du-projet-agora-pour-la-jeunesse-ivoirienne","url":"http:\/\/www.africa-press.net\/cotedivoire\/politique\/partenariat-france-cote-divoire-lancement-du-projet-agora-pour-la-jeunesse-ivoirienne","name":"Partenariat France-C\u00f4te d\u2019Ivoire: lancement du projet Agora pour la jeunesse ivoirienne - C\u00f4te d&#039;Ivoire","isPartOf":{"@id":"https:\/\/www.africa-press.net\/cotedivoire\/#website"},"primaryImageOfPage":{"@id":"http:\/\/www.africa-press.net\/cotedivoire\/politique\/partenariat-france-cote-divoire-lancement-du-projet-agora-pour-la-jeunesse-ivoirienne#primaryimage"},"image":{"@id":"http:\/\/www.africa-press.net\/cotedivoire\/politique\/partenariat-france-cote-divoire-lancement-du-projet-agora-pour-la-jeunesse-ivoirienne#primaryimage"},"thumbnailUrl":"https:\/\/static.africa-press.net\/cote\/sites\/43\/2021\/06\/img-60bf892c534ac.jpg","datePublished":"2021-06-08T15:40:02+00:00","dateModified":"2021-06-08T17:01:26+00:00","author":{"@id":"https:\/\/www.africa-press.net\/cotedivoire\/#\/schema\/person\/2b1cf3cd81a31e3cd26889ca66d677f1"},"description":"Le ministre d\u00e9l\u00e9gu\u00e9 fran\u00e7ais en charge du Commerce ext\u00e9rieur et de l\u2019Attractivit\u00e9 Franck Riester a annonc\u00e9, au terme d\u2019u ...","breadcrumb":{"@id":"http:\/\/www.africa-press.net\/cotedivoire\/politique\/partenariat-france-cote-divoire-lancement-du-projet-agora-pour-la-jeunesse-ivoirienne#breadcrumb"},"inLanguage":"fr-FR","potentialAction":[{"@type":"ReadAction","target":["http:\/\/www.africa-press.net\/cotedivoire\/politique\/partenariat-france-cote-divoire-lancement-du-projet-agora-pour-la-jeunesse-ivoirienne"]}]},{"@type":"ImageObject","inLanguage":"fr-FR","@id":"http:\/\/www.africa-press.net\/cotedivoire\/politique\/partenariat-france-cote-divoire-lancement-du-projet-agora-pour-la-jeunesse-ivoirienne#primaryimage","url":"https:\/\/static.africa-press.net\/cote\/sites\/43\/2021\/06\/img-60bf892c534ac.jpg","contentUrl":"https:\/\/static.africa-press.net\/cote\/sites\/43\/2021\/06\/img-60bf892c534ac.jpg","width":720,"height":382,"caption":"Partenariat France-C\u00f4te d\u2019Ivoire: lancement du projet Agora pour la jeunesse ivoirienne"},{"@type":"BreadcrumbList","@id":"http:\/\/www.africa-press.net\/cotedivoire\/politique\/partenariat-france-cote-divoire-lancement-du-projet-agora-pour-la-jeunesse-ivoirienne#breadcrumb","itemListElement":[{"@type":"ListItem","position":1,"name":"Accueil","item":"https:\/\/www.africa-press.net\/cotedivoire\/"},{"@type":"ListItem","position":2,"name":"Partenariat France-C\u00f4te d\u2019Ivoire: lancement du projet Agora pour la jeunesse ivoirienne"}]},{"@type":"WebSite","@id":"https:\/\/www.africa-press.net\/cotedivoire\/#website","url":"https:\/\/www.africa-press.net\/cotedivoire\/","name":"C\u00f4te d&#039;Ivoire","description":"Just another Africa News Agency Sites site","potentialAction":[{"@type":"SearchAction","target":{"@type":"EntryPoint","urlTemplate":"https:\/\/www.africa-press.net\/cotedivoire\/?s={search_term_string}"},"query-input":{"@type":"PropertyValueSpecification","valueRequired":true,"valueName":"search_term_string"}}],"inLanguage":"fr-FR"},{"@type":"Person","@id":"https:\/\/www.africa-press.net\/cotedivoire\/#\/schema\/person\/2b1cf3cd81a31e3cd26889ca66d677f1","name":"cfeditorfr"}]}},"_links":{"self":[{"href":"https:\/\/www.africa-press.net\/cotedivoire\/wp-json\/wp\/v2\/posts\/8674","targetHints":{"allow":["GET"]}}],"collection":[{"href":"https:\/\/www.africa-press.net\/cotedivoire\/wp-json\/wp\/v2\/posts"}],"about":[{"href":"https:\/\/www.africa-press.net\/cotedivoire\/wp-json\/wp\/v2\/types\/post"}],"author":[{"embeddable":true,"href":"https:\/\/www.africa-press.net\/cotedivoire\/wp-json\/wp\/v2\/users\/82"}],"replies":[{"embeddable":true,"href":"https:\/\/www.africa-press.net\/cotedivoire\/wp-json\/wp\/v2\/comments?post=8674"}],"version-history":[{"count":0,"href":"https:\/\/www.africa-press.net\/cotedivoire\/wp-json\/wp\/v2\/posts\/8674\/revisions"}],"wp:featuredmedia":[{"embeddable":true,"href":"https:\/\/www.africa-press.net\/cotedivoire\/wp-json\/wp\/v2\/media\/8673"}],"wp:attachment":[{"href":"https:\/\/www.africa-press.net\/cotedivoire\/wp-json\/wp\/v2\/media?parent=8674"}],"wp:term":[{"taxonomy":"category","embeddable":true,"href":"https:\/\/www.africa-press.net\/cotedivoire\/wp-json\/wp\/v2\/categories?post=8674"},{"taxonomy":"post_tag","embeddable":true,"href":"https:\/\/www.africa-press.net\/cotedivoire\/wp-json\/wp\/v2\/tags?post=8674"}],"curies":[{"name":"wp","href":"https:\/\/api.w.org\/{rel}","templated":true}]}}