{"id":8677,"date":"2021-06-08T15:46:59","date_gmt":"2021-06-08T15:46:59","guid":{"rendered":"https:\/\/www.africa-press.net\/cotedivoire\/?p=8677"},"modified":"2021-06-08T17:01:36","modified_gmt":"2021-06-08T17:01:36","slug":"cote-divoire-une-nouvelle-attaque-a-la-frontiere-avec-le-burkina-faso","status":"publish","type":"post","link":"https:\/\/www.africa-press.net\/cotedivoire\/video\/cote-divoire-une-nouvelle-attaque-a-la-frontiere-avec-le-burkina-faso","title":{"rendered":"une nouvelle attaque \u00e0 la fronti\u00e8re avec le Burkina Faso"},"content":{"rendered":"<p><span style=\"color: #ff6600\"><strong><a href=\"https:\/\/www.africa-press.net\/\">Africa-Press<\/a> &#8211; <a href=\"https:\/\/www.africa-press.net\/cotedivoire\">C\u00f4te d&rsquo;Ivoire<\/a>. <\/strong><\/span><b>Une nouvelle attaque, la troisi\u00e8me en un peu plus de deux mois, a eu lieu lundi 7 juin dans le nord de la C\u00f4te d&rsquo;Ivoire, \u00e0 la fronti\u00e8re avec le Burkina Faso, tuant au moins un soldat ivoirien, selon un bilan provisoire.<\/b><\/p>\n<p>Au moins un soldat ivoirien, selon un bilan provisoire, a \u00e9t\u00e9 tu\u00e9 lundi 7 juin au soir, dans le nord de la C\u00f4te d&rsquo;Ivoire, dans une nouvelle de jihadistes pr\u00e9sum\u00e9s. Cette attaque est la troisi\u00e8me en un peu plus de deux mois commise dans cette r\u00e9gion frontali\u00e8re du Burkina Faso, en proie \u00e0 la violence jihadiste depuis 2015.<\/p>\n<p>Lundi soir vers 21 h (locales et GMT), \u00ab\u00a0la localit\u00e9 de Tougbo, situ\u00e9e dans le d\u00e9partement de Bouna et frontali\u00e8re du Burkina Faso, a \u00e9t\u00e9 attaqu\u00e9e par des individus arm\u00e9s\u00a0\u00bb, indique mardi 8 juin un communiqu\u00e9 sign\u00e9 du g\u00e9n\u00e9ral Lassina Doumbia, chef d&rsquo;\u00e9tat-major g\u00e9n\u00e9ral des arm\u00e9es ivoiriennes.<\/p>\n<p>\u00ab\u00a0Le d\u00e9tachement des Forces arm\u00e9es de C\u00f4te d&rsquo;Ivoire pr\u00e9d\u00e9ploy\u00e9 sur les lieux a imm\u00e9diatement r\u00e9agi et repouss\u00e9 l&rsquo;ennemi\u00a0\u00bb, ajoute le communiqu\u00e9, qui pr\u00e9cise que \u00ab\u00a0le bilan provisoire fait \u00e9tat d&rsquo;un soldat ivoirien mort des suites de ses blessures\u00a0\u00bb. \u00ab\u00a0Aucune victime civile n&rsquo;est \u00e0 d\u00e9plorer\u00a0\u00bb, affirme l&rsquo;\u00e9tat-major.<\/p>\n<p>\u00ab\u00a0Les op\u00e9rations militaires de ratissage\u00a0\u00bb pour retrouver les assaillants\u00a0\u00bb se poursuivent sur le terrain avec l&rsquo;arriv\u00e9e de renforts d\u00e9p\u00each\u00e9s dans la zone\u00a0\u00bb, ajoute la m\u00eame source.<\/p>\n<p>Les derni\u00e8res attaques dans le nord de la C\u00f4te d&rsquo;Ivoire, pr\u00e8s de la fronti\u00e8re du Burkina Faso, remontent au 29 mars, lorsque deux positions de l&rsquo;arm\u00e9e \u00e0 Kafolo et Kolobougou avaient \u00e9t\u00e9 prises pour cibles par des hommes arm\u00e9s, faisant six morts, trois soldats et \u00ab\u00a0trois terroristes\u00a0\u00bb.<\/p>\n<p>L&rsquo;attaque de Kafolo \u00e9tait \u00ab\u00a0le fait d&rsquo;une soixantaine de terroristes lourdement arm\u00e9s venant du Burkina Faso\u00a0\u00bb, selon l&rsquo;arm\u00e9e. \u00c0 Kolobougou, un gendarme avait \u00e9t\u00e9 tu\u00e9 lors d&rsquo;un assaut sur la gendarmerie.<\/p>\n<p>Dans la nuit du 10 au 11 juin 2020, une attaque contre l&rsquo;arm\u00e9e ivoirienne s&rsquo;\u00e9tait d\u00e9j\u00e0 produite \u00e0 Kafolo, au cours de laquelle 14 soldats avaient \u00e9t\u00e9 tu\u00e9s. Attribu\u00e9es aux jihadistes qui frappent dans plusieurs pays voisins (Burkina Faso, Mali et Niger), ces attaques n&rsquo;ont pas \u00e9t\u00e9 revendiqu\u00e9es.<\/p>\n<p>La C\u00f4te d&rsquo;Ivoire avait \u00e9t\u00e9 frapp\u00e9e une premi\u00e8re fois par une attaque jihadiste en mars 2016, dans la ville baln\u00e9aire de Grand-Bassam, pr\u00e8s d&rsquo;Abidjan : des assaillants avaient ouvert le feu sur la plage et des h\u00f4tels, faisant 19 morts.<\/p>\n<p><b>Inauguration jeudi d&rsquo;une acad\u00e9mie internationale de lutte contre le terrorisme<\/b><\/p>\n<p>D\u00e9but f\u00e9vrier, Bernard Emi\u00e9, patron du renseignement ext\u00e9rieur fran\u00e7ais, a affirm\u00e9 qu&rsquo; Al-Qa\u00efda au Sahel d\u00e9veloppait un \u00ab\u00a0projet d&rsquo;expansion\u00a0\u00bb vers le golfe de Guin\u00e9e, en particulier la C\u00f4te d&rsquo;Ivoire et le B\u00e9nin, ce \u00e0 quoi le gouvernement ivoirien avait r\u00e9pondu qu&rsquo;il \u00e9tait d\u00e9j\u00e0 \u00ab\u00a0alert\u00e9\u00a0\u00bb et \u00ab\u00a0maintenait la vigilance permanente concernant cette probl\u00e9matique de terrorisme\u00a0\u00bb.<\/p>\n<p>L&rsquo;attaque de lundi est survenue peu avant l&rsquo;inauguration pr\u00e9vue jeudi par le ministre ivoirien de la D\u00e9fense, T\u00e9n\u00e9 Birahima Ouattara, de l&rsquo;Acad\u00e9mie internationale de lutte contre le terrorisme (AILCT) \u00e0 Jacqueville, pr\u00e8s d&rsquo;Abidjan. Cette acad\u00e9mie doit notamment former, en collaboration avec plusieurs pays dont la France, des cadres de la lutte \u00ab\u00a0antiterroriste\u00a0\u00bb venus en particulier des pays ouest-africains les plus affect\u00e9s par la violence jihadiste.<\/p>\n<p>Plusieurs attentats ont d\u00e9j\u00e0 \u00e9t\u00e9 d\u00e9jou\u00e9s gr\u00e2ce \u00e0 la collaboration des services de renseignements ivoirien, malien, burkinab\u00e8 et fran\u00e7ais, selon des sources s\u00e9curitaires ivoiriennes et fran\u00e7aises.<\/p>\n<p>Le Sahel est en proie aux attaques et attentats meurtriers d&rsquo;une myriade de groupes jihadistes, li\u00e9s soit \u00e0 Al-Qa\u00efda soit au groupe \u00c9tat islamique (EI), et implant\u00e9s dans des zones largement d\u00e9laiss\u00e9s par les pouvoirs centraux.<\/p>\n<p>Le Burkina Faso a \u00e9t\u00e9 touch\u00e9 dans la nuit de vendredi \u00e0 samedi par l&rsquo;attaque la plus meurtri\u00e8re de son histoire depuis qu&rsquo;il est victime des violences jihadistes en 2015. Au moins 132 personnes selon le gouvernement, 160 selon des sources locales, ont \u00e9t\u00e9 tu\u00e9es lors de l&rsquo;attaque de la localit\u00e9 de Solhan, pr\u00e8s des fronti\u00e8res avec le Mali et le Niger.<\/p>\n<p><b>Avec AFP<\/b><\/p>\n<p><span style=\"color: #ff6600\"><b>vid\u00e9o: <\/b><\/span><\/p>\n<p><iframe loading=\"lazy\" title=\"C\u00f4te d&#039;Ivoire : au moins un soldat tu\u00e9 apr\u00e8s une attaque dans le nord du pays\" width=\"696\" height=\"392\" src=\"https:\/\/www.youtube.com\/embed\/hPwBaCbg6bw?feature=oembed\" frameborder=\"0\" allow=\"accelerometer; autoplay; clipboard-write; encrypted-media; gyroscope; picture-in-picture\" allowfullscreen><\/iframe><\/p>\n","protected":false},"excerpt":{"rendered":"<p>Africa-Press &#8211; C\u00f4te d&rsquo;Ivoire. Une nouvelle attaque, la troisi\u00e8me en un peu plus de deux mois, a eu lieu lundi 7 juin dans le nord de la C\u00f4te d&rsquo;Ivoire, \u00e0 la fronti\u00e8re avec le Burkina Faso, tuant au moins un soldat ivoirien, selon un bilan provisoire. Au moins un soldat ivoirien, selon un bilan provisoire, [&hellip;]<\/p>\n","protected":false},"author":82,"featured_media":8676,"comment_status":"open","ping_status":"closed","sticky":false,"template":"","format":"standard","meta":{"footnotes":""},"categories":[11,10,9],"tags":[56,63,165,115,29,117,166],"class_list":["post-8677","post","type-post","status-publish","format-standard","has-post-thumbnail","hentry","category-homepage-french","category-toutes-les-actualites","category-video","tag-africa-press","tag-africa-press-cote-divoire","tag-al-qaida","tag-burkina-faso","tag-cote-divoire","tag-jihadistes","tag-terrorisme"],"yoast_head":"<!-- This site is optimized with the Yoast SEO Premium plugin v26.1 (Yoast SEO v27.0) - https:\/\/yoast.com\/product\/yoast-seo-premium-wordpress\/ -->\n<title>une nouvelle attaque \u00e0 la fronti\u00e8re avec le Burkina Faso - C\u00f4te d&#039;Ivoire<\/title>\n<meta name=\"description\" content=\"Une nouvelle attaque, la troisi\u00e8me en un peu plus de deux mois, a eu lieu lundi 7 juin dans le nord de la C\u00f4te d&#039;Ivoi ...\" \/>\n<meta name=\"robots\" content=\"index, follow, max-snippet:-1, max-image-preview:large, max-video-preview:-1\" \/>\n<link rel=\"canonical\" href=\"https:\/\/www.africa-press.net\/cotedivoire\/video\/cote-divoire-une-nouvelle-attaque-a-la-frontiere-avec-le-burkina-faso\" \/>\n<meta property=\"og:locale\" content=\"fr_FR\" \/>\n<meta property=\"og:type\" content=\"article\" \/>\n<meta property=\"og:title\" content=\"une nouvelle attaque \u00e0 la fronti\u00e8re avec le Burkina Faso\" \/>\n<meta property=\"og:description\" content=\"Une nouvelle attaque, la troisi\u00e8me en un peu plus de deux mois, a eu lieu lundi 7 juin dans le nord de la C\u00f4te d&#039;Ivoi ...\" \/>\n<meta property=\"og:url\" content=\"https:\/\/www.africa-press.net\/cotedivoire\/video\/cote-divoire-une-nouvelle-attaque-a-la-frontiere-avec-le-burkina-faso\" \/>\n<meta property=\"og:site_name\" content=\"C\u00f4te d&#039;Ivoire\" \/>\n<meta property=\"article:published_time\" content=\"2021-06-08T15:46:59+00:00\" \/>\n<meta property=\"article:modified_time\" content=\"2021-06-08T17:01:36+00:00\" \/>\n<meta property=\"og:image\" content=\"https:\/\/static.africa-press.net\/cote\/sites\/43\/2021\/06\/img-60bf895be429a.jpg\" \/>\n\t<meta property=\"og:image:width\" content=\"1920\" \/>\n\t<meta property=\"og:image:height\" content=\"1312\" \/>\n\t<meta property=\"og:image:type\" content=\"image\/jpeg\" \/>\n<meta name=\"author\" content=\"cfeditorfr\" \/>\n<meta name=\"twitter:card\" content=\"summary_large_image\" \/>\n<meta name=\"twitter:label1\" content=\"\u00c9crit par\" \/>\n\t<meta name=\"twitter:data1\" content=\"cfeditorfr\" \/>\n\t<meta name=\"twitter:label2\" content=\"Dur\u00e9e de lecture estim\u00e9e\" \/>\n\t<meta name=\"twitter:data2\" content=\"4 minutes\" \/>\n<script type=\"application\/ld+json\" class=\"yoast-schema-graph\">{\"@context\":\"https:\/\/schema.org\",\"@graph\":[{\"@type\":\"Article\",\"@id\":\"https:\/\/www.africa-press.net\/cotedivoire\/video\/cote-divoire-une-nouvelle-attaque-a-la-frontiere-avec-le-burkina-faso#article\",\"isPartOf\":{\"@id\":\"https:\/\/www.africa-press.net\/cotedivoire\/video\/cote-divoire-une-nouvelle-attaque-a-la-frontiere-avec-le-burkina-faso\"},\"author\":{\"name\":\"cfeditorfr\",\"@id\":\"https:\/\/www.africa-press.net\/cotedivoire\/#\/schema\/person\/2b1cf3cd81a31e3cd26889ca66d677f1\"},\"headline\":\"une nouvelle attaque \u00e0 la fronti\u00e8re avec le Burkina Faso\",\"datePublished\":\"2021-06-08T15:46:59+00:00\",\"dateModified\":\"2021-06-08T17:01:36+00:00\",\"mainEntityOfPage\":{\"@id\":\"https:\/\/www.africa-press.net\/cotedivoire\/video\/cote-divoire-une-nouvelle-attaque-a-la-frontiere-avec-le-burkina-faso\"},\"wordCount\":760,\"commentCount\":0,\"image\":{\"@id\":\"https:\/\/www.africa-press.net\/cotedivoire\/video\/cote-divoire-une-nouvelle-attaque-a-la-frontiere-avec-le-burkina-faso#primaryimage\"},\"thumbnailUrl\":\"https:\/\/static.africa-press.net\/cote\/sites\/43\/2021\/06\/img-60bf895be429a.jpg\",\"keywords\":[\"Africa Press\",\"Africa Press-C\u00f4te d'Ivoire\",\"Al-Qa\u00efda\",\"Burkina Faso\",\"C\u00d4TE D'IVOIRE\",\"Jihadistes\",\"Terrorisme\"],\"articleSection\":[\"homepage-french\",\"Toutes les actualit\u00e9s\",\"vid\u00e9o\"],\"inLanguage\":\"fr-FR\",\"potentialAction\":[{\"@type\":\"CommentAction\",\"name\":\"Comment\",\"target\":[\"https:\/\/www.africa-press.net\/cotedivoire\/video\/cote-divoire-une-nouvelle-attaque-a-la-frontiere-avec-le-burkina-faso#respond\"]}]},{\"@type\":\"WebPage\",\"@id\":\"https:\/\/www.africa-press.net\/cotedivoire\/video\/cote-divoire-une-nouvelle-attaque-a-la-frontiere-avec-le-burkina-faso\",\"url\":\"https:\/\/www.africa-press.net\/cotedivoire\/video\/cote-divoire-une-nouvelle-attaque-a-la-frontiere-avec-le-burkina-faso\",\"name\":\"une nouvelle attaque \u00e0 la fronti\u00e8re avec le Burkina Faso - C\u00f4te d&#039;Ivoire\",\"isPartOf\":{\"@id\":\"https:\/\/www.africa-press.net\/cotedivoire\/#website\"},\"primaryImageOfPage\":{\"@id\":\"https:\/\/www.africa-press.net\/cotedivoire\/video\/cote-divoire-une-nouvelle-attaque-a-la-frontiere-avec-le-burkina-faso#primaryimage\"},\"image\":{\"@id\":\"https:\/\/www.africa-press.net\/cotedivoire\/video\/cote-divoire-une-nouvelle-attaque-a-la-frontiere-avec-le-burkina-faso#primaryimage\"},\"thumbnailUrl\":\"https:\/\/static.africa-press.net\/cote\/sites\/43\/2021\/06\/img-60bf895be429a.jpg\",\"datePublished\":\"2021-06-08T15:46:59+00:00\",\"dateModified\":\"2021-06-08T17:01:36+00:00\",\"author\":{\"@id\":\"https:\/\/www.africa-press.net\/cotedivoire\/#\/schema\/person\/2b1cf3cd81a31e3cd26889ca66d677f1\"},\"description\":\"Une nouvelle attaque, la troisi\u00e8me en un peu plus de deux mois, a eu lieu lundi 7 juin dans le nord de la C\u00f4te d'Ivoi ...\",\"breadcrumb\":{\"@id\":\"https:\/\/www.africa-press.net\/cotedivoire\/video\/cote-divoire-une-nouvelle-attaque-a-la-frontiere-avec-le-burkina-faso#breadcrumb\"},\"inLanguage\":\"fr-FR\",\"potentialAction\":[{\"@type\":\"ReadAction\",\"target\":[\"https:\/\/www.africa-press.net\/cotedivoire\/video\/cote-divoire-une-nouvelle-attaque-a-la-frontiere-avec-le-burkina-faso\"]}]},{\"@type\":\"ImageObject\",\"inLanguage\":\"fr-FR\",\"@id\":\"https:\/\/www.africa-press.net\/cotedivoire\/video\/cote-divoire-une-nouvelle-attaque-a-la-frontiere-avec-le-burkina-faso#primaryimage\",\"url\":\"https:\/\/static.africa-press.net\/cote\/sites\/43\/2021\/06\/img-60bf895be429a.jpg\",\"contentUrl\":\"https:\/\/static.africa-press.net\/cote\/sites\/43\/2021\/06\/img-60bf895be429a.jpg\",\"width\":1920,\"height\":1312,\"caption\":\"C\u00f4te d'Ivoire\u00a0: une nouvelle attaque \u00e0 la fronti\u00e8re avec le Burkina Faso\"},{\"@type\":\"BreadcrumbList\",\"@id\":\"https:\/\/www.africa-press.net\/cotedivoire\/video\/cote-divoire-une-nouvelle-attaque-a-la-frontiere-avec-le-burkina-faso#breadcrumb\",\"itemListElement\":[{\"@type\":\"ListItem\",\"position\":1,\"name\":\"Accueil\",\"item\":\"https:\/\/www.africa-press.net\/cotedivoire\/\"},{\"@type\":\"ListItem\",\"position\":2,\"name\":\"une nouvelle attaque \u00e0 la fronti\u00e8re avec le Burkina Faso\"}]},{\"@type\":\"WebSite\",\"@id\":\"https:\/\/www.africa-press.net\/cotedivoire\/#website\",\"url\":\"https:\/\/www.africa-press.net\/cotedivoire\/\",\"name\":\"C\u00f4te d&#039;Ivoire\",\"description\":\"Just another Africa News Agency Sites site\",\"potentialAction\":[{\"@type\":\"SearchAction\",\"target\":{\"@type\":\"EntryPoint\",\"urlTemplate\":\"https:\/\/www.africa-press.net\/cotedivoire\/?s={search_term_string}\"},\"query-input\":{\"@type\":\"PropertyValueSpecification\",\"valueRequired\":true,\"valueName\":\"search_term_string\"}}],\"inLanguage\":\"fr-FR\"},{\"@type\":\"Person\",\"@id\":\"https:\/\/www.africa-press.net\/cotedivoire\/#\/schema\/person\/2b1cf3cd81a31e3cd26889ca66d677f1\",\"name\":\"cfeditorfr\"}]}<\/script>\n<!-- \/ Yoast SEO Premium plugin. -->","yoast_head_json":{"title":"une nouvelle attaque \u00e0 la fronti\u00e8re avec le Burkina Faso - C\u00f4te d&#039;Ivoire","description":"Une nouvelle attaque, la troisi\u00e8me en un peu plus de deux mois, a eu lieu lundi 7 juin dans le nord de la C\u00f4te d'Ivoi ...","robots":{"index":"index","follow":"follow","max-snippet":"max-snippet:-1","max-image-preview":"max-image-preview:large","max-video-preview":"max-video-preview:-1"},"canonical":"https:\/\/www.africa-press.net\/cotedivoire\/video\/cote-divoire-une-nouvelle-attaque-a-la-frontiere-avec-le-burkina-faso","og_locale":"fr_FR","og_type":"article","og_title":"une nouvelle attaque \u00e0 la fronti\u00e8re avec le Burkina Faso","og_description":"Une nouvelle attaque, la troisi\u00e8me en un peu plus de deux mois, a eu lieu lundi 7 juin dans le nord de la C\u00f4te d'Ivoi ...","og_url":"https:\/\/www.africa-press.net\/cotedivoire\/video\/cote-divoire-une-nouvelle-attaque-a-la-frontiere-avec-le-burkina-faso","og_site_name":"C\u00f4te d&#039;Ivoire","article_published_time":"2021-06-08T15:46:59+00:00","article_modified_time":"2021-06-08T17:01:36+00:00","og_image":[{"width":1920,"height":1312,"url":"https:\/\/static.africa-press.net\/cote\/sites\/43\/2021\/06\/img-60bf895be429a.jpg","type":"image\/jpeg"}],"author":"cfeditorfr","twitter_card":"summary_large_image","twitter_misc":{"\u00c9crit par":"cfeditorfr","Dur\u00e9e de lecture estim\u00e9e":"4 minutes"},"schema":{"@context":"https:\/\/schema.org","@graph":[{"@type":"Article","@id":"https:\/\/www.africa-press.net\/cotedivoire\/video\/cote-divoire-une-nouvelle-attaque-a-la-frontiere-avec-le-burkina-faso#article","isPartOf":{"@id":"https:\/\/www.africa-press.net\/cotedivoire\/video\/cote-divoire-une-nouvelle-attaque-a-la-frontiere-avec-le-burkina-faso"},"author":{"name":"cfeditorfr","@id":"https:\/\/www.africa-press.net\/cotedivoire\/#\/schema\/person\/2b1cf3cd81a31e3cd26889ca66d677f1"},"headline":"une nouvelle attaque \u00e0 la fronti\u00e8re avec le Burkina Faso","datePublished":"2021-06-08T15:46:59+00:00","dateModified":"2021-06-08T17:01:36+00:00","mainEntityOfPage":{"@id":"https:\/\/www.africa-press.net\/cotedivoire\/video\/cote-divoire-une-nouvelle-attaque-a-la-frontiere-avec-le-burkina-faso"},"wordCount":760,"commentCount":0,"image":{"@id":"https:\/\/www.africa-press.net\/cotedivoire\/video\/cote-divoire-une-nouvelle-attaque-a-la-frontiere-avec-le-burkina-faso#primaryimage"},"thumbnailUrl":"https:\/\/static.africa-press.net\/cote\/sites\/43\/2021\/06\/img-60bf895be429a.jpg","keywords":["Africa Press","Africa Press-C\u00f4te d'Ivoire","Al-Qa\u00efda","Burkina Faso","C\u00d4TE D'IVOIRE","Jihadistes","Terrorisme"],"articleSection":["homepage-french","Toutes les actualit\u00e9s","vid\u00e9o"],"inLanguage":"fr-FR","potentialAction":[{"@type":"CommentAction","name":"Comment","target":["https:\/\/www.africa-press.net\/cotedivoire\/video\/cote-divoire-une-nouvelle-attaque-a-la-frontiere-avec-le-burkina-faso#respond"]}]},{"@type":"WebPage","@id":"https:\/\/www.africa-press.net\/cotedivoire\/video\/cote-divoire-une-nouvelle-attaque-a-la-frontiere-avec-le-burkina-faso","url":"https:\/\/www.africa-press.net\/cotedivoire\/video\/cote-divoire-une-nouvelle-attaque-a-la-frontiere-avec-le-burkina-faso","name":"une nouvelle attaque \u00e0 la fronti\u00e8re avec le Burkina Faso - C\u00f4te d&#039;Ivoire","isPartOf":{"@id":"https:\/\/www.africa-press.net\/cotedivoire\/#website"},"primaryImageOfPage":{"@id":"https:\/\/www.africa-press.net\/cotedivoire\/video\/cote-divoire-une-nouvelle-attaque-a-la-frontiere-avec-le-burkina-faso#primaryimage"},"image":{"@id":"https:\/\/www.africa-press.net\/cotedivoire\/video\/cote-divoire-une-nouvelle-attaque-a-la-frontiere-avec-le-burkina-faso#primaryimage"},"thumbnailUrl":"https:\/\/static.africa-press.net\/cote\/sites\/43\/2021\/06\/img-60bf895be429a.jpg","datePublished":"2021-06-08T15:46:59+00:00","dateModified":"2021-06-08T17:01:36+00:00","author":{"@id":"https:\/\/www.africa-press.net\/cotedivoire\/#\/schema\/person\/2b1cf3cd81a31e3cd26889ca66d677f1"},"description":"Une nouvelle attaque, la troisi\u00e8me en un peu plus de deux mois, a eu lieu lundi 7 juin dans le nord de la C\u00f4te d'Ivoi ...","breadcrumb":{"@id":"https:\/\/www.africa-press.net\/cotedivoire\/video\/cote-divoire-une-nouvelle-attaque-a-la-frontiere-avec-le-burkina-faso#breadcrumb"},"inLanguage":"fr-FR","potentialAction":[{"@type":"ReadAction","target":["https:\/\/www.africa-press.net\/cotedivoire\/video\/cote-divoire-une-nouvelle-attaque-a-la-frontiere-avec-le-burkina-faso"]}]},{"@type":"ImageObject","inLanguage":"fr-FR","@id":"https:\/\/www.africa-press.net\/cotedivoire\/video\/cote-divoire-une-nouvelle-attaque-a-la-frontiere-avec-le-burkina-faso#primaryimage","url":"https:\/\/static.africa-press.net\/cote\/sites\/43\/2021\/06\/img-60bf895be429a.jpg","contentUrl":"https:\/\/static.africa-press.net\/cote\/sites\/43\/2021\/06\/img-60bf895be429a.jpg","width":1920,"height":1312,"caption":"C\u00f4te d'Ivoire\u00a0: une nouvelle attaque \u00e0 la fronti\u00e8re avec le Burkina Faso"},{"@type":"BreadcrumbList","@id":"https:\/\/www.africa-press.net\/cotedivoire\/video\/cote-divoire-une-nouvelle-attaque-a-la-frontiere-avec-le-burkina-faso#breadcrumb","itemListElement":[{"@type":"ListItem","position":1,"name":"Accueil","item":"https:\/\/www.africa-press.net\/cotedivoire\/"},{"@type":"ListItem","position":2,"name":"une nouvelle attaque \u00e0 la fronti\u00e8re avec le Burkina Faso"}]},{"@type":"WebSite","@id":"https:\/\/www.africa-press.net\/cotedivoire\/#website","url":"https:\/\/www.africa-press.net\/cotedivoire\/","name":"C\u00f4te d&#039;Ivoire","description":"Just another Africa News Agency Sites site","potentialAction":[{"@type":"SearchAction","target":{"@type":"EntryPoint","urlTemplate":"https:\/\/www.africa-press.net\/cotedivoire\/?s={search_term_string}"},"query-input":{"@type":"PropertyValueSpecification","valueRequired":true,"valueName":"search_term_string"}}],"inLanguage":"fr-FR"},{"@type":"Person","@id":"https:\/\/www.africa-press.net\/cotedivoire\/#\/schema\/person\/2b1cf3cd81a31e3cd26889ca66d677f1","name":"cfeditorfr"}]}},"_links":{"self":[{"href":"https:\/\/www.africa-press.net\/cotedivoire\/wp-json\/wp\/v2\/posts\/8677","targetHints":{"allow":["GET"]}}],"collection":[{"href":"https:\/\/www.africa-press.net\/cotedivoire\/wp-json\/wp\/v2\/posts"}],"about":[{"href":"https:\/\/www.africa-press.net\/cotedivoire\/wp-json\/wp\/v2\/types\/post"}],"author":[{"embeddable":true,"href":"https:\/\/www.africa-press.net\/cotedivoire\/wp-json\/wp\/v2\/users\/82"}],"replies":[{"embeddable":true,"href":"https:\/\/www.africa-press.net\/cotedivoire\/wp-json\/wp\/v2\/comments?post=8677"}],"version-history":[{"count":0,"href":"https:\/\/www.africa-press.net\/cotedivoire\/wp-json\/wp\/v2\/posts\/8677\/revisions"}],"wp:featuredmedia":[{"embeddable":true,"href":"https:\/\/www.africa-press.net\/cotedivoire\/wp-json\/wp\/v2\/media\/8676"}],"wp:attachment":[{"href":"https:\/\/www.africa-press.net\/cotedivoire\/wp-json\/wp\/v2\/media?parent=8677"}],"wp:term":[{"taxonomy":"category","embeddable":true,"href":"https:\/\/www.africa-press.net\/cotedivoire\/wp-json\/wp\/v2\/categories?post=8677"},{"taxonomy":"post_tag","embeddable":true,"href":"https:\/\/www.africa-press.net\/cotedivoire\/wp-json\/wp\/v2\/tags?post=8677"}],"curies":[{"name":"wp","href":"https:\/\/api.w.org\/{rel}","templated":true}]}}