{"id":87010,"date":"2024-09-12T18:20:11","date_gmt":"2024-09-12T18:20:11","guid":{"rendered":"https:\/\/www.africa-press.net\/cotedivoire\/politique\/le-concours-dentree-a-lecole-des-enfants-de-troupe-est-ouvert"},"modified":"2024-09-12T18:43:36","modified_gmt":"2024-09-12T18:43:36","slug":"le-concours-dentree-a-lecole-des-enfants-de-troupe-est-ouvert","status":"publish","type":"post","link":"https:\/\/www.africa-press.net\/cotedivoire\/politique\/le-concours-dentree-a-lecole-des-enfants-de-troupe-est-ouvert","title":{"rendered":"Le concours d\u2019entr\u00e9e \u00e0 l\u2019\u00e9cole des enfants de troupe est ouvert"},"content":{"rendered":"<p><span style=\"color: #ff6600\"><strong>Africa-Press &#8211; C\u00f4te d&rsquo;Ivoire. <\/strong><\/span><b>Le chef d\u2019e\u0301tat-major ge\u0301ne\u0301ral des arme\u0301es, Abakar Abdelkerim Daoud, informe les parents d\u2019e\u0301le\u0300ves que le concours d\u2019entre\u0301e a\u0300 l\u2019e\u0301cole des enfants de troupe, 5e promotion, est ouvert, pour le compte de l\u2019anne\u0301e scolaire 2024-2025.<\/b><\/p>\n<p>Les candidats doivent remplir les conditions suivantes:<\/p>\n<p>-e\u0302tre de nationalite tchadienne;<\/p>\n<p>-e\u0302tre age\u0301 au plus de douze (12) ans a\u0300 la date du concours ;<\/p>\n<p>-e\u0302tre de la classe de CM2 ;<\/p>\n<p>\u2013 e\u0302tre apte physiquement et moralement ;<\/p>\n<p>\u2013 avoir satisfait au concours.<\/p>\n<p>Les dossiers a\u0300 fournir sont:<\/p>\n<p>\u2013 une demande manuscrite adresse\u0301e au chef d\u2019e\u0301tat-major ge\u0301ne\u0301ral des arme\u0301es ;<\/p>\n<p>\u2013 un certificat de nationalite\u0301 ;<\/p>\n<p>\u2013 une copie le\u0301galise\u0301e d\u2019acte de naissance ;<\/p>\n<p>-un bulletin de note de la classe de CM2 signe\u0301 par le directeur de l\u2019e\u0301cole.<\/p>\n<p>La date de clo\u0302ture des dossiers est fixe\u0301e au vendredi, 20 septembre 2024 a\u0300 12 heures 00 minute. Les dossiers doivent e\u0302tre de\u0301pose\u0301s au troisie\u0300me bureau de l\u2019e\u0301tat-major ge\u0301ne\u0301ral des arme\u0301es (B3\/EMGA) au camp de 27.<\/p>\n<p>Le concours est pre\u0301vu pour le samedi, 5 octobre 2024 au groupement des e\u0301coles militaires interarme\u0301es (GEMIA).<\/p>\n<p><strong>Pour plus d&rsquo;informations et d&rsquo;analyses sur la C\u00f4te d&rsquo;Ivoire, suivez Africa-Press<\/strong><\/p>\n","protected":false},"excerpt":{"rendered":"<p>Africa-Press &#8211; C\u00f4te d&rsquo;Ivoire. Le chef d\u2019e\u0301tat-major ge\u0301ne\u0301ral des arme\u0301es, Abakar Abdelkerim Daoud, informe les parents d\u2019e\u0301le\u0300ves que le concours d\u2019entre\u0301e a\u0300 l\u2019e\u0301cole des enfants de troupe, 5e promotion, est ouvert, pour le compte de l\u2019anne\u0301e scolaire 2024-2025. Les candidats doivent remplir les conditions suivantes: -e\u0302tre de nationalite tchadienne; -e\u0302tre age\u0301 au plus de douze [&hellip;]<\/p>\n","protected":false},"author":82,"featured_media":87009,"comment_status":"open","ping_status":"closed","sticky":false,"template":"","format":"standard","meta":{"footnotes":""},"categories":[2,10],"tags":[29],"class_list":["post-87010","post","type-post","status-publish","format-standard","has-post-thumbnail","hentry","category-politique","category-toutes-les-actualites","tag-cote-divoire"],"yoast_head":"<!-- This site is optimized with the Yoast SEO Premium plugin v26.1 (Yoast SEO v27.0) - https:\/\/yoast.com\/product\/yoast-seo-premium-wordpress\/ -->\n<title>Le concours d\u2019entr\u00e9e \u00e0 l\u2019\u00e9cole des enfants de troupe est ouvert - C\u00f4te d&#039;Ivoire<\/title>\n<meta name=\"description\" content=\"Le chef d\u2019e\u0301tat-major ge\u0301ne\u0301ral des arme\u0301es, Abakar Abdelkerim Daoud, informe les parents d\u2019e\u0301le\u0300ves que le concours ...\" \/>\n<meta name=\"robots\" content=\"index, follow, max-snippet:-1, max-image-preview:large, max-video-preview:-1\" \/>\n<link rel=\"canonical\" href=\"https:\/\/www.africa-press.net\/cotedivoire\/politique\/le-concours-dentree-a-lecole-des-enfants-de-troupe-est-ouvert\" \/>\n<meta property=\"og:locale\" content=\"fr_FR\" \/>\n<meta property=\"og:type\" content=\"article\" \/>\n<meta property=\"og:title\" content=\"Le concours d\u2019entr\u00e9e \u00e0 l\u2019\u00e9cole des enfants de troupe est ouvert\" \/>\n<meta property=\"og:description\" content=\"Le chef d\u2019e\u0301tat-major ge\u0301ne\u0301ral des arme\u0301es, Abakar Abdelkerim Daoud, informe les parents d\u2019e\u0301le\u0300ves que le concours ...\" \/>\n<meta property=\"og:url\" content=\"https:\/\/www.africa-press.net\/cotedivoire\/politique\/le-concours-dentree-a-lecole-des-enfants-de-troupe-est-ouvert\" \/>\n<meta property=\"og:site_name\" content=\"C\u00f4te d&#039;Ivoire\" \/>\n<meta property=\"article:published_time\" content=\"2024-09-12T18:20:11+00:00\" \/>\n<meta property=\"article:modified_time\" content=\"2024-09-12T18:43:36+00:00\" \/>\n<meta property=\"og:image\" content=\"https:\/\/static.africa-press.net\/cote\/sites\/43\/2024\/09\/sm_1726153986.599668.jpg\" \/>\n\t<meta property=\"og:image:width\" content=\"1728\" \/>\n\t<meta property=\"og:image:height\" content=\"1026\" \/>\n\t<meta property=\"og:image:type\" content=\"image\/jpeg\" \/>\n<meta name=\"author\" content=\"cfeditorfr\" \/>\n<meta name=\"twitter:card\" content=\"summary_large_image\" \/>\n<meta name=\"twitter:label1\" content=\"\u00c9crit par\" \/>\n\t<meta name=\"twitter:data1\" content=\"cfeditorfr\" \/>\n\t<meta name=\"twitter:label2\" content=\"Dur\u00e9e de lecture estim\u00e9e\" \/>\n\t<meta name=\"twitter:data2\" content=\"2 minutes\" \/>\n<script type=\"application\/ld+json\" class=\"yoast-schema-graph\">{\"@context\":\"https:\/\/schema.org\",\"@graph\":[{\"@type\":\"Article\",\"@id\":\"https:\/\/www.africa-press.net\/cotedivoire\/politique\/le-concours-dentree-a-lecole-des-enfants-de-troupe-est-ouvert#article\",\"isPartOf\":{\"@id\":\"https:\/\/www.africa-press.net\/cotedivoire\/politique\/le-concours-dentree-a-lecole-des-enfants-de-troupe-est-ouvert\"},\"author\":{\"name\":\"cfeditorfr\",\"@id\":\"https:\/\/www.africa-press.net\/cotedivoire\/#\/schema\/person\/2b1cf3cd81a31e3cd26889ca66d677f1\"},\"headline\":\"Le concours d\u2019entr\u00e9e \u00e0 l\u2019\u00e9cole des enfants de troupe est ouvert\",\"datePublished\":\"2024-09-12T18:20:11+00:00\",\"dateModified\":\"2024-09-12T18:43:36+00:00\",\"mainEntityOfPage\":{\"@id\":\"https:\/\/www.africa-press.net\/cotedivoire\/politique\/le-concours-dentree-a-lecole-des-enfants-de-troupe-est-ouvert\"},\"wordCount\":236,\"commentCount\":0,\"image\":{\"@id\":\"https:\/\/www.africa-press.net\/cotedivoire\/politique\/le-concours-dentree-a-lecole-des-enfants-de-troupe-est-ouvert#primaryimage\"},\"thumbnailUrl\":\"https:\/\/static.africa-press.net\/cote\/sites\/43\/2024\/09\/sm_1726153986.599668.jpg\",\"keywords\":[\"C\u00d4TE D'IVOIRE\"],\"articleSection\":[\"Politique\",\"Toutes les actualit\u00e9s\"],\"inLanguage\":\"fr-FR\",\"potentialAction\":[{\"@type\":\"CommentAction\",\"name\":\"Comment\",\"target\":[\"https:\/\/www.africa-press.net\/cotedivoire\/politique\/le-concours-dentree-a-lecole-des-enfants-de-troupe-est-ouvert#respond\"]}]},{\"@type\":\"WebPage\",\"@id\":\"https:\/\/www.africa-press.net\/cotedivoire\/politique\/le-concours-dentree-a-lecole-des-enfants-de-troupe-est-ouvert\",\"url\":\"https:\/\/www.africa-press.net\/cotedivoire\/politique\/le-concours-dentree-a-lecole-des-enfants-de-troupe-est-ouvert\",\"name\":\"Le concours d\u2019entr\u00e9e \u00e0 l\u2019\u00e9cole des enfants de troupe est ouvert - C\u00f4te d&#039;Ivoire\",\"isPartOf\":{\"@id\":\"https:\/\/www.africa-press.net\/cotedivoire\/#website\"},\"primaryImageOfPage\":{\"@id\":\"https:\/\/www.africa-press.net\/cotedivoire\/politique\/le-concours-dentree-a-lecole-des-enfants-de-troupe-est-ouvert#primaryimage\"},\"image\":{\"@id\":\"https:\/\/www.africa-press.net\/cotedivoire\/politique\/le-concours-dentree-a-lecole-des-enfants-de-troupe-est-ouvert#primaryimage\"},\"thumbnailUrl\":\"https:\/\/static.africa-press.net\/cote\/sites\/43\/2024\/09\/sm_1726153986.599668.jpg\",\"datePublished\":\"2024-09-12T18:20:11+00:00\",\"dateModified\":\"2024-09-12T18:43:36+00:00\",\"author\":{\"@id\":\"https:\/\/www.africa-press.net\/cotedivoire\/#\/schema\/person\/2b1cf3cd81a31e3cd26889ca66d677f1\"},\"description\":\"Le chef d\u2019e\u0301tat-major ge\u0301ne\u0301ral des arme\u0301es, Abakar Abdelkerim Daoud, informe les parents d\u2019e\u0301le\u0300ves que le concours ...\",\"breadcrumb\":{\"@id\":\"https:\/\/www.africa-press.net\/cotedivoire\/politique\/le-concours-dentree-a-lecole-des-enfants-de-troupe-est-ouvert#breadcrumb\"},\"inLanguage\":\"fr-FR\",\"potentialAction\":[{\"@type\":\"ReadAction\",\"target\":[\"https:\/\/www.africa-press.net\/cotedivoire\/politique\/le-concours-dentree-a-lecole-des-enfants-de-troupe-est-ouvert\"]}]},{\"@type\":\"ImageObject\",\"inLanguage\":\"fr-FR\",\"@id\":\"https:\/\/www.africa-press.net\/cotedivoire\/politique\/le-concours-dentree-a-lecole-des-enfants-de-troupe-est-ouvert#primaryimage\",\"url\":\"https:\/\/static.africa-press.net\/cote\/sites\/43\/2024\/09\/sm_1726153986.599668.jpg\",\"contentUrl\":\"https:\/\/static.africa-press.net\/cote\/sites\/43\/2024\/09\/sm_1726153986.599668.jpg\",\"width\":1728,\"height\":1026,\"caption\":\"Le concours d\u2019entr\u00e9e \u00e0 l\u2019\u00e9cole des enfants de troupe est ouvert\"},{\"@type\":\"BreadcrumbList\",\"@id\":\"https:\/\/www.africa-press.net\/cotedivoire\/politique\/le-concours-dentree-a-lecole-des-enfants-de-troupe-est-ouvert#breadcrumb\",\"itemListElement\":[{\"@type\":\"ListItem\",\"position\":1,\"name\":\"Accueil\",\"item\":\"https:\/\/www.africa-press.net\/cotedivoire\/\"},{\"@type\":\"ListItem\",\"position\":2,\"name\":\"Le concours d\u2019entr\u00e9e \u00e0 l\u2019\u00e9cole des enfants de troupe est ouvert\"}]},{\"@type\":\"WebSite\",\"@id\":\"https:\/\/www.africa-press.net\/cotedivoire\/#website\",\"url\":\"https:\/\/www.africa-press.net\/cotedivoire\/\",\"name\":\"C\u00f4te d&#039;Ivoire\",\"description\":\"Just another Africa News Agency Sites site\",\"potentialAction\":[{\"@type\":\"SearchAction\",\"target\":{\"@type\":\"EntryPoint\",\"urlTemplate\":\"https:\/\/www.africa-press.net\/cotedivoire\/?s={search_term_string}\"},\"query-input\":{\"@type\":\"PropertyValueSpecification\",\"valueRequired\":true,\"valueName\":\"search_term_string\"}}],\"inLanguage\":\"fr-FR\"},{\"@type\":\"Person\",\"@id\":\"https:\/\/www.africa-press.net\/cotedivoire\/#\/schema\/person\/2b1cf3cd81a31e3cd26889ca66d677f1\",\"name\":\"cfeditorfr\"}]}<\/script>\n<!-- \/ Yoast SEO Premium plugin. -->","yoast_head_json":{"title":"Le concours d\u2019entr\u00e9e \u00e0 l\u2019\u00e9cole des enfants de troupe est ouvert - C\u00f4te d&#039;Ivoire","description":"Le chef d\u2019e\u0301tat-major ge\u0301ne\u0301ral des arme\u0301es, Abakar Abdelkerim Daoud, informe les parents d\u2019e\u0301le\u0300ves que le concours ...","robots":{"index":"index","follow":"follow","max-snippet":"max-snippet:-1","max-image-preview":"max-image-preview:large","max-video-preview":"max-video-preview:-1"},"canonical":"https:\/\/www.africa-press.net\/cotedivoire\/politique\/le-concours-dentree-a-lecole-des-enfants-de-troupe-est-ouvert","og_locale":"fr_FR","og_type":"article","og_title":"Le concours d\u2019entr\u00e9e \u00e0 l\u2019\u00e9cole des enfants de troupe est ouvert","og_description":"Le chef d\u2019e\u0301tat-major ge\u0301ne\u0301ral des arme\u0301es, Abakar Abdelkerim Daoud, informe les parents d\u2019e\u0301le\u0300ves que le concours ...","og_url":"https:\/\/www.africa-press.net\/cotedivoire\/politique\/le-concours-dentree-a-lecole-des-enfants-de-troupe-est-ouvert","og_site_name":"C\u00f4te d&#039;Ivoire","article_published_time":"2024-09-12T18:20:11+00:00","article_modified_time":"2024-09-12T18:43:36+00:00","og_image":[{"width":1728,"height":1026,"url":"https:\/\/static.africa-press.net\/cote\/sites\/43\/2024\/09\/sm_1726153986.599668.jpg","type":"image\/jpeg"}],"author":"cfeditorfr","twitter_card":"summary_large_image","twitter_misc":{"\u00c9crit par":"cfeditorfr","Dur\u00e9e de lecture estim\u00e9e":"2 minutes"},"schema":{"@context":"https:\/\/schema.org","@graph":[{"@type":"Article","@id":"https:\/\/www.africa-press.net\/cotedivoire\/politique\/le-concours-dentree-a-lecole-des-enfants-de-troupe-est-ouvert#article","isPartOf":{"@id":"https:\/\/www.africa-press.net\/cotedivoire\/politique\/le-concours-dentree-a-lecole-des-enfants-de-troupe-est-ouvert"},"author":{"name":"cfeditorfr","@id":"https:\/\/www.africa-press.net\/cotedivoire\/#\/schema\/person\/2b1cf3cd81a31e3cd26889ca66d677f1"},"headline":"Le concours d\u2019entr\u00e9e \u00e0 l\u2019\u00e9cole des enfants de troupe est ouvert","datePublished":"2024-09-12T18:20:11+00:00","dateModified":"2024-09-12T18:43:36+00:00","mainEntityOfPage":{"@id":"https:\/\/www.africa-press.net\/cotedivoire\/politique\/le-concours-dentree-a-lecole-des-enfants-de-troupe-est-ouvert"},"wordCount":236,"commentCount":0,"image":{"@id":"https:\/\/www.africa-press.net\/cotedivoire\/politique\/le-concours-dentree-a-lecole-des-enfants-de-troupe-est-ouvert#primaryimage"},"thumbnailUrl":"https:\/\/static.africa-press.net\/cote\/sites\/43\/2024\/09\/sm_1726153986.599668.jpg","keywords":["C\u00d4TE D'IVOIRE"],"articleSection":["Politique","Toutes les actualit\u00e9s"],"inLanguage":"fr-FR","potentialAction":[{"@type":"CommentAction","name":"Comment","target":["https:\/\/www.africa-press.net\/cotedivoire\/politique\/le-concours-dentree-a-lecole-des-enfants-de-troupe-est-ouvert#respond"]}]},{"@type":"WebPage","@id":"https:\/\/www.africa-press.net\/cotedivoire\/politique\/le-concours-dentree-a-lecole-des-enfants-de-troupe-est-ouvert","url":"https:\/\/www.africa-press.net\/cotedivoire\/politique\/le-concours-dentree-a-lecole-des-enfants-de-troupe-est-ouvert","name":"Le concours d\u2019entr\u00e9e \u00e0 l\u2019\u00e9cole des enfants de troupe est ouvert - C\u00f4te d&#039;Ivoire","isPartOf":{"@id":"https:\/\/www.africa-press.net\/cotedivoire\/#website"},"primaryImageOfPage":{"@id":"https:\/\/www.africa-press.net\/cotedivoire\/politique\/le-concours-dentree-a-lecole-des-enfants-de-troupe-est-ouvert#primaryimage"},"image":{"@id":"https:\/\/www.africa-press.net\/cotedivoire\/politique\/le-concours-dentree-a-lecole-des-enfants-de-troupe-est-ouvert#primaryimage"},"thumbnailUrl":"https:\/\/static.africa-press.net\/cote\/sites\/43\/2024\/09\/sm_1726153986.599668.jpg","datePublished":"2024-09-12T18:20:11+00:00","dateModified":"2024-09-12T18:43:36+00:00","author":{"@id":"https:\/\/www.africa-press.net\/cotedivoire\/#\/schema\/person\/2b1cf3cd81a31e3cd26889ca66d677f1"},"description":"Le chef d\u2019e\u0301tat-major ge\u0301ne\u0301ral des arme\u0301es, Abakar Abdelkerim Daoud, informe les parents d\u2019e\u0301le\u0300ves que le concours ...","breadcrumb":{"@id":"https:\/\/www.africa-press.net\/cotedivoire\/politique\/le-concours-dentree-a-lecole-des-enfants-de-troupe-est-ouvert#breadcrumb"},"inLanguage":"fr-FR","potentialAction":[{"@type":"ReadAction","target":["https:\/\/www.africa-press.net\/cotedivoire\/politique\/le-concours-dentree-a-lecole-des-enfants-de-troupe-est-ouvert"]}]},{"@type":"ImageObject","inLanguage":"fr-FR","@id":"https:\/\/www.africa-press.net\/cotedivoire\/politique\/le-concours-dentree-a-lecole-des-enfants-de-troupe-est-ouvert#primaryimage","url":"https:\/\/static.africa-press.net\/cote\/sites\/43\/2024\/09\/sm_1726153986.599668.jpg","contentUrl":"https:\/\/static.africa-press.net\/cote\/sites\/43\/2024\/09\/sm_1726153986.599668.jpg","width":1728,"height":1026,"caption":"Le concours d\u2019entr\u00e9e \u00e0 l\u2019\u00e9cole des enfants de troupe est ouvert"},{"@type":"BreadcrumbList","@id":"https:\/\/www.africa-press.net\/cotedivoire\/politique\/le-concours-dentree-a-lecole-des-enfants-de-troupe-est-ouvert#breadcrumb","itemListElement":[{"@type":"ListItem","position":1,"name":"Accueil","item":"https:\/\/www.africa-press.net\/cotedivoire\/"},{"@type":"ListItem","position":2,"name":"Le concours d\u2019entr\u00e9e \u00e0 l\u2019\u00e9cole des enfants de troupe est ouvert"}]},{"@type":"WebSite","@id":"https:\/\/www.africa-press.net\/cotedivoire\/#website","url":"https:\/\/www.africa-press.net\/cotedivoire\/","name":"C\u00f4te d&#039;Ivoire","description":"Just another Africa News Agency Sites site","potentialAction":[{"@type":"SearchAction","target":{"@type":"EntryPoint","urlTemplate":"https:\/\/www.africa-press.net\/cotedivoire\/?s={search_term_string}"},"query-input":{"@type":"PropertyValueSpecification","valueRequired":true,"valueName":"search_term_string"}}],"inLanguage":"fr-FR"},{"@type":"Person","@id":"https:\/\/www.africa-press.net\/cotedivoire\/#\/schema\/person\/2b1cf3cd81a31e3cd26889ca66d677f1","name":"cfeditorfr"}]}},"_links":{"self":[{"href":"https:\/\/www.africa-press.net\/cotedivoire\/wp-json\/wp\/v2\/posts\/87010","targetHints":{"allow":["GET"]}}],"collection":[{"href":"https:\/\/www.africa-press.net\/cotedivoire\/wp-json\/wp\/v2\/posts"}],"about":[{"href":"https:\/\/www.africa-press.net\/cotedivoire\/wp-json\/wp\/v2\/types\/post"}],"author":[{"embeddable":true,"href":"https:\/\/www.africa-press.net\/cotedivoire\/wp-json\/wp\/v2\/users\/82"}],"replies":[{"embeddable":true,"href":"https:\/\/www.africa-press.net\/cotedivoire\/wp-json\/wp\/v2\/comments?post=87010"}],"version-history":[{"count":0,"href":"https:\/\/www.africa-press.net\/cotedivoire\/wp-json\/wp\/v2\/posts\/87010\/revisions"}],"wp:featuredmedia":[{"embeddable":true,"href":"https:\/\/www.africa-press.net\/cotedivoire\/wp-json\/wp\/v2\/media\/87009"}],"wp:attachment":[{"href":"https:\/\/www.africa-press.net\/cotedivoire\/wp-json\/wp\/v2\/media?parent=87010"}],"wp:term":[{"taxonomy":"category","embeddable":true,"href":"https:\/\/www.africa-press.net\/cotedivoire\/wp-json\/wp\/v2\/categories?post=87010"},{"taxonomy":"post_tag","embeddable":true,"href":"https:\/\/www.africa-press.net\/cotedivoire\/wp-json\/wp\/v2\/tags?post=87010"}],"curies":[{"name":"wp","href":"https:\/\/api.w.org\/{rel}","templated":true}]}}