{"id":87043,"date":"2024-09-13T18:35:37","date_gmt":"2024-09-13T18:35:37","guid":{"rendered":"https:\/\/www.africa-press.net\/cotedivoire\/politique\/conference-ida21-a-abidjan-alassane-ouattara-et-beugre-mambe-annonces-aux-rencontres-doctobre-pour-en-finir-avec-la-pauvrete-energetique-en-afrique-dici-2030"},"modified":"2024-09-13T18:43:56","modified_gmt":"2024-09-13T18:43:56","slug":"conference-ida21-a-abidjan-alassane-ouattara-et-beugre-mambe-annonces-aux-rencontres-doctobre-pour-en-finir-avec-la-pauvrete-energetique-en-afrique-dici-2030","status":"publish","type":"post","link":"https:\/\/www.africa-press.net\/cotedivoire\/economie\/conference-ida21-a-abidjan-alassane-ouattara-et-beugre-mambe-annonces-aux-rencontres-doctobre-pour-en-finir-avec-la-pauvrete-energetique-en-afrique-dici-2030","title":{"rendered":"Conf\u00e9rence IDA21 \u00e0 Abidjan, Alassane Ouattara et Beugr\u00e9 Mamb\u00e9 annonc\u00e9s aux rencontres d&rsquo;octobre pour en finir avec la pauvret\u00e9 \u00e9nerg\u00e9tique en Afrique d&rsquo;ici 2030"},"content":{"rendered":"<p><span style=\"color: #ff6600\"><strong>Africa-Press &#8211; C\u00f4te d&rsquo;Ivoire. <\/strong><\/span>Les 9 et 10 octobre prochains, Abidjan, la capitale e\u0301conomique de la Co\u0302te d\u2019Ivoire, deviendra le centre d\u2019attention de la communaute\u0301 internationale en accueillant la premie\u0300re Assemble\u0301e pour le De\u0301veloppement E\u0301conomique. Ce rassemblement d\u2019envergure re\u0301unira divers acteurs du monde e\u0301conomique, politique et de la socie\u0301te\u0301 civile, avec pour objectif de discuter des enjeux e\u0301conomiques pressants du continent africain, et plus particulie\u0300rement des de\u0301fis lie\u0301s a\u0300 l&rsquo;acce\u0300s a\u0300 l&rsquo;e\u0301nergie.<\/p>\n<p>Au c\u0153ur de cette confe\u0301rence se trouve l\u2019Association Internationale de De\u0301veloppement (IDA), une institution de la Banque mondiale qui, depuis des de\u0301cennies, s\u2019efforce d\u2019ame\u0301liorer les conditions de vie des populations les plus vulne\u0301rables des pays en de\u0301veloppement, notamment en Afrique subsaharienne. L&rsquo;IDA fournit des subventions et des pre\u0302ts a\u0300 des conditions tre\u0300s favorables pour soutenir des projets visant a\u0300 renforcer les infrastructures, ame\u0301liorer l\u2019e\u0301ducation, de\u0301velopper les syste\u0300mes de sante\u0301 et combattre la pauvrete\u0301. Malgre\u0301 ces efforts, plus de 600 millions de personnes en Afrique subsaharienne vivent encore sans acce\u0300s a\u0300 l\u2019e\u0301lectricite\u0301, une re\u0301alite\u0301 qui freine le de\u0301veloppement e\u0301conomique et social de la re\u0301gion.<\/p>\n<p>Pour relever ce de\u0301fi, l&rsquo;IDA ambitionne de sortir 250 millions de personnes de la pauvrete\u0301 e\u0301nerge\u0301tique d\u2019ici 2030. Cet objectif ambitieux ne\u0301cessite un refinancement substantiel, a\u0300 hauteur de 120 milliards de dollars, d&rsquo;ici la fin de 2024, afin de soutenir le cycle de financement \u00ab\u00a0IDA21\u00a0\u00bb. Ces ressources sont cruciales non seulement pour ame\u0301liorer l&rsquo;acce\u0300s a\u0300 l&rsquo;e\u0301lectricite\u0301, mais aussi pour combattre d&rsquo;autres proble\u0300mes aigus, tels que la malnutrition qui affecte des millions de femmes et d&rsquo;enfants chaque anne\u0301e. De plus, ce financement permettra de renforcer les capacite\u0301s locales dans la mobilisation de ressources et la mise en \u0153uvre de projets de de\u0301veloppement.<\/p>\n<p>Hugh Evans, co-fondateur et PDG de Global Citizen, souligne l\u2019importance de l&rsquo;IDA dans la lutte contre la pauvrete\u0301 extre\u0302me: \u00ab\u00a0L&rsquo;IDA est le plus grand et le plus efficace fonds mondial pour combattre l&rsquo;extre\u0302me pauvrete\u0301 dans les pays les plus vulne\u0301rables du monde, dont beaucoup se trouvent en Afrique subsaharienne. Entie\u0300rement finance\u0301e, l&rsquo;IDA peut transformer les conditions de vie de plus de 1,5 milliard de personnes.\u00a0\u00bb<\/p>\n<p>L&rsquo;Assemble\u0301e d&rsquo;Abidjan sera une occasion strate\u0301gique pour engager les pays les plus riches du monde, notamment ceux du G20, a\u0300 augmenter leurs contributions au fonds IDA. Ce rendez-vous est perc\u0327u comme une pre\u0301paration essentielle en vue des prochaines grandes re\u0301unions internationales: le Sommet du G20 qui se tiendra en novembre a\u0300 Rio de Janeiro, et la confe\u0301rence IDA21 pre\u0301vue en de\u0301cembre a\u0300 Se\u0301oul.<\/p>\n<p>Au programme de l&rsquo;Assemble\u0301e, plusieurs the\u0300mes cruciaux seront aborde\u0301s. Parmi eux, la question des investissements prive\u0301s en Afrique, qui est perc\u0327ue comme une solution majeure pour pallier le manque de financement public. Les discussions porteront e\u0301galement sur le de\u0301veloppement de l&rsquo;e\u0301conomie cre\u0301ative, qui repre\u0301sente une opportunite\u0301 conside\u0301rable pour les jeunes talents du continent, ainsi que sur les strate\u0301gies pour faire face a\u0300 la dette publique croissante des pays africains. Ces e\u0301changes viseront a\u0300 de\u0301gager des approches innovantes pour acce\u0301le\u0301rer la croissance e\u0301conomique tout en veillant a\u0300 sa durabilite\u0301.<\/p>\n<p>La croissance de\u0301mographique rapide de l&rsquo;Afrique constituera e\u0301galement un sujet central des de\u0301bats. En effet, d&rsquo;ici 2050, un quart de la population mondiale en a\u0302ge de travailler sera en Afrique subsaharienne, une situation qui offre d\u2019e\u0301normes potentialite\u0301s mais qui comporte e\u0301galement des de\u0301fis conside\u0301rables. Nir Bar Dea, PDG de Bridgewater Associates, explique l&rsquo;importance de cette transition de\u0301mographique: \u00ab\u00a0Pre\u0300s de 25 % de la population mondiale en a\u0302ge de travailler se trouvera en Afrique subsaharienne d&rsquo;ici 2050. Compte tenu de l&rsquo;importance de cette opportunite\u0301 et de son impact sur les ge\u0301ne\u0301rations futures, il est important de rassembler a\u0300 la fois les dirigeants des secteurs prive\u0301, public et de la socie\u0301te\u0301 civile, afin de re\u0301fle\u0301chir sur l&rsquo;effet de l&rsquo;expansion de\u0301mographique sur cette re\u0301gion a\u0300 ce moment critique.\u00a0\u00bb<\/p>\n<p>Les organisateurs de l\u2019e\u0301ve\u0301nement \u2014 Global Citizen, Bridgewater Associates, le gouvernement ivoirien et Harith General Partners \u2014 espe\u0300rent que cette rencontre internationale servira de catalyseur pour un engagement accru des grandes puissances e\u0301conomiques envers le de\u0301veloppement de l&rsquo;Afrique. Des personnalite\u0301s de premier plan, comme Alassane Ouattara, pre\u0301sident de la Co\u0302te d&rsquo;Ivoire, Ajay Banga, pre\u0301sident de la Banque mondiale, et d\u2019autres dirigeants de haut niveau de diffe\u0301rentes institutions internationales et entreprises prive\u0301es, partageront leurs perspectives et proposeront des actions concre\u0300tes pour relever les de\u0301fis qui se posent au continent.<\/p>\n<p>Cet e\u0301ve\u0301nement pourrait bien marquer un tournant crucial dans la lutte contre la pauvrete\u0301 et la promotion d&rsquo;une croissance durable et inclusive en Afrique. Les discussions et les de\u0301cisions qui en e\u0301mergeront auront un impact de\u0301terminant sur les politiques publiques, les strate\u0301gies d&rsquo;investissement du secteur prive\u0301 et les orientations des institutions internationales pour les anne\u0301es a\u0300 venir. En re\u0301unissant autour de la me\u0302me table des de\u0301cideurs cle\u0301s, l&rsquo;Assemble\u0301e pour le De\u0301veloppement E\u0301conomique a\u0300 Abidjan ambitionne de cre\u0301er une dynamique positive qui permettra de mettre l&rsquo;Afrique sur une trajectoire de croissance forte, re\u0301siliente et e\u0301quitable.<\/p>\n<p><strong>Pour plus d&rsquo;informations et d&rsquo;analyses sur la C\u00f4te d&rsquo;Ivoire, suivez Africa-Press<\/strong><\/p>\n","protected":false},"excerpt":{"rendered":"<p>Africa-Press &#8211; C\u00f4te d&rsquo;Ivoire. Les 9 et 10 octobre prochains, Abidjan, la capitale e\u0301conomique de la Co\u0302te d\u2019Ivoire, deviendra le centre d\u2019attention de la communaute\u0301 internationale en accueillant la premie\u0300re Assemble\u0301e pour le De\u0301veloppement E\u0301conomique. Ce rassemblement d\u2019envergure re\u0301unira divers acteurs du monde e\u0301conomique, politique et de la socie\u0301te\u0301 civile, avec pour objectif de discuter [&hellip;]<\/p>\n","protected":false},"author":82,"featured_media":87042,"comment_status":"open","ping_status":"closed","sticky":false,"template":"","format":"standard","meta":{"footnotes":""},"categories":[3,10],"tags":[30,35,29,14633,7228],"class_list":["post-87043","post","type-post","status-publish","format-standard","has-post-thumbnail","hentry","category-economie","category-toutes-les-actualites","tag-abidjan","tag-afrique","tag-cote-divoire","tag-ida","tag-region"],"yoast_head":"<!-- This site is optimized with the Yoast SEO Premium plugin v26.1 (Yoast SEO v27.0) - https:\/\/yoast.com\/product\/yoast-seo-premium-wordpress\/ -->\n<title>Conf\u00e9rence IDA21 \u00e0 Abidjan, Alassane Ouattara et Beugr\u00e9 Mamb\u00e9 annonc\u00e9s aux rencontres d&#039;octobre pour en finir avec la pauvret\u00e9 \u00e9nerg\u00e9tique en Afrique d&#039;ici 2030 - C\u00f4te d&#039;Ivoire<\/title>\n<meta name=\"description\" content=\"Les 9 et 10 octobre prochains, Abidjan, la capitale e\u0301conomique de la Co\u0302te d\u2019Ivoire, deviendra le centre d\u2019attention de ...\" \/>\n<meta name=\"robots\" content=\"index, follow, max-snippet:-1, max-image-preview:large, max-video-preview:-1\" \/>\n<link rel=\"canonical\" href=\"https:\/\/www.africa-press.net\/cotedivoire\/economie\/conference-ida21-a-abidjan-alassane-ouattara-et-beugre-mambe-annonces-aux-rencontres-doctobre-pour-en-finir-avec-la-pauvrete-energetique-en-afrique-dici-2030\" \/>\n<meta property=\"og:locale\" content=\"fr_FR\" \/>\n<meta property=\"og:type\" content=\"article\" \/>\n<meta property=\"og:title\" content=\"Conf\u00e9rence IDA21 \u00e0 Abidjan, Alassane Ouattara et Beugr\u00e9 Mamb\u00e9 annonc\u00e9s aux rencontres d&#039;octobre pour en finir avec la pauvret\u00e9 \u00e9nerg\u00e9tique en Afrique d&#039;ici 2030\" \/>\n<meta property=\"og:description\" content=\"Les 9 et 10 octobre prochains, Abidjan, la capitale e\u0301conomique de la Co\u0302te d\u2019Ivoire, deviendra le centre d\u2019attention de ...\" \/>\n<meta property=\"og:url\" content=\"https:\/\/www.africa-press.net\/cotedivoire\/economie\/conference-ida21-a-abidjan-alassane-ouattara-et-beugre-mambe-annonces-aux-rencontres-doctobre-pour-en-finir-avec-la-pauvrete-energetique-en-afrique-dici-2030\" \/>\n<meta property=\"og:site_name\" content=\"C\u00f4te d&#039;Ivoire\" \/>\n<meta property=\"article:published_time\" content=\"2024-09-13T18:35:37+00:00\" \/>\n<meta property=\"article:modified_time\" content=\"2024-09-13T18:43:56+00:00\" \/>\n<meta property=\"og:image\" content=\"https:\/\/static.africa-press.net\/cote\/sites\/43\/2024\/09\/sm_1726240419.477853.jpg\" \/>\n\t<meta property=\"og:image:width\" content=\"720\" \/>\n\t<meta property=\"og:image:height\" content=\"372\" \/>\n\t<meta property=\"og:image:type\" content=\"image\/jpeg\" \/>\n<meta name=\"author\" content=\"cfeditorfr\" \/>\n<meta name=\"twitter:card\" content=\"summary_large_image\" \/>\n<meta name=\"twitter:label1\" content=\"\u00c9crit par\" \/>\n\t<meta name=\"twitter:data1\" content=\"cfeditorfr\" \/>\n\t<meta name=\"twitter:label2\" content=\"Dur\u00e9e de lecture estim\u00e9e\" \/>\n\t<meta name=\"twitter:data2\" content=\"5 minutes\" \/>\n<script type=\"application\/ld+json\" class=\"yoast-schema-graph\">{\"@context\":\"https:\/\/schema.org\",\"@graph\":[{\"@type\":\"Article\",\"@id\":\"https:\/\/www.africa-press.net\/cotedivoire\/economie\/conference-ida21-a-abidjan-alassane-ouattara-et-beugre-mambe-annonces-aux-rencontres-doctobre-pour-en-finir-avec-la-pauvrete-energetique-en-afrique-dici-2030#article\",\"isPartOf\":{\"@id\":\"https:\/\/www.africa-press.net\/cotedivoire\/economie\/conference-ida21-a-abidjan-alassane-ouattara-et-beugre-mambe-annonces-aux-rencontres-doctobre-pour-en-finir-avec-la-pauvrete-energetique-en-afrique-dici-2030\"},\"author\":{\"name\":\"cfeditorfr\",\"@id\":\"https:\/\/www.africa-press.net\/cotedivoire\/#\/schema\/person\/2b1cf3cd81a31e3cd26889ca66d677f1\"},\"headline\":\"Conf\u00e9rence IDA21 \u00e0 Abidjan, Alassane Ouattara et Beugr\u00e9 Mamb\u00e9 annonc\u00e9s aux rencontres d&rsquo;octobre pour en finir avec la pauvret\u00e9 \u00e9nerg\u00e9tique en Afrique d&rsquo;ici 2030\",\"datePublished\":\"2024-09-13T18:35:37+00:00\",\"dateModified\":\"2024-09-13T18:43:56+00:00\",\"mainEntityOfPage\":{\"@id\":\"https:\/\/www.africa-press.net\/cotedivoire\/economie\/conference-ida21-a-abidjan-alassane-ouattara-et-beugre-mambe-annonces-aux-rencontres-doctobre-pour-en-finir-avec-la-pauvrete-energetique-en-afrique-dici-2030\"},\"wordCount\":997,\"commentCount\":0,\"image\":{\"@id\":\"https:\/\/www.africa-press.net\/cotedivoire\/economie\/conference-ida21-a-abidjan-alassane-ouattara-et-beugre-mambe-annonces-aux-rencontres-doctobre-pour-en-finir-avec-la-pauvrete-energetique-en-afrique-dici-2030#primaryimage\"},\"thumbnailUrl\":\"https:\/\/static.africa-press.net\/cote\/sites\/43\/2024\/09\/sm_1726240419.477853.jpg\",\"keywords\":[\"Abidjan\",\"Afrique\",\"C\u00d4TE D'IVOIRE\",\"IDA\",\"r\u00e9gion\"],\"articleSection\":[\"\u00c9conomie\",\"Toutes les actualit\u00e9s\"],\"inLanguage\":\"fr-FR\",\"potentialAction\":[{\"@type\":\"CommentAction\",\"name\":\"Comment\",\"target\":[\"https:\/\/www.africa-press.net\/cotedivoire\/economie\/conference-ida21-a-abidjan-alassane-ouattara-et-beugre-mambe-annonces-aux-rencontres-doctobre-pour-en-finir-avec-la-pauvrete-energetique-en-afrique-dici-2030#respond\"]}]},{\"@type\":\"WebPage\",\"@id\":\"https:\/\/www.africa-press.net\/cotedivoire\/economie\/conference-ida21-a-abidjan-alassane-ouattara-et-beugre-mambe-annonces-aux-rencontres-doctobre-pour-en-finir-avec-la-pauvrete-energetique-en-afrique-dici-2030\",\"url\":\"https:\/\/www.africa-press.net\/cotedivoire\/economie\/conference-ida21-a-abidjan-alassane-ouattara-et-beugre-mambe-annonces-aux-rencontres-doctobre-pour-en-finir-avec-la-pauvrete-energetique-en-afrique-dici-2030\",\"name\":\"Conf\u00e9rence IDA21 \u00e0 Abidjan, Alassane Ouattara et Beugr\u00e9 Mamb\u00e9 annonc\u00e9s aux rencontres d'octobre pour en finir avec la pauvret\u00e9 \u00e9nerg\u00e9tique en Afrique d'ici 2030 - C\u00f4te d&#039;Ivoire\",\"isPartOf\":{\"@id\":\"https:\/\/www.africa-press.net\/cotedivoire\/#website\"},\"primaryImageOfPage\":{\"@id\":\"https:\/\/www.africa-press.net\/cotedivoire\/economie\/conference-ida21-a-abidjan-alassane-ouattara-et-beugre-mambe-annonces-aux-rencontres-doctobre-pour-en-finir-avec-la-pauvrete-energetique-en-afrique-dici-2030#primaryimage\"},\"image\":{\"@id\":\"https:\/\/www.africa-press.net\/cotedivoire\/economie\/conference-ida21-a-abidjan-alassane-ouattara-et-beugre-mambe-annonces-aux-rencontres-doctobre-pour-en-finir-avec-la-pauvrete-energetique-en-afrique-dici-2030#primaryimage\"},\"thumbnailUrl\":\"https:\/\/static.africa-press.net\/cote\/sites\/43\/2024\/09\/sm_1726240419.477853.jpg\",\"datePublished\":\"2024-09-13T18:35:37+00:00\",\"dateModified\":\"2024-09-13T18:43:56+00:00\",\"author\":{\"@id\":\"https:\/\/www.africa-press.net\/cotedivoire\/#\/schema\/person\/2b1cf3cd81a31e3cd26889ca66d677f1\"},\"description\":\"Les 9 et 10 octobre prochains, Abidjan, la capitale e\u0301conomique de la Co\u0302te d\u2019Ivoire, deviendra le centre d\u2019attention de ...\",\"breadcrumb\":{\"@id\":\"https:\/\/www.africa-press.net\/cotedivoire\/economie\/conference-ida21-a-abidjan-alassane-ouattara-et-beugre-mambe-annonces-aux-rencontres-doctobre-pour-en-finir-avec-la-pauvrete-energetique-en-afrique-dici-2030#breadcrumb\"},\"inLanguage\":\"fr-FR\",\"potentialAction\":[{\"@type\":\"ReadAction\",\"target\":[\"https:\/\/www.africa-press.net\/cotedivoire\/economie\/conference-ida21-a-abidjan-alassane-ouattara-et-beugre-mambe-annonces-aux-rencontres-doctobre-pour-en-finir-avec-la-pauvrete-energetique-en-afrique-dici-2030\"]}]},{\"@type\":\"ImageObject\",\"inLanguage\":\"fr-FR\",\"@id\":\"https:\/\/www.africa-press.net\/cotedivoire\/economie\/conference-ida21-a-abidjan-alassane-ouattara-et-beugre-mambe-annonces-aux-rencontres-doctobre-pour-en-finir-avec-la-pauvrete-energetique-en-afrique-dici-2030#primaryimage\",\"url\":\"https:\/\/static.africa-press.net\/cote\/sites\/43\/2024\/09\/sm_1726240419.477853.jpg\",\"contentUrl\":\"https:\/\/static.africa-press.net\/cote\/sites\/43\/2024\/09\/sm_1726240419.477853.jpg\",\"width\":720,\"height\":372,\"caption\":\"Conf\u00e9rence IDA21 \u00e0 Abidjan, Alassane Ouattara et Beugr\u00e9 Mamb\u00e9 annonc\u00e9s aux rencontres d'octobre pour en finir avec la pauvret\u00e9 \u00e9nerg\u00e9tique en Afrique d'ici 2030\"},{\"@type\":\"BreadcrumbList\",\"@id\":\"https:\/\/www.africa-press.net\/cotedivoire\/economie\/conference-ida21-a-abidjan-alassane-ouattara-et-beugre-mambe-annonces-aux-rencontres-doctobre-pour-en-finir-avec-la-pauvrete-energetique-en-afrique-dici-2030#breadcrumb\",\"itemListElement\":[{\"@type\":\"ListItem\",\"position\":1,\"name\":\"Accueil\",\"item\":\"https:\/\/www.africa-press.net\/cotedivoire\/\"},{\"@type\":\"ListItem\",\"position\":2,\"name\":\"Conf\u00e9rence IDA21 \u00e0 Abidjan, Alassane Ouattara et Beugr\u00e9 Mamb\u00e9 annonc\u00e9s aux rencontres d&#8217;octobre pour en finir avec la pauvret\u00e9 \u00e9nerg\u00e9tique en Afrique d&#8217;ici 2030\"}]},{\"@type\":\"WebSite\",\"@id\":\"https:\/\/www.africa-press.net\/cotedivoire\/#website\",\"url\":\"https:\/\/www.africa-press.net\/cotedivoire\/\",\"name\":\"C\u00f4te d&#039;Ivoire\",\"description\":\"Just another Africa News Agency Sites site\",\"potentialAction\":[{\"@type\":\"SearchAction\",\"target\":{\"@type\":\"EntryPoint\",\"urlTemplate\":\"https:\/\/www.africa-press.net\/cotedivoire\/?s={search_term_string}\"},\"query-input\":{\"@type\":\"PropertyValueSpecification\",\"valueRequired\":true,\"valueName\":\"search_term_string\"}}],\"inLanguage\":\"fr-FR\"},{\"@type\":\"Person\",\"@id\":\"https:\/\/www.africa-press.net\/cotedivoire\/#\/schema\/person\/2b1cf3cd81a31e3cd26889ca66d677f1\",\"name\":\"cfeditorfr\"}]}<\/script>\n<!-- \/ Yoast SEO Premium plugin. -->","yoast_head_json":{"title":"Conf\u00e9rence IDA21 \u00e0 Abidjan, Alassane Ouattara et Beugr\u00e9 Mamb\u00e9 annonc\u00e9s aux rencontres d'octobre pour en finir avec la pauvret\u00e9 \u00e9nerg\u00e9tique en Afrique d'ici 2030 - C\u00f4te d&#039;Ivoire","description":"Les 9 et 10 octobre prochains, Abidjan, la capitale e\u0301conomique de la Co\u0302te d\u2019Ivoire, deviendra le centre d\u2019attention de ...","robots":{"index":"index","follow":"follow","max-snippet":"max-snippet:-1","max-image-preview":"max-image-preview:large","max-video-preview":"max-video-preview:-1"},"canonical":"https:\/\/www.africa-press.net\/cotedivoire\/economie\/conference-ida21-a-abidjan-alassane-ouattara-et-beugre-mambe-annonces-aux-rencontres-doctobre-pour-en-finir-avec-la-pauvrete-energetique-en-afrique-dici-2030","og_locale":"fr_FR","og_type":"article","og_title":"Conf\u00e9rence IDA21 \u00e0 Abidjan, Alassane Ouattara et Beugr\u00e9 Mamb\u00e9 annonc\u00e9s aux rencontres d'octobre pour en finir avec la pauvret\u00e9 \u00e9nerg\u00e9tique en Afrique d'ici 2030","og_description":"Les 9 et 10 octobre prochains, Abidjan, la capitale e\u0301conomique de la Co\u0302te d\u2019Ivoire, deviendra le centre d\u2019attention de ...","og_url":"https:\/\/www.africa-press.net\/cotedivoire\/economie\/conference-ida21-a-abidjan-alassane-ouattara-et-beugre-mambe-annonces-aux-rencontres-doctobre-pour-en-finir-avec-la-pauvrete-energetique-en-afrique-dici-2030","og_site_name":"C\u00f4te d&#039;Ivoire","article_published_time":"2024-09-13T18:35:37+00:00","article_modified_time":"2024-09-13T18:43:56+00:00","og_image":[{"width":720,"height":372,"url":"https:\/\/static.africa-press.net\/cote\/sites\/43\/2024\/09\/sm_1726240419.477853.jpg","type":"image\/jpeg"}],"author":"cfeditorfr","twitter_card":"summary_large_image","twitter_misc":{"\u00c9crit par":"cfeditorfr","Dur\u00e9e de lecture estim\u00e9e":"5 minutes"},"schema":{"@context":"https:\/\/schema.org","@graph":[{"@type":"Article","@id":"https:\/\/www.africa-press.net\/cotedivoire\/economie\/conference-ida21-a-abidjan-alassane-ouattara-et-beugre-mambe-annonces-aux-rencontres-doctobre-pour-en-finir-avec-la-pauvrete-energetique-en-afrique-dici-2030#article","isPartOf":{"@id":"https:\/\/www.africa-press.net\/cotedivoire\/economie\/conference-ida21-a-abidjan-alassane-ouattara-et-beugre-mambe-annonces-aux-rencontres-doctobre-pour-en-finir-avec-la-pauvrete-energetique-en-afrique-dici-2030"},"author":{"name":"cfeditorfr","@id":"https:\/\/www.africa-press.net\/cotedivoire\/#\/schema\/person\/2b1cf3cd81a31e3cd26889ca66d677f1"},"headline":"Conf\u00e9rence IDA21 \u00e0 Abidjan, Alassane Ouattara et Beugr\u00e9 Mamb\u00e9 annonc\u00e9s aux rencontres d&rsquo;octobre pour en finir avec la pauvret\u00e9 \u00e9nerg\u00e9tique en Afrique d&rsquo;ici 2030","datePublished":"2024-09-13T18:35:37+00:00","dateModified":"2024-09-13T18:43:56+00:00","mainEntityOfPage":{"@id":"https:\/\/www.africa-press.net\/cotedivoire\/economie\/conference-ida21-a-abidjan-alassane-ouattara-et-beugre-mambe-annonces-aux-rencontres-doctobre-pour-en-finir-avec-la-pauvrete-energetique-en-afrique-dici-2030"},"wordCount":997,"commentCount":0,"image":{"@id":"https:\/\/www.africa-press.net\/cotedivoire\/economie\/conference-ida21-a-abidjan-alassane-ouattara-et-beugre-mambe-annonces-aux-rencontres-doctobre-pour-en-finir-avec-la-pauvrete-energetique-en-afrique-dici-2030#primaryimage"},"thumbnailUrl":"https:\/\/static.africa-press.net\/cote\/sites\/43\/2024\/09\/sm_1726240419.477853.jpg","keywords":["Abidjan","Afrique","C\u00d4TE D'IVOIRE","IDA","r\u00e9gion"],"articleSection":["\u00c9conomie","Toutes les actualit\u00e9s"],"inLanguage":"fr-FR","potentialAction":[{"@type":"CommentAction","name":"Comment","target":["https:\/\/www.africa-press.net\/cotedivoire\/economie\/conference-ida21-a-abidjan-alassane-ouattara-et-beugre-mambe-annonces-aux-rencontres-doctobre-pour-en-finir-avec-la-pauvrete-energetique-en-afrique-dici-2030#respond"]}]},{"@type":"WebPage","@id":"https:\/\/www.africa-press.net\/cotedivoire\/economie\/conference-ida21-a-abidjan-alassane-ouattara-et-beugre-mambe-annonces-aux-rencontres-doctobre-pour-en-finir-avec-la-pauvrete-energetique-en-afrique-dici-2030","url":"https:\/\/www.africa-press.net\/cotedivoire\/economie\/conference-ida21-a-abidjan-alassane-ouattara-et-beugre-mambe-annonces-aux-rencontres-doctobre-pour-en-finir-avec-la-pauvrete-energetique-en-afrique-dici-2030","name":"Conf\u00e9rence IDA21 \u00e0 Abidjan, Alassane Ouattara et Beugr\u00e9 Mamb\u00e9 annonc\u00e9s aux rencontres d'octobre pour en finir avec la pauvret\u00e9 \u00e9nerg\u00e9tique en Afrique d'ici 2030 - C\u00f4te d&#039;Ivoire","isPartOf":{"@id":"https:\/\/www.africa-press.net\/cotedivoire\/#website"},"primaryImageOfPage":{"@id":"https:\/\/www.africa-press.net\/cotedivoire\/economie\/conference-ida21-a-abidjan-alassane-ouattara-et-beugre-mambe-annonces-aux-rencontres-doctobre-pour-en-finir-avec-la-pauvrete-energetique-en-afrique-dici-2030#primaryimage"},"image":{"@id":"https:\/\/www.africa-press.net\/cotedivoire\/economie\/conference-ida21-a-abidjan-alassane-ouattara-et-beugre-mambe-annonces-aux-rencontres-doctobre-pour-en-finir-avec-la-pauvrete-energetique-en-afrique-dici-2030#primaryimage"},"thumbnailUrl":"https:\/\/static.africa-press.net\/cote\/sites\/43\/2024\/09\/sm_1726240419.477853.jpg","datePublished":"2024-09-13T18:35:37+00:00","dateModified":"2024-09-13T18:43:56+00:00","author":{"@id":"https:\/\/www.africa-press.net\/cotedivoire\/#\/schema\/person\/2b1cf3cd81a31e3cd26889ca66d677f1"},"description":"Les 9 et 10 octobre prochains, Abidjan, la capitale e\u0301conomique de la Co\u0302te d\u2019Ivoire, deviendra le centre d\u2019attention de ...","breadcrumb":{"@id":"https:\/\/www.africa-press.net\/cotedivoire\/economie\/conference-ida21-a-abidjan-alassane-ouattara-et-beugre-mambe-annonces-aux-rencontres-doctobre-pour-en-finir-avec-la-pauvrete-energetique-en-afrique-dici-2030#breadcrumb"},"inLanguage":"fr-FR","potentialAction":[{"@type":"ReadAction","target":["https:\/\/www.africa-press.net\/cotedivoire\/economie\/conference-ida21-a-abidjan-alassane-ouattara-et-beugre-mambe-annonces-aux-rencontres-doctobre-pour-en-finir-avec-la-pauvrete-energetique-en-afrique-dici-2030"]}]},{"@type":"ImageObject","inLanguage":"fr-FR","@id":"https:\/\/www.africa-press.net\/cotedivoire\/economie\/conference-ida21-a-abidjan-alassane-ouattara-et-beugre-mambe-annonces-aux-rencontres-doctobre-pour-en-finir-avec-la-pauvrete-energetique-en-afrique-dici-2030#primaryimage","url":"https:\/\/static.africa-press.net\/cote\/sites\/43\/2024\/09\/sm_1726240419.477853.jpg","contentUrl":"https:\/\/static.africa-press.net\/cote\/sites\/43\/2024\/09\/sm_1726240419.477853.jpg","width":720,"height":372,"caption":"Conf\u00e9rence IDA21 \u00e0 Abidjan, Alassane Ouattara et Beugr\u00e9 Mamb\u00e9 annonc\u00e9s aux rencontres d'octobre pour en finir avec la pauvret\u00e9 \u00e9nerg\u00e9tique en Afrique d'ici 2030"},{"@type":"BreadcrumbList","@id":"https:\/\/www.africa-press.net\/cotedivoire\/economie\/conference-ida21-a-abidjan-alassane-ouattara-et-beugre-mambe-annonces-aux-rencontres-doctobre-pour-en-finir-avec-la-pauvrete-energetique-en-afrique-dici-2030#breadcrumb","itemListElement":[{"@type":"ListItem","position":1,"name":"Accueil","item":"https:\/\/www.africa-press.net\/cotedivoire\/"},{"@type":"ListItem","position":2,"name":"Conf\u00e9rence IDA21 \u00e0 Abidjan, Alassane Ouattara et Beugr\u00e9 Mamb\u00e9 annonc\u00e9s aux rencontres d&#8217;octobre pour en finir avec la pauvret\u00e9 \u00e9nerg\u00e9tique en Afrique d&#8217;ici 2030"}]},{"@type":"WebSite","@id":"https:\/\/www.africa-press.net\/cotedivoire\/#website","url":"https:\/\/www.africa-press.net\/cotedivoire\/","name":"C\u00f4te d&#039;Ivoire","description":"Just another Africa News Agency Sites site","potentialAction":[{"@type":"SearchAction","target":{"@type":"EntryPoint","urlTemplate":"https:\/\/www.africa-press.net\/cotedivoire\/?s={search_term_string}"},"query-input":{"@type":"PropertyValueSpecification","valueRequired":true,"valueName":"search_term_string"}}],"inLanguage":"fr-FR"},{"@type":"Person","@id":"https:\/\/www.africa-press.net\/cotedivoire\/#\/schema\/person\/2b1cf3cd81a31e3cd26889ca66d677f1","name":"cfeditorfr"}]}},"_links":{"self":[{"href":"https:\/\/www.africa-press.net\/cotedivoire\/wp-json\/wp\/v2\/posts\/87043","targetHints":{"allow":["GET"]}}],"collection":[{"href":"https:\/\/www.africa-press.net\/cotedivoire\/wp-json\/wp\/v2\/posts"}],"about":[{"href":"https:\/\/www.africa-press.net\/cotedivoire\/wp-json\/wp\/v2\/types\/post"}],"author":[{"embeddable":true,"href":"https:\/\/www.africa-press.net\/cotedivoire\/wp-json\/wp\/v2\/users\/82"}],"replies":[{"embeddable":true,"href":"https:\/\/www.africa-press.net\/cotedivoire\/wp-json\/wp\/v2\/comments?post=87043"}],"version-history":[{"count":0,"href":"https:\/\/www.africa-press.net\/cotedivoire\/wp-json\/wp\/v2\/posts\/87043\/revisions"}],"wp:featuredmedia":[{"embeddable":true,"href":"https:\/\/www.africa-press.net\/cotedivoire\/wp-json\/wp\/v2\/media\/87042"}],"wp:attachment":[{"href":"https:\/\/www.africa-press.net\/cotedivoire\/wp-json\/wp\/v2\/media?parent=87043"}],"wp:term":[{"taxonomy":"category","embeddable":true,"href":"https:\/\/www.africa-press.net\/cotedivoire\/wp-json\/wp\/v2\/categories?post=87043"},{"taxonomy":"post_tag","embeddable":true,"href":"https:\/\/www.africa-press.net\/cotedivoire\/wp-json\/wp\/v2\/tags?post=87043"}],"curies":[{"name":"wp","href":"https:\/\/api.w.org\/{rel}","templated":true}]}}