{"id":87097,"date":"2024-09-14T14:12:21","date_gmt":"2024-09-14T14:12:21","guid":{"rendered":"https:\/\/www.africa-press.net\/cotedivoire\/politique\/affaire-cndh-12-056-detenus-non-juges-dementi-de-ladministration-penitentiaire-et-explications"},"modified":"2024-09-14T15:00:51","modified_gmt":"2024-09-14T15:00:51","slug":"affaire-cndh-12-056-detenus-non-juges-dementi-de-ladministration-penitentiaire-et-explications","status":"publish","type":"post","link":"https:\/\/www.africa-press.net\/cotedivoire\/toutes-les-actualites\/affaire-cndh-12-056-detenus-non-juges-dementi-de-ladministration-penitentiaire-et-explications","title":{"rendered":"Affaire CNDH 12 056 d\u00e9tenus non jug\u00e9s, d\u00e9menti de l&rsquo;administration p\u00e9nitentiaire et explications"},"content":{"rendered":"<p><span style=\"color: #ff6600\"><strong>Africa-Press &#8211; C\u00f4te d&rsquo;Ivoire. <\/strong><\/span>Comme rapporte\u0301 ce jour sur KOACI, le 12 septembre 2024, lors d\u2019une rencontre avec des membres du Corps diplomatique, la Pre\u0301sidente du Conseil National des Droits de l\u2019Homme (CNDH) a affirme\u0301 que 12 056 de\u0301tenus, soit 51,27% des de\u0301tenus, sont en attente de jugement dans les e\u0301tablissements pe\u0301nitentiaires ivoiriens, et ce, sur la base d\u2019une enque\u0302te re\u0301alise\u0301e par le CNDH, du 10 au 14 juin 2024.<\/p>\n<p>Au cours de cette rencontre, elle a e\u0301galement soutenu que dans la pe\u0301riode d\u2019avril a\u0300 septembre 2024, le nombre total des de\u0301tenus s\u2019e\u0301levait a\u0300 23 515 dans les trente-cinq (35) e\u0301tablissements pe\u0301nitentiaires qui ont fait l\u2019objet de cette enque\u0302te.<\/p>\n<p>Dans une note transmise, date\u0301e de ce vendredi 13 septembre 2024, signe\u0301e du Directeur de l\u2019Administration Pe\u0301nitentiaire, Ce\u0301lestin Doheuly Kamin, le Ministe\u0300re de la Justice et des Droits de l\u2019Homme tient a\u0300 opposer un de\u0301menti formel a\u0300 ces alle\u0301gations, qui jurent gravement avec la re\u0301alite\u0301.<\/p>\n<p>Il explique que \u00ab\u00a0dans la pe\u0301riode indique\u0301e par le CNDH comme e\u0301tant celle de l\u2019enque\u0302te dont il se pre\u0301vaut, le nombre de de\u0301tenus en attente de jugement, a\u0300 savoir les inculpe\u0301s (dans les proce\u0301dures de flagrant de\u0301lit ou d\u2019instruction) et les personnes ayant forme\u0301 un recours contre une pre\u0301ce\u0301dente de\u0301cision de condamnation, n\u2019a jamais atteint la barre des 36% du total des de\u0301tenus.\u00a0\u00bb<\/p>\n<p>Ainsi, le lundi 10 juin 2024, le nombre de personnes en attente de jugement e\u0301tait de 9 680 personnes sur un effectif total de 27 236 de\u0301tenus, soit 35,54%.<\/p>\n<p>La note nous apprend par ailleurs que \u00ab\u00a0Le mardi 11 juin 2024, ce nombre e\u0301tait de 9788 personnes sur un effectif total de 27343 de\u0301tenus, soit 35,80%.<\/p>\n<p>Le mercredi 12 juin 2024, il e\u0301tait 9870 personnes sur un effectif total de 27473 de\u0301tenus, soit 35,93%.<\/p>\n<p>Le jeudi 13 juin 2024, 9886 personnes e\u0301taient en attente de jugement sur un effectif total de 27493 de\u0301tenus, soit 35,96%.<\/p>\n<p>Le vendredi 14 juin 2024, le nombre de de\u0301tenus en attente de jugement e\u0301tait de 9770 de\u0301tenus sur un effectif total de 27431, soit un taux de 35,62%.<\/p>\n<p>Ce vendredi 13 septembre 2024, le nombre de de\u0301tenus en attente de jugement est de 9781 sur un effectif total de 26657 de\u0301tenus, soit 36,69%.\u00a0\u00bb.<\/p>\n<p>Dans sa note, le Magistrat Hors hie\u0301rarchie pre\u0301cise que \u00ab\u00a0le Ministe\u0300re de la Justice et des Droits de l\u2019Homme tient a\u0300 indiquer que le taux de la population carce\u0301rale en attente de jugement fait l\u2019objet d\u2019une surveillance quotidienne, de sorte que toute tentative de manipulation sur cette question, a\u0300 des fins visant des inte\u0301re\u0302ts a\u0300 l\u2019e\u0301vidence autres que ceux des droits des personnes concerne\u0301es, ne saurait prospe\u0301rer.\u00a0\u00bb<\/p>\n<p>Ce\u0301lestin Doheuly Kamin conclut en expliquant que le CNDH \u00ab\u00a0puisse rendre compte a\u0300 ses partenaires \u00ab des accompagnements \u00bb dont il be\u0301ne\u0301ficie et certainement en espe\u0301rer d\u2019autres, peut se comprendre. Cependant, rien ne saurait justifier la divulgation d\u2019informations errone\u0301es ou de\u0301libe\u0301re\u0301ment tronque\u0301es. Le Ministe\u0300re de la Justice et des Droits de l\u2019Homme saisit cette occasion pour re\u0301ite\u0301rer au CNDH la disponibilite\u0301 de ses Services compe\u0301tents pour toute information utile. \u00a0\u00bb<\/p>\n<p><strong>Pour plus d&rsquo;informations et d&rsquo;analyses sur la C\u00f4te d&rsquo;Ivoire, suivez Africa-Press<\/strong><\/p>\n","protected":false},"excerpt":{"rendered":"<p>Africa-Press &#8211; C\u00f4te d&rsquo;Ivoire. Comme rapporte\u0301 ce jour sur KOACI, le 12 septembre 2024, lors d\u2019une rencontre avec des membres du Corps diplomatique, la Pre\u0301sidente du Conseil National des Droits de l\u2019Homme (CNDH) a affirme\u0301 que 12 056 de\u0301tenus, soit 51,27% des de\u0301tenus, sont en attente de jugement dans les e\u0301tablissements pe\u0301nitentiaires ivoiriens, et ce, [&hellip;]<\/p>\n","protected":false},"author":82,"featured_media":87096,"comment_status":"open","ping_status":"closed","sticky":false,"template":"","format":"standard","meta":{"footnotes":""},"categories":[21,10],"tags":[11428,519,29],"class_list":["post-87097","post","type-post","status-publish","format-standard","has-post-thumbnail","hentry","category-communaute","category-toutes-les-actualites","tag-celestin-doheuly-kamin","tag-cndh","tag-cote-divoire"],"yoast_head":"<!-- This site is optimized with the Yoast SEO Premium plugin v26.1 (Yoast SEO v27.0) - https:\/\/yoast.com\/product\/yoast-seo-premium-wordpress\/ -->\n<title>Affaire CNDH 12 056 d\u00e9tenus non jug\u00e9s, d\u00e9menti de l&#039;administration p\u00e9nitentiaire et explications - C\u00f4te d&#039;Ivoire<\/title>\n<meta name=\"description\" content=\"Comme rapporte\u0301 ce jour sur KOACI, le 12 septembre 2024, lors d\u2019une rencontre avec des membres du Corps diplomatique, la ...\" \/>\n<meta name=\"robots\" content=\"index, follow, max-snippet:-1, max-image-preview:large, max-video-preview:-1\" \/>\n<link rel=\"canonical\" href=\"https:\/\/www.africa-press.net\/cotedivoire\/toutes-les-actualites\/affaire-cndh-12-056-detenus-non-juges-dementi-de-ladministration-penitentiaire-et-explications\" \/>\n<meta property=\"og:locale\" content=\"fr_FR\" \/>\n<meta property=\"og:type\" content=\"article\" \/>\n<meta property=\"og:title\" content=\"Affaire CNDH 12 056 d\u00e9tenus non jug\u00e9s, d\u00e9menti de l&#039;administration p\u00e9nitentiaire et explications\" \/>\n<meta property=\"og:description\" content=\"Comme rapporte\u0301 ce jour sur KOACI, le 12 septembre 2024, lors d\u2019une rencontre avec des membres du Corps diplomatique, la ...\" \/>\n<meta property=\"og:url\" content=\"https:\/\/www.africa-press.net\/cotedivoire\/toutes-les-actualites\/affaire-cndh-12-056-detenus-non-juges-dementi-de-ladministration-penitentiaire-et-explications\" \/>\n<meta property=\"og:site_name\" content=\"C\u00f4te d&#039;Ivoire\" \/>\n<meta property=\"article:published_time\" content=\"2024-09-14T14:12:21+00:00\" \/>\n<meta property=\"article:modified_time\" content=\"2024-09-14T15:00:51+00:00\" \/>\n<meta property=\"og:image\" content=\"https:\/\/static.africa-press.net\/cote\/sites\/43\/2024\/09\/sm_1726313432.626045.jpg\" \/>\n\t<meta property=\"og:image:width\" content=\"720\" \/>\n\t<meta property=\"og:image:height\" content=\"360\" \/>\n\t<meta property=\"og:image:type\" content=\"image\/jpeg\" \/>\n<meta name=\"author\" content=\"cfeditorfr\" \/>\n<meta name=\"twitter:card\" content=\"summary_large_image\" \/>\n<meta name=\"twitter:label1\" content=\"\u00c9crit par\" \/>\n\t<meta name=\"twitter:data1\" content=\"cfeditorfr\" \/>\n\t<meta name=\"twitter:label2\" content=\"Dur\u00e9e de lecture estim\u00e9e\" \/>\n\t<meta name=\"twitter:data2\" content=\"3 minutes\" \/>\n<script type=\"application\/ld+json\" class=\"yoast-schema-graph\">{\"@context\":\"https:\/\/schema.org\",\"@graph\":[{\"@type\":\"Article\",\"@id\":\"https:\/\/www.africa-press.net\/cotedivoire\/toutes-les-actualites\/affaire-cndh-12-056-detenus-non-juges-dementi-de-ladministration-penitentiaire-et-explications#article\",\"isPartOf\":{\"@id\":\"https:\/\/www.africa-press.net\/cotedivoire\/toutes-les-actualites\/affaire-cndh-12-056-detenus-non-juges-dementi-de-ladministration-penitentiaire-et-explications\"},\"author\":{\"name\":\"cfeditorfr\",\"@id\":\"https:\/\/www.africa-press.net\/cotedivoire\/#\/schema\/person\/2b1cf3cd81a31e3cd26889ca66d677f1\"},\"headline\":\"Affaire CNDH 12 056 d\u00e9tenus non jug\u00e9s, d\u00e9menti de l&rsquo;administration p\u00e9nitentiaire et explications\",\"datePublished\":\"2024-09-14T14:12:21+00:00\",\"dateModified\":\"2024-09-14T15:00:51+00:00\",\"mainEntityOfPage\":{\"@id\":\"https:\/\/www.africa-press.net\/cotedivoire\/toutes-les-actualites\/affaire-cndh-12-056-detenus-non-juges-dementi-de-ladministration-penitentiaire-et-explications\"},\"wordCount\":574,\"commentCount\":0,\"image\":{\"@id\":\"https:\/\/www.africa-press.net\/cotedivoire\/toutes-les-actualites\/affaire-cndh-12-056-detenus-non-juges-dementi-de-ladministration-penitentiaire-et-explications#primaryimage\"},\"thumbnailUrl\":\"https:\/\/static.africa-press.net\/cote\/sites\/43\/2024\/09\/sm_1726313432.626045.jpg\",\"keywords\":[\"C\u00e9lestin Doheuly Kamin\",\"CNDH\",\"C\u00d4TE D'IVOIRE\"],\"articleSection\":[\"Communaut\u00e9\",\"Toutes les actualit\u00e9s\"],\"inLanguage\":\"fr-FR\",\"potentialAction\":[{\"@type\":\"CommentAction\",\"name\":\"Comment\",\"target\":[\"https:\/\/www.africa-press.net\/cotedivoire\/toutes-les-actualites\/affaire-cndh-12-056-detenus-non-juges-dementi-de-ladministration-penitentiaire-et-explications#respond\"]}]},{\"@type\":\"WebPage\",\"@id\":\"https:\/\/www.africa-press.net\/cotedivoire\/toutes-les-actualites\/affaire-cndh-12-056-detenus-non-juges-dementi-de-ladministration-penitentiaire-et-explications\",\"url\":\"https:\/\/www.africa-press.net\/cotedivoire\/toutes-les-actualites\/affaire-cndh-12-056-detenus-non-juges-dementi-de-ladministration-penitentiaire-et-explications\",\"name\":\"Affaire CNDH 12 056 d\u00e9tenus non jug\u00e9s, d\u00e9menti de l'administration p\u00e9nitentiaire et explications - C\u00f4te d&#039;Ivoire\",\"isPartOf\":{\"@id\":\"https:\/\/www.africa-press.net\/cotedivoire\/#website\"},\"primaryImageOfPage\":{\"@id\":\"https:\/\/www.africa-press.net\/cotedivoire\/toutes-les-actualites\/affaire-cndh-12-056-detenus-non-juges-dementi-de-ladministration-penitentiaire-et-explications#primaryimage\"},\"image\":{\"@id\":\"https:\/\/www.africa-press.net\/cotedivoire\/toutes-les-actualites\/affaire-cndh-12-056-detenus-non-juges-dementi-de-ladministration-penitentiaire-et-explications#primaryimage\"},\"thumbnailUrl\":\"https:\/\/static.africa-press.net\/cote\/sites\/43\/2024\/09\/sm_1726313432.626045.jpg\",\"datePublished\":\"2024-09-14T14:12:21+00:00\",\"dateModified\":\"2024-09-14T15:00:51+00:00\",\"author\":{\"@id\":\"https:\/\/www.africa-press.net\/cotedivoire\/#\/schema\/person\/2b1cf3cd81a31e3cd26889ca66d677f1\"},\"description\":\"Comme rapporte\u0301 ce jour sur KOACI, le 12 septembre 2024, lors d\u2019une rencontre avec des membres du Corps diplomatique, la ...\",\"breadcrumb\":{\"@id\":\"https:\/\/www.africa-press.net\/cotedivoire\/toutes-les-actualites\/affaire-cndh-12-056-detenus-non-juges-dementi-de-ladministration-penitentiaire-et-explications#breadcrumb\"},\"inLanguage\":\"fr-FR\",\"potentialAction\":[{\"@type\":\"ReadAction\",\"target\":[\"https:\/\/www.africa-press.net\/cotedivoire\/toutes-les-actualites\/affaire-cndh-12-056-detenus-non-juges-dementi-de-ladministration-penitentiaire-et-explications\"]}]},{\"@type\":\"ImageObject\",\"inLanguage\":\"fr-FR\",\"@id\":\"https:\/\/www.africa-press.net\/cotedivoire\/toutes-les-actualites\/affaire-cndh-12-056-detenus-non-juges-dementi-de-ladministration-penitentiaire-et-explications#primaryimage\",\"url\":\"https:\/\/static.africa-press.net\/cote\/sites\/43\/2024\/09\/sm_1726313432.626045.jpg\",\"contentUrl\":\"https:\/\/static.africa-press.net\/cote\/sites\/43\/2024\/09\/sm_1726313432.626045.jpg\",\"width\":720,\"height\":360,\"caption\":\"Affaire CNDH 12 056 d\u00e9tenus non jug\u00e9s, d\u00e9menti de l'administration p\u00e9nitentiaire et explications\"},{\"@type\":\"BreadcrumbList\",\"@id\":\"https:\/\/www.africa-press.net\/cotedivoire\/toutes-les-actualites\/affaire-cndh-12-056-detenus-non-juges-dementi-de-ladministration-penitentiaire-et-explications#breadcrumb\",\"itemListElement\":[{\"@type\":\"ListItem\",\"position\":1,\"name\":\"Accueil\",\"item\":\"https:\/\/www.africa-press.net\/cotedivoire\/\"},{\"@type\":\"ListItem\",\"position\":2,\"name\":\"Affaire CNDH 12 056 d\u00e9tenus non jug\u00e9s, d\u00e9menti de l&#8217;administration p\u00e9nitentiaire et explications\"}]},{\"@type\":\"WebSite\",\"@id\":\"https:\/\/www.africa-press.net\/cotedivoire\/#website\",\"url\":\"https:\/\/www.africa-press.net\/cotedivoire\/\",\"name\":\"C\u00f4te d&#039;Ivoire\",\"description\":\"Just another Africa News Agency Sites site\",\"potentialAction\":[{\"@type\":\"SearchAction\",\"target\":{\"@type\":\"EntryPoint\",\"urlTemplate\":\"https:\/\/www.africa-press.net\/cotedivoire\/?s={search_term_string}\"},\"query-input\":{\"@type\":\"PropertyValueSpecification\",\"valueRequired\":true,\"valueName\":\"search_term_string\"}}],\"inLanguage\":\"fr-FR\"},{\"@type\":\"Person\",\"@id\":\"https:\/\/www.africa-press.net\/cotedivoire\/#\/schema\/person\/2b1cf3cd81a31e3cd26889ca66d677f1\",\"name\":\"cfeditorfr\"}]}<\/script>\n<!-- \/ Yoast SEO Premium plugin. -->","yoast_head_json":{"title":"Affaire CNDH 12 056 d\u00e9tenus non jug\u00e9s, d\u00e9menti de l'administration p\u00e9nitentiaire et explications - C\u00f4te d&#039;Ivoire","description":"Comme rapporte\u0301 ce jour sur KOACI, le 12 septembre 2024, lors d\u2019une rencontre avec des membres du Corps diplomatique, la ...","robots":{"index":"index","follow":"follow","max-snippet":"max-snippet:-1","max-image-preview":"max-image-preview:large","max-video-preview":"max-video-preview:-1"},"canonical":"https:\/\/www.africa-press.net\/cotedivoire\/toutes-les-actualites\/affaire-cndh-12-056-detenus-non-juges-dementi-de-ladministration-penitentiaire-et-explications","og_locale":"fr_FR","og_type":"article","og_title":"Affaire CNDH 12 056 d\u00e9tenus non jug\u00e9s, d\u00e9menti de l'administration p\u00e9nitentiaire et explications","og_description":"Comme rapporte\u0301 ce jour sur KOACI, le 12 septembre 2024, lors d\u2019une rencontre avec des membres du Corps diplomatique, la ...","og_url":"https:\/\/www.africa-press.net\/cotedivoire\/toutes-les-actualites\/affaire-cndh-12-056-detenus-non-juges-dementi-de-ladministration-penitentiaire-et-explications","og_site_name":"C\u00f4te d&#039;Ivoire","article_published_time":"2024-09-14T14:12:21+00:00","article_modified_time":"2024-09-14T15:00:51+00:00","og_image":[{"width":720,"height":360,"url":"https:\/\/static.africa-press.net\/cote\/sites\/43\/2024\/09\/sm_1726313432.626045.jpg","type":"image\/jpeg"}],"author":"cfeditorfr","twitter_card":"summary_large_image","twitter_misc":{"\u00c9crit par":"cfeditorfr","Dur\u00e9e de lecture estim\u00e9e":"3 minutes"},"schema":{"@context":"https:\/\/schema.org","@graph":[{"@type":"Article","@id":"https:\/\/www.africa-press.net\/cotedivoire\/toutes-les-actualites\/affaire-cndh-12-056-detenus-non-juges-dementi-de-ladministration-penitentiaire-et-explications#article","isPartOf":{"@id":"https:\/\/www.africa-press.net\/cotedivoire\/toutes-les-actualites\/affaire-cndh-12-056-detenus-non-juges-dementi-de-ladministration-penitentiaire-et-explications"},"author":{"name":"cfeditorfr","@id":"https:\/\/www.africa-press.net\/cotedivoire\/#\/schema\/person\/2b1cf3cd81a31e3cd26889ca66d677f1"},"headline":"Affaire CNDH 12 056 d\u00e9tenus non jug\u00e9s, d\u00e9menti de l&rsquo;administration p\u00e9nitentiaire et explications","datePublished":"2024-09-14T14:12:21+00:00","dateModified":"2024-09-14T15:00:51+00:00","mainEntityOfPage":{"@id":"https:\/\/www.africa-press.net\/cotedivoire\/toutes-les-actualites\/affaire-cndh-12-056-detenus-non-juges-dementi-de-ladministration-penitentiaire-et-explications"},"wordCount":574,"commentCount":0,"image":{"@id":"https:\/\/www.africa-press.net\/cotedivoire\/toutes-les-actualites\/affaire-cndh-12-056-detenus-non-juges-dementi-de-ladministration-penitentiaire-et-explications#primaryimage"},"thumbnailUrl":"https:\/\/static.africa-press.net\/cote\/sites\/43\/2024\/09\/sm_1726313432.626045.jpg","keywords":["C\u00e9lestin Doheuly Kamin","CNDH","C\u00d4TE D'IVOIRE"],"articleSection":["Communaut\u00e9","Toutes les actualit\u00e9s"],"inLanguage":"fr-FR","potentialAction":[{"@type":"CommentAction","name":"Comment","target":["https:\/\/www.africa-press.net\/cotedivoire\/toutes-les-actualites\/affaire-cndh-12-056-detenus-non-juges-dementi-de-ladministration-penitentiaire-et-explications#respond"]}]},{"@type":"WebPage","@id":"https:\/\/www.africa-press.net\/cotedivoire\/toutes-les-actualites\/affaire-cndh-12-056-detenus-non-juges-dementi-de-ladministration-penitentiaire-et-explications","url":"https:\/\/www.africa-press.net\/cotedivoire\/toutes-les-actualites\/affaire-cndh-12-056-detenus-non-juges-dementi-de-ladministration-penitentiaire-et-explications","name":"Affaire CNDH 12 056 d\u00e9tenus non jug\u00e9s, d\u00e9menti de l'administration p\u00e9nitentiaire et explications - C\u00f4te d&#039;Ivoire","isPartOf":{"@id":"https:\/\/www.africa-press.net\/cotedivoire\/#website"},"primaryImageOfPage":{"@id":"https:\/\/www.africa-press.net\/cotedivoire\/toutes-les-actualites\/affaire-cndh-12-056-detenus-non-juges-dementi-de-ladministration-penitentiaire-et-explications#primaryimage"},"image":{"@id":"https:\/\/www.africa-press.net\/cotedivoire\/toutes-les-actualites\/affaire-cndh-12-056-detenus-non-juges-dementi-de-ladministration-penitentiaire-et-explications#primaryimage"},"thumbnailUrl":"https:\/\/static.africa-press.net\/cote\/sites\/43\/2024\/09\/sm_1726313432.626045.jpg","datePublished":"2024-09-14T14:12:21+00:00","dateModified":"2024-09-14T15:00:51+00:00","author":{"@id":"https:\/\/www.africa-press.net\/cotedivoire\/#\/schema\/person\/2b1cf3cd81a31e3cd26889ca66d677f1"},"description":"Comme rapporte\u0301 ce jour sur KOACI, le 12 septembre 2024, lors d\u2019une rencontre avec des membres du Corps diplomatique, la ...","breadcrumb":{"@id":"https:\/\/www.africa-press.net\/cotedivoire\/toutes-les-actualites\/affaire-cndh-12-056-detenus-non-juges-dementi-de-ladministration-penitentiaire-et-explications#breadcrumb"},"inLanguage":"fr-FR","potentialAction":[{"@type":"ReadAction","target":["https:\/\/www.africa-press.net\/cotedivoire\/toutes-les-actualites\/affaire-cndh-12-056-detenus-non-juges-dementi-de-ladministration-penitentiaire-et-explications"]}]},{"@type":"ImageObject","inLanguage":"fr-FR","@id":"https:\/\/www.africa-press.net\/cotedivoire\/toutes-les-actualites\/affaire-cndh-12-056-detenus-non-juges-dementi-de-ladministration-penitentiaire-et-explications#primaryimage","url":"https:\/\/static.africa-press.net\/cote\/sites\/43\/2024\/09\/sm_1726313432.626045.jpg","contentUrl":"https:\/\/static.africa-press.net\/cote\/sites\/43\/2024\/09\/sm_1726313432.626045.jpg","width":720,"height":360,"caption":"Affaire CNDH 12 056 d\u00e9tenus non jug\u00e9s, d\u00e9menti de l'administration p\u00e9nitentiaire et explications"},{"@type":"BreadcrumbList","@id":"https:\/\/www.africa-press.net\/cotedivoire\/toutes-les-actualites\/affaire-cndh-12-056-detenus-non-juges-dementi-de-ladministration-penitentiaire-et-explications#breadcrumb","itemListElement":[{"@type":"ListItem","position":1,"name":"Accueil","item":"https:\/\/www.africa-press.net\/cotedivoire\/"},{"@type":"ListItem","position":2,"name":"Affaire CNDH 12 056 d\u00e9tenus non jug\u00e9s, d\u00e9menti de l&#8217;administration p\u00e9nitentiaire et explications"}]},{"@type":"WebSite","@id":"https:\/\/www.africa-press.net\/cotedivoire\/#website","url":"https:\/\/www.africa-press.net\/cotedivoire\/","name":"C\u00f4te d&#039;Ivoire","description":"Just another Africa News Agency Sites site","potentialAction":[{"@type":"SearchAction","target":{"@type":"EntryPoint","urlTemplate":"https:\/\/www.africa-press.net\/cotedivoire\/?s={search_term_string}"},"query-input":{"@type":"PropertyValueSpecification","valueRequired":true,"valueName":"search_term_string"}}],"inLanguage":"fr-FR"},{"@type":"Person","@id":"https:\/\/www.africa-press.net\/cotedivoire\/#\/schema\/person\/2b1cf3cd81a31e3cd26889ca66d677f1","name":"cfeditorfr"}]}},"_links":{"self":[{"href":"https:\/\/www.africa-press.net\/cotedivoire\/wp-json\/wp\/v2\/posts\/87097","targetHints":{"allow":["GET"]}}],"collection":[{"href":"https:\/\/www.africa-press.net\/cotedivoire\/wp-json\/wp\/v2\/posts"}],"about":[{"href":"https:\/\/www.africa-press.net\/cotedivoire\/wp-json\/wp\/v2\/types\/post"}],"author":[{"embeddable":true,"href":"https:\/\/www.africa-press.net\/cotedivoire\/wp-json\/wp\/v2\/users\/82"}],"replies":[{"embeddable":true,"href":"https:\/\/www.africa-press.net\/cotedivoire\/wp-json\/wp\/v2\/comments?post=87097"}],"version-history":[{"count":0,"href":"https:\/\/www.africa-press.net\/cotedivoire\/wp-json\/wp\/v2\/posts\/87097\/revisions"}],"wp:featuredmedia":[{"embeddable":true,"href":"https:\/\/www.africa-press.net\/cotedivoire\/wp-json\/wp\/v2\/media\/87096"}],"wp:attachment":[{"href":"https:\/\/www.africa-press.net\/cotedivoire\/wp-json\/wp\/v2\/media?parent=87097"}],"wp:term":[{"taxonomy":"category","embeddable":true,"href":"https:\/\/www.africa-press.net\/cotedivoire\/wp-json\/wp\/v2\/categories?post=87097"},{"taxonomy":"post_tag","embeddable":true,"href":"https:\/\/www.africa-press.net\/cotedivoire\/wp-json\/wp\/v2\/tags?post=87097"}],"curies":[{"name":"wp","href":"https:\/\/api.w.org\/{rel}","templated":true}]}}