{"id":8712,"date":"2021-06-09T13:54:52","date_gmt":"2021-06-09T13:54:52","guid":{"rendered":"https:\/\/www.africa-press.net\/cotedivoire\/?p=8712"},"modified":"2021-06-09T20:15:22","modified_gmt":"2021-06-09T20:15:22","slug":"les-travaux-de-lechangeur-du-carrefour-solibra-reprennent-a-abidjan","status":"publish","type":"post","link":"https:\/\/www.africa-press.net\/cotedivoire\/toutes-les-actualites\/les-travaux-de-lechangeur-du-carrefour-solibra-reprennent-a-abidjan","title":{"rendered":"Les travaux de l\u2019\u00e9changeur du carrefour solibra reprennent \u00e0 Abidjan"},"content":{"rendered":"<p><span style=\"color: #ff6600\"><strong><a href=\"https:\/\/www.africa-press.net\/\">Africa-Press<\/a> &#8211; <a href=\"https:\/\/www.africa-press.net\/cotedivoire\">C\u00f4te d&rsquo;Ivoire<\/a>.\u00a0 <\/strong><\/span>Apr\u00e8s quelques mois de pause, les travaux de construction de l\u2019\u00e9changeur du carrefour Solibra, \u00e0 Marcory, reprennent. Officiellement, ils ont d\u00e9marr\u00e9 depuis le 1er mars 2021 et se poursuivront jusqu\u2019au 31 Ao\u00fbt 2023. Soit 30 mois de travaux.<\/p>\n<p>En attendant la phase pratique de cette seconde phase du projet, pr\u00e9vue dans quelques jours, l\u2019Ageroute a initi\u00e9, le 8 juin, une rencontre d\u2019information et d\u2019\u00e9changes avec les personnes impact\u00e9es par les travaux, afin que celles-ci prennent les dispositions utiles pour \u00e9viter tout incident ou d\u00e9sagr\u00e9ment.<\/p>\n<p>La rencontre s\u2019est tenue au foyer des jeunes de Marcory, en pr\u00e9sence du maire r\u00e9sident de la commune, Kassi Ettien Christian, de plusieurs responsables d\u2019entreprises exer\u00e7ant \u00e0 proximit\u00e9 du chantier, de quelques transporteurs et habitants de la commune.<\/p>\n<p>A l\u2019occasion, le directeur de l\u2019Etude routi\u00e8re et des ouvrages \u00e0 l\u2019Ageroute, Herv\u00e9 Koudou, a annonc\u00e9 que ces travaux perturberont \u00e0 coup s\u00fbr, la circulation ainsi que le travail dans les entreprises exer\u00e7ant dans les environs. Mais une fois achev\u00e9, cet \u00e9changeur permettra d\u2019am\u00e9liorer consid\u00e9rablement, la qualit\u00e9 du trafic \u00e0 Abidjan. C\u2019est pourquoi il a appel\u00e9 \u00e0 l\u2019indulgence, \u00e0 la patience et \u00e0 la coop\u00e9ration des uns et des autres.<\/p>\n<p>Il a aussi rappel\u00e9 que cet \u00e9changeur, d\u2019un co\u00fbt global de 28 milliards Fcfa, est un don du Japon. D\u00e9nomm\u00e9 \u2018\u2019\u00e9changeur de l\u2019Amiti\u00e9 ivoiro-japonaise\u2019\u2019, il est financ\u00e9 \u00e0 hauteur de 25,2 Milliards par l\u2019Agence japonaise de coop\u00e9ration internationale (JICA). L\u2019Etat ivoirien supporte, quant \u00e0 lui, l\u2019assistance technique du Bnetd et la prestation de l\u2019Ageroute, pour un co\u00fbt estim\u00e9 \u00e0 environ 3 milliards de Fcfa.<\/p>\n<p>Pour sa part, Tetsuro Izana, chef d\u2019\u00e9quipe de la soci\u00e9t\u00e9 japonaise OCG, le ma\u00eetre d\u2019\u0153uvre, a indiqu\u00e9 que cette seconde phase des travaux consistera en la construction d\u2019un autre pont en b\u00e9ton, d\u2019une longueur de 760 m\u00e8tres pour une largeur de 9,7 m\u00e8tres et une hauteur maximale de 17 m\u00e8tres sur le VGE.<\/p>\n<p>&nbsp;<\/p>\n","protected":false},"excerpt":{"rendered":"<p>Africa-Press &#8211; C\u00f4te d&rsquo;Ivoire.\u00a0 Apr\u00e8s quelques mois de pause, les travaux de construction de l\u2019\u00e9changeur du carrefour Solibra, \u00e0 Marcory, reprennent. Officiellement, ils ont d\u00e9marr\u00e9 depuis le 1er mars 2021 et se poursuivront jusqu\u2019au 31 Ao\u00fbt 2023. Soit 30 mois de travaux. En attendant la phase pratique de cette seconde phase du projet, pr\u00e9vue dans [&hellip;]<\/p>\n","protected":false},"author":82,"featured_media":8711,"comment_status":"open","ping_status":"closed","sticky":false,"template":"","format":"standard","meta":{"footnotes":""},"categories":[21,11,10],"tags":[56,63,29],"class_list":["post-8712","post","type-post","status-publish","format-standard","has-post-thumbnail","hentry","category-communaute","category-homepage-french","category-toutes-les-actualites","tag-africa-press","tag-africa-press-cote-divoire","tag-cote-divoire"],"yoast_head":"<!-- This site is optimized with the Yoast SEO Premium plugin v26.1 (Yoast SEO v27.0) - https:\/\/yoast.com\/product\/yoast-seo-premium-wordpress\/ -->\n<title>Les travaux de l\u2019\u00e9changeur du carrefour solibra reprennent \u00e0 Abidjan - C\u00f4te d&#039;Ivoire<\/title>\n<meta name=\"description\" content=\"Par Casimir Djezou Apr\u00e8s quelques mois de pause, les travaux de construction de l\u2019\u00e9changeur du carrefour Solibra, \u00e0 Mar ...\" \/>\n<meta name=\"robots\" content=\"index, follow, max-snippet:-1, max-image-preview:large, max-video-preview:-1\" \/>\n<link rel=\"canonical\" href=\"https:\/\/www.africa-press.net\/cotedivoire\/toutes-les-actualites\/les-travaux-de-lechangeur-du-carrefour-solibra-reprennent-a-abidjan\" \/>\n<meta property=\"og:locale\" content=\"fr_FR\" \/>\n<meta property=\"og:type\" content=\"article\" \/>\n<meta property=\"og:title\" content=\"Les travaux de l\u2019\u00e9changeur du carrefour solibra reprennent \u00e0 Abidjan\" \/>\n<meta property=\"og:description\" content=\"Par Casimir Djezou Apr\u00e8s quelques mois de pause, les travaux de construction de l\u2019\u00e9changeur du carrefour Solibra, \u00e0 Mar ...\" \/>\n<meta property=\"og:url\" content=\"https:\/\/www.africa-press.net\/cotedivoire\/toutes-les-actualites\/les-travaux-de-lechangeur-du-carrefour-solibra-reprennent-a-abidjan\" \/>\n<meta property=\"og:site_name\" content=\"C\u00f4te d&#039;Ivoire\" \/>\n<meta property=\"article:published_time\" content=\"2021-06-09T13:54:52+00:00\" \/>\n<meta property=\"article:modified_time\" content=\"2021-06-09T20:15:22+00:00\" \/>\n<meta property=\"og:image\" content=\"https:\/\/static.africa-press.net\/cote\/sites\/43\/2021\/06\/img-60c0beb32094c.jpg\" \/>\n\t<meta property=\"og:image:width\" content=\"720\" \/>\n\t<meta property=\"og:image:height\" content=\"522\" \/>\n\t<meta property=\"og:image:type\" content=\"image\/jpeg\" \/>\n<meta name=\"author\" content=\"cfeditorfr\" \/>\n<meta name=\"twitter:card\" content=\"summary_large_image\" \/>\n<meta name=\"twitter:label1\" content=\"\u00c9crit par\" \/>\n\t<meta name=\"twitter:data1\" content=\"cfeditorfr\" \/>\n\t<meta name=\"twitter:label2\" content=\"Dur\u00e9e de lecture estim\u00e9e\" \/>\n\t<meta name=\"twitter:data2\" content=\"2 minutes\" \/>\n<script type=\"application\/ld+json\" class=\"yoast-schema-graph\">{\"@context\":\"https:\/\/schema.org\",\"@graph\":[{\"@type\":\"Article\",\"@id\":\"https:\/\/www.africa-press.net\/cotedivoire\/toutes-les-actualites\/les-travaux-de-lechangeur-du-carrefour-solibra-reprennent-a-abidjan#article\",\"isPartOf\":{\"@id\":\"https:\/\/www.africa-press.net\/cotedivoire\/toutes-les-actualites\/les-travaux-de-lechangeur-du-carrefour-solibra-reprennent-a-abidjan\"},\"author\":{\"name\":\"cfeditorfr\",\"@id\":\"https:\/\/www.africa-press.net\/cotedivoire\/#\/schema\/person\/2b1cf3cd81a31e3cd26889ca66d677f1\"},\"headline\":\"Les travaux de l\u2019\u00e9changeur du carrefour solibra reprennent \u00e0 Abidjan\",\"datePublished\":\"2021-06-09T13:54:52+00:00\",\"dateModified\":\"2021-06-09T20:15:22+00:00\",\"mainEntityOfPage\":{\"@id\":\"https:\/\/www.africa-press.net\/cotedivoire\/toutes-les-actualites\/les-travaux-de-lechangeur-du-carrefour-solibra-reprennent-a-abidjan\"},\"wordCount\":353,\"commentCount\":0,\"image\":{\"@id\":\"https:\/\/www.africa-press.net\/cotedivoire\/toutes-les-actualites\/les-travaux-de-lechangeur-du-carrefour-solibra-reprennent-a-abidjan#primaryimage\"},\"thumbnailUrl\":\"https:\/\/static.africa-press.net\/cote\/sites\/43\/2021\/06\/img-60c0beb32094c.jpg\",\"keywords\":[\"Africa Press\",\"Africa Press-C\u00f4te d'Ivoire\",\"C\u00d4TE D'IVOIRE\"],\"articleSection\":[\"Communaut\u00e9\",\"homepage-french\",\"Toutes les actualit\u00e9s\"],\"inLanguage\":\"fr-FR\",\"potentialAction\":[{\"@type\":\"CommentAction\",\"name\":\"Comment\",\"target\":[\"https:\/\/www.africa-press.net\/cotedivoire\/toutes-les-actualites\/les-travaux-de-lechangeur-du-carrefour-solibra-reprennent-a-abidjan#respond\"]}]},{\"@type\":\"WebPage\",\"@id\":\"https:\/\/www.africa-press.net\/cotedivoire\/toutes-les-actualites\/les-travaux-de-lechangeur-du-carrefour-solibra-reprennent-a-abidjan\",\"url\":\"https:\/\/www.africa-press.net\/cotedivoire\/toutes-les-actualites\/les-travaux-de-lechangeur-du-carrefour-solibra-reprennent-a-abidjan\",\"name\":\"Les travaux de l\u2019\u00e9changeur du carrefour solibra reprennent \u00e0 Abidjan - C\u00f4te d&#039;Ivoire\",\"isPartOf\":{\"@id\":\"https:\/\/www.africa-press.net\/cotedivoire\/#website\"},\"primaryImageOfPage\":{\"@id\":\"https:\/\/www.africa-press.net\/cotedivoire\/toutes-les-actualites\/les-travaux-de-lechangeur-du-carrefour-solibra-reprennent-a-abidjan#primaryimage\"},\"image\":{\"@id\":\"https:\/\/www.africa-press.net\/cotedivoire\/toutes-les-actualites\/les-travaux-de-lechangeur-du-carrefour-solibra-reprennent-a-abidjan#primaryimage\"},\"thumbnailUrl\":\"https:\/\/static.africa-press.net\/cote\/sites\/43\/2021\/06\/img-60c0beb32094c.jpg\",\"datePublished\":\"2021-06-09T13:54:52+00:00\",\"dateModified\":\"2021-06-09T20:15:22+00:00\",\"author\":{\"@id\":\"https:\/\/www.africa-press.net\/cotedivoire\/#\/schema\/person\/2b1cf3cd81a31e3cd26889ca66d677f1\"},\"description\":\"Par Casimir Djezou Apr\u00e8s quelques mois de pause, les travaux de construction de l\u2019\u00e9changeur du carrefour Solibra, \u00e0 Mar ...\",\"breadcrumb\":{\"@id\":\"https:\/\/www.africa-press.net\/cotedivoire\/toutes-les-actualites\/les-travaux-de-lechangeur-du-carrefour-solibra-reprennent-a-abidjan#breadcrumb\"},\"inLanguage\":\"fr-FR\",\"potentialAction\":[{\"@type\":\"ReadAction\",\"target\":[\"https:\/\/www.africa-press.net\/cotedivoire\/toutes-les-actualites\/les-travaux-de-lechangeur-du-carrefour-solibra-reprennent-a-abidjan\"]}]},{\"@type\":\"ImageObject\",\"inLanguage\":\"fr-FR\",\"@id\":\"https:\/\/www.africa-press.net\/cotedivoire\/toutes-les-actualites\/les-travaux-de-lechangeur-du-carrefour-solibra-reprennent-a-abidjan#primaryimage\",\"url\":\"https:\/\/static.africa-press.net\/cote\/sites\/43\/2021\/06\/img-60c0beb32094c.jpg\",\"contentUrl\":\"https:\/\/static.africa-press.net\/cote\/sites\/43\/2021\/06\/img-60c0beb32094c.jpg\",\"width\":720,\"height\":522,\"caption\":\"Les travaux de l\u2019\u00e9changeur du carrefour solibra reprennent \u00e0 Abidjan\"},{\"@type\":\"BreadcrumbList\",\"@id\":\"https:\/\/www.africa-press.net\/cotedivoire\/toutes-les-actualites\/les-travaux-de-lechangeur-du-carrefour-solibra-reprennent-a-abidjan#breadcrumb\",\"itemListElement\":[{\"@type\":\"ListItem\",\"position\":1,\"name\":\"Accueil\",\"item\":\"https:\/\/www.africa-press.net\/cotedivoire\/\"},{\"@type\":\"ListItem\",\"position\":2,\"name\":\"Les travaux de l\u2019\u00e9changeur du carrefour solibra reprennent \u00e0 Abidjan\"}]},{\"@type\":\"WebSite\",\"@id\":\"https:\/\/www.africa-press.net\/cotedivoire\/#website\",\"url\":\"https:\/\/www.africa-press.net\/cotedivoire\/\",\"name\":\"C\u00f4te d&#039;Ivoire\",\"description\":\"Just another Africa News Agency Sites site\",\"potentialAction\":[{\"@type\":\"SearchAction\",\"target\":{\"@type\":\"EntryPoint\",\"urlTemplate\":\"https:\/\/www.africa-press.net\/cotedivoire\/?s={search_term_string}\"},\"query-input\":{\"@type\":\"PropertyValueSpecification\",\"valueRequired\":true,\"valueName\":\"search_term_string\"}}],\"inLanguage\":\"fr-FR\"},{\"@type\":\"Person\",\"@id\":\"https:\/\/www.africa-press.net\/cotedivoire\/#\/schema\/person\/2b1cf3cd81a31e3cd26889ca66d677f1\",\"name\":\"cfeditorfr\"}]}<\/script>\n<!-- \/ Yoast SEO Premium plugin. -->","yoast_head_json":{"title":"Les travaux de l\u2019\u00e9changeur du carrefour solibra reprennent \u00e0 Abidjan - C\u00f4te d&#039;Ivoire","description":"Par Casimir Djezou Apr\u00e8s quelques mois de pause, les travaux de construction de l\u2019\u00e9changeur du carrefour Solibra, \u00e0 Mar ...","robots":{"index":"index","follow":"follow","max-snippet":"max-snippet:-1","max-image-preview":"max-image-preview:large","max-video-preview":"max-video-preview:-1"},"canonical":"https:\/\/www.africa-press.net\/cotedivoire\/toutes-les-actualites\/les-travaux-de-lechangeur-du-carrefour-solibra-reprennent-a-abidjan","og_locale":"fr_FR","og_type":"article","og_title":"Les travaux de l\u2019\u00e9changeur du carrefour solibra reprennent \u00e0 Abidjan","og_description":"Par Casimir Djezou Apr\u00e8s quelques mois de pause, les travaux de construction de l\u2019\u00e9changeur du carrefour Solibra, \u00e0 Mar ...","og_url":"https:\/\/www.africa-press.net\/cotedivoire\/toutes-les-actualites\/les-travaux-de-lechangeur-du-carrefour-solibra-reprennent-a-abidjan","og_site_name":"C\u00f4te d&#039;Ivoire","article_published_time":"2021-06-09T13:54:52+00:00","article_modified_time":"2021-06-09T20:15:22+00:00","og_image":[{"width":720,"height":522,"url":"https:\/\/static.africa-press.net\/cote\/sites\/43\/2021\/06\/img-60c0beb32094c.jpg","type":"image\/jpeg"}],"author":"cfeditorfr","twitter_card":"summary_large_image","twitter_misc":{"\u00c9crit par":"cfeditorfr","Dur\u00e9e de lecture estim\u00e9e":"2 minutes"},"schema":{"@context":"https:\/\/schema.org","@graph":[{"@type":"Article","@id":"https:\/\/www.africa-press.net\/cotedivoire\/toutes-les-actualites\/les-travaux-de-lechangeur-du-carrefour-solibra-reprennent-a-abidjan#article","isPartOf":{"@id":"https:\/\/www.africa-press.net\/cotedivoire\/toutes-les-actualites\/les-travaux-de-lechangeur-du-carrefour-solibra-reprennent-a-abidjan"},"author":{"name":"cfeditorfr","@id":"https:\/\/www.africa-press.net\/cotedivoire\/#\/schema\/person\/2b1cf3cd81a31e3cd26889ca66d677f1"},"headline":"Les travaux de l\u2019\u00e9changeur du carrefour solibra reprennent \u00e0 Abidjan","datePublished":"2021-06-09T13:54:52+00:00","dateModified":"2021-06-09T20:15:22+00:00","mainEntityOfPage":{"@id":"https:\/\/www.africa-press.net\/cotedivoire\/toutes-les-actualites\/les-travaux-de-lechangeur-du-carrefour-solibra-reprennent-a-abidjan"},"wordCount":353,"commentCount":0,"image":{"@id":"https:\/\/www.africa-press.net\/cotedivoire\/toutes-les-actualites\/les-travaux-de-lechangeur-du-carrefour-solibra-reprennent-a-abidjan#primaryimage"},"thumbnailUrl":"https:\/\/static.africa-press.net\/cote\/sites\/43\/2021\/06\/img-60c0beb32094c.jpg","keywords":["Africa Press","Africa Press-C\u00f4te d'Ivoire","C\u00d4TE D'IVOIRE"],"articleSection":["Communaut\u00e9","homepage-french","Toutes les actualit\u00e9s"],"inLanguage":"fr-FR","potentialAction":[{"@type":"CommentAction","name":"Comment","target":["https:\/\/www.africa-press.net\/cotedivoire\/toutes-les-actualites\/les-travaux-de-lechangeur-du-carrefour-solibra-reprennent-a-abidjan#respond"]}]},{"@type":"WebPage","@id":"https:\/\/www.africa-press.net\/cotedivoire\/toutes-les-actualites\/les-travaux-de-lechangeur-du-carrefour-solibra-reprennent-a-abidjan","url":"https:\/\/www.africa-press.net\/cotedivoire\/toutes-les-actualites\/les-travaux-de-lechangeur-du-carrefour-solibra-reprennent-a-abidjan","name":"Les travaux de l\u2019\u00e9changeur du carrefour solibra reprennent \u00e0 Abidjan - C\u00f4te d&#039;Ivoire","isPartOf":{"@id":"https:\/\/www.africa-press.net\/cotedivoire\/#website"},"primaryImageOfPage":{"@id":"https:\/\/www.africa-press.net\/cotedivoire\/toutes-les-actualites\/les-travaux-de-lechangeur-du-carrefour-solibra-reprennent-a-abidjan#primaryimage"},"image":{"@id":"https:\/\/www.africa-press.net\/cotedivoire\/toutes-les-actualites\/les-travaux-de-lechangeur-du-carrefour-solibra-reprennent-a-abidjan#primaryimage"},"thumbnailUrl":"https:\/\/static.africa-press.net\/cote\/sites\/43\/2021\/06\/img-60c0beb32094c.jpg","datePublished":"2021-06-09T13:54:52+00:00","dateModified":"2021-06-09T20:15:22+00:00","author":{"@id":"https:\/\/www.africa-press.net\/cotedivoire\/#\/schema\/person\/2b1cf3cd81a31e3cd26889ca66d677f1"},"description":"Par Casimir Djezou Apr\u00e8s quelques mois de pause, les travaux de construction de l\u2019\u00e9changeur du carrefour Solibra, \u00e0 Mar ...","breadcrumb":{"@id":"https:\/\/www.africa-press.net\/cotedivoire\/toutes-les-actualites\/les-travaux-de-lechangeur-du-carrefour-solibra-reprennent-a-abidjan#breadcrumb"},"inLanguage":"fr-FR","potentialAction":[{"@type":"ReadAction","target":["https:\/\/www.africa-press.net\/cotedivoire\/toutes-les-actualites\/les-travaux-de-lechangeur-du-carrefour-solibra-reprennent-a-abidjan"]}]},{"@type":"ImageObject","inLanguage":"fr-FR","@id":"https:\/\/www.africa-press.net\/cotedivoire\/toutes-les-actualites\/les-travaux-de-lechangeur-du-carrefour-solibra-reprennent-a-abidjan#primaryimage","url":"https:\/\/static.africa-press.net\/cote\/sites\/43\/2021\/06\/img-60c0beb32094c.jpg","contentUrl":"https:\/\/static.africa-press.net\/cote\/sites\/43\/2021\/06\/img-60c0beb32094c.jpg","width":720,"height":522,"caption":"Les travaux de l\u2019\u00e9changeur du carrefour solibra reprennent \u00e0 Abidjan"},{"@type":"BreadcrumbList","@id":"https:\/\/www.africa-press.net\/cotedivoire\/toutes-les-actualites\/les-travaux-de-lechangeur-du-carrefour-solibra-reprennent-a-abidjan#breadcrumb","itemListElement":[{"@type":"ListItem","position":1,"name":"Accueil","item":"https:\/\/www.africa-press.net\/cotedivoire\/"},{"@type":"ListItem","position":2,"name":"Les travaux de l\u2019\u00e9changeur du carrefour solibra reprennent \u00e0 Abidjan"}]},{"@type":"WebSite","@id":"https:\/\/www.africa-press.net\/cotedivoire\/#website","url":"https:\/\/www.africa-press.net\/cotedivoire\/","name":"C\u00f4te d&#039;Ivoire","description":"Just another Africa News Agency Sites site","potentialAction":[{"@type":"SearchAction","target":{"@type":"EntryPoint","urlTemplate":"https:\/\/www.africa-press.net\/cotedivoire\/?s={search_term_string}"},"query-input":{"@type":"PropertyValueSpecification","valueRequired":true,"valueName":"search_term_string"}}],"inLanguage":"fr-FR"},{"@type":"Person","@id":"https:\/\/www.africa-press.net\/cotedivoire\/#\/schema\/person\/2b1cf3cd81a31e3cd26889ca66d677f1","name":"cfeditorfr"}]}},"_links":{"self":[{"href":"https:\/\/www.africa-press.net\/cotedivoire\/wp-json\/wp\/v2\/posts\/8712","targetHints":{"allow":["GET"]}}],"collection":[{"href":"https:\/\/www.africa-press.net\/cotedivoire\/wp-json\/wp\/v2\/posts"}],"about":[{"href":"https:\/\/www.africa-press.net\/cotedivoire\/wp-json\/wp\/v2\/types\/post"}],"author":[{"embeddable":true,"href":"https:\/\/www.africa-press.net\/cotedivoire\/wp-json\/wp\/v2\/users\/82"}],"replies":[{"embeddable":true,"href":"https:\/\/www.africa-press.net\/cotedivoire\/wp-json\/wp\/v2\/comments?post=8712"}],"version-history":[{"count":0,"href":"https:\/\/www.africa-press.net\/cotedivoire\/wp-json\/wp\/v2\/posts\/8712\/revisions"}],"wp:featuredmedia":[{"embeddable":true,"href":"https:\/\/www.africa-press.net\/cotedivoire\/wp-json\/wp\/v2\/media\/8711"}],"wp:attachment":[{"href":"https:\/\/www.africa-press.net\/cotedivoire\/wp-json\/wp\/v2\/media?parent=8712"}],"wp:term":[{"taxonomy":"category","embeddable":true,"href":"https:\/\/www.africa-press.net\/cotedivoire\/wp-json\/wp\/v2\/categories?post=8712"},{"taxonomy":"post_tag","embeddable":true,"href":"https:\/\/www.africa-press.net\/cotedivoire\/wp-json\/wp\/v2\/tags?post=8712"}],"curies":[{"name":"wp","href":"https:\/\/api.w.org\/{rel}","templated":true}]}}