{"id":8715,"date":"2021-06-09T14:02:55","date_gmt":"2021-06-09T14:02:55","guid":{"rendered":"https:\/\/www.africa-press.net\/cotedivoire\/?p=8715"},"modified":"2021-06-09T20:15:32","modified_gmt":"2021-06-09T20:15:32","slug":"cote-divoire-un-soldat-tue-dans-une-attaque-a-la-frontiere-du-burkina-faso","status":"publish","type":"post","link":"https:\/\/www.africa-press.net\/cotedivoire\/politique\/cote-divoire-un-soldat-tue-dans-une-attaque-a-la-frontiere-du-burkina-faso","title":{"rendered":"un soldat tu\u00e9 dans une attaque \u00e0 la fronti\u00e8re du Burkina Faso"},"content":{"rendered":"<p><span style=\"color: #ff6600\"><strong><a href=\"https:\/\/www.africa-press.net\/\">Africa-Press<\/a> &#8211; <a href=\"https:\/\/www.africa-press.net\/cotedivoire\">C\u00f4te d&rsquo;Ivoire<\/a>. <\/strong><\/span><b>Le nord de la C\u00f4te d&rsquo;Ivoire, frontalier du Burkina Faso, a \u00e9t\u00e9 la cible d&rsquo;une attaque de jihadistes pr\u00e9sum\u00e9s, durant laquelle un soldat ivoirien a \u00e9t\u00e9 tu\u00e9. Cette attaque est la troisi\u00e8me en un peu plus de deux mois commise dans cette r\u00e9gion en proie \u00e0 la violence jihadiste depuis 2015. Nous serons \u00e0 Abidjan dans ce journal.<\/b><\/p>\n<p>Le gouvernement burkinab\u00e8 a promis mardi que le massacre de plus de 130 personnes ce weekend dans le nord du pays, attaque la plus meurtri\u00e8re au Burkina Faso depuis le d\u00e9but des violences jihadistes en 2015, \u00ab\u00a0ne restera pas impunie\u00a0\u00bb. La France de son c\u00f4t\u00e9 a d\u00e9nonc\u00e9 mardi un \u00ab\u00a0carnage innommable, d&rsquo;une sauvagerie inou\u00efe\u00a0\u00bb et soulign\u00e9 que les op\u00e9rations antijihadistes se poursuivaient \u00ab\u00a0en ce moment m\u00eame\u00a0\u00bb dans la r\u00e9gion vis\u00e9e.<\/p>\n<p>Une centaine de personnes se sont r\u00e9unies \u00e0 Bamako, et un nombre \u00e9quivalent \u00e0 Paris, pour r\u00e9clamer la lib\u00e9ration du journaliste fran\u00e7ais Olivier Dubois, deux mois jour pour jour apr\u00e8s son enl\u00e8vement au Mali par un groupe jihadiste.<\/p>\n<p>Dans l&rsquo;Est de la R\u00e9publique d\u00e9mocratique du Congo, les milliers de d\u00e9plac\u00e9s qui ont fui Goma apr\u00e8s l&rsquo;\u00e9ruption du volcan Nyiragongo sont partag\u00e9s entre la joie du retour et la peur des lendemains incertains, \u00e0 l&rsquo;heure de monter dans les bus et les camions mis \u00e0 leur disposition pour rentrer chez eux. Reportage.<\/p>\n<p>En Guin\u00e9e, le pr\u00e9sident Alpha Cond\u00e9 exprime une volont\u00e9 d&rsquo;instaurer un \u00ab\u00a0dialogue\u00a0\u00bb entre acteurs institutionnels, politiques et sociaux. Une initiative qui intervient dans un climat politique encore crisp\u00e9 en raison notamment de l&rsquo;interpellation de pr\u00e8s de 400 opposants selon les ONG de d\u00e9fense des droits de l&rsquo;Homme, dont des proches de son principal opposant Cellou Dalein Diallo qui croupissent toujours dans les prisons du pays. Les explications de Malick Diakit\u00e9.<\/p>\n<p>Les \u00c9tats-Unis annoncent des sanctions cibl\u00e9es contre certains acteurs de la crise anglophone au Cameroun, dont une politique de restriction des visas pour les personnes soup\u00e7onn\u00e9es d&rsquo;entraver une r\u00e9solution pacifique de la crise qui d\u00e9chire les r\u00e9gions du sud-ouest et du nord-ouest du pays depuis octobre 2016.<\/p>\n<p>Enfin nous irons \u00e0 Alger pour \u00e9voquer la campagne de vaccination dans le pays. Plusieurs centres ont ouvert leurs portes et les soignants proposent de vacciner soit avec le s\u00e9rum chinois Sinopharm, soit avec le Britannique AstraZeneca. Une mesure accueillie plut\u00f4t positivement par la population alors que les services sanitaires constatent une augmentation des cas de Covid-19.<\/p>\n<p><span style=\"color: #ff6600\"><b>vid\u00e9o: <\/b><\/span><\/p>\n<p><iframe loading=\"lazy\" title=\"C\u00f4te d&#039;Ivoire: un soldat tu\u00e9 dans une attaque \u00e0 la fronti\u00e8re du Burkina Faso\" width=\"696\" height=\"392\" src=\"https:\/\/www.youtube.com\/embed\/k4INNwWXLKQ?feature=oembed\" frameborder=\"0\" allow=\"accelerometer; autoplay; clipboard-write; encrypted-media; gyroscope; picture-in-picture\" allowfullscreen><\/iframe><\/p>\n","protected":false},"excerpt":{"rendered":"<p>Africa-Press &#8211; C\u00f4te d&rsquo;Ivoire. Le nord de la C\u00f4te d&rsquo;Ivoire, frontalier du Burkina Faso, a \u00e9t\u00e9 la cible d&rsquo;une attaque de jihadistes pr\u00e9sum\u00e9s, durant laquelle un soldat ivoirien a \u00e9t\u00e9 tu\u00e9. Cette attaque est la troisi\u00e8me en un peu plus de deux mois commise dans cette r\u00e9gion en proie \u00e0 la violence jihadiste depuis 2015. [&hellip;]<\/p>\n","protected":false},"author":82,"featured_media":8714,"comment_status":"open","ping_status":"closed","sticky":false,"template":"","format":"standard","meta":{"footnotes":""},"categories":[11,2,20,10,9],"tags":[56,63,35,29,166],"class_list":["post-8715","post","type-post","status-publish","format-standard","has-post-thumbnail","hentry","category-homepage-french","category-politique","category-top-nouvelles","category-toutes-les-actualites","category-video","tag-africa-press","tag-africa-press-cote-divoire","tag-afrique","tag-cote-divoire","tag-terrorisme"],"yoast_head":"<!-- This site is optimized with the Yoast SEO Premium plugin v26.1 (Yoast SEO v27.0) - https:\/\/yoast.com\/product\/yoast-seo-premium-wordpress\/ -->\n<title>un soldat tu\u00e9 dans une attaque \u00e0 la fronti\u00e8re du Burkina Faso - C\u00f4te d&#039;Ivoire<\/title>\n<meta name=\"description\" content=\"Le nord de la C\u00f4te d&#039;Ivoire, frontalier du Burkina Faso, a \u00e9t\u00e9 la cible d&#039;une attaque de jihadistes pr\u00e9sum\u00e9s, durant ...\" \/>\n<meta name=\"robots\" content=\"index, follow, max-snippet:-1, max-image-preview:large, max-video-preview:-1\" \/>\n<link rel=\"canonical\" href=\"https:\/\/www.africa-press.net\/cotedivoire\/politique\/cote-divoire-un-soldat-tue-dans-une-attaque-a-la-frontiere-du-burkina-faso\" \/>\n<meta property=\"og:locale\" content=\"fr_FR\" \/>\n<meta property=\"og:type\" content=\"article\" \/>\n<meta property=\"og:title\" content=\"un soldat tu\u00e9 dans une attaque \u00e0 la fronti\u00e8re du Burkina Faso\" \/>\n<meta property=\"og:description\" content=\"Le nord de la C\u00f4te d&#039;Ivoire, frontalier du Burkina Faso, a \u00e9t\u00e9 la cible d&#039;une attaque de jihadistes pr\u00e9sum\u00e9s, durant ...\" \/>\n<meta property=\"og:url\" content=\"https:\/\/www.africa-press.net\/cotedivoire\/politique\/cote-divoire-un-soldat-tue-dans-une-attaque-a-la-frontiere-du-burkina-faso\" \/>\n<meta property=\"og:site_name\" content=\"C\u00f4te d&#039;Ivoire\" \/>\n<meta property=\"article:published_time\" content=\"2021-06-09T14:02:55+00:00\" \/>\n<meta property=\"article:modified_time\" content=\"2021-06-09T20:15:32+00:00\" \/>\n<meta property=\"og:image\" content=\"https:\/\/static.africa-press.net\/cote\/sites\/43\/2021\/06\/img-60c0bef517765.jpg\" \/>\n\t<meta property=\"og:image:width\" content=\"1920\" \/>\n\t<meta property=\"og:image:height\" content=\"1080\" \/>\n\t<meta property=\"og:image:type\" content=\"image\/jpeg\" \/>\n<meta name=\"author\" content=\"cfeditorfr\" \/>\n<meta name=\"twitter:card\" content=\"summary_large_image\" \/>\n<meta name=\"twitter:label1\" content=\"\u00c9crit par\" \/>\n\t<meta name=\"twitter:data1\" content=\"cfeditorfr\" \/>\n\t<meta name=\"twitter:label2\" content=\"Dur\u00e9e de lecture estim\u00e9e\" \/>\n\t<meta name=\"twitter:data2\" content=\"2 minutes\" \/>\n<script type=\"application\/ld+json\" class=\"yoast-schema-graph\">{\"@context\":\"https:\/\/schema.org\",\"@graph\":[{\"@type\":\"Article\",\"@id\":\"https:\/\/www.africa-press.net\/cotedivoire\/politique\/cote-divoire-un-soldat-tue-dans-une-attaque-a-la-frontiere-du-burkina-faso#article\",\"isPartOf\":{\"@id\":\"https:\/\/www.africa-press.net\/cotedivoire\/politique\/cote-divoire-un-soldat-tue-dans-une-attaque-a-la-frontiere-du-burkina-faso\"},\"author\":{\"name\":\"cfeditorfr\",\"@id\":\"https:\/\/www.africa-press.net\/cotedivoire\/#\/schema\/person\/2b1cf3cd81a31e3cd26889ca66d677f1\"},\"headline\":\"un soldat tu\u00e9 dans une attaque \u00e0 la fronti\u00e8re du Burkina Faso\",\"datePublished\":\"2021-06-09T14:02:55+00:00\",\"dateModified\":\"2021-06-09T20:15:32+00:00\",\"mainEntityOfPage\":{\"@id\":\"https:\/\/www.africa-press.net\/cotedivoire\/politique\/cote-divoire-un-soldat-tue-dans-une-attaque-a-la-frontiere-du-burkina-faso\"},\"wordCount\":457,\"commentCount\":0,\"image\":{\"@id\":\"https:\/\/www.africa-press.net\/cotedivoire\/politique\/cote-divoire-un-soldat-tue-dans-une-attaque-a-la-frontiere-du-burkina-faso#primaryimage\"},\"thumbnailUrl\":\"https:\/\/static.africa-press.net\/cote\/sites\/43\/2021\/06\/img-60c0bef517765.jpg\",\"keywords\":[\"Africa Press\",\"Africa Press-C\u00f4te d'Ivoire\",\"Afrique\",\"C\u00d4TE D'IVOIRE\",\"Terrorisme\"],\"articleSection\":[\"homepage-french\",\"Politique\",\"Top Nouvelles\",\"Toutes les actualit\u00e9s\",\"vid\u00e9o\"],\"inLanguage\":\"fr-FR\",\"potentialAction\":[{\"@type\":\"CommentAction\",\"name\":\"Comment\",\"target\":[\"https:\/\/www.africa-press.net\/cotedivoire\/politique\/cote-divoire-un-soldat-tue-dans-une-attaque-a-la-frontiere-du-burkina-faso#respond\"]}]},{\"@type\":\"WebPage\",\"@id\":\"https:\/\/www.africa-press.net\/cotedivoire\/politique\/cote-divoire-un-soldat-tue-dans-une-attaque-a-la-frontiere-du-burkina-faso\",\"url\":\"https:\/\/www.africa-press.net\/cotedivoire\/politique\/cote-divoire-un-soldat-tue-dans-une-attaque-a-la-frontiere-du-burkina-faso\",\"name\":\"un soldat tu\u00e9 dans une attaque \u00e0 la fronti\u00e8re du Burkina Faso - C\u00f4te d&#039;Ivoire\",\"isPartOf\":{\"@id\":\"https:\/\/www.africa-press.net\/cotedivoire\/#website\"},\"primaryImageOfPage\":{\"@id\":\"https:\/\/www.africa-press.net\/cotedivoire\/politique\/cote-divoire-un-soldat-tue-dans-une-attaque-a-la-frontiere-du-burkina-faso#primaryimage\"},\"image\":{\"@id\":\"https:\/\/www.africa-press.net\/cotedivoire\/politique\/cote-divoire-un-soldat-tue-dans-une-attaque-a-la-frontiere-du-burkina-faso#primaryimage\"},\"thumbnailUrl\":\"https:\/\/static.africa-press.net\/cote\/sites\/43\/2021\/06\/img-60c0bef517765.jpg\",\"datePublished\":\"2021-06-09T14:02:55+00:00\",\"dateModified\":\"2021-06-09T20:15:32+00:00\",\"author\":{\"@id\":\"https:\/\/www.africa-press.net\/cotedivoire\/#\/schema\/person\/2b1cf3cd81a31e3cd26889ca66d677f1\"},\"description\":\"Le nord de la C\u00f4te d'Ivoire, frontalier du Burkina Faso, a \u00e9t\u00e9 la cible d'une attaque de jihadistes pr\u00e9sum\u00e9s, durant ...\",\"breadcrumb\":{\"@id\":\"https:\/\/www.africa-press.net\/cotedivoire\/politique\/cote-divoire-un-soldat-tue-dans-une-attaque-a-la-frontiere-du-burkina-faso#breadcrumb\"},\"inLanguage\":\"fr-FR\",\"potentialAction\":[{\"@type\":\"ReadAction\",\"target\":[\"https:\/\/www.africa-press.net\/cotedivoire\/politique\/cote-divoire-un-soldat-tue-dans-une-attaque-a-la-frontiere-du-burkina-faso\"]}]},{\"@type\":\"ImageObject\",\"inLanguage\":\"fr-FR\",\"@id\":\"https:\/\/www.africa-press.net\/cotedivoire\/politique\/cote-divoire-un-soldat-tue-dans-une-attaque-a-la-frontiere-du-burkina-faso#primaryimage\",\"url\":\"https:\/\/static.africa-press.net\/cote\/sites\/43\/2021\/06\/img-60c0bef517765.jpg\",\"contentUrl\":\"https:\/\/static.africa-press.net\/cote\/sites\/43\/2021\/06\/img-60c0bef517765.jpg\",\"width\":1920,\"height\":1080,\"caption\":\"C\u00f4te d'Ivoire : un soldat tu\u00e9 dans une attaque \u00e0 la fronti\u00e8re du Burkina Faso\"},{\"@type\":\"BreadcrumbList\",\"@id\":\"https:\/\/www.africa-press.net\/cotedivoire\/politique\/cote-divoire-un-soldat-tue-dans-une-attaque-a-la-frontiere-du-burkina-faso#breadcrumb\",\"itemListElement\":[{\"@type\":\"ListItem\",\"position\":1,\"name\":\"Accueil\",\"item\":\"https:\/\/www.africa-press.net\/cotedivoire\/\"},{\"@type\":\"ListItem\",\"position\":2,\"name\":\"un soldat tu\u00e9 dans une attaque \u00e0 la fronti\u00e8re du Burkina Faso\"}]},{\"@type\":\"WebSite\",\"@id\":\"https:\/\/www.africa-press.net\/cotedivoire\/#website\",\"url\":\"https:\/\/www.africa-press.net\/cotedivoire\/\",\"name\":\"C\u00f4te d&#039;Ivoire\",\"description\":\"Just another Africa News Agency Sites site\",\"potentialAction\":[{\"@type\":\"SearchAction\",\"target\":{\"@type\":\"EntryPoint\",\"urlTemplate\":\"https:\/\/www.africa-press.net\/cotedivoire\/?s={search_term_string}\"},\"query-input\":{\"@type\":\"PropertyValueSpecification\",\"valueRequired\":true,\"valueName\":\"search_term_string\"}}],\"inLanguage\":\"fr-FR\"},{\"@type\":\"Person\",\"@id\":\"https:\/\/www.africa-press.net\/cotedivoire\/#\/schema\/person\/2b1cf3cd81a31e3cd26889ca66d677f1\",\"name\":\"cfeditorfr\"}]}<\/script>\n<!-- \/ Yoast SEO Premium plugin. -->","yoast_head_json":{"title":"un soldat tu\u00e9 dans une attaque \u00e0 la fronti\u00e8re du Burkina Faso - C\u00f4te d&#039;Ivoire","description":"Le nord de la C\u00f4te d'Ivoire, frontalier du Burkina Faso, a \u00e9t\u00e9 la cible d'une attaque de jihadistes pr\u00e9sum\u00e9s, durant ...","robots":{"index":"index","follow":"follow","max-snippet":"max-snippet:-1","max-image-preview":"max-image-preview:large","max-video-preview":"max-video-preview:-1"},"canonical":"https:\/\/www.africa-press.net\/cotedivoire\/politique\/cote-divoire-un-soldat-tue-dans-une-attaque-a-la-frontiere-du-burkina-faso","og_locale":"fr_FR","og_type":"article","og_title":"un soldat tu\u00e9 dans une attaque \u00e0 la fronti\u00e8re du Burkina Faso","og_description":"Le nord de la C\u00f4te d'Ivoire, frontalier du Burkina Faso, a \u00e9t\u00e9 la cible d'une attaque de jihadistes pr\u00e9sum\u00e9s, durant ...","og_url":"https:\/\/www.africa-press.net\/cotedivoire\/politique\/cote-divoire-un-soldat-tue-dans-une-attaque-a-la-frontiere-du-burkina-faso","og_site_name":"C\u00f4te d&#039;Ivoire","article_published_time":"2021-06-09T14:02:55+00:00","article_modified_time":"2021-06-09T20:15:32+00:00","og_image":[{"width":1920,"height":1080,"url":"https:\/\/static.africa-press.net\/cote\/sites\/43\/2021\/06\/img-60c0bef517765.jpg","type":"image\/jpeg"}],"author":"cfeditorfr","twitter_card":"summary_large_image","twitter_misc":{"\u00c9crit par":"cfeditorfr","Dur\u00e9e de lecture estim\u00e9e":"2 minutes"},"schema":{"@context":"https:\/\/schema.org","@graph":[{"@type":"Article","@id":"https:\/\/www.africa-press.net\/cotedivoire\/politique\/cote-divoire-un-soldat-tue-dans-une-attaque-a-la-frontiere-du-burkina-faso#article","isPartOf":{"@id":"https:\/\/www.africa-press.net\/cotedivoire\/politique\/cote-divoire-un-soldat-tue-dans-une-attaque-a-la-frontiere-du-burkina-faso"},"author":{"name":"cfeditorfr","@id":"https:\/\/www.africa-press.net\/cotedivoire\/#\/schema\/person\/2b1cf3cd81a31e3cd26889ca66d677f1"},"headline":"un soldat tu\u00e9 dans une attaque \u00e0 la fronti\u00e8re du Burkina Faso","datePublished":"2021-06-09T14:02:55+00:00","dateModified":"2021-06-09T20:15:32+00:00","mainEntityOfPage":{"@id":"https:\/\/www.africa-press.net\/cotedivoire\/politique\/cote-divoire-un-soldat-tue-dans-une-attaque-a-la-frontiere-du-burkina-faso"},"wordCount":457,"commentCount":0,"image":{"@id":"https:\/\/www.africa-press.net\/cotedivoire\/politique\/cote-divoire-un-soldat-tue-dans-une-attaque-a-la-frontiere-du-burkina-faso#primaryimage"},"thumbnailUrl":"https:\/\/static.africa-press.net\/cote\/sites\/43\/2021\/06\/img-60c0bef517765.jpg","keywords":["Africa Press","Africa Press-C\u00f4te d'Ivoire","Afrique","C\u00d4TE D'IVOIRE","Terrorisme"],"articleSection":["homepage-french","Politique","Top Nouvelles","Toutes les actualit\u00e9s","vid\u00e9o"],"inLanguage":"fr-FR","potentialAction":[{"@type":"CommentAction","name":"Comment","target":["https:\/\/www.africa-press.net\/cotedivoire\/politique\/cote-divoire-un-soldat-tue-dans-une-attaque-a-la-frontiere-du-burkina-faso#respond"]}]},{"@type":"WebPage","@id":"https:\/\/www.africa-press.net\/cotedivoire\/politique\/cote-divoire-un-soldat-tue-dans-une-attaque-a-la-frontiere-du-burkina-faso","url":"https:\/\/www.africa-press.net\/cotedivoire\/politique\/cote-divoire-un-soldat-tue-dans-une-attaque-a-la-frontiere-du-burkina-faso","name":"un soldat tu\u00e9 dans une attaque \u00e0 la fronti\u00e8re du Burkina Faso - C\u00f4te d&#039;Ivoire","isPartOf":{"@id":"https:\/\/www.africa-press.net\/cotedivoire\/#website"},"primaryImageOfPage":{"@id":"https:\/\/www.africa-press.net\/cotedivoire\/politique\/cote-divoire-un-soldat-tue-dans-une-attaque-a-la-frontiere-du-burkina-faso#primaryimage"},"image":{"@id":"https:\/\/www.africa-press.net\/cotedivoire\/politique\/cote-divoire-un-soldat-tue-dans-une-attaque-a-la-frontiere-du-burkina-faso#primaryimage"},"thumbnailUrl":"https:\/\/static.africa-press.net\/cote\/sites\/43\/2021\/06\/img-60c0bef517765.jpg","datePublished":"2021-06-09T14:02:55+00:00","dateModified":"2021-06-09T20:15:32+00:00","author":{"@id":"https:\/\/www.africa-press.net\/cotedivoire\/#\/schema\/person\/2b1cf3cd81a31e3cd26889ca66d677f1"},"description":"Le nord de la C\u00f4te d'Ivoire, frontalier du Burkina Faso, a \u00e9t\u00e9 la cible d'une attaque de jihadistes pr\u00e9sum\u00e9s, durant ...","breadcrumb":{"@id":"https:\/\/www.africa-press.net\/cotedivoire\/politique\/cote-divoire-un-soldat-tue-dans-une-attaque-a-la-frontiere-du-burkina-faso#breadcrumb"},"inLanguage":"fr-FR","potentialAction":[{"@type":"ReadAction","target":["https:\/\/www.africa-press.net\/cotedivoire\/politique\/cote-divoire-un-soldat-tue-dans-une-attaque-a-la-frontiere-du-burkina-faso"]}]},{"@type":"ImageObject","inLanguage":"fr-FR","@id":"https:\/\/www.africa-press.net\/cotedivoire\/politique\/cote-divoire-un-soldat-tue-dans-une-attaque-a-la-frontiere-du-burkina-faso#primaryimage","url":"https:\/\/static.africa-press.net\/cote\/sites\/43\/2021\/06\/img-60c0bef517765.jpg","contentUrl":"https:\/\/static.africa-press.net\/cote\/sites\/43\/2021\/06\/img-60c0bef517765.jpg","width":1920,"height":1080,"caption":"C\u00f4te d'Ivoire : un soldat tu\u00e9 dans une attaque \u00e0 la fronti\u00e8re du Burkina Faso"},{"@type":"BreadcrumbList","@id":"https:\/\/www.africa-press.net\/cotedivoire\/politique\/cote-divoire-un-soldat-tue-dans-une-attaque-a-la-frontiere-du-burkina-faso#breadcrumb","itemListElement":[{"@type":"ListItem","position":1,"name":"Accueil","item":"https:\/\/www.africa-press.net\/cotedivoire\/"},{"@type":"ListItem","position":2,"name":"un soldat tu\u00e9 dans une attaque \u00e0 la fronti\u00e8re du Burkina Faso"}]},{"@type":"WebSite","@id":"https:\/\/www.africa-press.net\/cotedivoire\/#website","url":"https:\/\/www.africa-press.net\/cotedivoire\/","name":"C\u00f4te d&#039;Ivoire","description":"Just another Africa News Agency Sites site","potentialAction":[{"@type":"SearchAction","target":{"@type":"EntryPoint","urlTemplate":"https:\/\/www.africa-press.net\/cotedivoire\/?s={search_term_string}"},"query-input":{"@type":"PropertyValueSpecification","valueRequired":true,"valueName":"search_term_string"}}],"inLanguage":"fr-FR"},{"@type":"Person","@id":"https:\/\/www.africa-press.net\/cotedivoire\/#\/schema\/person\/2b1cf3cd81a31e3cd26889ca66d677f1","name":"cfeditorfr"}]}},"_links":{"self":[{"href":"https:\/\/www.africa-press.net\/cotedivoire\/wp-json\/wp\/v2\/posts\/8715","targetHints":{"allow":["GET"]}}],"collection":[{"href":"https:\/\/www.africa-press.net\/cotedivoire\/wp-json\/wp\/v2\/posts"}],"about":[{"href":"https:\/\/www.africa-press.net\/cotedivoire\/wp-json\/wp\/v2\/types\/post"}],"author":[{"embeddable":true,"href":"https:\/\/www.africa-press.net\/cotedivoire\/wp-json\/wp\/v2\/users\/82"}],"replies":[{"embeddable":true,"href":"https:\/\/www.africa-press.net\/cotedivoire\/wp-json\/wp\/v2\/comments?post=8715"}],"version-history":[{"count":0,"href":"https:\/\/www.africa-press.net\/cotedivoire\/wp-json\/wp\/v2\/posts\/8715\/revisions"}],"wp:featuredmedia":[{"embeddable":true,"href":"https:\/\/www.africa-press.net\/cotedivoire\/wp-json\/wp\/v2\/media\/8714"}],"wp:attachment":[{"href":"https:\/\/www.africa-press.net\/cotedivoire\/wp-json\/wp\/v2\/media?parent=8715"}],"wp:term":[{"taxonomy":"category","embeddable":true,"href":"https:\/\/www.africa-press.net\/cotedivoire\/wp-json\/wp\/v2\/categories?post=8715"},{"taxonomy":"post_tag","embeddable":true,"href":"https:\/\/www.africa-press.net\/cotedivoire\/wp-json\/wp\/v2\/tags?post=8715"}],"curies":[{"name":"wp","href":"https:\/\/api.w.org\/{rel}","templated":true}]}}