{"id":87292,"date":"2024-09-18T15:33:42","date_gmt":"2024-09-18T15:33:42","guid":{"rendered":"https:\/\/www.africa-press.net\/cotedivoire\/politique\/cote-divoire-france-le-senateur-lafon-sengage-a-oeuvrer-pour-le-retour-a-abidjan-du-tam-tam-parleur-djidji-ayokwe-du-peuple-atchan"},"modified":"2024-09-18T16:50:01","modified_gmt":"2024-09-18T16:50:01","slug":"cote-divoire-france-le-senateur-lafon-sengage-a-oeuvrer-pour-le-retour-a-abidjan-du-tam-tam-parleur-djidji-ayokwe-du-peuple-atchan","status":"publish","type":"post","link":"https:\/\/www.africa-press.net\/cotedivoire\/culture-et-art\/cote-divoire-france-le-senateur-lafon-sengage-a-oeuvrer-pour-le-retour-a-abidjan-du-tam-tam-parleur-djidji-ayokwe-du-peuple-atchan","title":{"rendered":"C\u00f4te d&rsquo;Ivoire-France : Le S\u00e9nateur Lafon s&rsquo;engage \u00e0 \u0153uvrer pour le retour \u00e0 Abidjan du Tam Tam Parleur \u00ab Djidji Ay\u00f4kw\u00ea \u00bb du peuple Atchan"},"content":{"rendered":"<p><span style=\"color: #ff6600\"><strong>Africa-Press &#8211; C\u00f4te d&rsquo;Ivoire. <\/strong><\/span>Le Se\u0301nateur Franc\u0327ais Laurent Lafon s\u2019engage a\u0300 \u0153uvrer pour le retour du Tam Tam Parleur \u00ab Djidji Ayo\u0302kwe\u0302 \u00bb du peuple Atchan au bord de la lagune Ebrie\u0301.<\/p>\n<p>Le \u00ab Djidji Ayo\u0302kwe\u0302 \u00bb ou la Panthe\u0300re-Lion se trouve actuellement au muse\u0301e du Quai Branly, en France.<\/p>\n<p>C\u2019est dans ce cadre que , le pre\u0301sident de la Commission de la Culture, de la Communication, de l&rsquo;E\u0301ducation et du Sport du Se\u0301nat franc\u0327ais, Laurent Lafon, a eu une se\u0301ance de travail avec la ministre de la Culture et de la Francophonie, Franc\u0327oise Remarck, le mardi 17septembre 2024 a\u0300 Abidjan-Plateau.<\/p>\n<p>\u00ab Nous prenons l\u2019engagement de nous faire les porte-parole, les ambassadeurs pour un retour dudit tambour qui repre\u0301sente un instrument culturel important pour la Co\u0302te d\u2019Ivoire \u00bb, a re\u0301affirme\u0301 le se\u0301nateur, rapporte une source Gouvernementale.<\/p>\n<p>Il s\u2019est e\u0301galement re\u0301joui que les politiques culturelles deviennent un des axes de coope\u0301ration entre la France et la Co\u0302te d\u2019Ivoire: \u00ab de\u0301sormais, ces politiques culturelles sont inscrites comme un des axes devant faire l\u2019objet de financement \u00bb.<\/p>\n<p>Et de poursuivre: \u00ab Nous avons e\u0301te\u0301 tre\u0300s impressionne\u0301s depuis que nous sommes arrive\u0301s a\u0300 Abidjan par le fait que la culture soit tre\u0300s pre\u0301sente a\u0300 Abidjan et dans la Co\u0302te d\u2019Ivoire. Mais comme toute culture vivante, elle a besoin d\u2019e\u0302tre structure\u0301e par des filie\u0300res. Et le programme de travail que nous a pre\u0301sente\u0301 Madame la ministre et l\u2019ambition qui est derrie\u0300re sont re\u0301ellement impressionnants \u00bb.<\/p>\n<p>De son co\u0302te\u0301, la ministre a dit avoir eu des e\u0301changes fructueux avec ses ho\u0302tes, des e\u0301changes qui \u00ab permettent d\u2019envisager des pistes et des perspectives pour le retour des biens culturels en particulier, mais surtout des perspectives pour ame\u0301liorer la politique culturelle porte\u0301e par les deux pays \u00bb.<\/p>\n<p>Elle a rappele\u0301 que c\u2019est gra\u0302ce a\u0300 la coope\u0301ration exemplaire entre la Co\u0302te d\u2019Ivoire et la France dans le domaine de la culture que le pays a be\u0301ne\u0301ficie\u0301, il y a de cela une semaine, d\u2019une ligne de financement dans le cadre du C2D, de 17 millions d\u2019euros. Selon elle, ce fonds sera utilise\u0301 \u00ab pour structurer et professionnaliser les secteurs de la culture au profit de nos artistes, en leur donnant un statut, en permettant des formations lie\u0301es aux enjeux de nouveaux de\u0301fis tels que la nume\u0301risation, l\u2019intelligence artificielle et en ayant des tiers-lieux culturels \u00bb.<\/p>\n<p><strong>Pour plus d&rsquo;informations et d&rsquo;analyses sur la C\u00f4te d&rsquo;Ivoire, suivez Africa-Press<\/strong><\/p>\n","protected":false},"excerpt":{"rendered":"<p>Africa-Press &#8211; C\u00f4te d&rsquo;Ivoire. Le Se\u0301nateur Franc\u0327ais Laurent Lafon s\u2019engage a\u0300 \u0153uvrer pour le retour du Tam Tam Parleur \u00ab Djidji Ayo\u0302kwe\u0302 \u00bb du peuple Atchan au bord de la lagune Ebrie\u0301. Le \u00ab Djidji Ayo\u0302kwe\u0302 \u00bb ou la Panthe\u0300re-Lion se trouve actuellement au muse\u0301e du Quai Branly, en France. C\u2019est dans ce cadre que [&hellip;]<\/p>\n","protected":false},"author":82,"featured_media":87291,"comment_status":"open","ping_status":"closed","sticky":false,"template":"","format":"standard","meta":{"footnotes":""},"categories":[5,10],"tags":[1286,29,14791,7826,14789,14790,14792],"class_list":["post-87292","post","type-post","status-publish","format-standard","has-post-thumbnail","hentry","category-culture-et-art","category-toutes-les-actualites","tag-atchan","tag-cote-divoire","tag-djidji-ayokwe","tag-francoise-remarck","tag-laurent-lafon","tag-parleur","tag-tam-tam"],"yoast_head":"<!-- This site is optimized with the Yoast SEO Premium plugin v26.1 (Yoast SEO v27.0) - https:\/\/yoast.com\/product\/yoast-seo-premium-wordpress\/ -->\n<title>C\u00f4te d&#039;Ivoire-France : Le S\u00e9nateur Lafon s&#039;engage \u00e0 \u0153uvrer pour le retour \u00e0 Abidjan du Tam Tam Parleur \u00ab Djidji Ay\u00f4kw\u00ea \u00bb du peuple Atchan - C\u00f4te d&#039;Ivoire<\/title>\n<meta name=\"description\" content=\"Le Se\u0301nateur Franc\u0327ais Laurent Lafon s\u2019engage a\u0300 \u0153uvrer pour le retour du Tam Tam Parleur \u00ab Djidji Ayo\u0302kwe\u0302 \u00bb du peuple ...\" \/>\n<meta name=\"robots\" content=\"index, follow, max-snippet:-1, max-image-preview:large, max-video-preview:-1\" \/>\n<link rel=\"canonical\" href=\"https:\/\/www.africa-press.net\/cotedivoire\/culture-et-art\/cote-divoire-france-le-senateur-lafon-sengage-a-oeuvrer-pour-le-retour-a-abidjan-du-tam-tam-parleur-djidji-ayokwe-du-peuple-atchan\" \/>\n<meta property=\"og:locale\" content=\"fr_FR\" \/>\n<meta property=\"og:type\" content=\"article\" \/>\n<meta property=\"og:title\" content=\"C\u00f4te d&#039;Ivoire-France : Le S\u00e9nateur Lafon s&#039;engage \u00e0 \u0153uvrer pour le retour \u00e0 Abidjan du Tam Tam Parleur \u00ab Djidji Ay\u00f4kw\u00ea \u00bb du peuple Atchan\" \/>\n<meta property=\"og:description\" content=\"Le Se\u0301nateur Franc\u0327ais Laurent Lafon s\u2019engage a\u0300 \u0153uvrer pour le retour du Tam Tam Parleur \u00ab Djidji Ayo\u0302kwe\u0302 \u00bb du peuple ...\" \/>\n<meta property=\"og:url\" content=\"https:\/\/www.africa-press.net\/cotedivoire\/culture-et-art\/cote-divoire-france-le-senateur-lafon-sengage-a-oeuvrer-pour-le-retour-a-abidjan-du-tam-tam-parleur-djidji-ayokwe-du-peuple-atchan\" \/>\n<meta property=\"og:site_name\" content=\"C\u00f4te d&#039;Ivoire\" \/>\n<meta property=\"article:published_time\" content=\"2024-09-18T15:33:42+00:00\" \/>\n<meta property=\"article:modified_time\" content=\"2024-09-18T16:50:01+00:00\" \/>\n<meta property=\"og:image\" content=\"https:\/\/static.africa-press.net\/cote\/sites\/43\/2024\/09\/sm_1726665578.28562.jpg\" \/>\n\t<meta property=\"og:image:width\" content=\"720\" \/>\n\t<meta property=\"og:image:height\" content=\"450\" \/>\n\t<meta property=\"og:image:type\" content=\"image\/jpeg\" \/>\n<meta name=\"author\" content=\"cfeditorfr\" \/>\n<meta name=\"twitter:card\" content=\"summary_large_image\" \/>\n<meta name=\"twitter:label1\" content=\"\u00c9crit par\" \/>\n\t<meta name=\"twitter:data1\" content=\"cfeditorfr\" \/>\n\t<meta name=\"twitter:label2\" content=\"Dur\u00e9e de lecture estim\u00e9e\" \/>\n\t<meta name=\"twitter:data2\" content=\"2 minutes\" \/>\n<script type=\"application\/ld+json\" class=\"yoast-schema-graph\">{\"@context\":\"https:\/\/schema.org\",\"@graph\":[{\"@type\":\"Article\",\"@id\":\"https:\/\/www.africa-press.net\/cotedivoire\/culture-et-art\/cote-divoire-france-le-senateur-lafon-sengage-a-oeuvrer-pour-le-retour-a-abidjan-du-tam-tam-parleur-djidji-ayokwe-du-peuple-atchan#article\",\"isPartOf\":{\"@id\":\"https:\/\/www.africa-press.net\/cotedivoire\/culture-et-art\/cote-divoire-france-le-senateur-lafon-sengage-a-oeuvrer-pour-le-retour-a-abidjan-du-tam-tam-parleur-djidji-ayokwe-du-peuple-atchan\"},\"author\":{\"name\":\"cfeditorfr\",\"@id\":\"https:\/\/www.africa-press.net\/cotedivoire\/#\/schema\/person\/2b1cf3cd81a31e3cd26889ca66d677f1\"},\"headline\":\"C\u00f4te d&rsquo;Ivoire-France : Le S\u00e9nateur Lafon s&rsquo;engage \u00e0 \u0153uvrer pour le retour \u00e0 Abidjan du Tam Tam Parleur \u00ab Djidji Ay\u00f4kw\u00ea \u00bb du peuple Atchan\",\"datePublished\":\"2024-09-18T15:33:42+00:00\",\"dateModified\":\"2024-09-18T16:50:01+00:00\",\"mainEntityOfPage\":{\"@id\":\"https:\/\/www.africa-press.net\/cotedivoire\/culture-et-art\/cote-divoire-france-le-senateur-lafon-sengage-a-oeuvrer-pour-le-retour-a-abidjan-du-tam-tam-parleur-djidji-ayokwe-du-peuple-atchan\"},\"wordCount\":477,\"commentCount\":0,\"image\":{\"@id\":\"https:\/\/www.africa-press.net\/cotedivoire\/culture-et-art\/cote-divoire-france-le-senateur-lafon-sengage-a-oeuvrer-pour-le-retour-a-abidjan-du-tam-tam-parleur-djidji-ayokwe-du-peuple-atchan#primaryimage\"},\"thumbnailUrl\":\"https:\/\/static.africa-press.net\/cote\/sites\/43\/2024\/09\/sm_1726665578.28562.jpg\",\"keywords\":[\"Atchan\",\"C\u00d4TE D'IVOIRE\",\"Djidji Ay\u00f4kw\u00ea\",\"Fran\u00e7oise Remarck\",\"Laurent Lafon\",\"parleur\",\"tam tam\"],\"articleSection\":[\"Culture et Art\",\"Toutes les actualit\u00e9s\"],\"inLanguage\":\"fr-FR\",\"potentialAction\":[{\"@type\":\"CommentAction\",\"name\":\"Comment\",\"target\":[\"https:\/\/www.africa-press.net\/cotedivoire\/culture-et-art\/cote-divoire-france-le-senateur-lafon-sengage-a-oeuvrer-pour-le-retour-a-abidjan-du-tam-tam-parleur-djidji-ayokwe-du-peuple-atchan#respond\"]}]},{\"@type\":\"WebPage\",\"@id\":\"https:\/\/www.africa-press.net\/cotedivoire\/culture-et-art\/cote-divoire-france-le-senateur-lafon-sengage-a-oeuvrer-pour-le-retour-a-abidjan-du-tam-tam-parleur-djidji-ayokwe-du-peuple-atchan\",\"url\":\"https:\/\/www.africa-press.net\/cotedivoire\/culture-et-art\/cote-divoire-france-le-senateur-lafon-sengage-a-oeuvrer-pour-le-retour-a-abidjan-du-tam-tam-parleur-djidji-ayokwe-du-peuple-atchan\",\"name\":\"C\u00f4te d'Ivoire-France : Le S\u00e9nateur Lafon s'engage \u00e0 \u0153uvrer pour le retour \u00e0 Abidjan du Tam Tam Parleur \u00ab Djidji Ay\u00f4kw\u00ea \u00bb du peuple Atchan - C\u00f4te d&#039;Ivoire\",\"isPartOf\":{\"@id\":\"https:\/\/www.africa-press.net\/cotedivoire\/#website\"},\"primaryImageOfPage\":{\"@id\":\"https:\/\/www.africa-press.net\/cotedivoire\/culture-et-art\/cote-divoire-france-le-senateur-lafon-sengage-a-oeuvrer-pour-le-retour-a-abidjan-du-tam-tam-parleur-djidji-ayokwe-du-peuple-atchan#primaryimage\"},\"image\":{\"@id\":\"https:\/\/www.africa-press.net\/cotedivoire\/culture-et-art\/cote-divoire-france-le-senateur-lafon-sengage-a-oeuvrer-pour-le-retour-a-abidjan-du-tam-tam-parleur-djidji-ayokwe-du-peuple-atchan#primaryimage\"},\"thumbnailUrl\":\"https:\/\/static.africa-press.net\/cote\/sites\/43\/2024\/09\/sm_1726665578.28562.jpg\",\"datePublished\":\"2024-09-18T15:33:42+00:00\",\"dateModified\":\"2024-09-18T16:50:01+00:00\",\"author\":{\"@id\":\"https:\/\/www.africa-press.net\/cotedivoire\/#\/schema\/person\/2b1cf3cd81a31e3cd26889ca66d677f1\"},\"description\":\"Le Se\u0301nateur Franc\u0327ais Laurent Lafon s\u2019engage a\u0300 \u0153uvrer pour le retour du Tam Tam Parleur \u00ab Djidji Ayo\u0302kwe\u0302 \u00bb du peuple ...\",\"breadcrumb\":{\"@id\":\"https:\/\/www.africa-press.net\/cotedivoire\/culture-et-art\/cote-divoire-france-le-senateur-lafon-sengage-a-oeuvrer-pour-le-retour-a-abidjan-du-tam-tam-parleur-djidji-ayokwe-du-peuple-atchan#breadcrumb\"},\"inLanguage\":\"fr-FR\",\"potentialAction\":[{\"@type\":\"ReadAction\",\"target\":[\"https:\/\/www.africa-press.net\/cotedivoire\/culture-et-art\/cote-divoire-france-le-senateur-lafon-sengage-a-oeuvrer-pour-le-retour-a-abidjan-du-tam-tam-parleur-djidji-ayokwe-du-peuple-atchan\"]}]},{\"@type\":\"ImageObject\",\"inLanguage\":\"fr-FR\",\"@id\":\"https:\/\/www.africa-press.net\/cotedivoire\/culture-et-art\/cote-divoire-france-le-senateur-lafon-sengage-a-oeuvrer-pour-le-retour-a-abidjan-du-tam-tam-parleur-djidji-ayokwe-du-peuple-atchan#primaryimage\",\"url\":\"https:\/\/static.africa-press.net\/cote\/sites\/43\/2024\/09\/sm_1726665578.28562.jpg\",\"contentUrl\":\"https:\/\/static.africa-press.net\/cote\/sites\/43\/2024\/09\/sm_1726665578.28562.jpg\",\"width\":720,\"height\":450,\"caption\":\"C\u00f4te d'Ivoire-France : Le S\u00e9nateur Lafon s'engage \u00e0 \u0153uvrer pour le retour \u00e0 Abidjan du Tam Tam Parleur \u00ab Djidji Ay\u00f4kw\u00ea \u00bb du peuple Atchan\"},{\"@type\":\"BreadcrumbList\",\"@id\":\"https:\/\/www.africa-press.net\/cotedivoire\/culture-et-art\/cote-divoire-france-le-senateur-lafon-sengage-a-oeuvrer-pour-le-retour-a-abidjan-du-tam-tam-parleur-djidji-ayokwe-du-peuple-atchan#breadcrumb\",\"itemListElement\":[{\"@type\":\"ListItem\",\"position\":1,\"name\":\"Accueil\",\"item\":\"https:\/\/www.africa-press.net\/cotedivoire\/\"},{\"@type\":\"ListItem\",\"position\":2,\"name\":\"C\u00f4te d&#8217;Ivoire-France : Le S\u00e9nateur Lafon s&#8217;engage \u00e0 \u0153uvrer pour le retour \u00e0 Abidjan du Tam Tam Parleur \u00ab Djidji Ay\u00f4kw\u00ea \u00bb du peuple Atchan\"}]},{\"@type\":\"WebSite\",\"@id\":\"https:\/\/www.africa-press.net\/cotedivoire\/#website\",\"url\":\"https:\/\/www.africa-press.net\/cotedivoire\/\",\"name\":\"C\u00f4te d&#039;Ivoire\",\"description\":\"Just another Africa News Agency Sites site\",\"potentialAction\":[{\"@type\":\"SearchAction\",\"target\":{\"@type\":\"EntryPoint\",\"urlTemplate\":\"https:\/\/www.africa-press.net\/cotedivoire\/?s={search_term_string}\"},\"query-input\":{\"@type\":\"PropertyValueSpecification\",\"valueRequired\":true,\"valueName\":\"search_term_string\"}}],\"inLanguage\":\"fr-FR\"},{\"@type\":\"Person\",\"@id\":\"https:\/\/www.africa-press.net\/cotedivoire\/#\/schema\/person\/2b1cf3cd81a31e3cd26889ca66d677f1\",\"name\":\"cfeditorfr\"}]}<\/script>\n<!-- \/ Yoast SEO Premium plugin. -->","yoast_head_json":{"title":"C\u00f4te d'Ivoire-France : Le S\u00e9nateur Lafon s'engage \u00e0 \u0153uvrer pour le retour \u00e0 Abidjan du Tam Tam Parleur \u00ab Djidji Ay\u00f4kw\u00ea \u00bb du peuple Atchan - C\u00f4te d&#039;Ivoire","description":"Le Se\u0301nateur Franc\u0327ais Laurent Lafon s\u2019engage a\u0300 \u0153uvrer pour le retour du Tam Tam Parleur \u00ab Djidji Ayo\u0302kwe\u0302 \u00bb du peuple ...","robots":{"index":"index","follow":"follow","max-snippet":"max-snippet:-1","max-image-preview":"max-image-preview:large","max-video-preview":"max-video-preview:-1"},"canonical":"https:\/\/www.africa-press.net\/cotedivoire\/culture-et-art\/cote-divoire-france-le-senateur-lafon-sengage-a-oeuvrer-pour-le-retour-a-abidjan-du-tam-tam-parleur-djidji-ayokwe-du-peuple-atchan","og_locale":"fr_FR","og_type":"article","og_title":"C\u00f4te d'Ivoire-France : Le S\u00e9nateur Lafon s'engage \u00e0 \u0153uvrer pour le retour \u00e0 Abidjan du Tam Tam Parleur \u00ab Djidji Ay\u00f4kw\u00ea \u00bb du peuple Atchan","og_description":"Le Se\u0301nateur Franc\u0327ais Laurent Lafon s\u2019engage a\u0300 \u0153uvrer pour le retour du Tam Tam Parleur \u00ab Djidji Ayo\u0302kwe\u0302 \u00bb du peuple ...","og_url":"https:\/\/www.africa-press.net\/cotedivoire\/culture-et-art\/cote-divoire-france-le-senateur-lafon-sengage-a-oeuvrer-pour-le-retour-a-abidjan-du-tam-tam-parleur-djidji-ayokwe-du-peuple-atchan","og_site_name":"C\u00f4te d&#039;Ivoire","article_published_time":"2024-09-18T15:33:42+00:00","article_modified_time":"2024-09-18T16:50:01+00:00","og_image":[{"width":720,"height":450,"url":"https:\/\/static.africa-press.net\/cote\/sites\/43\/2024\/09\/sm_1726665578.28562.jpg","type":"image\/jpeg"}],"author":"cfeditorfr","twitter_card":"summary_large_image","twitter_misc":{"\u00c9crit par":"cfeditorfr","Dur\u00e9e de lecture estim\u00e9e":"2 minutes"},"schema":{"@context":"https:\/\/schema.org","@graph":[{"@type":"Article","@id":"https:\/\/www.africa-press.net\/cotedivoire\/culture-et-art\/cote-divoire-france-le-senateur-lafon-sengage-a-oeuvrer-pour-le-retour-a-abidjan-du-tam-tam-parleur-djidji-ayokwe-du-peuple-atchan#article","isPartOf":{"@id":"https:\/\/www.africa-press.net\/cotedivoire\/culture-et-art\/cote-divoire-france-le-senateur-lafon-sengage-a-oeuvrer-pour-le-retour-a-abidjan-du-tam-tam-parleur-djidji-ayokwe-du-peuple-atchan"},"author":{"name":"cfeditorfr","@id":"https:\/\/www.africa-press.net\/cotedivoire\/#\/schema\/person\/2b1cf3cd81a31e3cd26889ca66d677f1"},"headline":"C\u00f4te d&rsquo;Ivoire-France : Le S\u00e9nateur Lafon s&rsquo;engage \u00e0 \u0153uvrer pour le retour \u00e0 Abidjan du Tam Tam Parleur \u00ab Djidji Ay\u00f4kw\u00ea \u00bb du peuple Atchan","datePublished":"2024-09-18T15:33:42+00:00","dateModified":"2024-09-18T16:50:01+00:00","mainEntityOfPage":{"@id":"https:\/\/www.africa-press.net\/cotedivoire\/culture-et-art\/cote-divoire-france-le-senateur-lafon-sengage-a-oeuvrer-pour-le-retour-a-abidjan-du-tam-tam-parleur-djidji-ayokwe-du-peuple-atchan"},"wordCount":477,"commentCount":0,"image":{"@id":"https:\/\/www.africa-press.net\/cotedivoire\/culture-et-art\/cote-divoire-france-le-senateur-lafon-sengage-a-oeuvrer-pour-le-retour-a-abidjan-du-tam-tam-parleur-djidji-ayokwe-du-peuple-atchan#primaryimage"},"thumbnailUrl":"https:\/\/static.africa-press.net\/cote\/sites\/43\/2024\/09\/sm_1726665578.28562.jpg","keywords":["Atchan","C\u00d4TE D'IVOIRE","Djidji Ay\u00f4kw\u00ea","Fran\u00e7oise Remarck","Laurent Lafon","parleur","tam tam"],"articleSection":["Culture et Art","Toutes les actualit\u00e9s"],"inLanguage":"fr-FR","potentialAction":[{"@type":"CommentAction","name":"Comment","target":["https:\/\/www.africa-press.net\/cotedivoire\/culture-et-art\/cote-divoire-france-le-senateur-lafon-sengage-a-oeuvrer-pour-le-retour-a-abidjan-du-tam-tam-parleur-djidji-ayokwe-du-peuple-atchan#respond"]}]},{"@type":"WebPage","@id":"https:\/\/www.africa-press.net\/cotedivoire\/culture-et-art\/cote-divoire-france-le-senateur-lafon-sengage-a-oeuvrer-pour-le-retour-a-abidjan-du-tam-tam-parleur-djidji-ayokwe-du-peuple-atchan","url":"https:\/\/www.africa-press.net\/cotedivoire\/culture-et-art\/cote-divoire-france-le-senateur-lafon-sengage-a-oeuvrer-pour-le-retour-a-abidjan-du-tam-tam-parleur-djidji-ayokwe-du-peuple-atchan","name":"C\u00f4te d'Ivoire-France : Le S\u00e9nateur Lafon s'engage \u00e0 \u0153uvrer pour le retour \u00e0 Abidjan du Tam Tam Parleur \u00ab Djidji Ay\u00f4kw\u00ea \u00bb du peuple Atchan - C\u00f4te d&#039;Ivoire","isPartOf":{"@id":"https:\/\/www.africa-press.net\/cotedivoire\/#website"},"primaryImageOfPage":{"@id":"https:\/\/www.africa-press.net\/cotedivoire\/culture-et-art\/cote-divoire-france-le-senateur-lafon-sengage-a-oeuvrer-pour-le-retour-a-abidjan-du-tam-tam-parleur-djidji-ayokwe-du-peuple-atchan#primaryimage"},"image":{"@id":"https:\/\/www.africa-press.net\/cotedivoire\/culture-et-art\/cote-divoire-france-le-senateur-lafon-sengage-a-oeuvrer-pour-le-retour-a-abidjan-du-tam-tam-parleur-djidji-ayokwe-du-peuple-atchan#primaryimage"},"thumbnailUrl":"https:\/\/static.africa-press.net\/cote\/sites\/43\/2024\/09\/sm_1726665578.28562.jpg","datePublished":"2024-09-18T15:33:42+00:00","dateModified":"2024-09-18T16:50:01+00:00","author":{"@id":"https:\/\/www.africa-press.net\/cotedivoire\/#\/schema\/person\/2b1cf3cd81a31e3cd26889ca66d677f1"},"description":"Le Se\u0301nateur Franc\u0327ais Laurent Lafon s\u2019engage a\u0300 \u0153uvrer pour le retour du Tam Tam Parleur \u00ab Djidji Ayo\u0302kwe\u0302 \u00bb du peuple ...","breadcrumb":{"@id":"https:\/\/www.africa-press.net\/cotedivoire\/culture-et-art\/cote-divoire-france-le-senateur-lafon-sengage-a-oeuvrer-pour-le-retour-a-abidjan-du-tam-tam-parleur-djidji-ayokwe-du-peuple-atchan#breadcrumb"},"inLanguage":"fr-FR","potentialAction":[{"@type":"ReadAction","target":["https:\/\/www.africa-press.net\/cotedivoire\/culture-et-art\/cote-divoire-france-le-senateur-lafon-sengage-a-oeuvrer-pour-le-retour-a-abidjan-du-tam-tam-parleur-djidji-ayokwe-du-peuple-atchan"]}]},{"@type":"ImageObject","inLanguage":"fr-FR","@id":"https:\/\/www.africa-press.net\/cotedivoire\/culture-et-art\/cote-divoire-france-le-senateur-lafon-sengage-a-oeuvrer-pour-le-retour-a-abidjan-du-tam-tam-parleur-djidji-ayokwe-du-peuple-atchan#primaryimage","url":"https:\/\/static.africa-press.net\/cote\/sites\/43\/2024\/09\/sm_1726665578.28562.jpg","contentUrl":"https:\/\/static.africa-press.net\/cote\/sites\/43\/2024\/09\/sm_1726665578.28562.jpg","width":720,"height":450,"caption":"C\u00f4te d'Ivoire-France : Le S\u00e9nateur Lafon s'engage \u00e0 \u0153uvrer pour le retour \u00e0 Abidjan du Tam Tam Parleur \u00ab Djidji Ay\u00f4kw\u00ea \u00bb du peuple Atchan"},{"@type":"BreadcrumbList","@id":"https:\/\/www.africa-press.net\/cotedivoire\/culture-et-art\/cote-divoire-france-le-senateur-lafon-sengage-a-oeuvrer-pour-le-retour-a-abidjan-du-tam-tam-parleur-djidji-ayokwe-du-peuple-atchan#breadcrumb","itemListElement":[{"@type":"ListItem","position":1,"name":"Accueil","item":"https:\/\/www.africa-press.net\/cotedivoire\/"},{"@type":"ListItem","position":2,"name":"C\u00f4te d&#8217;Ivoire-France : Le S\u00e9nateur Lafon s&#8217;engage \u00e0 \u0153uvrer pour le retour \u00e0 Abidjan du Tam Tam Parleur \u00ab Djidji Ay\u00f4kw\u00ea \u00bb du peuple Atchan"}]},{"@type":"WebSite","@id":"https:\/\/www.africa-press.net\/cotedivoire\/#website","url":"https:\/\/www.africa-press.net\/cotedivoire\/","name":"C\u00f4te d&#039;Ivoire","description":"Just another Africa News Agency Sites site","potentialAction":[{"@type":"SearchAction","target":{"@type":"EntryPoint","urlTemplate":"https:\/\/www.africa-press.net\/cotedivoire\/?s={search_term_string}"},"query-input":{"@type":"PropertyValueSpecification","valueRequired":true,"valueName":"search_term_string"}}],"inLanguage":"fr-FR"},{"@type":"Person","@id":"https:\/\/www.africa-press.net\/cotedivoire\/#\/schema\/person\/2b1cf3cd81a31e3cd26889ca66d677f1","name":"cfeditorfr"}]}},"_links":{"self":[{"href":"https:\/\/www.africa-press.net\/cotedivoire\/wp-json\/wp\/v2\/posts\/87292","targetHints":{"allow":["GET"]}}],"collection":[{"href":"https:\/\/www.africa-press.net\/cotedivoire\/wp-json\/wp\/v2\/posts"}],"about":[{"href":"https:\/\/www.africa-press.net\/cotedivoire\/wp-json\/wp\/v2\/types\/post"}],"author":[{"embeddable":true,"href":"https:\/\/www.africa-press.net\/cotedivoire\/wp-json\/wp\/v2\/users\/82"}],"replies":[{"embeddable":true,"href":"https:\/\/www.africa-press.net\/cotedivoire\/wp-json\/wp\/v2\/comments?post=87292"}],"version-history":[{"count":0,"href":"https:\/\/www.africa-press.net\/cotedivoire\/wp-json\/wp\/v2\/posts\/87292\/revisions"}],"wp:featuredmedia":[{"embeddable":true,"href":"https:\/\/www.africa-press.net\/cotedivoire\/wp-json\/wp\/v2\/media\/87291"}],"wp:attachment":[{"href":"https:\/\/www.africa-press.net\/cotedivoire\/wp-json\/wp\/v2\/media?parent=87292"}],"wp:term":[{"taxonomy":"category","embeddable":true,"href":"https:\/\/www.africa-press.net\/cotedivoire\/wp-json\/wp\/v2\/categories?post=87292"},{"taxonomy":"post_tag","embeddable":true,"href":"https:\/\/www.africa-press.net\/cotedivoire\/wp-json\/wp\/v2\/tags?post=87292"}],"curies":[{"name":"wp","href":"https:\/\/api.w.org\/{rel}","templated":true}]}}