{"id":87334,"date":"2024-09-19T14:24:52","date_gmt":"2024-09-19T14:24:52","guid":{"rendered":"https:\/\/www.africa-press.net\/cotedivoire\/politique\/nouvelle-organisation-judiciaire-les-sections-detachees-de-tribunaux-desormais-erigees-en-tribunaux-de-premiere-instance"},"modified":"2024-09-19T14:33:53","modified_gmt":"2024-09-19T14:33:53","slug":"nouvelle-organisation-judiciaire-les-sections-detachees-de-tribunaux-desormais-erigees-en-tribunaux-de-premiere-instance","status":"publish","type":"post","link":"https:\/\/www.africa-press.net\/cotedivoire\/politique\/nouvelle-organisation-judiciaire-les-sections-detachees-de-tribunaux-desormais-erigees-en-tribunaux-de-premiere-instance","title":{"rendered":"Nouvelle organisation judiciaire, les sections d\u00e9tach\u00e9es de tribunaux d\u00e9sormais \u00e9rig\u00e9es en tribunaux de premi\u00e8re instance"},"content":{"rendered":"<p><span style=\"color: #ff6600\"><strong>Africa-Press &#8211; C\u00f4te d&rsquo;Ivoire. <\/strong><\/span>Un projet de loi portant organisation des juridictions de\u0301terminant la composition et le fonctionnement de l\u2019ensemble des juridictions judiciaires, administratives et financie\u0300res institue\u0301es par la loi constitutionnelle n\u00b02016-886 du 8 novembre 2016 portant Constitution de la Re\u0301publique de Co\u0302te d\u2019Ivoire telle que modifie\u0301e par la loi constitutionnelle n\u00b02020-348 du 19 mars 2020 a e\u0301te\u0301 adopte\u0301 ce mercredi 18 septembre en conseil des ministres.<\/p>\n<p>Ce projet pre\u0301voit, outre les juridictions supre\u0302mes, a\u0300 savoir la Cour de Cassation, le Conseil d\u2019Etat et la Cour des Comptes re\u0301gies par des lois organiques, les principes ge\u0301ne\u0301raux des diffe\u0301rents types de juridictions, leur mode de cre\u0301ation, respectifs ainsi que l\u2019organisation hie\u0301rarchique de l\u2019ensemble des personnels magistrat et greffier au sein des juridictions.<\/p>\n<p>L\u2019architecture organique des diffe\u0301rents ordres de juridictions demeure quasi identique avec trois (03) degre\u0301s de juridiction, excepte\u0301 l\u2019ordre des juridictions financie\u0300res e\u0301tablit sur deux (02) degre\u0301s de juridiction.<\/p>\n<p>Dans l\u2019ensemble, cette nouvelle organisation judiciaire est marque\u0301e au premier degre\u0301 de juridiction par la disparition des sections de\u0301tache\u0301es de tribunaux qui seront de\u0301sormais e\u0301rige\u0301es en tribunaux de premie\u0300re instance.<\/p>\n<p><strong>Pour plus d&rsquo;informations et d&rsquo;analyses sur la C\u00f4te d&rsquo;Ivoire, suivez Africa-Press<\/strong><\/p>\n","protected":false},"excerpt":{"rendered":"<p>Africa-Press &#8211; C\u00f4te d&rsquo;Ivoire. Un projet de loi portant organisation des juridictions de\u0301terminant la composition et le fonctionnement de l\u2019ensemble des juridictions judiciaires, administratives et financie\u0300res institue\u0301es par la loi constitutionnelle n\u00b02016-886 du 8 novembre 2016 portant Constitution de la Re\u0301publique de Co\u0302te d\u2019Ivoire telle que modifie\u0301e par la loi constitutionnelle n\u00b02020-348 du 19 mars [&hellip;]<\/p>\n","protected":false},"author":82,"featured_media":87333,"comment_status":"open","ping_status":"closed","sticky":false,"template":"","format":"standard","meta":{"footnotes":""},"categories":[2,10],"tags":[29,14819,14818,6680,449,842,14820,14817,837],"class_list":["post-87334","post","type-post","status-publish","format-standard","has-post-thumbnail","hentry","category-politique","category-toutes-les-actualites","tag-cote-divoire","tag-detachees","tag-erigees","tag-instance","tag-judiciaire","tag-organisation","tag-premiere","tag-sections","tag-tribunaux"],"yoast_head":"<!-- This site is optimized with the Yoast SEO Premium plugin v26.1 (Yoast SEO v27.0) - https:\/\/yoast.com\/product\/yoast-seo-premium-wordpress\/ -->\n<title>Nouvelle organisation judiciaire, les sections d\u00e9tach\u00e9es de tribunaux d\u00e9sormais \u00e9rig\u00e9es en tribunaux de premi\u00e8re instance - C\u00f4te d&#039;Ivoire<\/title>\n<meta name=\"description\" content=\"Un projet de loi portant organisation des juridictions de\u0301terminant la composition et le fonctionnement de l\u2019ensemble de ...\" \/>\n<meta name=\"robots\" content=\"index, follow, max-snippet:-1, max-image-preview:large, max-video-preview:-1\" \/>\n<link rel=\"canonical\" href=\"https:\/\/www.africa-press.net\/cotedivoire\/politique\/nouvelle-organisation-judiciaire-les-sections-detachees-de-tribunaux-desormais-erigees-en-tribunaux-de-premiere-instance\" \/>\n<meta property=\"og:locale\" content=\"fr_FR\" \/>\n<meta property=\"og:type\" content=\"article\" \/>\n<meta property=\"og:title\" content=\"Nouvelle organisation judiciaire, les sections d\u00e9tach\u00e9es de tribunaux d\u00e9sormais \u00e9rig\u00e9es en tribunaux de premi\u00e8re instance\" \/>\n<meta property=\"og:description\" content=\"Un projet de loi portant organisation des juridictions de\u0301terminant la composition et le fonctionnement de l\u2019ensemble de ...\" \/>\n<meta property=\"og:url\" content=\"https:\/\/www.africa-press.net\/cotedivoire\/politique\/nouvelle-organisation-judiciaire-les-sections-detachees-de-tribunaux-desormais-erigees-en-tribunaux-de-premiere-instance\" \/>\n<meta property=\"og:site_name\" content=\"C\u00f4te d&#039;Ivoire\" \/>\n<meta property=\"article:published_time\" content=\"2024-09-19T14:24:52+00:00\" \/>\n<meta property=\"article:modified_time\" content=\"2024-09-19T14:33:53+00:00\" \/>\n<meta property=\"og:image\" content=\"https:\/\/static.africa-press.net\/cote\/sites\/43\/2024\/09\/sm_1726743809.465432.jpg\" \/>\n\t<meta property=\"og:image:width\" content=\"720\" \/>\n\t<meta property=\"og:image:height\" content=\"333\" \/>\n\t<meta property=\"og:image:type\" content=\"image\/jpeg\" \/>\n<meta name=\"author\" content=\"cfeditorfr\" \/>\n<meta name=\"twitter:card\" content=\"summary_large_image\" \/>\n<meta name=\"twitter:label1\" content=\"\u00c9crit par\" \/>\n\t<meta name=\"twitter:data1\" content=\"cfeditorfr\" \/>\n\t<meta name=\"twitter:label2\" content=\"Dur\u00e9e de lecture estim\u00e9e\" \/>\n\t<meta name=\"twitter:data2\" content=\"1 minute\" \/>\n<script type=\"application\/ld+json\" class=\"yoast-schema-graph\">{\"@context\":\"https:\/\/schema.org\",\"@graph\":[{\"@type\":\"Article\",\"@id\":\"https:\/\/www.africa-press.net\/cotedivoire\/politique\/nouvelle-organisation-judiciaire-les-sections-detachees-de-tribunaux-desormais-erigees-en-tribunaux-de-premiere-instance#article\",\"isPartOf\":{\"@id\":\"https:\/\/www.africa-press.net\/cotedivoire\/politique\/nouvelle-organisation-judiciaire-les-sections-detachees-de-tribunaux-desormais-erigees-en-tribunaux-de-premiere-instance\"},\"author\":{\"name\":\"cfeditorfr\",\"@id\":\"https:\/\/www.africa-press.net\/cotedivoire\/#\/schema\/person\/2b1cf3cd81a31e3cd26889ca66d677f1\"},\"headline\":\"Nouvelle organisation judiciaire, les sections d\u00e9tach\u00e9es de tribunaux d\u00e9sormais \u00e9rig\u00e9es en tribunaux de premi\u00e8re instance\",\"datePublished\":\"2024-09-19T14:24:52+00:00\",\"dateModified\":\"2024-09-19T14:33:53+00:00\",\"mainEntityOfPage\":{\"@id\":\"https:\/\/www.africa-press.net\/cotedivoire\/politique\/nouvelle-organisation-judiciaire-les-sections-detachees-de-tribunaux-desormais-erigees-en-tribunaux-de-premiere-instance\"},\"wordCount\":246,\"commentCount\":0,\"image\":{\"@id\":\"https:\/\/www.africa-press.net\/cotedivoire\/politique\/nouvelle-organisation-judiciaire-les-sections-detachees-de-tribunaux-desormais-erigees-en-tribunaux-de-premiere-instance#primaryimage\"},\"thumbnailUrl\":\"https:\/\/static.africa-press.net\/cote\/sites\/43\/2024\/09\/sm_1726743809.465432.jpg\",\"keywords\":[\"C\u00d4TE D'IVOIRE\",\"d\u00e9tach\u00e9es\",\"\u00e9rig\u00e9es\",\"Instance\",\"judiciaire\",\"organisation\",\"premi\u00e8re\",\"sections\",\"tribunaux\"],\"articleSection\":[\"Politique\",\"Toutes les actualit\u00e9s\"],\"inLanguage\":\"fr-FR\",\"potentialAction\":[{\"@type\":\"CommentAction\",\"name\":\"Comment\",\"target\":[\"https:\/\/www.africa-press.net\/cotedivoire\/politique\/nouvelle-organisation-judiciaire-les-sections-detachees-de-tribunaux-desormais-erigees-en-tribunaux-de-premiere-instance#respond\"]}]},{\"@type\":\"WebPage\",\"@id\":\"https:\/\/www.africa-press.net\/cotedivoire\/politique\/nouvelle-organisation-judiciaire-les-sections-detachees-de-tribunaux-desormais-erigees-en-tribunaux-de-premiere-instance\",\"url\":\"https:\/\/www.africa-press.net\/cotedivoire\/politique\/nouvelle-organisation-judiciaire-les-sections-detachees-de-tribunaux-desormais-erigees-en-tribunaux-de-premiere-instance\",\"name\":\"Nouvelle organisation judiciaire, les sections d\u00e9tach\u00e9es de tribunaux d\u00e9sormais \u00e9rig\u00e9es en tribunaux de premi\u00e8re instance - C\u00f4te d&#039;Ivoire\",\"isPartOf\":{\"@id\":\"https:\/\/www.africa-press.net\/cotedivoire\/#website\"},\"primaryImageOfPage\":{\"@id\":\"https:\/\/www.africa-press.net\/cotedivoire\/politique\/nouvelle-organisation-judiciaire-les-sections-detachees-de-tribunaux-desormais-erigees-en-tribunaux-de-premiere-instance#primaryimage\"},\"image\":{\"@id\":\"https:\/\/www.africa-press.net\/cotedivoire\/politique\/nouvelle-organisation-judiciaire-les-sections-detachees-de-tribunaux-desormais-erigees-en-tribunaux-de-premiere-instance#primaryimage\"},\"thumbnailUrl\":\"https:\/\/static.africa-press.net\/cote\/sites\/43\/2024\/09\/sm_1726743809.465432.jpg\",\"datePublished\":\"2024-09-19T14:24:52+00:00\",\"dateModified\":\"2024-09-19T14:33:53+00:00\",\"author\":{\"@id\":\"https:\/\/www.africa-press.net\/cotedivoire\/#\/schema\/person\/2b1cf3cd81a31e3cd26889ca66d677f1\"},\"description\":\"Un projet de loi portant organisation des juridictions de\u0301terminant la composition et le fonctionnement de l\u2019ensemble de ...\",\"breadcrumb\":{\"@id\":\"https:\/\/www.africa-press.net\/cotedivoire\/politique\/nouvelle-organisation-judiciaire-les-sections-detachees-de-tribunaux-desormais-erigees-en-tribunaux-de-premiere-instance#breadcrumb\"},\"inLanguage\":\"fr-FR\",\"potentialAction\":[{\"@type\":\"ReadAction\",\"target\":[\"https:\/\/www.africa-press.net\/cotedivoire\/politique\/nouvelle-organisation-judiciaire-les-sections-detachees-de-tribunaux-desormais-erigees-en-tribunaux-de-premiere-instance\"]}]},{\"@type\":\"ImageObject\",\"inLanguage\":\"fr-FR\",\"@id\":\"https:\/\/www.africa-press.net\/cotedivoire\/politique\/nouvelle-organisation-judiciaire-les-sections-detachees-de-tribunaux-desormais-erigees-en-tribunaux-de-premiere-instance#primaryimage\",\"url\":\"https:\/\/static.africa-press.net\/cote\/sites\/43\/2024\/09\/sm_1726743809.465432.jpg\",\"contentUrl\":\"https:\/\/static.africa-press.net\/cote\/sites\/43\/2024\/09\/sm_1726743809.465432.jpg\",\"width\":720,\"height\":333,\"caption\":\"Nouvelle organisation judiciaire, les sections d\u00e9tach\u00e9es de tribunaux d\u00e9sormais \u00e9rig\u00e9es en tribunaux de premi\u00e8re instance\"},{\"@type\":\"BreadcrumbList\",\"@id\":\"https:\/\/www.africa-press.net\/cotedivoire\/politique\/nouvelle-organisation-judiciaire-les-sections-detachees-de-tribunaux-desormais-erigees-en-tribunaux-de-premiere-instance#breadcrumb\",\"itemListElement\":[{\"@type\":\"ListItem\",\"position\":1,\"name\":\"Accueil\",\"item\":\"https:\/\/www.africa-press.net\/cotedivoire\/\"},{\"@type\":\"ListItem\",\"position\":2,\"name\":\"Nouvelle organisation judiciaire, les sections d\u00e9tach\u00e9es de tribunaux d\u00e9sormais \u00e9rig\u00e9es en tribunaux de premi\u00e8re instance\"}]},{\"@type\":\"WebSite\",\"@id\":\"https:\/\/www.africa-press.net\/cotedivoire\/#website\",\"url\":\"https:\/\/www.africa-press.net\/cotedivoire\/\",\"name\":\"C\u00f4te d&#039;Ivoire\",\"description\":\"Just another Africa News Agency Sites site\",\"potentialAction\":[{\"@type\":\"SearchAction\",\"target\":{\"@type\":\"EntryPoint\",\"urlTemplate\":\"https:\/\/www.africa-press.net\/cotedivoire\/?s={search_term_string}\"},\"query-input\":{\"@type\":\"PropertyValueSpecification\",\"valueRequired\":true,\"valueName\":\"search_term_string\"}}],\"inLanguage\":\"fr-FR\"},{\"@type\":\"Person\",\"@id\":\"https:\/\/www.africa-press.net\/cotedivoire\/#\/schema\/person\/2b1cf3cd81a31e3cd26889ca66d677f1\",\"name\":\"cfeditorfr\"}]}<\/script>\n<!-- \/ Yoast SEO Premium plugin. -->","yoast_head_json":{"title":"Nouvelle organisation judiciaire, les sections d\u00e9tach\u00e9es de tribunaux d\u00e9sormais \u00e9rig\u00e9es en tribunaux de premi\u00e8re instance - C\u00f4te d&#039;Ivoire","description":"Un projet de loi portant organisation des juridictions de\u0301terminant la composition et le fonctionnement de l\u2019ensemble de ...","robots":{"index":"index","follow":"follow","max-snippet":"max-snippet:-1","max-image-preview":"max-image-preview:large","max-video-preview":"max-video-preview:-1"},"canonical":"https:\/\/www.africa-press.net\/cotedivoire\/politique\/nouvelle-organisation-judiciaire-les-sections-detachees-de-tribunaux-desormais-erigees-en-tribunaux-de-premiere-instance","og_locale":"fr_FR","og_type":"article","og_title":"Nouvelle organisation judiciaire, les sections d\u00e9tach\u00e9es de tribunaux d\u00e9sormais \u00e9rig\u00e9es en tribunaux de premi\u00e8re instance","og_description":"Un projet de loi portant organisation des juridictions de\u0301terminant la composition et le fonctionnement de l\u2019ensemble de ...","og_url":"https:\/\/www.africa-press.net\/cotedivoire\/politique\/nouvelle-organisation-judiciaire-les-sections-detachees-de-tribunaux-desormais-erigees-en-tribunaux-de-premiere-instance","og_site_name":"C\u00f4te d&#039;Ivoire","article_published_time":"2024-09-19T14:24:52+00:00","article_modified_time":"2024-09-19T14:33:53+00:00","og_image":[{"width":720,"height":333,"url":"https:\/\/static.africa-press.net\/cote\/sites\/43\/2024\/09\/sm_1726743809.465432.jpg","type":"image\/jpeg"}],"author":"cfeditorfr","twitter_card":"summary_large_image","twitter_misc":{"\u00c9crit par":"cfeditorfr","Dur\u00e9e de lecture estim\u00e9e":"1 minute"},"schema":{"@context":"https:\/\/schema.org","@graph":[{"@type":"Article","@id":"https:\/\/www.africa-press.net\/cotedivoire\/politique\/nouvelle-organisation-judiciaire-les-sections-detachees-de-tribunaux-desormais-erigees-en-tribunaux-de-premiere-instance#article","isPartOf":{"@id":"https:\/\/www.africa-press.net\/cotedivoire\/politique\/nouvelle-organisation-judiciaire-les-sections-detachees-de-tribunaux-desormais-erigees-en-tribunaux-de-premiere-instance"},"author":{"name":"cfeditorfr","@id":"https:\/\/www.africa-press.net\/cotedivoire\/#\/schema\/person\/2b1cf3cd81a31e3cd26889ca66d677f1"},"headline":"Nouvelle organisation judiciaire, les sections d\u00e9tach\u00e9es de tribunaux d\u00e9sormais \u00e9rig\u00e9es en tribunaux de premi\u00e8re instance","datePublished":"2024-09-19T14:24:52+00:00","dateModified":"2024-09-19T14:33:53+00:00","mainEntityOfPage":{"@id":"https:\/\/www.africa-press.net\/cotedivoire\/politique\/nouvelle-organisation-judiciaire-les-sections-detachees-de-tribunaux-desormais-erigees-en-tribunaux-de-premiere-instance"},"wordCount":246,"commentCount":0,"image":{"@id":"https:\/\/www.africa-press.net\/cotedivoire\/politique\/nouvelle-organisation-judiciaire-les-sections-detachees-de-tribunaux-desormais-erigees-en-tribunaux-de-premiere-instance#primaryimage"},"thumbnailUrl":"https:\/\/static.africa-press.net\/cote\/sites\/43\/2024\/09\/sm_1726743809.465432.jpg","keywords":["C\u00d4TE D'IVOIRE","d\u00e9tach\u00e9es","\u00e9rig\u00e9es","Instance","judiciaire","organisation","premi\u00e8re","sections","tribunaux"],"articleSection":["Politique","Toutes les actualit\u00e9s"],"inLanguage":"fr-FR","potentialAction":[{"@type":"CommentAction","name":"Comment","target":["https:\/\/www.africa-press.net\/cotedivoire\/politique\/nouvelle-organisation-judiciaire-les-sections-detachees-de-tribunaux-desormais-erigees-en-tribunaux-de-premiere-instance#respond"]}]},{"@type":"WebPage","@id":"https:\/\/www.africa-press.net\/cotedivoire\/politique\/nouvelle-organisation-judiciaire-les-sections-detachees-de-tribunaux-desormais-erigees-en-tribunaux-de-premiere-instance","url":"https:\/\/www.africa-press.net\/cotedivoire\/politique\/nouvelle-organisation-judiciaire-les-sections-detachees-de-tribunaux-desormais-erigees-en-tribunaux-de-premiere-instance","name":"Nouvelle organisation judiciaire, les sections d\u00e9tach\u00e9es de tribunaux d\u00e9sormais \u00e9rig\u00e9es en tribunaux de premi\u00e8re instance - C\u00f4te d&#039;Ivoire","isPartOf":{"@id":"https:\/\/www.africa-press.net\/cotedivoire\/#website"},"primaryImageOfPage":{"@id":"https:\/\/www.africa-press.net\/cotedivoire\/politique\/nouvelle-organisation-judiciaire-les-sections-detachees-de-tribunaux-desormais-erigees-en-tribunaux-de-premiere-instance#primaryimage"},"image":{"@id":"https:\/\/www.africa-press.net\/cotedivoire\/politique\/nouvelle-organisation-judiciaire-les-sections-detachees-de-tribunaux-desormais-erigees-en-tribunaux-de-premiere-instance#primaryimage"},"thumbnailUrl":"https:\/\/static.africa-press.net\/cote\/sites\/43\/2024\/09\/sm_1726743809.465432.jpg","datePublished":"2024-09-19T14:24:52+00:00","dateModified":"2024-09-19T14:33:53+00:00","author":{"@id":"https:\/\/www.africa-press.net\/cotedivoire\/#\/schema\/person\/2b1cf3cd81a31e3cd26889ca66d677f1"},"description":"Un projet de loi portant organisation des juridictions de\u0301terminant la composition et le fonctionnement de l\u2019ensemble de ...","breadcrumb":{"@id":"https:\/\/www.africa-press.net\/cotedivoire\/politique\/nouvelle-organisation-judiciaire-les-sections-detachees-de-tribunaux-desormais-erigees-en-tribunaux-de-premiere-instance#breadcrumb"},"inLanguage":"fr-FR","potentialAction":[{"@type":"ReadAction","target":["https:\/\/www.africa-press.net\/cotedivoire\/politique\/nouvelle-organisation-judiciaire-les-sections-detachees-de-tribunaux-desormais-erigees-en-tribunaux-de-premiere-instance"]}]},{"@type":"ImageObject","inLanguage":"fr-FR","@id":"https:\/\/www.africa-press.net\/cotedivoire\/politique\/nouvelle-organisation-judiciaire-les-sections-detachees-de-tribunaux-desormais-erigees-en-tribunaux-de-premiere-instance#primaryimage","url":"https:\/\/static.africa-press.net\/cote\/sites\/43\/2024\/09\/sm_1726743809.465432.jpg","contentUrl":"https:\/\/static.africa-press.net\/cote\/sites\/43\/2024\/09\/sm_1726743809.465432.jpg","width":720,"height":333,"caption":"Nouvelle organisation judiciaire, les sections d\u00e9tach\u00e9es de tribunaux d\u00e9sormais \u00e9rig\u00e9es en tribunaux de premi\u00e8re instance"},{"@type":"BreadcrumbList","@id":"https:\/\/www.africa-press.net\/cotedivoire\/politique\/nouvelle-organisation-judiciaire-les-sections-detachees-de-tribunaux-desormais-erigees-en-tribunaux-de-premiere-instance#breadcrumb","itemListElement":[{"@type":"ListItem","position":1,"name":"Accueil","item":"https:\/\/www.africa-press.net\/cotedivoire\/"},{"@type":"ListItem","position":2,"name":"Nouvelle organisation judiciaire, les sections d\u00e9tach\u00e9es de tribunaux d\u00e9sormais \u00e9rig\u00e9es en tribunaux de premi\u00e8re instance"}]},{"@type":"WebSite","@id":"https:\/\/www.africa-press.net\/cotedivoire\/#website","url":"https:\/\/www.africa-press.net\/cotedivoire\/","name":"C\u00f4te d&#039;Ivoire","description":"Just another Africa News Agency Sites site","potentialAction":[{"@type":"SearchAction","target":{"@type":"EntryPoint","urlTemplate":"https:\/\/www.africa-press.net\/cotedivoire\/?s={search_term_string}"},"query-input":{"@type":"PropertyValueSpecification","valueRequired":true,"valueName":"search_term_string"}}],"inLanguage":"fr-FR"},{"@type":"Person","@id":"https:\/\/www.africa-press.net\/cotedivoire\/#\/schema\/person\/2b1cf3cd81a31e3cd26889ca66d677f1","name":"cfeditorfr"}]}},"_links":{"self":[{"href":"https:\/\/www.africa-press.net\/cotedivoire\/wp-json\/wp\/v2\/posts\/87334","targetHints":{"allow":["GET"]}}],"collection":[{"href":"https:\/\/www.africa-press.net\/cotedivoire\/wp-json\/wp\/v2\/posts"}],"about":[{"href":"https:\/\/www.africa-press.net\/cotedivoire\/wp-json\/wp\/v2\/types\/post"}],"author":[{"embeddable":true,"href":"https:\/\/www.africa-press.net\/cotedivoire\/wp-json\/wp\/v2\/users\/82"}],"replies":[{"embeddable":true,"href":"https:\/\/www.africa-press.net\/cotedivoire\/wp-json\/wp\/v2\/comments?post=87334"}],"version-history":[{"count":0,"href":"https:\/\/www.africa-press.net\/cotedivoire\/wp-json\/wp\/v2\/posts\/87334\/revisions"}],"wp:featuredmedia":[{"embeddable":true,"href":"https:\/\/www.africa-press.net\/cotedivoire\/wp-json\/wp\/v2\/media\/87333"}],"wp:attachment":[{"href":"https:\/\/www.africa-press.net\/cotedivoire\/wp-json\/wp\/v2\/media?parent=87334"}],"wp:term":[{"taxonomy":"category","embeddable":true,"href":"https:\/\/www.africa-press.net\/cotedivoire\/wp-json\/wp\/v2\/categories?post=87334"},{"taxonomy":"post_tag","embeddable":true,"href":"https:\/\/www.africa-press.net\/cotedivoire\/wp-json\/wp\/v2\/tags?post=87334"}],"curies":[{"name":"wp","href":"https:\/\/api.w.org\/{rel}","templated":true}]}}