{"id":8741,"date":"2021-06-10T15:51:36","date_gmt":"2021-06-10T15:51:36","guid":{"rendered":"https:\/\/www.africa-press.net\/cotedivoire\/?p=8741"},"modified":"2021-06-10T18:13:38","modified_gmt":"2021-06-10T18:13:38","slug":"cybersecurite-lafrique-sous-la-menace-dun-chaos-numerique","status":"publish","type":"post","link":"https:\/\/www.africa-press.net\/cotedivoire\/toutes-les-actualites\/cybersecurite-lafrique-sous-la-menace-dun-chaos-numerique","title":{"rendered":"Cybers\u00e9curit\u00e9\u00a0: l\u2019Afrique sous la menace d\u2019un \u00ab\u00a0chaos num\u00e9rique\u00a0\u00bb"},"content":{"rendered":"<p><span style=\"color: #ff6600\"><strong><a href=\"https:\/\/www.africa-press.net\/\">Africa-Press<\/a> &#8211; <a href=\"https:\/\/www.africa-press.net\/cotedivoire\">C\u00f4te d&rsquo;Ivoire<\/a>. <\/strong><\/span>Un \u00ab chaos num\u00e9rique \u00bb. Telle est la menace qui plane sur une Afrique de plus en plus interconnect\u00e9e mais en retard dans le domaine de la s\u00e9curit\u00e9 informatique. Ce constat alarmant faisait l\u2019unanimit\u00e9 parmi les participants du premier Cyber Africa Forum, un \u00e9v\u00e9nement rassemblant des experts de la cybers\u00e9curit\u00e9 africains et internationaux, lundi 7 juin \u00e0 Abidjan.<\/p>\n<p>Ces derni\u00e8res ann\u00e9es, le num\u00e9rique a progress\u00e9 \u00e0 pas de g\u00e9ant sur le continent. Le meilleur exemple concerne le secteur des services financiers, alors que de nombreux pays africains sont directement pass\u00e9s du cash au paiement mobile. Mais la cybers\u00e9curit\u00e9 demeure le parent pauvre de cette transformation. La faiblesse des infrastructures, le manque de comp\u00e9tences et l\u2019absence de sensibilisation des entreprises et des usagers rendent l\u2019Afrique particuli\u00e8rement vuln\u00e9rable aux cyberattaques.<\/p>\n<p><b>\u00ab Digitaliser sans prot\u00e9ger, c\u2019est dangereux \u00bb<\/b><\/p>\n<p>, a martel\u00e9 lundi Roger Adom, le ministre ivoirien de l\u2019\u00e9conomie num\u00e9rique. Pour cet ancien \u00ab Monsieur Tech \u00bb du groupe Orange en C\u00f4te d\u2019Ivoire, les institutions et les entreprises de son pays comme de la sous-r\u00e9gion sont face \u00e0 un \u00ab d\u00e9fi majeur \u00bb. En dix ans d\u2019existence, a-t-il rappel\u00e9, le centre des incidents de C\u00f4te d\u2019Ivoire a chiffr\u00e9 le co\u00fbt de la cybercriminalit\u00e9 pour l\u2019\u00e9conomie du pays \u00e0 20 milliards de francs CFA (environ 30,5 millions d\u2019euros).<\/p>\n<p><b>Le t\u00e9l\u00e9travail augmente les risques<\/b><\/p>\n<p>A l\u2019\u00e9chelle du continent, cette perte a \u00e9t\u00e9 estim\u00e9e \u00e0 3,5 milliards de dollars en 2017 (environ 2,9 milliards d\u2019euros \u00e0 l\u2019\u00e9poque) dans une \u00e9tude publi\u00e9e par le cabinet panafricain de cybers\u00e9curit\u00e9 Serianu. Un pr\u00e9judice important qui inqui\u00e8te de plus en plus les d\u00e9cideurs politiques et les dirigeants du secteur priv\u00e9. Car les organisations cybercriminelles n\u2019ont plus grand-chose \u00e0 voir avec l\u2019image archa\u00efque des \u00ab brouteurs \u00bb ivoiriens et des \u00ab Yahoo boys \u00bb nig\u00e9rians des ann\u00e9es 2000, auteurs d\u2019arnaques (au sentiment) et de petits ran\u00e7onnages sur la Toile. Aujourd\u2019hui, les attaques sont le fait d\u2019individus r\u00f4d\u00e9s et d\u2019entit\u00e9s organis\u00e9es.<\/p>\n<p>En septembre 2020, l\u2019\u00e9diteur de logiciels de cybers\u00e9curit\u00e9 Kaspersky indiquait que l\u2019Afrique avait \u00e9t\u00e9 la cible de 28 millions de cyberattaques entre janvier et ao\u00fbt 2020. La pand\u00e9mie de Covid-19 a d\u00e9multipli\u00e9 les risques. Dans une \u00e9tude r\u00e9alis\u00e9e aupr\u00e8s de 211 grandes entreprises bas\u00e9es dans onze pays d\u2019Afrique francophone et d\u00e9voil\u00e9e lundi, le cabinet de conseil Deloitte r\u00e9v\u00e8le que 40 % d\u2019entre elles ont connu \u00ab une augmentation du nombre d\u2019incidents \u00bb depuis 2020. En cause, la \u00ab surface d\u2019attaque encore plus importante \u00bb, cons\u00e9quence du t\u00e9l\u00e9travail, auquel 92 % des entreprises interrog\u00e9es indiquent avoir eu recours de mani\u00e8re partielle ou totale depuis le d\u00e9but de la crise sanitaire.<\/p>\n<p>Si tous les secteurs d\u2019activit\u00e9 sont vis\u00e9s, \u00ab les cyberattaques se concentrent essentiellement sur le secteur financier et les secteurs d\u2019importance vitale ou critique, comme ceux de l\u2019eau, de l\u2019\u00e9nergie et des t\u00e9l\u00e9communications \u00bb, car ceux-ci sont davantage interconnect\u00e9s qu\u2019auparavant, pr\u00e9cise Dhia Hachicha, directeur chez Deloitte et cor\u00e9dacteur de l\u2019\u00e9tude. Et cela risque d\u2019aller crescendo, rappelle-t-il, \u00e0 mesure que les r\u00e9seaux \u00e9nerg\u00e9tiques passent au \u00ab smart grid \u00bb, un mod\u00e8le num\u00e9risant la distribution d\u2019\u00e9lectricit\u00e9.<\/p>\n<p>La multiplication et la sophistication des attaques n\u00e9cessitent le d\u00e9veloppement d\u2019une culture de la cybers\u00e9curit\u00e9. Or selon l\u2019\u00e9tude de Deloitte, les deux tiers des entreprises africaines interrog\u00e9es consacrent moins de 200 000 euros par an \u00e0 ce sujet. Des budgets faibles et dont l\u2019essentiel est allou\u00e9 aux infrastructures, sans r\u00e9el investissement dans le domaine crucial de \u00ab la s\u00e9curisation des donn\u00e9es \u00bb, indique Dhia Hachicha. \u00ab Le niveau de cybers\u00e9curit\u00e9 sur le continent s\u2019am\u00e9liore, conc\u00e8de-t-il, mais pas au m\u00eame rythme qu\u2019ailleurs dans le monde. \u00bb Selon lui, le niveau de maturit\u00e9 en mati\u00e8re de cybers\u00e9curit\u00e9 est \u00ab plus important \u00bb en Afrique anglophone, en raison d\u2019\u00ab une connectivit\u00e9 plus ancienne et plus d\u00e9ploy\u00e9e \u00bb.<\/p>\n<p><b>\u00ab Convertir et recruter les brouteurs \u00bb<\/b><\/p>\n<p>Du c\u00f4t\u00e9 des autorit\u00e9s, la prise en compte du risque num\u00e9rique avance lentement. A l\u2019\u00e9chelle nationale, la plupart des Etats ont adopt\u00e9 un arsenal juridique pour r\u00e9gir le cyberespace et s\u00e9vir contre la criminalit\u00e9. Mais les initiatives continentales sont d\u00e9j\u00e0 anciennes et peu suivies d\u2019effet. Adopt\u00e9e en 2014, la Convention de l\u2019Union africaine sur la cybers\u00e9curit\u00e9 et la protection des donn\u00e9es \u00e0 caract\u00e8re personnel \u2013 appel\u00e9e \u00ab convention de Malabo \u00bb \u2013 \u00ab n\u2019a \u00e9t\u00e9 sign\u00e9e que par 18 pays et ratifi\u00e9e par huit \u00bb, soupire Adnane Ben Halima, vice-pr\u00e9sident charg\u00e9 des relations publiques de l\u2019entreprise de t\u00e9l\u00e9coms Huawei Northern Africa.<\/p>\n<p>L\u2019enjeu est aussi la formation de nouvelles comp\u00e9tences dans ce domaine. Car le capital humain manque, notamment en Afrique francophone, o\u00f9 le march\u00e9 est contraint d\u2019aller recruter \u00e0 l\u2019\u00e9tranger, \u00e0 prix d\u2019or. Provocateur, Charles Ki\u00e9, cofondateur de la soci\u00e9t\u00e9 d\u2019investissement New African Capital Partners et fin connaisseur de la probl\u00e9matique, a sugg\u00e9r\u00e9 de \u00ab convertir et recruter les brouteurs \u00bb, \u00e0 l\u2019instar de ce qu\u2019ont fait \u00ab les Etats-Unis et la Russie \u00bb. A ce jour, les initiatives de formation, notamment \u00e0 Dakar, pataugent, et les universit\u00e9s n\u2019ont pas encore int\u00e9gr\u00e9 les besoins en comp\u00e9tences cybern\u00e9tiques dans leur cursus.<\/p>\n<p>En r\u00e9unissant des personnalit\u00e9s des secteurs public et priv\u00e9 autour des enjeux de la cybers\u00e9curit\u00e9, Franck Ki\u00e9, le commissaire g\u00e9n\u00e9ral du Cyber Africa Forum, esp\u00e8re qu\u2019\u00ab une vision globale peut na\u00eetre de cet \u00e9cosyst\u00e8me \u00bb. Et pour convaincre les plus r\u00e9ticents \u00e0 s\u2019y int\u00e9resser, le jeune homme rappelle qui si la cybercriminalit\u00e9 a un co\u00fbt, elle offre aussi des opportunit\u00e9s : selon l\u2019organisation Africa Cyber Security Market, le march\u00e9 africain de la cybers\u00e9curit\u00e9 ne cesse de se d\u00e9velopper et serait pass\u00e9 de 1,33 \u00e0 plus de 2,32 milliards d\u2019euros entre 2017 et 2020.<\/p>\n","protected":false},"excerpt":{"rendered":"<p>Africa-Press &#8211; C\u00f4te d&rsquo;Ivoire. Un \u00ab chaos num\u00e9rique \u00bb. Telle est la menace qui plane sur une Afrique de plus en plus interconnect\u00e9e mais en retard dans le domaine de la s\u00e9curit\u00e9 informatique. Ce constat alarmant faisait l\u2019unanimit\u00e9 parmi les participants du premier Cyber Africa Forum, un \u00e9v\u00e9nement rassemblant des experts de la cybers\u00e9curit\u00e9 africains [&hellip;]<\/p>\n","protected":false},"author":82,"featured_media":8740,"comment_status":"open","ping_status":"closed","sticky":false,"template":"","format":"standard","meta":{"footnotes":""},"categories":[22,11,10],"tags":[56,63,29],"class_list":["post-8741","post","type-post","status-publish","format-standard","has-post-thumbnail","hentry","category-divers","category-homepage-french","category-toutes-les-actualites","tag-africa-press","tag-africa-press-cote-divoire","tag-cote-divoire"],"yoast_head":"<!-- This site is optimized with the Yoast SEO Premium plugin v26.1 (Yoast SEO v27.0) - https:\/\/yoast.com\/product\/yoast-seo-premium-wordpress\/ -->\n<title>Cybers\u00e9curit\u00e9\u00a0: l\u2019Afrique sous la menace d\u2019un \u00ab\u00a0chaos num\u00e9rique\u00a0\u00bb - C\u00f4te d&#039;Ivoire<\/title>\n<meta name=\"description\" content=\"Un \u00ab chaos num\u00e9rique \u00bb. Telle est la menace qui plane sur une Afrique de plus en plus interconnect\u00e9e mais en retard dans ...\" \/>\n<meta name=\"robots\" content=\"index, follow, max-snippet:-1, max-image-preview:large, max-video-preview:-1\" \/>\n<link rel=\"canonical\" href=\"https:\/\/www.africa-press.net\/cotedivoire\/toutes-les-actualites\/cybersecurite-lafrique-sous-la-menace-dun-chaos-numerique\" \/>\n<meta property=\"og:locale\" content=\"fr_FR\" \/>\n<meta property=\"og:type\" content=\"article\" \/>\n<meta property=\"og:title\" content=\"Cybers\u00e9curit\u00e9\u00a0: l\u2019Afrique sous la menace d\u2019un \u00ab\u00a0chaos num\u00e9rique\u00a0\u00bb\" \/>\n<meta property=\"og:description\" content=\"Un \u00ab chaos num\u00e9rique \u00bb. Telle est la menace qui plane sur une Afrique de plus en plus interconnect\u00e9e mais en retard dans ...\" \/>\n<meta property=\"og:url\" content=\"https:\/\/www.africa-press.net\/cotedivoire\/toutes-les-actualites\/cybersecurite-lafrique-sous-la-menace-dun-chaos-numerique\" \/>\n<meta property=\"og:site_name\" content=\"C\u00f4te d&#039;Ivoire\" \/>\n<meta property=\"article:published_time\" content=\"2021-06-10T15:51:36+00:00\" \/>\n<meta property=\"article:modified_time\" content=\"2021-06-10T18:13:38+00:00\" \/>\n<meta property=\"og:image\" content=\"https:\/\/static.africa-press.net\/cote\/sites\/43\/2021\/06\/img-60c233cde40fe.jpg\" \/>\n\t<meta property=\"og:image:width\" content=\"1440\" \/>\n\t<meta property=\"og:image:height\" content=\"720\" \/>\n\t<meta property=\"og:image:type\" content=\"image\/jpeg\" \/>\n<meta name=\"author\" content=\"cfeditorfr\" \/>\n<meta name=\"twitter:card\" content=\"summary_large_image\" \/>\n<meta name=\"twitter:label1\" content=\"\u00c9crit par\" \/>\n\t<meta name=\"twitter:data1\" content=\"cfeditorfr\" \/>\n\t<meta name=\"twitter:label2\" content=\"Dur\u00e9e de lecture estim\u00e9e\" \/>\n\t<meta name=\"twitter:data2\" content=\"5 minutes\" \/>\n<script type=\"application\/ld+json\" class=\"yoast-schema-graph\">{\"@context\":\"https:\/\/schema.org\",\"@graph\":[{\"@type\":\"Article\",\"@id\":\"https:\/\/www.africa-press.net\/cotedivoire\/toutes-les-actualites\/cybersecurite-lafrique-sous-la-menace-dun-chaos-numerique#article\",\"isPartOf\":{\"@id\":\"https:\/\/www.africa-press.net\/cotedivoire\/toutes-les-actualites\/cybersecurite-lafrique-sous-la-menace-dun-chaos-numerique\"},\"author\":{\"name\":\"cfeditorfr\",\"@id\":\"https:\/\/www.africa-press.net\/cotedivoire\/#\/schema\/person\/2b1cf3cd81a31e3cd26889ca66d677f1\"},\"headline\":\"Cybers\u00e9curit\u00e9\u00a0: l\u2019Afrique sous la menace d\u2019un \u00ab\u00a0chaos num\u00e9rique\u00a0\u00bb\",\"datePublished\":\"2021-06-10T15:51:36+00:00\",\"dateModified\":\"2021-06-10T18:13:38+00:00\",\"mainEntityOfPage\":{\"@id\":\"https:\/\/www.africa-press.net\/cotedivoire\/toutes-les-actualites\/cybersecurite-lafrique-sous-la-menace-dun-chaos-numerique\"},\"wordCount\":1024,\"commentCount\":0,\"image\":{\"@id\":\"https:\/\/www.africa-press.net\/cotedivoire\/toutes-les-actualites\/cybersecurite-lafrique-sous-la-menace-dun-chaos-numerique#primaryimage\"},\"thumbnailUrl\":\"https:\/\/static.africa-press.net\/cote\/sites\/43\/2021\/06\/img-60c233cde40fe.jpg\",\"keywords\":[\"Africa Press\",\"Africa Press-C\u00f4te d'Ivoire\",\"C\u00d4TE D'IVOIRE\"],\"articleSection\":[\"Divers\",\"homepage-french\",\"Toutes les actualit\u00e9s\"],\"inLanguage\":\"fr-FR\",\"potentialAction\":[{\"@type\":\"CommentAction\",\"name\":\"Comment\",\"target\":[\"https:\/\/www.africa-press.net\/cotedivoire\/toutes-les-actualites\/cybersecurite-lafrique-sous-la-menace-dun-chaos-numerique#respond\"]}]},{\"@type\":\"WebPage\",\"@id\":\"https:\/\/www.africa-press.net\/cotedivoire\/toutes-les-actualites\/cybersecurite-lafrique-sous-la-menace-dun-chaos-numerique\",\"url\":\"https:\/\/www.africa-press.net\/cotedivoire\/toutes-les-actualites\/cybersecurite-lafrique-sous-la-menace-dun-chaos-numerique\",\"name\":\"Cybers\u00e9curit\u00e9\u00a0: l\u2019Afrique sous la menace d\u2019un \u00ab\u00a0chaos num\u00e9rique\u00a0\u00bb - C\u00f4te d&#039;Ivoire\",\"isPartOf\":{\"@id\":\"https:\/\/www.africa-press.net\/cotedivoire\/#website\"},\"primaryImageOfPage\":{\"@id\":\"https:\/\/www.africa-press.net\/cotedivoire\/toutes-les-actualites\/cybersecurite-lafrique-sous-la-menace-dun-chaos-numerique#primaryimage\"},\"image\":{\"@id\":\"https:\/\/www.africa-press.net\/cotedivoire\/toutes-les-actualites\/cybersecurite-lafrique-sous-la-menace-dun-chaos-numerique#primaryimage\"},\"thumbnailUrl\":\"https:\/\/static.africa-press.net\/cote\/sites\/43\/2021\/06\/img-60c233cde40fe.jpg\",\"datePublished\":\"2021-06-10T15:51:36+00:00\",\"dateModified\":\"2021-06-10T18:13:38+00:00\",\"author\":{\"@id\":\"https:\/\/www.africa-press.net\/cotedivoire\/#\/schema\/person\/2b1cf3cd81a31e3cd26889ca66d677f1\"},\"description\":\"Un \u00ab chaos num\u00e9rique \u00bb. Telle est la menace qui plane sur une Afrique de plus en plus interconnect\u00e9e mais en retard dans ...\",\"breadcrumb\":{\"@id\":\"https:\/\/www.africa-press.net\/cotedivoire\/toutes-les-actualites\/cybersecurite-lafrique-sous-la-menace-dun-chaos-numerique#breadcrumb\"},\"inLanguage\":\"fr-FR\",\"potentialAction\":[{\"@type\":\"ReadAction\",\"target\":[\"https:\/\/www.africa-press.net\/cotedivoire\/toutes-les-actualites\/cybersecurite-lafrique-sous-la-menace-dun-chaos-numerique\"]}]},{\"@type\":\"ImageObject\",\"inLanguage\":\"fr-FR\",\"@id\":\"https:\/\/www.africa-press.net\/cotedivoire\/toutes-les-actualites\/cybersecurite-lafrique-sous-la-menace-dun-chaos-numerique#primaryimage\",\"url\":\"https:\/\/static.africa-press.net\/cote\/sites\/43\/2021\/06\/img-60c233cde40fe.jpg\",\"contentUrl\":\"https:\/\/static.africa-press.net\/cote\/sites\/43\/2021\/06\/img-60c233cde40fe.jpg\",\"width\":1440,\"height\":720,\"caption\":\"Cybers\u00e9curit\u00e9\u00a0: l\u2019Afrique sous la menace d\u2019un \u00ab\u00a0chaos num\u00e9rique\u00a0\u00bb\"},{\"@type\":\"BreadcrumbList\",\"@id\":\"https:\/\/www.africa-press.net\/cotedivoire\/toutes-les-actualites\/cybersecurite-lafrique-sous-la-menace-dun-chaos-numerique#breadcrumb\",\"itemListElement\":[{\"@type\":\"ListItem\",\"position\":1,\"name\":\"Accueil\",\"item\":\"https:\/\/www.africa-press.net\/cotedivoire\/\"},{\"@type\":\"ListItem\",\"position\":2,\"name\":\"Cybers\u00e9curit\u00e9\u00a0: l\u2019Afrique sous la menace d\u2019un \u00ab\u00a0chaos num\u00e9rique\u00a0\u00bb\"}]},{\"@type\":\"WebSite\",\"@id\":\"https:\/\/www.africa-press.net\/cotedivoire\/#website\",\"url\":\"https:\/\/www.africa-press.net\/cotedivoire\/\",\"name\":\"C\u00f4te d&#039;Ivoire\",\"description\":\"Just another Africa News Agency Sites site\",\"potentialAction\":[{\"@type\":\"SearchAction\",\"target\":{\"@type\":\"EntryPoint\",\"urlTemplate\":\"https:\/\/www.africa-press.net\/cotedivoire\/?s={search_term_string}\"},\"query-input\":{\"@type\":\"PropertyValueSpecification\",\"valueRequired\":true,\"valueName\":\"search_term_string\"}}],\"inLanguage\":\"fr-FR\"},{\"@type\":\"Person\",\"@id\":\"https:\/\/www.africa-press.net\/cotedivoire\/#\/schema\/person\/2b1cf3cd81a31e3cd26889ca66d677f1\",\"name\":\"cfeditorfr\"}]}<\/script>\n<!-- \/ Yoast SEO Premium plugin. -->","yoast_head_json":{"title":"Cybers\u00e9curit\u00e9\u00a0: l\u2019Afrique sous la menace d\u2019un \u00ab\u00a0chaos num\u00e9rique\u00a0\u00bb - C\u00f4te d&#039;Ivoire","description":"Un \u00ab chaos num\u00e9rique \u00bb. Telle est la menace qui plane sur une Afrique de plus en plus interconnect\u00e9e mais en retard dans ...","robots":{"index":"index","follow":"follow","max-snippet":"max-snippet:-1","max-image-preview":"max-image-preview:large","max-video-preview":"max-video-preview:-1"},"canonical":"https:\/\/www.africa-press.net\/cotedivoire\/toutes-les-actualites\/cybersecurite-lafrique-sous-la-menace-dun-chaos-numerique","og_locale":"fr_FR","og_type":"article","og_title":"Cybers\u00e9curit\u00e9\u00a0: l\u2019Afrique sous la menace d\u2019un \u00ab\u00a0chaos num\u00e9rique\u00a0\u00bb","og_description":"Un \u00ab chaos num\u00e9rique \u00bb. Telle est la menace qui plane sur une Afrique de plus en plus interconnect\u00e9e mais en retard dans ...","og_url":"https:\/\/www.africa-press.net\/cotedivoire\/toutes-les-actualites\/cybersecurite-lafrique-sous-la-menace-dun-chaos-numerique","og_site_name":"C\u00f4te d&#039;Ivoire","article_published_time":"2021-06-10T15:51:36+00:00","article_modified_time":"2021-06-10T18:13:38+00:00","og_image":[{"width":1440,"height":720,"url":"https:\/\/static.africa-press.net\/cote\/sites\/43\/2021\/06\/img-60c233cde40fe.jpg","type":"image\/jpeg"}],"author":"cfeditorfr","twitter_card":"summary_large_image","twitter_misc":{"\u00c9crit par":"cfeditorfr","Dur\u00e9e de lecture estim\u00e9e":"5 minutes"},"schema":{"@context":"https:\/\/schema.org","@graph":[{"@type":"Article","@id":"https:\/\/www.africa-press.net\/cotedivoire\/toutes-les-actualites\/cybersecurite-lafrique-sous-la-menace-dun-chaos-numerique#article","isPartOf":{"@id":"https:\/\/www.africa-press.net\/cotedivoire\/toutes-les-actualites\/cybersecurite-lafrique-sous-la-menace-dun-chaos-numerique"},"author":{"name":"cfeditorfr","@id":"https:\/\/www.africa-press.net\/cotedivoire\/#\/schema\/person\/2b1cf3cd81a31e3cd26889ca66d677f1"},"headline":"Cybers\u00e9curit\u00e9\u00a0: l\u2019Afrique sous la menace d\u2019un \u00ab\u00a0chaos num\u00e9rique\u00a0\u00bb","datePublished":"2021-06-10T15:51:36+00:00","dateModified":"2021-06-10T18:13:38+00:00","mainEntityOfPage":{"@id":"https:\/\/www.africa-press.net\/cotedivoire\/toutes-les-actualites\/cybersecurite-lafrique-sous-la-menace-dun-chaos-numerique"},"wordCount":1024,"commentCount":0,"image":{"@id":"https:\/\/www.africa-press.net\/cotedivoire\/toutes-les-actualites\/cybersecurite-lafrique-sous-la-menace-dun-chaos-numerique#primaryimage"},"thumbnailUrl":"https:\/\/static.africa-press.net\/cote\/sites\/43\/2021\/06\/img-60c233cde40fe.jpg","keywords":["Africa Press","Africa Press-C\u00f4te d'Ivoire","C\u00d4TE D'IVOIRE"],"articleSection":["Divers","homepage-french","Toutes les actualit\u00e9s"],"inLanguage":"fr-FR","potentialAction":[{"@type":"CommentAction","name":"Comment","target":["https:\/\/www.africa-press.net\/cotedivoire\/toutes-les-actualites\/cybersecurite-lafrique-sous-la-menace-dun-chaos-numerique#respond"]}]},{"@type":"WebPage","@id":"https:\/\/www.africa-press.net\/cotedivoire\/toutes-les-actualites\/cybersecurite-lafrique-sous-la-menace-dun-chaos-numerique","url":"https:\/\/www.africa-press.net\/cotedivoire\/toutes-les-actualites\/cybersecurite-lafrique-sous-la-menace-dun-chaos-numerique","name":"Cybers\u00e9curit\u00e9\u00a0: l\u2019Afrique sous la menace d\u2019un \u00ab\u00a0chaos num\u00e9rique\u00a0\u00bb - C\u00f4te d&#039;Ivoire","isPartOf":{"@id":"https:\/\/www.africa-press.net\/cotedivoire\/#website"},"primaryImageOfPage":{"@id":"https:\/\/www.africa-press.net\/cotedivoire\/toutes-les-actualites\/cybersecurite-lafrique-sous-la-menace-dun-chaos-numerique#primaryimage"},"image":{"@id":"https:\/\/www.africa-press.net\/cotedivoire\/toutes-les-actualites\/cybersecurite-lafrique-sous-la-menace-dun-chaos-numerique#primaryimage"},"thumbnailUrl":"https:\/\/static.africa-press.net\/cote\/sites\/43\/2021\/06\/img-60c233cde40fe.jpg","datePublished":"2021-06-10T15:51:36+00:00","dateModified":"2021-06-10T18:13:38+00:00","author":{"@id":"https:\/\/www.africa-press.net\/cotedivoire\/#\/schema\/person\/2b1cf3cd81a31e3cd26889ca66d677f1"},"description":"Un \u00ab chaos num\u00e9rique \u00bb. Telle est la menace qui plane sur une Afrique de plus en plus interconnect\u00e9e mais en retard dans ...","breadcrumb":{"@id":"https:\/\/www.africa-press.net\/cotedivoire\/toutes-les-actualites\/cybersecurite-lafrique-sous-la-menace-dun-chaos-numerique#breadcrumb"},"inLanguage":"fr-FR","potentialAction":[{"@type":"ReadAction","target":["https:\/\/www.africa-press.net\/cotedivoire\/toutes-les-actualites\/cybersecurite-lafrique-sous-la-menace-dun-chaos-numerique"]}]},{"@type":"ImageObject","inLanguage":"fr-FR","@id":"https:\/\/www.africa-press.net\/cotedivoire\/toutes-les-actualites\/cybersecurite-lafrique-sous-la-menace-dun-chaos-numerique#primaryimage","url":"https:\/\/static.africa-press.net\/cote\/sites\/43\/2021\/06\/img-60c233cde40fe.jpg","contentUrl":"https:\/\/static.africa-press.net\/cote\/sites\/43\/2021\/06\/img-60c233cde40fe.jpg","width":1440,"height":720,"caption":"Cybers\u00e9curit\u00e9\u00a0: l\u2019Afrique sous la menace d\u2019un \u00ab\u00a0chaos num\u00e9rique\u00a0\u00bb"},{"@type":"BreadcrumbList","@id":"https:\/\/www.africa-press.net\/cotedivoire\/toutes-les-actualites\/cybersecurite-lafrique-sous-la-menace-dun-chaos-numerique#breadcrumb","itemListElement":[{"@type":"ListItem","position":1,"name":"Accueil","item":"https:\/\/www.africa-press.net\/cotedivoire\/"},{"@type":"ListItem","position":2,"name":"Cybers\u00e9curit\u00e9\u00a0: l\u2019Afrique sous la menace d\u2019un \u00ab\u00a0chaos num\u00e9rique\u00a0\u00bb"}]},{"@type":"WebSite","@id":"https:\/\/www.africa-press.net\/cotedivoire\/#website","url":"https:\/\/www.africa-press.net\/cotedivoire\/","name":"C\u00f4te d&#039;Ivoire","description":"Just another Africa News Agency Sites site","potentialAction":[{"@type":"SearchAction","target":{"@type":"EntryPoint","urlTemplate":"https:\/\/www.africa-press.net\/cotedivoire\/?s={search_term_string}"},"query-input":{"@type":"PropertyValueSpecification","valueRequired":true,"valueName":"search_term_string"}}],"inLanguage":"fr-FR"},{"@type":"Person","@id":"https:\/\/www.africa-press.net\/cotedivoire\/#\/schema\/person\/2b1cf3cd81a31e3cd26889ca66d677f1","name":"cfeditorfr"}]}},"_links":{"self":[{"href":"https:\/\/www.africa-press.net\/cotedivoire\/wp-json\/wp\/v2\/posts\/8741","targetHints":{"allow":["GET"]}}],"collection":[{"href":"https:\/\/www.africa-press.net\/cotedivoire\/wp-json\/wp\/v2\/posts"}],"about":[{"href":"https:\/\/www.africa-press.net\/cotedivoire\/wp-json\/wp\/v2\/types\/post"}],"author":[{"embeddable":true,"href":"https:\/\/www.africa-press.net\/cotedivoire\/wp-json\/wp\/v2\/users\/82"}],"replies":[{"embeddable":true,"href":"https:\/\/www.africa-press.net\/cotedivoire\/wp-json\/wp\/v2\/comments?post=8741"}],"version-history":[{"count":0,"href":"https:\/\/www.africa-press.net\/cotedivoire\/wp-json\/wp\/v2\/posts\/8741\/revisions"}],"wp:featuredmedia":[{"embeddable":true,"href":"https:\/\/www.africa-press.net\/cotedivoire\/wp-json\/wp\/v2\/media\/8740"}],"wp:attachment":[{"href":"https:\/\/www.africa-press.net\/cotedivoire\/wp-json\/wp\/v2\/media?parent=8741"}],"wp:term":[{"taxonomy":"category","embeddable":true,"href":"https:\/\/www.africa-press.net\/cotedivoire\/wp-json\/wp\/v2\/categories?post=8741"},{"taxonomy":"post_tag","embeddable":true,"href":"https:\/\/www.africa-press.net\/cotedivoire\/wp-json\/wp\/v2\/tags?post=8741"}],"curies":[{"name":"wp","href":"https:\/\/api.w.org\/{rel}","templated":true}]}}